{"id":258195,"date":"2024-12-18T13:08:40","date_gmt":"2024-12-18T12:08:40","guid":{"rendered":"https:\/\/tuzlainfo.ba\/?p=258195"},"modified":"2024-12-18T09:06:05","modified_gmt":"2024-12-18T08:06:05","slug":"predstava-ja-medeja-teatra-kbare-tuzla-svecano-ce-zatvoriti-tkt-fest","status":"publish","type":"post","link":"https:\/\/tuzlainfo.ba\/index.php\/najava-dogadaja-2\/item\/258195-predstava-ja-medeja-teatra-kbare-tuzla-svecano-ce-zatvoriti-tkt-fest\/","title":{"rendered":"Predstava Ja Mede(Ja) Teatra kabare Tuzla sve\u010dano \u0107e zatvoriti TKT Fest"},"content":{"rendered":"<p>Promocijom knjige drama za djecu i premijerom predstave \u201eO\u017eivjele stvari\u201c autora \u0160ime E\u0161i\u0107a ju\u010der se u prostoru Doma mladih Tuzla realizirao program za najmla\u0111e.<\/p>\n<p>Sve\u010dano zatvaranje festivala \u0107e se uprili\u010diti u Suibotu, 21.12.2024. predstavom Ja Mede(Ja) grupe autora, u re\u017eiji Damira Altumbabi\u0107a i izvedbi Ivane Petrovi\u0107. Predstava je nastala u produkciji Teatra kabare Tuzla.<\/p>\n<p>&nbsp;<\/p>\n<p>Rije\u010d reditelja:<\/p>\n<p>\u2018\u2019Ja Mede(ja) je pri\u010da i o Medeji i njenoj sudbini, ali prije svega ovo je predstava koja postavlja pitanje \u0161ovinisti\u010dko-patrijarhalnom dru\u0161tvu o tome za\u0161to jedna majka ubija svoju djecu, ili sestra brata, \u0161ta je to \u0161to uti\u010de na nju na taj na\u010din.<\/p>\n<p>Istina je da Medeja nije ubila svoju djecu ve\u0107 su to u\u010dinili &#8220;gra\u0111ani&#8221; Korinta kako bi osvetili kralja Kreonta i k\u0107er mu, ali su taj zlo\u010din pripisali Medeji kako bi je jo\u0161 vi\u0161e ocrnili.<\/p>\n<p>Igranje sa elementima kabarea je na\u0161 poku\u0161aj da opi\u0161emo dru\u0161tvo u kojem \u017eivimo, u kojem dana\u0161nje \u017eene \u017eive, a koje je kabaretsko kapitalisti\u010dko &#8211; potro\u0161a\u010dko &#8211; zabavlja\u010dko u kojem se \u017eena posmatra kao objekat i \u010dija \u017ertva nije va\u017ena i njena &#8220;kuknjava&#8221; je besmislena.<\/p>\n<p>Mizoginija je sve izra\u017eenija i ba\u0161 zato smo \u017eeljeli da kroz elemente kabarea ironiziramo pri\u010du o Medeji jednu od najkrvavijih tragedija\u2019\u2019<\/p>\n<p>&nbsp;<\/p>\n<p>Ulaznice se mogu kupiti u CD shopu MiDO (Korzo) Tuzla, rezervisati poutem facebook stranice teatra te li\u010dno preuzeti na dan izvo\u0111enja predstave.<\/p>\n<p>Pokrovitelji Festivala su: Grad Tuzla, Slu\u017eba za kulturu, sport, mlade I socijalnu za\u0161titu, Fondacija za muzi\u010dke, scenske i likovne umjetnosti Sarajevo, Ingram Srebrenik, Leftor, bart tuzla, promedical marketing agencija, Bybook<\/p>\n","protected":false},"excerpt":{"rendered":"<p>Promocijom knjige drama za djecu i premijerom predstave \u201eO\u017eivjele stvari\u201c autora \u0160ime E\u0161i\u0107a ju\u010der se u prostoru Doma mladih Tuzla realizirao program za najmla\u0111e. Sve\u010dano zatvaranje festivala \u0107e se uprili\u010diti u Suibotu, 21.12.2024. predstavom Ja Mede(Ja) grupe autora, u re\u017eiji Damira Altumbabi\u0107a i izvedbi Ivane Petrovi\u0107. Predstava je nastala u produkciji Teatra kabare Tuzla. &nbsp; [&hellip;]<\/p>\n","protected":false},"author":4,"featured_media":257234,"comment_status":"closed","ping_status":"closed","sticky":false,"template":"","format":"standard","meta":{"footnotes":""},"categories":[11],"tags":[3503],"class_list":["post-258195","post","type-post","status-publish","format-standard","has-post-thumbnail","hentry","category-najava-dogadaja-2","tag-tkt-fest"],"yoast_head":"<!-- This site is optimized with the Yoast SEO plugin v28.4 - https:\/\/yoast.com\/product\/yoast-seo-wordpress\/ -->\n<title>Predstava Ja Mede(Ja) Teatra kabare Tuzla sve\u010dano \u0107e zatvoriti TKT Fest<\/title>\n<meta name=\"robots\" content=\"index, follow, max-snippet:-1, max-image-preview:large, max-video-preview:-1\" \/>\n<link rel=\"canonical\" href=\"https:\/\/tuzlainfo.ba\/index.php\/najava-dogadaja-2\/item\/258195-predstava-ja-medeja-teatra-kbare-tuzla-svecano-ce-zatvoriti-tkt-fest\/\" \/>\n<meta property=\"og:locale\" content=\"bs_BA\" \/>\n<meta property=\"og:type\" content=\"article\" \/>\n<meta property=\"og:title\" content=\"Predstava Ja Mede(Ja) Teatra kabare Tuzla sve\u010dano \u0107e zatvoriti TKT Fest\" \/>\n<meta property=\"og:description\" content=\"Promocijom knjige drama za djecu i premijerom predstave \u201eO\u017eivjele stvari\u201c autora \u0160ime E\u0161i\u0107a ju\u010der se u prostoru Doma mladih Tuzla realizirao program za najmla\u0111e. Sve\u010dano zatvaranje festivala \u0107e se uprili\u010diti u Suibotu, 21.12.2024. predstavom Ja Mede(Ja) grupe autora, u re\u017eiji Damira Altumbabi\u0107a i izvedbi Ivane Petrovi\u0107. Predstava je nastala u produkciji Teatra kabare Tuzla. &nbsp; [&hellip;]\" \/>\n<meta property=\"og:url\" content=\"https:\/\/tuzlainfo.ba\/index.php\/najava-dogadaja-2\/item\/258195-predstava-ja-medeja-teatra-kbare-tuzla-svecano-ce-zatvoriti-tkt-fest\/\" \/>\n<meta property=\"og:site_name\" content=\"TuzlaInfo.ba\" \/>\n<meta property=\"article:publisher\" content=\"https:\/\/www.facebook.com\/tuzlainfo.ba\/\" \/>\n<meta property=\"article:published_time\" content=\"2024-12-18T12:08:40+00:00\" \/>\n<meta property=\"og:image\" content=\"https:\/\/tuzlainfo.ba\/wp-content\/uploads\/2024\/12\/0612_tkt_fest.jpg\" \/>\n\t<meta property=\"og:image:width\" content=\"800\" \/>\n\t<meta property=\"og:image:height\" content=\"542\" \/>\n\t<meta property=\"og:image:type\" content=\"image\/jpeg\" \/>\n<meta name=\"author\" content=\"Tuzla Info\" \/>\n<meta name=\"twitter:card\" content=\"summary_large_image\" \/>\n<meta name=\"twitter:label1\" content=\"Written by\" \/>\n\t<meta name=\"twitter:data1\" content=\"Tuzla Info\" \/>\n\t<meta name=\"twitter:label2\" content=\"Est. reading time\" \/>\n\t<meta name=\"twitter:data2\" content=\"2 minute\" \/>\n<script type=\"application\/ld+json\" class=\"yoast-schema-graph\">{\"@context\":\"https:\\\/\\\/schema.org\",\"@graph\":[{\"@type\":\"Article\",\"@id\":\"https:\\\/\\\/tuzlainfo.ba\\\/index.php\\\/najava-dogadaja-2\\\/item\\\/258195-predstava-ja-medeja-teatra-kbare-tuzla-svecano-ce-zatvoriti-tkt-fest\\\/#article\",\"isPartOf\":{\"@id\":\"https:\\\/\\\/tuzlainfo.ba\\\/index.php\\\/najava-dogadaja-2\\\/item\\\/258195-predstava-ja-medeja-teatra-kbare-tuzla-svecano-ce-zatvoriti-tkt-fest\\\/\"},\"author\":{\"name\":\"Tuzla Info\",\"@id\":\"https:\\\/\\\/tuzlainfo.ba\\\/#\\\/schema\\\/person\\\/46cad4c57790cbc50781edd14870825a\"},\"headline\":\"Predstava Ja Mede(Ja) Teatra kabare Tuzla sve\u010dano \u0107e zatvoriti TKT Fest\",\"datePublished\":\"2024-12-18T12:08:40+00:00\",\"mainEntityOfPage\":{\"@id\":\"https:\\\/\\\/tuzlainfo.ba\\\/index.php\\\/najava-dogadaja-2\\\/item\\\/258195-predstava-ja-medeja-teatra-kbare-tuzla-svecano-ce-zatvoriti-tkt-fest\\\/\"},\"wordCount\":301,\"publisher\":{\"@id\":\"https:\\\/\\\/tuzlainfo.ba\\\/#organization\"},\"image\":{\"@id\":\"https:\\\/\\\/tuzlainfo.ba\\\/index.php\\\/najava-dogadaja-2\\\/item\\\/258195-predstava-ja-medeja-teatra-kbare-tuzla-svecano-ce-zatvoriti-tkt-fest\\\/#primaryimage\"},\"thumbnailUrl\":\"https:\\\/\\\/tuzlainfo.ba\\\/wp-content\\\/uploads\\\/2024\\\/12\\\/0612_tkt_fest.jpg\",\"keywords\":[\"Tkt fest\"],\"articleSection\":[\"Najave i doga\u0111aji\"],\"inLanguage\":\"bs-BA\",\"copyrightYear\":\"2024\",\"copyrightHolder\":{\"@id\":\"https:\\\/\\\/tuzlainfo.ba\\\/#organization\"}},{\"@type\":\"WebPage\",\"@id\":\"https:\\\/\\\/tuzlainfo.ba\\\/index.php\\\/najava-dogadaja-2\\\/item\\\/258195-predstava-ja-medeja-teatra-kbare-tuzla-svecano-ce-zatvoriti-tkt-fest\\\/\",\"url\":\"https:\\\/\\\/tuzlainfo.ba\\\/index.php\\\/najava-dogadaja-2\\\/item\\\/258195-predstava-ja-medeja-teatra-kbare-tuzla-svecano-ce-zatvoriti-tkt-fest\\\/\",\"name\":\"Predstava Ja Mede(Ja) Teatra kabare Tuzla sve\u010dano \u0107e zatvoriti TKT Fest\",\"isPartOf\":{\"@id\":\"https:\\\/\\\/tuzlainfo.ba\\\/#website\"},\"primaryImageOfPage\":{\"@id\":\"https:\\\/\\\/tuzlainfo.ba\\\/index.php\\\/najava-dogadaja-2\\\/item\\\/258195-predstava-ja-medeja-teatra-kbare-tuzla-svecano-ce-zatvoriti-tkt-fest\\\/#primaryimage\"},\"image\":{\"@id\":\"https:\\\/\\\/tuzlainfo.ba\\\/index.php\\\/najava-dogadaja-2\\\/item\\\/258195-predstava-ja-medeja-teatra-kbare-tuzla-svecano-ce-zatvoriti-tkt-fest\\\/#primaryimage\"},\"thumbnailUrl\":\"https:\\\/\\\/tuzlainfo.ba\\\/wp-content\\\/uploads\\\/2024\\\/12\\\/0612_tkt_fest.jpg\",\"datePublished\":\"2024-12-18T12:08:40+00:00\",\"breadcrumb\":{\"@id\":\"https:\\\/\\\/tuzlainfo.ba\\\/index.php\\\/najava-dogadaja-2\\\/item\\\/258195-predstava-ja-medeja-teatra-kbare-tuzla-svecano-ce-zatvoriti-tkt-fest\\\/#breadcrumb\"},\"inLanguage\":\"bs-BA\",\"potentialAction\":[{\"@type\":\"ReadAction\",\"target\":[\"https:\\\/\\\/tuzlainfo.ba\\\/index.php\\\/najava-dogadaja-2\\\/item\\\/258195-predstava-ja-medeja-teatra-kbare-tuzla-svecano-ce-zatvoriti-tkt-fest\\\/\"]}]},{\"@type\":\"ImageObject\",\"inLanguage\":\"bs-BA\",\"@id\":\"https:\\\/\\\/tuzlainfo.ba\\\/index.php\\\/najava-dogadaja-2\\\/item\\\/258195-predstava-ja-medeja-teatra-kbare-tuzla-svecano-ce-zatvoriti-tkt-fest\\\/#primaryimage\",\"url\":\"https:\\\/\\\/tuzlainfo.ba\\\/wp-content\\\/uploads\\\/2024\\\/12\\\/0612_tkt_fest.jpg\",\"contentUrl\":\"https:\\\/\\\/tuzlainfo.ba\\\/wp-content\\\/uploads\\\/2024\\\/12\\\/0612_tkt_fest.jpg\",\"width\":800,\"height\":542},{\"@type\":\"BreadcrumbList\",\"@id\":\"https:\\\/\\\/tuzlainfo.ba\\\/index.php\\\/najava-dogadaja-2\\\/item\\\/258195-predstava-ja-medeja-teatra-kbare-tuzla-svecano-ce-zatvoriti-tkt-fest\\\/#breadcrumb\",\"itemListElement\":[{\"@type\":\"ListItem\",\"position\":1,\"name\":\"Home\",\"item\":\"https:\\\/\\\/tuzlainfo.ba\\\/\"},{\"@type\":\"ListItem\",\"position\":2,\"name\":\"Predstava Ja Mede(Ja) Teatra kabare Tuzla sve\u010dano \u0107e zatvoriti TKT Fest\"}]},{\"@type\":\"WebSite\",\"@id\":\"https:\\\/\\\/tuzlainfo.ba\\\/#website\",\"url\":\"https:\\\/\\\/tuzlainfo.ba\\\/\",\"name\":\"TuzlaInfo.ba\",\"description\":\"Tuzla info, gradski informator - Tuzla na dlanu\",\"publisher\":{\"@id\":\"https:\\\/\\\/tuzlainfo.ba\\\/#organization\"},\"potentialAction\":[{\"@type\":\"SearchAction\",\"target\":{\"@type\":\"EntryPoint\",\"urlTemplate\":\"https:\\\/\\\/tuzlainfo.ba\\\/?s={search_term_string}\"},\"query-input\":{\"@type\":\"PropertyValueSpecification\",\"valueRequired\":true,\"valueName\":\"search_term_string\"}}],\"inLanguage\":\"bs-BA\"},{\"@type\":\"Organization\",\"@id\":\"https:\\\/\\\/tuzlainfo.ba\\\/#organization\",\"name\":\"TuzlaInfo.ba\",\"url\":\"https:\\\/\\\/tuzlainfo.ba\\\/\",\"logo\":{\"@type\":\"ImageObject\",\"inLanguage\":\"bs-BA\",\"@id\":\"https:\\\/\\\/tuzlainfo.ba\\\/#\\\/schema\\\/logo\\\/image\\\/\",\"url\":\"https:\\\/\\\/tuzlainfo.ba\\\/wp-content\\\/uploads\\\/2021\\\/03\\\/logo-ver-3-1.png\",\"contentUrl\":\"https:\\\/\\\/tuzlainfo.ba\\\/wp-content\\\/uploads\\\/2021\\\/03\\\/logo-ver-3-1.png\",\"width\":350,\"height\":95,\"caption\":\"TuzlaInfo.ba\"},\"image\":{\"@id\":\"https:\\\/\\\/tuzlainfo.ba\\\/#\\\/schema\\\/logo\\\/image\\\/\"},\"sameAs\":[\"https:\\\/\\\/www.facebook.com\\\/tuzlainfo.ba\\\/\"]},{\"@type\":\"Person\",\"@id\":\"https:\\\/\\\/tuzlainfo.ba\\\/#\\\/schema\\\/person\\\/46cad4c57790cbc50781edd14870825a\",\"name\":\"Tuzla Info\",\"image\":{\"@type\":\"ImageObject\",\"inLanguage\":\"bs-BA\",\"@id\":\"https:\\\/\\\/secure.gravatar.com\\\/avatar\\\/e980921b00fa2e552723a2386544734ce6885d2b2304ccca3f45186f9ca4031d?s=96&d=mm&r=g\",\"url\":\"https:\\\/\\\/secure.gravatar.com\\\/avatar\\\/e980921b00fa2e552723a2386544734ce6885d2b2304ccca3f45186f9ca4031d?s=96&d=mm&r=g\",\"contentUrl\":\"https:\\\/\\\/secure.gravatar.com\\\/avatar\\\/e980921b00fa2e552723a2386544734ce6885d2b2304ccca3f45186f9ca4031d?s=96&d=mm&r=g\",\"caption\":\"Tuzla Info\"}}]}<\/script>\n<!-- \/ Yoast SEO plugin. -->","yoast_head_json":{"title":"Predstava Ja Mede(Ja) Teatra kabare Tuzla sve\u010dano \u0107e zatvoriti TKT Fest","robots":{"index":"index","follow":"follow","max-snippet":"max-snippet:-1","max-image-preview":"max-image-preview:large","max-video-preview":"max-video-preview:-1"},"canonical":"https:\/\/tuzlainfo.ba\/index.php\/najava-dogadaja-2\/item\/258195-predstava-ja-medeja-teatra-kbare-tuzla-svecano-ce-zatvoriti-tkt-fest\/","og_locale":"bs_BA","og_type":"article","og_title":"Predstava Ja Mede(Ja) Teatra kabare Tuzla sve\u010dano \u0107e zatvoriti TKT Fest","og_description":"Promocijom knjige drama za djecu i premijerom predstave \u201eO\u017eivjele stvari\u201c autora \u0160ime E\u0161i\u0107a ju\u010der se u prostoru Doma mladih Tuzla realizirao program za najmla\u0111e. Sve\u010dano zatvaranje festivala \u0107e se uprili\u010diti u Suibotu, 21.12.2024. predstavom Ja Mede(Ja) grupe autora, u re\u017eiji Damira Altumbabi\u0107a i izvedbi Ivane Petrovi\u0107. Predstava je nastala u produkciji Teatra kabare Tuzla. &nbsp; [&hellip;]","og_url":"https:\/\/tuzlainfo.ba\/index.php\/najava-dogadaja-2\/item\/258195-predstava-ja-medeja-teatra-kbare-tuzla-svecano-ce-zatvoriti-tkt-fest\/","og_site_name":"TuzlaInfo.ba","article_publisher":"https:\/\/www.facebook.com\/tuzlainfo.ba\/","article_published_time":"2024-12-18T12:08:40+00:00","og_image":[{"width":800,"height":542,"url":"https:\/\/tuzlainfo.ba\/wp-content\/uploads\/2024\/12\/0612_tkt_fest.jpg","type":"image\/jpeg"}],"author":"Tuzla Info","twitter_card":"summary_large_image","twitter_misc":{"Written by":"Tuzla Info","Est. reading time":"2 minute"},"schema":{"@context":"https:\/\/schema.org","@graph":[{"@type":"Article","@id":"https:\/\/tuzlainfo.ba\/index.php\/najava-dogadaja-2\/item\/258195-predstava-ja-medeja-teatra-kbare-tuzla-svecano-ce-zatvoriti-tkt-fest\/#article","isPartOf":{"@id":"https:\/\/tuzlainfo.ba\/index.php\/najava-dogadaja-2\/item\/258195-predstava-ja-medeja-teatra-kbare-tuzla-svecano-ce-zatvoriti-tkt-fest\/"},"author":{"name":"Tuzla Info","@id":"https:\/\/tuzlainfo.ba\/#\/schema\/person\/46cad4c57790cbc50781edd14870825a"},"headline":"Predstava Ja Mede(Ja) Teatra kabare Tuzla sve\u010dano \u0107e zatvoriti TKT Fest","datePublished":"2024-12-18T12:08:40+00:00","mainEntityOfPage":{"@id":"https:\/\/tuzlainfo.ba\/index.php\/najava-dogadaja-2\/item\/258195-predstava-ja-medeja-teatra-kbare-tuzla-svecano-ce-zatvoriti-tkt-fest\/"},"wordCount":301,"publisher":{"@id":"https:\/\/tuzlainfo.ba\/#organization"},"image":{"@id":"https:\/\/tuzlainfo.ba\/index.php\/najava-dogadaja-2\/item\/258195-predstava-ja-medeja-teatra-kbare-tuzla-svecano-ce-zatvoriti-tkt-fest\/#primaryimage"},"thumbnailUrl":"https:\/\/tuzlainfo.ba\/wp-content\/uploads\/2024\/12\/0612_tkt_fest.jpg","keywords":["Tkt fest"],"articleSection":["Najave i doga\u0111aji"],"inLanguage":"bs-BA","copyrightYear":"2024","copyrightHolder":{"@id":"https:\/\/tuzlainfo.ba\/#organization"}},{"@type":"WebPage","@id":"https:\/\/tuzlainfo.ba\/index.php\/najava-dogadaja-2\/item\/258195-predstava-ja-medeja-teatra-kbare-tuzla-svecano-ce-zatvoriti-tkt-fest\/","url":"https:\/\/tuzlainfo.ba\/index.php\/najava-dogadaja-2\/item\/258195-predstava-ja-medeja-teatra-kbare-tuzla-svecano-ce-zatvoriti-tkt-fest\/","name":"Predstava Ja Mede(Ja) Teatra kabare Tuzla sve\u010dano \u0107e zatvoriti TKT Fest","isPartOf":{"@id":"https:\/\/tuzlainfo.ba\/#website"},"primaryImageOfPage":{"@id":"https:\/\/tuzlainfo.ba\/index.php\/najava-dogadaja-2\/item\/258195-predstava-ja-medeja-teatra-kbare-tuzla-svecano-ce-zatvoriti-tkt-fest\/#primaryimage"},"image":{"@id":"https:\/\/tuzlainfo.ba\/index.php\/najava-dogadaja-2\/item\/258195-predstava-ja-medeja-teatra-kbare-tuzla-svecano-ce-zatvoriti-tkt-fest\/#primaryimage"},"thumbnailUrl":"https:\/\/tuzlainfo.ba\/wp-content\/uploads\/2024\/12\/0612_tkt_fest.jpg","datePublished":"2024-12-18T12:08:40+00:00","breadcrumb":{"@id":"https:\/\/tuzlainfo.ba\/index.php\/najava-dogadaja-2\/item\/258195-predstava-ja-medeja-teatra-kbare-tuzla-svecano-ce-zatvoriti-tkt-fest\/#breadcrumb"},"inLanguage":"bs-BA","potentialAction":[{"@type":"ReadAction","target":["https:\/\/tuzlainfo.ba\/index.php\/najava-dogadaja-2\/item\/258195-predstava-ja-medeja-teatra-kbare-tuzla-svecano-ce-zatvoriti-tkt-fest\/"]}]},{"@type":"ImageObject","inLanguage":"bs-BA","@id":"https:\/\/tuzlainfo.ba\/index.php\/najava-dogadaja-2\/item\/258195-predstava-ja-medeja-teatra-kbare-tuzla-svecano-ce-zatvoriti-tkt-fest\/#primaryimage","url":"https:\/\/tuzlainfo.ba\/wp-content\/uploads\/2024\/12\/0612_tkt_fest.jpg","contentUrl":"https:\/\/tuzlainfo.ba\/wp-content\/uploads\/2024\/12\/0612_tkt_fest.jpg","width":800,"height":542},{"@type":"BreadcrumbList","@id":"https:\/\/tuzlainfo.ba\/index.php\/najava-dogadaja-2\/item\/258195-predstava-ja-medeja-teatra-kbare-tuzla-svecano-ce-zatvoriti-tkt-fest\/#breadcrumb","itemListElement":[{"@type":"ListItem","position":1,"name":"Home","item":"https:\/\/tuzlainfo.ba\/"},{"@type":"ListItem","position":2,"name":"Predstava Ja Mede(Ja) Teatra kabare Tuzla sve\u010dano \u0107e zatvoriti TKT Fest"}]},{"@type":"WebSite","@id":"https:\/\/tuzlainfo.ba\/#website","url":"https:\/\/tuzlainfo.ba\/","name":"TuzlaInfo.ba","description":"Tuzla info, gradski informator - Tuzla na dlanu","publisher":{"@id":"https:\/\/tuzlainfo.ba\/#organization"},"potentialAction":[{"@type":"SearchAction","target":{"@type":"EntryPoint","urlTemplate":"https:\/\/tuzlainfo.ba\/?s={search_term_string}"},"query-input":{"@type":"PropertyValueSpecification","valueRequired":true,"valueName":"search_term_string"}}],"inLanguage":"bs-BA"},{"@type":"Organization","@id":"https:\/\/tuzlainfo.ba\/#organization","name":"TuzlaInfo.ba","url":"https:\/\/tuzlainfo.ba\/","logo":{"@type":"ImageObject","inLanguage":"bs-BA","@id":"https:\/\/tuzlainfo.ba\/#\/schema\/logo\/image\/","url":"https:\/\/tuzlainfo.ba\/wp-content\/uploads\/2021\/03\/logo-ver-3-1.png","contentUrl":"https:\/\/tuzlainfo.ba\/wp-content\/uploads\/2021\/03\/logo-ver-3-1.png","width":350,"height":95,"caption":"TuzlaInfo.ba"},"image":{"@id":"https:\/\/tuzlainfo.ba\/#\/schema\/logo\/image\/"},"sameAs":["https:\/\/www.facebook.com\/tuzlainfo.ba\/"]},{"@type":"Person","@id":"https:\/\/tuzlainfo.ba\/#\/schema\/person\/46cad4c57790cbc50781edd14870825a","name":"Tuzla Info","image":{"@type":"ImageObject","inLanguage":"bs-BA","@id":"https:\/\/secure.gravatar.com\/avatar\/e980921b00fa2e552723a2386544734ce6885d2b2304ccca3f45186f9ca4031d?s=96&d=mm&r=g","url":"https:\/\/secure.gravatar.com\/avatar\/e980921b00fa2e552723a2386544734ce6885d2b2304ccca3f45186f9ca4031d?s=96&d=mm&r=g","contentUrl":"https:\/\/secure.gravatar.com\/avatar\/e980921b00fa2e552723a2386544734ce6885d2b2304ccca3f45186f9ca4031d?s=96&d=mm&r=g","caption":"Tuzla Info"}}]}},"_links":{"self":[{"href":"https:\/\/tuzlainfo.ba\/index.php\/wp-json\/wp\/v2\/posts\/258195","targetHints":{"allow":["GET"]}}],"collection":[{"href":"https:\/\/tuzlainfo.ba\/index.php\/wp-json\/wp\/v2\/posts"}],"about":[{"href":"https:\/\/tuzlainfo.ba\/index.php\/wp-json\/wp\/v2\/types\/post"}],"author":[{"embeddable":true,"href":"https:\/\/tuzlainfo.ba\/index.php\/wp-json\/wp\/v2\/users\/4"}],"replies":[{"embeddable":true,"href":"https:\/\/tuzlainfo.ba\/index.php\/wp-json\/wp\/v2\/comments?post=258195"}],"version-history":[{"count":1,"href":"https:\/\/tuzlainfo.ba\/index.php\/wp-json\/wp\/v2\/posts\/258195\/revisions"}],"predecessor-version":[{"id":258197,"href":"https:\/\/tuzlainfo.ba\/index.php\/wp-json\/wp\/v2\/posts\/258195\/revisions\/258197"}],"wp:featuredmedia":[{"embeddable":true,"href":"https:\/\/tuzlainfo.ba\/index.php\/wp-json\/wp\/v2\/media\/257234"}],"wp:attachment":[{"href":"https:\/\/tuzlainfo.ba\/index.php\/wp-json\/wp\/v2\/media?parent=258195"}],"wp:term":[{"taxonomy":"category","embeddable":true,"href":"https:\/\/tuzlainfo.ba\/index.php\/wp-json\/wp\/v2\/categories?post=258195"},{"taxonomy":"post_tag","embeddable":true,"href":"https:\/\/tuzlainfo.ba\/index.php\/wp-json\/wp\/v2\/tags?post=258195"}],"curies":[{"name":"wp","href":"https:\/\/api.w.org\/{rel}","templated":true}]}}