{"id":258144,"date":"2024-12-17T19:09:27","date_gmt":"2024-12-17T18:09:27","guid":{"rendered":"https:\/\/tuzlainfo.ba\/?p=258144"},"modified":"2024-12-17T15:09:20","modified_gmt":"2024-12-17T14:09:20","slug":"u-tk-96-hraniteljskih-porodica-edukacija-kao-kljuc-osnazivanja","status":"publish","type":"post","link":"https:\/\/tuzlainfo.ba\/index.php\/novosti\/item\/258144-u-tk-96-hraniteljskih-porodica-edukacija-kao-kljuc-osnazivanja\/","title":{"rendered":"U TK 96 hraniteljskih porodica: Edukacija kao klju\u010d osna\u017eivanja"},"content":{"rendered":"<p>Dru\u0161tvo socijalnih radnika Tuzlanskog kantona i Vive \u017dene Tuzla Centar za terapiju i rehabilitaciju danas su organizovali okrugli sto o unapre\u0111enju hraniteljstva i formiranju savjetovali\u0161ta za \u017ertve nasilja u porodici, uz podr\u0161ku Ministarstva za rad, socijalnu politiku i povratak TK.<\/p>\n<p>Pomo\u0107nik ministra za oblast socijalne za\u0161tite, civilnih \u017ertava rata i za\u0161tite porodica sa djecom Edin \u0160estan naveo je da je rije\u010d o dobrom primjeru saradnje nevladinog i vladinog sektora u razli\u010ditim projektima od kojih se jedan odnosi na edukaciju hraniteljskih porodica i razvoja hraniteljstva dok je drugi projekt vezan za stvaranje predispozicije za otvaranje savjetovali\u0161ta za prevenciju nasilja u porodici i centrima za socijalni rad.<\/p>\n<p>&#8211; Oba ova projekta je finansiralo Ministarstvo za rad, socijalnu politiku i povratak TK. I razvoj hraniteljstva i sam proces transformacije i institucionalizacije ustanova socijalne za\u0161tite kao i stvaranje predispozicija za otvaranje savjetovali\u0161ta za prevenciju nasilja u porodici u centrima za socijalni rad, sve su to strate\u0161ke, planske aktivnosti Vlade odnosno Ministarstva za rad, socijalnu politiku i povratak TK i stoga Ministarstvo svake godine finansira putem svojih programskih sadr\u017eaja nevladin sektor kako bi preduzeli aktivnosti na razvoju hraniteljstva &#8211; kazao je \u0160estan.<\/p>\n<p>Dru\u0161tvo socijalnih radnika TK nosilac je prvog dijela edukacije o osna\u017eivanju hraniteljskih porodica i mogu\u0107nosti za razvoj hraniteljstva na podru\u010dju TK u okviru projekta unapre\u0111enja hraniteljstva na podru\u010dju TK putem informisanja, edukacije, savjetodavne podr\u0161ke neformalnoj grupi hranitelja kroz dodatnu edukaciju, informisanje i promociju.<\/p>\n<p>Po rije\u010dima predsjednice Dru\u0161tva Amele Tupaji\u0107, trenutno na podru\u010dju TK ima 96 hraniteljskih porodica u kojima je smje\u0161teno 80 djece i 20 odraslih osoba.<\/p>\n<p>&#8211; Da bi se postalo hranitelj mora se pro\u0107i proces edukacije koji ima za cilj da osna\u017ei potencijalne hranitelje da se nose sa svim tim izazovima koje hraniteljstvo sa sobom nosi. Realizovano je niz uli\u010dnih akcija s ciljem promocije hraniteljstva a cilj je da se pro\u0161ire liste potencijalnih hranitelja i da \u0161to ve\u0107i broj djece na\u0111e svoj smiraj u porodi\u010dnom okru\u017eenju &#8211; kazala je Tupaji\u0107.<\/p>\n<p>U okviru drugog dijela dana\u0161njeg stru\u010dnog skupa bilo je rije\u010di o sveobuhvatnoj sistemskoj prevenciji nasilja kroz razvoj porodi\u010dnih savjetovali\u0161ta pri centrima za socijalni rad Tuzlanskog kantona.<\/p>\n<p>Koordinatorica Organizacije Vive \u017dene Mina Dahi\u0107 istakla je da su odlu\u010dili da zajedni\u010dki promoviraju dvije socijalne usluge koje treba i dalje razvijati u tom kantonu, odnosno raditi na osna\u017eivanju kapaciteta kako stru\u010dnjaka tako i korisnika usluga.<\/p>\n<p>&#8211; Proveli smo odre\u0111ene edukativne aktivnosti sa stru\u010dnjacima centara za socijalni rad gdje se radilo na razvoju vje\u0161tina savjetovanja, metodama komunikacije i povezivanju. Nadamo se da \u0107e ovaj okrugli sto doprinijeti da u bud\u017eetima centara za socijalni rad savjetovali\u0161te kao nova ustanova bude prepoznato &#8211; rekla je Dahi\u0107, saop\u0107eno je iz Vlade TK.<\/p>\n","protected":false},"excerpt":{"rendered":"<p>Dru\u0161tvo socijalnih radnika Tuzlanskog kantona i Vive \u017dene Tuzla Centar za terapiju i rehabilitaciju danas&hellip;<\/p>\n","protected":false},"author":4,"featured_media":258145,"comment_status":"closed","ping_status":"closed","sticky":false,"template":"","format":"standard","meta":{"_acf_changed":false,"footnotes":""},"categories":[304,12],"tags":[6661],"acf":[],"yoast_head":"<!-- This site is optimized with the Yoast SEO plugin v23.5 - https:\/\/yoast.com\/wordpress\/plugins\/seo\/ -->\n<title>U TK 96 hraniteljskih porodica: Edukacija kao klju\u010d osna\u017eivanja - TuzlaInfo.ba<\/title>\n<meta name=\"robots\" content=\"index, follow, max-snippet:-1, max-image-preview:large, max-video-preview:-1\" \/>\n<link rel=\"canonical\" href=\"https:\/\/tuzlainfo.ba\/index.php\/novosti\/item\/258144-u-tk-96-hraniteljskih-porodica-edukacija-kao-kljuc-osnazivanja\/\" \/>\n<meta property=\"og:locale\" content=\"bs_BA\" \/>\n<meta property=\"og:type\" content=\"article\" \/>\n<meta property=\"og:title\" content=\"U TK 96 hraniteljskih porodica: Edukacija kao klju\u010d osna\u017eivanja - TuzlaInfo.ba\" \/>\n<meta property=\"og:description\" content=\"Dru\u0161tvo socijalnih radnika Tuzlanskog kantona i Vive \u017dene Tuzla Centar za terapiju i rehabilitaciju danas&hellip;\" \/>\n<meta property=\"og:url\" content=\"https:\/\/tuzlainfo.ba\/index.php\/novosti\/item\/258144-u-tk-96-hraniteljskih-porodica-edukacija-kao-kljuc-osnazivanja\/\" \/>\n<meta property=\"og:site_name\" content=\"TuzlaInfo.ba\" \/>\n<meta property=\"article:publisher\" content=\"https:\/\/www.facebook.com\/tuzlainfo.ba\/\" \/>\n<meta property=\"article:published_time\" content=\"2024-12-17T18:09:27+00:00\" \/>\n<meta property=\"article:modified_time\" content=\"2024-12-17T14:09:20+00:00\" \/>\n<meta property=\"og:image\" content=\"https:\/\/tuzlainfo.ba\/wp-content\/uploads\/2024\/12\/hraniteljstvo-edukacija.jpg\" \/>\n\t<meta property=\"og:image:width\" content=\"1024\" \/>\n\t<meta property=\"og:image:height\" content=\"683\" \/>\n\t<meta property=\"og:image:type\" content=\"image\/jpeg\" \/>\n<meta name=\"author\" content=\"Tuzla Info\" \/>\n<meta name=\"twitter:card\" content=\"summary_large_image\" \/>\n<meta name=\"twitter:label1\" content=\"Written by\" \/>\n\t<meta name=\"twitter:data1\" content=\"Tuzla Info\" \/>\n\t<meta name=\"twitter:label2\" content=\"Est. reading time\" \/>\n\t<meta name=\"twitter:data2\" content=\"3 minute\" \/>\n<script type=\"application\/ld+json\" class=\"yoast-schema-graph\">{\"@context\":\"https:\/\/schema.org\",\"@graph\":[{\"@type\":\"Article\",\"@id\":\"https:\/\/tuzlainfo.ba\/index.php\/novosti\/item\/258144-u-tk-96-hraniteljskih-porodica-edukacija-kao-kljuc-osnazivanja\/#article\",\"isPartOf\":{\"@id\":\"https:\/\/tuzlainfo.ba\/index.php\/novosti\/item\/258144-u-tk-96-hraniteljskih-porodica-edukacija-kao-kljuc-osnazivanja\/\"},\"author\":{\"name\":\"Tuzla Info\",\"@id\":\"https:\/\/tuzlainfo.ba\/#\/schema\/person\/46cad4c57790cbc50781edd14870825a\"},\"headline\":\"U TK 96 hraniteljskih porodica: Edukacija kao klju\u010d osna\u017eivanja\",\"datePublished\":\"2024-12-17T18:09:27+00:00\",\"dateModified\":\"2024-12-17T14:09:20+00:00\",\"mainEntityOfPage\":{\"@id\":\"https:\/\/tuzlainfo.ba\/index.php\/novosti\/item\/258144-u-tk-96-hraniteljskih-porodica-edukacija-kao-kljuc-osnazivanja\/\"},\"wordCount\":487,\"publisher\":{\"@id\":\"https:\/\/tuzlainfo.ba\/#organization\"},\"image\":{\"@id\":\"https:\/\/tuzlainfo.ba\/index.php\/novosti\/item\/258144-u-tk-96-hraniteljskih-porodica-edukacija-kao-kljuc-osnazivanja\/#primaryimage\"},\"thumbnailUrl\":\"https:\/\/tuzlainfo.ba\/wp-content\/uploads\/2024\/12\/hraniteljstvo-edukacija.jpg\",\"keywords\":[\"hraniteljstvo\"],\"articleSection\":[\"Istaknuto\",\"Novosti\"],\"inLanguage\":\"bs-BA\"},{\"@type\":\"WebPage\",\"@id\":\"https:\/\/tuzlainfo.ba\/index.php\/novosti\/item\/258144-u-tk-96-hraniteljskih-porodica-edukacija-kao-kljuc-osnazivanja\/\",\"url\":\"https:\/\/tuzlainfo.ba\/index.php\/novosti\/item\/258144-u-tk-96-hraniteljskih-porodica-edukacija-kao-kljuc-osnazivanja\/\",\"name\":\"U TK 96 hraniteljskih porodica: Edukacija kao klju\u010d osna\u017eivanja - TuzlaInfo.ba\",\"isPartOf\":{\"@id\":\"https:\/\/tuzlainfo.ba\/#website\"},\"primaryImageOfPage\":{\"@id\":\"https:\/\/tuzlainfo.ba\/index.php\/novosti\/item\/258144-u-tk-96-hraniteljskih-porodica-edukacija-kao-kljuc-osnazivanja\/#primaryimage\"},\"image\":{\"@id\":\"https:\/\/tuzlainfo.ba\/index.php\/novosti\/item\/258144-u-tk-96-hraniteljskih-porodica-edukacija-kao-kljuc-osnazivanja\/#primaryimage\"},\"thumbnailUrl\":\"https:\/\/tuzlainfo.ba\/wp-content\/uploads\/2024\/12\/hraniteljstvo-edukacija.jpg\",\"datePublished\":\"2024-12-17T18:09:27+00:00\",\"dateModified\":\"2024-12-17T14:09:20+00:00\",\"breadcrumb\":{\"@id\":\"https:\/\/tuzlainfo.ba\/index.php\/novosti\/item\/258144-u-tk-96-hraniteljskih-porodica-edukacija-kao-kljuc-osnazivanja\/#breadcrumb\"},\"inLanguage\":\"bs-BA\",\"potentialAction\":[{\"@type\":\"ReadAction\",\"target\":[\"https:\/\/tuzlainfo.ba\/index.php\/novosti\/item\/258144-u-tk-96-hraniteljskih-porodica-edukacija-kao-kljuc-osnazivanja\/\"]}]},{\"@type\":\"ImageObject\",\"inLanguage\":\"bs-BA\",\"@id\":\"https:\/\/tuzlainfo.ba\/index.php\/novosti\/item\/258144-u-tk-96-hraniteljskih-porodica-edukacija-kao-kljuc-osnazivanja\/#primaryimage\",\"url\":\"https:\/\/tuzlainfo.ba\/wp-content\/uploads\/2024\/12\/hraniteljstvo-edukacija.jpg\",\"contentUrl\":\"https:\/\/tuzlainfo.ba\/wp-content\/uploads\/2024\/12\/hraniteljstvo-edukacija.jpg\",\"width\":1024,\"height\":683},{\"@type\":\"BreadcrumbList\",\"@id\":\"https:\/\/tuzlainfo.ba\/index.php\/novosti\/item\/258144-u-tk-96-hraniteljskih-porodica-edukacija-kao-kljuc-osnazivanja\/#breadcrumb\",\"itemListElement\":[{\"@type\":\"ListItem\",\"position\":1,\"name\":\"Home\",\"item\":\"https:\/\/tuzlainfo.ba\/\"},{\"@type\":\"ListItem\",\"position\":2,\"name\":\"U TK 96 hraniteljskih porodica: Edukacija kao klju\u010d osna\u017eivanja\"}]},{\"@type\":\"WebSite\",\"@id\":\"https:\/\/tuzlainfo.ba\/#website\",\"url\":\"https:\/\/tuzlainfo.ba\/\",\"name\":\"TuzlaInfo.ba\",\"description\":\"Tuzla info, gradski informator - Tuzla na dlanu\",\"publisher\":{\"@id\":\"https:\/\/tuzlainfo.ba\/#organization\"},\"potentialAction\":[{\"@type\":\"SearchAction\",\"target\":{\"@type\":\"EntryPoint\",\"urlTemplate\":\"https:\/\/tuzlainfo.ba\/?s={search_term_string}\"},\"query-input\":{\"@type\":\"PropertyValueSpecification\",\"valueRequired\":true,\"valueName\":\"search_term_string\"}}],\"inLanguage\":\"bs-BA\"},{\"@type\":\"Organization\",\"@id\":\"https:\/\/tuzlainfo.ba\/#organization\",\"name\":\"TuzlaInfo.ba\",\"url\":\"https:\/\/tuzlainfo.ba\/\",\"logo\":{\"@type\":\"ImageObject\",\"inLanguage\":\"bs-BA\",\"@id\":\"https:\/\/tuzlainfo.ba\/#\/schema\/logo\/image\/\",\"url\":\"https:\/\/tuzlainfo.ba\/wp-content\/uploads\/2021\/03\/logo-ver-3-1.png\",\"contentUrl\":\"https:\/\/tuzlainfo.ba\/wp-content\/uploads\/2021\/03\/logo-ver-3-1.png\",\"width\":350,\"height\":95,\"caption\":\"TuzlaInfo.ba\"},\"image\":{\"@id\":\"https:\/\/tuzlainfo.ba\/#\/schema\/logo\/image\/\"},\"sameAs\":[\"https:\/\/www.facebook.com\/tuzlainfo.ba\/\"]},{\"@type\":\"Person\",\"@id\":\"https:\/\/tuzlainfo.ba\/#\/schema\/person\/46cad4c57790cbc50781edd14870825a\",\"name\":\"Tuzla Info\",\"image\":{\"@type\":\"ImageObject\",\"inLanguage\":\"bs-BA\",\"@id\":\"https:\/\/tuzlainfo.ba\/#\/schema\/person\/image\/\",\"url\":\"https:\/\/tuzlainfo.ba\/wp-content\/litespeed\/avatar\/b6c453a6c38e3654f2e4416c643fc25c.jpg?ver=1777051911\",\"contentUrl\":\"https:\/\/tuzlainfo.ba\/wp-content\/litespeed\/avatar\/b6c453a6c38e3654f2e4416c643fc25c.jpg?ver=1777051911\",\"caption\":\"Tuzla Info\"}}]}<\/script>\n<!-- \/ Yoast SEO plugin. -->","yoast_head_json":{"title":"U TK 96 hraniteljskih porodica: Edukacija kao klju\u010d osna\u017eivanja - TuzlaInfo.ba","robots":{"index":"index","follow":"follow","max-snippet":"max-snippet:-1","max-image-preview":"max-image-preview:large","max-video-preview":"max-video-preview:-1"},"canonical":"https:\/\/tuzlainfo.ba\/index.php\/novosti\/item\/258144-u-tk-96-hraniteljskih-porodica-edukacija-kao-kljuc-osnazivanja\/","og_locale":"bs_BA","og_type":"article","og_title":"U TK 96 hraniteljskih porodica: Edukacija kao klju\u010d osna\u017eivanja - TuzlaInfo.ba","og_description":"Dru\u0161tvo socijalnih radnika Tuzlanskog kantona i Vive \u017dene Tuzla Centar za terapiju i rehabilitaciju danas&hellip;","og_url":"https:\/\/tuzlainfo.ba\/index.php\/novosti\/item\/258144-u-tk-96-hraniteljskih-porodica-edukacija-kao-kljuc-osnazivanja\/","og_site_name":"TuzlaInfo.ba","article_publisher":"https:\/\/www.facebook.com\/tuzlainfo.ba\/","article_published_time":"2024-12-17T18:09:27+00:00","article_modified_time":"2024-12-17T14:09:20+00:00","og_image":[{"width":1024,"height":683,"url":"https:\/\/tuzlainfo.ba\/wp-content\/uploads\/2024\/12\/hraniteljstvo-edukacija.jpg","type":"image\/jpeg"}],"author":"Tuzla Info","twitter_card":"summary_large_image","twitter_misc":{"Written by":"Tuzla Info","Est. reading time":"3 minute"},"schema":{"@context":"https:\/\/schema.org","@graph":[{"@type":"Article","@id":"https:\/\/tuzlainfo.ba\/index.php\/novosti\/item\/258144-u-tk-96-hraniteljskih-porodica-edukacija-kao-kljuc-osnazivanja\/#article","isPartOf":{"@id":"https:\/\/tuzlainfo.ba\/index.php\/novosti\/item\/258144-u-tk-96-hraniteljskih-porodica-edukacija-kao-kljuc-osnazivanja\/"},"author":{"name":"Tuzla Info","@id":"https:\/\/tuzlainfo.ba\/#\/schema\/person\/46cad4c57790cbc50781edd14870825a"},"headline":"U TK 96 hraniteljskih porodica: Edukacija kao klju\u010d osna\u017eivanja","datePublished":"2024-12-17T18:09:27+00:00","dateModified":"2024-12-17T14:09:20+00:00","mainEntityOfPage":{"@id":"https:\/\/tuzlainfo.ba\/index.php\/novosti\/item\/258144-u-tk-96-hraniteljskih-porodica-edukacija-kao-kljuc-osnazivanja\/"},"wordCount":487,"publisher":{"@id":"https:\/\/tuzlainfo.ba\/#organization"},"image":{"@id":"https:\/\/tuzlainfo.ba\/index.php\/novosti\/item\/258144-u-tk-96-hraniteljskih-porodica-edukacija-kao-kljuc-osnazivanja\/#primaryimage"},"thumbnailUrl":"https:\/\/tuzlainfo.ba\/wp-content\/uploads\/2024\/12\/hraniteljstvo-edukacija.jpg","keywords":["hraniteljstvo"],"articleSection":["Istaknuto","Novosti"],"inLanguage":"bs-BA"},{"@type":"WebPage","@id":"https:\/\/tuzlainfo.ba\/index.php\/novosti\/item\/258144-u-tk-96-hraniteljskih-porodica-edukacija-kao-kljuc-osnazivanja\/","url":"https:\/\/tuzlainfo.ba\/index.php\/novosti\/item\/258144-u-tk-96-hraniteljskih-porodica-edukacija-kao-kljuc-osnazivanja\/","name":"U TK 96 hraniteljskih porodica: Edukacija kao klju\u010d osna\u017eivanja - TuzlaInfo.ba","isPartOf":{"@id":"https:\/\/tuzlainfo.ba\/#website"},"primaryImageOfPage":{"@id":"https:\/\/tuzlainfo.ba\/index.php\/novosti\/item\/258144-u-tk-96-hraniteljskih-porodica-edukacija-kao-kljuc-osnazivanja\/#primaryimage"},"image":{"@id":"https:\/\/tuzlainfo.ba\/index.php\/novosti\/item\/258144-u-tk-96-hraniteljskih-porodica-edukacija-kao-kljuc-osnazivanja\/#primaryimage"},"thumbnailUrl":"https:\/\/tuzlainfo.ba\/wp-content\/uploads\/2024\/12\/hraniteljstvo-edukacija.jpg","datePublished":"2024-12-17T18:09:27+00:00","dateModified":"2024-12-17T14:09:20+00:00","breadcrumb":{"@id":"https:\/\/tuzlainfo.ba\/index.php\/novosti\/item\/258144-u-tk-96-hraniteljskih-porodica-edukacija-kao-kljuc-osnazivanja\/#breadcrumb"},"inLanguage":"bs-BA","potentialAction":[{"@type":"ReadAction","target":["https:\/\/tuzlainfo.ba\/index.php\/novosti\/item\/258144-u-tk-96-hraniteljskih-porodica-edukacija-kao-kljuc-osnazivanja\/"]}]},{"@type":"ImageObject","inLanguage":"bs-BA","@id":"https:\/\/tuzlainfo.ba\/index.php\/novosti\/item\/258144-u-tk-96-hraniteljskih-porodica-edukacija-kao-kljuc-osnazivanja\/#primaryimage","url":"https:\/\/tuzlainfo.ba\/wp-content\/uploads\/2024\/12\/hraniteljstvo-edukacija.jpg","contentUrl":"https:\/\/tuzlainfo.ba\/wp-content\/uploads\/2024\/12\/hraniteljstvo-edukacija.jpg","width":1024,"height":683},{"@type":"BreadcrumbList","@id":"https:\/\/tuzlainfo.ba\/index.php\/novosti\/item\/258144-u-tk-96-hraniteljskih-porodica-edukacija-kao-kljuc-osnazivanja\/#breadcrumb","itemListElement":[{"@type":"ListItem","position":1,"name":"Home","item":"https:\/\/tuzlainfo.ba\/"},{"@type":"ListItem","position":2,"name":"U TK 96 hraniteljskih porodica: Edukacija kao klju\u010d osna\u017eivanja"}]},{"@type":"WebSite","@id":"https:\/\/tuzlainfo.ba\/#website","url":"https:\/\/tuzlainfo.ba\/","name":"TuzlaInfo.ba","description":"Tuzla info, gradski informator - Tuzla na dlanu","publisher":{"@id":"https:\/\/tuzlainfo.ba\/#organization"},"potentialAction":[{"@type":"SearchAction","target":{"@type":"EntryPoint","urlTemplate":"https:\/\/tuzlainfo.ba\/?s={search_term_string}"},"query-input":{"@type":"PropertyValueSpecification","valueRequired":true,"valueName":"search_term_string"}}],"inLanguage":"bs-BA"},{"@type":"Organization","@id":"https:\/\/tuzlainfo.ba\/#organization","name":"TuzlaInfo.ba","url":"https:\/\/tuzlainfo.ba\/","logo":{"@type":"ImageObject","inLanguage":"bs-BA","@id":"https:\/\/tuzlainfo.ba\/#\/schema\/logo\/image\/","url":"https:\/\/tuzlainfo.ba\/wp-content\/uploads\/2021\/03\/logo-ver-3-1.png","contentUrl":"https:\/\/tuzlainfo.ba\/wp-content\/uploads\/2021\/03\/logo-ver-3-1.png","width":350,"height":95,"caption":"TuzlaInfo.ba"},"image":{"@id":"https:\/\/tuzlainfo.ba\/#\/schema\/logo\/image\/"},"sameAs":["https:\/\/www.facebook.com\/tuzlainfo.ba\/"]},{"@type":"Person","@id":"https:\/\/tuzlainfo.ba\/#\/schema\/person\/46cad4c57790cbc50781edd14870825a","name":"Tuzla Info","image":{"@type":"ImageObject","inLanguage":"bs-BA","@id":"https:\/\/tuzlainfo.ba\/#\/schema\/person\/image\/","url":"https:\/\/tuzlainfo.ba\/wp-content\/litespeed\/avatar\/b6c453a6c38e3654f2e4416c643fc25c.jpg?ver=1777051911","contentUrl":"https:\/\/tuzlainfo.ba\/wp-content\/litespeed\/avatar\/b6c453a6c38e3654f2e4416c643fc25c.jpg?ver=1777051911","caption":"Tuzla Info"}}]}},"_links":{"self":[{"href":"https:\/\/tuzlainfo.ba\/index.php\/wp-json\/wp\/v2\/posts\/258144"}],"collection":[{"href":"https:\/\/tuzlainfo.ba\/index.php\/wp-json\/wp\/v2\/posts"}],"about":[{"href":"https:\/\/tuzlainfo.ba\/index.php\/wp-json\/wp\/v2\/types\/post"}],"author":[{"embeddable":true,"href":"https:\/\/tuzlainfo.ba\/index.php\/wp-json\/wp\/v2\/users\/4"}],"replies":[{"embeddable":true,"href":"https:\/\/tuzlainfo.ba\/index.php\/wp-json\/wp\/v2\/comments?post=258144"}],"version-history":[{"count":1,"href":"https:\/\/tuzlainfo.ba\/index.php\/wp-json\/wp\/v2\/posts\/258144\/revisions"}],"predecessor-version":[{"id":258146,"href":"https:\/\/tuzlainfo.ba\/index.php\/wp-json\/wp\/v2\/posts\/258144\/revisions\/258146"}],"wp:featuredmedia":[{"embeddable":true,"href":"https:\/\/tuzlainfo.ba\/index.php\/wp-json\/wp\/v2\/media\/258145"}],"wp:attachment":[{"href":"https:\/\/tuzlainfo.ba\/index.php\/wp-json\/wp\/v2\/media?parent=258144"}],"wp:term":[{"taxonomy":"category","embeddable":true,"href":"https:\/\/tuzlainfo.ba\/index.php\/wp-json\/wp\/v2\/categories?post=258144"},{"taxonomy":"post_tag","embeddable":true,"href":"https:\/\/tuzlainfo.ba\/index.php\/wp-json\/wp\/v2\/tags?post=258144"}],"curies":[{"name":"wp","href":"https:\/\/api.w.org\/{rel}","templated":true}]}}