{"id":258134,"date":"2024-12-17T16:05:53","date_gmt":"2024-12-17T15:05:53","guid":{"rendered":"https:\/\/tuzlainfo.ba\/?p=258134"},"modified":"2024-12-17T14:06:36","modified_gmt":"2024-12-17T13:06:36","slug":"tuzlanski-akademski-klub-pisao-vijecnicima-povecanja-cijene-grijanja-u-neizbornoj-godini-je-udar-na-malog-covjeka","status":"publish","type":"post","link":"https:\/\/tuzlainfo.ba\/index.php\/novosti\/item\/258134-tuzlanski-akademski-klub-pisao-vijecnicima-povecanja-cijene-grijanja-u-neizbornoj-godini-je-udar-na-malog-covjeka\/","title":{"rendered":"Tuzlanski akademski klub pisao vije\u0107nicima: Pove\u0107anja cijene grijanja u neizbornoj godini je udar na &#8220;malog \u010dovjeka&#8221;"},"content":{"rendered":"<p><span style=\"font-weight: 400;\">U povodu najave sjednice Gradskog vije\u0107a na kojoj \u0107e se raspravljati o visini iznosa pove\u0107anja cijene\u00a0 toplinske energije, Tuzlanski akademski klub odr\u017eao je vanrednu sesiju na ovu temu sa koje upu\u0107uje sa koje je uputio Otvoreno pismo v<\/span><span style=\"font-weight: 400;\">ije\u0107nicima Gradskog vije\u0107a Grada Tuzle.<\/span><\/p>\n<p>U pismu se navodi:<\/p>\n<p><span style=\"font-weight: 400;\">Tuzlanski akademski klub smatra da je pove\u0107anje cijene toplotne energije opravdano i neminovno. Ovaj potez je bio o\u010dekivan, ali istovremeno nejasno je \u010dime se vodilo pri formiranju prijedloga iznosa stope\u00a0 pove\u0107anja cijene. <\/span><span style=\"font-weight: 400;\">Cijena toplotne energije koju pla\u0107aju doma\u0107instva pokriva tek 60% proizvodne cijene iste.\u00a0 <\/span><span style=\"font-weight: 400;\">Nema razvoja i zanavljanja resursa i \u0161irenja infrastrukture bez tr\u017ei\u0161ne cijene energije. Investicijska\u00a0 sredstva moraju proiza\u0107i iz dobiti od prihoda.\u00a0\u00a0<\/span><\/p>\n<p><span style=\"font-weight: 400;\">Vlasti i odgovorni su se suvi\u0161e dugo pona\u0161ali snishodljivo spram bira\u010da na \u0161tetu gra\u0111ana odga\u0111aju\u0107i\u00a0 neminovno poskupljenje, a kako ne bi izazvali nezadovoljstvo i politi\u010dki kontraefekat.\u00a0 <\/span><span style=\"font-weight: 400;\">Nagovje\u0161taj pove\u0107anja cijene od 20% je udar na &#8216;malog \u010dovjeka&#8217; i dolazi u neizbornoj godini i u vrijeme\u00a0 kada su bud\u017eeti usvojeni. To zna\u010di da nema prostora, odnosno sredstava za socijalnu amortizaciju i\u00a0 pomo\u0107 najugro\u017eenijim kategorijama.\u00a0<\/span><\/p>\n<p><span style=\"font-weight: 400;\">Va\u017eno pitanje je i stanje proizovdnih resursa toplinske energije. Postoji stvarna opasnost od ispada,\u00a0 odnosno od prestanka isporuke toplinske energije uzrokovane ispadom proizvodnih resursa. <\/span><span style=\"font-weight: 400;\">Nejasno je koliko kvadratnih kilometara prostora zagrijava Termoelektrana Tuzla? Nejasan je i udio cijene elektri\u010dne energije u cijeni toplotne energije?\u00a0<\/span><\/p>\n<p><span style=\"font-weight: 400;\">Tuzlanski akademski klub je stava da je najavljeno poskupljenje toplinske energije opravdano, ali da se\u00a0 prilikom dono\u0161enja odluke o stopi pove\u0107anja cijene treba voditi principima transparentnosti, javnosti i\u00a0 odgovornosti spram gra\u0111anstva kao garancija da \u0107e se nadi\u0107i kratkoro\u010dni poslovni i politi\u010dki interesi\u00a0 vladaju\u0107e strukture.\u00a0<\/span><\/p>\n<p><span style=\"font-weight: 400;\">Stoga sugeri\u0161emo Gradskom vije\u0107u da osigura sukcesivno poskupljenje kroz narednih nekoliko godina\u00a0 kako bi osigurali dugoro\u010dnu stabilnost elektroenergetskog i sistema proizvodnje i snabdijevanja\u00a0 toplinskom energijom gra\u0111ana Tuzle. <\/span><span style=\"font-weight: 400;\">Tuzlanski akademski klub predla\u017ee pove\u0107anje cijene toplotne energije na na\u010din da se optere\u0107enje\u00a0 pove\u0107anja distribuira na najmanje dvije grijne sezone tako \u0161to \u0107e se prve godine cijena pove\u0107ati 10 %,\u00a0 a ostatak rasporediti na sljede\u0107e sezone sve do dostizanja tr\u017ei\u0161ne cijene toplinske energije.\u00a0<\/span><\/p>\n<p><span style=\"font-weight: 400;\">Na ovaj na\u010din izbje\u0107i \u0107e se zna\u010dajan udar na bud\u017eet gra\u0111ana, te amortizirati lanac poskupljenja koja \u0107e\u00a0 posljedi\u010dno uslijediti &#8211; navedeno je u Otvorenom pismu Tuzlanskog akademskog kluba.<\/span><\/p>\n","protected":false},"excerpt":{"rendered":"<p>U povodu najave sjednice Gradskog vije\u0107a na kojoj \u0107e se raspravljati o visini iznosa pove\u0107anja&hellip;<\/p>\n","protected":false},"author":2,"featured_media":257935,"comment_status":"closed","ping_status":"closed","sticky":false,"template":"","format":"standard","meta":{"_acf_changed":false,"footnotes":""},"categories":[304,12],"tags":[11634,2902,1866,10265],"acf":[],"yoast_head":"<!-- This site is optimized with the Yoast SEO plugin v23.5 - https:\/\/yoast.com\/wordpress\/plugins\/seo\/ -->\n<title>Tuzlanski akademski klub pisao vije\u0107nicima: Pove\u0107anja cijene grijanja u neizbornoj godini je udar na &quot;malog \u010dovjeka&quot; - TuzlaInfo.ba<\/title>\n<meta name=\"robots\" content=\"index, follow, max-snippet:-1, max-image-preview:large, max-video-preview:-1\" \/>\n<link rel=\"canonical\" href=\"https:\/\/tuzlainfo.ba\/index.php\/novosti\/item\/258134-tuzlanski-akademski-klub-pisao-vijecnicima-povecanja-cijene-grijanja-u-neizbornoj-godini-je-udar-na-malog-covjeka\/\" \/>\n<meta property=\"og:locale\" content=\"bs_BA\" \/>\n<meta property=\"og:type\" content=\"article\" \/>\n<meta property=\"og:title\" content=\"Tuzlanski akademski klub pisao vije\u0107nicima: Pove\u0107anja cijene grijanja u neizbornoj godini je udar na &quot;malog \u010dovjeka&quot; - TuzlaInfo.ba\" \/>\n<meta property=\"og:description\" content=\"U povodu najave sjednice Gradskog vije\u0107a na kojoj \u0107e se raspravljati o visini iznosa pove\u0107anja&hellip;\" \/>\n<meta property=\"og:url\" content=\"https:\/\/tuzlainfo.ba\/index.php\/novosti\/item\/258134-tuzlanski-akademski-klub-pisao-vijecnicima-povecanja-cijene-grijanja-u-neizbornoj-godini-je-udar-na-malog-covjeka\/\" \/>\n<meta property=\"og:site_name\" content=\"TuzlaInfo.ba\" \/>\n<meta property=\"article:publisher\" content=\"https:\/\/www.facebook.com\/tuzlainfo.ba\/\" \/>\n<meta property=\"article:published_time\" content=\"2024-12-17T15:05:53+00:00\" \/>\n<meta property=\"article:modified_time\" content=\"2024-12-17T13:06:36+00:00\" \/>\n<meta property=\"og:image\" content=\"https:\/\/tuzlainfo.ba\/wp-content\/uploads\/2024\/12\/1501_gradsko-vijece-Tuzla.jpg\" \/>\n\t<meta property=\"og:image:width\" content=\"1000\" \/>\n\t<meta property=\"og:image:height\" content=\"579\" \/>\n\t<meta property=\"og:image:type\" content=\"image\/jpeg\" \/>\n<meta name=\"author\" content=\"nedim\" \/>\n<meta name=\"twitter:card\" content=\"summary_large_image\" \/>\n<meta name=\"twitter:label1\" content=\"Written by\" \/>\n\t<meta name=\"twitter:data1\" content=\"nedim\" \/>\n\t<meta name=\"twitter:label2\" content=\"Est. reading time\" \/>\n\t<meta name=\"twitter:data2\" content=\"3 minute\" \/>\n<script type=\"application\/ld+json\" class=\"yoast-schema-graph\">{\"@context\":\"https:\/\/schema.org\",\"@graph\":[{\"@type\":\"Article\",\"@id\":\"https:\/\/tuzlainfo.ba\/index.php\/novosti\/item\/258134-tuzlanski-akademski-klub-pisao-vijecnicima-povecanja-cijene-grijanja-u-neizbornoj-godini-je-udar-na-malog-covjeka\/#article\",\"isPartOf\":{\"@id\":\"https:\/\/tuzlainfo.ba\/index.php\/novosti\/item\/258134-tuzlanski-akademski-klub-pisao-vijecnicima-povecanja-cijene-grijanja-u-neizbornoj-godini-je-udar-na-malog-covjeka\/\"},\"author\":{\"name\":\"nedim\",\"@id\":\"https:\/\/tuzlainfo.ba\/#\/schema\/person\/f434e20dc27ea133923aab08451b7f7f\"},\"headline\":\"Tuzlanski akademski klub pisao vije\u0107nicima: Pove\u0107anja cijene grijanja u neizbornoj godini je udar na &#8220;malog \u010dovjeka&#8221;\",\"datePublished\":\"2024-12-17T15:05:53+00:00\",\"dateModified\":\"2024-12-17T13:06:36+00:00\",\"mainEntityOfPage\":{\"@id\":\"https:\/\/tuzlainfo.ba\/index.php\/novosti\/item\/258134-tuzlanski-akademski-klub-pisao-vijecnicima-povecanja-cijene-grijanja-u-neizbornoj-godini-je-udar-na-malog-covjeka\/\"},\"wordCount\":427,\"publisher\":{\"@id\":\"https:\/\/tuzlainfo.ba\/#organization\"},\"image\":{\"@id\":\"https:\/\/tuzlainfo.ba\/index.php\/novosti\/item\/258134-tuzlanski-akademski-klub-pisao-vijecnicima-povecanja-cijene-grijanja-u-neizbornoj-godini-je-udar-na-malog-covjeka\/#primaryimage\"},\"thumbnailUrl\":\"https:\/\/tuzlainfo.ba\/wp-content\/uploads\/2024\/12\/1501_gradsko-vijece-Tuzla.jpg\",\"keywords\":[\"cijena grijanja\",\"grijanje tuzla\",\"poskupljenje\",\"Tuzlanski akademski klub\"],\"articleSection\":[\"Istaknuto\",\"Novosti\"],\"inLanguage\":\"bs-BA\"},{\"@type\":\"WebPage\",\"@id\":\"https:\/\/tuzlainfo.ba\/index.php\/novosti\/item\/258134-tuzlanski-akademski-klub-pisao-vijecnicima-povecanja-cijene-grijanja-u-neizbornoj-godini-je-udar-na-malog-covjeka\/\",\"url\":\"https:\/\/tuzlainfo.ba\/index.php\/novosti\/item\/258134-tuzlanski-akademski-klub-pisao-vijecnicima-povecanja-cijene-grijanja-u-neizbornoj-godini-je-udar-na-malog-covjeka\/\",\"name\":\"Tuzlanski akademski klub pisao vije\u0107nicima: Pove\u0107anja cijene grijanja u neizbornoj godini je udar na \\\"malog \u010dovjeka\\\" - TuzlaInfo.ba\",\"isPartOf\":{\"@id\":\"https:\/\/tuzlainfo.ba\/#website\"},\"primaryImageOfPage\":{\"@id\":\"https:\/\/tuzlainfo.ba\/index.php\/novosti\/item\/258134-tuzlanski-akademski-klub-pisao-vijecnicima-povecanja-cijene-grijanja-u-neizbornoj-godini-je-udar-na-malog-covjeka\/#primaryimage\"},\"image\":{\"@id\":\"https:\/\/tuzlainfo.ba\/index.php\/novosti\/item\/258134-tuzlanski-akademski-klub-pisao-vijecnicima-povecanja-cijene-grijanja-u-neizbornoj-godini-je-udar-na-malog-covjeka\/#primaryimage\"},\"thumbnailUrl\":\"https:\/\/tuzlainfo.ba\/wp-content\/uploads\/2024\/12\/1501_gradsko-vijece-Tuzla.jpg\",\"datePublished\":\"2024-12-17T15:05:53+00:00\",\"dateModified\":\"2024-12-17T13:06:36+00:00\",\"breadcrumb\":{\"@id\":\"https:\/\/tuzlainfo.ba\/index.php\/novosti\/item\/258134-tuzlanski-akademski-klub-pisao-vijecnicima-povecanja-cijene-grijanja-u-neizbornoj-godini-je-udar-na-malog-covjeka\/#breadcrumb\"},\"inLanguage\":\"bs-BA\",\"potentialAction\":[{\"@type\":\"ReadAction\",\"target\":[\"https:\/\/tuzlainfo.ba\/index.php\/novosti\/item\/258134-tuzlanski-akademski-klub-pisao-vijecnicima-povecanja-cijene-grijanja-u-neizbornoj-godini-je-udar-na-malog-covjeka\/\"]}]},{\"@type\":\"ImageObject\",\"inLanguage\":\"bs-BA\",\"@id\":\"https:\/\/tuzlainfo.ba\/index.php\/novosti\/item\/258134-tuzlanski-akademski-klub-pisao-vijecnicima-povecanja-cijene-grijanja-u-neizbornoj-godini-je-udar-na-malog-covjeka\/#primaryimage\",\"url\":\"https:\/\/tuzlainfo.ba\/wp-content\/uploads\/2024\/12\/1501_gradsko-vijece-Tuzla.jpg\",\"contentUrl\":\"https:\/\/tuzlainfo.ba\/wp-content\/uploads\/2024\/12\/1501_gradsko-vijece-Tuzla.jpg\",\"width\":1000,\"height\":579,\"caption\":\"Gradsko vije\u0107e Tuzla\"},{\"@type\":\"BreadcrumbList\",\"@id\":\"https:\/\/tuzlainfo.ba\/index.php\/novosti\/item\/258134-tuzlanski-akademski-klub-pisao-vijecnicima-povecanja-cijene-grijanja-u-neizbornoj-godini-je-udar-na-malog-covjeka\/#breadcrumb\",\"itemListElement\":[{\"@type\":\"ListItem\",\"position\":1,\"name\":\"Home\",\"item\":\"https:\/\/tuzlainfo.ba\/\"},{\"@type\":\"ListItem\",\"position\":2,\"name\":\"Tuzlanski akademski klub pisao vije\u0107nicima: Pove\u0107anja cijene grijanja u neizbornoj godini je udar na &#8220;malog \u010dovjeka&#8221;\"}]},{\"@type\":\"WebSite\",\"@id\":\"https:\/\/tuzlainfo.ba\/#website\",\"url\":\"https:\/\/tuzlainfo.ba\/\",\"name\":\"TuzlaInfo.ba\",\"description\":\"Tuzla info, gradski informator - Tuzla na dlanu\",\"publisher\":{\"@id\":\"https:\/\/tuzlainfo.ba\/#organization\"},\"potentialAction\":[{\"@type\":\"SearchAction\",\"target\":{\"@type\":\"EntryPoint\",\"urlTemplate\":\"https:\/\/tuzlainfo.ba\/?s={search_term_string}\"},\"query-input\":{\"@type\":\"PropertyValueSpecification\",\"valueRequired\":true,\"valueName\":\"search_term_string\"}}],\"inLanguage\":\"bs-BA\"},{\"@type\":\"Organization\",\"@id\":\"https:\/\/tuzlainfo.ba\/#organization\",\"name\":\"TuzlaInfo.ba\",\"url\":\"https:\/\/tuzlainfo.ba\/\",\"logo\":{\"@type\":\"ImageObject\",\"inLanguage\":\"bs-BA\",\"@id\":\"https:\/\/tuzlainfo.ba\/#\/schema\/logo\/image\/\",\"url\":\"https:\/\/tuzlainfo.ba\/wp-content\/uploads\/2021\/03\/logo-ver-3-1.png\",\"contentUrl\":\"https:\/\/tuzlainfo.ba\/wp-content\/uploads\/2021\/03\/logo-ver-3-1.png\",\"width\":350,\"height\":95,\"caption\":\"TuzlaInfo.ba\"},\"image\":{\"@id\":\"https:\/\/tuzlainfo.ba\/#\/schema\/logo\/image\/\"},\"sameAs\":[\"https:\/\/www.facebook.com\/tuzlainfo.ba\/\"]},{\"@type\":\"Person\",\"@id\":\"https:\/\/tuzlainfo.ba\/#\/schema\/person\/f434e20dc27ea133923aab08451b7f7f\",\"name\":\"nedim\",\"image\":{\"@type\":\"ImageObject\",\"inLanguage\":\"bs-BA\",\"@id\":\"https:\/\/tuzlainfo.ba\/#\/schema\/person\/image\/\",\"url\":\"https:\/\/tuzlainfo.ba\/wp-content\/litespeed\/avatar\/aabad687af24844af817603ac1cbdc4f.jpg?ver=1777306975\",\"contentUrl\":\"https:\/\/tuzlainfo.ba\/wp-content\/litespeed\/avatar\/aabad687af24844af817603ac1cbdc4f.jpg?ver=1777306975\",\"caption\":\"nedim\"},\"description\":\"Tuzlainfo.ba pratite na dru\u0161tvenim mre\u017eama: Facebook, Instagram i Youtube. Svoje pri\u010de, upite i fotografije \u0161aljite na na\u0161u e-mail adresu.\"}]}<\/script>\n<!-- \/ Yoast SEO plugin. -->","yoast_head_json":{"title":"Tuzlanski akademski klub pisao vije\u0107nicima: Pove\u0107anja cijene grijanja u neizbornoj godini je udar na \"malog \u010dovjeka\" - TuzlaInfo.ba","robots":{"index":"index","follow":"follow","max-snippet":"max-snippet:-1","max-image-preview":"max-image-preview:large","max-video-preview":"max-video-preview:-1"},"canonical":"https:\/\/tuzlainfo.ba\/index.php\/novosti\/item\/258134-tuzlanski-akademski-klub-pisao-vijecnicima-povecanja-cijene-grijanja-u-neizbornoj-godini-je-udar-na-malog-covjeka\/","og_locale":"bs_BA","og_type":"article","og_title":"Tuzlanski akademski klub pisao vije\u0107nicima: Pove\u0107anja cijene grijanja u neizbornoj godini je udar na \"malog \u010dovjeka\" - TuzlaInfo.ba","og_description":"U povodu najave sjednice Gradskog vije\u0107a na kojoj \u0107e se raspravljati o visini iznosa pove\u0107anja&hellip;","og_url":"https:\/\/tuzlainfo.ba\/index.php\/novosti\/item\/258134-tuzlanski-akademski-klub-pisao-vijecnicima-povecanja-cijene-grijanja-u-neizbornoj-godini-je-udar-na-malog-covjeka\/","og_site_name":"TuzlaInfo.ba","article_publisher":"https:\/\/www.facebook.com\/tuzlainfo.ba\/","article_published_time":"2024-12-17T15:05:53+00:00","article_modified_time":"2024-12-17T13:06:36+00:00","og_image":[{"width":1000,"height":579,"url":"https:\/\/tuzlainfo.ba\/wp-content\/uploads\/2024\/12\/1501_gradsko-vijece-Tuzla.jpg","type":"image\/jpeg"}],"author":"nedim","twitter_card":"summary_large_image","twitter_misc":{"Written by":"nedim","Est. reading time":"3 minute"},"schema":{"@context":"https:\/\/schema.org","@graph":[{"@type":"Article","@id":"https:\/\/tuzlainfo.ba\/index.php\/novosti\/item\/258134-tuzlanski-akademski-klub-pisao-vijecnicima-povecanja-cijene-grijanja-u-neizbornoj-godini-je-udar-na-malog-covjeka\/#article","isPartOf":{"@id":"https:\/\/tuzlainfo.ba\/index.php\/novosti\/item\/258134-tuzlanski-akademski-klub-pisao-vijecnicima-povecanja-cijene-grijanja-u-neizbornoj-godini-je-udar-na-malog-covjeka\/"},"author":{"name":"nedim","@id":"https:\/\/tuzlainfo.ba\/#\/schema\/person\/f434e20dc27ea133923aab08451b7f7f"},"headline":"Tuzlanski akademski klub pisao vije\u0107nicima: Pove\u0107anja cijene grijanja u neizbornoj godini je udar na &#8220;malog \u010dovjeka&#8221;","datePublished":"2024-12-17T15:05:53+00:00","dateModified":"2024-12-17T13:06:36+00:00","mainEntityOfPage":{"@id":"https:\/\/tuzlainfo.ba\/index.php\/novosti\/item\/258134-tuzlanski-akademski-klub-pisao-vijecnicima-povecanja-cijene-grijanja-u-neizbornoj-godini-je-udar-na-malog-covjeka\/"},"wordCount":427,"publisher":{"@id":"https:\/\/tuzlainfo.ba\/#organization"},"image":{"@id":"https:\/\/tuzlainfo.ba\/index.php\/novosti\/item\/258134-tuzlanski-akademski-klub-pisao-vijecnicima-povecanja-cijene-grijanja-u-neizbornoj-godini-je-udar-na-malog-covjeka\/#primaryimage"},"thumbnailUrl":"https:\/\/tuzlainfo.ba\/wp-content\/uploads\/2024\/12\/1501_gradsko-vijece-Tuzla.jpg","keywords":["cijena grijanja","grijanje tuzla","poskupljenje","Tuzlanski akademski klub"],"articleSection":["Istaknuto","Novosti"],"inLanguage":"bs-BA"},{"@type":"WebPage","@id":"https:\/\/tuzlainfo.ba\/index.php\/novosti\/item\/258134-tuzlanski-akademski-klub-pisao-vijecnicima-povecanja-cijene-grijanja-u-neizbornoj-godini-je-udar-na-malog-covjeka\/","url":"https:\/\/tuzlainfo.ba\/index.php\/novosti\/item\/258134-tuzlanski-akademski-klub-pisao-vijecnicima-povecanja-cijene-grijanja-u-neizbornoj-godini-je-udar-na-malog-covjeka\/","name":"Tuzlanski akademski klub pisao vije\u0107nicima: Pove\u0107anja cijene grijanja u neizbornoj godini je udar na \"malog \u010dovjeka\" - TuzlaInfo.ba","isPartOf":{"@id":"https:\/\/tuzlainfo.ba\/#website"},"primaryImageOfPage":{"@id":"https:\/\/tuzlainfo.ba\/index.php\/novosti\/item\/258134-tuzlanski-akademski-klub-pisao-vijecnicima-povecanja-cijene-grijanja-u-neizbornoj-godini-je-udar-na-malog-covjeka\/#primaryimage"},"image":{"@id":"https:\/\/tuzlainfo.ba\/index.php\/novosti\/item\/258134-tuzlanski-akademski-klub-pisao-vijecnicima-povecanja-cijene-grijanja-u-neizbornoj-godini-je-udar-na-malog-covjeka\/#primaryimage"},"thumbnailUrl":"https:\/\/tuzlainfo.ba\/wp-content\/uploads\/2024\/12\/1501_gradsko-vijece-Tuzla.jpg","datePublished":"2024-12-17T15:05:53+00:00","dateModified":"2024-12-17T13:06:36+00:00","breadcrumb":{"@id":"https:\/\/tuzlainfo.ba\/index.php\/novosti\/item\/258134-tuzlanski-akademski-klub-pisao-vijecnicima-povecanja-cijene-grijanja-u-neizbornoj-godini-je-udar-na-malog-covjeka\/#breadcrumb"},"inLanguage":"bs-BA","potentialAction":[{"@type":"ReadAction","target":["https:\/\/tuzlainfo.ba\/index.php\/novosti\/item\/258134-tuzlanski-akademski-klub-pisao-vijecnicima-povecanja-cijene-grijanja-u-neizbornoj-godini-je-udar-na-malog-covjeka\/"]}]},{"@type":"ImageObject","inLanguage":"bs-BA","@id":"https:\/\/tuzlainfo.ba\/index.php\/novosti\/item\/258134-tuzlanski-akademski-klub-pisao-vijecnicima-povecanja-cijene-grijanja-u-neizbornoj-godini-je-udar-na-malog-covjeka\/#primaryimage","url":"https:\/\/tuzlainfo.ba\/wp-content\/uploads\/2024\/12\/1501_gradsko-vijece-Tuzla.jpg","contentUrl":"https:\/\/tuzlainfo.ba\/wp-content\/uploads\/2024\/12\/1501_gradsko-vijece-Tuzla.jpg","width":1000,"height":579,"caption":"Gradsko vije\u0107e Tuzla"},{"@type":"BreadcrumbList","@id":"https:\/\/tuzlainfo.ba\/index.php\/novosti\/item\/258134-tuzlanski-akademski-klub-pisao-vijecnicima-povecanja-cijene-grijanja-u-neizbornoj-godini-je-udar-na-malog-covjeka\/#breadcrumb","itemListElement":[{"@type":"ListItem","position":1,"name":"Home","item":"https:\/\/tuzlainfo.ba\/"},{"@type":"ListItem","position":2,"name":"Tuzlanski akademski klub pisao vije\u0107nicima: Pove\u0107anja cijene grijanja u neizbornoj godini je udar na &#8220;malog \u010dovjeka&#8221;"}]},{"@type":"WebSite","@id":"https:\/\/tuzlainfo.ba\/#website","url":"https:\/\/tuzlainfo.ba\/","name":"TuzlaInfo.ba","description":"Tuzla info, gradski informator - Tuzla na dlanu","publisher":{"@id":"https:\/\/tuzlainfo.ba\/#organization"},"potentialAction":[{"@type":"SearchAction","target":{"@type":"EntryPoint","urlTemplate":"https:\/\/tuzlainfo.ba\/?s={search_term_string}"},"query-input":{"@type":"PropertyValueSpecification","valueRequired":true,"valueName":"search_term_string"}}],"inLanguage":"bs-BA"},{"@type":"Organization","@id":"https:\/\/tuzlainfo.ba\/#organization","name":"TuzlaInfo.ba","url":"https:\/\/tuzlainfo.ba\/","logo":{"@type":"ImageObject","inLanguage":"bs-BA","@id":"https:\/\/tuzlainfo.ba\/#\/schema\/logo\/image\/","url":"https:\/\/tuzlainfo.ba\/wp-content\/uploads\/2021\/03\/logo-ver-3-1.png","contentUrl":"https:\/\/tuzlainfo.ba\/wp-content\/uploads\/2021\/03\/logo-ver-3-1.png","width":350,"height":95,"caption":"TuzlaInfo.ba"},"image":{"@id":"https:\/\/tuzlainfo.ba\/#\/schema\/logo\/image\/"},"sameAs":["https:\/\/www.facebook.com\/tuzlainfo.ba\/"]},{"@type":"Person","@id":"https:\/\/tuzlainfo.ba\/#\/schema\/person\/f434e20dc27ea133923aab08451b7f7f","name":"nedim","image":{"@type":"ImageObject","inLanguage":"bs-BA","@id":"https:\/\/tuzlainfo.ba\/#\/schema\/person\/image\/","url":"https:\/\/tuzlainfo.ba\/wp-content\/litespeed\/avatar\/aabad687af24844af817603ac1cbdc4f.jpg?ver=1777306975","contentUrl":"https:\/\/tuzlainfo.ba\/wp-content\/litespeed\/avatar\/aabad687af24844af817603ac1cbdc4f.jpg?ver=1777306975","caption":"nedim"},"description":"Tuzlainfo.ba pratite na dru\u0161tvenim mre\u017eama: Facebook, Instagram i Youtube. Svoje pri\u010de, upite i fotografije \u0161aljite na na\u0161u e-mail adresu."}]}},"_links":{"self":[{"href":"https:\/\/tuzlainfo.ba\/index.php\/wp-json\/wp\/v2\/posts\/258134"}],"collection":[{"href":"https:\/\/tuzlainfo.ba\/index.php\/wp-json\/wp\/v2\/posts"}],"about":[{"href":"https:\/\/tuzlainfo.ba\/index.php\/wp-json\/wp\/v2\/types\/post"}],"author":[{"embeddable":true,"href":"https:\/\/tuzlainfo.ba\/index.php\/wp-json\/wp\/v2\/users\/2"}],"replies":[{"embeddable":true,"href":"https:\/\/tuzlainfo.ba\/index.php\/wp-json\/wp\/v2\/comments?post=258134"}],"version-history":[{"count":1,"href":"https:\/\/tuzlainfo.ba\/index.php\/wp-json\/wp\/v2\/posts\/258134\/revisions"}],"predecessor-version":[{"id":258135,"href":"https:\/\/tuzlainfo.ba\/index.php\/wp-json\/wp\/v2\/posts\/258134\/revisions\/258135"}],"wp:featuredmedia":[{"embeddable":true,"href":"https:\/\/tuzlainfo.ba\/index.php\/wp-json\/wp\/v2\/media\/257935"}],"wp:attachment":[{"href":"https:\/\/tuzlainfo.ba\/index.php\/wp-json\/wp\/v2\/media?parent=258134"}],"wp:term":[{"taxonomy":"category","embeddable":true,"href":"https:\/\/tuzlainfo.ba\/index.php\/wp-json\/wp\/v2\/categories?post=258134"},{"taxonomy":"post_tag","embeddable":true,"href":"https:\/\/tuzlainfo.ba\/index.php\/wp-json\/wp\/v2\/tags?post=258134"}],"curies":[{"name":"wp","href":"https:\/\/api.w.org\/{rel}","templated":true}]}}