{"id":258119,"date":"2024-12-17T11:40:10","date_gmt":"2024-12-17T10:40:10","guid":{"rendered":"https:\/\/tuzlainfo.ba\/?p=258119"},"modified":"2024-12-17T11:40:10","modified_gmt":"2024-12-17T10:40:10","slug":"husic-pojasnio-svoje-odluke-neki-ce-igraci-ostati-situacija-je-teza-nego-2012-godine","status":"publish","type":"post","link":"https:\/\/tuzlainfo.ba\/index.php\/novosti\/item\/258119-husic-pojasnio-svoje-odluke-neki-ce-igraci-ostati-situacija-je-teza-nego-2012-godine\/","title":{"rendered":"Husi\u0107 pojasnio svoje odluke: Neki \u0107e igra\u010di ostati, situacija je te\u017ea nego 2012. godine"},"content":{"rendered":"<p>Prvi \u010dovjek tuzlanske Slobode, Azmir Husi\u0107, odr\u017eao je danas press konferenciju nakon o\u010dajnog izdanja kluba s Tu\u0161nja u prvom dijelu sezone WWin lige Bosne i Hercegovine. Husi\u0107 je potvrdio da Zlatan Nali\u0107 vi\u0161e nije trener ovog tima, ali i da je odlu\u010dio da otpusti cijelu ekipu Slobode \u0161to je zaista nezapam\u0107eno.<\/p>\n<p>Nakon povratka u dru\u0161tvo najbolje od Slobode su se o\u010dekivali dosta bolji rezultati u WWin ligi, ali je tuzlanski klub nakon prvog dijela sezone i 17 odigranih kola uspio da osvoji samo dva boda &#8211; pi\u0161e <a href=\"https:\/\/sportsport.ba\/fudbal\/fk-sloboda-tuzla-azmir-husic-press-konferencija\/488290\"><strong>Sportsport.ba<\/strong><\/a><\/p>\n<p>Sloboda je jedina ekipa u ligi koja nije uspjela da ostvari pobjedu, a Husi\u0107 je nakon prvog dijela sezone odlu\u010dio reagovati i zahvaliti se na saradnji treneru Zlatanu Nali\u0107u kao i cijelom igra\u010dkom kadru ovog tima. Sa svim igra\u010dima je odlu\u010deno da se raskine saradnja, ali neki od njih \u0107e vjerovatno ostati u Slobodi do kraja sezone jer bi trebali potpisati nove ugovore.<\/p>\n<p>&#8220;Ju\u010der mi je bio jedan od najte\u017eih dana jer sam morao re\u0107i igra\u010dima Slobode da vi\u0161e nisu dio ovog kluba. Ve\u0107ina je to prihvatila. Mo\u017eda sedam njih je ve\u0107 do\u0161lo i potpisali su raskide, a o\u010dekujem da \u0107e i ostali u narednim danima. Vjerujem u ovaj klub i nadam se da \u0107emo u narednom dijelu uzeti vi\u0161e bodova. Mo\u017eemo napraviti bolju ekipu od ove koju smo imali. I sa Nali\u0107em smo zavr\u0161ili i on vi\u0161e nije na\u0161 trener&#8221;, kazao je Husi\u0107.<\/p>\n<p>Dodao je i da vjeruje da bi bolje rezultate ekipa ostvarila da su samo ekipu pravili od igra\u010da iz Tuzlanskog kantona i Prve lige FBiH.<\/p>\n<p>&#8220;Poduzeo sam korak koji bi slabo ko drugi poduzeo. Mislim da mo\u017eemo napraviti ekipu bolju od ove koja je osvojila samo dva boda. Kada bismo pokupili smo igra\u010de iz kantona i Prve lige napravili bismo vi\u0161e, siguran sam u to. Ve\u0107 prije ru\u010dka sa trenerom Nali\u0107em smo dogovorili da nema smisla za daljnju saradnju. Jedan od njegovih zahtjeva je bio da saradnja treba prestati. I kada je do\u0161ao dogovor je bio da bude tu do kraja polusezonu pa da vidimo \u0161ta dalje&#8221;.<\/p>\n<p>&#8220;Mislim da je potrebno neko novo lice koje \u0107e poku\u0161ati da se uhvati u ko\u0161tac sa svim. Bit \u0107e te\u0161ko napraviti novu ekipu, ali izvodljivo. S nekim igra\u010dima ovdje \u0107emo razgovarati. Postojali su neki ugovori koji su neprihvatljivi i zato sam smatrao da sve treba raskinuti. Napravit \u0107emo nove ugovore, koji nisu i mimo zakona. Svima je re\u010deno da su slobodni i da ugovori idu na raskidanje. A nakon raskidanja \u0107emo uz novog \u0161efa pri\u0107i jednom broju igra\u010da koji su nosili dres Slobode u prvom dijelu sezone. Probat \u0107emo napraviti dogovore koji su realniji od trenutnih&#8221;.<\/p>\n<p>Prvi \u010dovjek Slobode osvrnuo se i na stanje koje vlada u ovom klubu, te otkrio kakve planove ima kada je u pitanju proljetni dio sezone koji \u0107e za Tuzlake sigurno biti itekako izazovan.<\/p>\n<p>&#8220;Vrlo brzo ide nastavak Premijer lige, ve\u0107 14. ili 15. februara. Ova pauza ne\u0107e biti ne\u0161to dugo, nekih dvadesetak dana, a onda idu pripreme. Osvrnut \u0107u se na stanje u Slobodi, ono generalno, od unutra\u0161njih stvari pa do ostalih. Skup\u0161tina je izabrala mene za predsjednika. Donijeli smo neke odluke, doveli smo par igra\u010da uz dogovor sa strukom, koliko je mogu\u0107e tada bilo da ne\u0161to napravimo&#8221;, govori Husi\u0107 i nastavlja.<\/p>\n<p>&#8220;Ulaskom u papire smo vidjeli da je stanje vi\u0161e nego te\u0161ko. Mogu da ka\u017eem da je te\u017ee nego 2012. godine. Ra\u010dun je i danas blokiran. Istinski, sve nam to ote\u017eava funkcionisanje. Ne znamo vi\u0161e ni koliko se blokada nagomilalo. Bili su tu u po\u010detku manji iznosi, ali nakon deponovanja novca dobili smo informaciju da su iznosi mnogo ve\u0107i. Tra\u017eimo ta\u010dne podatke, \u010dekamo informacije, nadamo se da \u0107emo to dobiti u narednim danima&#8221;.<\/p>\n<p>Tako\u0111er, Husi\u0107 isti\u010de da su dugovanja i dalje najve\u0107i problem Slobode, pi\u0161e <strong>Sportsport.ba<\/strong>.<\/p>\n","protected":false},"excerpt":{"rendered":"<p>Prvi \u010dovjek tuzlanske Slobode, Azmir Husi\u0107, odr\u017eao je danas press konferenciju nakon o\u010dajnog izdanja kluba&hellip;<\/p>\n","protected":false},"author":2,"featured_media":208578,"comment_status":"closed","ping_status":"closed","sticky":false,"template":"","format":"standard","meta":{"_acf_changed":false,"footnotes":""},"categories":[304,12],"tags":[4807,466,915],"acf":[],"yoast_head":"<!-- This site is optimized with the Yoast SEO plugin v23.5 - https:\/\/yoast.com\/wordpress\/plugins\/seo\/ -->\n<title>Husi\u0107 pojasnio svoje odluke: Neki \u0107e igra\u010di ostati, situacija je te\u017ea nego 2012. godine - TuzlaInfo.ba<\/title>\n<meta name=\"robots\" content=\"index, follow, max-snippet:-1, max-image-preview:large, max-video-preview:-1\" \/>\n<link rel=\"canonical\" href=\"https:\/\/tuzlainfo.ba\/index.php\/novosti\/item\/258119-husic-pojasnio-svoje-odluke-neki-ce-igraci-ostati-situacija-je-teza-nego-2012-godine\/\" \/>\n<meta property=\"og:locale\" content=\"bs_BA\" \/>\n<meta property=\"og:type\" content=\"article\" \/>\n<meta property=\"og:title\" content=\"Husi\u0107 pojasnio svoje odluke: Neki \u0107e igra\u010di ostati, situacija je te\u017ea nego 2012. godine - TuzlaInfo.ba\" \/>\n<meta property=\"og:description\" content=\"Prvi \u010dovjek tuzlanske Slobode, Azmir Husi\u0107, odr\u017eao je danas press konferenciju nakon o\u010dajnog izdanja kluba&hellip;\" \/>\n<meta property=\"og:url\" content=\"https:\/\/tuzlainfo.ba\/index.php\/novosti\/item\/258119-husic-pojasnio-svoje-odluke-neki-ce-igraci-ostati-situacija-je-teza-nego-2012-godine\/\" \/>\n<meta property=\"og:site_name\" content=\"TuzlaInfo.ba\" \/>\n<meta property=\"article:publisher\" content=\"https:\/\/www.facebook.com\/tuzlainfo.ba\/\" \/>\n<meta property=\"article:published_time\" content=\"2024-12-17T10:40:10+00:00\" \/>\n<meta property=\"og:image\" content=\"https:\/\/tuzlainfo.ba\/wp-content\/uploads\/2023\/06\/2506_azmir_husic.jpg\" \/>\n\t<meta property=\"og:image:width\" content=\"1024\" \/>\n\t<meta property=\"og:image:height\" content=\"597\" \/>\n\t<meta property=\"og:image:type\" content=\"image\/jpeg\" \/>\n<meta name=\"author\" content=\"nedim\" \/>\n<meta name=\"twitter:card\" content=\"summary_large_image\" \/>\n<meta name=\"twitter:label1\" content=\"Written by\" \/>\n\t<meta name=\"twitter:data1\" content=\"nedim\" \/>\n\t<meta name=\"twitter:label2\" content=\"Est. reading time\" \/>\n\t<meta name=\"twitter:data2\" content=\"4 minute\" \/>\n<script type=\"application\/ld+json\" class=\"yoast-schema-graph\">{\"@context\":\"https:\/\/schema.org\",\"@graph\":[{\"@type\":\"Article\",\"@id\":\"https:\/\/tuzlainfo.ba\/index.php\/novosti\/item\/258119-husic-pojasnio-svoje-odluke-neki-ce-igraci-ostati-situacija-je-teza-nego-2012-godine\/#article\",\"isPartOf\":{\"@id\":\"https:\/\/tuzlainfo.ba\/index.php\/novosti\/item\/258119-husic-pojasnio-svoje-odluke-neki-ce-igraci-ostati-situacija-je-teza-nego-2012-godine\/\"},\"author\":{\"name\":\"nedim\",\"@id\":\"https:\/\/tuzlainfo.ba\/#\/schema\/person\/f434e20dc27ea133923aab08451b7f7f\"},\"headline\":\"Husi\u0107 pojasnio svoje odluke: Neki \u0107e igra\u010di ostati, situacija je te\u017ea nego 2012. godine\",\"datePublished\":\"2024-12-17T10:40:10+00:00\",\"dateModified\":\"2024-12-17T10:40:10+00:00\",\"mainEntityOfPage\":{\"@id\":\"https:\/\/tuzlainfo.ba\/index.php\/novosti\/item\/258119-husic-pojasnio-svoje-odluke-neki-ce-igraci-ostati-situacija-je-teza-nego-2012-godine\/\"},\"wordCount\":699,\"publisher\":{\"@id\":\"https:\/\/tuzlainfo.ba\/#organization\"},\"image\":{\"@id\":\"https:\/\/tuzlainfo.ba\/index.php\/novosti\/item\/258119-husic-pojasnio-svoje-odluke-neki-ce-igraci-ostati-situacija-je-teza-nego-2012-godine\/#primaryimage\"},\"thumbnailUrl\":\"https:\/\/tuzlainfo.ba\/wp-content\/uploads\/2023\/06\/2506_azmir_husic.jpg\",\"keywords\":[\"azmir husic\",\"fk sloboda\",\"sport\"],\"articleSection\":[\"Istaknuto\",\"Novosti\"],\"inLanguage\":\"bs-BA\"},{\"@type\":\"WebPage\",\"@id\":\"https:\/\/tuzlainfo.ba\/index.php\/novosti\/item\/258119-husic-pojasnio-svoje-odluke-neki-ce-igraci-ostati-situacija-je-teza-nego-2012-godine\/\",\"url\":\"https:\/\/tuzlainfo.ba\/index.php\/novosti\/item\/258119-husic-pojasnio-svoje-odluke-neki-ce-igraci-ostati-situacija-je-teza-nego-2012-godine\/\",\"name\":\"Husi\u0107 pojasnio svoje odluke: Neki \u0107e igra\u010di ostati, situacija je te\u017ea nego 2012. godine - TuzlaInfo.ba\",\"isPartOf\":{\"@id\":\"https:\/\/tuzlainfo.ba\/#website\"},\"primaryImageOfPage\":{\"@id\":\"https:\/\/tuzlainfo.ba\/index.php\/novosti\/item\/258119-husic-pojasnio-svoje-odluke-neki-ce-igraci-ostati-situacija-je-teza-nego-2012-godine\/#primaryimage\"},\"image\":{\"@id\":\"https:\/\/tuzlainfo.ba\/index.php\/novosti\/item\/258119-husic-pojasnio-svoje-odluke-neki-ce-igraci-ostati-situacija-je-teza-nego-2012-godine\/#primaryimage\"},\"thumbnailUrl\":\"https:\/\/tuzlainfo.ba\/wp-content\/uploads\/2023\/06\/2506_azmir_husic.jpg\",\"datePublished\":\"2024-12-17T10:40:10+00:00\",\"dateModified\":\"2024-12-17T10:40:10+00:00\",\"breadcrumb\":{\"@id\":\"https:\/\/tuzlainfo.ba\/index.php\/novosti\/item\/258119-husic-pojasnio-svoje-odluke-neki-ce-igraci-ostati-situacija-je-teza-nego-2012-godine\/#breadcrumb\"},\"inLanguage\":\"bs-BA\",\"potentialAction\":[{\"@type\":\"ReadAction\",\"target\":[\"https:\/\/tuzlainfo.ba\/index.php\/novosti\/item\/258119-husic-pojasnio-svoje-odluke-neki-ce-igraci-ostati-situacija-je-teza-nego-2012-godine\/\"]}]},{\"@type\":\"ImageObject\",\"inLanguage\":\"bs-BA\",\"@id\":\"https:\/\/tuzlainfo.ba\/index.php\/novosti\/item\/258119-husic-pojasnio-svoje-odluke-neki-ce-igraci-ostati-situacija-je-teza-nego-2012-godine\/#primaryimage\",\"url\":\"https:\/\/tuzlainfo.ba\/wp-content\/uploads\/2023\/06\/2506_azmir_husic.jpg\",\"contentUrl\":\"https:\/\/tuzlainfo.ba\/wp-content\/uploads\/2023\/06\/2506_azmir_husic.jpg\",\"width\":1024,\"height\":597},{\"@type\":\"BreadcrumbList\",\"@id\":\"https:\/\/tuzlainfo.ba\/index.php\/novosti\/item\/258119-husic-pojasnio-svoje-odluke-neki-ce-igraci-ostati-situacija-je-teza-nego-2012-godine\/#breadcrumb\",\"itemListElement\":[{\"@type\":\"ListItem\",\"position\":1,\"name\":\"Home\",\"item\":\"https:\/\/tuzlainfo.ba\/\"},{\"@type\":\"ListItem\",\"position\":2,\"name\":\"Husi\u0107 pojasnio svoje odluke: Neki \u0107e igra\u010di ostati, situacija je te\u017ea nego 2012. godine\"}]},{\"@type\":\"WebSite\",\"@id\":\"https:\/\/tuzlainfo.ba\/#website\",\"url\":\"https:\/\/tuzlainfo.ba\/\",\"name\":\"TuzlaInfo.ba\",\"description\":\"Tuzla info, gradski informator - Tuzla na dlanu\",\"publisher\":{\"@id\":\"https:\/\/tuzlainfo.ba\/#organization\"},\"potentialAction\":[{\"@type\":\"SearchAction\",\"target\":{\"@type\":\"EntryPoint\",\"urlTemplate\":\"https:\/\/tuzlainfo.ba\/?s={search_term_string}\"},\"query-input\":{\"@type\":\"PropertyValueSpecification\",\"valueRequired\":true,\"valueName\":\"search_term_string\"}}],\"inLanguage\":\"bs-BA\"},{\"@type\":\"Organization\",\"@id\":\"https:\/\/tuzlainfo.ba\/#organization\",\"name\":\"TuzlaInfo.ba\",\"url\":\"https:\/\/tuzlainfo.ba\/\",\"logo\":{\"@type\":\"ImageObject\",\"inLanguage\":\"bs-BA\",\"@id\":\"https:\/\/tuzlainfo.ba\/#\/schema\/logo\/image\/\",\"url\":\"https:\/\/tuzlainfo.ba\/wp-content\/uploads\/2021\/03\/logo-ver-3-1.png\",\"contentUrl\":\"https:\/\/tuzlainfo.ba\/wp-content\/uploads\/2021\/03\/logo-ver-3-1.png\",\"width\":350,\"height\":95,\"caption\":\"TuzlaInfo.ba\"},\"image\":{\"@id\":\"https:\/\/tuzlainfo.ba\/#\/schema\/logo\/image\/\"},\"sameAs\":[\"https:\/\/www.facebook.com\/tuzlainfo.ba\/\"]},{\"@type\":\"Person\",\"@id\":\"https:\/\/tuzlainfo.ba\/#\/schema\/person\/f434e20dc27ea133923aab08451b7f7f\",\"name\":\"nedim\",\"image\":{\"@type\":\"ImageObject\",\"inLanguage\":\"bs-BA\",\"@id\":\"https:\/\/tuzlainfo.ba\/#\/schema\/person\/image\/\",\"url\":\"https:\/\/tuzlainfo.ba\/wp-content\/litespeed\/avatar\/aabad687af24844af817603ac1cbdc4f.jpg?ver=1776702173\",\"contentUrl\":\"https:\/\/tuzlainfo.ba\/wp-content\/litespeed\/avatar\/aabad687af24844af817603ac1cbdc4f.jpg?ver=1776702173\",\"caption\":\"nedim\"},\"description\":\"Tuzlainfo.ba pratite na dru\u0161tvenim mre\u017eama: Facebook, Instagram i Youtube. Svoje pri\u010de, upite i fotografije \u0161aljite na na\u0161u e-mail adresu.\"}]}<\/script>\n<!-- \/ Yoast SEO plugin. -->","yoast_head_json":{"title":"Husi\u0107 pojasnio svoje odluke: Neki \u0107e igra\u010di ostati, situacija je te\u017ea nego 2012. godine - TuzlaInfo.ba","robots":{"index":"index","follow":"follow","max-snippet":"max-snippet:-1","max-image-preview":"max-image-preview:large","max-video-preview":"max-video-preview:-1"},"canonical":"https:\/\/tuzlainfo.ba\/index.php\/novosti\/item\/258119-husic-pojasnio-svoje-odluke-neki-ce-igraci-ostati-situacija-je-teza-nego-2012-godine\/","og_locale":"bs_BA","og_type":"article","og_title":"Husi\u0107 pojasnio svoje odluke: Neki \u0107e igra\u010di ostati, situacija je te\u017ea nego 2012. godine - TuzlaInfo.ba","og_description":"Prvi \u010dovjek tuzlanske Slobode, Azmir Husi\u0107, odr\u017eao je danas press konferenciju nakon o\u010dajnog izdanja kluba&hellip;","og_url":"https:\/\/tuzlainfo.ba\/index.php\/novosti\/item\/258119-husic-pojasnio-svoje-odluke-neki-ce-igraci-ostati-situacija-je-teza-nego-2012-godine\/","og_site_name":"TuzlaInfo.ba","article_publisher":"https:\/\/www.facebook.com\/tuzlainfo.ba\/","article_published_time":"2024-12-17T10:40:10+00:00","og_image":[{"width":1024,"height":597,"url":"https:\/\/tuzlainfo.ba\/wp-content\/uploads\/2023\/06\/2506_azmir_husic.jpg","type":"image\/jpeg"}],"author":"nedim","twitter_card":"summary_large_image","twitter_misc":{"Written by":"nedim","Est. reading time":"4 minute"},"schema":{"@context":"https:\/\/schema.org","@graph":[{"@type":"Article","@id":"https:\/\/tuzlainfo.ba\/index.php\/novosti\/item\/258119-husic-pojasnio-svoje-odluke-neki-ce-igraci-ostati-situacija-je-teza-nego-2012-godine\/#article","isPartOf":{"@id":"https:\/\/tuzlainfo.ba\/index.php\/novosti\/item\/258119-husic-pojasnio-svoje-odluke-neki-ce-igraci-ostati-situacija-je-teza-nego-2012-godine\/"},"author":{"name":"nedim","@id":"https:\/\/tuzlainfo.ba\/#\/schema\/person\/f434e20dc27ea133923aab08451b7f7f"},"headline":"Husi\u0107 pojasnio svoje odluke: Neki \u0107e igra\u010di ostati, situacija je te\u017ea nego 2012. godine","datePublished":"2024-12-17T10:40:10+00:00","dateModified":"2024-12-17T10:40:10+00:00","mainEntityOfPage":{"@id":"https:\/\/tuzlainfo.ba\/index.php\/novosti\/item\/258119-husic-pojasnio-svoje-odluke-neki-ce-igraci-ostati-situacija-je-teza-nego-2012-godine\/"},"wordCount":699,"publisher":{"@id":"https:\/\/tuzlainfo.ba\/#organization"},"image":{"@id":"https:\/\/tuzlainfo.ba\/index.php\/novosti\/item\/258119-husic-pojasnio-svoje-odluke-neki-ce-igraci-ostati-situacija-je-teza-nego-2012-godine\/#primaryimage"},"thumbnailUrl":"https:\/\/tuzlainfo.ba\/wp-content\/uploads\/2023\/06\/2506_azmir_husic.jpg","keywords":["azmir husic","fk sloboda","sport"],"articleSection":["Istaknuto","Novosti"],"inLanguage":"bs-BA"},{"@type":"WebPage","@id":"https:\/\/tuzlainfo.ba\/index.php\/novosti\/item\/258119-husic-pojasnio-svoje-odluke-neki-ce-igraci-ostati-situacija-je-teza-nego-2012-godine\/","url":"https:\/\/tuzlainfo.ba\/index.php\/novosti\/item\/258119-husic-pojasnio-svoje-odluke-neki-ce-igraci-ostati-situacija-je-teza-nego-2012-godine\/","name":"Husi\u0107 pojasnio svoje odluke: Neki \u0107e igra\u010di ostati, situacija je te\u017ea nego 2012. godine - TuzlaInfo.ba","isPartOf":{"@id":"https:\/\/tuzlainfo.ba\/#website"},"primaryImageOfPage":{"@id":"https:\/\/tuzlainfo.ba\/index.php\/novosti\/item\/258119-husic-pojasnio-svoje-odluke-neki-ce-igraci-ostati-situacija-je-teza-nego-2012-godine\/#primaryimage"},"image":{"@id":"https:\/\/tuzlainfo.ba\/index.php\/novosti\/item\/258119-husic-pojasnio-svoje-odluke-neki-ce-igraci-ostati-situacija-je-teza-nego-2012-godine\/#primaryimage"},"thumbnailUrl":"https:\/\/tuzlainfo.ba\/wp-content\/uploads\/2023\/06\/2506_azmir_husic.jpg","datePublished":"2024-12-17T10:40:10+00:00","dateModified":"2024-12-17T10:40:10+00:00","breadcrumb":{"@id":"https:\/\/tuzlainfo.ba\/index.php\/novosti\/item\/258119-husic-pojasnio-svoje-odluke-neki-ce-igraci-ostati-situacija-je-teza-nego-2012-godine\/#breadcrumb"},"inLanguage":"bs-BA","potentialAction":[{"@type":"ReadAction","target":["https:\/\/tuzlainfo.ba\/index.php\/novosti\/item\/258119-husic-pojasnio-svoje-odluke-neki-ce-igraci-ostati-situacija-je-teza-nego-2012-godine\/"]}]},{"@type":"ImageObject","inLanguage":"bs-BA","@id":"https:\/\/tuzlainfo.ba\/index.php\/novosti\/item\/258119-husic-pojasnio-svoje-odluke-neki-ce-igraci-ostati-situacija-je-teza-nego-2012-godine\/#primaryimage","url":"https:\/\/tuzlainfo.ba\/wp-content\/uploads\/2023\/06\/2506_azmir_husic.jpg","contentUrl":"https:\/\/tuzlainfo.ba\/wp-content\/uploads\/2023\/06\/2506_azmir_husic.jpg","width":1024,"height":597},{"@type":"BreadcrumbList","@id":"https:\/\/tuzlainfo.ba\/index.php\/novosti\/item\/258119-husic-pojasnio-svoje-odluke-neki-ce-igraci-ostati-situacija-je-teza-nego-2012-godine\/#breadcrumb","itemListElement":[{"@type":"ListItem","position":1,"name":"Home","item":"https:\/\/tuzlainfo.ba\/"},{"@type":"ListItem","position":2,"name":"Husi\u0107 pojasnio svoje odluke: Neki \u0107e igra\u010di ostati, situacija je te\u017ea nego 2012. godine"}]},{"@type":"WebSite","@id":"https:\/\/tuzlainfo.ba\/#website","url":"https:\/\/tuzlainfo.ba\/","name":"TuzlaInfo.ba","description":"Tuzla info, gradski informator - Tuzla na dlanu","publisher":{"@id":"https:\/\/tuzlainfo.ba\/#organization"},"potentialAction":[{"@type":"SearchAction","target":{"@type":"EntryPoint","urlTemplate":"https:\/\/tuzlainfo.ba\/?s={search_term_string}"},"query-input":{"@type":"PropertyValueSpecification","valueRequired":true,"valueName":"search_term_string"}}],"inLanguage":"bs-BA"},{"@type":"Organization","@id":"https:\/\/tuzlainfo.ba\/#organization","name":"TuzlaInfo.ba","url":"https:\/\/tuzlainfo.ba\/","logo":{"@type":"ImageObject","inLanguage":"bs-BA","@id":"https:\/\/tuzlainfo.ba\/#\/schema\/logo\/image\/","url":"https:\/\/tuzlainfo.ba\/wp-content\/uploads\/2021\/03\/logo-ver-3-1.png","contentUrl":"https:\/\/tuzlainfo.ba\/wp-content\/uploads\/2021\/03\/logo-ver-3-1.png","width":350,"height":95,"caption":"TuzlaInfo.ba"},"image":{"@id":"https:\/\/tuzlainfo.ba\/#\/schema\/logo\/image\/"},"sameAs":["https:\/\/www.facebook.com\/tuzlainfo.ba\/"]},{"@type":"Person","@id":"https:\/\/tuzlainfo.ba\/#\/schema\/person\/f434e20dc27ea133923aab08451b7f7f","name":"nedim","image":{"@type":"ImageObject","inLanguage":"bs-BA","@id":"https:\/\/tuzlainfo.ba\/#\/schema\/person\/image\/","url":"https:\/\/tuzlainfo.ba\/wp-content\/litespeed\/avatar\/aabad687af24844af817603ac1cbdc4f.jpg?ver=1776702173","contentUrl":"https:\/\/tuzlainfo.ba\/wp-content\/litespeed\/avatar\/aabad687af24844af817603ac1cbdc4f.jpg?ver=1776702173","caption":"nedim"},"description":"Tuzlainfo.ba pratite na dru\u0161tvenim mre\u017eama: Facebook, Instagram i Youtube. Svoje pri\u010de, upite i fotografije \u0161aljite na na\u0161u e-mail adresu."}]}},"_links":{"self":[{"href":"https:\/\/tuzlainfo.ba\/index.php\/wp-json\/wp\/v2\/posts\/258119"}],"collection":[{"href":"https:\/\/tuzlainfo.ba\/index.php\/wp-json\/wp\/v2\/posts"}],"about":[{"href":"https:\/\/tuzlainfo.ba\/index.php\/wp-json\/wp\/v2\/types\/post"}],"author":[{"embeddable":true,"href":"https:\/\/tuzlainfo.ba\/index.php\/wp-json\/wp\/v2\/users\/2"}],"replies":[{"embeddable":true,"href":"https:\/\/tuzlainfo.ba\/index.php\/wp-json\/wp\/v2\/comments?post=258119"}],"version-history":[{"count":1,"href":"https:\/\/tuzlainfo.ba\/index.php\/wp-json\/wp\/v2\/posts\/258119\/revisions"}],"predecessor-version":[{"id":258120,"href":"https:\/\/tuzlainfo.ba\/index.php\/wp-json\/wp\/v2\/posts\/258119\/revisions\/258120"}],"wp:featuredmedia":[{"embeddable":true,"href":"https:\/\/tuzlainfo.ba\/index.php\/wp-json\/wp\/v2\/media\/208578"}],"wp:attachment":[{"href":"https:\/\/tuzlainfo.ba\/index.php\/wp-json\/wp\/v2\/media?parent=258119"}],"wp:term":[{"taxonomy":"category","embeddable":true,"href":"https:\/\/tuzlainfo.ba\/index.php\/wp-json\/wp\/v2\/categories?post=258119"},{"taxonomy":"post_tag","embeddable":true,"href":"https:\/\/tuzlainfo.ba\/index.php\/wp-json\/wp\/v2\/tags?post=258119"}],"curies":[{"name":"wp","href":"https:\/\/api.w.org\/{rel}","templated":true}]}}