{"id":258116,"date":"2024-12-17T11:27:05","date_gmt":"2024-12-17T10:27:05","guid":{"rendered":"https:\/\/tuzlainfo.ba\/?p=258116"},"modified":"2024-12-17T21:02:49","modified_gmt":"2024-12-17T20:02:49","slug":"osudjeni-bivsi-sef-i-direktorica-sluzbe-za-zaposljavanje-tk","status":"publish","type":"post","link":"https:\/\/tuzlainfo.ba\/index.php\/istaknuto\/item\/258116-osudjeni-bivsi-sef-i-direktorica-sluzbe-za-zaposljavanje-tk\/","title":{"rendered":"Osu\u0111eni biv\u0161i \u0161ef i direktorica Slu\u017ebe za zapo\u0161ljavanje TK"},"content":{"rendered":"<p>Kantonalni sud u Tuzli donio je i javno objavio prvostepenu presudu u krivi\u010dnom postupku protiv biv\u0161e v.d. direktorice JU Slu\u017eba za zapo\u0161ljavanje Tuzlanskog kantona Fatime Budi\u0107 i \u0160emsudina Hasanovi\u0107a, koji je obavljao poslove \u0161efa Odjeljenja za pravne i op\u0107e poslove, a kojom su optu\u017eeni ogla\u0161eni krivim da su kao sau\u010dinitelji po\u010dinili krivi\u010dno djelo Zloupotreba polo\u017eaja i ovla\u0161\u0107enja u poku\u0161aju, saop\u0161teno je iz Kantonalnog tu\u017eila\u0161tva TK.<\/p>\n<p>Sud je optu\u017eenima za po\u010dinjena krivi\u010dna djela izrekao kaznu zatvora u trajanju od po jednu godinu i \u0161est mjeseci.<\/p>\n<p>Optu\u017eeni su ogla\u0161eni krivim \u0161to su u vremenskom periodu od 01.08.2022. do 24.11.2022. godine, u okviru realizacije programa \u201ePosao za sve 2022\u201c, vezanog za sufinansiranje poslodavaca za zapo\u0161ljavanje 200 osoba sa evidencije nezaposlenih, u ukupnoj vrijednosti 1.200.000 KM, pogodovali odre\u0111enim firmama koje u skladu sa kriterijima programa nisu bile na listi prioriteta.<\/p>\n<p>Na taj na\u010din, kao slu\u017ebene osobe u Federaciji BiH, iskori\u0161tavanjem svog slu\u017ebenog polo\u017eaja, poku\u0161ali su pribaviti drugom imovinsku korist u iznosu ve\u0107em od 50.000,00 KM, \u010dime su po\u010dinili krivi\u010dno djelo \u2013 Zloupotreba polo\u017eaja ili ovla\u0161\u0107enja \u2013 iz \u010dlana 383. stav 3., u vezi sa stavom 1., Krivi\u010dnog zakona Federacije Bosne i Hercegovine, a sve u vezi sa \u010dlanom 31. i \u010dlanom 28. tog Zakona.<\/p>\n<p>Optu\u017eenima je izre\u010dena i sigurnosna mjera zabrane vr\u0161enja poziva, djelatnosti ili du\u017enosti, a koja se odnosi na obavljanje svih vrsta rukovode\u0107ih poslova u organima uprave, ustanovama i javnim preduze\u0107ima u BiH u trajanju od tri godine, ra\u010dunaju\u0107i od dana pravosna\u017enosti presude, s tim da se vrijeme provedeno na izdr\u017eavanju kazne zatvora ne ura\u010dunava u vrijeme trajanja izre\u010dene sigurnosne mjere, saop\u0161teno je.<\/p>\n","protected":false},"excerpt":{"rendered":"<p>Kantonalni sud u Tuzli donio je i javno objavio prvostepenu presudu u krivi\u010dnom postupku protiv&hellip;<\/p>\n","protected":false},"author":4,"featured_media":195468,"comment_status":"closed","ping_status":"closed","sticky":false,"template":"","format":"standard","meta":{"_acf_changed":false,"footnotes":""},"categories":[304,12,306],"tags":[11639,3308,11640,926],"acf":[],"yoast_head":"<!-- This site is optimized with the Yoast SEO plugin v23.5 - https:\/\/yoast.com\/wordpress\/plugins\/seo\/ -->\n<title>Osu\u0111eni biv\u0161i \u0161ef i direktorica Slu\u017ebe za zapo\u0161ljavanje TK - TuzlaInfo.ba<\/title>\n<meta name=\"robots\" content=\"index, follow, max-snippet:-1, max-image-preview:large, max-video-preview:-1\" \/>\n<link rel=\"canonical\" href=\"https:\/\/tuzlainfo.ba\/index.php\/istaknuto\/item\/258116-osudjeni-bivsi-sef-i-direktorica-sluzbe-za-zaposljavanje-tk\/\" \/>\n<meta property=\"og:locale\" content=\"bs_BA\" \/>\n<meta property=\"og:type\" content=\"article\" \/>\n<meta property=\"og:title\" content=\"Osu\u0111eni biv\u0161i \u0161ef i direktorica Slu\u017ebe za zapo\u0161ljavanje TK - TuzlaInfo.ba\" \/>\n<meta property=\"og:description\" content=\"Kantonalni sud u Tuzli donio je i javno objavio prvostepenu presudu u krivi\u010dnom postupku protiv&hellip;\" \/>\n<meta property=\"og:url\" content=\"https:\/\/tuzlainfo.ba\/index.php\/istaknuto\/item\/258116-osudjeni-bivsi-sef-i-direktorica-sluzbe-za-zaposljavanje-tk\/\" \/>\n<meta property=\"og:site_name\" content=\"TuzlaInfo.ba\" \/>\n<meta property=\"article:publisher\" content=\"https:\/\/www.facebook.com\/tuzlainfo.ba\/\" \/>\n<meta property=\"article:published_time\" content=\"2024-12-17T10:27:05+00:00\" \/>\n<meta property=\"article:modified_time\" content=\"2024-12-17T20:02:49+00:00\" \/>\n<meta property=\"og:image\" content=\"https:\/\/tuzlainfo.ba\/wp-content\/uploads\/2023\/01\/kantonalni_sud-2.jpg\" \/>\n\t<meta property=\"og:image:width\" content=\"1723\" \/>\n\t<meta property=\"og:image:height\" content=\"981\" \/>\n\t<meta property=\"og:image:type\" content=\"image\/jpeg\" \/>\n<meta name=\"author\" content=\"Tuzla Info\" \/>\n<meta name=\"twitter:card\" content=\"summary_large_image\" \/>\n<meta name=\"twitter:label1\" content=\"Written by\" \/>\n\t<meta name=\"twitter:data1\" content=\"Tuzla Info\" \/>\n\t<meta name=\"twitter:label2\" content=\"Est. reading time\" \/>\n\t<meta name=\"twitter:data2\" content=\"2 minute\" \/>\n<script type=\"application\/ld+json\" class=\"yoast-schema-graph\">{\"@context\":\"https:\/\/schema.org\",\"@graph\":[{\"@type\":\"Article\",\"@id\":\"https:\/\/tuzlainfo.ba\/index.php\/istaknuto\/item\/258116-osudjeni-bivsi-sef-i-direktorica-sluzbe-za-zaposljavanje-tk\/#article\",\"isPartOf\":{\"@id\":\"https:\/\/tuzlainfo.ba\/index.php\/istaknuto\/item\/258116-osudjeni-bivsi-sef-i-direktorica-sluzbe-za-zaposljavanje-tk\/\"},\"author\":{\"name\":\"Tuzla Info\",\"@id\":\"https:\/\/tuzlainfo.ba\/#\/schema\/person\/46cad4c57790cbc50781edd14870825a\"},\"headline\":\"Osu\u0111eni biv\u0161i \u0161ef i direktorica Slu\u017ebe za zapo\u0161ljavanje TK\",\"datePublished\":\"2024-12-17T10:27:05+00:00\",\"dateModified\":\"2024-12-17T20:02:49+00:00\",\"mainEntityOfPage\":{\"@id\":\"https:\/\/tuzlainfo.ba\/index.php\/istaknuto\/item\/258116-osudjeni-bivsi-sef-i-direktorica-sluzbe-za-zaposljavanje-tk\/\"},\"wordCount\":311,\"publisher\":{\"@id\":\"https:\/\/tuzlainfo.ba\/#organization\"},\"image\":{\"@id\":\"https:\/\/tuzlainfo.ba\/index.php\/istaknuto\/item\/258116-osudjeni-bivsi-sef-i-direktorica-sluzbe-za-zaposljavanje-tk\/#primaryimage\"},\"thumbnailUrl\":\"https:\/\/tuzlainfo.ba\/wp-content\/uploads\/2023\/01\/kantonalni_sud-2.jpg\",\"keywords\":[\"fatima budi\u0107\",\"Presuda\",\"\u0161emsudin hasanovi\u0107\",\"Slu\u017eba za zapo\u0161ljavanje TK\"],\"articleSection\":[\"Istaknuto\",\"Novosti\",\"Preporu\u010dujemo\"],\"inLanguage\":\"bs-BA\"},{\"@type\":\"WebPage\",\"@id\":\"https:\/\/tuzlainfo.ba\/index.php\/istaknuto\/item\/258116-osudjeni-bivsi-sef-i-direktorica-sluzbe-za-zaposljavanje-tk\/\",\"url\":\"https:\/\/tuzlainfo.ba\/index.php\/istaknuto\/item\/258116-osudjeni-bivsi-sef-i-direktorica-sluzbe-za-zaposljavanje-tk\/\",\"name\":\"Osu\u0111eni biv\u0161i \u0161ef i direktorica Slu\u017ebe za zapo\u0161ljavanje TK - TuzlaInfo.ba\",\"isPartOf\":{\"@id\":\"https:\/\/tuzlainfo.ba\/#website\"},\"primaryImageOfPage\":{\"@id\":\"https:\/\/tuzlainfo.ba\/index.php\/istaknuto\/item\/258116-osudjeni-bivsi-sef-i-direktorica-sluzbe-za-zaposljavanje-tk\/#primaryimage\"},\"image\":{\"@id\":\"https:\/\/tuzlainfo.ba\/index.php\/istaknuto\/item\/258116-osudjeni-bivsi-sef-i-direktorica-sluzbe-za-zaposljavanje-tk\/#primaryimage\"},\"thumbnailUrl\":\"https:\/\/tuzlainfo.ba\/wp-content\/uploads\/2023\/01\/kantonalni_sud-2.jpg\",\"datePublished\":\"2024-12-17T10:27:05+00:00\",\"dateModified\":\"2024-12-17T20:02:49+00:00\",\"breadcrumb\":{\"@id\":\"https:\/\/tuzlainfo.ba\/index.php\/istaknuto\/item\/258116-osudjeni-bivsi-sef-i-direktorica-sluzbe-za-zaposljavanje-tk\/#breadcrumb\"},\"inLanguage\":\"bs-BA\",\"potentialAction\":[{\"@type\":\"ReadAction\",\"target\":[\"https:\/\/tuzlainfo.ba\/index.php\/istaknuto\/item\/258116-osudjeni-bivsi-sef-i-direktorica-sluzbe-za-zaposljavanje-tk\/\"]}]},{\"@type\":\"ImageObject\",\"inLanguage\":\"bs-BA\",\"@id\":\"https:\/\/tuzlainfo.ba\/index.php\/istaknuto\/item\/258116-osudjeni-bivsi-sef-i-direktorica-sluzbe-za-zaposljavanje-tk\/#primaryimage\",\"url\":\"https:\/\/tuzlainfo.ba\/wp-content\/uploads\/2023\/01\/kantonalni_sud-2.jpg\",\"contentUrl\":\"https:\/\/tuzlainfo.ba\/wp-content\/uploads\/2023\/01\/kantonalni_sud-2.jpg\",\"width\":1723,\"height\":981},{\"@type\":\"BreadcrumbList\",\"@id\":\"https:\/\/tuzlainfo.ba\/index.php\/istaknuto\/item\/258116-osudjeni-bivsi-sef-i-direktorica-sluzbe-za-zaposljavanje-tk\/#breadcrumb\",\"itemListElement\":[{\"@type\":\"ListItem\",\"position\":1,\"name\":\"Home\",\"item\":\"https:\/\/tuzlainfo.ba\/\"},{\"@type\":\"ListItem\",\"position\":2,\"name\":\"Osu\u0111eni biv\u0161i \u0161ef i direktorica Slu\u017ebe za zapo\u0161ljavanje TK\"}]},{\"@type\":\"WebSite\",\"@id\":\"https:\/\/tuzlainfo.ba\/#website\",\"url\":\"https:\/\/tuzlainfo.ba\/\",\"name\":\"TuzlaInfo.ba\",\"description\":\"Tuzla info, gradski informator - Tuzla na dlanu\",\"publisher\":{\"@id\":\"https:\/\/tuzlainfo.ba\/#organization\"},\"potentialAction\":[{\"@type\":\"SearchAction\",\"target\":{\"@type\":\"EntryPoint\",\"urlTemplate\":\"https:\/\/tuzlainfo.ba\/?s={search_term_string}\"},\"query-input\":{\"@type\":\"PropertyValueSpecification\",\"valueRequired\":true,\"valueName\":\"search_term_string\"}}],\"inLanguage\":\"bs-BA\"},{\"@type\":\"Organization\",\"@id\":\"https:\/\/tuzlainfo.ba\/#organization\",\"name\":\"TuzlaInfo.ba\",\"url\":\"https:\/\/tuzlainfo.ba\/\",\"logo\":{\"@type\":\"ImageObject\",\"inLanguage\":\"bs-BA\",\"@id\":\"https:\/\/tuzlainfo.ba\/#\/schema\/logo\/image\/\",\"url\":\"https:\/\/tuzlainfo.ba\/wp-content\/uploads\/2021\/03\/logo-ver-3-1.png\",\"contentUrl\":\"https:\/\/tuzlainfo.ba\/wp-content\/uploads\/2021\/03\/logo-ver-3-1.png\",\"width\":350,\"height\":95,\"caption\":\"TuzlaInfo.ba\"},\"image\":{\"@id\":\"https:\/\/tuzlainfo.ba\/#\/schema\/logo\/image\/\"},\"sameAs\":[\"https:\/\/www.facebook.com\/tuzlainfo.ba\/\"]},{\"@type\":\"Person\",\"@id\":\"https:\/\/tuzlainfo.ba\/#\/schema\/person\/46cad4c57790cbc50781edd14870825a\",\"name\":\"Tuzla Info\",\"image\":{\"@type\":\"ImageObject\",\"inLanguage\":\"bs-BA\",\"@id\":\"https:\/\/tuzlainfo.ba\/#\/schema\/person\/image\/\",\"url\":\"https:\/\/tuzlainfo.ba\/wp-content\/litespeed\/avatar\/b6c453a6c38e3654f2e4416c643fc25c.jpg?ver=1777051911\",\"contentUrl\":\"https:\/\/tuzlainfo.ba\/wp-content\/litespeed\/avatar\/b6c453a6c38e3654f2e4416c643fc25c.jpg?ver=1777051911\",\"caption\":\"Tuzla Info\"}}]}<\/script>\n<!-- \/ Yoast SEO plugin. -->","yoast_head_json":{"title":"Osu\u0111eni biv\u0161i \u0161ef i direktorica Slu\u017ebe za zapo\u0161ljavanje TK - TuzlaInfo.ba","robots":{"index":"index","follow":"follow","max-snippet":"max-snippet:-1","max-image-preview":"max-image-preview:large","max-video-preview":"max-video-preview:-1"},"canonical":"https:\/\/tuzlainfo.ba\/index.php\/istaknuto\/item\/258116-osudjeni-bivsi-sef-i-direktorica-sluzbe-za-zaposljavanje-tk\/","og_locale":"bs_BA","og_type":"article","og_title":"Osu\u0111eni biv\u0161i \u0161ef i direktorica Slu\u017ebe za zapo\u0161ljavanje TK - TuzlaInfo.ba","og_description":"Kantonalni sud u Tuzli donio je i javno objavio prvostepenu presudu u krivi\u010dnom postupku protiv&hellip;","og_url":"https:\/\/tuzlainfo.ba\/index.php\/istaknuto\/item\/258116-osudjeni-bivsi-sef-i-direktorica-sluzbe-za-zaposljavanje-tk\/","og_site_name":"TuzlaInfo.ba","article_publisher":"https:\/\/www.facebook.com\/tuzlainfo.ba\/","article_published_time":"2024-12-17T10:27:05+00:00","article_modified_time":"2024-12-17T20:02:49+00:00","og_image":[{"width":1723,"height":981,"url":"https:\/\/tuzlainfo.ba\/wp-content\/uploads\/2023\/01\/kantonalni_sud-2.jpg","type":"image\/jpeg"}],"author":"Tuzla Info","twitter_card":"summary_large_image","twitter_misc":{"Written by":"Tuzla Info","Est. reading time":"2 minute"},"schema":{"@context":"https:\/\/schema.org","@graph":[{"@type":"Article","@id":"https:\/\/tuzlainfo.ba\/index.php\/istaknuto\/item\/258116-osudjeni-bivsi-sef-i-direktorica-sluzbe-za-zaposljavanje-tk\/#article","isPartOf":{"@id":"https:\/\/tuzlainfo.ba\/index.php\/istaknuto\/item\/258116-osudjeni-bivsi-sef-i-direktorica-sluzbe-za-zaposljavanje-tk\/"},"author":{"name":"Tuzla Info","@id":"https:\/\/tuzlainfo.ba\/#\/schema\/person\/46cad4c57790cbc50781edd14870825a"},"headline":"Osu\u0111eni biv\u0161i \u0161ef i direktorica Slu\u017ebe za zapo\u0161ljavanje TK","datePublished":"2024-12-17T10:27:05+00:00","dateModified":"2024-12-17T20:02:49+00:00","mainEntityOfPage":{"@id":"https:\/\/tuzlainfo.ba\/index.php\/istaknuto\/item\/258116-osudjeni-bivsi-sef-i-direktorica-sluzbe-za-zaposljavanje-tk\/"},"wordCount":311,"publisher":{"@id":"https:\/\/tuzlainfo.ba\/#organization"},"image":{"@id":"https:\/\/tuzlainfo.ba\/index.php\/istaknuto\/item\/258116-osudjeni-bivsi-sef-i-direktorica-sluzbe-za-zaposljavanje-tk\/#primaryimage"},"thumbnailUrl":"https:\/\/tuzlainfo.ba\/wp-content\/uploads\/2023\/01\/kantonalni_sud-2.jpg","keywords":["fatima budi\u0107","Presuda","\u0161emsudin hasanovi\u0107","Slu\u017eba za zapo\u0161ljavanje TK"],"articleSection":["Istaknuto","Novosti","Preporu\u010dujemo"],"inLanguage":"bs-BA"},{"@type":"WebPage","@id":"https:\/\/tuzlainfo.ba\/index.php\/istaknuto\/item\/258116-osudjeni-bivsi-sef-i-direktorica-sluzbe-za-zaposljavanje-tk\/","url":"https:\/\/tuzlainfo.ba\/index.php\/istaknuto\/item\/258116-osudjeni-bivsi-sef-i-direktorica-sluzbe-za-zaposljavanje-tk\/","name":"Osu\u0111eni biv\u0161i \u0161ef i direktorica Slu\u017ebe za zapo\u0161ljavanje TK - TuzlaInfo.ba","isPartOf":{"@id":"https:\/\/tuzlainfo.ba\/#website"},"primaryImageOfPage":{"@id":"https:\/\/tuzlainfo.ba\/index.php\/istaknuto\/item\/258116-osudjeni-bivsi-sef-i-direktorica-sluzbe-za-zaposljavanje-tk\/#primaryimage"},"image":{"@id":"https:\/\/tuzlainfo.ba\/index.php\/istaknuto\/item\/258116-osudjeni-bivsi-sef-i-direktorica-sluzbe-za-zaposljavanje-tk\/#primaryimage"},"thumbnailUrl":"https:\/\/tuzlainfo.ba\/wp-content\/uploads\/2023\/01\/kantonalni_sud-2.jpg","datePublished":"2024-12-17T10:27:05+00:00","dateModified":"2024-12-17T20:02:49+00:00","breadcrumb":{"@id":"https:\/\/tuzlainfo.ba\/index.php\/istaknuto\/item\/258116-osudjeni-bivsi-sef-i-direktorica-sluzbe-za-zaposljavanje-tk\/#breadcrumb"},"inLanguage":"bs-BA","potentialAction":[{"@type":"ReadAction","target":["https:\/\/tuzlainfo.ba\/index.php\/istaknuto\/item\/258116-osudjeni-bivsi-sef-i-direktorica-sluzbe-za-zaposljavanje-tk\/"]}]},{"@type":"ImageObject","inLanguage":"bs-BA","@id":"https:\/\/tuzlainfo.ba\/index.php\/istaknuto\/item\/258116-osudjeni-bivsi-sef-i-direktorica-sluzbe-za-zaposljavanje-tk\/#primaryimage","url":"https:\/\/tuzlainfo.ba\/wp-content\/uploads\/2023\/01\/kantonalni_sud-2.jpg","contentUrl":"https:\/\/tuzlainfo.ba\/wp-content\/uploads\/2023\/01\/kantonalni_sud-2.jpg","width":1723,"height":981},{"@type":"BreadcrumbList","@id":"https:\/\/tuzlainfo.ba\/index.php\/istaknuto\/item\/258116-osudjeni-bivsi-sef-i-direktorica-sluzbe-za-zaposljavanje-tk\/#breadcrumb","itemListElement":[{"@type":"ListItem","position":1,"name":"Home","item":"https:\/\/tuzlainfo.ba\/"},{"@type":"ListItem","position":2,"name":"Osu\u0111eni biv\u0161i \u0161ef i direktorica Slu\u017ebe za zapo\u0161ljavanje TK"}]},{"@type":"WebSite","@id":"https:\/\/tuzlainfo.ba\/#website","url":"https:\/\/tuzlainfo.ba\/","name":"TuzlaInfo.ba","description":"Tuzla info, gradski informator - Tuzla na dlanu","publisher":{"@id":"https:\/\/tuzlainfo.ba\/#organization"},"potentialAction":[{"@type":"SearchAction","target":{"@type":"EntryPoint","urlTemplate":"https:\/\/tuzlainfo.ba\/?s={search_term_string}"},"query-input":{"@type":"PropertyValueSpecification","valueRequired":true,"valueName":"search_term_string"}}],"inLanguage":"bs-BA"},{"@type":"Organization","@id":"https:\/\/tuzlainfo.ba\/#organization","name":"TuzlaInfo.ba","url":"https:\/\/tuzlainfo.ba\/","logo":{"@type":"ImageObject","inLanguage":"bs-BA","@id":"https:\/\/tuzlainfo.ba\/#\/schema\/logo\/image\/","url":"https:\/\/tuzlainfo.ba\/wp-content\/uploads\/2021\/03\/logo-ver-3-1.png","contentUrl":"https:\/\/tuzlainfo.ba\/wp-content\/uploads\/2021\/03\/logo-ver-3-1.png","width":350,"height":95,"caption":"TuzlaInfo.ba"},"image":{"@id":"https:\/\/tuzlainfo.ba\/#\/schema\/logo\/image\/"},"sameAs":["https:\/\/www.facebook.com\/tuzlainfo.ba\/"]},{"@type":"Person","@id":"https:\/\/tuzlainfo.ba\/#\/schema\/person\/46cad4c57790cbc50781edd14870825a","name":"Tuzla Info","image":{"@type":"ImageObject","inLanguage":"bs-BA","@id":"https:\/\/tuzlainfo.ba\/#\/schema\/person\/image\/","url":"https:\/\/tuzlainfo.ba\/wp-content\/litespeed\/avatar\/b6c453a6c38e3654f2e4416c643fc25c.jpg?ver=1777051911","contentUrl":"https:\/\/tuzlainfo.ba\/wp-content\/litespeed\/avatar\/b6c453a6c38e3654f2e4416c643fc25c.jpg?ver=1777051911","caption":"Tuzla Info"}}]}},"_links":{"self":[{"href":"https:\/\/tuzlainfo.ba\/index.php\/wp-json\/wp\/v2\/posts\/258116"}],"collection":[{"href":"https:\/\/tuzlainfo.ba\/index.php\/wp-json\/wp\/v2\/posts"}],"about":[{"href":"https:\/\/tuzlainfo.ba\/index.php\/wp-json\/wp\/v2\/types\/post"}],"author":[{"embeddable":true,"href":"https:\/\/tuzlainfo.ba\/index.php\/wp-json\/wp\/v2\/users\/4"}],"replies":[{"embeddable":true,"href":"https:\/\/tuzlainfo.ba\/index.php\/wp-json\/wp\/v2\/comments?post=258116"}],"version-history":[{"count":3,"href":"https:\/\/tuzlainfo.ba\/index.php\/wp-json\/wp\/v2\/posts\/258116\/revisions"}],"predecessor-version":[{"id":258169,"href":"https:\/\/tuzlainfo.ba\/index.php\/wp-json\/wp\/v2\/posts\/258116\/revisions\/258169"}],"wp:featuredmedia":[{"embeddable":true,"href":"https:\/\/tuzlainfo.ba\/index.php\/wp-json\/wp\/v2\/media\/195468"}],"wp:attachment":[{"href":"https:\/\/tuzlainfo.ba\/index.php\/wp-json\/wp\/v2\/media?parent=258116"}],"wp:term":[{"taxonomy":"category","embeddable":true,"href":"https:\/\/tuzlainfo.ba\/index.php\/wp-json\/wp\/v2\/categories?post=258116"},{"taxonomy":"post_tag","embeddable":true,"href":"https:\/\/tuzlainfo.ba\/index.php\/wp-json\/wp\/v2\/tags?post=258116"}],"curies":[{"name":"wp","href":"https:\/\/api.w.org\/{rel}","templated":true}]}}