{"id":258082,"date":"2024-12-16T21:05:43","date_gmt":"2024-12-16T20:05:43","guid":{"rendered":"https:\/\/tuzlainfo.ba\/?p=258082"},"modified":"2024-12-17T07:40:05","modified_gmt":"2024-12-17T06:40:05","slug":"nije-sve-kako-je-predstavljeno-husic-pojasnio-informaciju-o-otpustanju-svih-igraca-slobode","status":"publish","type":"post","link":"https:\/\/tuzlainfo.ba\/index.php\/bosna-i-hercegovina\/item\/258082-nije-sve-kako-je-predstavljeno-husic-pojasnio-informaciju-o-otpustanju-svih-igraca-slobode\/","title":{"rendered":"Nije sve kako je predstavljeno: Husi\u0107 pojasnio informaciju o otpu\u0161tanju svih igra\u010da Slobode"},"content":{"rendered":"<p>Fudbalski klub Sloboda je na polusezonu oti\u0161o sa svega dva osvojena boda i pet postignutih pogodaka na 17 me\u010deva.<\/p>\n<p>Ve\u0107 se spremaju za put u ni\u017ei rang, odakle su se vratili ove godine.<\/p>\n<p>U medijima su se pojavile informacije da je prvi \u010dovjek ovog tima Azmir Husi\u0107 dao razrije\u0161ene ruke svim fudbalerima, no nedugo zatim i nove da se to odnosi na samo dio igra\u010da i stru\u010dnog \u0161taba.<\/p>\n<p>Husi\u0107 za Vijesti.ba nije htio otkrivati detalje te nam je rekao da \u0107e se sve znati sutra u 10.00 sati kada je zakazana press konferencija.<\/p>\n<p>&#8220;Mi jesmo imali ru\u010dak sa igra\u010dima danas, oti\u0161li su svako svojoj ku\u0107i. Zavr\u0161eno je prvenstvo. Sutra \u0107emo re\u0107i o igra\u010dkom kadru&#8221;, rekao nam je Husi\u0107.<\/p>\n<p>Jedno je sigurno, tuzlansku Slobodu o\u010dekuje veliki remont uo\u010di proljetnog dijela sezone.<\/p>\n","protected":false},"excerpt":{"rendered":"<p>Fudbalski klub Sloboda je na polusezonu oti\u0161o sa svega dva osvojena boda i pet postignutih&hellip;<\/p>\n","protected":false},"author":2,"featured_media":208578,"comment_status":"closed","ping_status":"closed","sticky":false,"template":"","format":"standard","meta":{"_acf_changed":false,"footnotes":""},"categories":[291,304,306],"tags":[4807,466],"acf":[],"yoast_head":"<!-- This site is optimized with the Yoast SEO plugin v23.5 - https:\/\/yoast.com\/wordpress\/plugins\/seo\/ -->\n<title>Nije sve kako je predstavljeno: Husi\u0107 pojasnio informaciju o otpu\u0161tanju svih igra\u010da Slobode - TuzlaInfo.ba<\/title>\n<meta name=\"robots\" content=\"index, follow, max-snippet:-1, max-image-preview:large, max-video-preview:-1\" \/>\n<link rel=\"canonical\" href=\"https:\/\/tuzlainfo.ba\/index.php\/bosna-i-hercegovina\/item\/258082-nije-sve-kako-je-predstavljeno-husic-pojasnio-informaciju-o-otpustanju-svih-igraca-slobode\/\" \/>\n<meta property=\"og:locale\" content=\"bs_BA\" \/>\n<meta property=\"og:type\" content=\"article\" \/>\n<meta property=\"og:title\" content=\"Nije sve kako je predstavljeno: Husi\u0107 pojasnio informaciju o otpu\u0161tanju svih igra\u010da Slobode - TuzlaInfo.ba\" \/>\n<meta property=\"og:description\" content=\"Fudbalski klub Sloboda je na polusezonu oti\u0161o sa svega dva osvojena boda i pet postignutih&hellip;\" \/>\n<meta property=\"og:url\" content=\"https:\/\/tuzlainfo.ba\/index.php\/bosna-i-hercegovina\/item\/258082-nije-sve-kako-je-predstavljeno-husic-pojasnio-informaciju-o-otpustanju-svih-igraca-slobode\/\" \/>\n<meta property=\"og:site_name\" content=\"TuzlaInfo.ba\" \/>\n<meta property=\"article:publisher\" content=\"https:\/\/www.facebook.com\/tuzlainfo.ba\/\" \/>\n<meta property=\"article:published_time\" content=\"2024-12-16T20:05:43+00:00\" \/>\n<meta property=\"article:modified_time\" content=\"2024-12-17T06:40:05+00:00\" \/>\n<meta property=\"og:image\" content=\"https:\/\/tuzlainfo.ba\/wp-content\/uploads\/2023\/06\/2506_azmir_husic.jpg\" \/>\n\t<meta property=\"og:image:width\" content=\"1024\" \/>\n\t<meta property=\"og:image:height\" content=\"597\" \/>\n\t<meta property=\"og:image:type\" content=\"image\/jpeg\" \/>\n<meta name=\"author\" content=\"nedim\" \/>\n<meta name=\"twitter:card\" content=\"summary_large_image\" \/>\n<meta name=\"twitter:label1\" content=\"Written by\" \/>\n\t<meta name=\"twitter:data1\" content=\"nedim\" \/>\n\t<meta name=\"twitter:label2\" content=\"Est. reading time\" \/>\n\t<meta name=\"twitter:data2\" content=\"1 minuta\" \/>\n<script type=\"application\/ld+json\" class=\"yoast-schema-graph\">{\"@context\":\"https:\/\/schema.org\",\"@graph\":[{\"@type\":\"Article\",\"@id\":\"https:\/\/tuzlainfo.ba\/index.php\/bosna-i-hercegovina\/item\/258082-nije-sve-kako-je-predstavljeno-husic-pojasnio-informaciju-o-otpustanju-svih-igraca-slobode\/#article\",\"isPartOf\":{\"@id\":\"https:\/\/tuzlainfo.ba\/index.php\/bosna-i-hercegovina\/item\/258082-nije-sve-kako-je-predstavljeno-husic-pojasnio-informaciju-o-otpustanju-svih-igraca-slobode\/\"},\"author\":{\"name\":\"nedim\",\"@id\":\"https:\/\/tuzlainfo.ba\/#\/schema\/person\/f434e20dc27ea133923aab08451b7f7f\"},\"headline\":\"Nije sve kako je predstavljeno: Husi\u0107 pojasnio informaciju o otpu\u0161tanju svih igra\u010da Slobode\",\"datePublished\":\"2024-12-16T20:05:43+00:00\",\"dateModified\":\"2024-12-17T06:40:05+00:00\",\"mainEntityOfPage\":{\"@id\":\"https:\/\/tuzlainfo.ba\/index.php\/bosna-i-hercegovina\/item\/258082-nije-sve-kako-je-predstavljeno-husic-pojasnio-informaciju-o-otpustanju-svih-igraca-slobode\/\"},\"wordCount\":159,\"publisher\":{\"@id\":\"https:\/\/tuzlainfo.ba\/#organization\"},\"image\":{\"@id\":\"https:\/\/tuzlainfo.ba\/index.php\/bosna-i-hercegovina\/item\/258082-nije-sve-kako-je-predstavljeno-husic-pojasnio-informaciju-o-otpustanju-svih-igraca-slobode\/#primaryimage\"},\"thumbnailUrl\":\"https:\/\/tuzlainfo.ba\/wp-content\/uploads\/2023\/06\/2506_azmir_husic.jpg\",\"keywords\":[\"azmir husic\",\"fk sloboda\"],\"articleSection\":[\"Bosna i Hercegovina\",\"Istaknuto\",\"Preporu\u010dujemo\"],\"inLanguage\":\"bs-BA\"},{\"@type\":\"WebPage\",\"@id\":\"https:\/\/tuzlainfo.ba\/index.php\/bosna-i-hercegovina\/item\/258082-nije-sve-kako-je-predstavljeno-husic-pojasnio-informaciju-o-otpustanju-svih-igraca-slobode\/\",\"url\":\"https:\/\/tuzlainfo.ba\/index.php\/bosna-i-hercegovina\/item\/258082-nije-sve-kako-je-predstavljeno-husic-pojasnio-informaciju-o-otpustanju-svih-igraca-slobode\/\",\"name\":\"Nije sve kako je predstavljeno: Husi\u0107 pojasnio informaciju o otpu\u0161tanju svih igra\u010da Slobode - TuzlaInfo.ba\",\"isPartOf\":{\"@id\":\"https:\/\/tuzlainfo.ba\/#website\"},\"primaryImageOfPage\":{\"@id\":\"https:\/\/tuzlainfo.ba\/index.php\/bosna-i-hercegovina\/item\/258082-nije-sve-kako-je-predstavljeno-husic-pojasnio-informaciju-o-otpustanju-svih-igraca-slobode\/#primaryimage\"},\"image\":{\"@id\":\"https:\/\/tuzlainfo.ba\/index.php\/bosna-i-hercegovina\/item\/258082-nije-sve-kako-je-predstavljeno-husic-pojasnio-informaciju-o-otpustanju-svih-igraca-slobode\/#primaryimage\"},\"thumbnailUrl\":\"https:\/\/tuzlainfo.ba\/wp-content\/uploads\/2023\/06\/2506_azmir_husic.jpg\",\"datePublished\":\"2024-12-16T20:05:43+00:00\",\"dateModified\":\"2024-12-17T06:40:05+00:00\",\"breadcrumb\":{\"@id\":\"https:\/\/tuzlainfo.ba\/index.php\/bosna-i-hercegovina\/item\/258082-nije-sve-kako-je-predstavljeno-husic-pojasnio-informaciju-o-otpustanju-svih-igraca-slobode\/#breadcrumb\"},\"inLanguage\":\"bs-BA\",\"potentialAction\":[{\"@type\":\"ReadAction\",\"target\":[\"https:\/\/tuzlainfo.ba\/index.php\/bosna-i-hercegovina\/item\/258082-nije-sve-kako-je-predstavljeno-husic-pojasnio-informaciju-o-otpustanju-svih-igraca-slobode\/\"]}]},{\"@type\":\"ImageObject\",\"inLanguage\":\"bs-BA\",\"@id\":\"https:\/\/tuzlainfo.ba\/index.php\/bosna-i-hercegovina\/item\/258082-nije-sve-kako-je-predstavljeno-husic-pojasnio-informaciju-o-otpustanju-svih-igraca-slobode\/#primaryimage\",\"url\":\"https:\/\/tuzlainfo.ba\/wp-content\/uploads\/2023\/06\/2506_azmir_husic.jpg\",\"contentUrl\":\"https:\/\/tuzlainfo.ba\/wp-content\/uploads\/2023\/06\/2506_azmir_husic.jpg\",\"width\":1024,\"height\":597},{\"@type\":\"BreadcrumbList\",\"@id\":\"https:\/\/tuzlainfo.ba\/index.php\/bosna-i-hercegovina\/item\/258082-nije-sve-kako-je-predstavljeno-husic-pojasnio-informaciju-o-otpustanju-svih-igraca-slobode\/#breadcrumb\",\"itemListElement\":[{\"@type\":\"ListItem\",\"position\":1,\"name\":\"Home\",\"item\":\"https:\/\/tuzlainfo.ba\/\"},{\"@type\":\"ListItem\",\"position\":2,\"name\":\"Nije sve kako je predstavljeno: Husi\u0107 pojasnio informaciju o otpu\u0161tanju svih igra\u010da Slobode\"}]},{\"@type\":\"WebSite\",\"@id\":\"https:\/\/tuzlainfo.ba\/#website\",\"url\":\"https:\/\/tuzlainfo.ba\/\",\"name\":\"TuzlaInfo.ba\",\"description\":\"Tuzla info, gradski informator - Tuzla na dlanu\",\"publisher\":{\"@id\":\"https:\/\/tuzlainfo.ba\/#organization\"},\"potentialAction\":[{\"@type\":\"SearchAction\",\"target\":{\"@type\":\"EntryPoint\",\"urlTemplate\":\"https:\/\/tuzlainfo.ba\/?s={search_term_string}\"},\"query-input\":{\"@type\":\"PropertyValueSpecification\",\"valueRequired\":true,\"valueName\":\"search_term_string\"}}],\"inLanguage\":\"bs-BA\"},{\"@type\":\"Organization\",\"@id\":\"https:\/\/tuzlainfo.ba\/#organization\",\"name\":\"TuzlaInfo.ba\",\"url\":\"https:\/\/tuzlainfo.ba\/\",\"logo\":{\"@type\":\"ImageObject\",\"inLanguage\":\"bs-BA\",\"@id\":\"https:\/\/tuzlainfo.ba\/#\/schema\/logo\/image\/\",\"url\":\"https:\/\/tuzlainfo.ba\/wp-content\/uploads\/2021\/03\/logo-ver-3-1.png\",\"contentUrl\":\"https:\/\/tuzlainfo.ba\/wp-content\/uploads\/2021\/03\/logo-ver-3-1.png\",\"width\":350,\"height\":95,\"caption\":\"TuzlaInfo.ba\"},\"image\":{\"@id\":\"https:\/\/tuzlainfo.ba\/#\/schema\/logo\/image\/\"},\"sameAs\":[\"https:\/\/www.facebook.com\/tuzlainfo.ba\/\"]},{\"@type\":\"Person\",\"@id\":\"https:\/\/tuzlainfo.ba\/#\/schema\/person\/f434e20dc27ea133923aab08451b7f7f\",\"name\":\"nedim\",\"image\":{\"@type\":\"ImageObject\",\"inLanguage\":\"bs-BA\",\"@id\":\"https:\/\/tuzlainfo.ba\/#\/schema\/person\/image\/\",\"url\":\"https:\/\/tuzlainfo.ba\/wp-content\/litespeed\/avatar\/aabad687af24844af817603ac1cbdc4f.jpg?ver=1776702173\",\"contentUrl\":\"https:\/\/tuzlainfo.ba\/wp-content\/litespeed\/avatar\/aabad687af24844af817603ac1cbdc4f.jpg?ver=1776702173\",\"caption\":\"nedim\"},\"description\":\"Tuzlainfo.ba pratite na dru\u0161tvenim mre\u017eama: Facebook, Instagram i Youtube. Svoje pri\u010de, upite i fotografije \u0161aljite na na\u0161u e-mail adresu.\"}]}<\/script>\n<!-- \/ Yoast SEO plugin. -->","yoast_head_json":{"title":"Nije sve kako je predstavljeno: Husi\u0107 pojasnio informaciju o otpu\u0161tanju svih igra\u010da Slobode - TuzlaInfo.ba","robots":{"index":"index","follow":"follow","max-snippet":"max-snippet:-1","max-image-preview":"max-image-preview:large","max-video-preview":"max-video-preview:-1"},"canonical":"https:\/\/tuzlainfo.ba\/index.php\/bosna-i-hercegovina\/item\/258082-nije-sve-kako-je-predstavljeno-husic-pojasnio-informaciju-o-otpustanju-svih-igraca-slobode\/","og_locale":"bs_BA","og_type":"article","og_title":"Nije sve kako je predstavljeno: Husi\u0107 pojasnio informaciju o otpu\u0161tanju svih igra\u010da Slobode - TuzlaInfo.ba","og_description":"Fudbalski klub Sloboda je na polusezonu oti\u0161o sa svega dva osvojena boda i pet postignutih&hellip;","og_url":"https:\/\/tuzlainfo.ba\/index.php\/bosna-i-hercegovina\/item\/258082-nije-sve-kako-je-predstavljeno-husic-pojasnio-informaciju-o-otpustanju-svih-igraca-slobode\/","og_site_name":"TuzlaInfo.ba","article_publisher":"https:\/\/www.facebook.com\/tuzlainfo.ba\/","article_published_time":"2024-12-16T20:05:43+00:00","article_modified_time":"2024-12-17T06:40:05+00:00","og_image":[{"width":1024,"height":597,"url":"https:\/\/tuzlainfo.ba\/wp-content\/uploads\/2023\/06\/2506_azmir_husic.jpg","type":"image\/jpeg"}],"author":"nedim","twitter_card":"summary_large_image","twitter_misc":{"Written by":"nedim","Est. reading time":"1 minuta"},"schema":{"@context":"https:\/\/schema.org","@graph":[{"@type":"Article","@id":"https:\/\/tuzlainfo.ba\/index.php\/bosna-i-hercegovina\/item\/258082-nije-sve-kako-je-predstavljeno-husic-pojasnio-informaciju-o-otpustanju-svih-igraca-slobode\/#article","isPartOf":{"@id":"https:\/\/tuzlainfo.ba\/index.php\/bosna-i-hercegovina\/item\/258082-nije-sve-kako-je-predstavljeno-husic-pojasnio-informaciju-o-otpustanju-svih-igraca-slobode\/"},"author":{"name":"nedim","@id":"https:\/\/tuzlainfo.ba\/#\/schema\/person\/f434e20dc27ea133923aab08451b7f7f"},"headline":"Nije sve kako je predstavljeno: Husi\u0107 pojasnio informaciju o otpu\u0161tanju svih igra\u010da Slobode","datePublished":"2024-12-16T20:05:43+00:00","dateModified":"2024-12-17T06:40:05+00:00","mainEntityOfPage":{"@id":"https:\/\/tuzlainfo.ba\/index.php\/bosna-i-hercegovina\/item\/258082-nije-sve-kako-je-predstavljeno-husic-pojasnio-informaciju-o-otpustanju-svih-igraca-slobode\/"},"wordCount":159,"publisher":{"@id":"https:\/\/tuzlainfo.ba\/#organization"},"image":{"@id":"https:\/\/tuzlainfo.ba\/index.php\/bosna-i-hercegovina\/item\/258082-nije-sve-kako-je-predstavljeno-husic-pojasnio-informaciju-o-otpustanju-svih-igraca-slobode\/#primaryimage"},"thumbnailUrl":"https:\/\/tuzlainfo.ba\/wp-content\/uploads\/2023\/06\/2506_azmir_husic.jpg","keywords":["azmir husic","fk sloboda"],"articleSection":["Bosna i Hercegovina","Istaknuto","Preporu\u010dujemo"],"inLanguage":"bs-BA"},{"@type":"WebPage","@id":"https:\/\/tuzlainfo.ba\/index.php\/bosna-i-hercegovina\/item\/258082-nije-sve-kako-je-predstavljeno-husic-pojasnio-informaciju-o-otpustanju-svih-igraca-slobode\/","url":"https:\/\/tuzlainfo.ba\/index.php\/bosna-i-hercegovina\/item\/258082-nije-sve-kako-je-predstavljeno-husic-pojasnio-informaciju-o-otpustanju-svih-igraca-slobode\/","name":"Nije sve kako je predstavljeno: Husi\u0107 pojasnio informaciju o otpu\u0161tanju svih igra\u010da Slobode - TuzlaInfo.ba","isPartOf":{"@id":"https:\/\/tuzlainfo.ba\/#website"},"primaryImageOfPage":{"@id":"https:\/\/tuzlainfo.ba\/index.php\/bosna-i-hercegovina\/item\/258082-nije-sve-kako-je-predstavljeno-husic-pojasnio-informaciju-o-otpustanju-svih-igraca-slobode\/#primaryimage"},"image":{"@id":"https:\/\/tuzlainfo.ba\/index.php\/bosna-i-hercegovina\/item\/258082-nije-sve-kako-je-predstavljeno-husic-pojasnio-informaciju-o-otpustanju-svih-igraca-slobode\/#primaryimage"},"thumbnailUrl":"https:\/\/tuzlainfo.ba\/wp-content\/uploads\/2023\/06\/2506_azmir_husic.jpg","datePublished":"2024-12-16T20:05:43+00:00","dateModified":"2024-12-17T06:40:05+00:00","breadcrumb":{"@id":"https:\/\/tuzlainfo.ba\/index.php\/bosna-i-hercegovina\/item\/258082-nije-sve-kako-je-predstavljeno-husic-pojasnio-informaciju-o-otpustanju-svih-igraca-slobode\/#breadcrumb"},"inLanguage":"bs-BA","potentialAction":[{"@type":"ReadAction","target":["https:\/\/tuzlainfo.ba\/index.php\/bosna-i-hercegovina\/item\/258082-nije-sve-kako-je-predstavljeno-husic-pojasnio-informaciju-o-otpustanju-svih-igraca-slobode\/"]}]},{"@type":"ImageObject","inLanguage":"bs-BA","@id":"https:\/\/tuzlainfo.ba\/index.php\/bosna-i-hercegovina\/item\/258082-nije-sve-kako-je-predstavljeno-husic-pojasnio-informaciju-o-otpustanju-svih-igraca-slobode\/#primaryimage","url":"https:\/\/tuzlainfo.ba\/wp-content\/uploads\/2023\/06\/2506_azmir_husic.jpg","contentUrl":"https:\/\/tuzlainfo.ba\/wp-content\/uploads\/2023\/06\/2506_azmir_husic.jpg","width":1024,"height":597},{"@type":"BreadcrumbList","@id":"https:\/\/tuzlainfo.ba\/index.php\/bosna-i-hercegovina\/item\/258082-nije-sve-kako-je-predstavljeno-husic-pojasnio-informaciju-o-otpustanju-svih-igraca-slobode\/#breadcrumb","itemListElement":[{"@type":"ListItem","position":1,"name":"Home","item":"https:\/\/tuzlainfo.ba\/"},{"@type":"ListItem","position":2,"name":"Nije sve kako je predstavljeno: Husi\u0107 pojasnio informaciju o otpu\u0161tanju svih igra\u010da Slobode"}]},{"@type":"WebSite","@id":"https:\/\/tuzlainfo.ba\/#website","url":"https:\/\/tuzlainfo.ba\/","name":"TuzlaInfo.ba","description":"Tuzla info, gradski informator - Tuzla na dlanu","publisher":{"@id":"https:\/\/tuzlainfo.ba\/#organization"},"potentialAction":[{"@type":"SearchAction","target":{"@type":"EntryPoint","urlTemplate":"https:\/\/tuzlainfo.ba\/?s={search_term_string}"},"query-input":{"@type":"PropertyValueSpecification","valueRequired":true,"valueName":"search_term_string"}}],"inLanguage":"bs-BA"},{"@type":"Organization","@id":"https:\/\/tuzlainfo.ba\/#organization","name":"TuzlaInfo.ba","url":"https:\/\/tuzlainfo.ba\/","logo":{"@type":"ImageObject","inLanguage":"bs-BA","@id":"https:\/\/tuzlainfo.ba\/#\/schema\/logo\/image\/","url":"https:\/\/tuzlainfo.ba\/wp-content\/uploads\/2021\/03\/logo-ver-3-1.png","contentUrl":"https:\/\/tuzlainfo.ba\/wp-content\/uploads\/2021\/03\/logo-ver-3-1.png","width":350,"height":95,"caption":"TuzlaInfo.ba"},"image":{"@id":"https:\/\/tuzlainfo.ba\/#\/schema\/logo\/image\/"},"sameAs":["https:\/\/www.facebook.com\/tuzlainfo.ba\/"]},{"@type":"Person","@id":"https:\/\/tuzlainfo.ba\/#\/schema\/person\/f434e20dc27ea133923aab08451b7f7f","name":"nedim","image":{"@type":"ImageObject","inLanguage":"bs-BA","@id":"https:\/\/tuzlainfo.ba\/#\/schema\/person\/image\/","url":"https:\/\/tuzlainfo.ba\/wp-content\/litespeed\/avatar\/aabad687af24844af817603ac1cbdc4f.jpg?ver=1776702173","contentUrl":"https:\/\/tuzlainfo.ba\/wp-content\/litespeed\/avatar\/aabad687af24844af817603ac1cbdc4f.jpg?ver=1776702173","caption":"nedim"},"description":"Tuzlainfo.ba pratite na dru\u0161tvenim mre\u017eama: Facebook, Instagram i Youtube. Svoje pri\u010de, upite i fotografije \u0161aljite na na\u0161u e-mail adresu."}]}},"_links":{"self":[{"href":"https:\/\/tuzlainfo.ba\/index.php\/wp-json\/wp\/v2\/posts\/258082"}],"collection":[{"href":"https:\/\/tuzlainfo.ba\/index.php\/wp-json\/wp\/v2\/posts"}],"about":[{"href":"https:\/\/tuzlainfo.ba\/index.php\/wp-json\/wp\/v2\/types\/post"}],"author":[{"embeddable":true,"href":"https:\/\/tuzlainfo.ba\/index.php\/wp-json\/wp\/v2\/users\/2"}],"replies":[{"embeddable":true,"href":"https:\/\/tuzlainfo.ba\/index.php\/wp-json\/wp\/v2\/comments?post=258082"}],"version-history":[{"count":1,"href":"https:\/\/tuzlainfo.ba\/index.php\/wp-json\/wp\/v2\/posts\/258082\/revisions"}],"predecessor-version":[{"id":258083,"href":"https:\/\/tuzlainfo.ba\/index.php\/wp-json\/wp\/v2\/posts\/258082\/revisions\/258083"}],"wp:featuredmedia":[{"embeddable":true,"href":"https:\/\/tuzlainfo.ba\/index.php\/wp-json\/wp\/v2\/media\/208578"}],"wp:attachment":[{"href":"https:\/\/tuzlainfo.ba\/index.php\/wp-json\/wp\/v2\/media?parent=258082"}],"wp:term":[{"taxonomy":"category","embeddable":true,"href":"https:\/\/tuzlainfo.ba\/index.php\/wp-json\/wp\/v2\/categories?post=258082"},{"taxonomy":"post_tag","embeddable":true,"href":"https:\/\/tuzlainfo.ba\/index.php\/wp-json\/wp\/v2\/tags?post=258082"}],"curies":[{"name":"wp","href":"https:\/\/api.w.org\/{rel}","templated":true}]}}