{"id":258016,"date":"2024-12-16T11:09:52","date_gmt":"2024-12-16T10:09:52","guid":{"rendered":"https:\/\/tuzlainfo.ba\/?p=258016"},"modified":"2024-12-16T08:23:21","modified_gmt":"2024-12-16T07:23:21","slug":"rock-vecer-u-tuzli-mladi-muzicari-nastupaju-u-klubu-baza","status":"publish","type":"post","link":"https:\/\/tuzlainfo.ba\/index.php\/najava-dogadaja-2\/item\/258016-rock-vecer-u-tuzli-mladi-muzicari-nastupaju-u-klubu-baza\/","title":{"rendered":"Rock ve\u010der u Tuzli: Mladi muzi\u010dari nastupaju u klubu Baza"},"content":{"rendered":"<p>U \u010detvrtak, 19. decembra, s po\u010detkom u 20:00 sati, klub Baza u centru Tuzle (Had\u017eibakeri-bega Tuzli\u0107a 8, poznata Bankerova ulica) bit \u0107e doma\u0107in koncerta jesenjeg ciklusa programa Tuzla Rock School, koji organizuje Udru\u017eenje &#8220;Tuzla Live&#8221;.<\/p>\n<p>Na sceni \u0107e nastupiti session bendovi, sastavljeni od polaznika Tuzla Rock \u0161kole, koji \u0107e predstaviti znanje i vje\u0161tine ste\u010dene tokom proteklih mjeseci programa. Ovaj koncert pru\u017ea jedinstvenu priliku da publika u\u017eiva u energiji mladih muzi\u010dara i podr\u017ei njihov rad.<\/p>\n<p>Nakon izvanrednog nastupa na kraju ljetnog ciklusa, organizatori najavljuju da bi ovaj doga\u0111aj mogao biti jo\u0161 bolji! Tako\u0111er, koncert slu\u017ei kao uvod u novi ciklus Tuzla Rock \u0161kole koji po\u010dinje u januaru 2025. Sve informacije o upisu i predstoje\u0107em programu bit \u0107e objavljene na dru\u0161tvenim mre\u017eama \u0161kole:<\/p>\n<ul>\n<li><strong>Facebook:<\/strong> <a href=\"https:\/\/www.facebook.com\/TuzlaRockSchool\" target=\"_new\" rel=\"noopener\">Tuzla Rock School<\/a><\/li>\n<li><strong>Instagram:<\/strong> <a href=\"https:\/\/www.instagram.com\/TuzlaRockSchool\" target=\"_new\" rel=\"noopener\">Tuzla Rock School<\/a><\/li>\n<\/ul>\n<p>Program Tuzla Rock School podr\u017eavaju Ministarstvo za kulturu, sport i mlade TK, mediji i komercijalni sponzori.<\/p>\n","protected":false},"excerpt":{"rendered":"<p>U \u010detvrtak, 19. decembra, s po\u010detkom u 20:00 sati, klub Baza u centru Tuzle (Had\u017eibakeri-bega Tuzli\u0107a 8, poznata Bankerova ulica) bit \u0107e doma\u0107in koncerta jesenjeg ciklusa programa Tuzla Rock School, koji organizuje Udru\u017eenje &#8220;Tuzla Live&#8221;. Na sceni \u0107e nastupiti session bendovi, sastavljeni od polaznika Tuzla Rock \u0161kole, koji \u0107e predstaviti znanje i vje\u0161tine ste\u010dene tokom [&hellip;]<\/p>\n","protected":false},"author":4,"featured_media":258017,"comment_status":"closed","ping_status":"closed","sticky":false,"template":"","format":"standard","meta":{"footnotes":""},"categories":[304,11],"tags":[10058],"class_list":["post-258016","post","type-post","status-publish","format-standard","has-post-thumbnail","hentry","category-istaknuto","category-najava-dogadaja-2","tag-tuzla-rock-school"],"yoast_head":"<!-- This site is optimized with the Yoast SEO plugin v28.4 - https:\/\/yoast.com\/product\/yoast-seo-wordpress\/ -->\n<title>Rock ve\u010der u Tuzli: Mladi muzi\u010dari nastupaju u klubu Baza<\/title>\n<meta name=\"robots\" content=\"index, follow, max-snippet:-1, max-image-preview:large, max-video-preview:-1\" \/>\n<link rel=\"canonical\" href=\"https:\/\/tuzlainfo.ba\/index.php\/najava-dogadaja-2\/item\/258016-rock-vecer-u-tuzli-mladi-muzicari-nastupaju-u-klubu-baza\/\" \/>\n<meta property=\"og:locale\" content=\"bs_BA\" \/>\n<meta property=\"og:type\" content=\"article\" \/>\n<meta property=\"og:title\" content=\"Rock ve\u010der u Tuzli: Mladi muzi\u010dari nastupaju u klubu Baza\" \/>\n<meta property=\"og:description\" content=\"U \u010detvrtak, 19. decembra, s po\u010detkom u 20:00 sati, klub Baza u centru Tuzle (Had\u017eibakeri-bega Tuzli\u0107a 8, poznata Bankerova ulica) bit \u0107e doma\u0107in koncerta jesenjeg ciklusa programa Tuzla Rock School, koji organizuje Udru\u017eenje &#8220;Tuzla Live&#8221;. Na sceni \u0107e nastupiti session bendovi, sastavljeni od polaznika Tuzla Rock \u0161kole, koji \u0107e predstaviti znanje i vje\u0161tine ste\u010dene tokom [&hellip;]\" \/>\n<meta property=\"og:url\" content=\"https:\/\/tuzlainfo.ba\/index.php\/najava-dogadaja-2\/item\/258016-rock-vecer-u-tuzli-mladi-muzicari-nastupaju-u-klubu-baza\/\" \/>\n<meta property=\"og:site_name\" content=\"TuzlaInfo.ba\" \/>\n<meta property=\"article:publisher\" content=\"https:\/\/www.facebook.com\/tuzlainfo.ba\/\" \/>\n<meta property=\"article:published_time\" content=\"2024-12-16T10:09:52+00:00\" \/>\n<meta property=\"og:image\" content=\"https:\/\/tuzlainfo.ba\/wp-content\/uploads\/2024\/12\/2024-12-19_TRS_FBcover_s.jpg\" \/>\n\t<meta property=\"og:image:width\" content=\"1920\" \/>\n\t<meta property=\"og:image:height\" content=\"730\" \/>\n\t<meta property=\"og:image:type\" content=\"image\/jpeg\" \/>\n<meta name=\"author\" content=\"Tuzla Info\" \/>\n<meta name=\"twitter:card\" content=\"summary_large_image\" \/>\n<meta name=\"twitter:label1\" content=\"Written by\" \/>\n\t<meta name=\"twitter:data1\" content=\"Tuzla Info\" \/>\n\t<meta name=\"twitter:label2\" content=\"Est. reading time\" \/>\n\t<meta name=\"twitter:data2\" content=\"1 minuta\" \/>\n<script type=\"application\/ld+json\" class=\"yoast-schema-graph\">{\"@context\":\"https:\\\/\\\/schema.org\",\"@graph\":[{\"@type\":\"Article\",\"@id\":\"https:\\\/\\\/tuzlainfo.ba\\\/index.php\\\/najava-dogadaja-2\\\/item\\\/258016-rock-vecer-u-tuzli-mladi-muzicari-nastupaju-u-klubu-baza\\\/#article\",\"isPartOf\":{\"@id\":\"https:\\\/\\\/tuzlainfo.ba\\\/index.php\\\/najava-dogadaja-2\\\/item\\\/258016-rock-vecer-u-tuzli-mladi-muzicari-nastupaju-u-klubu-baza\\\/\"},\"author\":{\"name\":\"Tuzla Info\",\"@id\":\"https:\\\/\\\/tuzlainfo.ba\\\/#\\\/schema\\\/person\\\/46cad4c57790cbc50781edd14870825a\"},\"headline\":\"Rock ve\u010der u Tuzli: Mladi muzi\u010dari nastupaju u klubu Baza\",\"datePublished\":\"2024-12-16T10:09:52+00:00\",\"mainEntityOfPage\":{\"@id\":\"https:\\\/\\\/tuzlainfo.ba\\\/index.php\\\/najava-dogadaja-2\\\/item\\\/258016-rock-vecer-u-tuzli-mladi-muzicari-nastupaju-u-klubu-baza\\\/\"},\"wordCount\":172,\"publisher\":{\"@id\":\"https:\\\/\\\/tuzlainfo.ba\\\/#organization\"},\"image\":{\"@id\":\"https:\\\/\\\/tuzlainfo.ba\\\/index.php\\\/najava-dogadaja-2\\\/item\\\/258016-rock-vecer-u-tuzli-mladi-muzicari-nastupaju-u-klubu-baza\\\/#primaryimage\"},\"thumbnailUrl\":\"https:\\\/\\\/tuzlainfo.ba\\\/wp-content\\\/uploads\\\/2024\\\/12\\\/2024-12-19_TRS_FBcover_s.jpg\",\"keywords\":[\"tuzla rock school\"],\"articleSection\":[\"Istaknuto\",\"Najave i doga\u0111aji\"],\"inLanguage\":\"bs-BA\",\"copyrightYear\":\"2024\",\"copyrightHolder\":{\"@id\":\"https:\\\/\\\/tuzlainfo.ba\\\/#organization\"}},{\"@type\":\"WebPage\",\"@id\":\"https:\\\/\\\/tuzlainfo.ba\\\/index.php\\\/najava-dogadaja-2\\\/item\\\/258016-rock-vecer-u-tuzli-mladi-muzicari-nastupaju-u-klubu-baza\\\/\",\"url\":\"https:\\\/\\\/tuzlainfo.ba\\\/index.php\\\/najava-dogadaja-2\\\/item\\\/258016-rock-vecer-u-tuzli-mladi-muzicari-nastupaju-u-klubu-baza\\\/\",\"name\":\"Rock ve\u010der u Tuzli: Mladi muzi\u010dari nastupaju u klubu Baza\",\"isPartOf\":{\"@id\":\"https:\\\/\\\/tuzlainfo.ba\\\/#website\"},\"primaryImageOfPage\":{\"@id\":\"https:\\\/\\\/tuzlainfo.ba\\\/index.php\\\/najava-dogadaja-2\\\/item\\\/258016-rock-vecer-u-tuzli-mladi-muzicari-nastupaju-u-klubu-baza\\\/#primaryimage\"},\"image\":{\"@id\":\"https:\\\/\\\/tuzlainfo.ba\\\/index.php\\\/najava-dogadaja-2\\\/item\\\/258016-rock-vecer-u-tuzli-mladi-muzicari-nastupaju-u-klubu-baza\\\/#primaryimage\"},\"thumbnailUrl\":\"https:\\\/\\\/tuzlainfo.ba\\\/wp-content\\\/uploads\\\/2024\\\/12\\\/2024-12-19_TRS_FBcover_s.jpg\",\"datePublished\":\"2024-12-16T10:09:52+00:00\",\"breadcrumb\":{\"@id\":\"https:\\\/\\\/tuzlainfo.ba\\\/index.php\\\/najava-dogadaja-2\\\/item\\\/258016-rock-vecer-u-tuzli-mladi-muzicari-nastupaju-u-klubu-baza\\\/#breadcrumb\"},\"inLanguage\":\"bs-BA\",\"potentialAction\":[{\"@type\":\"ReadAction\",\"target\":[\"https:\\\/\\\/tuzlainfo.ba\\\/index.php\\\/najava-dogadaja-2\\\/item\\\/258016-rock-vecer-u-tuzli-mladi-muzicari-nastupaju-u-klubu-baza\\\/\"]}]},{\"@type\":\"ImageObject\",\"inLanguage\":\"bs-BA\",\"@id\":\"https:\\\/\\\/tuzlainfo.ba\\\/index.php\\\/najava-dogadaja-2\\\/item\\\/258016-rock-vecer-u-tuzli-mladi-muzicari-nastupaju-u-klubu-baza\\\/#primaryimage\",\"url\":\"https:\\\/\\\/tuzlainfo.ba\\\/wp-content\\\/uploads\\\/2024\\\/12\\\/2024-12-19_TRS_FBcover_s.jpg\",\"contentUrl\":\"https:\\\/\\\/tuzlainfo.ba\\\/wp-content\\\/uploads\\\/2024\\\/12\\\/2024-12-19_TRS_FBcover_s.jpg\",\"width\":1920,\"height\":730},{\"@type\":\"BreadcrumbList\",\"@id\":\"https:\\\/\\\/tuzlainfo.ba\\\/index.php\\\/najava-dogadaja-2\\\/item\\\/258016-rock-vecer-u-tuzli-mladi-muzicari-nastupaju-u-klubu-baza\\\/#breadcrumb\",\"itemListElement\":[{\"@type\":\"ListItem\",\"position\":1,\"name\":\"Home\",\"item\":\"https:\\\/\\\/tuzlainfo.ba\\\/\"},{\"@type\":\"ListItem\",\"position\":2,\"name\":\"Rock ve\u010der u Tuzli: Mladi muzi\u010dari nastupaju u klubu Baza\"}]},{\"@type\":\"WebSite\",\"@id\":\"https:\\\/\\\/tuzlainfo.ba\\\/#website\",\"url\":\"https:\\\/\\\/tuzlainfo.ba\\\/\",\"name\":\"TuzlaInfo.ba\",\"description\":\"Tuzla info, gradski informator - Tuzla na dlanu\",\"publisher\":{\"@id\":\"https:\\\/\\\/tuzlainfo.ba\\\/#organization\"},\"potentialAction\":[{\"@type\":\"SearchAction\",\"target\":{\"@type\":\"EntryPoint\",\"urlTemplate\":\"https:\\\/\\\/tuzlainfo.ba\\\/?s={search_term_string}\"},\"query-input\":{\"@type\":\"PropertyValueSpecification\",\"valueRequired\":true,\"valueName\":\"search_term_string\"}}],\"inLanguage\":\"bs-BA\"},{\"@type\":\"Organization\",\"@id\":\"https:\\\/\\\/tuzlainfo.ba\\\/#organization\",\"name\":\"TuzlaInfo.ba\",\"url\":\"https:\\\/\\\/tuzlainfo.ba\\\/\",\"logo\":{\"@type\":\"ImageObject\",\"inLanguage\":\"bs-BA\",\"@id\":\"https:\\\/\\\/tuzlainfo.ba\\\/#\\\/schema\\\/logo\\\/image\\\/\",\"url\":\"https:\\\/\\\/tuzlainfo.ba\\\/wp-content\\\/uploads\\\/2021\\\/03\\\/logo-ver-3-1.png\",\"contentUrl\":\"https:\\\/\\\/tuzlainfo.ba\\\/wp-content\\\/uploads\\\/2021\\\/03\\\/logo-ver-3-1.png\",\"width\":350,\"height\":95,\"caption\":\"TuzlaInfo.ba\"},\"image\":{\"@id\":\"https:\\\/\\\/tuzlainfo.ba\\\/#\\\/schema\\\/logo\\\/image\\\/\"},\"sameAs\":[\"https:\\\/\\\/www.facebook.com\\\/tuzlainfo.ba\\\/\"]},{\"@type\":\"Person\",\"@id\":\"https:\\\/\\\/tuzlainfo.ba\\\/#\\\/schema\\\/person\\\/46cad4c57790cbc50781edd14870825a\",\"name\":\"Tuzla Info\",\"image\":{\"@type\":\"ImageObject\",\"inLanguage\":\"bs-BA\",\"@id\":\"https:\\\/\\\/secure.gravatar.com\\\/avatar\\\/e980921b00fa2e552723a2386544734ce6885d2b2304ccca3f45186f9ca4031d?s=96&d=mm&r=g\",\"url\":\"https:\\\/\\\/secure.gravatar.com\\\/avatar\\\/e980921b00fa2e552723a2386544734ce6885d2b2304ccca3f45186f9ca4031d?s=96&d=mm&r=g\",\"contentUrl\":\"https:\\\/\\\/secure.gravatar.com\\\/avatar\\\/e980921b00fa2e552723a2386544734ce6885d2b2304ccca3f45186f9ca4031d?s=96&d=mm&r=g\",\"caption\":\"Tuzla Info\"}}]}<\/script>\n<!-- \/ Yoast SEO plugin. -->","yoast_head_json":{"title":"Rock ve\u010der u Tuzli: Mladi muzi\u010dari nastupaju u klubu Baza","robots":{"index":"index","follow":"follow","max-snippet":"max-snippet:-1","max-image-preview":"max-image-preview:large","max-video-preview":"max-video-preview:-1"},"canonical":"https:\/\/tuzlainfo.ba\/index.php\/najava-dogadaja-2\/item\/258016-rock-vecer-u-tuzli-mladi-muzicari-nastupaju-u-klubu-baza\/","og_locale":"bs_BA","og_type":"article","og_title":"Rock ve\u010der u Tuzli: Mladi muzi\u010dari nastupaju u klubu Baza","og_description":"U \u010detvrtak, 19. decembra, s po\u010detkom u 20:00 sati, klub Baza u centru Tuzle (Had\u017eibakeri-bega Tuzli\u0107a 8, poznata Bankerova ulica) bit \u0107e doma\u0107in koncerta jesenjeg ciklusa programa Tuzla Rock School, koji organizuje Udru\u017eenje &#8220;Tuzla Live&#8221;. Na sceni \u0107e nastupiti session bendovi, sastavljeni od polaznika Tuzla Rock \u0161kole, koji \u0107e predstaviti znanje i vje\u0161tine ste\u010dene tokom [&hellip;]","og_url":"https:\/\/tuzlainfo.ba\/index.php\/najava-dogadaja-2\/item\/258016-rock-vecer-u-tuzli-mladi-muzicari-nastupaju-u-klubu-baza\/","og_site_name":"TuzlaInfo.ba","article_publisher":"https:\/\/www.facebook.com\/tuzlainfo.ba\/","article_published_time":"2024-12-16T10:09:52+00:00","og_image":[{"width":1920,"height":730,"url":"https:\/\/tuzlainfo.ba\/wp-content\/uploads\/2024\/12\/2024-12-19_TRS_FBcover_s.jpg","type":"image\/jpeg"}],"author":"Tuzla Info","twitter_card":"summary_large_image","twitter_misc":{"Written by":"Tuzla Info","Est. reading time":"1 minuta"},"schema":{"@context":"https:\/\/schema.org","@graph":[{"@type":"Article","@id":"https:\/\/tuzlainfo.ba\/index.php\/najava-dogadaja-2\/item\/258016-rock-vecer-u-tuzli-mladi-muzicari-nastupaju-u-klubu-baza\/#article","isPartOf":{"@id":"https:\/\/tuzlainfo.ba\/index.php\/najava-dogadaja-2\/item\/258016-rock-vecer-u-tuzli-mladi-muzicari-nastupaju-u-klubu-baza\/"},"author":{"name":"Tuzla Info","@id":"https:\/\/tuzlainfo.ba\/#\/schema\/person\/46cad4c57790cbc50781edd14870825a"},"headline":"Rock ve\u010der u Tuzli: Mladi muzi\u010dari nastupaju u klubu Baza","datePublished":"2024-12-16T10:09:52+00:00","mainEntityOfPage":{"@id":"https:\/\/tuzlainfo.ba\/index.php\/najava-dogadaja-2\/item\/258016-rock-vecer-u-tuzli-mladi-muzicari-nastupaju-u-klubu-baza\/"},"wordCount":172,"publisher":{"@id":"https:\/\/tuzlainfo.ba\/#organization"},"image":{"@id":"https:\/\/tuzlainfo.ba\/index.php\/najava-dogadaja-2\/item\/258016-rock-vecer-u-tuzli-mladi-muzicari-nastupaju-u-klubu-baza\/#primaryimage"},"thumbnailUrl":"https:\/\/tuzlainfo.ba\/wp-content\/uploads\/2024\/12\/2024-12-19_TRS_FBcover_s.jpg","keywords":["tuzla rock school"],"articleSection":["Istaknuto","Najave i doga\u0111aji"],"inLanguage":"bs-BA","copyrightYear":"2024","copyrightHolder":{"@id":"https:\/\/tuzlainfo.ba\/#organization"}},{"@type":"WebPage","@id":"https:\/\/tuzlainfo.ba\/index.php\/najava-dogadaja-2\/item\/258016-rock-vecer-u-tuzli-mladi-muzicari-nastupaju-u-klubu-baza\/","url":"https:\/\/tuzlainfo.ba\/index.php\/najava-dogadaja-2\/item\/258016-rock-vecer-u-tuzli-mladi-muzicari-nastupaju-u-klubu-baza\/","name":"Rock ve\u010der u Tuzli: Mladi muzi\u010dari nastupaju u klubu Baza","isPartOf":{"@id":"https:\/\/tuzlainfo.ba\/#website"},"primaryImageOfPage":{"@id":"https:\/\/tuzlainfo.ba\/index.php\/najava-dogadaja-2\/item\/258016-rock-vecer-u-tuzli-mladi-muzicari-nastupaju-u-klubu-baza\/#primaryimage"},"image":{"@id":"https:\/\/tuzlainfo.ba\/index.php\/najava-dogadaja-2\/item\/258016-rock-vecer-u-tuzli-mladi-muzicari-nastupaju-u-klubu-baza\/#primaryimage"},"thumbnailUrl":"https:\/\/tuzlainfo.ba\/wp-content\/uploads\/2024\/12\/2024-12-19_TRS_FBcover_s.jpg","datePublished":"2024-12-16T10:09:52+00:00","breadcrumb":{"@id":"https:\/\/tuzlainfo.ba\/index.php\/najava-dogadaja-2\/item\/258016-rock-vecer-u-tuzli-mladi-muzicari-nastupaju-u-klubu-baza\/#breadcrumb"},"inLanguage":"bs-BA","potentialAction":[{"@type":"ReadAction","target":["https:\/\/tuzlainfo.ba\/index.php\/najava-dogadaja-2\/item\/258016-rock-vecer-u-tuzli-mladi-muzicari-nastupaju-u-klubu-baza\/"]}]},{"@type":"ImageObject","inLanguage":"bs-BA","@id":"https:\/\/tuzlainfo.ba\/index.php\/najava-dogadaja-2\/item\/258016-rock-vecer-u-tuzli-mladi-muzicari-nastupaju-u-klubu-baza\/#primaryimage","url":"https:\/\/tuzlainfo.ba\/wp-content\/uploads\/2024\/12\/2024-12-19_TRS_FBcover_s.jpg","contentUrl":"https:\/\/tuzlainfo.ba\/wp-content\/uploads\/2024\/12\/2024-12-19_TRS_FBcover_s.jpg","width":1920,"height":730},{"@type":"BreadcrumbList","@id":"https:\/\/tuzlainfo.ba\/index.php\/najava-dogadaja-2\/item\/258016-rock-vecer-u-tuzli-mladi-muzicari-nastupaju-u-klubu-baza\/#breadcrumb","itemListElement":[{"@type":"ListItem","position":1,"name":"Home","item":"https:\/\/tuzlainfo.ba\/"},{"@type":"ListItem","position":2,"name":"Rock ve\u010der u Tuzli: Mladi muzi\u010dari nastupaju u klubu Baza"}]},{"@type":"WebSite","@id":"https:\/\/tuzlainfo.ba\/#website","url":"https:\/\/tuzlainfo.ba\/","name":"TuzlaInfo.ba","description":"Tuzla info, gradski informator - Tuzla na dlanu","publisher":{"@id":"https:\/\/tuzlainfo.ba\/#organization"},"potentialAction":[{"@type":"SearchAction","target":{"@type":"EntryPoint","urlTemplate":"https:\/\/tuzlainfo.ba\/?s={search_term_string}"},"query-input":{"@type":"PropertyValueSpecification","valueRequired":true,"valueName":"search_term_string"}}],"inLanguage":"bs-BA"},{"@type":"Organization","@id":"https:\/\/tuzlainfo.ba\/#organization","name":"TuzlaInfo.ba","url":"https:\/\/tuzlainfo.ba\/","logo":{"@type":"ImageObject","inLanguage":"bs-BA","@id":"https:\/\/tuzlainfo.ba\/#\/schema\/logo\/image\/","url":"https:\/\/tuzlainfo.ba\/wp-content\/uploads\/2021\/03\/logo-ver-3-1.png","contentUrl":"https:\/\/tuzlainfo.ba\/wp-content\/uploads\/2021\/03\/logo-ver-3-1.png","width":350,"height":95,"caption":"TuzlaInfo.ba"},"image":{"@id":"https:\/\/tuzlainfo.ba\/#\/schema\/logo\/image\/"},"sameAs":["https:\/\/www.facebook.com\/tuzlainfo.ba\/"]},{"@type":"Person","@id":"https:\/\/tuzlainfo.ba\/#\/schema\/person\/46cad4c57790cbc50781edd14870825a","name":"Tuzla Info","image":{"@type":"ImageObject","inLanguage":"bs-BA","@id":"https:\/\/secure.gravatar.com\/avatar\/e980921b00fa2e552723a2386544734ce6885d2b2304ccca3f45186f9ca4031d?s=96&d=mm&r=g","url":"https:\/\/secure.gravatar.com\/avatar\/e980921b00fa2e552723a2386544734ce6885d2b2304ccca3f45186f9ca4031d?s=96&d=mm&r=g","contentUrl":"https:\/\/secure.gravatar.com\/avatar\/e980921b00fa2e552723a2386544734ce6885d2b2304ccca3f45186f9ca4031d?s=96&d=mm&r=g","caption":"Tuzla Info"}}]}},"_links":{"self":[{"href":"https:\/\/tuzlainfo.ba\/index.php\/wp-json\/wp\/v2\/posts\/258016","targetHints":{"allow":["GET"]}}],"collection":[{"href":"https:\/\/tuzlainfo.ba\/index.php\/wp-json\/wp\/v2\/posts"}],"about":[{"href":"https:\/\/tuzlainfo.ba\/index.php\/wp-json\/wp\/v2\/types\/post"}],"author":[{"embeddable":true,"href":"https:\/\/tuzlainfo.ba\/index.php\/wp-json\/wp\/v2\/users\/4"}],"replies":[{"embeddable":true,"href":"https:\/\/tuzlainfo.ba\/index.php\/wp-json\/wp\/v2\/comments?post=258016"}],"version-history":[{"count":1,"href":"https:\/\/tuzlainfo.ba\/index.php\/wp-json\/wp\/v2\/posts\/258016\/revisions"}],"predecessor-version":[{"id":258018,"href":"https:\/\/tuzlainfo.ba\/index.php\/wp-json\/wp\/v2\/posts\/258016\/revisions\/258018"}],"wp:featuredmedia":[{"embeddable":true,"href":"https:\/\/tuzlainfo.ba\/index.php\/wp-json\/wp\/v2\/media\/258017"}],"wp:attachment":[{"href":"https:\/\/tuzlainfo.ba\/index.php\/wp-json\/wp\/v2\/media?parent=258016"}],"wp:term":[{"taxonomy":"category","embeddable":true,"href":"https:\/\/tuzlainfo.ba\/index.php\/wp-json\/wp\/v2\/categories?post=258016"},{"taxonomy":"post_tag","embeddable":true,"href":"https:\/\/tuzlainfo.ba\/index.php\/wp-json\/wp\/v2\/tags?post=258016"}],"curies":[{"name":"wp","href":"https:\/\/api.w.org\/{rel}","templated":true}]}}