{"id":257937,"date":"2024-12-15T18:01:08","date_gmt":"2024-12-15T17:01:08","guid":{"rendered":"https:\/\/tuzlainfo.ba\/?p=257937"},"modified":"2024-12-17T13:17:08","modified_gmt":"2024-12-17T12:17:08","slug":"ovo-su-nove-cijene-centralno-grijanje-tuzla-trazi-poskupljenje-usluge-odlucuje-gradsko-vijece","status":"publish","type":"post","link":"https:\/\/tuzlainfo.ba\/index.php\/novosti\/item\/257937-ovo-su-nove-cijene-centralno-grijanje-tuzla-trazi-poskupljenje-usluge-odlucuje-gradsko-vijece\/","title":{"rendered":"Ovo su nove cijene: Centralno grijanje Tuzla tra\u017ei poskupljenje usluge, odlu\u010duje Gradsko vije\u0107e"},"content":{"rendered":"<p>Nadzorni odbor \u201cCentralno grijanje\u201d d.d. Tuzla donio je Odluku o izmjenama Odluke o utvr\u0111ivanju cijene usluge grijanja po m\u00b2 i cijene usluge grijanja po MWh.<\/p>\n<p>Da bi Odluka stupila na snagu na nju saglasnost treba Dati Gradsko vije\u0107e Tuzla koje \u0107e projedlog potvrditi ili odbiti, a ta tema \u0107e se na\u0107i na sjednici Gradskog vije\u0107a Tuzla u \u010detvrtak 19. decembra.<\/p>\n<p>Tako je predla\u017eeno uve\u0107anje cijene usluga grijanja po m2 i cijene usluge grijanja po obra\u010dunatoj potro\u0161nji na na\u010din da doma\u0107instva koja grijanje pla\u0107aju po kvadraturi povri\u0161ne koja se zagrijava umjesto dosada\u0161njih 1,44 KM po m2 pla\u0107aju 1,73 KM po m2, a doma\u0107instva koja pla\u0107aju po koli\u010dini isporu\u010dene tolinske energije umjesto dosada\u0161nji 56,24 KM po MWh\u00a0 da pla\u0107aju67,49 KM po MWh.<\/p>\n<p>Tako\u0111er, umjesto dosada\u0161nje cijene za anga\u017eovanu snagu, bez obzira na potro\u0161nju, koja je iznosila 0,0073 (KM\/m2\/dan) korisnici \u0107e ukoliko se ova odluka usvoji pla\u0107ati 0,0088 (KM\/m2\/dan) za ovu uslugu.<\/p>\n<h3><strong>\u0160ta se navodi kao razlog poskupljenja?<\/strong><\/h3>\n<p>Slu\u017eba za ekonomski razvoj, poduzetni\u0161tvo i poljoprivredu koja je uradila analizu za Gradsko vije\u0107e Tuzla i zahtjev NO Centralnog grijanja okarakterisala opravdanim kao relevantne elemente predlo\u017eenog pove\u0107anja cijena usluge grijanja isti\u010de:<\/p>\n<p>&#8211; Rast ukupnih varijabilnih tro\u0161kova (energija), u periodu 2010-2023. godina iznosio je 31,48%, a u\u010de\u0161\u0107e varijabilnih tro\u0161kova u ukupnim rashodima preduze\u0107a iznosilo je 51,44%, dok je rast fiksnih tro\u0161kova (odra\u017eavanje, amortizacija, neproizvodni tro\u0161kovi i tro\u0161kovi pla\u0107a) u istom periodu iznosio 5,49 %, a u\u010de\u0161\u0107e istih u ukupnim rashodima preduze\u0107a 48,56%.<\/p>\n<p>&#8211; Pove\u0107anje cijene toplotne energije od dobavlja\u010da JP Elektroprivreda BiH d.d. &#8211; Sarajevo, u periodu februar 2021 &#8211; novembar 2024. godine, iznosilo je 51,90%.<\/p>\n<p>&#8211; Pove\u0107anje cijene elektri\u010dne energije od dobavlja\u010da JP Elektroprivreda BiH d.d. &#8211; Sarajevo, u periodu od 01.01. &#8211; 30.04.2023. godine naspram perioda od 01.01. &#8211; 30.04.2024. godine, iznosilo je 31.40%. Dodatan negativan efekat na tro\u0161kove elektri\u010dne energije rezultat je i gubitka prava na javnu uslugu snabdijevanja elektri\u010dnom energijom.<\/p>\n<p>&#8211; Rast indeksa cijena industrijskih proizvo\u0111a\u010da u Bosni i Hercegovini u 2023. godini (proizvodnja gotovih metalnih proizvoda, osim ma\u0161ina i opreme &#8211; 136,6; Proizvodnja ra\u010dunara, elektroni\u010dkih i opti\u010dkih proizvoda &#8211; 109,9; Proizvodnja elektri\u010dne opreme &#8211; 143,8), a \u010diji proizvodi predstavljaju\u00a0okosnicu odr\u017eavanja i upravljanja sistemom daljinskog grijanja grada Tuzla uzrokovao je ukupan rast tro\u0161kova odr\u017eavanja sistema daljinskog grijanja u 2023. godini naspram 2024. godine u iznosu od 142,61%. U posmatranom periodu evidentno je da su cijene cijevi porasle u rasponu od 39% do 81%.<\/p>\n<h3><strong>Kakve su cijene u drugim gradovima?<\/strong><\/h3>\n<p>Na potezu su vije\u0107nici Gradskog vije\u0107a Tuzla, a iz \u201eCentralnog grijanje&#8221; d.d. Tuzla isti\u010du da \u010de uz trenutnu cijenu toplotne energije Preduze\u0107e \u0107e iskazati izrazito negativan finansijski rezultat, a posljedi\u010dno isto \u0107e imati negativan uticaj i na kvalitet usluge isporuke toplotne energije i planirano pove\u0107anje mre\u017ee sistema daljinskog grijanja.<\/p>\n<p>Upore\u0111uju\u0107i cijene toplotne energije u ve\u0107im gradskim centrima u BiH, prema dostavljenoj informaciji, a na bazi analize \u201e,Centralno grijanje&#8221; d.d. Tuzla, utvr\u0111eno je da je postoje\u0107a cijena toplotne energije po m2 za kategoriju doma\u0107instva u Gradu Tuzla manja u rasponu od cca 12 % do 100 %, a za kategoriju privreda cijene toplotne energije po MWh manja je u rasponu od cca 4 % do 300%.<\/p>\n<p>Sude\u0107i po reakcijama gra\u0111ana na po\u010detku ove grijne sezone, koji su se \u017ealili na \u010deste kvarove i nedovoljno zagrijane prostorije, poskupljenje bi moglo nai\u0107i na \u017eestoke reakcije korisnika usluga Centralnog grijanja Tuzla.<\/p>\n<p>Posebno \u0107e biti ugro\u017eeni penzioneri i socijalne kategorije kojima 20-30 KM mjese\u010dno vi\u0161e na dosada\u0161nje ra\u010dune itekako uti\u010de na ku\u0107ne bud\u017eete. Na potezu su su oni koje su gra\u0111ani birali u Gradsko vije\u0107e.<strong>\/Tuzlainfo.ba\/<\/strong><\/p>\n","protected":false},"excerpt":{"rendered":"<p>Nadzorni odbor \u201cCentralno grijanje\u201d d.d. Tuzla donio je Odluku o izmjenama Odluke o utvr\u0111ivanju cijene&hellip;<\/p>\n","protected":false},"author":2,"featured_media":257936,"comment_status":"closed","ping_status":"closed","sticky":false,"template":"","format":"standard","meta":{"_acf_changed":false,"footnotes":""},"categories":[304,12,306],"tags":[11617,331,858,1866],"acf":[],"yoast_head":"<!-- This site is optimized with the Yoast SEO plugin v23.5 - https:\/\/yoast.com\/wordpress\/plugins\/seo\/ -->\n<title>Ovo su nove cijene: Centralno grijanje Tuzla tra\u017ei poskupljenje usluge, odlu\u010duje Gradsko vije\u0107e - TuzlaInfo.ba<\/title>\n<meta name=\"robots\" content=\"index, follow, max-snippet:-1, max-image-preview:large, max-video-preview:-1\" \/>\n<link rel=\"canonical\" href=\"https:\/\/tuzlainfo.ba\/index.php\/novosti\/item\/257937-ovo-su-nove-cijene-centralno-grijanje-tuzla-trazi-poskupljenje-usluge-odlucuje-gradsko-vijece\/\" \/>\n<meta property=\"og:locale\" content=\"bs_BA\" \/>\n<meta property=\"og:type\" content=\"article\" \/>\n<meta property=\"og:title\" content=\"Ovo su nove cijene: Centralno grijanje Tuzla tra\u017ei poskupljenje usluge, odlu\u010duje Gradsko vije\u0107e - TuzlaInfo.ba\" \/>\n<meta property=\"og:description\" content=\"Nadzorni odbor \u201cCentralno grijanje\u201d d.d. Tuzla donio je Odluku o izmjenama Odluke o utvr\u0111ivanju cijene&hellip;\" \/>\n<meta property=\"og:url\" content=\"https:\/\/tuzlainfo.ba\/index.php\/novosti\/item\/257937-ovo-su-nove-cijene-centralno-grijanje-tuzla-trazi-poskupljenje-usluge-odlucuje-gradsko-vijece\/\" \/>\n<meta property=\"og:site_name\" content=\"TuzlaInfo.ba\" \/>\n<meta property=\"article:publisher\" content=\"https:\/\/www.facebook.com\/tuzlainfo.ba\/\" \/>\n<meta property=\"article:published_time\" content=\"2024-12-15T17:01:08+00:00\" \/>\n<meta property=\"article:modified_time\" content=\"2024-12-17T12:17:08+00:00\" \/>\n<meta property=\"og:image\" content=\"https:\/\/tuzlainfo.ba\/wp-content\/uploads\/2024\/12\/1512_vijece_grijanje.jpg\" \/>\n\t<meta property=\"og:image:width\" content=\"1000\" \/>\n\t<meta property=\"og:image:height\" content=\"562\" \/>\n\t<meta property=\"og:image:type\" content=\"image\/jpeg\" \/>\n<meta name=\"author\" content=\"nedim\" \/>\n<meta name=\"twitter:card\" content=\"summary_large_image\" \/>\n<meta name=\"twitter:label1\" content=\"Written by\" \/>\n\t<meta name=\"twitter:data1\" content=\"nedim\" \/>\n\t<meta name=\"twitter:label2\" content=\"Est. reading time\" \/>\n\t<meta name=\"twitter:data2\" content=\"4 minute\" \/>\n<script type=\"application\/ld+json\" class=\"yoast-schema-graph\">{\"@context\":\"https:\/\/schema.org\",\"@graph\":[{\"@type\":\"Article\",\"@id\":\"https:\/\/tuzlainfo.ba\/index.php\/novosti\/item\/257937-ovo-su-nove-cijene-centralno-grijanje-tuzla-trazi-poskupljenje-usluge-odlucuje-gradsko-vijece\/#article\",\"isPartOf\":{\"@id\":\"https:\/\/tuzlainfo.ba\/index.php\/novosti\/item\/257937-ovo-su-nove-cijene-centralno-grijanje-tuzla-trazi-poskupljenje-usluge-odlucuje-gradsko-vijece\/\"},\"author\":{\"name\":\"nedim\",\"@id\":\"https:\/\/tuzlainfo.ba\/#\/schema\/person\/f434e20dc27ea133923aab08451b7f7f\"},\"headline\":\"Ovo su nove cijene: Centralno grijanje Tuzla tra\u017ei poskupljenje usluge, odlu\u010duje Gradsko vije\u0107e\",\"datePublished\":\"2024-12-15T17:01:08+00:00\",\"dateModified\":\"2024-12-17T12:17:08+00:00\",\"mainEntityOfPage\":{\"@id\":\"https:\/\/tuzlainfo.ba\/index.php\/novosti\/item\/257937-ovo-su-nove-cijene-centralno-grijanje-tuzla-trazi-poskupljenje-usluge-odlucuje-gradsko-vijece\/\"},\"wordCount\":659,\"publisher\":{\"@id\":\"https:\/\/tuzlainfo.ba\/#organization\"},\"image\":{\"@id\":\"https:\/\/tuzlainfo.ba\/index.php\/novosti\/item\/257937-ovo-su-nove-cijene-centralno-grijanje-tuzla-trazi-poskupljenje-usluge-odlucuje-gradsko-vijece\/#primaryimage\"},\"thumbnailUrl\":\"https:\/\/tuzlainfo.ba\/wp-content\/uploads\/2024\/12\/1512_vijece_grijanje.jpg\",\"keywords\":[\"centralno girjanje\",\"grad tuzla\",\"gradsko vije\u0107e tuzla\",\"poskupljenje\"],\"articleSection\":[\"Istaknuto\",\"Novosti\",\"Preporu\u010dujemo\"],\"inLanguage\":\"bs-BA\"},{\"@type\":\"WebPage\",\"@id\":\"https:\/\/tuzlainfo.ba\/index.php\/novosti\/item\/257937-ovo-su-nove-cijene-centralno-grijanje-tuzla-trazi-poskupljenje-usluge-odlucuje-gradsko-vijece\/\",\"url\":\"https:\/\/tuzlainfo.ba\/index.php\/novosti\/item\/257937-ovo-su-nove-cijene-centralno-grijanje-tuzla-trazi-poskupljenje-usluge-odlucuje-gradsko-vijece\/\",\"name\":\"Ovo su nove cijene: Centralno grijanje Tuzla tra\u017ei poskupljenje usluge, odlu\u010duje Gradsko vije\u0107e - TuzlaInfo.ba\",\"isPartOf\":{\"@id\":\"https:\/\/tuzlainfo.ba\/#website\"},\"primaryImageOfPage\":{\"@id\":\"https:\/\/tuzlainfo.ba\/index.php\/novosti\/item\/257937-ovo-su-nove-cijene-centralno-grijanje-tuzla-trazi-poskupljenje-usluge-odlucuje-gradsko-vijece\/#primaryimage\"},\"image\":{\"@id\":\"https:\/\/tuzlainfo.ba\/index.php\/novosti\/item\/257937-ovo-su-nove-cijene-centralno-grijanje-tuzla-trazi-poskupljenje-usluge-odlucuje-gradsko-vijece\/#primaryimage\"},\"thumbnailUrl\":\"https:\/\/tuzlainfo.ba\/wp-content\/uploads\/2024\/12\/1512_vijece_grijanje.jpg\",\"datePublished\":\"2024-12-15T17:01:08+00:00\",\"dateModified\":\"2024-12-17T12:17:08+00:00\",\"breadcrumb\":{\"@id\":\"https:\/\/tuzlainfo.ba\/index.php\/novosti\/item\/257937-ovo-su-nove-cijene-centralno-grijanje-tuzla-trazi-poskupljenje-usluge-odlucuje-gradsko-vijece\/#breadcrumb\"},\"inLanguage\":\"bs-BA\",\"potentialAction\":[{\"@type\":\"ReadAction\",\"target\":[\"https:\/\/tuzlainfo.ba\/index.php\/novosti\/item\/257937-ovo-su-nove-cijene-centralno-grijanje-tuzla-trazi-poskupljenje-usluge-odlucuje-gradsko-vijece\/\"]}]},{\"@type\":\"ImageObject\",\"inLanguage\":\"bs-BA\",\"@id\":\"https:\/\/tuzlainfo.ba\/index.php\/novosti\/item\/257937-ovo-su-nove-cijene-centralno-grijanje-tuzla-trazi-poskupljenje-usluge-odlucuje-gradsko-vijece\/#primaryimage\",\"url\":\"https:\/\/tuzlainfo.ba\/wp-content\/uploads\/2024\/12\/1512_vijece_grijanje.jpg\",\"contentUrl\":\"https:\/\/tuzlainfo.ba\/wp-content\/uploads\/2024\/12\/1512_vijece_grijanje.jpg\",\"width\":1000,\"height\":562},{\"@type\":\"BreadcrumbList\",\"@id\":\"https:\/\/tuzlainfo.ba\/index.php\/novosti\/item\/257937-ovo-su-nove-cijene-centralno-grijanje-tuzla-trazi-poskupljenje-usluge-odlucuje-gradsko-vijece\/#breadcrumb\",\"itemListElement\":[{\"@type\":\"ListItem\",\"position\":1,\"name\":\"Home\",\"item\":\"https:\/\/tuzlainfo.ba\/\"},{\"@type\":\"ListItem\",\"position\":2,\"name\":\"Ovo su nove cijene: Centralno grijanje Tuzla tra\u017ei poskupljenje usluge, odlu\u010duje Gradsko vije\u0107e\"}]},{\"@type\":\"WebSite\",\"@id\":\"https:\/\/tuzlainfo.ba\/#website\",\"url\":\"https:\/\/tuzlainfo.ba\/\",\"name\":\"TuzlaInfo.ba\",\"description\":\"Tuzla info, gradski informator - Tuzla na dlanu\",\"publisher\":{\"@id\":\"https:\/\/tuzlainfo.ba\/#organization\"},\"potentialAction\":[{\"@type\":\"SearchAction\",\"target\":{\"@type\":\"EntryPoint\",\"urlTemplate\":\"https:\/\/tuzlainfo.ba\/?s={search_term_string}\"},\"query-input\":{\"@type\":\"PropertyValueSpecification\",\"valueRequired\":true,\"valueName\":\"search_term_string\"}}],\"inLanguage\":\"bs-BA\"},{\"@type\":\"Organization\",\"@id\":\"https:\/\/tuzlainfo.ba\/#organization\",\"name\":\"TuzlaInfo.ba\",\"url\":\"https:\/\/tuzlainfo.ba\/\",\"logo\":{\"@type\":\"ImageObject\",\"inLanguage\":\"bs-BA\",\"@id\":\"https:\/\/tuzlainfo.ba\/#\/schema\/logo\/image\/\",\"url\":\"https:\/\/tuzlainfo.ba\/wp-content\/uploads\/2021\/03\/logo-ver-3-1.png\",\"contentUrl\":\"https:\/\/tuzlainfo.ba\/wp-content\/uploads\/2021\/03\/logo-ver-3-1.png\",\"width\":350,\"height\":95,\"caption\":\"TuzlaInfo.ba\"},\"image\":{\"@id\":\"https:\/\/tuzlainfo.ba\/#\/schema\/logo\/image\/\"},\"sameAs\":[\"https:\/\/www.facebook.com\/tuzlainfo.ba\/\"]},{\"@type\":\"Person\",\"@id\":\"https:\/\/tuzlainfo.ba\/#\/schema\/person\/f434e20dc27ea133923aab08451b7f7f\",\"name\":\"nedim\",\"image\":{\"@type\":\"ImageObject\",\"inLanguage\":\"bs-BA\",\"@id\":\"https:\/\/tuzlainfo.ba\/#\/schema\/person\/image\/\",\"url\":\"https:\/\/tuzlainfo.ba\/wp-content\/litespeed\/avatar\/aabad687af24844af817603ac1cbdc4f.jpg?ver=1777306975\",\"contentUrl\":\"https:\/\/tuzlainfo.ba\/wp-content\/litespeed\/avatar\/aabad687af24844af817603ac1cbdc4f.jpg?ver=1777306975\",\"caption\":\"nedim\"},\"description\":\"Tuzlainfo.ba pratite na dru\u0161tvenim mre\u017eama: Facebook, Instagram i Youtube. Svoje pri\u010de, upite i fotografije \u0161aljite na na\u0161u e-mail adresu.\"}]}<\/script>\n<!-- \/ Yoast SEO plugin. -->","yoast_head_json":{"title":"Ovo su nove cijene: Centralno grijanje Tuzla tra\u017ei poskupljenje usluge, odlu\u010duje Gradsko vije\u0107e - TuzlaInfo.ba","robots":{"index":"index","follow":"follow","max-snippet":"max-snippet:-1","max-image-preview":"max-image-preview:large","max-video-preview":"max-video-preview:-1"},"canonical":"https:\/\/tuzlainfo.ba\/index.php\/novosti\/item\/257937-ovo-su-nove-cijene-centralno-grijanje-tuzla-trazi-poskupljenje-usluge-odlucuje-gradsko-vijece\/","og_locale":"bs_BA","og_type":"article","og_title":"Ovo su nove cijene: Centralno grijanje Tuzla tra\u017ei poskupljenje usluge, odlu\u010duje Gradsko vije\u0107e - TuzlaInfo.ba","og_description":"Nadzorni odbor \u201cCentralno grijanje\u201d d.d. Tuzla donio je Odluku o izmjenama Odluke o utvr\u0111ivanju cijene&hellip;","og_url":"https:\/\/tuzlainfo.ba\/index.php\/novosti\/item\/257937-ovo-su-nove-cijene-centralno-grijanje-tuzla-trazi-poskupljenje-usluge-odlucuje-gradsko-vijece\/","og_site_name":"TuzlaInfo.ba","article_publisher":"https:\/\/www.facebook.com\/tuzlainfo.ba\/","article_published_time":"2024-12-15T17:01:08+00:00","article_modified_time":"2024-12-17T12:17:08+00:00","og_image":[{"width":1000,"height":562,"url":"https:\/\/tuzlainfo.ba\/wp-content\/uploads\/2024\/12\/1512_vijece_grijanje.jpg","type":"image\/jpeg"}],"author":"nedim","twitter_card":"summary_large_image","twitter_misc":{"Written by":"nedim","Est. reading time":"4 minute"},"schema":{"@context":"https:\/\/schema.org","@graph":[{"@type":"Article","@id":"https:\/\/tuzlainfo.ba\/index.php\/novosti\/item\/257937-ovo-su-nove-cijene-centralno-grijanje-tuzla-trazi-poskupljenje-usluge-odlucuje-gradsko-vijece\/#article","isPartOf":{"@id":"https:\/\/tuzlainfo.ba\/index.php\/novosti\/item\/257937-ovo-su-nove-cijene-centralno-grijanje-tuzla-trazi-poskupljenje-usluge-odlucuje-gradsko-vijece\/"},"author":{"name":"nedim","@id":"https:\/\/tuzlainfo.ba\/#\/schema\/person\/f434e20dc27ea133923aab08451b7f7f"},"headline":"Ovo su nove cijene: Centralno grijanje Tuzla tra\u017ei poskupljenje usluge, odlu\u010duje Gradsko vije\u0107e","datePublished":"2024-12-15T17:01:08+00:00","dateModified":"2024-12-17T12:17:08+00:00","mainEntityOfPage":{"@id":"https:\/\/tuzlainfo.ba\/index.php\/novosti\/item\/257937-ovo-su-nove-cijene-centralno-grijanje-tuzla-trazi-poskupljenje-usluge-odlucuje-gradsko-vijece\/"},"wordCount":659,"publisher":{"@id":"https:\/\/tuzlainfo.ba\/#organization"},"image":{"@id":"https:\/\/tuzlainfo.ba\/index.php\/novosti\/item\/257937-ovo-su-nove-cijene-centralno-grijanje-tuzla-trazi-poskupljenje-usluge-odlucuje-gradsko-vijece\/#primaryimage"},"thumbnailUrl":"https:\/\/tuzlainfo.ba\/wp-content\/uploads\/2024\/12\/1512_vijece_grijanje.jpg","keywords":["centralno girjanje","grad tuzla","gradsko vije\u0107e tuzla","poskupljenje"],"articleSection":["Istaknuto","Novosti","Preporu\u010dujemo"],"inLanguage":"bs-BA"},{"@type":"WebPage","@id":"https:\/\/tuzlainfo.ba\/index.php\/novosti\/item\/257937-ovo-su-nove-cijene-centralno-grijanje-tuzla-trazi-poskupljenje-usluge-odlucuje-gradsko-vijece\/","url":"https:\/\/tuzlainfo.ba\/index.php\/novosti\/item\/257937-ovo-su-nove-cijene-centralno-grijanje-tuzla-trazi-poskupljenje-usluge-odlucuje-gradsko-vijece\/","name":"Ovo su nove cijene: Centralno grijanje Tuzla tra\u017ei poskupljenje usluge, odlu\u010duje Gradsko vije\u0107e - TuzlaInfo.ba","isPartOf":{"@id":"https:\/\/tuzlainfo.ba\/#website"},"primaryImageOfPage":{"@id":"https:\/\/tuzlainfo.ba\/index.php\/novosti\/item\/257937-ovo-su-nove-cijene-centralno-grijanje-tuzla-trazi-poskupljenje-usluge-odlucuje-gradsko-vijece\/#primaryimage"},"image":{"@id":"https:\/\/tuzlainfo.ba\/index.php\/novosti\/item\/257937-ovo-su-nove-cijene-centralno-grijanje-tuzla-trazi-poskupljenje-usluge-odlucuje-gradsko-vijece\/#primaryimage"},"thumbnailUrl":"https:\/\/tuzlainfo.ba\/wp-content\/uploads\/2024\/12\/1512_vijece_grijanje.jpg","datePublished":"2024-12-15T17:01:08+00:00","dateModified":"2024-12-17T12:17:08+00:00","breadcrumb":{"@id":"https:\/\/tuzlainfo.ba\/index.php\/novosti\/item\/257937-ovo-su-nove-cijene-centralno-grijanje-tuzla-trazi-poskupljenje-usluge-odlucuje-gradsko-vijece\/#breadcrumb"},"inLanguage":"bs-BA","potentialAction":[{"@type":"ReadAction","target":["https:\/\/tuzlainfo.ba\/index.php\/novosti\/item\/257937-ovo-su-nove-cijene-centralno-grijanje-tuzla-trazi-poskupljenje-usluge-odlucuje-gradsko-vijece\/"]}]},{"@type":"ImageObject","inLanguage":"bs-BA","@id":"https:\/\/tuzlainfo.ba\/index.php\/novosti\/item\/257937-ovo-su-nove-cijene-centralno-grijanje-tuzla-trazi-poskupljenje-usluge-odlucuje-gradsko-vijece\/#primaryimage","url":"https:\/\/tuzlainfo.ba\/wp-content\/uploads\/2024\/12\/1512_vijece_grijanje.jpg","contentUrl":"https:\/\/tuzlainfo.ba\/wp-content\/uploads\/2024\/12\/1512_vijece_grijanje.jpg","width":1000,"height":562},{"@type":"BreadcrumbList","@id":"https:\/\/tuzlainfo.ba\/index.php\/novosti\/item\/257937-ovo-su-nove-cijene-centralno-grijanje-tuzla-trazi-poskupljenje-usluge-odlucuje-gradsko-vijece\/#breadcrumb","itemListElement":[{"@type":"ListItem","position":1,"name":"Home","item":"https:\/\/tuzlainfo.ba\/"},{"@type":"ListItem","position":2,"name":"Ovo su nove cijene: Centralno grijanje Tuzla tra\u017ei poskupljenje usluge, odlu\u010duje Gradsko vije\u0107e"}]},{"@type":"WebSite","@id":"https:\/\/tuzlainfo.ba\/#website","url":"https:\/\/tuzlainfo.ba\/","name":"TuzlaInfo.ba","description":"Tuzla info, gradski informator - Tuzla na dlanu","publisher":{"@id":"https:\/\/tuzlainfo.ba\/#organization"},"potentialAction":[{"@type":"SearchAction","target":{"@type":"EntryPoint","urlTemplate":"https:\/\/tuzlainfo.ba\/?s={search_term_string}"},"query-input":{"@type":"PropertyValueSpecification","valueRequired":true,"valueName":"search_term_string"}}],"inLanguage":"bs-BA"},{"@type":"Organization","@id":"https:\/\/tuzlainfo.ba\/#organization","name":"TuzlaInfo.ba","url":"https:\/\/tuzlainfo.ba\/","logo":{"@type":"ImageObject","inLanguage":"bs-BA","@id":"https:\/\/tuzlainfo.ba\/#\/schema\/logo\/image\/","url":"https:\/\/tuzlainfo.ba\/wp-content\/uploads\/2021\/03\/logo-ver-3-1.png","contentUrl":"https:\/\/tuzlainfo.ba\/wp-content\/uploads\/2021\/03\/logo-ver-3-1.png","width":350,"height":95,"caption":"TuzlaInfo.ba"},"image":{"@id":"https:\/\/tuzlainfo.ba\/#\/schema\/logo\/image\/"},"sameAs":["https:\/\/www.facebook.com\/tuzlainfo.ba\/"]},{"@type":"Person","@id":"https:\/\/tuzlainfo.ba\/#\/schema\/person\/f434e20dc27ea133923aab08451b7f7f","name":"nedim","image":{"@type":"ImageObject","inLanguage":"bs-BA","@id":"https:\/\/tuzlainfo.ba\/#\/schema\/person\/image\/","url":"https:\/\/tuzlainfo.ba\/wp-content\/litespeed\/avatar\/aabad687af24844af817603ac1cbdc4f.jpg?ver=1777306975","contentUrl":"https:\/\/tuzlainfo.ba\/wp-content\/litespeed\/avatar\/aabad687af24844af817603ac1cbdc4f.jpg?ver=1777306975","caption":"nedim"},"description":"Tuzlainfo.ba pratite na dru\u0161tvenim mre\u017eama: Facebook, Instagram i Youtube. Svoje pri\u010de, upite i fotografije \u0161aljite na na\u0161u e-mail adresu."}]}},"_links":{"self":[{"href":"https:\/\/tuzlainfo.ba\/index.php\/wp-json\/wp\/v2\/posts\/257937"}],"collection":[{"href":"https:\/\/tuzlainfo.ba\/index.php\/wp-json\/wp\/v2\/posts"}],"about":[{"href":"https:\/\/tuzlainfo.ba\/index.php\/wp-json\/wp\/v2\/types\/post"}],"author":[{"embeddable":true,"href":"https:\/\/tuzlainfo.ba\/index.php\/wp-json\/wp\/v2\/users\/2"}],"replies":[{"embeddable":true,"href":"https:\/\/tuzlainfo.ba\/index.php\/wp-json\/wp\/v2\/comments?post=257937"}],"version-history":[{"count":4,"href":"https:\/\/tuzlainfo.ba\/index.php\/wp-json\/wp\/v2\/posts\/257937\/revisions"}],"predecessor-version":[{"id":257941,"href":"https:\/\/tuzlainfo.ba\/index.php\/wp-json\/wp\/v2\/posts\/257937\/revisions\/257941"}],"wp:featuredmedia":[{"embeddable":true,"href":"https:\/\/tuzlainfo.ba\/index.php\/wp-json\/wp\/v2\/media\/257936"}],"wp:attachment":[{"href":"https:\/\/tuzlainfo.ba\/index.php\/wp-json\/wp\/v2\/media?parent=257937"}],"wp:term":[{"taxonomy":"category","embeddable":true,"href":"https:\/\/tuzlainfo.ba\/index.php\/wp-json\/wp\/v2\/categories?post=257937"},{"taxonomy":"post_tag","embeddable":true,"href":"https:\/\/tuzlainfo.ba\/index.php\/wp-json\/wp\/v2\/tags?post=257937"}],"curies":[{"name":"wp","href":"https:\/\/api.w.org\/{rel}","templated":true}]}}