{"id":257730,"date":"2024-12-13T13:06:48","date_gmt":"2024-12-13T12:06:48","guid":{"rendered":"https:\/\/tuzlainfo.ba\/?p=257730"},"modified":"2024-12-13T14:19:43","modified_gmt":"2024-12-13T13:19:43","slug":"novi-udar-na-dzepove-u-bih-najavljeno-novo-poskupljenje-osnovne-zivotne-namirnice","status":"publish","type":"post","link":"https:\/\/tuzlainfo.ba\/index.php\/bosna-i-hercegovina\/item\/257730-novi-udar-na-dzepove-u-bih-najavljeno-novo-poskupljenje-osnovne-zivotne-namirnice\/","title":{"rendered":"Novi udar na d\u017eepove: U BiH najavljeno novo poskupljenje osnovne \u017eivotne namirnice"},"content":{"rendered":"<p><strong>Kraj godine donio je novi talas poskupljenja. Cijene ulja na policama marketa su u porastu, a posljednjih dana primjetan je i rast cijena povr\u0107a. Kako isti\u010du proizvo\u0111a\u010di, rast cijene ulja mo\u017ee se o\u010dekivati i u narednim mjesecima zbog lo\u0161ih prinosa uljarica, pi\u0161e BHRT.<\/strong><\/p>\n<p>Nakon du\u017eeg perioda stagnacije, cijene jestivog ulja u Bosni i Hercegovini ponovo rastu. Prema rije\u010dima kupaca, cijena jednog litra vi\u0161a je i do 70 feninga, \u0161to je zna\u010dajan udar na ionako tanke nov\u010danike.<\/p>\n<p>U jedinoj rafineriji ulja u Bosni i Hercegovini ka\u017eu da razlog za posljednju korekciju cijena le\u017ei u nedostatku doma\u0107e sirovine, ali i kretanjima na svjetskom tr\u017ei\u0161tu.<\/p>\n<p><em><strong>&#8220;Na\u0161a kompanija otkupi sve \u0161to doma\u0107i proizvo\u0111a\u010di proizvedu, ukoliko je u skladu sa standardima poslovanja, ali to ne mo\u017ee zadovoljiti potrebe doma\u0107eg tr\u017ei\u0161ta za jestivim uljem. Zato zavisimo od sirovine sa svjetskog tr\u017ei\u0161ta. Osim toga, jestivo ulje je berzanska roba, te od berze i stanja na svjetskom tr\u017ei\u0161tu, zavisi i situacija na na\u0161em bosanskohercegova\u010dkom tr\u017ei\u0161tu i policama u na\u0161im prodajnim objektima. I sada imamo situaciju da je cijena jestivog ulja na svjetskom tr\u017ei\u0161tu u porastu i to se, u odre\u0111enoj mjeri, odra\u017eava i na doma\u0107e tr\u017ei\u0161te&#8221;, navode iz kompanije Bimal.<\/strong><\/em><\/p>\n<p>Pored ulja, kraj godine donio je i skuplje povr\u0107e na tezgama pijaca \u0161irom zemlje.<\/p>\n<p><em><strong>&#8220;Povr\u0107e pomalo nestaje doma\u0107e i onda normalno da je o\u010dekivat i da ciene budu skuplje, mada je i doma\u0107e bilo skupo, paprika je pet maraka uvozna, patlid\u017ean \u0161est&#8221;, ka\u017ee Olenija Trifkovi\u0107, prodava\u010dica na pijaci.<\/strong><\/em><\/p>\n<p>Iako riba nije poskupjela, u ribarnicama ka\u017eu da poskupljenje ulja podi\u017ee tro\u0161kove uslu\u017enog pe\u010denja ribe.<\/p>\n<p><em><strong>&#8220;Ulje je sko\u010dilo, sve je sko\u010dilo, ali kod nas je ostala ista cijena. Tro\u0161kovi rastu, ali eto ostali smo za ovu godinu pa \u0107emo za sljede\u0107u vidjeti \u0161ta \u0107emo&#8221;, isti\u010de Mirko Nikoli\u0107, radnik u ribarnici.<\/strong><\/em><\/p>\n<p>Za one koji prate kretanje cijena, novogodi\u0161nji poklon u vidu novog talasa poskupljenja nije iznena\u0111enje.<\/p>\n<p><em><strong>&#8220;Sve \u0161to god urade, na kraju to mi platimo, potro\u0161a\u010di. Bilo kakva njihova reorganizacija, to \u0107emo mi na kraju platiti, ali na\u017ealost, svaki put platimo vi\u0161e&#8221;, nagla\u0161ava Jovan Vasili\u0107 iz Udru\u017eenja potro\u0161a\u010da &#8220;Zvono&#8221; Bijeljina.<\/strong><\/em><\/p>\n<p><em><strong>&#8220;Mi skoro 70 odsto svojih dohodaka tro\u0161imo na hranu, a to je pokazatelj siroma\u0161tva, jer na zapadu oko 30 odsto se tro\u0161i na hranu&#8221;, isti\u010de ekonomista Aleksa Milojevi\u0107.<\/strong><\/em><\/p>\n<p>Pritisak na ku\u0107ni bud\u017eet prema svemu sude\u0107i se ne\u0107e smanjiti, a uz sva dosada\u0161nja odricanja, kai\u0161 se vi\u0161e ne mo\u017ee stegnuti. Dok se \u010dekaju sistemska rje\u0161enja, izvjesno je samo da \u0107e nas i u novoj godini do\u010dekati nova poskupljenja.<\/p>\n","protected":false},"excerpt":{"rendered":"<p>Kraj godine donio je novi talas poskupljenja. Cijene ulja na policama marketa su u porastu,&hellip;<\/p>\n","protected":false},"author":2,"featured_media":223939,"comment_status":"closed","ping_status":"closed","sticky":false,"template":"","format":"standard","meta":{"_acf_changed":false,"footnotes":""},"categories":[291,304,306],"tags":[4293,1866],"acf":[],"yoast_head":"<!-- This site is optimized with the Yoast SEO plugin v23.5 - https:\/\/yoast.com\/wordpress\/plugins\/seo\/ -->\n<title>Novi udar na d\u017eepove: U BiH najavljeno novo poskupljenje osnovne \u017eivotne namirnice - TuzlaInfo.ba<\/title>\n<meta name=\"robots\" content=\"index, follow, max-snippet:-1, max-image-preview:large, max-video-preview:-1\" \/>\n<link rel=\"canonical\" href=\"https:\/\/tuzlainfo.ba\/index.php\/bosna-i-hercegovina\/item\/257730-novi-udar-na-dzepove-u-bih-najavljeno-novo-poskupljenje-osnovne-zivotne-namirnice\/\" \/>\n<meta property=\"og:locale\" content=\"bs_BA\" \/>\n<meta property=\"og:type\" content=\"article\" \/>\n<meta property=\"og:title\" content=\"Novi udar na d\u017eepove: U BiH najavljeno novo poskupljenje osnovne \u017eivotne namirnice - TuzlaInfo.ba\" \/>\n<meta property=\"og:description\" content=\"Kraj godine donio je novi talas poskupljenja. Cijene ulja na policama marketa su u porastu,&hellip;\" \/>\n<meta property=\"og:url\" content=\"https:\/\/tuzlainfo.ba\/index.php\/bosna-i-hercegovina\/item\/257730-novi-udar-na-dzepove-u-bih-najavljeno-novo-poskupljenje-osnovne-zivotne-namirnice\/\" \/>\n<meta property=\"og:site_name\" content=\"TuzlaInfo.ba\" \/>\n<meta property=\"article:publisher\" content=\"https:\/\/www.facebook.com\/tuzlainfo.ba\/\" \/>\n<meta property=\"article:published_time\" content=\"2024-12-13T12:06:48+00:00\" \/>\n<meta property=\"article:modified_time\" content=\"2024-12-13T13:19:43+00:00\" \/>\n<meta property=\"og:image\" content=\"https:\/\/tuzlainfo.ba\/wp-content\/uploads\/2023\/11\/2911_prodavnica-cijene-hrana-market-supermarket-trgovina.jpg\" \/>\n\t<meta property=\"og:image:width\" content=\"871\" \/>\n\t<meta property=\"og:image:height\" content=\"540\" \/>\n\t<meta property=\"og:image:type\" content=\"image\/jpeg\" \/>\n<meta name=\"author\" content=\"nedim\" \/>\n<meta name=\"twitter:card\" content=\"summary_large_image\" \/>\n<meta name=\"twitter:label1\" content=\"Written by\" \/>\n\t<meta name=\"twitter:data1\" content=\"nedim\" \/>\n\t<meta name=\"twitter:label2\" content=\"Est. reading time\" \/>\n\t<meta name=\"twitter:data2\" content=\"3 minute\" \/>\n<script type=\"application\/ld+json\" class=\"yoast-schema-graph\">{\"@context\":\"https:\/\/schema.org\",\"@graph\":[{\"@type\":\"Article\",\"@id\":\"https:\/\/tuzlainfo.ba\/index.php\/bosna-i-hercegovina\/item\/257730-novi-udar-na-dzepove-u-bih-najavljeno-novo-poskupljenje-osnovne-zivotne-namirnice\/#article\",\"isPartOf\":{\"@id\":\"https:\/\/tuzlainfo.ba\/index.php\/bosna-i-hercegovina\/item\/257730-novi-udar-na-dzepove-u-bih-najavljeno-novo-poskupljenje-osnovne-zivotne-namirnice\/\"},\"author\":{\"name\":\"nedim\",\"@id\":\"https:\/\/tuzlainfo.ba\/#\/schema\/person\/f434e20dc27ea133923aab08451b7f7f\"},\"headline\":\"Novi udar na d\u017eepove: U BiH najavljeno novo poskupljenje osnovne \u017eivotne namirnice\",\"datePublished\":\"2024-12-13T12:06:48+00:00\",\"dateModified\":\"2024-12-13T13:19:43+00:00\",\"mainEntityOfPage\":{\"@id\":\"https:\/\/tuzlainfo.ba\/index.php\/bosna-i-hercegovina\/item\/257730-novi-udar-na-dzepove-u-bih-najavljeno-novo-poskupljenje-osnovne-zivotne-namirnice\/\"},\"wordCount\":499,\"publisher\":{\"@id\":\"https:\/\/tuzlainfo.ba\/#organization\"},\"image\":{\"@id\":\"https:\/\/tuzlainfo.ba\/index.php\/bosna-i-hercegovina\/item\/257730-novi-udar-na-dzepove-u-bih-najavljeno-novo-poskupljenje-osnovne-zivotne-namirnice\/#primaryimage\"},\"thumbnailUrl\":\"https:\/\/tuzlainfo.ba\/wp-content\/uploads\/2023\/11\/2911_prodavnica-cijene-hrana-market-supermarket-trgovina.jpg\",\"keywords\":[\"osnovne \u017eivotne namirnice\",\"poskupljenje\"],\"articleSection\":[\"Bosna i Hercegovina\",\"Istaknuto\",\"Preporu\u010dujemo\"],\"inLanguage\":\"bs-BA\"},{\"@type\":\"WebPage\",\"@id\":\"https:\/\/tuzlainfo.ba\/index.php\/bosna-i-hercegovina\/item\/257730-novi-udar-na-dzepove-u-bih-najavljeno-novo-poskupljenje-osnovne-zivotne-namirnice\/\",\"url\":\"https:\/\/tuzlainfo.ba\/index.php\/bosna-i-hercegovina\/item\/257730-novi-udar-na-dzepove-u-bih-najavljeno-novo-poskupljenje-osnovne-zivotne-namirnice\/\",\"name\":\"Novi udar na d\u017eepove: U BiH najavljeno novo poskupljenje osnovne \u017eivotne namirnice - TuzlaInfo.ba\",\"isPartOf\":{\"@id\":\"https:\/\/tuzlainfo.ba\/#website\"},\"primaryImageOfPage\":{\"@id\":\"https:\/\/tuzlainfo.ba\/index.php\/bosna-i-hercegovina\/item\/257730-novi-udar-na-dzepove-u-bih-najavljeno-novo-poskupljenje-osnovne-zivotne-namirnice\/#primaryimage\"},\"image\":{\"@id\":\"https:\/\/tuzlainfo.ba\/index.php\/bosna-i-hercegovina\/item\/257730-novi-udar-na-dzepove-u-bih-najavljeno-novo-poskupljenje-osnovne-zivotne-namirnice\/#primaryimage\"},\"thumbnailUrl\":\"https:\/\/tuzlainfo.ba\/wp-content\/uploads\/2023\/11\/2911_prodavnica-cijene-hrana-market-supermarket-trgovina.jpg\",\"datePublished\":\"2024-12-13T12:06:48+00:00\",\"dateModified\":\"2024-12-13T13:19:43+00:00\",\"breadcrumb\":{\"@id\":\"https:\/\/tuzlainfo.ba\/index.php\/bosna-i-hercegovina\/item\/257730-novi-udar-na-dzepove-u-bih-najavljeno-novo-poskupljenje-osnovne-zivotne-namirnice\/#breadcrumb\"},\"inLanguage\":\"bs-BA\",\"potentialAction\":[{\"@type\":\"ReadAction\",\"target\":[\"https:\/\/tuzlainfo.ba\/index.php\/bosna-i-hercegovina\/item\/257730-novi-udar-na-dzepove-u-bih-najavljeno-novo-poskupljenje-osnovne-zivotne-namirnice\/\"]}]},{\"@type\":\"ImageObject\",\"inLanguage\":\"bs-BA\",\"@id\":\"https:\/\/tuzlainfo.ba\/index.php\/bosna-i-hercegovina\/item\/257730-novi-udar-na-dzepove-u-bih-najavljeno-novo-poskupljenje-osnovne-zivotne-namirnice\/#primaryimage\",\"url\":\"https:\/\/tuzlainfo.ba\/wp-content\/uploads\/2023\/11\/2911_prodavnica-cijene-hrana-market-supermarket-trgovina.jpg\",\"contentUrl\":\"https:\/\/tuzlainfo.ba\/wp-content\/uploads\/2023\/11\/2911_prodavnica-cijene-hrana-market-supermarket-trgovina.jpg\",\"width\":871,\"height\":540},{\"@type\":\"BreadcrumbList\",\"@id\":\"https:\/\/tuzlainfo.ba\/index.php\/bosna-i-hercegovina\/item\/257730-novi-udar-na-dzepove-u-bih-najavljeno-novo-poskupljenje-osnovne-zivotne-namirnice\/#breadcrumb\",\"itemListElement\":[{\"@type\":\"ListItem\",\"position\":1,\"name\":\"Home\",\"item\":\"https:\/\/tuzlainfo.ba\/\"},{\"@type\":\"ListItem\",\"position\":2,\"name\":\"Novi udar na d\u017eepove: U BiH najavljeno novo poskupljenje osnovne \u017eivotne namirnice\"}]},{\"@type\":\"WebSite\",\"@id\":\"https:\/\/tuzlainfo.ba\/#website\",\"url\":\"https:\/\/tuzlainfo.ba\/\",\"name\":\"TuzlaInfo.ba\",\"description\":\"Tuzla info, gradski informator - Tuzla na dlanu\",\"publisher\":{\"@id\":\"https:\/\/tuzlainfo.ba\/#organization\"},\"potentialAction\":[{\"@type\":\"SearchAction\",\"target\":{\"@type\":\"EntryPoint\",\"urlTemplate\":\"https:\/\/tuzlainfo.ba\/?s={search_term_string}\"},\"query-input\":{\"@type\":\"PropertyValueSpecification\",\"valueRequired\":true,\"valueName\":\"search_term_string\"}}],\"inLanguage\":\"bs-BA\"},{\"@type\":\"Organization\",\"@id\":\"https:\/\/tuzlainfo.ba\/#organization\",\"name\":\"TuzlaInfo.ba\",\"url\":\"https:\/\/tuzlainfo.ba\/\",\"logo\":{\"@type\":\"ImageObject\",\"inLanguage\":\"bs-BA\",\"@id\":\"https:\/\/tuzlainfo.ba\/#\/schema\/logo\/image\/\",\"url\":\"https:\/\/tuzlainfo.ba\/wp-content\/uploads\/2021\/03\/logo-ver-3-1.png\",\"contentUrl\":\"https:\/\/tuzlainfo.ba\/wp-content\/uploads\/2021\/03\/logo-ver-3-1.png\",\"width\":350,\"height\":95,\"caption\":\"TuzlaInfo.ba\"},\"image\":{\"@id\":\"https:\/\/tuzlainfo.ba\/#\/schema\/logo\/image\/\"},\"sameAs\":[\"https:\/\/www.facebook.com\/tuzlainfo.ba\/\"]},{\"@type\":\"Person\",\"@id\":\"https:\/\/tuzlainfo.ba\/#\/schema\/person\/f434e20dc27ea133923aab08451b7f7f\",\"name\":\"nedim\",\"image\":{\"@type\":\"ImageObject\",\"inLanguage\":\"bs-BA\",\"@id\":\"https:\/\/tuzlainfo.ba\/#\/schema\/person\/image\/\",\"url\":\"https:\/\/tuzlainfo.ba\/wp-content\/litespeed\/avatar\/aabad687af24844af817603ac1cbdc4f.jpg?ver=1777306975\",\"contentUrl\":\"https:\/\/tuzlainfo.ba\/wp-content\/litespeed\/avatar\/aabad687af24844af817603ac1cbdc4f.jpg?ver=1777306975\",\"caption\":\"nedim\"},\"description\":\"Tuzlainfo.ba pratite na dru\u0161tvenim mre\u017eama: Facebook, Instagram i Youtube. Svoje pri\u010de, upite i fotografije \u0161aljite na na\u0161u e-mail adresu.\"}]}<\/script>\n<!-- \/ Yoast SEO plugin. -->","yoast_head_json":{"title":"Novi udar na d\u017eepove: U BiH najavljeno novo poskupljenje osnovne \u017eivotne namirnice - TuzlaInfo.ba","robots":{"index":"index","follow":"follow","max-snippet":"max-snippet:-1","max-image-preview":"max-image-preview:large","max-video-preview":"max-video-preview:-1"},"canonical":"https:\/\/tuzlainfo.ba\/index.php\/bosna-i-hercegovina\/item\/257730-novi-udar-na-dzepove-u-bih-najavljeno-novo-poskupljenje-osnovne-zivotne-namirnice\/","og_locale":"bs_BA","og_type":"article","og_title":"Novi udar na d\u017eepove: U BiH najavljeno novo poskupljenje osnovne \u017eivotne namirnice - TuzlaInfo.ba","og_description":"Kraj godine donio je novi talas poskupljenja. Cijene ulja na policama marketa su u porastu,&hellip;","og_url":"https:\/\/tuzlainfo.ba\/index.php\/bosna-i-hercegovina\/item\/257730-novi-udar-na-dzepove-u-bih-najavljeno-novo-poskupljenje-osnovne-zivotne-namirnice\/","og_site_name":"TuzlaInfo.ba","article_publisher":"https:\/\/www.facebook.com\/tuzlainfo.ba\/","article_published_time":"2024-12-13T12:06:48+00:00","article_modified_time":"2024-12-13T13:19:43+00:00","og_image":[{"width":871,"height":540,"url":"https:\/\/tuzlainfo.ba\/wp-content\/uploads\/2023\/11\/2911_prodavnica-cijene-hrana-market-supermarket-trgovina.jpg","type":"image\/jpeg"}],"author":"nedim","twitter_card":"summary_large_image","twitter_misc":{"Written by":"nedim","Est. reading time":"3 minute"},"schema":{"@context":"https:\/\/schema.org","@graph":[{"@type":"Article","@id":"https:\/\/tuzlainfo.ba\/index.php\/bosna-i-hercegovina\/item\/257730-novi-udar-na-dzepove-u-bih-najavljeno-novo-poskupljenje-osnovne-zivotne-namirnice\/#article","isPartOf":{"@id":"https:\/\/tuzlainfo.ba\/index.php\/bosna-i-hercegovina\/item\/257730-novi-udar-na-dzepove-u-bih-najavljeno-novo-poskupljenje-osnovne-zivotne-namirnice\/"},"author":{"name":"nedim","@id":"https:\/\/tuzlainfo.ba\/#\/schema\/person\/f434e20dc27ea133923aab08451b7f7f"},"headline":"Novi udar na d\u017eepove: U BiH najavljeno novo poskupljenje osnovne \u017eivotne namirnice","datePublished":"2024-12-13T12:06:48+00:00","dateModified":"2024-12-13T13:19:43+00:00","mainEntityOfPage":{"@id":"https:\/\/tuzlainfo.ba\/index.php\/bosna-i-hercegovina\/item\/257730-novi-udar-na-dzepove-u-bih-najavljeno-novo-poskupljenje-osnovne-zivotne-namirnice\/"},"wordCount":499,"publisher":{"@id":"https:\/\/tuzlainfo.ba\/#organization"},"image":{"@id":"https:\/\/tuzlainfo.ba\/index.php\/bosna-i-hercegovina\/item\/257730-novi-udar-na-dzepove-u-bih-najavljeno-novo-poskupljenje-osnovne-zivotne-namirnice\/#primaryimage"},"thumbnailUrl":"https:\/\/tuzlainfo.ba\/wp-content\/uploads\/2023\/11\/2911_prodavnica-cijene-hrana-market-supermarket-trgovina.jpg","keywords":["osnovne \u017eivotne namirnice","poskupljenje"],"articleSection":["Bosna i Hercegovina","Istaknuto","Preporu\u010dujemo"],"inLanguage":"bs-BA"},{"@type":"WebPage","@id":"https:\/\/tuzlainfo.ba\/index.php\/bosna-i-hercegovina\/item\/257730-novi-udar-na-dzepove-u-bih-najavljeno-novo-poskupljenje-osnovne-zivotne-namirnice\/","url":"https:\/\/tuzlainfo.ba\/index.php\/bosna-i-hercegovina\/item\/257730-novi-udar-na-dzepove-u-bih-najavljeno-novo-poskupljenje-osnovne-zivotne-namirnice\/","name":"Novi udar na d\u017eepove: U BiH najavljeno novo poskupljenje osnovne \u017eivotne namirnice - TuzlaInfo.ba","isPartOf":{"@id":"https:\/\/tuzlainfo.ba\/#website"},"primaryImageOfPage":{"@id":"https:\/\/tuzlainfo.ba\/index.php\/bosna-i-hercegovina\/item\/257730-novi-udar-na-dzepove-u-bih-najavljeno-novo-poskupljenje-osnovne-zivotne-namirnice\/#primaryimage"},"image":{"@id":"https:\/\/tuzlainfo.ba\/index.php\/bosna-i-hercegovina\/item\/257730-novi-udar-na-dzepove-u-bih-najavljeno-novo-poskupljenje-osnovne-zivotne-namirnice\/#primaryimage"},"thumbnailUrl":"https:\/\/tuzlainfo.ba\/wp-content\/uploads\/2023\/11\/2911_prodavnica-cijene-hrana-market-supermarket-trgovina.jpg","datePublished":"2024-12-13T12:06:48+00:00","dateModified":"2024-12-13T13:19:43+00:00","breadcrumb":{"@id":"https:\/\/tuzlainfo.ba\/index.php\/bosna-i-hercegovina\/item\/257730-novi-udar-na-dzepove-u-bih-najavljeno-novo-poskupljenje-osnovne-zivotne-namirnice\/#breadcrumb"},"inLanguage":"bs-BA","potentialAction":[{"@type":"ReadAction","target":["https:\/\/tuzlainfo.ba\/index.php\/bosna-i-hercegovina\/item\/257730-novi-udar-na-dzepove-u-bih-najavljeno-novo-poskupljenje-osnovne-zivotne-namirnice\/"]}]},{"@type":"ImageObject","inLanguage":"bs-BA","@id":"https:\/\/tuzlainfo.ba\/index.php\/bosna-i-hercegovina\/item\/257730-novi-udar-na-dzepove-u-bih-najavljeno-novo-poskupljenje-osnovne-zivotne-namirnice\/#primaryimage","url":"https:\/\/tuzlainfo.ba\/wp-content\/uploads\/2023\/11\/2911_prodavnica-cijene-hrana-market-supermarket-trgovina.jpg","contentUrl":"https:\/\/tuzlainfo.ba\/wp-content\/uploads\/2023\/11\/2911_prodavnica-cijene-hrana-market-supermarket-trgovina.jpg","width":871,"height":540},{"@type":"BreadcrumbList","@id":"https:\/\/tuzlainfo.ba\/index.php\/bosna-i-hercegovina\/item\/257730-novi-udar-na-dzepove-u-bih-najavljeno-novo-poskupljenje-osnovne-zivotne-namirnice\/#breadcrumb","itemListElement":[{"@type":"ListItem","position":1,"name":"Home","item":"https:\/\/tuzlainfo.ba\/"},{"@type":"ListItem","position":2,"name":"Novi udar na d\u017eepove: U BiH najavljeno novo poskupljenje osnovne \u017eivotne namirnice"}]},{"@type":"WebSite","@id":"https:\/\/tuzlainfo.ba\/#website","url":"https:\/\/tuzlainfo.ba\/","name":"TuzlaInfo.ba","description":"Tuzla info, gradski informator - Tuzla na dlanu","publisher":{"@id":"https:\/\/tuzlainfo.ba\/#organization"},"potentialAction":[{"@type":"SearchAction","target":{"@type":"EntryPoint","urlTemplate":"https:\/\/tuzlainfo.ba\/?s={search_term_string}"},"query-input":{"@type":"PropertyValueSpecification","valueRequired":true,"valueName":"search_term_string"}}],"inLanguage":"bs-BA"},{"@type":"Organization","@id":"https:\/\/tuzlainfo.ba\/#organization","name":"TuzlaInfo.ba","url":"https:\/\/tuzlainfo.ba\/","logo":{"@type":"ImageObject","inLanguage":"bs-BA","@id":"https:\/\/tuzlainfo.ba\/#\/schema\/logo\/image\/","url":"https:\/\/tuzlainfo.ba\/wp-content\/uploads\/2021\/03\/logo-ver-3-1.png","contentUrl":"https:\/\/tuzlainfo.ba\/wp-content\/uploads\/2021\/03\/logo-ver-3-1.png","width":350,"height":95,"caption":"TuzlaInfo.ba"},"image":{"@id":"https:\/\/tuzlainfo.ba\/#\/schema\/logo\/image\/"},"sameAs":["https:\/\/www.facebook.com\/tuzlainfo.ba\/"]},{"@type":"Person","@id":"https:\/\/tuzlainfo.ba\/#\/schema\/person\/f434e20dc27ea133923aab08451b7f7f","name":"nedim","image":{"@type":"ImageObject","inLanguage":"bs-BA","@id":"https:\/\/tuzlainfo.ba\/#\/schema\/person\/image\/","url":"https:\/\/tuzlainfo.ba\/wp-content\/litespeed\/avatar\/aabad687af24844af817603ac1cbdc4f.jpg?ver=1777306975","contentUrl":"https:\/\/tuzlainfo.ba\/wp-content\/litespeed\/avatar\/aabad687af24844af817603ac1cbdc4f.jpg?ver=1777306975","caption":"nedim"},"description":"Tuzlainfo.ba pratite na dru\u0161tvenim mre\u017eama: Facebook, Instagram i Youtube. Svoje pri\u010de, upite i fotografije \u0161aljite na na\u0161u e-mail adresu."}]}},"_links":{"self":[{"href":"https:\/\/tuzlainfo.ba\/index.php\/wp-json\/wp\/v2\/posts\/257730"}],"collection":[{"href":"https:\/\/tuzlainfo.ba\/index.php\/wp-json\/wp\/v2\/posts"}],"about":[{"href":"https:\/\/tuzlainfo.ba\/index.php\/wp-json\/wp\/v2\/types\/post"}],"author":[{"embeddable":true,"href":"https:\/\/tuzlainfo.ba\/index.php\/wp-json\/wp\/v2\/users\/2"}],"replies":[{"embeddable":true,"href":"https:\/\/tuzlainfo.ba\/index.php\/wp-json\/wp\/v2\/comments?post=257730"}],"version-history":[{"count":2,"href":"https:\/\/tuzlainfo.ba\/index.php\/wp-json\/wp\/v2\/posts\/257730\/revisions"}],"predecessor-version":[{"id":257736,"href":"https:\/\/tuzlainfo.ba\/index.php\/wp-json\/wp\/v2\/posts\/257730\/revisions\/257736"}],"wp:featuredmedia":[{"embeddable":true,"href":"https:\/\/tuzlainfo.ba\/index.php\/wp-json\/wp\/v2\/media\/223939"}],"wp:attachment":[{"href":"https:\/\/tuzlainfo.ba\/index.php\/wp-json\/wp\/v2\/media?parent=257730"}],"wp:term":[{"taxonomy":"category","embeddable":true,"href":"https:\/\/tuzlainfo.ba\/index.php\/wp-json\/wp\/v2\/categories?post=257730"},{"taxonomy":"post_tag","embeddable":true,"href":"https:\/\/tuzlainfo.ba\/index.php\/wp-json\/wp\/v2\/tags?post=257730"}],"curies":[{"name":"wp","href":"https:\/\/api.w.org\/{rel}","templated":true}]}}