{"id":257597,"date":"2024-12-11T14:05:11","date_gmt":"2024-12-11T13:05:11","guid":{"rendered":"https:\/\/tuzlainfo.ba\/?p=257597"},"modified":"2024-12-11T14:05:11","modified_gmt":"2024-12-11T13:05:11","slug":"odbijen-zahtjev-za-eksploataciju-krecnjaka-u-spionici","status":"publish","type":"post","link":"https:\/\/tuzlainfo.ba\/index.php\/istaknuto\/item\/257597-odbijen-zahtjev-za-eksploataciju-krecnjaka-u-spionici\/","title":{"rendered":"Odbijen zahtjev za eksploataciju kre\u010dnjaka u \u0160pionici"},"content":{"rendered":"<div>\n<p><span lang=\"BS-LATN-BA\" data-olk-copy-source=\"MessageBody\">Aarhus centar u BiH pozdravlja odluku Ministarstva privrede Tuzlanskog kantona (TK) kojom je odbijen zahtjev privrednog dru\u0161tva &#8220;Intertrans &#8211; Komerc Musi\u0107&#8221; d.o.o. Srebrenik za izdavanje dozvole za eksploataciju kamena kre\u010dnjaka na lokalitetu \u0160pionica Gornja. Ova odluka donesena je zbog nedostatka va\u017ee\u0107e okolinske dozvole, koja je zakonski obavezna prema \u010dlanu 25. Zakona o rudarstvu Tuzlanskog kantona.<\/span><\/p>\n<p><span lang=\"BS-LATN-BA\">Kao \u0161to je utvr\u0111eno u postupku, &#8220;Intertrans &#8211; Komerc Musi\u0107&#8221; d.o.o. nije dostavio tra\u017eenu dokumentaciju, uprkos zahtjevu Ministarstva za dopunu upu\u0107enom 23. oktobra 2023. godine. Pored toga, postupak prethodne procjene utjecaja na okoli\u0161 ranije je obustavljen od strane Federalnog ministarstva okoli\u0161a i turizma, a Agencija za vodno podru\u010dje rijeke Save poni\u0161tila je ranije izdanu vodnu saglasnost.<\/span><\/p>\n<p><span lang=\"BS-LATN-BA\">Ovaj slu\u010daj privla\u010di pa\u017enju javnosti ve\u0107 du\u017ee vrijeme, a lokalna zajednica \u0160pionica Gornja, uz podr\u0161ku Aarhus centra u BiH, kontinuirano ukazuje na nepravilnosti i potencijalne rizike eksploatacije. Lokalni mje\u0161tani su izrazili zabrinutost zbog utjecaja eksploatacije na okoli\u0161, naro\u010dito zbog blizine vitalnih izvora vode, koji su od izuzetne va\u017enosti za \u0161iru zajednicu, ali i same blizine naselja.<\/span><\/p>\n<p><span lang=\"BS-LATN-BA\">Jedan od klju\u010dnih trenutaka u ovom slu\u010daju desio se 25. jula 2024. godine, kada je Federalno ministarstvo poljoprivrede, vodoprivrede i \u0161umarstva donijelo odluku kojom se poni\u0161tava prethodna vodna saglasnost za ovaj projekt. Ova odluka ozna\u010dila je zna\u010dajnu pobjedu lokalne zajednice i ekolo\u0161kih aktivista, isti\u010du\u0107i va\u017enost pravne borbe i po\u0161tivanja zakonskih procedura.<\/span><\/p>\n<p><span lang=\"BS-LATN-BA\">U me\u0111uvremenu, lokalna zajednica, uz podr\u0161ku Aarhus centra u BiH, nastavila je pratiti razvoj situacije i aktivno se zalagala za za\u0161titu prirodnih resursa u ovom podru\u010dju.<\/span><\/p>\n<p><i><span lang=\"BS-LATN-BA\">\u201eOvaj Zaklju\u010dak je vjerovatno klju\u010dna i najva\u017enija pobjeda za nas stanovnike \u0160pionice. Ovo je dokaz da borba nije bila uzaludna i da se svi moramo uklju\u010diti u za\u0161titu na\u0161e \u017eivotne sredine, i gra\u0111ani i institucije. Ne smijemo se ma\u0107ehinski odnositi prema na\u0161im prirodnim bogatstvima jer ona nisu neograni\u010dena. Nadamo se da \u0107e i investitor shvatiti da je projekat kamenoloma pogre\u0161an i da \u0107e napokon odustati. Mi \u0107emo i dalje pratiti situaciju i u\u010dinit \u0107emo sve da na\u0161u \u017eivotnu sredinu za\u0161titimo od svih negativnih projekata. Na\u0161e pobjede vra\u0107aju vjeru u institucije i u dr\u017eavu,\u201c<\/span><\/i><span lang=\"BS-LATN-BA\">\u00a0poru\u010dio je Omer Majstorovi\u0107, predstavnik neformalne grupe gra\u0111ana \u201eStop kamenolomu u \u0160pionici\u201c.<\/span><\/p>\n<p><span lang=\"BS-LATN-BA\">Ovaj slu\u010daj jo\u0161 jednom nagla\u0161ava va\u017enost po\u0161tivanja svih zakonskih procedura i obaveze dostavljanja kompletne dokumentacije kako bi se osigurala zakonitost, transparentnost i za\u0161tita okoli\u0161a u projektima eksploatacije mineralnih sirovina. Nedostatak klju\u010dnih dokumenata, poput okolinske dozvole, predstavlja ozbiljno kr\u0161enje zakonskih normi i potencijalnu prijetnju za okoli\u0161 i lokalnu zajednicu.<\/span><\/p>\n<p><span lang=\"BS-LATN-BA\">Aarhus centar u BiH apeluje na sva privredna dru\u0161tva i relevantne institucije da dosljedno primjenjuju zakonske procedure, uz osiguranje uklju\u010divanja javnosti i stru\u010dne procjene u svim fazama razvoja projekata. Za\u0161tita prirodnih resursa i zdravlja lokalnog stanovni\u0161tva mora ostati prioritet.<\/span><\/p>\n<p><i><span lang=\"BS-LATN-BA\">\u201ePozivamo nadle\u017ene institucije da nastave s odgovornim djelovanjem, te insistiraju na ispunjenju svih zakonskih uslova prije dono\u0161enja odluka o eksploataciji prirodnih resursa. Tako\u0111er, pozivamo gra\u0111ane i organizacije civilnog dru\u0161tva da i dalje aktivno u\u010destvuju u za\u0161titi okoli\u0161a kroz dostupne mehanizme javnog u\u010de\u0161\u0107a i pravne za\u0161tite,\u201c<\/span><\/i><span lang=\"BS-LATN-BA\">\u00a0poru\u010dila je Nina Kre\u0161evljakovi\u0107, pravna savjetnica Aarhus centra u BiH.<\/span><\/p>\n<\/div>\n<div><\/div>\n","protected":false},"excerpt":{"rendered":"<p>Aarhus centar u BiH pozdravlja odluku Ministarstva privrede Tuzlanskog kantona (TK) kojom je odbijen zahtjev privrednog dru\u0161tva &#8220;Intertrans &#8211; Komerc Musi\u0107&#8221; d.o.o. Srebrenik za izdavanje dozvole za eksploataciju kamena kre\u010dnjaka na lokalitetu \u0160pionica Gornja. Ova odluka donesena je zbog nedostatka va\u017ee\u0107e okolinske dozvole, koja je zakonski obavezna prema \u010dlanu 25. Zakona o rudarstvu Tuzlanskog kantona. [&hellip;]<\/p>\n","protected":false},"author":4,"featured_media":257598,"comment_status":"closed","ping_status":"closed","sticky":false,"template":"","format":"standard","meta":{"footnotes":""},"categories":[304,12],"tags":[9873],"class_list":["post-257597","post","type-post","status-publish","format-standard","has-post-thumbnail","hentry","category-istaknuto","category-novosti","tag-spionica"],"yoast_head":"<!-- This site is optimized with the Yoast SEO plugin v28.4 - https:\/\/yoast.com\/product\/yoast-seo-wordpress\/ -->\n<title>Odbijen zahtjev za eksploataciju kre\u010dnjaka u \u0160pionici<\/title>\n<meta name=\"robots\" content=\"index, follow, max-snippet:-1, max-image-preview:large, max-video-preview:-1\" \/>\n<link rel=\"canonical\" href=\"https:\/\/tuzlainfo.ba\/index.php\/istaknuto\/item\/257597-odbijen-zahtjev-za-eksploataciju-krecnjaka-u-spionici\/\" \/>\n<meta property=\"og:locale\" content=\"bs_BA\" \/>\n<meta property=\"og:type\" content=\"article\" \/>\n<meta property=\"og:title\" content=\"Odbijen zahtjev za eksploataciju kre\u010dnjaka u \u0160pionici\" \/>\n<meta property=\"og:description\" content=\"Aarhus centar u BiH pozdravlja odluku Ministarstva privrede Tuzlanskog kantona (TK) kojom je odbijen zahtjev privrednog dru\u0161tva &#8220;Intertrans &#8211; Komerc Musi\u0107&#8221; d.o.o. Srebrenik za izdavanje dozvole za eksploataciju kamena kre\u010dnjaka na lokalitetu \u0160pionica Gornja. Ova odluka donesena je zbog nedostatka va\u017ee\u0107e okolinske dozvole, koja je zakonski obavezna prema \u010dlanu 25. Zakona o rudarstvu Tuzlanskog kantona. [&hellip;]\" \/>\n<meta property=\"og:url\" content=\"https:\/\/tuzlainfo.ba\/index.php\/istaknuto\/item\/257597-odbijen-zahtjev-za-eksploataciju-krecnjaka-u-spionici\/\" \/>\n<meta property=\"og:site_name\" content=\"TuzlaInfo.ba\" \/>\n<meta property=\"article:publisher\" content=\"https:\/\/www.facebook.com\/tuzlainfo.ba\/\" \/>\n<meta property=\"article:published_time\" content=\"2024-12-11T13:05:11+00:00\" \/>\n<meta property=\"og:image\" content=\"https:\/\/tuzlainfo.ba\/wp-content\/uploads\/2024\/12\/Kamenolom-Spionica.jpg\" \/>\n\t<meta property=\"og:image:width\" content=\"1920\" \/>\n\t<meta property=\"og:image:height\" content=\"1080\" \/>\n\t<meta property=\"og:image:type\" content=\"image\/jpeg\" \/>\n<meta name=\"author\" content=\"Tuzla Info\" \/>\n<meta name=\"twitter:card\" content=\"summary_large_image\" \/>\n<meta name=\"twitter:label1\" content=\"Written by\" \/>\n\t<meta name=\"twitter:data1\" content=\"Tuzla Info\" \/>\n\t<meta name=\"twitter:label2\" content=\"Est. reading time\" \/>\n\t<meta name=\"twitter:data2\" content=\"3 minute\" \/>\n<script type=\"application\/ld+json\" class=\"yoast-schema-graph\">{\"@context\":\"https:\\\/\\\/schema.org\",\"@graph\":[{\"@type\":\"Article\",\"@id\":\"https:\\\/\\\/tuzlainfo.ba\\\/index.php\\\/istaknuto\\\/item\\\/257597-odbijen-zahtjev-za-eksploataciju-krecnjaka-u-spionici\\\/#article\",\"isPartOf\":{\"@id\":\"https:\\\/\\\/tuzlainfo.ba\\\/index.php\\\/istaknuto\\\/item\\\/257597-odbijen-zahtjev-za-eksploataciju-krecnjaka-u-spionici\\\/\"},\"author\":{\"name\":\"Tuzla Info\",\"@id\":\"https:\\\/\\\/tuzlainfo.ba\\\/#\\\/schema\\\/person\\\/46cad4c57790cbc50781edd14870825a\"},\"headline\":\"Odbijen zahtjev za eksploataciju kre\u010dnjaka u \u0160pionici\",\"datePublished\":\"2024-12-11T13:05:11+00:00\",\"mainEntityOfPage\":{\"@id\":\"https:\\\/\\\/tuzlainfo.ba\\\/index.php\\\/istaknuto\\\/item\\\/257597-odbijen-zahtjev-za-eksploataciju-krecnjaka-u-spionici\\\/\"},\"wordCount\":575,\"publisher\":{\"@id\":\"https:\\\/\\\/tuzlainfo.ba\\\/#organization\"},\"image\":{\"@id\":\"https:\\\/\\\/tuzlainfo.ba\\\/index.php\\\/istaknuto\\\/item\\\/257597-odbijen-zahtjev-za-eksploataciju-krecnjaka-u-spionici\\\/#primaryimage\"},\"thumbnailUrl\":\"https:\\\/\\\/tuzlainfo.ba\\\/wp-content\\\/uploads\\\/2024\\\/12\\\/Kamenolom-Spionica.jpg\",\"keywords\":[\"\u0161pionica\"],\"articleSection\":[\"Istaknuto\",\"Novosti\"],\"inLanguage\":\"bs-BA\",\"copyrightYear\":\"2024\",\"copyrightHolder\":{\"@id\":\"https:\\\/\\\/tuzlainfo.ba\\\/#organization\"}},{\"@type\":\"WebPage\",\"@id\":\"https:\\\/\\\/tuzlainfo.ba\\\/index.php\\\/istaknuto\\\/item\\\/257597-odbijen-zahtjev-za-eksploataciju-krecnjaka-u-spionici\\\/\",\"url\":\"https:\\\/\\\/tuzlainfo.ba\\\/index.php\\\/istaknuto\\\/item\\\/257597-odbijen-zahtjev-za-eksploataciju-krecnjaka-u-spionici\\\/\",\"name\":\"Odbijen zahtjev za eksploataciju kre\u010dnjaka u \u0160pionici\",\"isPartOf\":{\"@id\":\"https:\\\/\\\/tuzlainfo.ba\\\/#website\"},\"primaryImageOfPage\":{\"@id\":\"https:\\\/\\\/tuzlainfo.ba\\\/index.php\\\/istaknuto\\\/item\\\/257597-odbijen-zahtjev-za-eksploataciju-krecnjaka-u-spionici\\\/#primaryimage\"},\"image\":{\"@id\":\"https:\\\/\\\/tuzlainfo.ba\\\/index.php\\\/istaknuto\\\/item\\\/257597-odbijen-zahtjev-za-eksploataciju-krecnjaka-u-spionici\\\/#primaryimage\"},\"thumbnailUrl\":\"https:\\\/\\\/tuzlainfo.ba\\\/wp-content\\\/uploads\\\/2024\\\/12\\\/Kamenolom-Spionica.jpg\",\"datePublished\":\"2024-12-11T13:05:11+00:00\",\"breadcrumb\":{\"@id\":\"https:\\\/\\\/tuzlainfo.ba\\\/index.php\\\/istaknuto\\\/item\\\/257597-odbijen-zahtjev-za-eksploataciju-krecnjaka-u-spionici\\\/#breadcrumb\"},\"inLanguage\":\"bs-BA\",\"potentialAction\":[{\"@type\":\"ReadAction\",\"target\":[\"https:\\\/\\\/tuzlainfo.ba\\\/index.php\\\/istaknuto\\\/item\\\/257597-odbijen-zahtjev-za-eksploataciju-krecnjaka-u-spionici\\\/\"]}]},{\"@type\":\"ImageObject\",\"inLanguage\":\"bs-BA\",\"@id\":\"https:\\\/\\\/tuzlainfo.ba\\\/index.php\\\/istaknuto\\\/item\\\/257597-odbijen-zahtjev-za-eksploataciju-krecnjaka-u-spionici\\\/#primaryimage\",\"url\":\"https:\\\/\\\/tuzlainfo.ba\\\/wp-content\\\/uploads\\\/2024\\\/12\\\/Kamenolom-Spionica.jpg\",\"contentUrl\":\"https:\\\/\\\/tuzlainfo.ba\\\/wp-content\\\/uploads\\\/2024\\\/12\\\/Kamenolom-Spionica.jpg\",\"width\":1920,\"height\":1080},{\"@type\":\"BreadcrumbList\",\"@id\":\"https:\\\/\\\/tuzlainfo.ba\\\/index.php\\\/istaknuto\\\/item\\\/257597-odbijen-zahtjev-za-eksploataciju-krecnjaka-u-spionici\\\/#breadcrumb\",\"itemListElement\":[{\"@type\":\"ListItem\",\"position\":1,\"name\":\"Home\",\"item\":\"https:\\\/\\\/tuzlainfo.ba\\\/\"},{\"@type\":\"ListItem\",\"position\":2,\"name\":\"Odbijen zahtjev za eksploataciju kre\u010dnjaka u \u0160pionici\"}]},{\"@type\":\"WebSite\",\"@id\":\"https:\\\/\\\/tuzlainfo.ba\\\/#website\",\"url\":\"https:\\\/\\\/tuzlainfo.ba\\\/\",\"name\":\"TuzlaInfo.ba\",\"description\":\"Tuzla info, gradski informator - Tuzla na dlanu\",\"publisher\":{\"@id\":\"https:\\\/\\\/tuzlainfo.ba\\\/#organization\"},\"potentialAction\":[{\"@type\":\"SearchAction\",\"target\":{\"@type\":\"EntryPoint\",\"urlTemplate\":\"https:\\\/\\\/tuzlainfo.ba\\\/?s={search_term_string}\"},\"query-input\":{\"@type\":\"PropertyValueSpecification\",\"valueRequired\":true,\"valueName\":\"search_term_string\"}}],\"inLanguage\":\"bs-BA\"},{\"@type\":\"Organization\",\"@id\":\"https:\\\/\\\/tuzlainfo.ba\\\/#organization\",\"name\":\"TuzlaInfo.ba\",\"url\":\"https:\\\/\\\/tuzlainfo.ba\\\/\",\"logo\":{\"@type\":\"ImageObject\",\"inLanguage\":\"bs-BA\",\"@id\":\"https:\\\/\\\/tuzlainfo.ba\\\/#\\\/schema\\\/logo\\\/image\\\/\",\"url\":\"https:\\\/\\\/tuzlainfo.ba\\\/wp-content\\\/uploads\\\/2021\\\/03\\\/logo-ver-3-1.png\",\"contentUrl\":\"https:\\\/\\\/tuzlainfo.ba\\\/wp-content\\\/uploads\\\/2021\\\/03\\\/logo-ver-3-1.png\",\"width\":350,\"height\":95,\"caption\":\"TuzlaInfo.ba\"},\"image\":{\"@id\":\"https:\\\/\\\/tuzlainfo.ba\\\/#\\\/schema\\\/logo\\\/image\\\/\"},\"sameAs\":[\"https:\\\/\\\/www.facebook.com\\\/tuzlainfo.ba\\\/\"]},{\"@type\":\"Person\",\"@id\":\"https:\\\/\\\/tuzlainfo.ba\\\/#\\\/schema\\\/person\\\/46cad4c57790cbc50781edd14870825a\",\"name\":\"Tuzla Info\",\"image\":{\"@type\":\"ImageObject\",\"inLanguage\":\"bs-BA\",\"@id\":\"https:\\\/\\\/secure.gravatar.com\\\/avatar\\\/e980921b00fa2e552723a2386544734ce6885d2b2304ccca3f45186f9ca4031d?s=96&d=mm&r=g\",\"url\":\"https:\\\/\\\/secure.gravatar.com\\\/avatar\\\/e980921b00fa2e552723a2386544734ce6885d2b2304ccca3f45186f9ca4031d?s=96&d=mm&r=g\",\"contentUrl\":\"https:\\\/\\\/secure.gravatar.com\\\/avatar\\\/e980921b00fa2e552723a2386544734ce6885d2b2304ccca3f45186f9ca4031d?s=96&d=mm&r=g\",\"caption\":\"Tuzla Info\"}}]}<\/script>\n<!-- \/ Yoast SEO plugin. -->","yoast_head_json":{"title":"Odbijen zahtjev za eksploataciju kre\u010dnjaka u \u0160pionici","robots":{"index":"index","follow":"follow","max-snippet":"max-snippet:-1","max-image-preview":"max-image-preview:large","max-video-preview":"max-video-preview:-1"},"canonical":"https:\/\/tuzlainfo.ba\/index.php\/istaknuto\/item\/257597-odbijen-zahtjev-za-eksploataciju-krecnjaka-u-spionici\/","og_locale":"bs_BA","og_type":"article","og_title":"Odbijen zahtjev za eksploataciju kre\u010dnjaka u \u0160pionici","og_description":"Aarhus centar u BiH pozdravlja odluku Ministarstva privrede Tuzlanskog kantona (TK) kojom je odbijen zahtjev privrednog dru\u0161tva &#8220;Intertrans &#8211; Komerc Musi\u0107&#8221; d.o.o. Srebrenik za izdavanje dozvole za eksploataciju kamena kre\u010dnjaka na lokalitetu \u0160pionica Gornja. Ova odluka donesena je zbog nedostatka va\u017ee\u0107e okolinske dozvole, koja je zakonski obavezna prema \u010dlanu 25. Zakona o rudarstvu Tuzlanskog kantona. [&hellip;]","og_url":"https:\/\/tuzlainfo.ba\/index.php\/istaknuto\/item\/257597-odbijen-zahtjev-za-eksploataciju-krecnjaka-u-spionici\/","og_site_name":"TuzlaInfo.ba","article_publisher":"https:\/\/www.facebook.com\/tuzlainfo.ba\/","article_published_time":"2024-12-11T13:05:11+00:00","og_image":[{"width":1920,"height":1080,"url":"https:\/\/tuzlainfo.ba\/wp-content\/uploads\/2024\/12\/Kamenolom-Spionica.jpg","type":"image\/jpeg"}],"author":"Tuzla Info","twitter_card":"summary_large_image","twitter_misc":{"Written by":"Tuzla Info","Est. reading time":"3 minute"},"schema":{"@context":"https:\/\/schema.org","@graph":[{"@type":"Article","@id":"https:\/\/tuzlainfo.ba\/index.php\/istaknuto\/item\/257597-odbijen-zahtjev-za-eksploataciju-krecnjaka-u-spionici\/#article","isPartOf":{"@id":"https:\/\/tuzlainfo.ba\/index.php\/istaknuto\/item\/257597-odbijen-zahtjev-za-eksploataciju-krecnjaka-u-spionici\/"},"author":{"name":"Tuzla Info","@id":"https:\/\/tuzlainfo.ba\/#\/schema\/person\/46cad4c57790cbc50781edd14870825a"},"headline":"Odbijen zahtjev za eksploataciju kre\u010dnjaka u \u0160pionici","datePublished":"2024-12-11T13:05:11+00:00","mainEntityOfPage":{"@id":"https:\/\/tuzlainfo.ba\/index.php\/istaknuto\/item\/257597-odbijen-zahtjev-za-eksploataciju-krecnjaka-u-spionici\/"},"wordCount":575,"publisher":{"@id":"https:\/\/tuzlainfo.ba\/#organization"},"image":{"@id":"https:\/\/tuzlainfo.ba\/index.php\/istaknuto\/item\/257597-odbijen-zahtjev-za-eksploataciju-krecnjaka-u-spionici\/#primaryimage"},"thumbnailUrl":"https:\/\/tuzlainfo.ba\/wp-content\/uploads\/2024\/12\/Kamenolom-Spionica.jpg","keywords":["\u0161pionica"],"articleSection":["Istaknuto","Novosti"],"inLanguage":"bs-BA","copyrightYear":"2024","copyrightHolder":{"@id":"https:\/\/tuzlainfo.ba\/#organization"}},{"@type":"WebPage","@id":"https:\/\/tuzlainfo.ba\/index.php\/istaknuto\/item\/257597-odbijen-zahtjev-za-eksploataciju-krecnjaka-u-spionici\/","url":"https:\/\/tuzlainfo.ba\/index.php\/istaknuto\/item\/257597-odbijen-zahtjev-za-eksploataciju-krecnjaka-u-spionici\/","name":"Odbijen zahtjev za eksploataciju kre\u010dnjaka u \u0160pionici","isPartOf":{"@id":"https:\/\/tuzlainfo.ba\/#website"},"primaryImageOfPage":{"@id":"https:\/\/tuzlainfo.ba\/index.php\/istaknuto\/item\/257597-odbijen-zahtjev-za-eksploataciju-krecnjaka-u-spionici\/#primaryimage"},"image":{"@id":"https:\/\/tuzlainfo.ba\/index.php\/istaknuto\/item\/257597-odbijen-zahtjev-za-eksploataciju-krecnjaka-u-spionici\/#primaryimage"},"thumbnailUrl":"https:\/\/tuzlainfo.ba\/wp-content\/uploads\/2024\/12\/Kamenolom-Spionica.jpg","datePublished":"2024-12-11T13:05:11+00:00","breadcrumb":{"@id":"https:\/\/tuzlainfo.ba\/index.php\/istaknuto\/item\/257597-odbijen-zahtjev-za-eksploataciju-krecnjaka-u-spionici\/#breadcrumb"},"inLanguage":"bs-BA","potentialAction":[{"@type":"ReadAction","target":["https:\/\/tuzlainfo.ba\/index.php\/istaknuto\/item\/257597-odbijen-zahtjev-za-eksploataciju-krecnjaka-u-spionici\/"]}]},{"@type":"ImageObject","inLanguage":"bs-BA","@id":"https:\/\/tuzlainfo.ba\/index.php\/istaknuto\/item\/257597-odbijen-zahtjev-za-eksploataciju-krecnjaka-u-spionici\/#primaryimage","url":"https:\/\/tuzlainfo.ba\/wp-content\/uploads\/2024\/12\/Kamenolom-Spionica.jpg","contentUrl":"https:\/\/tuzlainfo.ba\/wp-content\/uploads\/2024\/12\/Kamenolom-Spionica.jpg","width":1920,"height":1080},{"@type":"BreadcrumbList","@id":"https:\/\/tuzlainfo.ba\/index.php\/istaknuto\/item\/257597-odbijen-zahtjev-za-eksploataciju-krecnjaka-u-spionici\/#breadcrumb","itemListElement":[{"@type":"ListItem","position":1,"name":"Home","item":"https:\/\/tuzlainfo.ba\/"},{"@type":"ListItem","position":2,"name":"Odbijen zahtjev za eksploataciju kre\u010dnjaka u \u0160pionici"}]},{"@type":"WebSite","@id":"https:\/\/tuzlainfo.ba\/#website","url":"https:\/\/tuzlainfo.ba\/","name":"TuzlaInfo.ba","description":"Tuzla info, gradski informator - Tuzla na dlanu","publisher":{"@id":"https:\/\/tuzlainfo.ba\/#organization"},"potentialAction":[{"@type":"SearchAction","target":{"@type":"EntryPoint","urlTemplate":"https:\/\/tuzlainfo.ba\/?s={search_term_string}"},"query-input":{"@type":"PropertyValueSpecification","valueRequired":true,"valueName":"search_term_string"}}],"inLanguage":"bs-BA"},{"@type":"Organization","@id":"https:\/\/tuzlainfo.ba\/#organization","name":"TuzlaInfo.ba","url":"https:\/\/tuzlainfo.ba\/","logo":{"@type":"ImageObject","inLanguage":"bs-BA","@id":"https:\/\/tuzlainfo.ba\/#\/schema\/logo\/image\/","url":"https:\/\/tuzlainfo.ba\/wp-content\/uploads\/2021\/03\/logo-ver-3-1.png","contentUrl":"https:\/\/tuzlainfo.ba\/wp-content\/uploads\/2021\/03\/logo-ver-3-1.png","width":350,"height":95,"caption":"TuzlaInfo.ba"},"image":{"@id":"https:\/\/tuzlainfo.ba\/#\/schema\/logo\/image\/"},"sameAs":["https:\/\/www.facebook.com\/tuzlainfo.ba\/"]},{"@type":"Person","@id":"https:\/\/tuzlainfo.ba\/#\/schema\/person\/46cad4c57790cbc50781edd14870825a","name":"Tuzla Info","image":{"@type":"ImageObject","inLanguage":"bs-BA","@id":"https:\/\/secure.gravatar.com\/avatar\/e980921b00fa2e552723a2386544734ce6885d2b2304ccca3f45186f9ca4031d?s=96&d=mm&r=g","url":"https:\/\/secure.gravatar.com\/avatar\/e980921b00fa2e552723a2386544734ce6885d2b2304ccca3f45186f9ca4031d?s=96&d=mm&r=g","contentUrl":"https:\/\/secure.gravatar.com\/avatar\/e980921b00fa2e552723a2386544734ce6885d2b2304ccca3f45186f9ca4031d?s=96&d=mm&r=g","caption":"Tuzla Info"}}]}},"_links":{"self":[{"href":"https:\/\/tuzlainfo.ba\/index.php\/wp-json\/wp\/v2\/posts\/257597","targetHints":{"allow":["GET"]}}],"collection":[{"href":"https:\/\/tuzlainfo.ba\/index.php\/wp-json\/wp\/v2\/posts"}],"about":[{"href":"https:\/\/tuzlainfo.ba\/index.php\/wp-json\/wp\/v2\/types\/post"}],"author":[{"embeddable":true,"href":"https:\/\/tuzlainfo.ba\/index.php\/wp-json\/wp\/v2\/users\/4"}],"replies":[{"embeddable":true,"href":"https:\/\/tuzlainfo.ba\/index.php\/wp-json\/wp\/v2\/comments?post=257597"}],"version-history":[{"count":1,"href":"https:\/\/tuzlainfo.ba\/index.php\/wp-json\/wp\/v2\/posts\/257597\/revisions"}],"predecessor-version":[{"id":257599,"href":"https:\/\/tuzlainfo.ba\/index.php\/wp-json\/wp\/v2\/posts\/257597\/revisions\/257599"}],"wp:featuredmedia":[{"embeddable":true,"href":"https:\/\/tuzlainfo.ba\/index.php\/wp-json\/wp\/v2\/media\/257598"}],"wp:attachment":[{"href":"https:\/\/tuzlainfo.ba\/index.php\/wp-json\/wp\/v2\/media?parent=257597"}],"wp:term":[{"taxonomy":"category","embeddable":true,"href":"https:\/\/tuzlainfo.ba\/index.php\/wp-json\/wp\/v2\/categories?post=257597"},{"taxonomy":"post_tag","embeddable":true,"href":"https:\/\/tuzlainfo.ba\/index.php\/wp-json\/wp\/v2\/tags?post=257597"}],"curies":[{"name":"wp","href":"https:\/\/api.w.org\/{rel}","templated":true}]}}