{"id":257508,"date":"2024-12-10T15:06:28","date_gmt":"2024-12-10T14:06:28","guid":{"rendered":"https:\/\/tuzlainfo.ba\/?p=257508"},"modified":"2024-12-10T13:55:04","modified_gmt":"2024-12-10T12:55:04","slug":"promocija-putopisa-hamze-ridzala-tragom-bosanskih-prica-istoka-sutra-11-decembra-u-bkc-tuzla","status":"publish","type":"post","link":"https:\/\/tuzlainfo.ba\/index.php\/najava-dogadaja-2\/item\/257508-promocija-putopisa-hamze-ridzala-tragom-bosanskih-prica-istoka-sutra-11-decembra-u-bkc-tuzla\/","title":{"rendered":"Promocija putopisa Hamze Rid\u017eala \u201cTragom bosanskih pri\u010da Istoka\u201d sutra, 11. decembra u BKC Tuzla"},"content":{"rendered":"<p>Promocija novog putopisa Hamze Rid\u017eala \u201cTragom bosanskih pri\u010da Istoka\u201d bit \u0107e odr\u017eana u srijedu 11. decembra 2024. godine u Velikoj sali Bosanskog kulturnog centra u Tuzli.<\/p>\n<p>Promociju knjige organizuju Institut za dru\u0161tvena i religijska istra\u017eivanja Tuzla,\u00a0 Specijalana biblioteka \u201eBehram-beg\u201c, Med\u017elis islamske zajednica Tuzla i Bosanski kulturni centar Tuzlanskog kantona.<\/p>\n<p>O putopisu \u0107e govoriti dr. Elvir Musi\u0107, Izedin \u0160ikalo i Hamza Rid\u017eal, a moderator je Sead Husi\u0107.<\/p>\n<p>Rije\u010d je o putopisu Hamze Rid\u017eala koji je nakon prve knjige \u201cPutem svile\u201d koji je u BKC Tuzla promovisana 2022. godine, u ovoj predstavio svoja putovanja kroz Tursku i Bliski istok, gdje se dru\u017eio sa potomcima Bo\u0161njaka i pronalazio potomke i dokaze prisustva istaknutih Bo\u0161njaka iz osmanskog perioda te onih koji su nakon dolaska Austro-Ugarske u Bosni krenuli ka centru Osmanske dr\u017eave i Bliskom istoku.<\/p>\n<p>-Unutar okvirne teme Puta svile, ova knjiga, nazvana \u201cTragom bosanskih pri\u010da Istoka\u201d, donosi pri\u010de o 27 gra\u0111evina koje su podigli ljudi Bosne u velikim gradovima na Putu svile (za svaku je napravljen i QR kod koji vas vodi na lokaciju odre\u0111ene gra\u0111evine, jer je neke od njih bilo izuzetno te\u0161ko locirati); zatim zapa\u017eanja o vezama izme\u0111u na\u0161eg tla i Puta svile \u2013 u religiji, muzici, arhitekturi; te napokon pri\u010de o seobama Bo\u0161njaka ka Istoku. Na jugu Turske, kroz Jordan i Saudijsku Arabiju, nalazili smo potomke Bo\u0161njaka koji su napustili Bosnu i Hercegovinu prije 150, 200, nekada i 250 godina. Posebno sam ponosan na istra\u017eivanje velike kolektivne seobe Bo\u0161njaka iz Hercegovine u Cezareju i pronalazak njihovih potomaka u Amanu. Neki od njih jo\u0161 pri\u010daju bosanski jezik. \u00a0Zbog njihovih pri\u010da vrijedilo je pje\u0161ke po\u0107i na kraj svijeta \u2013 istakao je Hamza Rid\u017eal, autor knjige.<\/p>\n<p>Knjiga ima 400 stranica, u velikom A4 formatu, s preko 1.000 fotografija I mo\u0107i \u0107e se kupiti tokom promocije.<\/p>\n<p>Promocija po\u010dinje u 18.30 sati, a ulaz je slobodan.<\/p>\n","protected":false},"excerpt":{"rendered":"<p>Promocija novog putopisa Hamze Rid\u017eala \u201cTragom bosanskih pri\u010da Istoka\u201d bit \u0107e odr\u017eana u srijedu 11.&hellip;<\/p>\n","protected":false},"author":2,"featured_media":257509,"comment_status":"closed","ping_status":"closed","sticky":false,"template":"","format":"standard","meta":{"_acf_changed":false,"footnotes":""},"categories":[11],"tags":[742,11596],"acf":[],"yoast_head":"<!-- This site is optimized with the Yoast SEO plugin v23.5 - https:\/\/yoast.com\/wordpress\/plugins\/seo\/ -->\n<title>Promocija putopisa Hamze Rid\u017eala \u201cTragom bosanskih pri\u010da Istoka\u201d sutra, 11. decembra u BKC Tuzla - TuzlaInfo.ba<\/title>\n<meta name=\"robots\" content=\"index, follow, max-snippet:-1, max-image-preview:large, max-video-preview:-1\" \/>\n<link rel=\"canonical\" href=\"https:\/\/tuzlainfo.ba\/index.php\/najava-dogadaja-2\/item\/257508-promocija-putopisa-hamze-ridzala-tragom-bosanskih-prica-istoka-sutra-11-decembra-u-bkc-tuzla\/\" \/>\n<meta property=\"og:locale\" content=\"bs_BA\" \/>\n<meta property=\"og:type\" content=\"article\" \/>\n<meta property=\"og:title\" content=\"Promocija putopisa Hamze Rid\u017eala \u201cTragom bosanskih pri\u010da Istoka\u201d sutra, 11. decembra u BKC Tuzla - TuzlaInfo.ba\" \/>\n<meta property=\"og:description\" content=\"Promocija novog putopisa Hamze Rid\u017eala \u201cTragom bosanskih pri\u010da Istoka\u201d bit \u0107e odr\u017eana u srijedu 11.&hellip;\" \/>\n<meta property=\"og:url\" content=\"https:\/\/tuzlainfo.ba\/index.php\/najava-dogadaja-2\/item\/257508-promocija-putopisa-hamze-ridzala-tragom-bosanskih-prica-istoka-sutra-11-decembra-u-bkc-tuzla\/\" \/>\n<meta property=\"og:site_name\" content=\"TuzlaInfo.ba\" \/>\n<meta property=\"article:publisher\" content=\"https:\/\/www.facebook.com\/tuzlainfo.ba\/\" \/>\n<meta property=\"article:published_time\" content=\"2024-12-10T14:06:28+00:00\" \/>\n<meta property=\"article:modified_time\" content=\"2024-12-10T12:55:04+00:00\" \/>\n<meta property=\"og:image\" content=\"https:\/\/tuzlainfo.ba\/wp-content\/uploads\/2024\/12\/tragom-bosanskih-prica-1.jpg\" \/>\n\t<meta property=\"og:image:width\" content=\"1000\" \/>\n\t<meta property=\"og:image:height\" content=\"666\" \/>\n\t<meta property=\"og:image:type\" content=\"image\/jpeg\" \/>\n<meta name=\"author\" content=\"nedim\" \/>\n<meta name=\"twitter:card\" content=\"summary_large_image\" \/>\n<meta name=\"twitter:label1\" content=\"Written by\" \/>\n\t<meta name=\"twitter:data1\" content=\"nedim\" \/>\n\t<meta name=\"twitter:label2\" content=\"Est. reading time\" \/>\n\t<meta name=\"twitter:data2\" content=\"2 minute\" \/>\n<script type=\"application\/ld+json\" class=\"yoast-schema-graph\">{\"@context\":\"https:\/\/schema.org\",\"@graph\":[{\"@type\":\"Article\",\"@id\":\"https:\/\/tuzlainfo.ba\/index.php\/najava-dogadaja-2\/item\/257508-promocija-putopisa-hamze-ridzala-tragom-bosanskih-prica-istoka-sutra-11-decembra-u-bkc-tuzla\/#article\",\"isPartOf\":{\"@id\":\"https:\/\/tuzlainfo.ba\/index.php\/najava-dogadaja-2\/item\/257508-promocija-putopisa-hamze-ridzala-tragom-bosanskih-prica-istoka-sutra-11-decembra-u-bkc-tuzla\/\"},\"author\":{\"name\":\"nedim\",\"@id\":\"https:\/\/tuzlainfo.ba\/#\/schema\/person\/f434e20dc27ea133923aab08451b7f7f\"},\"headline\":\"Promocija putopisa Hamze Rid\u017eala \u201cTragom bosanskih pri\u010da Istoka\u201d sutra, 11. decembra u BKC Tuzla\",\"datePublished\":\"2024-12-10T14:06:28+00:00\",\"dateModified\":\"2024-12-10T12:55:04+00:00\",\"mainEntityOfPage\":{\"@id\":\"https:\/\/tuzlainfo.ba\/index.php\/najava-dogadaja-2\/item\/257508-promocija-putopisa-hamze-ridzala-tragom-bosanskih-prica-istoka-sutra-11-decembra-u-bkc-tuzla\/\"},\"wordCount\":337,\"publisher\":{\"@id\":\"https:\/\/tuzlainfo.ba\/#organization\"},\"image\":{\"@id\":\"https:\/\/tuzlainfo.ba\/index.php\/najava-dogadaja-2\/item\/257508-promocija-putopisa-hamze-ridzala-tragom-bosanskih-prica-istoka-sutra-11-decembra-u-bkc-tuzla\/#primaryimage\"},\"thumbnailUrl\":\"https:\/\/tuzlainfo.ba\/wp-content\/uploads\/2024\/12\/tragom-bosanskih-prica-1.jpg\",\"keywords\":[\"bkc tuzla\",\"hamza rid\u017eal\"],\"articleSection\":[\"Najave i doga\u0111aji\"],\"inLanguage\":\"bs-BA\"},{\"@type\":\"WebPage\",\"@id\":\"https:\/\/tuzlainfo.ba\/index.php\/najava-dogadaja-2\/item\/257508-promocija-putopisa-hamze-ridzala-tragom-bosanskih-prica-istoka-sutra-11-decembra-u-bkc-tuzla\/\",\"url\":\"https:\/\/tuzlainfo.ba\/index.php\/najava-dogadaja-2\/item\/257508-promocija-putopisa-hamze-ridzala-tragom-bosanskih-prica-istoka-sutra-11-decembra-u-bkc-tuzla\/\",\"name\":\"Promocija putopisa Hamze Rid\u017eala \u201cTragom bosanskih pri\u010da Istoka\u201d sutra, 11. decembra u BKC Tuzla - TuzlaInfo.ba\",\"isPartOf\":{\"@id\":\"https:\/\/tuzlainfo.ba\/#website\"},\"primaryImageOfPage\":{\"@id\":\"https:\/\/tuzlainfo.ba\/index.php\/najava-dogadaja-2\/item\/257508-promocija-putopisa-hamze-ridzala-tragom-bosanskih-prica-istoka-sutra-11-decembra-u-bkc-tuzla\/#primaryimage\"},\"image\":{\"@id\":\"https:\/\/tuzlainfo.ba\/index.php\/najava-dogadaja-2\/item\/257508-promocija-putopisa-hamze-ridzala-tragom-bosanskih-prica-istoka-sutra-11-decembra-u-bkc-tuzla\/#primaryimage\"},\"thumbnailUrl\":\"https:\/\/tuzlainfo.ba\/wp-content\/uploads\/2024\/12\/tragom-bosanskih-prica-1.jpg\",\"datePublished\":\"2024-12-10T14:06:28+00:00\",\"dateModified\":\"2024-12-10T12:55:04+00:00\",\"breadcrumb\":{\"@id\":\"https:\/\/tuzlainfo.ba\/index.php\/najava-dogadaja-2\/item\/257508-promocija-putopisa-hamze-ridzala-tragom-bosanskih-prica-istoka-sutra-11-decembra-u-bkc-tuzla\/#breadcrumb\"},\"inLanguage\":\"bs-BA\",\"potentialAction\":[{\"@type\":\"ReadAction\",\"target\":[\"https:\/\/tuzlainfo.ba\/index.php\/najava-dogadaja-2\/item\/257508-promocija-putopisa-hamze-ridzala-tragom-bosanskih-prica-istoka-sutra-11-decembra-u-bkc-tuzla\/\"]}]},{\"@type\":\"ImageObject\",\"inLanguage\":\"bs-BA\",\"@id\":\"https:\/\/tuzlainfo.ba\/index.php\/najava-dogadaja-2\/item\/257508-promocija-putopisa-hamze-ridzala-tragom-bosanskih-prica-istoka-sutra-11-decembra-u-bkc-tuzla\/#primaryimage\",\"url\":\"https:\/\/tuzlainfo.ba\/wp-content\/uploads\/2024\/12\/tragom-bosanskih-prica-1.jpg\",\"contentUrl\":\"https:\/\/tuzlainfo.ba\/wp-content\/uploads\/2024\/12\/tragom-bosanskih-prica-1.jpg\",\"width\":1000,\"height\":666},{\"@type\":\"BreadcrumbList\",\"@id\":\"https:\/\/tuzlainfo.ba\/index.php\/najava-dogadaja-2\/item\/257508-promocija-putopisa-hamze-ridzala-tragom-bosanskih-prica-istoka-sutra-11-decembra-u-bkc-tuzla\/#breadcrumb\",\"itemListElement\":[{\"@type\":\"ListItem\",\"position\":1,\"name\":\"Home\",\"item\":\"https:\/\/tuzlainfo.ba\/\"},{\"@type\":\"ListItem\",\"position\":2,\"name\":\"Promocija putopisa Hamze Rid\u017eala \u201cTragom bosanskih pri\u010da Istoka\u201d sutra, 11. decembra u BKC Tuzla\"}]},{\"@type\":\"WebSite\",\"@id\":\"https:\/\/tuzlainfo.ba\/#website\",\"url\":\"https:\/\/tuzlainfo.ba\/\",\"name\":\"TuzlaInfo.ba\",\"description\":\"Tuzla info, gradski informator - Tuzla na dlanu\",\"publisher\":{\"@id\":\"https:\/\/tuzlainfo.ba\/#organization\"},\"potentialAction\":[{\"@type\":\"SearchAction\",\"target\":{\"@type\":\"EntryPoint\",\"urlTemplate\":\"https:\/\/tuzlainfo.ba\/?s={search_term_string}\"},\"query-input\":{\"@type\":\"PropertyValueSpecification\",\"valueRequired\":true,\"valueName\":\"search_term_string\"}}],\"inLanguage\":\"bs-BA\"},{\"@type\":\"Organization\",\"@id\":\"https:\/\/tuzlainfo.ba\/#organization\",\"name\":\"TuzlaInfo.ba\",\"url\":\"https:\/\/tuzlainfo.ba\/\",\"logo\":{\"@type\":\"ImageObject\",\"inLanguage\":\"bs-BA\",\"@id\":\"https:\/\/tuzlainfo.ba\/#\/schema\/logo\/image\/\",\"url\":\"https:\/\/tuzlainfo.ba\/wp-content\/uploads\/2021\/03\/logo-ver-3-1.png\",\"contentUrl\":\"https:\/\/tuzlainfo.ba\/wp-content\/uploads\/2021\/03\/logo-ver-3-1.png\",\"width\":350,\"height\":95,\"caption\":\"TuzlaInfo.ba\"},\"image\":{\"@id\":\"https:\/\/tuzlainfo.ba\/#\/schema\/logo\/image\/\"},\"sameAs\":[\"https:\/\/www.facebook.com\/tuzlainfo.ba\/\"]},{\"@type\":\"Person\",\"@id\":\"https:\/\/tuzlainfo.ba\/#\/schema\/person\/f434e20dc27ea133923aab08451b7f7f\",\"name\":\"nedim\",\"image\":{\"@type\":\"ImageObject\",\"inLanguage\":\"bs-BA\",\"@id\":\"https:\/\/tuzlainfo.ba\/#\/schema\/person\/image\/\",\"url\":\"https:\/\/tuzlainfo.ba\/wp-content\/litespeed\/avatar\/aabad687af24844af817603ac1cbdc4f.jpg?ver=1777306975\",\"contentUrl\":\"https:\/\/tuzlainfo.ba\/wp-content\/litespeed\/avatar\/aabad687af24844af817603ac1cbdc4f.jpg?ver=1777306975\",\"caption\":\"nedim\"},\"description\":\"Tuzlainfo.ba pratite na dru\u0161tvenim mre\u017eama: Facebook, Instagram i Youtube. Svoje pri\u010de, upite i fotografije \u0161aljite na na\u0161u e-mail adresu.\"}]}<\/script>\n<!-- \/ Yoast SEO plugin. -->","yoast_head_json":{"title":"Promocija putopisa Hamze Rid\u017eala \u201cTragom bosanskih pri\u010da Istoka\u201d sutra, 11. decembra u BKC Tuzla - TuzlaInfo.ba","robots":{"index":"index","follow":"follow","max-snippet":"max-snippet:-1","max-image-preview":"max-image-preview:large","max-video-preview":"max-video-preview:-1"},"canonical":"https:\/\/tuzlainfo.ba\/index.php\/najava-dogadaja-2\/item\/257508-promocija-putopisa-hamze-ridzala-tragom-bosanskih-prica-istoka-sutra-11-decembra-u-bkc-tuzla\/","og_locale":"bs_BA","og_type":"article","og_title":"Promocija putopisa Hamze Rid\u017eala \u201cTragom bosanskih pri\u010da Istoka\u201d sutra, 11. decembra u BKC Tuzla - TuzlaInfo.ba","og_description":"Promocija novog putopisa Hamze Rid\u017eala \u201cTragom bosanskih pri\u010da Istoka\u201d bit \u0107e odr\u017eana u srijedu 11.&hellip;","og_url":"https:\/\/tuzlainfo.ba\/index.php\/najava-dogadaja-2\/item\/257508-promocija-putopisa-hamze-ridzala-tragom-bosanskih-prica-istoka-sutra-11-decembra-u-bkc-tuzla\/","og_site_name":"TuzlaInfo.ba","article_publisher":"https:\/\/www.facebook.com\/tuzlainfo.ba\/","article_published_time":"2024-12-10T14:06:28+00:00","article_modified_time":"2024-12-10T12:55:04+00:00","og_image":[{"width":1000,"height":666,"url":"https:\/\/tuzlainfo.ba\/wp-content\/uploads\/2024\/12\/tragom-bosanskih-prica-1.jpg","type":"image\/jpeg"}],"author":"nedim","twitter_card":"summary_large_image","twitter_misc":{"Written by":"nedim","Est. reading time":"2 minute"},"schema":{"@context":"https:\/\/schema.org","@graph":[{"@type":"Article","@id":"https:\/\/tuzlainfo.ba\/index.php\/najava-dogadaja-2\/item\/257508-promocija-putopisa-hamze-ridzala-tragom-bosanskih-prica-istoka-sutra-11-decembra-u-bkc-tuzla\/#article","isPartOf":{"@id":"https:\/\/tuzlainfo.ba\/index.php\/najava-dogadaja-2\/item\/257508-promocija-putopisa-hamze-ridzala-tragom-bosanskih-prica-istoka-sutra-11-decembra-u-bkc-tuzla\/"},"author":{"name":"nedim","@id":"https:\/\/tuzlainfo.ba\/#\/schema\/person\/f434e20dc27ea133923aab08451b7f7f"},"headline":"Promocija putopisa Hamze Rid\u017eala \u201cTragom bosanskih pri\u010da Istoka\u201d sutra, 11. decembra u BKC Tuzla","datePublished":"2024-12-10T14:06:28+00:00","dateModified":"2024-12-10T12:55:04+00:00","mainEntityOfPage":{"@id":"https:\/\/tuzlainfo.ba\/index.php\/najava-dogadaja-2\/item\/257508-promocija-putopisa-hamze-ridzala-tragom-bosanskih-prica-istoka-sutra-11-decembra-u-bkc-tuzla\/"},"wordCount":337,"publisher":{"@id":"https:\/\/tuzlainfo.ba\/#organization"},"image":{"@id":"https:\/\/tuzlainfo.ba\/index.php\/najava-dogadaja-2\/item\/257508-promocija-putopisa-hamze-ridzala-tragom-bosanskih-prica-istoka-sutra-11-decembra-u-bkc-tuzla\/#primaryimage"},"thumbnailUrl":"https:\/\/tuzlainfo.ba\/wp-content\/uploads\/2024\/12\/tragom-bosanskih-prica-1.jpg","keywords":["bkc tuzla","hamza rid\u017eal"],"articleSection":["Najave i doga\u0111aji"],"inLanguage":"bs-BA"},{"@type":"WebPage","@id":"https:\/\/tuzlainfo.ba\/index.php\/najava-dogadaja-2\/item\/257508-promocija-putopisa-hamze-ridzala-tragom-bosanskih-prica-istoka-sutra-11-decembra-u-bkc-tuzla\/","url":"https:\/\/tuzlainfo.ba\/index.php\/najava-dogadaja-2\/item\/257508-promocija-putopisa-hamze-ridzala-tragom-bosanskih-prica-istoka-sutra-11-decembra-u-bkc-tuzla\/","name":"Promocija putopisa Hamze Rid\u017eala \u201cTragom bosanskih pri\u010da Istoka\u201d sutra, 11. decembra u BKC Tuzla - TuzlaInfo.ba","isPartOf":{"@id":"https:\/\/tuzlainfo.ba\/#website"},"primaryImageOfPage":{"@id":"https:\/\/tuzlainfo.ba\/index.php\/najava-dogadaja-2\/item\/257508-promocija-putopisa-hamze-ridzala-tragom-bosanskih-prica-istoka-sutra-11-decembra-u-bkc-tuzla\/#primaryimage"},"image":{"@id":"https:\/\/tuzlainfo.ba\/index.php\/najava-dogadaja-2\/item\/257508-promocija-putopisa-hamze-ridzala-tragom-bosanskih-prica-istoka-sutra-11-decembra-u-bkc-tuzla\/#primaryimage"},"thumbnailUrl":"https:\/\/tuzlainfo.ba\/wp-content\/uploads\/2024\/12\/tragom-bosanskih-prica-1.jpg","datePublished":"2024-12-10T14:06:28+00:00","dateModified":"2024-12-10T12:55:04+00:00","breadcrumb":{"@id":"https:\/\/tuzlainfo.ba\/index.php\/najava-dogadaja-2\/item\/257508-promocija-putopisa-hamze-ridzala-tragom-bosanskih-prica-istoka-sutra-11-decembra-u-bkc-tuzla\/#breadcrumb"},"inLanguage":"bs-BA","potentialAction":[{"@type":"ReadAction","target":["https:\/\/tuzlainfo.ba\/index.php\/najava-dogadaja-2\/item\/257508-promocija-putopisa-hamze-ridzala-tragom-bosanskih-prica-istoka-sutra-11-decembra-u-bkc-tuzla\/"]}]},{"@type":"ImageObject","inLanguage":"bs-BA","@id":"https:\/\/tuzlainfo.ba\/index.php\/najava-dogadaja-2\/item\/257508-promocija-putopisa-hamze-ridzala-tragom-bosanskih-prica-istoka-sutra-11-decembra-u-bkc-tuzla\/#primaryimage","url":"https:\/\/tuzlainfo.ba\/wp-content\/uploads\/2024\/12\/tragom-bosanskih-prica-1.jpg","contentUrl":"https:\/\/tuzlainfo.ba\/wp-content\/uploads\/2024\/12\/tragom-bosanskih-prica-1.jpg","width":1000,"height":666},{"@type":"BreadcrumbList","@id":"https:\/\/tuzlainfo.ba\/index.php\/najava-dogadaja-2\/item\/257508-promocija-putopisa-hamze-ridzala-tragom-bosanskih-prica-istoka-sutra-11-decembra-u-bkc-tuzla\/#breadcrumb","itemListElement":[{"@type":"ListItem","position":1,"name":"Home","item":"https:\/\/tuzlainfo.ba\/"},{"@type":"ListItem","position":2,"name":"Promocija putopisa Hamze Rid\u017eala \u201cTragom bosanskih pri\u010da Istoka\u201d sutra, 11. decembra u BKC Tuzla"}]},{"@type":"WebSite","@id":"https:\/\/tuzlainfo.ba\/#website","url":"https:\/\/tuzlainfo.ba\/","name":"TuzlaInfo.ba","description":"Tuzla info, gradski informator - Tuzla na dlanu","publisher":{"@id":"https:\/\/tuzlainfo.ba\/#organization"},"potentialAction":[{"@type":"SearchAction","target":{"@type":"EntryPoint","urlTemplate":"https:\/\/tuzlainfo.ba\/?s={search_term_string}"},"query-input":{"@type":"PropertyValueSpecification","valueRequired":true,"valueName":"search_term_string"}}],"inLanguage":"bs-BA"},{"@type":"Organization","@id":"https:\/\/tuzlainfo.ba\/#organization","name":"TuzlaInfo.ba","url":"https:\/\/tuzlainfo.ba\/","logo":{"@type":"ImageObject","inLanguage":"bs-BA","@id":"https:\/\/tuzlainfo.ba\/#\/schema\/logo\/image\/","url":"https:\/\/tuzlainfo.ba\/wp-content\/uploads\/2021\/03\/logo-ver-3-1.png","contentUrl":"https:\/\/tuzlainfo.ba\/wp-content\/uploads\/2021\/03\/logo-ver-3-1.png","width":350,"height":95,"caption":"TuzlaInfo.ba"},"image":{"@id":"https:\/\/tuzlainfo.ba\/#\/schema\/logo\/image\/"},"sameAs":["https:\/\/www.facebook.com\/tuzlainfo.ba\/"]},{"@type":"Person","@id":"https:\/\/tuzlainfo.ba\/#\/schema\/person\/f434e20dc27ea133923aab08451b7f7f","name":"nedim","image":{"@type":"ImageObject","inLanguage":"bs-BA","@id":"https:\/\/tuzlainfo.ba\/#\/schema\/person\/image\/","url":"https:\/\/tuzlainfo.ba\/wp-content\/litespeed\/avatar\/aabad687af24844af817603ac1cbdc4f.jpg?ver=1777306975","contentUrl":"https:\/\/tuzlainfo.ba\/wp-content\/litespeed\/avatar\/aabad687af24844af817603ac1cbdc4f.jpg?ver=1777306975","caption":"nedim"},"description":"Tuzlainfo.ba pratite na dru\u0161tvenim mre\u017eama: Facebook, Instagram i Youtube. Svoje pri\u010de, upite i fotografije \u0161aljite na na\u0161u e-mail adresu."}]}},"_links":{"self":[{"href":"https:\/\/tuzlainfo.ba\/index.php\/wp-json\/wp\/v2\/posts\/257508"}],"collection":[{"href":"https:\/\/tuzlainfo.ba\/index.php\/wp-json\/wp\/v2\/posts"}],"about":[{"href":"https:\/\/tuzlainfo.ba\/index.php\/wp-json\/wp\/v2\/types\/post"}],"author":[{"embeddable":true,"href":"https:\/\/tuzlainfo.ba\/index.php\/wp-json\/wp\/v2\/users\/2"}],"replies":[{"embeddable":true,"href":"https:\/\/tuzlainfo.ba\/index.php\/wp-json\/wp\/v2\/comments?post=257508"}],"version-history":[{"count":1,"href":"https:\/\/tuzlainfo.ba\/index.php\/wp-json\/wp\/v2\/posts\/257508\/revisions"}],"predecessor-version":[{"id":257510,"href":"https:\/\/tuzlainfo.ba\/index.php\/wp-json\/wp\/v2\/posts\/257508\/revisions\/257510"}],"wp:featuredmedia":[{"embeddable":true,"href":"https:\/\/tuzlainfo.ba\/index.php\/wp-json\/wp\/v2\/media\/257509"}],"wp:attachment":[{"href":"https:\/\/tuzlainfo.ba\/index.php\/wp-json\/wp\/v2\/media?parent=257508"}],"wp:term":[{"taxonomy":"category","embeddable":true,"href":"https:\/\/tuzlainfo.ba\/index.php\/wp-json\/wp\/v2\/categories?post=257508"},{"taxonomy":"post_tag","embeddable":true,"href":"https:\/\/tuzlainfo.ba\/index.php\/wp-json\/wp\/v2\/tags?post=257508"}],"curies":[{"name":"wp","href":"https:\/\/api.w.org\/{rel}","templated":true}]}}