{"id":257489,"date":"2024-12-10T11:00:54","date_gmt":"2024-12-10T10:00:54","guid":{"rendered":"https:\/\/tuzlainfo.ba\/?p=257489"},"modified":"2024-12-10T07:57:32","modified_gmt":"2024-12-10T06:57:32","slug":"uzroci-su-poznati-od-nove-godine-poskupljuje-brasno-hoce-li-i-pekarski-proizvodi","status":"publish","type":"post","link":"https:\/\/tuzlainfo.ba\/index.php\/bosna-i-hercegovina\/item\/257489-uzroci-su-poznati-od-nove-godine-poskupljuje-brasno-hoce-li-i-pekarski-proizvodi\/","title":{"rendered":"Uzroci su poznati: Od nove godine poskupljuje bra\u0161no, ho\u0107e li i pekarski proizvodi?"},"content":{"rendered":"<p>Po svemu sude\u0107i, ve\u0107 od samog po\u010detka godine gra\u0111ani \u0107e se suo\u010diti sa poskupljenjem bra\u0161na, a vre\u0107a \u0107e oti\u0107i za 2,5, mo\u017eda \u010dak i 3 KM.<\/p>\n<p>Kako poru\u010duju mlinari, faktori koji \u0107e uticati na ovaj skok cijene bra\u0161na, jesu poskupljenje struje, pove\u0107anja minimalca i, eventuelno, poskupljenje goriva o kojem se uveliko pri\u010da, pi\u0161e Buka.<\/p>\n<p>Trenutno, vre\u0107a bra\u0161na u prosjeku ko\u0161ta 25 KM, a \u010dim zakoracimo u novu godinu, njena cijena \u0107e, najvjerovatnije, oti\u0107i na 27,5 ili 28 KM.<\/p>\n<p>\u2013 Struja sigurno ide gore, a ne vjerujemo da \u0107e i minimalac ostati na istom nivou kao ove godine. Rije\u010d je o dva izvjesna udara na privredu. \u010cekamo da vidimo za koliko \u0107e oti\u0107i struja i minimalac, pa \u0107emo napraviti ra\u010dunicu o novim cijenama. Tako\u0111e, u najavi je i poskupljenje goriva, \u0161to bi, tako\u0111e, poskupilo proizvodnju \u2013 ka\u017ee predsjednik pomenutog udru\u017eenja Zoran Kos.<\/p>\n<p>Prema njegovim rije\u010dima, cijena vre\u0107a bra\u0161na u RS bi\u0107e od naredne godine pove\u0107ana bar za 10 odsto.<\/p>\n<p>\u2013 Tako\u0111e, Rusija je pove\u0107ala izvozne carine za \u017eito za oko 35 dolara po toni, pa se \u010deka kako \u0107e druge berze odreagovati. I to bi, eventulno, moglo da dovede do poskupljenja p\u0161enice, samim tim i \u017eita \u2013 poru\u010duje Kos.<\/p>\n<p>Pekari poru\u010duju da, uprkos poskupljenju bra\u0161na, cijene pekarskih proizvoda ne\u0107e zna\u010dajnije i\u0107i gore.<\/p>\n<p>\u2013 U proizvodnom procesu mlinara tro\u0161kovi struje su zna\u010dajna stavka. Zato ne \u010dudi \u0161to svakim pove\u0107anjem cijene struje, poskupi i bra\u0161no. S druge strane, ne o\u010dekujemo neko zna\u010dajnije pove\u0107anje minimalne plate \u2013 isti\u010de Sa\u0161a Trivi\u0107, vlasnik jedne pekarske industrije.<\/p>\n<p>Dodaje da, iz ove perspektive, ne vidi da \u0107e pekarski proizvodi poskupjeti.<\/p>\n<p>\u2013 Naravno, mo\u017ee se desiti da sporadi\u010dno negdje odu cijene, ali ne o\u010dekujemo neka ve\u0107a poskupljenja \u2013 isti\u010de Trivi\u0107.<\/p>\n","protected":false},"excerpt":{"rendered":"<p>Po svemu sude\u0107i, ve\u0107 od samog po\u010detka godine gra\u0111ani \u0107e se suo\u010diti sa poskupljenjem bra\u0161na,&hellip;<\/p>\n","protected":false},"author":2,"featured_media":251453,"comment_status":"closed","ping_status":"closed","sticky":false,"template":"","format":"standard","meta":{"_acf_changed":false,"footnotes":""},"categories":[291],"tags":[4387,1866],"acf":[],"yoast_head":"<!-- This site is optimized with the Yoast SEO plugin v23.5 - https:\/\/yoast.com\/wordpress\/plugins\/seo\/ -->\n<title>Uzroci su poznati: Od nove godine poskupljuje bra\u0161no, ho\u0107e li i pekarski proizvodi? - TuzlaInfo.ba<\/title>\n<meta name=\"robots\" content=\"index, follow, max-snippet:-1, max-image-preview:large, max-video-preview:-1\" \/>\n<link rel=\"canonical\" href=\"https:\/\/tuzlainfo.ba\/index.php\/bosna-i-hercegovina\/item\/257489-uzroci-su-poznati-od-nove-godine-poskupljuje-brasno-hoce-li-i-pekarski-proizvodi\/\" \/>\n<meta property=\"og:locale\" content=\"bs_BA\" \/>\n<meta property=\"og:type\" content=\"article\" \/>\n<meta property=\"og:title\" content=\"Uzroci su poznati: Od nove godine poskupljuje bra\u0161no, ho\u0107e li i pekarski proizvodi? - TuzlaInfo.ba\" \/>\n<meta property=\"og:description\" content=\"Po svemu sude\u0107i, ve\u0107 od samog po\u010detka godine gra\u0111ani \u0107e se suo\u010diti sa poskupljenjem bra\u0161na,&hellip;\" \/>\n<meta property=\"og:url\" content=\"https:\/\/tuzlainfo.ba\/index.php\/bosna-i-hercegovina\/item\/257489-uzroci-su-poznati-od-nove-godine-poskupljuje-brasno-hoce-li-i-pekarski-proizvodi\/\" \/>\n<meta property=\"og:site_name\" content=\"TuzlaInfo.ba\" \/>\n<meta property=\"article:publisher\" content=\"https:\/\/www.facebook.com\/tuzlainfo.ba\/\" \/>\n<meta property=\"article:published_time\" content=\"2024-12-10T10:00:54+00:00\" \/>\n<meta property=\"article:modified_time\" content=\"2024-12-10T06:57:32+00:00\" \/>\n<meta property=\"og:image\" content=\"https:\/\/tuzlainfo.ba\/wp-content\/uploads\/2024\/10\/0210_brasno.jpg\" \/>\n\t<meta property=\"og:image:width\" content=\"1000\" \/>\n\t<meta property=\"og:image:height\" content=\"560\" \/>\n\t<meta property=\"og:image:type\" content=\"image\/jpeg\" \/>\n<meta name=\"author\" content=\"nedim\" \/>\n<meta name=\"twitter:card\" content=\"summary_large_image\" \/>\n<meta name=\"twitter:label1\" content=\"Written by\" \/>\n\t<meta name=\"twitter:data1\" content=\"nedim\" \/>\n\t<meta name=\"twitter:label2\" content=\"Est. reading time\" \/>\n\t<meta name=\"twitter:data2\" content=\"2 minute\" \/>\n<script type=\"application\/ld+json\" class=\"yoast-schema-graph\">{\"@context\":\"https:\/\/schema.org\",\"@graph\":[{\"@type\":\"Article\",\"@id\":\"https:\/\/tuzlainfo.ba\/index.php\/bosna-i-hercegovina\/item\/257489-uzroci-su-poznati-od-nove-godine-poskupljuje-brasno-hoce-li-i-pekarski-proizvodi\/#article\",\"isPartOf\":{\"@id\":\"https:\/\/tuzlainfo.ba\/index.php\/bosna-i-hercegovina\/item\/257489-uzroci-su-poznati-od-nove-godine-poskupljuje-brasno-hoce-li-i-pekarski-proizvodi\/\"},\"author\":{\"name\":\"nedim\",\"@id\":\"https:\/\/tuzlainfo.ba\/#\/schema\/person\/f434e20dc27ea133923aab08451b7f7f\"},\"headline\":\"Uzroci su poznati: Od nove godine poskupljuje bra\u0161no, ho\u0107e li i pekarski proizvodi?\",\"datePublished\":\"2024-12-10T10:00:54+00:00\",\"dateModified\":\"2024-12-10T06:57:32+00:00\",\"mainEntityOfPage\":{\"@id\":\"https:\/\/tuzlainfo.ba\/index.php\/bosna-i-hercegovina\/item\/257489-uzroci-su-poznati-od-nove-godine-poskupljuje-brasno-hoce-li-i-pekarski-proizvodi\/\"},\"wordCount\":332,\"publisher\":{\"@id\":\"https:\/\/tuzlainfo.ba\/#organization\"},\"image\":{\"@id\":\"https:\/\/tuzlainfo.ba\/index.php\/bosna-i-hercegovina\/item\/257489-uzroci-su-poznati-od-nove-godine-poskupljuje-brasno-hoce-li-i-pekarski-proizvodi\/#primaryimage\"},\"thumbnailUrl\":\"https:\/\/tuzlainfo.ba\/wp-content\/uploads\/2024\/10\/0210_brasno.jpg\",\"keywords\":[\"bra\u0161no\",\"poskupljenje\"],\"articleSection\":[\"Bosna i Hercegovina\"],\"inLanguage\":\"bs-BA\"},{\"@type\":\"WebPage\",\"@id\":\"https:\/\/tuzlainfo.ba\/index.php\/bosna-i-hercegovina\/item\/257489-uzroci-su-poznati-od-nove-godine-poskupljuje-brasno-hoce-li-i-pekarski-proizvodi\/\",\"url\":\"https:\/\/tuzlainfo.ba\/index.php\/bosna-i-hercegovina\/item\/257489-uzroci-su-poznati-od-nove-godine-poskupljuje-brasno-hoce-li-i-pekarski-proizvodi\/\",\"name\":\"Uzroci su poznati: Od nove godine poskupljuje bra\u0161no, ho\u0107e li i pekarski proizvodi? - TuzlaInfo.ba\",\"isPartOf\":{\"@id\":\"https:\/\/tuzlainfo.ba\/#website\"},\"primaryImageOfPage\":{\"@id\":\"https:\/\/tuzlainfo.ba\/index.php\/bosna-i-hercegovina\/item\/257489-uzroci-su-poznati-od-nove-godine-poskupljuje-brasno-hoce-li-i-pekarski-proizvodi\/#primaryimage\"},\"image\":{\"@id\":\"https:\/\/tuzlainfo.ba\/index.php\/bosna-i-hercegovina\/item\/257489-uzroci-su-poznati-od-nove-godine-poskupljuje-brasno-hoce-li-i-pekarski-proizvodi\/#primaryimage\"},\"thumbnailUrl\":\"https:\/\/tuzlainfo.ba\/wp-content\/uploads\/2024\/10\/0210_brasno.jpg\",\"datePublished\":\"2024-12-10T10:00:54+00:00\",\"dateModified\":\"2024-12-10T06:57:32+00:00\",\"breadcrumb\":{\"@id\":\"https:\/\/tuzlainfo.ba\/index.php\/bosna-i-hercegovina\/item\/257489-uzroci-su-poznati-od-nove-godine-poskupljuje-brasno-hoce-li-i-pekarski-proizvodi\/#breadcrumb\"},\"inLanguage\":\"bs-BA\",\"potentialAction\":[{\"@type\":\"ReadAction\",\"target\":[\"https:\/\/tuzlainfo.ba\/index.php\/bosna-i-hercegovina\/item\/257489-uzroci-su-poznati-od-nove-godine-poskupljuje-brasno-hoce-li-i-pekarski-proizvodi\/\"]}]},{\"@type\":\"ImageObject\",\"inLanguage\":\"bs-BA\",\"@id\":\"https:\/\/tuzlainfo.ba\/index.php\/bosna-i-hercegovina\/item\/257489-uzroci-su-poznati-od-nove-godine-poskupljuje-brasno-hoce-li-i-pekarski-proizvodi\/#primaryimage\",\"url\":\"https:\/\/tuzlainfo.ba\/wp-content\/uploads\/2024\/10\/0210_brasno.jpg\",\"contentUrl\":\"https:\/\/tuzlainfo.ba\/wp-content\/uploads\/2024\/10\/0210_brasno.jpg\",\"width\":1000,\"height\":560},{\"@type\":\"BreadcrumbList\",\"@id\":\"https:\/\/tuzlainfo.ba\/index.php\/bosna-i-hercegovina\/item\/257489-uzroci-su-poznati-od-nove-godine-poskupljuje-brasno-hoce-li-i-pekarski-proizvodi\/#breadcrumb\",\"itemListElement\":[{\"@type\":\"ListItem\",\"position\":1,\"name\":\"Home\",\"item\":\"https:\/\/tuzlainfo.ba\/\"},{\"@type\":\"ListItem\",\"position\":2,\"name\":\"Uzroci su poznati: Od nove godine poskupljuje bra\u0161no, ho\u0107e li i pekarski proizvodi?\"}]},{\"@type\":\"WebSite\",\"@id\":\"https:\/\/tuzlainfo.ba\/#website\",\"url\":\"https:\/\/tuzlainfo.ba\/\",\"name\":\"TuzlaInfo.ba\",\"description\":\"Tuzla info, gradski informator - Tuzla na dlanu\",\"publisher\":{\"@id\":\"https:\/\/tuzlainfo.ba\/#organization\"},\"potentialAction\":[{\"@type\":\"SearchAction\",\"target\":{\"@type\":\"EntryPoint\",\"urlTemplate\":\"https:\/\/tuzlainfo.ba\/?s={search_term_string}\"},\"query-input\":{\"@type\":\"PropertyValueSpecification\",\"valueRequired\":true,\"valueName\":\"search_term_string\"}}],\"inLanguage\":\"bs-BA\"},{\"@type\":\"Organization\",\"@id\":\"https:\/\/tuzlainfo.ba\/#organization\",\"name\":\"TuzlaInfo.ba\",\"url\":\"https:\/\/tuzlainfo.ba\/\",\"logo\":{\"@type\":\"ImageObject\",\"inLanguage\":\"bs-BA\",\"@id\":\"https:\/\/tuzlainfo.ba\/#\/schema\/logo\/image\/\",\"url\":\"https:\/\/tuzlainfo.ba\/wp-content\/uploads\/2021\/03\/logo-ver-3-1.png\",\"contentUrl\":\"https:\/\/tuzlainfo.ba\/wp-content\/uploads\/2021\/03\/logo-ver-3-1.png\",\"width\":350,\"height\":95,\"caption\":\"TuzlaInfo.ba\"},\"image\":{\"@id\":\"https:\/\/tuzlainfo.ba\/#\/schema\/logo\/image\/\"},\"sameAs\":[\"https:\/\/www.facebook.com\/tuzlainfo.ba\/\"]},{\"@type\":\"Person\",\"@id\":\"https:\/\/tuzlainfo.ba\/#\/schema\/person\/f434e20dc27ea133923aab08451b7f7f\",\"name\":\"nedim\",\"image\":{\"@type\":\"ImageObject\",\"inLanguage\":\"bs-BA\",\"@id\":\"https:\/\/tuzlainfo.ba\/#\/schema\/person\/image\/\",\"url\":\"https:\/\/tuzlainfo.ba\/wp-content\/litespeed\/avatar\/aabad687af24844af817603ac1cbdc4f.jpg?ver=1776702173\",\"contentUrl\":\"https:\/\/tuzlainfo.ba\/wp-content\/litespeed\/avatar\/aabad687af24844af817603ac1cbdc4f.jpg?ver=1776702173\",\"caption\":\"nedim\"},\"description\":\"Tuzlainfo.ba pratite na dru\u0161tvenim mre\u017eama: Facebook, Instagram i Youtube. Svoje pri\u010de, upite i fotografije \u0161aljite na na\u0161u e-mail adresu.\"}]}<\/script>\n<!-- \/ Yoast SEO plugin. -->","yoast_head_json":{"title":"Uzroci su poznati: Od nove godine poskupljuje bra\u0161no, ho\u0107e li i pekarski proizvodi? - TuzlaInfo.ba","robots":{"index":"index","follow":"follow","max-snippet":"max-snippet:-1","max-image-preview":"max-image-preview:large","max-video-preview":"max-video-preview:-1"},"canonical":"https:\/\/tuzlainfo.ba\/index.php\/bosna-i-hercegovina\/item\/257489-uzroci-su-poznati-od-nove-godine-poskupljuje-brasno-hoce-li-i-pekarski-proizvodi\/","og_locale":"bs_BA","og_type":"article","og_title":"Uzroci su poznati: Od nove godine poskupljuje bra\u0161no, ho\u0107e li i pekarski proizvodi? - TuzlaInfo.ba","og_description":"Po svemu sude\u0107i, ve\u0107 od samog po\u010detka godine gra\u0111ani \u0107e se suo\u010diti sa poskupljenjem bra\u0161na,&hellip;","og_url":"https:\/\/tuzlainfo.ba\/index.php\/bosna-i-hercegovina\/item\/257489-uzroci-su-poznati-od-nove-godine-poskupljuje-brasno-hoce-li-i-pekarski-proizvodi\/","og_site_name":"TuzlaInfo.ba","article_publisher":"https:\/\/www.facebook.com\/tuzlainfo.ba\/","article_published_time":"2024-12-10T10:00:54+00:00","article_modified_time":"2024-12-10T06:57:32+00:00","og_image":[{"width":1000,"height":560,"url":"https:\/\/tuzlainfo.ba\/wp-content\/uploads\/2024\/10\/0210_brasno.jpg","type":"image\/jpeg"}],"author":"nedim","twitter_card":"summary_large_image","twitter_misc":{"Written by":"nedim","Est. reading time":"2 minute"},"schema":{"@context":"https:\/\/schema.org","@graph":[{"@type":"Article","@id":"https:\/\/tuzlainfo.ba\/index.php\/bosna-i-hercegovina\/item\/257489-uzroci-su-poznati-od-nove-godine-poskupljuje-brasno-hoce-li-i-pekarski-proizvodi\/#article","isPartOf":{"@id":"https:\/\/tuzlainfo.ba\/index.php\/bosna-i-hercegovina\/item\/257489-uzroci-su-poznati-od-nove-godine-poskupljuje-brasno-hoce-li-i-pekarski-proizvodi\/"},"author":{"name":"nedim","@id":"https:\/\/tuzlainfo.ba\/#\/schema\/person\/f434e20dc27ea133923aab08451b7f7f"},"headline":"Uzroci su poznati: Od nove godine poskupljuje bra\u0161no, ho\u0107e li i pekarski proizvodi?","datePublished":"2024-12-10T10:00:54+00:00","dateModified":"2024-12-10T06:57:32+00:00","mainEntityOfPage":{"@id":"https:\/\/tuzlainfo.ba\/index.php\/bosna-i-hercegovina\/item\/257489-uzroci-su-poznati-od-nove-godine-poskupljuje-brasno-hoce-li-i-pekarski-proizvodi\/"},"wordCount":332,"publisher":{"@id":"https:\/\/tuzlainfo.ba\/#organization"},"image":{"@id":"https:\/\/tuzlainfo.ba\/index.php\/bosna-i-hercegovina\/item\/257489-uzroci-su-poznati-od-nove-godine-poskupljuje-brasno-hoce-li-i-pekarski-proizvodi\/#primaryimage"},"thumbnailUrl":"https:\/\/tuzlainfo.ba\/wp-content\/uploads\/2024\/10\/0210_brasno.jpg","keywords":["bra\u0161no","poskupljenje"],"articleSection":["Bosna i Hercegovina"],"inLanguage":"bs-BA"},{"@type":"WebPage","@id":"https:\/\/tuzlainfo.ba\/index.php\/bosna-i-hercegovina\/item\/257489-uzroci-su-poznati-od-nove-godine-poskupljuje-brasno-hoce-li-i-pekarski-proizvodi\/","url":"https:\/\/tuzlainfo.ba\/index.php\/bosna-i-hercegovina\/item\/257489-uzroci-su-poznati-od-nove-godine-poskupljuje-brasno-hoce-li-i-pekarski-proizvodi\/","name":"Uzroci su poznati: Od nove godine poskupljuje bra\u0161no, ho\u0107e li i pekarski proizvodi? - TuzlaInfo.ba","isPartOf":{"@id":"https:\/\/tuzlainfo.ba\/#website"},"primaryImageOfPage":{"@id":"https:\/\/tuzlainfo.ba\/index.php\/bosna-i-hercegovina\/item\/257489-uzroci-su-poznati-od-nove-godine-poskupljuje-brasno-hoce-li-i-pekarski-proizvodi\/#primaryimage"},"image":{"@id":"https:\/\/tuzlainfo.ba\/index.php\/bosna-i-hercegovina\/item\/257489-uzroci-su-poznati-od-nove-godine-poskupljuje-brasno-hoce-li-i-pekarski-proizvodi\/#primaryimage"},"thumbnailUrl":"https:\/\/tuzlainfo.ba\/wp-content\/uploads\/2024\/10\/0210_brasno.jpg","datePublished":"2024-12-10T10:00:54+00:00","dateModified":"2024-12-10T06:57:32+00:00","breadcrumb":{"@id":"https:\/\/tuzlainfo.ba\/index.php\/bosna-i-hercegovina\/item\/257489-uzroci-su-poznati-od-nove-godine-poskupljuje-brasno-hoce-li-i-pekarski-proizvodi\/#breadcrumb"},"inLanguage":"bs-BA","potentialAction":[{"@type":"ReadAction","target":["https:\/\/tuzlainfo.ba\/index.php\/bosna-i-hercegovina\/item\/257489-uzroci-su-poznati-od-nove-godine-poskupljuje-brasno-hoce-li-i-pekarski-proizvodi\/"]}]},{"@type":"ImageObject","inLanguage":"bs-BA","@id":"https:\/\/tuzlainfo.ba\/index.php\/bosna-i-hercegovina\/item\/257489-uzroci-su-poznati-od-nove-godine-poskupljuje-brasno-hoce-li-i-pekarski-proizvodi\/#primaryimage","url":"https:\/\/tuzlainfo.ba\/wp-content\/uploads\/2024\/10\/0210_brasno.jpg","contentUrl":"https:\/\/tuzlainfo.ba\/wp-content\/uploads\/2024\/10\/0210_brasno.jpg","width":1000,"height":560},{"@type":"BreadcrumbList","@id":"https:\/\/tuzlainfo.ba\/index.php\/bosna-i-hercegovina\/item\/257489-uzroci-su-poznati-od-nove-godine-poskupljuje-brasno-hoce-li-i-pekarski-proizvodi\/#breadcrumb","itemListElement":[{"@type":"ListItem","position":1,"name":"Home","item":"https:\/\/tuzlainfo.ba\/"},{"@type":"ListItem","position":2,"name":"Uzroci su poznati: Od nove godine poskupljuje bra\u0161no, ho\u0107e li i pekarski proizvodi?"}]},{"@type":"WebSite","@id":"https:\/\/tuzlainfo.ba\/#website","url":"https:\/\/tuzlainfo.ba\/","name":"TuzlaInfo.ba","description":"Tuzla info, gradski informator - Tuzla na dlanu","publisher":{"@id":"https:\/\/tuzlainfo.ba\/#organization"},"potentialAction":[{"@type":"SearchAction","target":{"@type":"EntryPoint","urlTemplate":"https:\/\/tuzlainfo.ba\/?s={search_term_string}"},"query-input":{"@type":"PropertyValueSpecification","valueRequired":true,"valueName":"search_term_string"}}],"inLanguage":"bs-BA"},{"@type":"Organization","@id":"https:\/\/tuzlainfo.ba\/#organization","name":"TuzlaInfo.ba","url":"https:\/\/tuzlainfo.ba\/","logo":{"@type":"ImageObject","inLanguage":"bs-BA","@id":"https:\/\/tuzlainfo.ba\/#\/schema\/logo\/image\/","url":"https:\/\/tuzlainfo.ba\/wp-content\/uploads\/2021\/03\/logo-ver-3-1.png","contentUrl":"https:\/\/tuzlainfo.ba\/wp-content\/uploads\/2021\/03\/logo-ver-3-1.png","width":350,"height":95,"caption":"TuzlaInfo.ba"},"image":{"@id":"https:\/\/tuzlainfo.ba\/#\/schema\/logo\/image\/"},"sameAs":["https:\/\/www.facebook.com\/tuzlainfo.ba\/"]},{"@type":"Person","@id":"https:\/\/tuzlainfo.ba\/#\/schema\/person\/f434e20dc27ea133923aab08451b7f7f","name":"nedim","image":{"@type":"ImageObject","inLanguage":"bs-BA","@id":"https:\/\/tuzlainfo.ba\/#\/schema\/person\/image\/","url":"https:\/\/tuzlainfo.ba\/wp-content\/litespeed\/avatar\/aabad687af24844af817603ac1cbdc4f.jpg?ver=1776702173","contentUrl":"https:\/\/tuzlainfo.ba\/wp-content\/litespeed\/avatar\/aabad687af24844af817603ac1cbdc4f.jpg?ver=1776702173","caption":"nedim"},"description":"Tuzlainfo.ba pratite na dru\u0161tvenim mre\u017eama: Facebook, Instagram i Youtube. Svoje pri\u010de, upite i fotografije \u0161aljite na na\u0161u e-mail adresu."}]}},"_links":{"self":[{"href":"https:\/\/tuzlainfo.ba\/index.php\/wp-json\/wp\/v2\/posts\/257489"}],"collection":[{"href":"https:\/\/tuzlainfo.ba\/index.php\/wp-json\/wp\/v2\/posts"}],"about":[{"href":"https:\/\/tuzlainfo.ba\/index.php\/wp-json\/wp\/v2\/types\/post"}],"author":[{"embeddable":true,"href":"https:\/\/tuzlainfo.ba\/index.php\/wp-json\/wp\/v2\/users\/2"}],"replies":[{"embeddable":true,"href":"https:\/\/tuzlainfo.ba\/index.php\/wp-json\/wp\/v2\/comments?post=257489"}],"version-history":[{"count":1,"href":"https:\/\/tuzlainfo.ba\/index.php\/wp-json\/wp\/v2\/posts\/257489\/revisions"}],"predecessor-version":[{"id":257490,"href":"https:\/\/tuzlainfo.ba\/index.php\/wp-json\/wp\/v2\/posts\/257489\/revisions\/257490"}],"wp:featuredmedia":[{"embeddable":true,"href":"https:\/\/tuzlainfo.ba\/index.php\/wp-json\/wp\/v2\/media\/251453"}],"wp:attachment":[{"href":"https:\/\/tuzlainfo.ba\/index.php\/wp-json\/wp\/v2\/media?parent=257489"}],"wp:term":[{"taxonomy":"category","embeddable":true,"href":"https:\/\/tuzlainfo.ba\/index.php\/wp-json\/wp\/v2\/categories?post=257489"},{"taxonomy":"post_tag","embeddable":true,"href":"https:\/\/tuzlainfo.ba\/index.php\/wp-json\/wp\/v2\/tags?post=257489"}],"curies":[{"name":"wp","href":"https:\/\/api.w.org\/{rel}","templated":true}]}}