{"id":257243,"date":"2024-12-07T16:09:19","date_gmt":"2024-12-07T15:09:19","guid":{"rendered":"https:\/\/tuzlainfo.ba\/?p=257243"},"modified":"2024-12-06T15:04:17","modified_gmt":"2024-12-06T14:04:17","slug":"hoce-li-rast-bruto-plata-ugroziti-obrtnike-u-bih","status":"publish","type":"post","link":"https:\/\/tuzlainfo.ba\/index.php\/bosna-i-hercegovina\/item\/257243-hoce-li-rast-bruto-plata-ugroziti-obrtnike-u-bih\/","title":{"rendered":"Ho\u0107e li rast bruto plata ugroziti obrtnike u BiH?"},"content":{"rendered":"<p class=\"text-base mt-24 text-gray-extra-dark\">Ukoliko Vlada Federacije BiH ne izmijeni Zakon o doprinosima, konkretno \u010dlan 8. zakona, do kraja 2024. godine, obrtnici \u0107e se u 2025. godini suo\u010diti s dodatnim poreznim optere\u0107enjem.<\/p>\n<div id=\"PrintContent\" class=\"mt-24 text-base font-normal table-from-backend\">\n<p>Naime, prema podacima objavljenim u Slu\u017ebenim novinama FBiH (broj 9\/24, 22.11.2024.), prosje\u010dna bruto plata po zaposlenom za period januar-septembar 2024. iznosila je<strong>\u00a02.117,00 KM<\/strong>, \u0161to predstavlja osnovicu za obra\u010dun obveznih doprinosa obrtnika za narednu godinu, pi\u0161e <a href=\"https:\/\/www.akta.ba\/vijesti\/bih\/185747\/kako-ce-rast-bruto-plata-utjecati-na-poslovanje-obrtnika-u-2025-godini\">Akta.ba<\/a><\/p>\n<p>Pove\u0107anje prosje\u010dne bruto plate za 9,18% u odnosu na isti period prethodne godine zna\u010di da \u0107e obrtnici biti suo\u010deni s proporcionalnim porastom tro\u0161kova obveznih doprinosa.<\/p>\n<p>Ovo pove\u0107anje predstavlja\u00a0<strong>ozbiljan izazov za obrtnike,<\/strong>\u00a0posebno za mala i srednja preduze\u0107a koja se ve\u0107 suo\u010davaju s razli\u010ditim izazovima kao \u0161to su visoka konkurencija, inflacija i nestabilnost tr\u017ei\u0161ta.<\/p>\n<p>Obrtni\u010dka komora Federacije BiH smatra da rast bruto plata, iako je pozitivan indikator oporavka privrede, donosi dodatni teret za obrtnike.<\/p>\n<p><strong>&#8220;Pove\u0107anje tro\u0161kova obveznih doprinosa uslijed rasta bruto pla\u0107a predstavlja zna\u010dajan izazov, jer obrtnici u FBiH su direktno vezani preko osnovica za obra\u010dun doprinosa i \u010desto rade u uvjetima visoke konkurencije i nesigurnosti tr\u017ei\u0161ta. Na\u0161a mi\u0161ljenje je da se mora prona\u0107i ravnote\u017ea izme\u0111u potreba za prikupljanjem sredstava za javne prora\u010dune i o\u010duvanja konkurentnosti obrtnika, koji \u010dine okosnicu na\u0161eg gospodarstva&#8221;,<\/strong>\u00a0kazali su\u00a0<strong>za Akta.ba.<\/strong><\/p>\n<p>Isti\u010du da su obrtnici klju\u010dni nositelji lokalnih zajednica, zapo\u0161ljavanja i ekonomskog rasta, stoga je va\u017eno donijeti odluke koje ne\u0107e dodatno opteretiti njihov poslovni model, ve\u0107 \u0107e podr\u017eati njihov opstanak i rast.<\/p>\n<p><strong>MOGU\u0106A RJE\u0160ENJA ZA SMANJENJE NEGATIVNIH EFEKATA POVE\u0106ANJA DOPRINOSA<\/strong><\/p>\n<p>Obrtni\u010dka komora aktivno radi na pronala\u017eenju rje\u0161enja koja bi ubla\u017eila negativne efekte pove\u0107anja obveznih doprinosa. Neka od predlo\u017eenih rje\u0161enja uklju\u010duju:<\/p>\n<ul>\n<li><strong>Revidiranje osnovica za obra\u010dun doprinosa<\/strong>: Komora predla\u017ee da se razmotri mogu\u0107nost promjene na\u010dina obra\u010duna osnovica za doprinos obrtnika, kako bi se smanjio njihov rast koji je vezan za porast bruto pla\u0107a, \u010dime bi se sprije\u010dilo nepravedno optere\u0107enje malih obrtnika.<\/li>\n<li><strong>Pove\u0107anje poreznih olak\u0161ica<\/strong>: Predlo\u017eeno je pove\u0107anje poreznih olak\u0161ica za mala i srednja poduze\u0107a, koja su najosjetljivija na ovakve promjene. Ove mjere omogu\u0107ile bi bolju prilagodbu poslovanju obrtnika.<\/li>\n<li><strong>Podr\u0161ka zapo\u0161ljavanju i zapo\u0161ljavanju mladih<\/strong>: Poticaji i subvencije za zapo\u0161ljavanje mogli bi ubla\u017eiti pove\u0107anje tro\u0161kova rada, \u010dime bi se olak\u0161ao prijelaz na ve\u0107e obveze.<\/li>\n<\/ul>\n<p><strong>RAVNOTE\u017dA IZME\u0110U FISKALNIH ZAHTJEVA DR\u017dAVE I O\u010cUVANJA KONKURENTNOSTI OBRTNIKA<\/strong><\/p>\n<p>\u200bSmatraju da je nu\u017eno da zakonodavci donesu odluke koje ne\u0107e dodatno opteretiti obrtnike, ve\u0107 \u0107e podr\u017eati njihov opstanak i rast.<\/p>\n<p><strong>&#8220;Obrtni\u010dka komora Federacije BiH planira poduzeti niz aktivnosti kako bi osigurala da nove porezne obaveze ne ugroze konkurentnost obrtnika na tr\u017ei\u0161tu. Klju\u010dno je da se osigura ravnote\u017ea izme\u0111u fiskalnih zahtjeva dr\u017eave i o\u010duvanja konkurentnosti obrtnika, koji se suo\u010davaju s velikim izazovima, me\u0111u kojima su pove\u0107ani tro\u0161kovi proizvodnje, inflacija, te nestabilnost na globalnim tr\u017ei\u0161tima&#8221;,<\/strong>\u00a0rekli su nam.<\/p>\n<p>Isti\u010du da \u0107e Komora i obrtni\u010dke komore kantona nastaviti razgovore s vladama svih nivoa vlasti, ali i s relevantnim institucijama, kako bi se na\u0161li dugoro\u010dni na\u010dini za podr\u0161ku obrtnicima, uklju\u010duju\u0107i:<\/p>\n<ul>\n<li>Lobbying za povoljnije porezne politike i poticanje dijaloga s nadle\u017enim tijelima kako bi se implementirali zakoni koji podr\u017eavaju rast obrtnika, a ne optere\u0107uju ih.<\/li>\n<li>Obuka i edukacija obrtnika kako bi bolje upravljali poslovanjem i optimizirali tro\u0161kove, uklju\u010duju\u0107i i porezne obveze.<\/li>\n<li>Pove\u0107anje suradnje s udru\u017eenjima i institucijama u cilju stvaranja povoljnijeg poslovnog okru\u017eenja, s naglaskom na smanjenje birokratskih prepreka i olak\u0161avanje poslovanja.<\/li>\n<\/ul>\n<p><strong>&#8220;\u200bNa\u0161a osnovna misija je osigurati da obrtnici i dalje ostanu konkurentni na tr\u017ei\u0161tu, ne samo u BiH, nego i na regionalnom i globalnom nivou. Ovdje je klju\u010dno da svi dionici, uklju\u010duju\u0107i i zakonodavce, prepoznaju va\u017enost obrtnika za gospodarstvo i u\u010dine sve kako bi im osigurali adekvatnu podr\u0161ku u ovom izazovnom razdoblju&#8221;,<\/strong>\u00a0zaklju\u010dili su u razgovoru\u00a0<strong>za Akta.ba.<\/strong><\/p>\n<p>Povodom ove teme, kontaktirali smo i Vladu Federacije BiH s upitom:\u00a0<em>Koje konkretne mjere \u0107e Vlada Federacije BiH poduzeti kako bi ubla\u017eila posljedice pove\u0107anja poreznih optere\u0107enja za obrtnike, ako izmjene Zakona o doprinosima ne budu donesene do kraja godine?<\/em>\u00a0Na\u0161 upit su proslijedili Federalnom ministarstvu finansija, ali do trenutka pisanja ovog teksta nismo dobili odgovor na postavljeni upit.<\/p>\n<\/div>\n","protected":false},"excerpt":{"rendered":"<p>Ukoliko Vlada Federacije BiH ne izmijeni Zakon o doprinosima, konkretno \u010dlan 8. zakona, do kraja&hellip;<\/p>\n","protected":false},"author":4,"featured_media":238424,"comment_status":"closed","ping_status":"closed","sticky":false,"template":"","format":"standard","meta":{"_acf_changed":false,"footnotes":""},"categories":[291,304],"tags":[11582,1996,9095],"acf":[],"yoast_head":"<!-- This site is optimized with the Yoast SEO plugin v23.5 - https:\/\/yoast.com\/wordpress\/plugins\/seo\/ -->\n<title>Ho\u0107e li rast bruto plata ugroziti obrtnike u BiH? - TuzlaInfo.ba<\/title>\n<meta name=\"robots\" content=\"index, follow, max-snippet:-1, max-image-preview:large, max-video-preview:-1\" \/>\n<link rel=\"canonical\" href=\"https:\/\/tuzlainfo.ba\/index.php\/bosna-i-hercegovina\/item\/257243-hoce-li-rast-bruto-plata-ugroziti-obrtnike-u-bih\/\" \/>\n<meta property=\"og:locale\" content=\"bs_BA\" \/>\n<meta property=\"og:type\" content=\"article\" \/>\n<meta property=\"og:title\" content=\"Ho\u0107e li rast bruto plata ugroziti obrtnike u BiH? - TuzlaInfo.ba\" \/>\n<meta property=\"og:description\" content=\"Ukoliko Vlada Federacije BiH ne izmijeni Zakon o doprinosima, konkretno \u010dlan 8. zakona, do kraja&hellip;\" \/>\n<meta property=\"og:url\" content=\"https:\/\/tuzlainfo.ba\/index.php\/bosna-i-hercegovina\/item\/257243-hoce-li-rast-bruto-plata-ugroziti-obrtnike-u-bih\/\" \/>\n<meta property=\"og:site_name\" content=\"TuzlaInfo.ba\" \/>\n<meta property=\"article:publisher\" content=\"https:\/\/www.facebook.com\/tuzlainfo.ba\/\" \/>\n<meta property=\"article:published_time\" content=\"2024-12-07T15:09:19+00:00\" \/>\n<meta property=\"article:modified_time\" content=\"2024-12-06T14:04:17+00:00\" \/>\n<meta property=\"og:image\" content=\"https:\/\/tuzlainfo.ba\/wp-content\/uploads\/2024\/05\/frizer2.jpg\" \/>\n\t<meta property=\"og:image:width\" content=\"1600\" \/>\n\t<meta property=\"og:image:height\" content=\"1205\" \/>\n\t<meta property=\"og:image:type\" content=\"image\/jpeg\" \/>\n<meta name=\"author\" content=\"Tuzla Info\" \/>\n<meta name=\"twitter:card\" content=\"summary_large_image\" \/>\n<meta name=\"twitter:label1\" content=\"Written by\" \/>\n\t<meta name=\"twitter:data1\" content=\"Tuzla Info\" \/>\n\t<meta name=\"twitter:label2\" content=\"Est. reading time\" \/>\n\t<meta name=\"twitter:data2\" content=\"4 minute\" \/>\n<script type=\"application\/ld+json\" class=\"yoast-schema-graph\">{\"@context\":\"https:\/\/schema.org\",\"@graph\":[{\"@type\":\"Article\",\"@id\":\"https:\/\/tuzlainfo.ba\/index.php\/bosna-i-hercegovina\/item\/257243-hoce-li-rast-bruto-plata-ugroziti-obrtnike-u-bih\/#article\",\"isPartOf\":{\"@id\":\"https:\/\/tuzlainfo.ba\/index.php\/bosna-i-hercegovina\/item\/257243-hoce-li-rast-bruto-plata-ugroziti-obrtnike-u-bih\/\"},\"author\":{\"name\":\"Tuzla Info\",\"@id\":\"https:\/\/tuzlainfo.ba\/#\/schema\/person\/46cad4c57790cbc50781edd14870825a\"},\"headline\":\"Ho\u0107e li rast bruto plata ugroziti obrtnike u BiH?\",\"datePublished\":\"2024-12-07T15:09:19+00:00\",\"dateModified\":\"2024-12-06T14:04:17+00:00\",\"mainEntityOfPage\":{\"@id\":\"https:\/\/tuzlainfo.ba\/index.php\/bosna-i-hercegovina\/item\/257243-hoce-li-rast-bruto-plata-ugroziti-obrtnike-u-bih\/\"},\"wordCount\":772,\"publisher\":{\"@id\":\"https:\/\/tuzlainfo.ba\/#organization\"},\"image\":{\"@id\":\"https:\/\/tuzlainfo.ba\/index.php\/bosna-i-hercegovina\/item\/257243-hoce-li-rast-bruto-plata-ugroziti-obrtnike-u-bih\/#primaryimage\"},\"thumbnailUrl\":\"https:\/\/tuzlainfo.ba\/wp-content\/uploads\/2024\/05\/frizer2.jpg\",\"keywords\":[\"bruto plate\",\"obrt\",\"rast\"],\"articleSection\":[\"Bosna i Hercegovina\",\"Istaknuto\"],\"inLanguage\":\"bs-BA\"},{\"@type\":\"WebPage\",\"@id\":\"https:\/\/tuzlainfo.ba\/index.php\/bosna-i-hercegovina\/item\/257243-hoce-li-rast-bruto-plata-ugroziti-obrtnike-u-bih\/\",\"url\":\"https:\/\/tuzlainfo.ba\/index.php\/bosna-i-hercegovina\/item\/257243-hoce-li-rast-bruto-plata-ugroziti-obrtnike-u-bih\/\",\"name\":\"Ho\u0107e li rast bruto plata ugroziti obrtnike u BiH? - TuzlaInfo.ba\",\"isPartOf\":{\"@id\":\"https:\/\/tuzlainfo.ba\/#website\"},\"primaryImageOfPage\":{\"@id\":\"https:\/\/tuzlainfo.ba\/index.php\/bosna-i-hercegovina\/item\/257243-hoce-li-rast-bruto-plata-ugroziti-obrtnike-u-bih\/#primaryimage\"},\"image\":{\"@id\":\"https:\/\/tuzlainfo.ba\/index.php\/bosna-i-hercegovina\/item\/257243-hoce-li-rast-bruto-plata-ugroziti-obrtnike-u-bih\/#primaryimage\"},\"thumbnailUrl\":\"https:\/\/tuzlainfo.ba\/wp-content\/uploads\/2024\/05\/frizer2.jpg\",\"datePublished\":\"2024-12-07T15:09:19+00:00\",\"dateModified\":\"2024-12-06T14:04:17+00:00\",\"breadcrumb\":{\"@id\":\"https:\/\/tuzlainfo.ba\/index.php\/bosna-i-hercegovina\/item\/257243-hoce-li-rast-bruto-plata-ugroziti-obrtnike-u-bih\/#breadcrumb\"},\"inLanguage\":\"bs-BA\",\"potentialAction\":[{\"@type\":\"ReadAction\",\"target\":[\"https:\/\/tuzlainfo.ba\/index.php\/bosna-i-hercegovina\/item\/257243-hoce-li-rast-bruto-plata-ugroziti-obrtnike-u-bih\/\"]}]},{\"@type\":\"ImageObject\",\"inLanguage\":\"bs-BA\",\"@id\":\"https:\/\/tuzlainfo.ba\/index.php\/bosna-i-hercegovina\/item\/257243-hoce-li-rast-bruto-plata-ugroziti-obrtnike-u-bih\/#primaryimage\",\"url\":\"https:\/\/tuzlainfo.ba\/wp-content\/uploads\/2024\/05\/frizer2.jpg\",\"contentUrl\":\"https:\/\/tuzlainfo.ba\/wp-content\/uploads\/2024\/05\/frizer2.jpg\",\"width\":1600,\"height\":1205},{\"@type\":\"BreadcrumbList\",\"@id\":\"https:\/\/tuzlainfo.ba\/index.php\/bosna-i-hercegovina\/item\/257243-hoce-li-rast-bruto-plata-ugroziti-obrtnike-u-bih\/#breadcrumb\",\"itemListElement\":[{\"@type\":\"ListItem\",\"position\":1,\"name\":\"Home\",\"item\":\"https:\/\/tuzlainfo.ba\/\"},{\"@type\":\"ListItem\",\"position\":2,\"name\":\"Ho\u0107e li rast bruto plata ugroziti obrtnike u BiH?\"}]},{\"@type\":\"WebSite\",\"@id\":\"https:\/\/tuzlainfo.ba\/#website\",\"url\":\"https:\/\/tuzlainfo.ba\/\",\"name\":\"TuzlaInfo.ba\",\"description\":\"Tuzla info, gradski informator - Tuzla na dlanu\",\"publisher\":{\"@id\":\"https:\/\/tuzlainfo.ba\/#organization\"},\"potentialAction\":[{\"@type\":\"SearchAction\",\"target\":{\"@type\":\"EntryPoint\",\"urlTemplate\":\"https:\/\/tuzlainfo.ba\/?s={search_term_string}\"},\"query-input\":{\"@type\":\"PropertyValueSpecification\",\"valueRequired\":true,\"valueName\":\"search_term_string\"}}],\"inLanguage\":\"bs-BA\"},{\"@type\":\"Organization\",\"@id\":\"https:\/\/tuzlainfo.ba\/#organization\",\"name\":\"TuzlaInfo.ba\",\"url\":\"https:\/\/tuzlainfo.ba\/\",\"logo\":{\"@type\":\"ImageObject\",\"inLanguage\":\"bs-BA\",\"@id\":\"https:\/\/tuzlainfo.ba\/#\/schema\/logo\/image\/\",\"url\":\"https:\/\/tuzlainfo.ba\/wp-content\/uploads\/2021\/03\/logo-ver-3-1.png\",\"contentUrl\":\"https:\/\/tuzlainfo.ba\/wp-content\/uploads\/2021\/03\/logo-ver-3-1.png\",\"width\":350,\"height\":95,\"caption\":\"TuzlaInfo.ba\"},\"image\":{\"@id\":\"https:\/\/tuzlainfo.ba\/#\/schema\/logo\/image\/\"},\"sameAs\":[\"https:\/\/www.facebook.com\/tuzlainfo.ba\/\"]},{\"@type\":\"Person\",\"@id\":\"https:\/\/tuzlainfo.ba\/#\/schema\/person\/46cad4c57790cbc50781edd14870825a\",\"name\":\"Tuzla Info\",\"image\":{\"@type\":\"ImageObject\",\"inLanguage\":\"bs-BA\",\"@id\":\"https:\/\/tuzlainfo.ba\/#\/schema\/person\/image\/\",\"url\":\"https:\/\/tuzlainfo.ba\/wp-content\/litespeed\/avatar\/b6c453a6c38e3654f2e4416c643fc25c.jpg?ver=1777051911\",\"contentUrl\":\"https:\/\/tuzlainfo.ba\/wp-content\/litespeed\/avatar\/b6c453a6c38e3654f2e4416c643fc25c.jpg?ver=1777051911\",\"caption\":\"Tuzla Info\"}}]}<\/script>\n<!-- \/ Yoast SEO plugin. -->","yoast_head_json":{"title":"Ho\u0107e li rast bruto plata ugroziti obrtnike u BiH? - TuzlaInfo.ba","robots":{"index":"index","follow":"follow","max-snippet":"max-snippet:-1","max-image-preview":"max-image-preview:large","max-video-preview":"max-video-preview:-1"},"canonical":"https:\/\/tuzlainfo.ba\/index.php\/bosna-i-hercegovina\/item\/257243-hoce-li-rast-bruto-plata-ugroziti-obrtnike-u-bih\/","og_locale":"bs_BA","og_type":"article","og_title":"Ho\u0107e li rast bruto plata ugroziti obrtnike u BiH? - TuzlaInfo.ba","og_description":"Ukoliko Vlada Federacije BiH ne izmijeni Zakon o doprinosima, konkretno \u010dlan 8. zakona, do kraja&hellip;","og_url":"https:\/\/tuzlainfo.ba\/index.php\/bosna-i-hercegovina\/item\/257243-hoce-li-rast-bruto-plata-ugroziti-obrtnike-u-bih\/","og_site_name":"TuzlaInfo.ba","article_publisher":"https:\/\/www.facebook.com\/tuzlainfo.ba\/","article_published_time":"2024-12-07T15:09:19+00:00","article_modified_time":"2024-12-06T14:04:17+00:00","og_image":[{"width":1600,"height":1205,"url":"https:\/\/tuzlainfo.ba\/wp-content\/uploads\/2024\/05\/frizer2.jpg","type":"image\/jpeg"}],"author":"Tuzla Info","twitter_card":"summary_large_image","twitter_misc":{"Written by":"Tuzla Info","Est. reading time":"4 minute"},"schema":{"@context":"https:\/\/schema.org","@graph":[{"@type":"Article","@id":"https:\/\/tuzlainfo.ba\/index.php\/bosna-i-hercegovina\/item\/257243-hoce-li-rast-bruto-plata-ugroziti-obrtnike-u-bih\/#article","isPartOf":{"@id":"https:\/\/tuzlainfo.ba\/index.php\/bosna-i-hercegovina\/item\/257243-hoce-li-rast-bruto-plata-ugroziti-obrtnike-u-bih\/"},"author":{"name":"Tuzla Info","@id":"https:\/\/tuzlainfo.ba\/#\/schema\/person\/46cad4c57790cbc50781edd14870825a"},"headline":"Ho\u0107e li rast bruto plata ugroziti obrtnike u BiH?","datePublished":"2024-12-07T15:09:19+00:00","dateModified":"2024-12-06T14:04:17+00:00","mainEntityOfPage":{"@id":"https:\/\/tuzlainfo.ba\/index.php\/bosna-i-hercegovina\/item\/257243-hoce-li-rast-bruto-plata-ugroziti-obrtnike-u-bih\/"},"wordCount":772,"publisher":{"@id":"https:\/\/tuzlainfo.ba\/#organization"},"image":{"@id":"https:\/\/tuzlainfo.ba\/index.php\/bosna-i-hercegovina\/item\/257243-hoce-li-rast-bruto-plata-ugroziti-obrtnike-u-bih\/#primaryimage"},"thumbnailUrl":"https:\/\/tuzlainfo.ba\/wp-content\/uploads\/2024\/05\/frizer2.jpg","keywords":["bruto plate","obrt","rast"],"articleSection":["Bosna i Hercegovina","Istaknuto"],"inLanguage":"bs-BA"},{"@type":"WebPage","@id":"https:\/\/tuzlainfo.ba\/index.php\/bosna-i-hercegovina\/item\/257243-hoce-li-rast-bruto-plata-ugroziti-obrtnike-u-bih\/","url":"https:\/\/tuzlainfo.ba\/index.php\/bosna-i-hercegovina\/item\/257243-hoce-li-rast-bruto-plata-ugroziti-obrtnike-u-bih\/","name":"Ho\u0107e li rast bruto plata ugroziti obrtnike u BiH? - TuzlaInfo.ba","isPartOf":{"@id":"https:\/\/tuzlainfo.ba\/#website"},"primaryImageOfPage":{"@id":"https:\/\/tuzlainfo.ba\/index.php\/bosna-i-hercegovina\/item\/257243-hoce-li-rast-bruto-plata-ugroziti-obrtnike-u-bih\/#primaryimage"},"image":{"@id":"https:\/\/tuzlainfo.ba\/index.php\/bosna-i-hercegovina\/item\/257243-hoce-li-rast-bruto-plata-ugroziti-obrtnike-u-bih\/#primaryimage"},"thumbnailUrl":"https:\/\/tuzlainfo.ba\/wp-content\/uploads\/2024\/05\/frizer2.jpg","datePublished":"2024-12-07T15:09:19+00:00","dateModified":"2024-12-06T14:04:17+00:00","breadcrumb":{"@id":"https:\/\/tuzlainfo.ba\/index.php\/bosna-i-hercegovina\/item\/257243-hoce-li-rast-bruto-plata-ugroziti-obrtnike-u-bih\/#breadcrumb"},"inLanguage":"bs-BA","potentialAction":[{"@type":"ReadAction","target":["https:\/\/tuzlainfo.ba\/index.php\/bosna-i-hercegovina\/item\/257243-hoce-li-rast-bruto-plata-ugroziti-obrtnike-u-bih\/"]}]},{"@type":"ImageObject","inLanguage":"bs-BA","@id":"https:\/\/tuzlainfo.ba\/index.php\/bosna-i-hercegovina\/item\/257243-hoce-li-rast-bruto-plata-ugroziti-obrtnike-u-bih\/#primaryimage","url":"https:\/\/tuzlainfo.ba\/wp-content\/uploads\/2024\/05\/frizer2.jpg","contentUrl":"https:\/\/tuzlainfo.ba\/wp-content\/uploads\/2024\/05\/frizer2.jpg","width":1600,"height":1205},{"@type":"BreadcrumbList","@id":"https:\/\/tuzlainfo.ba\/index.php\/bosna-i-hercegovina\/item\/257243-hoce-li-rast-bruto-plata-ugroziti-obrtnike-u-bih\/#breadcrumb","itemListElement":[{"@type":"ListItem","position":1,"name":"Home","item":"https:\/\/tuzlainfo.ba\/"},{"@type":"ListItem","position":2,"name":"Ho\u0107e li rast bruto plata ugroziti obrtnike u BiH?"}]},{"@type":"WebSite","@id":"https:\/\/tuzlainfo.ba\/#website","url":"https:\/\/tuzlainfo.ba\/","name":"TuzlaInfo.ba","description":"Tuzla info, gradski informator - Tuzla na dlanu","publisher":{"@id":"https:\/\/tuzlainfo.ba\/#organization"},"potentialAction":[{"@type":"SearchAction","target":{"@type":"EntryPoint","urlTemplate":"https:\/\/tuzlainfo.ba\/?s={search_term_string}"},"query-input":{"@type":"PropertyValueSpecification","valueRequired":true,"valueName":"search_term_string"}}],"inLanguage":"bs-BA"},{"@type":"Organization","@id":"https:\/\/tuzlainfo.ba\/#organization","name":"TuzlaInfo.ba","url":"https:\/\/tuzlainfo.ba\/","logo":{"@type":"ImageObject","inLanguage":"bs-BA","@id":"https:\/\/tuzlainfo.ba\/#\/schema\/logo\/image\/","url":"https:\/\/tuzlainfo.ba\/wp-content\/uploads\/2021\/03\/logo-ver-3-1.png","contentUrl":"https:\/\/tuzlainfo.ba\/wp-content\/uploads\/2021\/03\/logo-ver-3-1.png","width":350,"height":95,"caption":"TuzlaInfo.ba"},"image":{"@id":"https:\/\/tuzlainfo.ba\/#\/schema\/logo\/image\/"},"sameAs":["https:\/\/www.facebook.com\/tuzlainfo.ba\/"]},{"@type":"Person","@id":"https:\/\/tuzlainfo.ba\/#\/schema\/person\/46cad4c57790cbc50781edd14870825a","name":"Tuzla Info","image":{"@type":"ImageObject","inLanguage":"bs-BA","@id":"https:\/\/tuzlainfo.ba\/#\/schema\/person\/image\/","url":"https:\/\/tuzlainfo.ba\/wp-content\/litespeed\/avatar\/b6c453a6c38e3654f2e4416c643fc25c.jpg?ver=1777051911","contentUrl":"https:\/\/tuzlainfo.ba\/wp-content\/litespeed\/avatar\/b6c453a6c38e3654f2e4416c643fc25c.jpg?ver=1777051911","caption":"Tuzla Info"}}]}},"_links":{"self":[{"href":"https:\/\/tuzlainfo.ba\/index.php\/wp-json\/wp\/v2\/posts\/257243"}],"collection":[{"href":"https:\/\/tuzlainfo.ba\/index.php\/wp-json\/wp\/v2\/posts"}],"about":[{"href":"https:\/\/tuzlainfo.ba\/index.php\/wp-json\/wp\/v2\/types\/post"}],"author":[{"embeddable":true,"href":"https:\/\/tuzlainfo.ba\/index.php\/wp-json\/wp\/v2\/users\/4"}],"replies":[{"embeddable":true,"href":"https:\/\/tuzlainfo.ba\/index.php\/wp-json\/wp\/v2\/comments?post=257243"}],"version-history":[{"count":1,"href":"https:\/\/tuzlainfo.ba\/index.php\/wp-json\/wp\/v2\/posts\/257243\/revisions"}],"predecessor-version":[{"id":257244,"href":"https:\/\/tuzlainfo.ba\/index.php\/wp-json\/wp\/v2\/posts\/257243\/revisions\/257244"}],"wp:featuredmedia":[{"embeddable":true,"href":"https:\/\/tuzlainfo.ba\/index.php\/wp-json\/wp\/v2\/media\/238424"}],"wp:attachment":[{"href":"https:\/\/tuzlainfo.ba\/index.php\/wp-json\/wp\/v2\/media?parent=257243"}],"wp:term":[{"taxonomy":"category","embeddable":true,"href":"https:\/\/tuzlainfo.ba\/index.php\/wp-json\/wp\/v2\/categories?post=257243"},{"taxonomy":"post_tag","embeddable":true,"href":"https:\/\/tuzlainfo.ba\/index.php\/wp-json\/wp\/v2\/tags?post=257243"}],"curies":[{"name":"wp","href":"https:\/\/api.w.org\/{rel}","templated":true}]}}