{"id":256754,"date":"2024-12-01T21:00:11","date_gmt":"2024-12-01T20:00:11","guid":{"rendered":"https:\/\/tuzlainfo.ba\/?p=256754"},"modified":"2024-12-01T18:50:40","modified_gmt":"2024-12-01T17:50:40","slug":"saradnja-dva-kantona-u-cilju-jacanja-obrazovnog-sistema","status":"publish","type":"post","link":"https:\/\/tuzlainfo.ba\/index.php\/bosna-i-hercegovina\/item\/256754-saradnja-dva-kantona-u-cilju-jacanja-obrazovnog-sistema\/","title":{"rendered":"Saradnja dva kantona u cilju ja\u010danja obrazovnog sistema"},"content":{"rendered":"<p>Ministra obrazovanja i nauke Tuzlanskog kantona Ahmeda Omerovi\u0107a posjetio je ministar za obrazovanje, nauku, kulturu i sport Zeni\u010dko-dobojskog kantona Mirza Mu\u0161ija. Na sastanku se razgovaralo o unapre\u0111enju obrazovnog sistema kroz razmjenu iskustava i dobrih praksi. Tokom sastanka istaknute su uspje\u0161ne inicijative ova dva kantona u podru\u010dju obrazovanja i nauke te je nagla\u0161ena va\u017enost saradnje me\u0111u kantonima kako bi se osigurali kvalitetniji uslovi kada je u pitanju ovaj va\u017ean resor.<\/p>\n<p>Poseban fokus stavljen je na modernizaciju \u0161kolskih programa. Ministar Omerovi\u0107 upoznao je ministra Mu\u0161iju o projektima koje realizira Ministarstvo obrazovanja i nauke Tuzlanskog kantona. Ovaj susret ocijenjen je kao korak naprijed u uspostavljanju bli\u017ee saradnje uz zajedni\u010dku viziju kvalitetnijeg i pristupa\u010dnijeg obrazovanja za sve.<\/p>\n","protected":false},"excerpt":{"rendered":"<p>Ministra obrazovanja i nauke Tuzlanskog kantona Ahmeda Omerovi\u0107a posjetio je ministar za obrazovanje, nauku, kulturu&hellip;<\/p>\n","protected":false},"author":8,"featured_media":256755,"comment_status":"closed","ping_status":"closed","sticky":false,"template":"","format":"standard","meta":{"_acf_changed":false,"footnotes":""},"categories":[291],"tags":[11558,1634,360,11559],"acf":[],"yoast_head":"<!-- This site is optimized with the Yoast SEO plugin v23.5 - https:\/\/yoast.com\/wordpress\/plugins\/seo\/ -->\n<title>Saradnja dva kantona u cilju ja\u010danja obrazovnog sistema - TuzlaInfo.ba<\/title>\n<meta name=\"robots\" content=\"index, follow, max-snippet:-1, max-image-preview:large, max-video-preview:-1\" \/>\n<link rel=\"canonical\" href=\"https:\/\/tuzlainfo.ba\/index.php\/bosna-i-hercegovina\/item\/256754-saradnja-dva-kantona-u-cilju-jacanja-obrazovnog-sistema\/\" \/>\n<meta property=\"og:locale\" content=\"bs_BA\" \/>\n<meta property=\"og:type\" content=\"article\" \/>\n<meta property=\"og:title\" content=\"Saradnja dva kantona u cilju ja\u010danja obrazovnog sistema - TuzlaInfo.ba\" \/>\n<meta property=\"og:description\" content=\"Ministra obrazovanja i nauke Tuzlanskog kantona Ahmeda Omerovi\u0107a posjetio je ministar za obrazovanje, nauku, kulturu&hellip;\" \/>\n<meta property=\"og:url\" content=\"https:\/\/tuzlainfo.ba\/index.php\/bosna-i-hercegovina\/item\/256754-saradnja-dva-kantona-u-cilju-jacanja-obrazovnog-sistema\/\" \/>\n<meta property=\"og:site_name\" content=\"TuzlaInfo.ba\" \/>\n<meta property=\"article:publisher\" content=\"https:\/\/www.facebook.com\/tuzlainfo.ba\/\" \/>\n<meta property=\"article:published_time\" content=\"2024-12-01T20:00:11+00:00\" \/>\n<meta property=\"article:modified_time\" content=\"2024-12-01T17:50:40+00:00\" \/>\n<meta property=\"og:image\" content=\"https:\/\/tuzlainfo.ba\/wp-content\/uploads\/2024\/12\/ministri-obrazovanja-tk-i-zdk.jpg\" \/>\n\t<meta property=\"og:image:width\" content=\"800\" \/>\n\t<meta property=\"og:image:height\" content=\"534\" \/>\n\t<meta property=\"og:image:type\" content=\"image\/jpeg\" \/>\n<meta name=\"author\" content=\"Admin Tri\" \/>\n<meta name=\"twitter:card\" content=\"summary_large_image\" \/>\n<meta name=\"twitter:label1\" content=\"Written by\" \/>\n\t<meta name=\"twitter:data1\" content=\"Admin Tri\" \/>\n\t<meta name=\"twitter:label2\" content=\"Est. reading time\" \/>\n\t<meta name=\"twitter:data2\" content=\"1 minuta\" \/>\n<script type=\"application\/ld+json\" class=\"yoast-schema-graph\">{\"@context\":\"https:\/\/schema.org\",\"@graph\":[{\"@type\":\"Article\",\"@id\":\"https:\/\/tuzlainfo.ba\/index.php\/bosna-i-hercegovina\/item\/256754-saradnja-dva-kantona-u-cilju-jacanja-obrazovnog-sistema\/#article\",\"isPartOf\":{\"@id\":\"https:\/\/tuzlainfo.ba\/index.php\/bosna-i-hercegovina\/item\/256754-saradnja-dva-kantona-u-cilju-jacanja-obrazovnog-sistema\/\"},\"author\":{\"name\":\"Admin Tri\",\"@id\":\"https:\/\/tuzlainfo.ba\/#\/schema\/person\/593e78a2f6378c5ba3e7600ecfa4e63a\"},\"headline\":\"Saradnja dva kantona u cilju ja\u010danja obrazovnog sistema\",\"datePublished\":\"2024-12-01T20:00:11+00:00\",\"dateModified\":\"2024-12-01T17:50:40+00:00\",\"mainEntityOfPage\":{\"@id\":\"https:\/\/tuzlainfo.ba\/index.php\/bosna-i-hercegovina\/item\/256754-saradnja-dva-kantona-u-cilju-jacanja-obrazovnog-sistema\/\"},\"wordCount\":136,\"publisher\":{\"@id\":\"https:\/\/tuzlainfo.ba\/#organization\"},\"image\":{\"@id\":\"https:\/\/tuzlainfo.ba\/index.php\/bosna-i-hercegovina\/item\/256754-saradnja-dva-kantona-u-cilju-jacanja-obrazovnog-sistema\/#primaryimage\"},\"thumbnailUrl\":\"https:\/\/tuzlainfo.ba\/wp-content\/uploads\/2024\/12\/ministri-obrazovanja-tk-i-zdk.jpg\",\"keywords\":[\"kantoni\",\"obrazovanje\",\"tuzlanski kanton\",\"Zeni\u010dko-dobojski kanton\"],\"articleSection\":[\"Bosna i Hercegovina\"],\"inLanguage\":\"bs-BA\"},{\"@type\":\"WebPage\",\"@id\":\"https:\/\/tuzlainfo.ba\/index.php\/bosna-i-hercegovina\/item\/256754-saradnja-dva-kantona-u-cilju-jacanja-obrazovnog-sistema\/\",\"url\":\"https:\/\/tuzlainfo.ba\/index.php\/bosna-i-hercegovina\/item\/256754-saradnja-dva-kantona-u-cilju-jacanja-obrazovnog-sistema\/\",\"name\":\"Saradnja dva kantona u cilju ja\u010danja obrazovnog sistema - TuzlaInfo.ba\",\"isPartOf\":{\"@id\":\"https:\/\/tuzlainfo.ba\/#website\"},\"primaryImageOfPage\":{\"@id\":\"https:\/\/tuzlainfo.ba\/index.php\/bosna-i-hercegovina\/item\/256754-saradnja-dva-kantona-u-cilju-jacanja-obrazovnog-sistema\/#primaryimage\"},\"image\":{\"@id\":\"https:\/\/tuzlainfo.ba\/index.php\/bosna-i-hercegovina\/item\/256754-saradnja-dva-kantona-u-cilju-jacanja-obrazovnog-sistema\/#primaryimage\"},\"thumbnailUrl\":\"https:\/\/tuzlainfo.ba\/wp-content\/uploads\/2024\/12\/ministri-obrazovanja-tk-i-zdk.jpg\",\"datePublished\":\"2024-12-01T20:00:11+00:00\",\"dateModified\":\"2024-12-01T17:50:40+00:00\",\"breadcrumb\":{\"@id\":\"https:\/\/tuzlainfo.ba\/index.php\/bosna-i-hercegovina\/item\/256754-saradnja-dva-kantona-u-cilju-jacanja-obrazovnog-sistema\/#breadcrumb\"},\"inLanguage\":\"bs-BA\",\"potentialAction\":[{\"@type\":\"ReadAction\",\"target\":[\"https:\/\/tuzlainfo.ba\/index.php\/bosna-i-hercegovina\/item\/256754-saradnja-dva-kantona-u-cilju-jacanja-obrazovnog-sistema\/\"]}]},{\"@type\":\"ImageObject\",\"inLanguage\":\"bs-BA\",\"@id\":\"https:\/\/tuzlainfo.ba\/index.php\/bosna-i-hercegovina\/item\/256754-saradnja-dva-kantona-u-cilju-jacanja-obrazovnog-sistema\/#primaryimage\",\"url\":\"https:\/\/tuzlainfo.ba\/wp-content\/uploads\/2024\/12\/ministri-obrazovanja-tk-i-zdk.jpg\",\"contentUrl\":\"https:\/\/tuzlainfo.ba\/wp-content\/uploads\/2024\/12\/ministri-obrazovanja-tk-i-zdk.jpg\",\"width\":800,\"height\":534},{\"@type\":\"BreadcrumbList\",\"@id\":\"https:\/\/tuzlainfo.ba\/index.php\/bosna-i-hercegovina\/item\/256754-saradnja-dva-kantona-u-cilju-jacanja-obrazovnog-sistema\/#breadcrumb\",\"itemListElement\":[{\"@type\":\"ListItem\",\"position\":1,\"name\":\"Home\",\"item\":\"https:\/\/tuzlainfo.ba\/\"},{\"@type\":\"ListItem\",\"position\":2,\"name\":\"Saradnja dva kantona u cilju ja\u010danja obrazovnog sistema\"}]},{\"@type\":\"WebSite\",\"@id\":\"https:\/\/tuzlainfo.ba\/#website\",\"url\":\"https:\/\/tuzlainfo.ba\/\",\"name\":\"TuzlaInfo.ba\",\"description\":\"Tuzla info, gradski informator - Tuzla na dlanu\",\"publisher\":{\"@id\":\"https:\/\/tuzlainfo.ba\/#organization\"},\"potentialAction\":[{\"@type\":\"SearchAction\",\"target\":{\"@type\":\"EntryPoint\",\"urlTemplate\":\"https:\/\/tuzlainfo.ba\/?s={search_term_string}\"},\"query-input\":{\"@type\":\"PropertyValueSpecification\",\"valueRequired\":true,\"valueName\":\"search_term_string\"}}],\"inLanguage\":\"bs-BA\"},{\"@type\":\"Organization\",\"@id\":\"https:\/\/tuzlainfo.ba\/#organization\",\"name\":\"TuzlaInfo.ba\",\"url\":\"https:\/\/tuzlainfo.ba\/\",\"logo\":{\"@type\":\"ImageObject\",\"inLanguage\":\"bs-BA\",\"@id\":\"https:\/\/tuzlainfo.ba\/#\/schema\/logo\/image\/\",\"url\":\"https:\/\/tuzlainfo.ba\/wp-content\/uploads\/2021\/03\/logo-ver-3-1.png\",\"contentUrl\":\"https:\/\/tuzlainfo.ba\/wp-content\/uploads\/2021\/03\/logo-ver-3-1.png\",\"width\":350,\"height\":95,\"caption\":\"TuzlaInfo.ba\"},\"image\":{\"@id\":\"https:\/\/tuzlainfo.ba\/#\/schema\/logo\/image\/\"},\"sameAs\":[\"https:\/\/www.facebook.com\/tuzlainfo.ba\/\"]},{\"@type\":\"Person\",\"@id\":\"https:\/\/tuzlainfo.ba\/#\/schema\/person\/593e78a2f6378c5ba3e7600ecfa4e63a\",\"name\":\"Admin Tri\",\"image\":{\"@type\":\"ImageObject\",\"inLanguage\":\"bs-BA\",\"@id\":\"https:\/\/tuzlainfo.ba\/#\/schema\/person\/image\/\",\"url\":\"https:\/\/tuzlainfo.ba\/wp-content\/litespeed\/avatar\/b7920db4cc34a71ad12497283ad2fe3f.jpg?ver=1777100914\",\"contentUrl\":\"https:\/\/tuzlainfo.ba\/wp-content\/litespeed\/avatar\/b7920db4cc34a71ad12497283ad2fe3f.jpg?ver=1777100914\",\"caption\":\"Admin Tri\"},\"sameAs\":[\"https:\/\/tuzlainfo.ba\"]}]}<\/script>\n<!-- \/ Yoast SEO plugin. -->","yoast_head_json":{"title":"Saradnja dva kantona u cilju ja\u010danja obrazovnog sistema - TuzlaInfo.ba","robots":{"index":"index","follow":"follow","max-snippet":"max-snippet:-1","max-image-preview":"max-image-preview:large","max-video-preview":"max-video-preview:-1"},"canonical":"https:\/\/tuzlainfo.ba\/index.php\/bosna-i-hercegovina\/item\/256754-saradnja-dva-kantona-u-cilju-jacanja-obrazovnog-sistema\/","og_locale":"bs_BA","og_type":"article","og_title":"Saradnja dva kantona u cilju ja\u010danja obrazovnog sistema - TuzlaInfo.ba","og_description":"Ministra obrazovanja i nauke Tuzlanskog kantona Ahmeda Omerovi\u0107a posjetio je ministar za obrazovanje, nauku, kulturu&hellip;","og_url":"https:\/\/tuzlainfo.ba\/index.php\/bosna-i-hercegovina\/item\/256754-saradnja-dva-kantona-u-cilju-jacanja-obrazovnog-sistema\/","og_site_name":"TuzlaInfo.ba","article_publisher":"https:\/\/www.facebook.com\/tuzlainfo.ba\/","article_published_time":"2024-12-01T20:00:11+00:00","article_modified_time":"2024-12-01T17:50:40+00:00","og_image":[{"width":800,"height":534,"url":"https:\/\/tuzlainfo.ba\/wp-content\/uploads\/2024\/12\/ministri-obrazovanja-tk-i-zdk.jpg","type":"image\/jpeg"}],"author":"Admin Tri","twitter_card":"summary_large_image","twitter_misc":{"Written by":"Admin Tri","Est. reading time":"1 minuta"},"schema":{"@context":"https:\/\/schema.org","@graph":[{"@type":"Article","@id":"https:\/\/tuzlainfo.ba\/index.php\/bosna-i-hercegovina\/item\/256754-saradnja-dva-kantona-u-cilju-jacanja-obrazovnog-sistema\/#article","isPartOf":{"@id":"https:\/\/tuzlainfo.ba\/index.php\/bosna-i-hercegovina\/item\/256754-saradnja-dva-kantona-u-cilju-jacanja-obrazovnog-sistema\/"},"author":{"name":"Admin Tri","@id":"https:\/\/tuzlainfo.ba\/#\/schema\/person\/593e78a2f6378c5ba3e7600ecfa4e63a"},"headline":"Saradnja dva kantona u cilju ja\u010danja obrazovnog sistema","datePublished":"2024-12-01T20:00:11+00:00","dateModified":"2024-12-01T17:50:40+00:00","mainEntityOfPage":{"@id":"https:\/\/tuzlainfo.ba\/index.php\/bosna-i-hercegovina\/item\/256754-saradnja-dva-kantona-u-cilju-jacanja-obrazovnog-sistema\/"},"wordCount":136,"publisher":{"@id":"https:\/\/tuzlainfo.ba\/#organization"},"image":{"@id":"https:\/\/tuzlainfo.ba\/index.php\/bosna-i-hercegovina\/item\/256754-saradnja-dva-kantona-u-cilju-jacanja-obrazovnog-sistema\/#primaryimage"},"thumbnailUrl":"https:\/\/tuzlainfo.ba\/wp-content\/uploads\/2024\/12\/ministri-obrazovanja-tk-i-zdk.jpg","keywords":["kantoni","obrazovanje","tuzlanski kanton","Zeni\u010dko-dobojski kanton"],"articleSection":["Bosna i Hercegovina"],"inLanguage":"bs-BA"},{"@type":"WebPage","@id":"https:\/\/tuzlainfo.ba\/index.php\/bosna-i-hercegovina\/item\/256754-saradnja-dva-kantona-u-cilju-jacanja-obrazovnog-sistema\/","url":"https:\/\/tuzlainfo.ba\/index.php\/bosna-i-hercegovina\/item\/256754-saradnja-dva-kantona-u-cilju-jacanja-obrazovnog-sistema\/","name":"Saradnja dva kantona u cilju ja\u010danja obrazovnog sistema - TuzlaInfo.ba","isPartOf":{"@id":"https:\/\/tuzlainfo.ba\/#website"},"primaryImageOfPage":{"@id":"https:\/\/tuzlainfo.ba\/index.php\/bosna-i-hercegovina\/item\/256754-saradnja-dva-kantona-u-cilju-jacanja-obrazovnog-sistema\/#primaryimage"},"image":{"@id":"https:\/\/tuzlainfo.ba\/index.php\/bosna-i-hercegovina\/item\/256754-saradnja-dva-kantona-u-cilju-jacanja-obrazovnog-sistema\/#primaryimage"},"thumbnailUrl":"https:\/\/tuzlainfo.ba\/wp-content\/uploads\/2024\/12\/ministri-obrazovanja-tk-i-zdk.jpg","datePublished":"2024-12-01T20:00:11+00:00","dateModified":"2024-12-01T17:50:40+00:00","breadcrumb":{"@id":"https:\/\/tuzlainfo.ba\/index.php\/bosna-i-hercegovina\/item\/256754-saradnja-dva-kantona-u-cilju-jacanja-obrazovnog-sistema\/#breadcrumb"},"inLanguage":"bs-BA","potentialAction":[{"@type":"ReadAction","target":["https:\/\/tuzlainfo.ba\/index.php\/bosna-i-hercegovina\/item\/256754-saradnja-dva-kantona-u-cilju-jacanja-obrazovnog-sistema\/"]}]},{"@type":"ImageObject","inLanguage":"bs-BA","@id":"https:\/\/tuzlainfo.ba\/index.php\/bosna-i-hercegovina\/item\/256754-saradnja-dva-kantona-u-cilju-jacanja-obrazovnog-sistema\/#primaryimage","url":"https:\/\/tuzlainfo.ba\/wp-content\/uploads\/2024\/12\/ministri-obrazovanja-tk-i-zdk.jpg","contentUrl":"https:\/\/tuzlainfo.ba\/wp-content\/uploads\/2024\/12\/ministri-obrazovanja-tk-i-zdk.jpg","width":800,"height":534},{"@type":"BreadcrumbList","@id":"https:\/\/tuzlainfo.ba\/index.php\/bosna-i-hercegovina\/item\/256754-saradnja-dva-kantona-u-cilju-jacanja-obrazovnog-sistema\/#breadcrumb","itemListElement":[{"@type":"ListItem","position":1,"name":"Home","item":"https:\/\/tuzlainfo.ba\/"},{"@type":"ListItem","position":2,"name":"Saradnja dva kantona u cilju ja\u010danja obrazovnog sistema"}]},{"@type":"WebSite","@id":"https:\/\/tuzlainfo.ba\/#website","url":"https:\/\/tuzlainfo.ba\/","name":"TuzlaInfo.ba","description":"Tuzla info, gradski informator - Tuzla na dlanu","publisher":{"@id":"https:\/\/tuzlainfo.ba\/#organization"},"potentialAction":[{"@type":"SearchAction","target":{"@type":"EntryPoint","urlTemplate":"https:\/\/tuzlainfo.ba\/?s={search_term_string}"},"query-input":{"@type":"PropertyValueSpecification","valueRequired":true,"valueName":"search_term_string"}}],"inLanguage":"bs-BA"},{"@type":"Organization","@id":"https:\/\/tuzlainfo.ba\/#organization","name":"TuzlaInfo.ba","url":"https:\/\/tuzlainfo.ba\/","logo":{"@type":"ImageObject","inLanguage":"bs-BA","@id":"https:\/\/tuzlainfo.ba\/#\/schema\/logo\/image\/","url":"https:\/\/tuzlainfo.ba\/wp-content\/uploads\/2021\/03\/logo-ver-3-1.png","contentUrl":"https:\/\/tuzlainfo.ba\/wp-content\/uploads\/2021\/03\/logo-ver-3-1.png","width":350,"height":95,"caption":"TuzlaInfo.ba"},"image":{"@id":"https:\/\/tuzlainfo.ba\/#\/schema\/logo\/image\/"},"sameAs":["https:\/\/www.facebook.com\/tuzlainfo.ba\/"]},{"@type":"Person","@id":"https:\/\/tuzlainfo.ba\/#\/schema\/person\/593e78a2f6378c5ba3e7600ecfa4e63a","name":"Admin Tri","image":{"@type":"ImageObject","inLanguage":"bs-BA","@id":"https:\/\/tuzlainfo.ba\/#\/schema\/person\/image\/","url":"https:\/\/tuzlainfo.ba\/wp-content\/litespeed\/avatar\/b7920db4cc34a71ad12497283ad2fe3f.jpg?ver=1777100914","contentUrl":"https:\/\/tuzlainfo.ba\/wp-content\/litespeed\/avatar\/b7920db4cc34a71ad12497283ad2fe3f.jpg?ver=1777100914","caption":"Admin Tri"},"sameAs":["https:\/\/tuzlainfo.ba"]}]}},"_links":{"self":[{"href":"https:\/\/tuzlainfo.ba\/index.php\/wp-json\/wp\/v2\/posts\/256754"}],"collection":[{"href":"https:\/\/tuzlainfo.ba\/index.php\/wp-json\/wp\/v2\/posts"}],"about":[{"href":"https:\/\/tuzlainfo.ba\/index.php\/wp-json\/wp\/v2\/types\/post"}],"author":[{"embeddable":true,"href":"https:\/\/tuzlainfo.ba\/index.php\/wp-json\/wp\/v2\/users\/8"}],"replies":[{"embeddable":true,"href":"https:\/\/tuzlainfo.ba\/index.php\/wp-json\/wp\/v2\/comments?post=256754"}],"version-history":[{"count":1,"href":"https:\/\/tuzlainfo.ba\/index.php\/wp-json\/wp\/v2\/posts\/256754\/revisions"}],"predecessor-version":[{"id":256756,"href":"https:\/\/tuzlainfo.ba\/index.php\/wp-json\/wp\/v2\/posts\/256754\/revisions\/256756"}],"wp:featuredmedia":[{"embeddable":true,"href":"https:\/\/tuzlainfo.ba\/index.php\/wp-json\/wp\/v2\/media\/256755"}],"wp:attachment":[{"href":"https:\/\/tuzlainfo.ba\/index.php\/wp-json\/wp\/v2\/media?parent=256754"}],"wp:term":[{"taxonomy":"category","embeddable":true,"href":"https:\/\/tuzlainfo.ba\/index.php\/wp-json\/wp\/v2\/categories?post=256754"},{"taxonomy":"post_tag","embeddable":true,"href":"https:\/\/tuzlainfo.ba\/index.php\/wp-json\/wp\/v2\/tags?post=256754"}],"curies":[{"name":"wp","href":"https:\/\/api.w.org\/{rel}","templated":true}]}}