{"id":256670,"date":"2024-11-30T12:47:45","date_gmt":"2024-11-30T11:47:45","guid":{"rendered":"https:\/\/tuzlainfo.ba\/?p=256670"},"modified":"2024-11-30T12:52:18","modified_gmt":"2024-11-30T11:52:18","slug":"sloboda-slavi-105-rodjendan-tuzlanskog-premijerligasa","status":"publish","type":"post","link":"https:\/\/tuzlainfo.ba\/index.php\/istaknuto\/item\/256670-sloboda-slavi-105-rodjendan-tuzlanskog-premijerligasa\/","title":{"rendered":"Sloboda slavi: 105. ro\u0111endan tuzlanskog premijerliga\u0161a"},"content":{"rendered":"<p>Fudbalski klub Sloboda danas slavi veliki jubijel i to 105 godina od osnivanja.<\/p>\n<p>\u201dOd prvih koraka kao Gorki, preko nebrojenih pobjeda i izazova, Sloboda je postala simbol ponosa, borbenosti i tradicije Tuzle i cijele regije. Na\u0161 ro\u0111endan obilje\u017eavamo tamo gdje smo uvijek najja\u010di \u2013 na terenu! Danas na Grbavici igramo protiv FK \u017deljezni\u010dar, spremni da se borimo srcem i izborimo rezultat dostojan ovog jubileja\u201d, stoji u objavi ovog tuzlanskog premijerliga\u0161a.<\/p>\n<p>U objavi na dru\u0161tvenim mre\u017eama su zahvalili svim generacijama igra\u010da, trenera, navija\u010da i prijatelja kluba koji su utkali dio sebe u historiju kluba.<\/p>\n<p>\u201dZajedno idemo naprijed, s ponosom i vjerom u jo\u0161 sjajniju budu\u0107nost\u201d, poru\u010duju iz FK Sloboda.<\/p>\n<div id=\"attachment_256671\" style=\"width: 1090px\" class=\"wp-caption aligncenter\"><img fetchpriority=\"high\" decoding=\"async\" aria-describedby=\"caption-attachment-256671\" class=\"wp-image-256671 size-full\" src=\"https:\/\/tuzlainfo.ba\/wp-content\/uploads\/2024\/11\/rodjendan-sloboda-105.jpg\" alt=\"\" width=\"1080\" height=\"1350\" srcset=\"https:\/\/tuzlainfo.ba\/wp-content\/uploads\/2024\/11\/rodjendan-sloboda-105.jpg 1080w, https:\/\/tuzlainfo.ba\/wp-content\/uploads\/2024\/11\/rodjendan-sloboda-105-240x300.jpg 240w, https:\/\/tuzlainfo.ba\/wp-content\/uploads\/2024\/11\/rodjendan-sloboda-105-819x1024.jpg 819w, https:\/\/tuzlainfo.ba\/wp-content\/uploads\/2024\/11\/rodjendan-sloboda-105-768x960.jpg 768w, https:\/\/tuzlainfo.ba\/wp-content\/uploads\/2024\/11\/rodjendan-sloboda-105-585x731.jpg 585w, https:\/\/tuzlainfo.ba\/wp-content\/uploads\/2024\/11\/rodjendan-sloboda-105-150x188.jpg 150w, https:\/\/tuzlainfo.ba\/wp-content\/uploads\/2024\/11\/rodjendan-sloboda-105-400x500.jpg 400w\" sizes=\"(max-width: 1080px) 100vw, 1080px\" \/><p id=\"caption-attachment-256671\" class=\"wp-caption-text\">Foto: FK Sloboda<\/p><\/div>\n","protected":false},"excerpt":{"rendered":"<p>Fudbalski klub Sloboda danas slavi veliki jubijel i to 105 godina od osnivanja. \u201dOd prvih&hellip;<\/p>\n","protected":false},"author":8,"featured_media":142229,"comment_status":"closed","ping_status":"closed","sticky":false,"template":"","format":"standard","meta":{"_acf_changed":false,"footnotes":""},"categories":[304,12],"tags":[9347,448,42],"acf":[],"yoast_head":"<!-- This site is optimized with the Yoast SEO plugin v23.5 - https:\/\/yoast.com\/wordpress\/plugins\/seo\/ -->\n<title>Sloboda slavi: 105. ro\u0111endan tuzlanskog premijerliga\u0161a - TuzlaInfo.ba<\/title>\n<meta name=\"robots\" content=\"index, follow, max-snippet:-1, max-image-preview:large, max-video-preview:-1\" \/>\n<link rel=\"canonical\" href=\"https:\/\/tuzlainfo.ba\/index.php\/istaknuto\/item\/256670-sloboda-slavi-105-rodjendan-tuzlanskog-premijerligasa\/\" \/>\n<meta property=\"og:locale\" content=\"bs_BA\" \/>\n<meta property=\"og:type\" content=\"article\" \/>\n<meta property=\"og:title\" content=\"Sloboda slavi: 105. ro\u0111endan tuzlanskog premijerliga\u0161a - TuzlaInfo.ba\" \/>\n<meta property=\"og:description\" content=\"Fudbalski klub Sloboda danas slavi veliki jubijel i to 105 godina od osnivanja. \u201dOd prvih&hellip;\" \/>\n<meta property=\"og:url\" content=\"https:\/\/tuzlainfo.ba\/index.php\/istaknuto\/item\/256670-sloboda-slavi-105-rodjendan-tuzlanskog-premijerligasa\/\" \/>\n<meta property=\"og:site_name\" content=\"TuzlaInfo.ba\" \/>\n<meta property=\"article:publisher\" content=\"https:\/\/www.facebook.com\/tuzlainfo.ba\/\" \/>\n<meta property=\"article:published_time\" content=\"2024-11-30T11:47:45+00:00\" \/>\n<meta property=\"article:modified_time\" content=\"2024-11-30T11:52:18+00:00\" \/>\n<meta property=\"og:image\" content=\"https:\/\/tuzlainfo.ba\/wp-content\/uploads\/2021\/07\/1707_fksloboda_vizual.jpg\" \/>\n\t<meta property=\"og:image:width\" content=\"1000\" \/>\n\t<meta property=\"og:image:height\" content=\"481\" \/>\n\t<meta property=\"og:image:type\" content=\"image\/jpeg\" \/>\n<meta name=\"author\" content=\"Admin Tri\" \/>\n<meta name=\"twitter:card\" content=\"summary_large_image\" \/>\n<meta name=\"twitter:label1\" content=\"Written by\" \/>\n\t<meta name=\"twitter:data1\" content=\"Admin Tri\" \/>\n\t<meta name=\"twitter:label2\" content=\"Est. reading time\" \/>\n\t<meta name=\"twitter:data2\" content=\"2 minute\" \/>\n<script type=\"application\/ld+json\" class=\"yoast-schema-graph\">{\"@context\":\"https:\/\/schema.org\",\"@graph\":[{\"@type\":\"Article\",\"@id\":\"https:\/\/tuzlainfo.ba\/index.php\/istaknuto\/item\/256670-sloboda-slavi-105-rodjendan-tuzlanskog-premijerligasa\/#article\",\"isPartOf\":{\"@id\":\"https:\/\/tuzlainfo.ba\/index.php\/istaknuto\/item\/256670-sloboda-slavi-105-rodjendan-tuzlanskog-premijerligasa\/\"},\"author\":{\"name\":\"Admin Tri\",\"@id\":\"https:\/\/tuzlainfo.ba\/#\/schema\/person\/593e78a2f6378c5ba3e7600ecfa4e63a\"},\"headline\":\"Sloboda slavi: 105. ro\u0111endan tuzlanskog premijerliga\u0161a\",\"datePublished\":\"2024-11-30T11:47:45+00:00\",\"dateModified\":\"2024-11-30T11:52:18+00:00\",\"mainEntityOfPage\":{\"@id\":\"https:\/\/tuzlainfo.ba\/index.php\/istaknuto\/item\/256670-sloboda-slavi-105-rodjendan-tuzlanskog-premijerligasa\/\"},\"wordCount\":134,\"publisher\":{\"@id\":\"https:\/\/tuzlainfo.ba\/#organization\"},\"image\":{\"@id\":\"https:\/\/tuzlainfo.ba\/index.php\/istaknuto\/item\/256670-sloboda-slavi-105-rodjendan-tuzlanskog-premijerligasa\/#primaryimage\"},\"thumbnailUrl\":\"https:\/\/tuzlainfo.ba\/wp-content\/uploads\/2021\/07\/1707_fksloboda_vizual.jpg\",\"keywords\":[\"fk sloboda tuzla\",\"sloboda\",\"tuzla\"],\"articleSection\":[\"Istaknuto\",\"Novosti\"],\"inLanguage\":\"bs-BA\"},{\"@type\":\"WebPage\",\"@id\":\"https:\/\/tuzlainfo.ba\/index.php\/istaknuto\/item\/256670-sloboda-slavi-105-rodjendan-tuzlanskog-premijerligasa\/\",\"url\":\"https:\/\/tuzlainfo.ba\/index.php\/istaknuto\/item\/256670-sloboda-slavi-105-rodjendan-tuzlanskog-premijerligasa\/\",\"name\":\"Sloboda slavi: 105. ro\u0111endan tuzlanskog premijerliga\u0161a - TuzlaInfo.ba\",\"isPartOf\":{\"@id\":\"https:\/\/tuzlainfo.ba\/#website\"},\"primaryImageOfPage\":{\"@id\":\"https:\/\/tuzlainfo.ba\/index.php\/istaknuto\/item\/256670-sloboda-slavi-105-rodjendan-tuzlanskog-premijerligasa\/#primaryimage\"},\"image\":{\"@id\":\"https:\/\/tuzlainfo.ba\/index.php\/istaknuto\/item\/256670-sloboda-slavi-105-rodjendan-tuzlanskog-premijerligasa\/#primaryimage\"},\"thumbnailUrl\":\"https:\/\/tuzlainfo.ba\/wp-content\/uploads\/2021\/07\/1707_fksloboda_vizual.jpg\",\"datePublished\":\"2024-11-30T11:47:45+00:00\",\"dateModified\":\"2024-11-30T11:52:18+00:00\",\"breadcrumb\":{\"@id\":\"https:\/\/tuzlainfo.ba\/index.php\/istaknuto\/item\/256670-sloboda-slavi-105-rodjendan-tuzlanskog-premijerligasa\/#breadcrumb\"},\"inLanguage\":\"bs-BA\",\"potentialAction\":[{\"@type\":\"ReadAction\",\"target\":[\"https:\/\/tuzlainfo.ba\/index.php\/istaknuto\/item\/256670-sloboda-slavi-105-rodjendan-tuzlanskog-premijerligasa\/\"]}]},{\"@type\":\"ImageObject\",\"inLanguage\":\"bs-BA\",\"@id\":\"https:\/\/tuzlainfo.ba\/index.php\/istaknuto\/item\/256670-sloboda-slavi-105-rodjendan-tuzlanskog-premijerligasa\/#primaryimage\",\"url\":\"https:\/\/tuzlainfo.ba\/wp-content\/uploads\/2021\/07\/1707_fksloboda_vizual.jpg\",\"contentUrl\":\"https:\/\/tuzlainfo.ba\/wp-content\/uploads\/2021\/07\/1707_fksloboda_vizual.jpg\",\"width\":1000,\"height\":481},{\"@type\":\"BreadcrumbList\",\"@id\":\"https:\/\/tuzlainfo.ba\/index.php\/istaknuto\/item\/256670-sloboda-slavi-105-rodjendan-tuzlanskog-premijerligasa\/#breadcrumb\",\"itemListElement\":[{\"@type\":\"ListItem\",\"position\":1,\"name\":\"Home\",\"item\":\"https:\/\/tuzlainfo.ba\/\"},{\"@type\":\"ListItem\",\"position\":2,\"name\":\"Sloboda slavi: 105. ro\u0111endan tuzlanskog premijerliga\u0161a\"}]},{\"@type\":\"WebSite\",\"@id\":\"https:\/\/tuzlainfo.ba\/#website\",\"url\":\"https:\/\/tuzlainfo.ba\/\",\"name\":\"TuzlaInfo.ba\",\"description\":\"Tuzla info, gradski informator - Tuzla na dlanu\",\"publisher\":{\"@id\":\"https:\/\/tuzlainfo.ba\/#organization\"},\"potentialAction\":[{\"@type\":\"SearchAction\",\"target\":{\"@type\":\"EntryPoint\",\"urlTemplate\":\"https:\/\/tuzlainfo.ba\/?s={search_term_string}\"},\"query-input\":{\"@type\":\"PropertyValueSpecification\",\"valueRequired\":true,\"valueName\":\"search_term_string\"}}],\"inLanguage\":\"bs-BA\"},{\"@type\":\"Organization\",\"@id\":\"https:\/\/tuzlainfo.ba\/#organization\",\"name\":\"TuzlaInfo.ba\",\"url\":\"https:\/\/tuzlainfo.ba\/\",\"logo\":{\"@type\":\"ImageObject\",\"inLanguage\":\"bs-BA\",\"@id\":\"https:\/\/tuzlainfo.ba\/#\/schema\/logo\/image\/\",\"url\":\"https:\/\/tuzlainfo.ba\/wp-content\/uploads\/2021\/03\/logo-ver-3-1.png\",\"contentUrl\":\"https:\/\/tuzlainfo.ba\/wp-content\/uploads\/2021\/03\/logo-ver-3-1.png\",\"width\":350,\"height\":95,\"caption\":\"TuzlaInfo.ba\"},\"image\":{\"@id\":\"https:\/\/tuzlainfo.ba\/#\/schema\/logo\/image\/\"},\"sameAs\":[\"https:\/\/www.facebook.com\/tuzlainfo.ba\/\"]},{\"@type\":\"Person\",\"@id\":\"https:\/\/tuzlainfo.ba\/#\/schema\/person\/593e78a2f6378c5ba3e7600ecfa4e63a\",\"name\":\"Admin Tri\",\"image\":{\"@type\":\"ImageObject\",\"inLanguage\":\"bs-BA\",\"@id\":\"https:\/\/tuzlainfo.ba\/#\/schema\/person\/image\/\",\"url\":\"https:\/\/tuzlainfo.ba\/wp-content\/litespeed\/avatar\/b7920db4cc34a71ad12497283ad2fe3f.jpg?ver=1777100914\",\"contentUrl\":\"https:\/\/tuzlainfo.ba\/wp-content\/litespeed\/avatar\/b7920db4cc34a71ad12497283ad2fe3f.jpg?ver=1777100914\",\"caption\":\"Admin Tri\"},\"sameAs\":[\"https:\/\/tuzlainfo.ba\"]}]}<\/script>\n<!-- \/ Yoast SEO plugin. -->","yoast_head_json":{"title":"Sloboda slavi: 105. ro\u0111endan tuzlanskog premijerliga\u0161a - TuzlaInfo.ba","robots":{"index":"index","follow":"follow","max-snippet":"max-snippet:-1","max-image-preview":"max-image-preview:large","max-video-preview":"max-video-preview:-1"},"canonical":"https:\/\/tuzlainfo.ba\/index.php\/istaknuto\/item\/256670-sloboda-slavi-105-rodjendan-tuzlanskog-premijerligasa\/","og_locale":"bs_BA","og_type":"article","og_title":"Sloboda slavi: 105. ro\u0111endan tuzlanskog premijerliga\u0161a - TuzlaInfo.ba","og_description":"Fudbalski klub Sloboda danas slavi veliki jubijel i to 105 godina od osnivanja. \u201dOd prvih&hellip;","og_url":"https:\/\/tuzlainfo.ba\/index.php\/istaknuto\/item\/256670-sloboda-slavi-105-rodjendan-tuzlanskog-premijerligasa\/","og_site_name":"TuzlaInfo.ba","article_publisher":"https:\/\/www.facebook.com\/tuzlainfo.ba\/","article_published_time":"2024-11-30T11:47:45+00:00","article_modified_time":"2024-11-30T11:52:18+00:00","og_image":[{"width":1000,"height":481,"url":"https:\/\/tuzlainfo.ba\/wp-content\/uploads\/2021\/07\/1707_fksloboda_vizual.jpg","type":"image\/jpeg"}],"author":"Admin Tri","twitter_card":"summary_large_image","twitter_misc":{"Written by":"Admin Tri","Est. reading time":"2 minute"},"schema":{"@context":"https:\/\/schema.org","@graph":[{"@type":"Article","@id":"https:\/\/tuzlainfo.ba\/index.php\/istaknuto\/item\/256670-sloboda-slavi-105-rodjendan-tuzlanskog-premijerligasa\/#article","isPartOf":{"@id":"https:\/\/tuzlainfo.ba\/index.php\/istaknuto\/item\/256670-sloboda-slavi-105-rodjendan-tuzlanskog-premijerligasa\/"},"author":{"name":"Admin Tri","@id":"https:\/\/tuzlainfo.ba\/#\/schema\/person\/593e78a2f6378c5ba3e7600ecfa4e63a"},"headline":"Sloboda slavi: 105. ro\u0111endan tuzlanskog premijerliga\u0161a","datePublished":"2024-11-30T11:47:45+00:00","dateModified":"2024-11-30T11:52:18+00:00","mainEntityOfPage":{"@id":"https:\/\/tuzlainfo.ba\/index.php\/istaknuto\/item\/256670-sloboda-slavi-105-rodjendan-tuzlanskog-premijerligasa\/"},"wordCount":134,"publisher":{"@id":"https:\/\/tuzlainfo.ba\/#organization"},"image":{"@id":"https:\/\/tuzlainfo.ba\/index.php\/istaknuto\/item\/256670-sloboda-slavi-105-rodjendan-tuzlanskog-premijerligasa\/#primaryimage"},"thumbnailUrl":"https:\/\/tuzlainfo.ba\/wp-content\/uploads\/2021\/07\/1707_fksloboda_vizual.jpg","keywords":["fk sloboda tuzla","sloboda","tuzla"],"articleSection":["Istaknuto","Novosti"],"inLanguage":"bs-BA"},{"@type":"WebPage","@id":"https:\/\/tuzlainfo.ba\/index.php\/istaknuto\/item\/256670-sloboda-slavi-105-rodjendan-tuzlanskog-premijerligasa\/","url":"https:\/\/tuzlainfo.ba\/index.php\/istaknuto\/item\/256670-sloboda-slavi-105-rodjendan-tuzlanskog-premijerligasa\/","name":"Sloboda slavi: 105. ro\u0111endan tuzlanskog premijerliga\u0161a - TuzlaInfo.ba","isPartOf":{"@id":"https:\/\/tuzlainfo.ba\/#website"},"primaryImageOfPage":{"@id":"https:\/\/tuzlainfo.ba\/index.php\/istaknuto\/item\/256670-sloboda-slavi-105-rodjendan-tuzlanskog-premijerligasa\/#primaryimage"},"image":{"@id":"https:\/\/tuzlainfo.ba\/index.php\/istaknuto\/item\/256670-sloboda-slavi-105-rodjendan-tuzlanskog-premijerligasa\/#primaryimage"},"thumbnailUrl":"https:\/\/tuzlainfo.ba\/wp-content\/uploads\/2021\/07\/1707_fksloboda_vizual.jpg","datePublished":"2024-11-30T11:47:45+00:00","dateModified":"2024-11-30T11:52:18+00:00","breadcrumb":{"@id":"https:\/\/tuzlainfo.ba\/index.php\/istaknuto\/item\/256670-sloboda-slavi-105-rodjendan-tuzlanskog-premijerligasa\/#breadcrumb"},"inLanguage":"bs-BA","potentialAction":[{"@type":"ReadAction","target":["https:\/\/tuzlainfo.ba\/index.php\/istaknuto\/item\/256670-sloboda-slavi-105-rodjendan-tuzlanskog-premijerligasa\/"]}]},{"@type":"ImageObject","inLanguage":"bs-BA","@id":"https:\/\/tuzlainfo.ba\/index.php\/istaknuto\/item\/256670-sloboda-slavi-105-rodjendan-tuzlanskog-premijerligasa\/#primaryimage","url":"https:\/\/tuzlainfo.ba\/wp-content\/uploads\/2021\/07\/1707_fksloboda_vizual.jpg","contentUrl":"https:\/\/tuzlainfo.ba\/wp-content\/uploads\/2021\/07\/1707_fksloboda_vizual.jpg","width":1000,"height":481},{"@type":"BreadcrumbList","@id":"https:\/\/tuzlainfo.ba\/index.php\/istaknuto\/item\/256670-sloboda-slavi-105-rodjendan-tuzlanskog-premijerligasa\/#breadcrumb","itemListElement":[{"@type":"ListItem","position":1,"name":"Home","item":"https:\/\/tuzlainfo.ba\/"},{"@type":"ListItem","position":2,"name":"Sloboda slavi: 105. ro\u0111endan tuzlanskog premijerliga\u0161a"}]},{"@type":"WebSite","@id":"https:\/\/tuzlainfo.ba\/#website","url":"https:\/\/tuzlainfo.ba\/","name":"TuzlaInfo.ba","description":"Tuzla info, gradski informator - Tuzla na dlanu","publisher":{"@id":"https:\/\/tuzlainfo.ba\/#organization"},"potentialAction":[{"@type":"SearchAction","target":{"@type":"EntryPoint","urlTemplate":"https:\/\/tuzlainfo.ba\/?s={search_term_string}"},"query-input":{"@type":"PropertyValueSpecification","valueRequired":true,"valueName":"search_term_string"}}],"inLanguage":"bs-BA"},{"@type":"Organization","@id":"https:\/\/tuzlainfo.ba\/#organization","name":"TuzlaInfo.ba","url":"https:\/\/tuzlainfo.ba\/","logo":{"@type":"ImageObject","inLanguage":"bs-BA","@id":"https:\/\/tuzlainfo.ba\/#\/schema\/logo\/image\/","url":"https:\/\/tuzlainfo.ba\/wp-content\/uploads\/2021\/03\/logo-ver-3-1.png","contentUrl":"https:\/\/tuzlainfo.ba\/wp-content\/uploads\/2021\/03\/logo-ver-3-1.png","width":350,"height":95,"caption":"TuzlaInfo.ba"},"image":{"@id":"https:\/\/tuzlainfo.ba\/#\/schema\/logo\/image\/"},"sameAs":["https:\/\/www.facebook.com\/tuzlainfo.ba\/"]},{"@type":"Person","@id":"https:\/\/tuzlainfo.ba\/#\/schema\/person\/593e78a2f6378c5ba3e7600ecfa4e63a","name":"Admin Tri","image":{"@type":"ImageObject","inLanguage":"bs-BA","@id":"https:\/\/tuzlainfo.ba\/#\/schema\/person\/image\/","url":"https:\/\/tuzlainfo.ba\/wp-content\/litespeed\/avatar\/b7920db4cc34a71ad12497283ad2fe3f.jpg?ver=1777100914","contentUrl":"https:\/\/tuzlainfo.ba\/wp-content\/litespeed\/avatar\/b7920db4cc34a71ad12497283ad2fe3f.jpg?ver=1777100914","caption":"Admin Tri"},"sameAs":["https:\/\/tuzlainfo.ba"]}]}},"_links":{"self":[{"href":"https:\/\/tuzlainfo.ba\/index.php\/wp-json\/wp\/v2\/posts\/256670"}],"collection":[{"href":"https:\/\/tuzlainfo.ba\/index.php\/wp-json\/wp\/v2\/posts"}],"about":[{"href":"https:\/\/tuzlainfo.ba\/index.php\/wp-json\/wp\/v2\/types\/post"}],"author":[{"embeddable":true,"href":"https:\/\/tuzlainfo.ba\/index.php\/wp-json\/wp\/v2\/users\/8"}],"replies":[{"embeddable":true,"href":"https:\/\/tuzlainfo.ba\/index.php\/wp-json\/wp\/v2\/comments?post=256670"}],"version-history":[{"count":2,"href":"https:\/\/tuzlainfo.ba\/index.php\/wp-json\/wp\/v2\/posts\/256670\/revisions"}],"predecessor-version":[{"id":256673,"href":"https:\/\/tuzlainfo.ba\/index.php\/wp-json\/wp\/v2\/posts\/256670\/revisions\/256673"}],"wp:featuredmedia":[{"embeddable":true,"href":"https:\/\/tuzlainfo.ba\/index.php\/wp-json\/wp\/v2\/media\/142229"}],"wp:attachment":[{"href":"https:\/\/tuzlainfo.ba\/index.php\/wp-json\/wp\/v2\/media?parent=256670"}],"wp:term":[{"taxonomy":"category","embeddable":true,"href":"https:\/\/tuzlainfo.ba\/index.php\/wp-json\/wp\/v2\/categories?post=256670"},{"taxonomy":"post_tag","embeddable":true,"href":"https:\/\/tuzlainfo.ba\/index.php\/wp-json\/wp\/v2\/tags?post=256670"}],"curies":[{"name":"wp","href":"https:\/\/api.w.org\/{rel}","templated":true}]}}