{"id":256667,"date":"2024-11-30T10:05:39","date_gmt":"2024-11-30T09:05:39","guid":{"rendered":"https:\/\/tuzlainfo.ba\/?p=256667"},"modified":"2024-11-30T08:43:55","modified_gmt":"2024-11-30T07:43:55","slug":"zavrsna-vecer-festivala-dani-asima-horozica-odusevila-ljubitelje-ozbiljne-muzike-u-lukavcu","status":"publish","type":"post","link":"https:\/\/tuzlainfo.ba\/index.php\/novosti\/item\/256667-zavrsna-vecer-festivala-dani-asima-horozica-odusevila-ljubitelje-ozbiljne-muzike-u-lukavcu\/","title":{"rendered":"Zavr\u0161na ve\u010der festivala \u201eDani Asima Horozi\u0107a\u201c odu\u0161evila ljubitelje ozbiljne muzike u Lukavcu"},"content":{"rendered":"<p>U predivnom ambijentu gradske vile Solvay u Lukavcu, sino\u0107 je odr\u017eana zavr\u0161na ve\u010der festivala ozbiljne muzike \u201eDani Asima Horozi\u0107a\u201c, posve\u0107enog promociji doma\u0107ih i svjetskih kompozitora.<\/p>\n<p>Publika, koja je do posljednjeg mjesta ispunila prostor, imala je priliku u\u017eivati u izuzetnim izvedbama troje vrhunskih umjetnika i bogatom programu nazvanom \u201eVe\u010der bh. kompozitora\u201c.<\/p>\n<p>Ve\u010der je otvorila profesorica violine Jasmina Kasumovi\u0107 u pratnji profesorice klavira Darije Kadri\u0107, koje su izvele djela Miralema Mejremi\u0107a, Milana Prebande, Vojina Komadine, Jasmina Osmi\u0107a i Asima Horozi\u0107a. Njihov nastup odisao je emotivno\u0161\u0107u i virtuozno\u0161\u0107u, a svaka kompozicija nai\u0161la je na topao prijem publike.<\/p>\n<p>Drugi dio ve\u010deri obilje\u017eio je nastup karizmati\u010dnog pijaniste Bartolomeja Stankovi\u0107a. Posebnu pa\u017enju privukla je Babanjanianova \u201eElegija\u201c, izvedena u \u010dast Asima Horozi\u0107a, nakon \u010dega je uslijedila premijera Horozi\u0107eve \u201eSvite za klavir\u201c, djelo koje je odu\u0161evilo svojom dubinom i dinamikom.<\/p>\n<p>Vrhunac ve\u010deri bile su svjetska praizvedba \u201eDispersed series\u201c Miralema Mejremi\u0107a i premijera \u201eToccate\u201c Semira Fejzi\u0107a, dok je zavr\u0161na izvedba \u201eSonate no.3\u201c Sergeja Prokofieva oduzela dah i izmamila dugotrajan aplauz.<\/p>\n<p>Besplatan ulaz i kvalitetan program privukli su zaljubljenike u ozbiljnu muziku iz cijele regije, dok je festival jo\u0161 jednom potvrdio svoj zna\u010daj u o\u010duvanju i promociji muzi\u010dke ba\u0161tine Bosne i Hercegovine.<\/p>\n<p>Zavr\u0161na ve\u010der bila je dostojan hommage Asimu Horozi\u0107u, ali i svim umjetnicima koji kroz svoj rad nastavljaju oplemenjivati kulturni prostor.<\/p>\n","protected":false},"excerpt":{"rendered":"<p>U predivnom ambijentu gradske vile Solvay u Lukavcu, sino\u0107 je odr\u017eana zavr\u0161na ve\u010der festivala ozbiljne&hellip;<\/p>\n","protected":false},"author":2,"featured_media":256669,"comment_status":"closed","ping_status":"closed","sticky":false,"template":"","format":"standard","meta":{"_acf_changed":false,"footnotes":""},"categories":[304,12],"tags":[8359,4407],"acf":[],"yoast_head":"<!-- This site is optimized with the Yoast SEO plugin v23.5 - https:\/\/yoast.com\/wordpress\/plugins\/seo\/ -->\n<title>Zavr\u0161na ve\u010der festivala \u201eDani Asima Horozi\u0107a\u201c odu\u0161evila ljubitelje ozbiljne muzike u Lukavcu - TuzlaInfo.ba<\/title>\n<meta name=\"robots\" content=\"index, follow, max-snippet:-1, max-image-preview:large, max-video-preview:-1\" \/>\n<link rel=\"canonical\" href=\"https:\/\/tuzlainfo.ba\/index.php\/novosti\/item\/256667-zavrsna-vecer-festivala-dani-asima-horozica-odusevila-ljubitelje-ozbiljne-muzike-u-lukavcu\/\" \/>\n<meta property=\"og:locale\" content=\"bs_BA\" \/>\n<meta property=\"og:type\" content=\"article\" \/>\n<meta property=\"og:title\" content=\"Zavr\u0161na ve\u010der festivala \u201eDani Asima Horozi\u0107a\u201c odu\u0161evila ljubitelje ozbiljne muzike u Lukavcu - TuzlaInfo.ba\" \/>\n<meta property=\"og:description\" content=\"U predivnom ambijentu gradske vile Solvay u Lukavcu, sino\u0107 je odr\u017eana zavr\u0161na ve\u010der festivala ozbiljne&hellip;\" \/>\n<meta property=\"og:url\" content=\"https:\/\/tuzlainfo.ba\/index.php\/novosti\/item\/256667-zavrsna-vecer-festivala-dani-asima-horozica-odusevila-ljubitelje-ozbiljne-muzike-u-lukavcu\/\" \/>\n<meta property=\"og:site_name\" content=\"TuzlaInfo.ba\" \/>\n<meta property=\"article:publisher\" content=\"https:\/\/www.facebook.com\/tuzlainfo.ba\/\" \/>\n<meta property=\"article:published_time\" content=\"2024-11-30T09:05:39+00:00\" \/>\n<meta property=\"article:modified_time\" content=\"2024-11-30T07:43:55+00:00\" \/>\n<meta property=\"og:image\" content=\"https:\/\/tuzlainfo.ba\/wp-content\/uploads\/2024\/11\/3011_horozic_kolaz.jpg\" \/>\n\t<meta property=\"og:image:width\" content=\"1000\" \/>\n\t<meta property=\"og:image:height\" content=\"661\" \/>\n\t<meta property=\"og:image:type\" content=\"image\/jpeg\" \/>\n<meta name=\"author\" content=\"nedim\" \/>\n<meta name=\"twitter:card\" content=\"summary_large_image\" \/>\n<meta name=\"twitter:label1\" content=\"Written by\" \/>\n\t<meta name=\"twitter:data1\" content=\"nedim\" \/>\n\t<meta name=\"twitter:label2\" content=\"Est. reading time\" \/>\n\t<meta name=\"twitter:data2\" content=\"2 minute\" \/>\n<script type=\"application\/ld+json\" class=\"yoast-schema-graph\">{\"@context\":\"https:\/\/schema.org\",\"@graph\":[{\"@type\":\"Article\",\"@id\":\"https:\/\/tuzlainfo.ba\/index.php\/novosti\/item\/256667-zavrsna-vecer-festivala-dani-asima-horozica-odusevila-ljubitelje-ozbiljne-muzike-u-lukavcu\/#article\",\"isPartOf\":{\"@id\":\"https:\/\/tuzlainfo.ba\/index.php\/novosti\/item\/256667-zavrsna-vecer-festivala-dani-asima-horozica-odusevila-ljubitelje-ozbiljne-muzike-u-lukavcu\/\"},\"author\":{\"name\":\"nedim\",\"@id\":\"https:\/\/tuzlainfo.ba\/#\/schema\/person\/f434e20dc27ea133923aab08451b7f7f\"},\"headline\":\"Zavr\u0161na ve\u010der festivala \u201eDani Asima Horozi\u0107a\u201c odu\u0161evila ljubitelje ozbiljne muzike u Lukavcu\",\"datePublished\":\"2024-11-30T09:05:39+00:00\",\"dateModified\":\"2024-11-30T07:43:55+00:00\",\"mainEntityOfPage\":{\"@id\":\"https:\/\/tuzlainfo.ba\/index.php\/novosti\/item\/256667-zavrsna-vecer-festivala-dani-asima-horozica-odusevila-ljubitelje-ozbiljne-muzike-u-lukavcu\/\"},\"wordCount\":262,\"publisher\":{\"@id\":\"https:\/\/tuzlainfo.ba\/#organization\"},\"image\":{\"@id\":\"https:\/\/tuzlainfo.ba\/index.php\/novosti\/item\/256667-zavrsna-vecer-festivala-dani-asima-horozica-odusevila-ljubitelje-ozbiljne-muzike-u-lukavcu\/#primaryimage\"},\"thumbnailUrl\":\"https:\/\/tuzlainfo.ba\/wp-content\/uploads\/2024\/11\/3011_horozic_kolaz.jpg\",\"keywords\":[\"Asim Horozi\u0107\",\"centar za kulturu lukavac\"],\"articleSection\":[\"Istaknuto\",\"Novosti\"],\"inLanguage\":\"bs-BA\"},{\"@type\":\"WebPage\",\"@id\":\"https:\/\/tuzlainfo.ba\/index.php\/novosti\/item\/256667-zavrsna-vecer-festivala-dani-asima-horozica-odusevila-ljubitelje-ozbiljne-muzike-u-lukavcu\/\",\"url\":\"https:\/\/tuzlainfo.ba\/index.php\/novosti\/item\/256667-zavrsna-vecer-festivala-dani-asima-horozica-odusevila-ljubitelje-ozbiljne-muzike-u-lukavcu\/\",\"name\":\"Zavr\u0161na ve\u010der festivala \u201eDani Asima Horozi\u0107a\u201c odu\u0161evila ljubitelje ozbiljne muzike u Lukavcu - TuzlaInfo.ba\",\"isPartOf\":{\"@id\":\"https:\/\/tuzlainfo.ba\/#website\"},\"primaryImageOfPage\":{\"@id\":\"https:\/\/tuzlainfo.ba\/index.php\/novosti\/item\/256667-zavrsna-vecer-festivala-dani-asima-horozica-odusevila-ljubitelje-ozbiljne-muzike-u-lukavcu\/#primaryimage\"},\"image\":{\"@id\":\"https:\/\/tuzlainfo.ba\/index.php\/novosti\/item\/256667-zavrsna-vecer-festivala-dani-asima-horozica-odusevila-ljubitelje-ozbiljne-muzike-u-lukavcu\/#primaryimage\"},\"thumbnailUrl\":\"https:\/\/tuzlainfo.ba\/wp-content\/uploads\/2024\/11\/3011_horozic_kolaz.jpg\",\"datePublished\":\"2024-11-30T09:05:39+00:00\",\"dateModified\":\"2024-11-30T07:43:55+00:00\",\"breadcrumb\":{\"@id\":\"https:\/\/tuzlainfo.ba\/index.php\/novosti\/item\/256667-zavrsna-vecer-festivala-dani-asima-horozica-odusevila-ljubitelje-ozbiljne-muzike-u-lukavcu\/#breadcrumb\"},\"inLanguage\":\"bs-BA\",\"potentialAction\":[{\"@type\":\"ReadAction\",\"target\":[\"https:\/\/tuzlainfo.ba\/index.php\/novosti\/item\/256667-zavrsna-vecer-festivala-dani-asima-horozica-odusevila-ljubitelje-ozbiljne-muzike-u-lukavcu\/\"]}]},{\"@type\":\"ImageObject\",\"inLanguage\":\"bs-BA\",\"@id\":\"https:\/\/tuzlainfo.ba\/index.php\/novosti\/item\/256667-zavrsna-vecer-festivala-dani-asima-horozica-odusevila-ljubitelje-ozbiljne-muzike-u-lukavcu\/#primaryimage\",\"url\":\"https:\/\/tuzlainfo.ba\/wp-content\/uploads\/2024\/11\/3011_horozic_kolaz.jpg\",\"contentUrl\":\"https:\/\/tuzlainfo.ba\/wp-content\/uploads\/2024\/11\/3011_horozic_kolaz.jpg\",\"width\":1000,\"height\":661},{\"@type\":\"BreadcrumbList\",\"@id\":\"https:\/\/tuzlainfo.ba\/index.php\/novosti\/item\/256667-zavrsna-vecer-festivala-dani-asima-horozica-odusevila-ljubitelje-ozbiljne-muzike-u-lukavcu\/#breadcrumb\",\"itemListElement\":[{\"@type\":\"ListItem\",\"position\":1,\"name\":\"Home\",\"item\":\"https:\/\/tuzlainfo.ba\/\"},{\"@type\":\"ListItem\",\"position\":2,\"name\":\"Zavr\u0161na ve\u010der festivala \u201eDani Asima Horozi\u0107a\u201c odu\u0161evila ljubitelje ozbiljne muzike u Lukavcu\"}]},{\"@type\":\"WebSite\",\"@id\":\"https:\/\/tuzlainfo.ba\/#website\",\"url\":\"https:\/\/tuzlainfo.ba\/\",\"name\":\"TuzlaInfo.ba\",\"description\":\"Tuzla info, gradski informator - Tuzla na dlanu\",\"publisher\":{\"@id\":\"https:\/\/tuzlainfo.ba\/#organization\"},\"potentialAction\":[{\"@type\":\"SearchAction\",\"target\":{\"@type\":\"EntryPoint\",\"urlTemplate\":\"https:\/\/tuzlainfo.ba\/?s={search_term_string}\"},\"query-input\":{\"@type\":\"PropertyValueSpecification\",\"valueRequired\":true,\"valueName\":\"search_term_string\"}}],\"inLanguage\":\"bs-BA\"},{\"@type\":\"Organization\",\"@id\":\"https:\/\/tuzlainfo.ba\/#organization\",\"name\":\"TuzlaInfo.ba\",\"url\":\"https:\/\/tuzlainfo.ba\/\",\"logo\":{\"@type\":\"ImageObject\",\"inLanguage\":\"bs-BA\",\"@id\":\"https:\/\/tuzlainfo.ba\/#\/schema\/logo\/image\/\",\"url\":\"https:\/\/tuzlainfo.ba\/wp-content\/uploads\/2021\/03\/logo-ver-3-1.png\",\"contentUrl\":\"https:\/\/tuzlainfo.ba\/wp-content\/uploads\/2021\/03\/logo-ver-3-1.png\",\"width\":350,\"height\":95,\"caption\":\"TuzlaInfo.ba\"},\"image\":{\"@id\":\"https:\/\/tuzlainfo.ba\/#\/schema\/logo\/image\/\"},\"sameAs\":[\"https:\/\/www.facebook.com\/tuzlainfo.ba\/\"]},{\"@type\":\"Person\",\"@id\":\"https:\/\/tuzlainfo.ba\/#\/schema\/person\/f434e20dc27ea133923aab08451b7f7f\",\"name\":\"nedim\",\"image\":{\"@type\":\"ImageObject\",\"inLanguage\":\"bs-BA\",\"@id\":\"https:\/\/tuzlainfo.ba\/#\/schema\/person\/image\/\",\"url\":\"https:\/\/tuzlainfo.ba\/wp-content\/litespeed\/avatar\/aabad687af24844af817603ac1cbdc4f.jpg?ver=1777306975\",\"contentUrl\":\"https:\/\/tuzlainfo.ba\/wp-content\/litespeed\/avatar\/aabad687af24844af817603ac1cbdc4f.jpg?ver=1777306975\",\"caption\":\"nedim\"},\"description\":\"Tuzlainfo.ba pratite na dru\u0161tvenim mre\u017eama: Facebook, Instagram i Youtube. Svoje pri\u010de, upite i fotografije \u0161aljite na na\u0161u e-mail adresu.\"}]}<\/script>\n<!-- \/ Yoast SEO plugin. -->","yoast_head_json":{"title":"Zavr\u0161na ve\u010der festivala \u201eDani Asima Horozi\u0107a\u201c odu\u0161evila ljubitelje ozbiljne muzike u Lukavcu - TuzlaInfo.ba","robots":{"index":"index","follow":"follow","max-snippet":"max-snippet:-1","max-image-preview":"max-image-preview:large","max-video-preview":"max-video-preview:-1"},"canonical":"https:\/\/tuzlainfo.ba\/index.php\/novosti\/item\/256667-zavrsna-vecer-festivala-dani-asima-horozica-odusevila-ljubitelje-ozbiljne-muzike-u-lukavcu\/","og_locale":"bs_BA","og_type":"article","og_title":"Zavr\u0161na ve\u010der festivala \u201eDani Asima Horozi\u0107a\u201c odu\u0161evila ljubitelje ozbiljne muzike u Lukavcu - TuzlaInfo.ba","og_description":"U predivnom ambijentu gradske vile Solvay u Lukavcu, sino\u0107 je odr\u017eana zavr\u0161na ve\u010der festivala ozbiljne&hellip;","og_url":"https:\/\/tuzlainfo.ba\/index.php\/novosti\/item\/256667-zavrsna-vecer-festivala-dani-asima-horozica-odusevila-ljubitelje-ozbiljne-muzike-u-lukavcu\/","og_site_name":"TuzlaInfo.ba","article_publisher":"https:\/\/www.facebook.com\/tuzlainfo.ba\/","article_published_time":"2024-11-30T09:05:39+00:00","article_modified_time":"2024-11-30T07:43:55+00:00","og_image":[{"width":1000,"height":661,"url":"https:\/\/tuzlainfo.ba\/wp-content\/uploads\/2024\/11\/3011_horozic_kolaz.jpg","type":"image\/jpeg"}],"author":"nedim","twitter_card":"summary_large_image","twitter_misc":{"Written by":"nedim","Est. reading time":"2 minute"},"schema":{"@context":"https:\/\/schema.org","@graph":[{"@type":"Article","@id":"https:\/\/tuzlainfo.ba\/index.php\/novosti\/item\/256667-zavrsna-vecer-festivala-dani-asima-horozica-odusevila-ljubitelje-ozbiljne-muzike-u-lukavcu\/#article","isPartOf":{"@id":"https:\/\/tuzlainfo.ba\/index.php\/novosti\/item\/256667-zavrsna-vecer-festivala-dani-asima-horozica-odusevila-ljubitelje-ozbiljne-muzike-u-lukavcu\/"},"author":{"name":"nedim","@id":"https:\/\/tuzlainfo.ba\/#\/schema\/person\/f434e20dc27ea133923aab08451b7f7f"},"headline":"Zavr\u0161na ve\u010der festivala \u201eDani Asima Horozi\u0107a\u201c odu\u0161evila ljubitelje ozbiljne muzike u Lukavcu","datePublished":"2024-11-30T09:05:39+00:00","dateModified":"2024-11-30T07:43:55+00:00","mainEntityOfPage":{"@id":"https:\/\/tuzlainfo.ba\/index.php\/novosti\/item\/256667-zavrsna-vecer-festivala-dani-asima-horozica-odusevila-ljubitelje-ozbiljne-muzike-u-lukavcu\/"},"wordCount":262,"publisher":{"@id":"https:\/\/tuzlainfo.ba\/#organization"},"image":{"@id":"https:\/\/tuzlainfo.ba\/index.php\/novosti\/item\/256667-zavrsna-vecer-festivala-dani-asima-horozica-odusevila-ljubitelje-ozbiljne-muzike-u-lukavcu\/#primaryimage"},"thumbnailUrl":"https:\/\/tuzlainfo.ba\/wp-content\/uploads\/2024\/11\/3011_horozic_kolaz.jpg","keywords":["Asim Horozi\u0107","centar za kulturu lukavac"],"articleSection":["Istaknuto","Novosti"],"inLanguage":"bs-BA"},{"@type":"WebPage","@id":"https:\/\/tuzlainfo.ba\/index.php\/novosti\/item\/256667-zavrsna-vecer-festivala-dani-asima-horozica-odusevila-ljubitelje-ozbiljne-muzike-u-lukavcu\/","url":"https:\/\/tuzlainfo.ba\/index.php\/novosti\/item\/256667-zavrsna-vecer-festivala-dani-asima-horozica-odusevila-ljubitelje-ozbiljne-muzike-u-lukavcu\/","name":"Zavr\u0161na ve\u010der festivala \u201eDani Asima Horozi\u0107a\u201c odu\u0161evila ljubitelje ozbiljne muzike u Lukavcu - TuzlaInfo.ba","isPartOf":{"@id":"https:\/\/tuzlainfo.ba\/#website"},"primaryImageOfPage":{"@id":"https:\/\/tuzlainfo.ba\/index.php\/novosti\/item\/256667-zavrsna-vecer-festivala-dani-asima-horozica-odusevila-ljubitelje-ozbiljne-muzike-u-lukavcu\/#primaryimage"},"image":{"@id":"https:\/\/tuzlainfo.ba\/index.php\/novosti\/item\/256667-zavrsna-vecer-festivala-dani-asima-horozica-odusevila-ljubitelje-ozbiljne-muzike-u-lukavcu\/#primaryimage"},"thumbnailUrl":"https:\/\/tuzlainfo.ba\/wp-content\/uploads\/2024\/11\/3011_horozic_kolaz.jpg","datePublished":"2024-11-30T09:05:39+00:00","dateModified":"2024-11-30T07:43:55+00:00","breadcrumb":{"@id":"https:\/\/tuzlainfo.ba\/index.php\/novosti\/item\/256667-zavrsna-vecer-festivala-dani-asima-horozica-odusevila-ljubitelje-ozbiljne-muzike-u-lukavcu\/#breadcrumb"},"inLanguage":"bs-BA","potentialAction":[{"@type":"ReadAction","target":["https:\/\/tuzlainfo.ba\/index.php\/novosti\/item\/256667-zavrsna-vecer-festivala-dani-asima-horozica-odusevila-ljubitelje-ozbiljne-muzike-u-lukavcu\/"]}]},{"@type":"ImageObject","inLanguage":"bs-BA","@id":"https:\/\/tuzlainfo.ba\/index.php\/novosti\/item\/256667-zavrsna-vecer-festivala-dani-asima-horozica-odusevila-ljubitelje-ozbiljne-muzike-u-lukavcu\/#primaryimage","url":"https:\/\/tuzlainfo.ba\/wp-content\/uploads\/2024\/11\/3011_horozic_kolaz.jpg","contentUrl":"https:\/\/tuzlainfo.ba\/wp-content\/uploads\/2024\/11\/3011_horozic_kolaz.jpg","width":1000,"height":661},{"@type":"BreadcrumbList","@id":"https:\/\/tuzlainfo.ba\/index.php\/novosti\/item\/256667-zavrsna-vecer-festivala-dani-asima-horozica-odusevila-ljubitelje-ozbiljne-muzike-u-lukavcu\/#breadcrumb","itemListElement":[{"@type":"ListItem","position":1,"name":"Home","item":"https:\/\/tuzlainfo.ba\/"},{"@type":"ListItem","position":2,"name":"Zavr\u0161na ve\u010der festivala \u201eDani Asima Horozi\u0107a\u201c odu\u0161evila ljubitelje ozbiljne muzike u Lukavcu"}]},{"@type":"WebSite","@id":"https:\/\/tuzlainfo.ba\/#website","url":"https:\/\/tuzlainfo.ba\/","name":"TuzlaInfo.ba","description":"Tuzla info, gradski informator - Tuzla na dlanu","publisher":{"@id":"https:\/\/tuzlainfo.ba\/#organization"},"potentialAction":[{"@type":"SearchAction","target":{"@type":"EntryPoint","urlTemplate":"https:\/\/tuzlainfo.ba\/?s={search_term_string}"},"query-input":{"@type":"PropertyValueSpecification","valueRequired":true,"valueName":"search_term_string"}}],"inLanguage":"bs-BA"},{"@type":"Organization","@id":"https:\/\/tuzlainfo.ba\/#organization","name":"TuzlaInfo.ba","url":"https:\/\/tuzlainfo.ba\/","logo":{"@type":"ImageObject","inLanguage":"bs-BA","@id":"https:\/\/tuzlainfo.ba\/#\/schema\/logo\/image\/","url":"https:\/\/tuzlainfo.ba\/wp-content\/uploads\/2021\/03\/logo-ver-3-1.png","contentUrl":"https:\/\/tuzlainfo.ba\/wp-content\/uploads\/2021\/03\/logo-ver-3-1.png","width":350,"height":95,"caption":"TuzlaInfo.ba"},"image":{"@id":"https:\/\/tuzlainfo.ba\/#\/schema\/logo\/image\/"},"sameAs":["https:\/\/www.facebook.com\/tuzlainfo.ba\/"]},{"@type":"Person","@id":"https:\/\/tuzlainfo.ba\/#\/schema\/person\/f434e20dc27ea133923aab08451b7f7f","name":"nedim","image":{"@type":"ImageObject","inLanguage":"bs-BA","@id":"https:\/\/tuzlainfo.ba\/#\/schema\/person\/image\/","url":"https:\/\/tuzlainfo.ba\/wp-content\/litespeed\/avatar\/aabad687af24844af817603ac1cbdc4f.jpg?ver=1777306975","contentUrl":"https:\/\/tuzlainfo.ba\/wp-content\/litespeed\/avatar\/aabad687af24844af817603ac1cbdc4f.jpg?ver=1777306975","caption":"nedim"},"description":"Tuzlainfo.ba pratite na dru\u0161tvenim mre\u017eama: Facebook, Instagram i Youtube. Svoje pri\u010de, upite i fotografije \u0161aljite na na\u0161u e-mail adresu."}]}},"_links":{"self":[{"href":"https:\/\/tuzlainfo.ba\/index.php\/wp-json\/wp\/v2\/posts\/256667"}],"collection":[{"href":"https:\/\/tuzlainfo.ba\/index.php\/wp-json\/wp\/v2\/posts"}],"about":[{"href":"https:\/\/tuzlainfo.ba\/index.php\/wp-json\/wp\/v2\/types\/post"}],"author":[{"embeddable":true,"href":"https:\/\/tuzlainfo.ba\/index.php\/wp-json\/wp\/v2\/users\/2"}],"replies":[{"embeddable":true,"href":"https:\/\/tuzlainfo.ba\/index.php\/wp-json\/wp\/v2\/comments?post=256667"}],"version-history":[{"count":1,"href":"https:\/\/tuzlainfo.ba\/index.php\/wp-json\/wp\/v2\/posts\/256667\/revisions"}],"predecessor-version":[{"id":256668,"href":"https:\/\/tuzlainfo.ba\/index.php\/wp-json\/wp\/v2\/posts\/256667\/revisions\/256668"}],"wp:featuredmedia":[{"embeddable":true,"href":"https:\/\/tuzlainfo.ba\/index.php\/wp-json\/wp\/v2\/media\/256669"}],"wp:attachment":[{"href":"https:\/\/tuzlainfo.ba\/index.php\/wp-json\/wp\/v2\/media?parent=256667"}],"wp:term":[{"taxonomy":"category","embeddable":true,"href":"https:\/\/tuzlainfo.ba\/index.php\/wp-json\/wp\/v2\/categories?post=256667"},{"taxonomy":"post_tag","embeddable":true,"href":"https:\/\/tuzlainfo.ba\/index.php\/wp-json\/wp\/v2\/tags?post=256667"}],"curies":[{"name":"wp","href":"https:\/\/api.w.org\/{rel}","templated":true}]}}