{"id":255954,"date":"2024-11-21T17:07:30","date_gmt":"2024-11-21T16:07:30","guid":{"rendered":"https:\/\/tuzlainfo.ba\/?p=255954"},"modified":"2024-11-21T14:02:58","modified_gmt":"2024-11-21T13:02:58","slug":"bh-meteo-najavljen-jak-vjetar-u-noci-na-petak-ponegdje-i-oko-100-km-h","status":"publish","type":"post","link":"https:\/\/tuzlainfo.ba\/index.php\/istaknuto\/item\/255954-bh-meteo-najavljen-jak-vjetar-u-noci-na-petak-ponegdje-i-oko-100-km-h\/","title":{"rendered":"BH Meteo: Najavljen jak vjetar u no\u0107i na petak, ponegdje i oko 100 km\/h"},"content":{"rendered":"<div class=\"xdj266r x11i5rnm xat24cr x1mh8g0r x1vvkbs x126k92a\">\n<p dir=\"auto\">Kako su najavili meteorolozi na stranici <a href=\"https:\/\/www.facebook.com\/bhmeteo.ba\">BH Meteo<\/a>, no\u0107as se o\u010dekuje novo ja\u010danje vjetra, najprije jugo koji \u0107e do jutarnjih sati petka u mnogim krajevima puhati jako, a lokalno i olujno. <strong>U brdsko-planinskim podru\u010djima Krajine i srednje Bosne ponegdje i oko 100 km\/h.<\/strong><\/p>\n<\/div>\n<div dir=\"auto\">Sutra od jutarnjih sati premje\u0161tanje nove hladne fronte uz pripadaju\u0107i ciklon. U po\u010detku ki\u0161a i lokalni pljuskovi sa grmljavinom koji u kombinaciji sa jugom i otapanjem snijega mogu prouzrokovati lokalne buji\u010dne poplave. Najvi\u0161e padavina u dijelu zapadne Bosne i u Hercegovini.<\/div>\n<div class=\"x11i5rnm xat24cr x1mh8g0r x1vvkbs xtlvy1s x126k92a\">\n<p dir=\"auto\">Nakon toplijeg jutra, od sredine dana osjetno zahla\u0111enje uz prolazni prelazak ki\u0161e u susnje\u017eicu i snijeg u ve\u0107em dijelu zemlje. Padavine \u0107e potom brzo prestati, pa se u ve\u010dernjim satima njihov prestanak o\u010dekuje u svim krajevima. Uslijedit \u0107e hladna i mrazna no\u0107 na subotu a i vjetar \u0107e se do kraja dana posvuda smiriti, stoji u objavi na stranici BH Meteo.<\/p>\n<\/div>\n","protected":false},"excerpt":{"rendered":"<p>Kako su najavili meteorolozi na stranici BH Meteo, no\u0107as se o\u010dekuje novo ja\u010danje vjetra, najprije jugo koji \u0107e do jutarnjih sati petka u mnogim krajevima puhati jako, a lokalno i olujno. U brdsko-planinskim podru\u010djima Krajine i srednje Bosne ponegdje i oko 100 km\/h. Sutra od jutarnjih sati premje\u0161tanje nove hladne fronte uz pripadaju\u0107i ciklon. U [&hellip;]<\/p>\n","protected":false},"author":4,"featured_media":255956,"comment_status":"closed","ping_status":"closed","sticky":false,"template":"","format":"standard","meta":{"footnotes":""},"categories":[291,304],"tags":[8284,6214],"class_list":["post-255954","post","type-post","status-publish","format-standard","has-post-thumbnail","hentry","category-bosna-i-hercegovina","category-istaknuto","tag-bh-meteo","tag-vjetar"],"yoast_head":"<!-- This site is optimized with the Yoast SEO plugin v28.4 - https:\/\/yoast.com\/product\/yoast-seo-wordpress\/ -->\n<title>BH Meteo: Najavljen jak vjetar u no\u0107i na petak, ponegdje i oko 100 km\/h<\/title>\n<meta name=\"robots\" content=\"index, follow, max-snippet:-1, max-image-preview:large, max-video-preview:-1\" \/>\n<link rel=\"canonical\" href=\"https:\/\/tuzlainfo.ba\/index.php\/istaknuto\/item\/255954-bh-meteo-najavljen-jak-vjetar-u-noci-na-petak-ponegdje-i-oko-100-km-h\/\" \/>\n<meta property=\"og:locale\" content=\"bs_BA\" \/>\n<meta property=\"og:type\" content=\"article\" \/>\n<meta property=\"og:title\" content=\"BH Meteo: Najavljen jak vjetar u no\u0107i na petak, ponegdje i oko 100 km\/h\" \/>\n<meta property=\"og:description\" content=\"Kako su najavili meteorolozi na stranici BH Meteo, no\u0107as se o\u010dekuje novo ja\u010danje vjetra, najprije jugo koji \u0107e do jutarnjih sati petka u mnogim krajevima puhati jako, a lokalno i olujno. U brdsko-planinskim podru\u010djima Krajine i srednje Bosne ponegdje i oko 100 km\/h. Sutra od jutarnjih sati premje\u0161tanje nove hladne fronte uz pripadaju\u0107i ciklon. U [&hellip;]\" \/>\n<meta property=\"og:url\" content=\"https:\/\/tuzlainfo.ba\/index.php\/istaknuto\/item\/255954-bh-meteo-najavljen-jak-vjetar-u-noci-na-petak-ponegdje-i-oko-100-km-h\/\" \/>\n<meta property=\"og:site_name\" content=\"TuzlaInfo.ba\" \/>\n<meta property=\"article:publisher\" content=\"https:\/\/www.facebook.com\/tuzlainfo.ba\/\" \/>\n<meta property=\"article:published_time\" content=\"2024-11-21T16:07:30+00:00\" \/>\n<meta property=\"og:image\" content=\"https:\/\/tuzlainfo.ba\/wp-content\/uploads\/2024\/11\/karta_vrijeme.jpg\" \/>\n\t<meta property=\"og:image:width\" content=\"1065\" \/>\n\t<meta property=\"og:image:height\" content=\"666\" \/>\n\t<meta property=\"og:image:type\" content=\"image\/jpeg\" \/>\n<meta name=\"author\" content=\"Tuzla Info\" \/>\n<meta name=\"twitter:card\" content=\"summary_large_image\" \/>\n<meta name=\"twitter:label1\" content=\"Written by\" \/>\n\t<meta name=\"twitter:data1\" content=\"Tuzla Info\" \/>\n\t<meta name=\"twitter:label2\" content=\"Est. reading time\" \/>\n\t<meta name=\"twitter:data2\" content=\"1 minuta\" \/>\n<script type=\"application\/ld+json\" class=\"yoast-schema-graph\">{\"@context\":\"https:\\\/\\\/schema.org\",\"@graph\":[{\"@type\":\"Article\",\"@id\":\"https:\\\/\\\/tuzlainfo.ba\\\/index.php\\\/istaknuto\\\/item\\\/255954-bh-meteo-najavljen-jak-vjetar-u-noci-na-petak-ponegdje-i-oko-100-km-h\\\/#article\",\"isPartOf\":{\"@id\":\"https:\\\/\\\/tuzlainfo.ba\\\/index.php\\\/istaknuto\\\/item\\\/255954-bh-meteo-najavljen-jak-vjetar-u-noci-na-petak-ponegdje-i-oko-100-km-h\\\/\"},\"author\":{\"name\":\"Tuzla Info\",\"@id\":\"https:\\\/\\\/tuzlainfo.ba\\\/#\\\/schema\\\/person\\\/46cad4c57790cbc50781edd14870825a\"},\"headline\":\"BH Meteo: Najavljen jak vjetar u no\u0107i na petak, ponegdje i oko 100 km\\\/h\",\"datePublished\":\"2024-11-21T16:07:30+00:00\",\"mainEntityOfPage\":{\"@id\":\"https:\\\/\\\/tuzlainfo.ba\\\/index.php\\\/istaknuto\\\/item\\\/255954-bh-meteo-najavljen-jak-vjetar-u-noci-na-petak-ponegdje-i-oko-100-km-h\\\/\"},\"wordCount\":176,\"publisher\":{\"@id\":\"https:\\\/\\\/tuzlainfo.ba\\\/#organization\"},\"image\":{\"@id\":\"https:\\\/\\\/tuzlainfo.ba\\\/index.php\\\/istaknuto\\\/item\\\/255954-bh-meteo-najavljen-jak-vjetar-u-noci-na-petak-ponegdje-i-oko-100-km-h\\\/#primaryimage\"},\"thumbnailUrl\":\"https:\\\/\\\/tuzlainfo.ba\\\/wp-content\\\/uploads\\\/2024\\\/11\\\/karta_vrijeme.jpg\",\"keywords\":[\"bh meteo\",\"vjetar\"],\"articleSection\":[\"Bosna i Hercegovina\",\"Istaknuto\"],\"inLanguage\":\"bs-BA\",\"copyrightYear\":\"2024\",\"copyrightHolder\":{\"@id\":\"https:\\\/\\\/tuzlainfo.ba\\\/#organization\"}},{\"@type\":\"WebPage\",\"@id\":\"https:\\\/\\\/tuzlainfo.ba\\\/index.php\\\/istaknuto\\\/item\\\/255954-bh-meteo-najavljen-jak-vjetar-u-noci-na-petak-ponegdje-i-oko-100-km-h\\\/\",\"url\":\"https:\\\/\\\/tuzlainfo.ba\\\/index.php\\\/istaknuto\\\/item\\\/255954-bh-meteo-najavljen-jak-vjetar-u-noci-na-petak-ponegdje-i-oko-100-km-h\\\/\",\"name\":\"BH Meteo: Najavljen jak vjetar u no\u0107i na petak, ponegdje i oko 100 km\\\/h\",\"isPartOf\":{\"@id\":\"https:\\\/\\\/tuzlainfo.ba\\\/#website\"},\"primaryImageOfPage\":{\"@id\":\"https:\\\/\\\/tuzlainfo.ba\\\/index.php\\\/istaknuto\\\/item\\\/255954-bh-meteo-najavljen-jak-vjetar-u-noci-na-petak-ponegdje-i-oko-100-km-h\\\/#primaryimage\"},\"image\":{\"@id\":\"https:\\\/\\\/tuzlainfo.ba\\\/index.php\\\/istaknuto\\\/item\\\/255954-bh-meteo-najavljen-jak-vjetar-u-noci-na-petak-ponegdje-i-oko-100-km-h\\\/#primaryimage\"},\"thumbnailUrl\":\"https:\\\/\\\/tuzlainfo.ba\\\/wp-content\\\/uploads\\\/2024\\\/11\\\/karta_vrijeme.jpg\",\"datePublished\":\"2024-11-21T16:07:30+00:00\",\"breadcrumb\":{\"@id\":\"https:\\\/\\\/tuzlainfo.ba\\\/index.php\\\/istaknuto\\\/item\\\/255954-bh-meteo-najavljen-jak-vjetar-u-noci-na-petak-ponegdje-i-oko-100-km-h\\\/#breadcrumb\"},\"inLanguage\":\"bs-BA\",\"potentialAction\":[{\"@type\":\"ReadAction\",\"target\":[\"https:\\\/\\\/tuzlainfo.ba\\\/index.php\\\/istaknuto\\\/item\\\/255954-bh-meteo-najavljen-jak-vjetar-u-noci-na-petak-ponegdje-i-oko-100-km-h\\\/\"]}]},{\"@type\":\"ImageObject\",\"inLanguage\":\"bs-BA\",\"@id\":\"https:\\\/\\\/tuzlainfo.ba\\\/index.php\\\/istaknuto\\\/item\\\/255954-bh-meteo-najavljen-jak-vjetar-u-noci-na-petak-ponegdje-i-oko-100-km-h\\\/#primaryimage\",\"url\":\"https:\\\/\\\/tuzlainfo.ba\\\/wp-content\\\/uploads\\\/2024\\\/11\\\/karta_vrijeme.jpg\",\"contentUrl\":\"https:\\\/\\\/tuzlainfo.ba\\\/wp-content\\\/uploads\\\/2024\\\/11\\\/karta_vrijeme.jpg\",\"width\":1065,\"height\":666},{\"@type\":\"BreadcrumbList\",\"@id\":\"https:\\\/\\\/tuzlainfo.ba\\\/index.php\\\/istaknuto\\\/item\\\/255954-bh-meteo-najavljen-jak-vjetar-u-noci-na-petak-ponegdje-i-oko-100-km-h\\\/#breadcrumb\",\"itemListElement\":[{\"@type\":\"ListItem\",\"position\":1,\"name\":\"Home\",\"item\":\"https:\\\/\\\/tuzlainfo.ba\\\/\"},{\"@type\":\"ListItem\",\"position\":2,\"name\":\"BH Meteo: Najavljen jak vjetar u no\u0107i na petak, ponegdje i oko 100 km\\\/h\"}]},{\"@type\":\"WebSite\",\"@id\":\"https:\\\/\\\/tuzlainfo.ba\\\/#website\",\"url\":\"https:\\\/\\\/tuzlainfo.ba\\\/\",\"name\":\"TuzlaInfo.ba\",\"description\":\"Tuzla info, gradski informator - Tuzla na dlanu\",\"publisher\":{\"@id\":\"https:\\\/\\\/tuzlainfo.ba\\\/#organization\"},\"potentialAction\":[{\"@type\":\"SearchAction\",\"target\":{\"@type\":\"EntryPoint\",\"urlTemplate\":\"https:\\\/\\\/tuzlainfo.ba\\\/?s={search_term_string}\"},\"query-input\":{\"@type\":\"PropertyValueSpecification\",\"valueRequired\":true,\"valueName\":\"search_term_string\"}}],\"inLanguage\":\"bs-BA\"},{\"@type\":\"Organization\",\"@id\":\"https:\\\/\\\/tuzlainfo.ba\\\/#organization\",\"name\":\"TuzlaInfo.ba\",\"url\":\"https:\\\/\\\/tuzlainfo.ba\\\/\",\"logo\":{\"@type\":\"ImageObject\",\"inLanguage\":\"bs-BA\",\"@id\":\"https:\\\/\\\/tuzlainfo.ba\\\/#\\\/schema\\\/logo\\\/image\\\/\",\"url\":\"https:\\\/\\\/tuzlainfo.ba\\\/wp-content\\\/uploads\\\/2021\\\/03\\\/logo-ver-3-1.png\",\"contentUrl\":\"https:\\\/\\\/tuzlainfo.ba\\\/wp-content\\\/uploads\\\/2021\\\/03\\\/logo-ver-3-1.png\",\"width\":350,\"height\":95,\"caption\":\"TuzlaInfo.ba\"},\"image\":{\"@id\":\"https:\\\/\\\/tuzlainfo.ba\\\/#\\\/schema\\\/logo\\\/image\\\/\"},\"sameAs\":[\"https:\\\/\\\/www.facebook.com\\\/tuzlainfo.ba\\\/\"]},{\"@type\":\"Person\",\"@id\":\"https:\\\/\\\/tuzlainfo.ba\\\/#\\\/schema\\\/person\\\/46cad4c57790cbc50781edd14870825a\",\"name\":\"Tuzla Info\",\"image\":{\"@type\":\"ImageObject\",\"inLanguage\":\"bs-BA\",\"@id\":\"https:\\\/\\\/secure.gravatar.com\\\/avatar\\\/e980921b00fa2e552723a2386544734ce6885d2b2304ccca3f45186f9ca4031d?s=96&d=mm&r=g\",\"url\":\"https:\\\/\\\/secure.gravatar.com\\\/avatar\\\/e980921b00fa2e552723a2386544734ce6885d2b2304ccca3f45186f9ca4031d?s=96&d=mm&r=g\",\"contentUrl\":\"https:\\\/\\\/secure.gravatar.com\\\/avatar\\\/e980921b00fa2e552723a2386544734ce6885d2b2304ccca3f45186f9ca4031d?s=96&d=mm&r=g\",\"caption\":\"Tuzla Info\"}}]}<\/script>\n<!-- \/ Yoast SEO plugin. -->","yoast_head_json":{"title":"BH Meteo: Najavljen jak vjetar u no\u0107i na petak, ponegdje i oko 100 km\/h","robots":{"index":"index","follow":"follow","max-snippet":"max-snippet:-1","max-image-preview":"max-image-preview:large","max-video-preview":"max-video-preview:-1"},"canonical":"https:\/\/tuzlainfo.ba\/index.php\/istaknuto\/item\/255954-bh-meteo-najavljen-jak-vjetar-u-noci-na-petak-ponegdje-i-oko-100-km-h\/","og_locale":"bs_BA","og_type":"article","og_title":"BH Meteo: Najavljen jak vjetar u no\u0107i na petak, ponegdje i oko 100 km\/h","og_description":"Kako su najavili meteorolozi na stranici BH Meteo, no\u0107as se o\u010dekuje novo ja\u010danje vjetra, najprije jugo koji \u0107e do jutarnjih sati petka u mnogim krajevima puhati jako, a lokalno i olujno. U brdsko-planinskim podru\u010djima Krajine i srednje Bosne ponegdje i oko 100 km\/h. Sutra od jutarnjih sati premje\u0161tanje nove hladne fronte uz pripadaju\u0107i ciklon. U [&hellip;]","og_url":"https:\/\/tuzlainfo.ba\/index.php\/istaknuto\/item\/255954-bh-meteo-najavljen-jak-vjetar-u-noci-na-petak-ponegdje-i-oko-100-km-h\/","og_site_name":"TuzlaInfo.ba","article_publisher":"https:\/\/www.facebook.com\/tuzlainfo.ba\/","article_published_time":"2024-11-21T16:07:30+00:00","og_image":[{"width":1065,"height":666,"url":"https:\/\/tuzlainfo.ba\/wp-content\/uploads\/2024\/11\/karta_vrijeme.jpg","type":"image\/jpeg"}],"author":"Tuzla Info","twitter_card":"summary_large_image","twitter_misc":{"Written by":"Tuzla Info","Est. reading time":"1 minuta"},"schema":{"@context":"https:\/\/schema.org","@graph":[{"@type":"Article","@id":"https:\/\/tuzlainfo.ba\/index.php\/istaknuto\/item\/255954-bh-meteo-najavljen-jak-vjetar-u-noci-na-petak-ponegdje-i-oko-100-km-h\/#article","isPartOf":{"@id":"https:\/\/tuzlainfo.ba\/index.php\/istaknuto\/item\/255954-bh-meteo-najavljen-jak-vjetar-u-noci-na-petak-ponegdje-i-oko-100-km-h\/"},"author":{"name":"Tuzla Info","@id":"https:\/\/tuzlainfo.ba\/#\/schema\/person\/46cad4c57790cbc50781edd14870825a"},"headline":"BH Meteo: Najavljen jak vjetar u no\u0107i na petak, ponegdje i oko 100 km\/h","datePublished":"2024-11-21T16:07:30+00:00","mainEntityOfPage":{"@id":"https:\/\/tuzlainfo.ba\/index.php\/istaknuto\/item\/255954-bh-meteo-najavljen-jak-vjetar-u-noci-na-petak-ponegdje-i-oko-100-km-h\/"},"wordCount":176,"publisher":{"@id":"https:\/\/tuzlainfo.ba\/#organization"},"image":{"@id":"https:\/\/tuzlainfo.ba\/index.php\/istaknuto\/item\/255954-bh-meteo-najavljen-jak-vjetar-u-noci-na-petak-ponegdje-i-oko-100-km-h\/#primaryimage"},"thumbnailUrl":"https:\/\/tuzlainfo.ba\/wp-content\/uploads\/2024\/11\/karta_vrijeme.jpg","keywords":["bh meteo","vjetar"],"articleSection":["Bosna i Hercegovina","Istaknuto"],"inLanguage":"bs-BA","copyrightYear":"2024","copyrightHolder":{"@id":"https:\/\/tuzlainfo.ba\/#organization"}},{"@type":"WebPage","@id":"https:\/\/tuzlainfo.ba\/index.php\/istaknuto\/item\/255954-bh-meteo-najavljen-jak-vjetar-u-noci-na-petak-ponegdje-i-oko-100-km-h\/","url":"https:\/\/tuzlainfo.ba\/index.php\/istaknuto\/item\/255954-bh-meteo-najavljen-jak-vjetar-u-noci-na-petak-ponegdje-i-oko-100-km-h\/","name":"BH Meteo: Najavljen jak vjetar u no\u0107i na petak, ponegdje i oko 100 km\/h","isPartOf":{"@id":"https:\/\/tuzlainfo.ba\/#website"},"primaryImageOfPage":{"@id":"https:\/\/tuzlainfo.ba\/index.php\/istaknuto\/item\/255954-bh-meteo-najavljen-jak-vjetar-u-noci-na-petak-ponegdje-i-oko-100-km-h\/#primaryimage"},"image":{"@id":"https:\/\/tuzlainfo.ba\/index.php\/istaknuto\/item\/255954-bh-meteo-najavljen-jak-vjetar-u-noci-na-petak-ponegdje-i-oko-100-km-h\/#primaryimage"},"thumbnailUrl":"https:\/\/tuzlainfo.ba\/wp-content\/uploads\/2024\/11\/karta_vrijeme.jpg","datePublished":"2024-11-21T16:07:30+00:00","breadcrumb":{"@id":"https:\/\/tuzlainfo.ba\/index.php\/istaknuto\/item\/255954-bh-meteo-najavljen-jak-vjetar-u-noci-na-petak-ponegdje-i-oko-100-km-h\/#breadcrumb"},"inLanguage":"bs-BA","potentialAction":[{"@type":"ReadAction","target":["https:\/\/tuzlainfo.ba\/index.php\/istaknuto\/item\/255954-bh-meteo-najavljen-jak-vjetar-u-noci-na-petak-ponegdje-i-oko-100-km-h\/"]}]},{"@type":"ImageObject","inLanguage":"bs-BA","@id":"https:\/\/tuzlainfo.ba\/index.php\/istaknuto\/item\/255954-bh-meteo-najavljen-jak-vjetar-u-noci-na-petak-ponegdje-i-oko-100-km-h\/#primaryimage","url":"https:\/\/tuzlainfo.ba\/wp-content\/uploads\/2024\/11\/karta_vrijeme.jpg","contentUrl":"https:\/\/tuzlainfo.ba\/wp-content\/uploads\/2024\/11\/karta_vrijeme.jpg","width":1065,"height":666},{"@type":"BreadcrumbList","@id":"https:\/\/tuzlainfo.ba\/index.php\/istaknuto\/item\/255954-bh-meteo-najavljen-jak-vjetar-u-noci-na-petak-ponegdje-i-oko-100-km-h\/#breadcrumb","itemListElement":[{"@type":"ListItem","position":1,"name":"Home","item":"https:\/\/tuzlainfo.ba\/"},{"@type":"ListItem","position":2,"name":"BH Meteo: Najavljen jak vjetar u no\u0107i na petak, ponegdje i oko 100 km\/h"}]},{"@type":"WebSite","@id":"https:\/\/tuzlainfo.ba\/#website","url":"https:\/\/tuzlainfo.ba\/","name":"TuzlaInfo.ba","description":"Tuzla info, gradski informator - Tuzla na dlanu","publisher":{"@id":"https:\/\/tuzlainfo.ba\/#organization"},"potentialAction":[{"@type":"SearchAction","target":{"@type":"EntryPoint","urlTemplate":"https:\/\/tuzlainfo.ba\/?s={search_term_string}"},"query-input":{"@type":"PropertyValueSpecification","valueRequired":true,"valueName":"search_term_string"}}],"inLanguage":"bs-BA"},{"@type":"Organization","@id":"https:\/\/tuzlainfo.ba\/#organization","name":"TuzlaInfo.ba","url":"https:\/\/tuzlainfo.ba\/","logo":{"@type":"ImageObject","inLanguage":"bs-BA","@id":"https:\/\/tuzlainfo.ba\/#\/schema\/logo\/image\/","url":"https:\/\/tuzlainfo.ba\/wp-content\/uploads\/2021\/03\/logo-ver-3-1.png","contentUrl":"https:\/\/tuzlainfo.ba\/wp-content\/uploads\/2021\/03\/logo-ver-3-1.png","width":350,"height":95,"caption":"TuzlaInfo.ba"},"image":{"@id":"https:\/\/tuzlainfo.ba\/#\/schema\/logo\/image\/"},"sameAs":["https:\/\/www.facebook.com\/tuzlainfo.ba\/"]},{"@type":"Person","@id":"https:\/\/tuzlainfo.ba\/#\/schema\/person\/46cad4c57790cbc50781edd14870825a","name":"Tuzla Info","image":{"@type":"ImageObject","inLanguage":"bs-BA","@id":"https:\/\/secure.gravatar.com\/avatar\/e980921b00fa2e552723a2386544734ce6885d2b2304ccca3f45186f9ca4031d?s=96&d=mm&r=g","url":"https:\/\/secure.gravatar.com\/avatar\/e980921b00fa2e552723a2386544734ce6885d2b2304ccca3f45186f9ca4031d?s=96&d=mm&r=g","contentUrl":"https:\/\/secure.gravatar.com\/avatar\/e980921b00fa2e552723a2386544734ce6885d2b2304ccca3f45186f9ca4031d?s=96&d=mm&r=g","caption":"Tuzla Info"}}]}},"_links":{"self":[{"href":"https:\/\/tuzlainfo.ba\/index.php\/wp-json\/wp\/v2\/posts\/255954","targetHints":{"allow":["GET"]}}],"collection":[{"href":"https:\/\/tuzlainfo.ba\/index.php\/wp-json\/wp\/v2\/posts"}],"about":[{"href":"https:\/\/tuzlainfo.ba\/index.php\/wp-json\/wp\/v2\/types\/post"}],"author":[{"embeddable":true,"href":"https:\/\/tuzlainfo.ba\/index.php\/wp-json\/wp\/v2\/users\/4"}],"replies":[{"embeddable":true,"href":"https:\/\/tuzlainfo.ba\/index.php\/wp-json\/wp\/v2\/comments?post=255954"}],"version-history":[{"count":1,"href":"https:\/\/tuzlainfo.ba\/index.php\/wp-json\/wp\/v2\/posts\/255954\/revisions"}],"predecessor-version":[{"id":255957,"href":"https:\/\/tuzlainfo.ba\/index.php\/wp-json\/wp\/v2\/posts\/255954\/revisions\/255957"}],"wp:featuredmedia":[{"embeddable":true,"href":"https:\/\/tuzlainfo.ba\/index.php\/wp-json\/wp\/v2\/media\/255956"}],"wp:attachment":[{"href":"https:\/\/tuzlainfo.ba\/index.php\/wp-json\/wp\/v2\/media?parent=255954"}],"wp:term":[{"taxonomy":"category","embeddable":true,"href":"https:\/\/tuzlainfo.ba\/index.php\/wp-json\/wp\/v2\/categories?post=255954"},{"taxonomy":"post_tag","embeddable":true,"href":"https:\/\/tuzlainfo.ba\/index.php\/wp-json\/wp\/v2\/tags?post=255954"}],"curies":[{"name":"wp","href":"https:\/\/api.w.org\/{rel}","templated":true}]}}