{"id":255619,"date":"2024-11-18T11:54:06","date_gmt":"2024-11-18T10:54:06","guid":{"rendered":"https:\/\/tuzlainfo.ba\/?p=255619"},"modified":"2024-11-18T11:28:21","modified_gmt":"2024-11-18T10:28:21","slug":"sve-spremno-za-izgradnju-cjevovoda-u-lukavcu","status":"publish","type":"post","link":"https:\/\/tuzlainfo.ba\/index.php\/novosti\/item\/255619-sve-spremno-za-izgradnju-cjevovoda-u-lukavcu\/","title":{"rendered":"Sve spremno za izgradnju cjevovoda u Lukavcu"},"content":{"rendered":"<p>Dana\u0161njim potpisivanjem urbanisti\u010dke saglasnosti kantonalne institucije izdale su i svu potrebnu dokumentaciju za po\u010detak izgradnje vodovodnog cjevovoda izvori\u0161ta Toplice. Urbanisti\u010dku suglasnost, u prisustvu premijera Tuzlanskog kantona Irfana Halilagi\u0107a i gradona\u010delnika Lukavca Edina Deli\u0107a, potpisala je ministrica prostornog ure\u0111enja i za\u0161tite okolice Anela Aj\u0161i\u0107.<\/p>\n<p>Naime, dana\u0161nje potpisivanje jedan je koraka u nizu, a u cilju implementacije ranije osiguranih milion KM koliko je Vlada Tuzlanskog kantona osigurala kroz Program ulaganja sredstava vodnih naknada u oblast vodoprivrede u 2024. godini. S druge strane, za rje\u0161avanje dugogodi\u0161njeg problema vodosnabdijevanja Lukavca pitkom vodom, gradska uprava osigurala je ne\u0161to manje od 8% ukupnih sredstava (79.113,94 KM).<\/p>\n<p>Danas uprili\u010deno potpisivanje Urbanisti\u010dke saglasnosti pokazatelj je a\u017eurnog djelovanja kantonalnih institucija koje su, uz osiguranje finansijskih sredstava, i sav administrativni dio uradile u veoma kratkom roku.<\/p>\n<p>Iz ovih ukupno ne\u0161to vi\u0161e od milion KM planirana je izgradnja vodovodnog cjevovoda na dionici od petlje \u0160i\u0107ki Brod do parcela predvi\u0111enih za izgradnju postrojenja za preradu sirove i tretman vode za pi\u0107e u naselju Bokavi\u0107i. Kako je to projektom predvi\u0111eno, ovim cjevovodom \u0107e se dopremati do 50 m3\/s pitke vode sa izvori\u0161ta Toplice.<\/p>\n<p>U narednom periodu slijedi pronalazak nov\u010danih sredstava za tre\u0107u fazu cjelokupnog projekta, a to je izgradnja samog postrojenja za tretman pitke vode u Bokavi\u0107ima gdje su ve\u0107 ura\u0111ene tri istra\u017eno eksploatacione bu\u0161otine koje kvalitetom zadovoljavaju parametre ispravnosti pitke vode i odakle je mogu\u0107e eksploatisati 20 l\/s pitke vode.<\/p>\n","protected":false},"excerpt":{"rendered":"<p>Dana\u0161njim potpisivanjem urbanisti\u010dke saglasnosti kantonalne institucije izdale su i svu potrebnu dokumentaciju za po\u010detak izgradnje&hellip;<\/p>\n","protected":false},"author":4,"featured_media":255620,"comment_status":"closed","ping_status":"closed","sticky":false,"template":"","format":"standard","meta":{"_acf_changed":false,"footnotes":""},"categories":[12],"tags":[11491,461,336,494],"acf":[],"yoast_head":"<!-- This site is optimized with the Yoast SEO plugin v23.5 - https:\/\/yoast.com\/wordpress\/plugins\/seo\/ -->\n<title>Sve spremno za izgradnju cjevovoda u Lukavcu - TuzlaInfo.ba<\/title>\n<meta name=\"robots\" content=\"index, follow, max-snippet:-1, max-image-preview:large, max-video-preview:-1\" \/>\n<link rel=\"canonical\" href=\"https:\/\/tuzlainfo.ba\/index.php\/novosti\/item\/255619-sve-spremno-za-izgradnju-cjevovoda-u-lukavcu\/\" \/>\n<meta property=\"og:locale\" content=\"bs_BA\" \/>\n<meta property=\"og:type\" content=\"article\" \/>\n<meta property=\"og:title\" content=\"Sve spremno za izgradnju cjevovoda u Lukavcu - TuzlaInfo.ba\" \/>\n<meta property=\"og:description\" content=\"Dana\u0161njim potpisivanjem urbanisti\u010dke saglasnosti kantonalne institucije izdale su i svu potrebnu dokumentaciju za po\u010detak izgradnje&hellip;\" \/>\n<meta property=\"og:url\" content=\"https:\/\/tuzlainfo.ba\/index.php\/novosti\/item\/255619-sve-spremno-za-izgradnju-cjevovoda-u-lukavcu\/\" \/>\n<meta property=\"og:site_name\" content=\"TuzlaInfo.ba\" \/>\n<meta property=\"article:publisher\" content=\"https:\/\/www.facebook.com\/tuzlainfo.ba\/\" \/>\n<meta property=\"article:published_time\" content=\"2024-11-18T10:54:06+00:00\" \/>\n<meta property=\"article:modified_time\" content=\"2024-11-18T10:28:21+00:00\" \/>\n<meta property=\"og:image\" content=\"https:\/\/tuzlainfo.ba\/wp-content\/uploads\/2024\/11\/Urbanisticka-saglasnost-02-18-11-2024.jpg\" \/>\n\t<meta property=\"og:image:width\" content=\"1800\" \/>\n\t<meta property=\"og:image:height\" content=\"1013\" \/>\n\t<meta property=\"og:image:type\" content=\"image\/jpeg\" \/>\n<meta name=\"author\" content=\"Tuzla Info\" \/>\n<meta name=\"twitter:card\" content=\"summary_large_image\" \/>\n<meta name=\"twitter:label1\" content=\"Written by\" \/>\n\t<meta name=\"twitter:data1\" content=\"Tuzla Info\" \/>\n\t<meta name=\"twitter:label2\" content=\"Est. reading time\" \/>\n\t<meta name=\"twitter:data2\" content=\"2 minute\" \/>\n<script type=\"application\/ld+json\" class=\"yoast-schema-graph\">{\"@context\":\"https:\/\/schema.org\",\"@graph\":[{\"@type\":\"Article\",\"@id\":\"https:\/\/tuzlainfo.ba\/index.php\/novosti\/item\/255619-sve-spremno-za-izgradnju-cjevovoda-u-lukavcu\/#article\",\"isPartOf\":{\"@id\":\"https:\/\/tuzlainfo.ba\/index.php\/novosti\/item\/255619-sve-spremno-za-izgradnju-cjevovoda-u-lukavcu\/\"},\"author\":{\"name\":\"Tuzla Info\",\"@id\":\"https:\/\/tuzlainfo.ba\/#\/schema\/person\/46cad4c57790cbc50781edd14870825a\"},\"headline\":\"Sve spremno za izgradnju cjevovoda u Lukavcu\",\"datePublished\":\"2024-11-18T10:54:06+00:00\",\"dateModified\":\"2024-11-18T10:28:21+00:00\",\"mainEntityOfPage\":{\"@id\":\"https:\/\/tuzlainfo.ba\/index.php\/novosti\/item\/255619-sve-spremno-za-izgradnju-cjevovoda-u-lukavcu\/\"},\"wordCount\":265,\"publisher\":{\"@id\":\"https:\/\/tuzlainfo.ba\/#organization\"},\"image\":{\"@id\":\"https:\/\/tuzlainfo.ba\/index.php\/novosti\/item\/255619-sve-spremno-za-izgradnju-cjevovoda-u-lukavcu\/#primaryimage\"},\"thumbnailUrl\":\"https:\/\/tuzlainfo.ba\/wp-content\/uploads\/2024\/11\/Urbanisticka-saglasnost-02-18-11-2024.jpg\",\"keywords\":[\"cjevovod\",\"lukavac\",\"vlada tk\",\"vodovod\"],\"articleSection\":[\"Novosti\"],\"inLanguage\":\"bs-BA\"},{\"@type\":\"WebPage\",\"@id\":\"https:\/\/tuzlainfo.ba\/index.php\/novosti\/item\/255619-sve-spremno-za-izgradnju-cjevovoda-u-lukavcu\/\",\"url\":\"https:\/\/tuzlainfo.ba\/index.php\/novosti\/item\/255619-sve-spremno-za-izgradnju-cjevovoda-u-lukavcu\/\",\"name\":\"Sve spremno za izgradnju cjevovoda u Lukavcu - TuzlaInfo.ba\",\"isPartOf\":{\"@id\":\"https:\/\/tuzlainfo.ba\/#website\"},\"primaryImageOfPage\":{\"@id\":\"https:\/\/tuzlainfo.ba\/index.php\/novosti\/item\/255619-sve-spremno-za-izgradnju-cjevovoda-u-lukavcu\/#primaryimage\"},\"image\":{\"@id\":\"https:\/\/tuzlainfo.ba\/index.php\/novosti\/item\/255619-sve-spremno-za-izgradnju-cjevovoda-u-lukavcu\/#primaryimage\"},\"thumbnailUrl\":\"https:\/\/tuzlainfo.ba\/wp-content\/uploads\/2024\/11\/Urbanisticka-saglasnost-02-18-11-2024.jpg\",\"datePublished\":\"2024-11-18T10:54:06+00:00\",\"dateModified\":\"2024-11-18T10:28:21+00:00\",\"breadcrumb\":{\"@id\":\"https:\/\/tuzlainfo.ba\/index.php\/novosti\/item\/255619-sve-spremno-za-izgradnju-cjevovoda-u-lukavcu\/#breadcrumb\"},\"inLanguage\":\"bs-BA\",\"potentialAction\":[{\"@type\":\"ReadAction\",\"target\":[\"https:\/\/tuzlainfo.ba\/index.php\/novosti\/item\/255619-sve-spremno-za-izgradnju-cjevovoda-u-lukavcu\/\"]}]},{\"@type\":\"ImageObject\",\"inLanguage\":\"bs-BA\",\"@id\":\"https:\/\/tuzlainfo.ba\/index.php\/novosti\/item\/255619-sve-spremno-za-izgradnju-cjevovoda-u-lukavcu\/#primaryimage\",\"url\":\"https:\/\/tuzlainfo.ba\/wp-content\/uploads\/2024\/11\/Urbanisticka-saglasnost-02-18-11-2024.jpg\",\"contentUrl\":\"https:\/\/tuzlainfo.ba\/wp-content\/uploads\/2024\/11\/Urbanisticka-saglasnost-02-18-11-2024.jpg\",\"width\":1800,\"height\":1013},{\"@type\":\"BreadcrumbList\",\"@id\":\"https:\/\/tuzlainfo.ba\/index.php\/novosti\/item\/255619-sve-spremno-za-izgradnju-cjevovoda-u-lukavcu\/#breadcrumb\",\"itemListElement\":[{\"@type\":\"ListItem\",\"position\":1,\"name\":\"Home\",\"item\":\"https:\/\/tuzlainfo.ba\/\"},{\"@type\":\"ListItem\",\"position\":2,\"name\":\"Sve spremno za izgradnju cjevovoda u Lukavcu\"}]},{\"@type\":\"WebSite\",\"@id\":\"https:\/\/tuzlainfo.ba\/#website\",\"url\":\"https:\/\/tuzlainfo.ba\/\",\"name\":\"TuzlaInfo.ba\",\"description\":\"Tuzla info, gradski informator - Tuzla na dlanu\",\"publisher\":{\"@id\":\"https:\/\/tuzlainfo.ba\/#organization\"},\"potentialAction\":[{\"@type\":\"SearchAction\",\"target\":{\"@type\":\"EntryPoint\",\"urlTemplate\":\"https:\/\/tuzlainfo.ba\/?s={search_term_string}\"},\"query-input\":{\"@type\":\"PropertyValueSpecification\",\"valueRequired\":true,\"valueName\":\"search_term_string\"}}],\"inLanguage\":\"bs-BA\"},{\"@type\":\"Organization\",\"@id\":\"https:\/\/tuzlainfo.ba\/#organization\",\"name\":\"TuzlaInfo.ba\",\"url\":\"https:\/\/tuzlainfo.ba\/\",\"logo\":{\"@type\":\"ImageObject\",\"inLanguage\":\"bs-BA\",\"@id\":\"https:\/\/tuzlainfo.ba\/#\/schema\/logo\/image\/\",\"url\":\"https:\/\/tuzlainfo.ba\/wp-content\/uploads\/2021\/03\/logo-ver-3-1.png\",\"contentUrl\":\"https:\/\/tuzlainfo.ba\/wp-content\/uploads\/2021\/03\/logo-ver-3-1.png\",\"width\":350,\"height\":95,\"caption\":\"TuzlaInfo.ba\"},\"image\":{\"@id\":\"https:\/\/tuzlainfo.ba\/#\/schema\/logo\/image\/\"},\"sameAs\":[\"https:\/\/www.facebook.com\/tuzlainfo.ba\/\"]},{\"@type\":\"Person\",\"@id\":\"https:\/\/tuzlainfo.ba\/#\/schema\/person\/46cad4c57790cbc50781edd14870825a\",\"name\":\"Tuzla Info\",\"image\":{\"@type\":\"ImageObject\",\"inLanguage\":\"bs-BA\",\"@id\":\"https:\/\/tuzlainfo.ba\/#\/schema\/person\/image\/\",\"url\":\"https:\/\/tuzlainfo.ba\/wp-content\/litespeed\/avatar\/b6c453a6c38e3654f2e4416c643fc25c.jpg?ver=1777051911\",\"contentUrl\":\"https:\/\/tuzlainfo.ba\/wp-content\/litespeed\/avatar\/b6c453a6c38e3654f2e4416c643fc25c.jpg?ver=1777051911\",\"caption\":\"Tuzla Info\"}}]}<\/script>\n<!-- \/ Yoast SEO plugin. -->","yoast_head_json":{"title":"Sve spremno za izgradnju cjevovoda u Lukavcu - TuzlaInfo.ba","robots":{"index":"index","follow":"follow","max-snippet":"max-snippet:-1","max-image-preview":"max-image-preview:large","max-video-preview":"max-video-preview:-1"},"canonical":"https:\/\/tuzlainfo.ba\/index.php\/novosti\/item\/255619-sve-spremno-za-izgradnju-cjevovoda-u-lukavcu\/","og_locale":"bs_BA","og_type":"article","og_title":"Sve spremno za izgradnju cjevovoda u Lukavcu - TuzlaInfo.ba","og_description":"Dana\u0161njim potpisivanjem urbanisti\u010dke saglasnosti kantonalne institucije izdale su i svu potrebnu dokumentaciju za po\u010detak izgradnje&hellip;","og_url":"https:\/\/tuzlainfo.ba\/index.php\/novosti\/item\/255619-sve-spremno-za-izgradnju-cjevovoda-u-lukavcu\/","og_site_name":"TuzlaInfo.ba","article_publisher":"https:\/\/www.facebook.com\/tuzlainfo.ba\/","article_published_time":"2024-11-18T10:54:06+00:00","article_modified_time":"2024-11-18T10:28:21+00:00","og_image":[{"width":1800,"height":1013,"url":"https:\/\/tuzlainfo.ba\/wp-content\/uploads\/2024\/11\/Urbanisticka-saglasnost-02-18-11-2024.jpg","type":"image\/jpeg"}],"author":"Tuzla Info","twitter_card":"summary_large_image","twitter_misc":{"Written by":"Tuzla Info","Est. reading time":"2 minute"},"schema":{"@context":"https:\/\/schema.org","@graph":[{"@type":"Article","@id":"https:\/\/tuzlainfo.ba\/index.php\/novosti\/item\/255619-sve-spremno-za-izgradnju-cjevovoda-u-lukavcu\/#article","isPartOf":{"@id":"https:\/\/tuzlainfo.ba\/index.php\/novosti\/item\/255619-sve-spremno-za-izgradnju-cjevovoda-u-lukavcu\/"},"author":{"name":"Tuzla Info","@id":"https:\/\/tuzlainfo.ba\/#\/schema\/person\/46cad4c57790cbc50781edd14870825a"},"headline":"Sve spremno za izgradnju cjevovoda u Lukavcu","datePublished":"2024-11-18T10:54:06+00:00","dateModified":"2024-11-18T10:28:21+00:00","mainEntityOfPage":{"@id":"https:\/\/tuzlainfo.ba\/index.php\/novosti\/item\/255619-sve-spremno-za-izgradnju-cjevovoda-u-lukavcu\/"},"wordCount":265,"publisher":{"@id":"https:\/\/tuzlainfo.ba\/#organization"},"image":{"@id":"https:\/\/tuzlainfo.ba\/index.php\/novosti\/item\/255619-sve-spremno-za-izgradnju-cjevovoda-u-lukavcu\/#primaryimage"},"thumbnailUrl":"https:\/\/tuzlainfo.ba\/wp-content\/uploads\/2024\/11\/Urbanisticka-saglasnost-02-18-11-2024.jpg","keywords":["cjevovod","lukavac","vlada tk","vodovod"],"articleSection":["Novosti"],"inLanguage":"bs-BA"},{"@type":"WebPage","@id":"https:\/\/tuzlainfo.ba\/index.php\/novosti\/item\/255619-sve-spremno-za-izgradnju-cjevovoda-u-lukavcu\/","url":"https:\/\/tuzlainfo.ba\/index.php\/novosti\/item\/255619-sve-spremno-za-izgradnju-cjevovoda-u-lukavcu\/","name":"Sve spremno za izgradnju cjevovoda u Lukavcu - TuzlaInfo.ba","isPartOf":{"@id":"https:\/\/tuzlainfo.ba\/#website"},"primaryImageOfPage":{"@id":"https:\/\/tuzlainfo.ba\/index.php\/novosti\/item\/255619-sve-spremno-za-izgradnju-cjevovoda-u-lukavcu\/#primaryimage"},"image":{"@id":"https:\/\/tuzlainfo.ba\/index.php\/novosti\/item\/255619-sve-spremno-za-izgradnju-cjevovoda-u-lukavcu\/#primaryimage"},"thumbnailUrl":"https:\/\/tuzlainfo.ba\/wp-content\/uploads\/2024\/11\/Urbanisticka-saglasnost-02-18-11-2024.jpg","datePublished":"2024-11-18T10:54:06+00:00","dateModified":"2024-11-18T10:28:21+00:00","breadcrumb":{"@id":"https:\/\/tuzlainfo.ba\/index.php\/novosti\/item\/255619-sve-spremno-za-izgradnju-cjevovoda-u-lukavcu\/#breadcrumb"},"inLanguage":"bs-BA","potentialAction":[{"@type":"ReadAction","target":["https:\/\/tuzlainfo.ba\/index.php\/novosti\/item\/255619-sve-spremno-za-izgradnju-cjevovoda-u-lukavcu\/"]}]},{"@type":"ImageObject","inLanguage":"bs-BA","@id":"https:\/\/tuzlainfo.ba\/index.php\/novosti\/item\/255619-sve-spremno-za-izgradnju-cjevovoda-u-lukavcu\/#primaryimage","url":"https:\/\/tuzlainfo.ba\/wp-content\/uploads\/2024\/11\/Urbanisticka-saglasnost-02-18-11-2024.jpg","contentUrl":"https:\/\/tuzlainfo.ba\/wp-content\/uploads\/2024\/11\/Urbanisticka-saglasnost-02-18-11-2024.jpg","width":1800,"height":1013},{"@type":"BreadcrumbList","@id":"https:\/\/tuzlainfo.ba\/index.php\/novosti\/item\/255619-sve-spremno-za-izgradnju-cjevovoda-u-lukavcu\/#breadcrumb","itemListElement":[{"@type":"ListItem","position":1,"name":"Home","item":"https:\/\/tuzlainfo.ba\/"},{"@type":"ListItem","position":2,"name":"Sve spremno za izgradnju cjevovoda u Lukavcu"}]},{"@type":"WebSite","@id":"https:\/\/tuzlainfo.ba\/#website","url":"https:\/\/tuzlainfo.ba\/","name":"TuzlaInfo.ba","description":"Tuzla info, gradski informator - Tuzla na dlanu","publisher":{"@id":"https:\/\/tuzlainfo.ba\/#organization"},"potentialAction":[{"@type":"SearchAction","target":{"@type":"EntryPoint","urlTemplate":"https:\/\/tuzlainfo.ba\/?s={search_term_string}"},"query-input":{"@type":"PropertyValueSpecification","valueRequired":true,"valueName":"search_term_string"}}],"inLanguage":"bs-BA"},{"@type":"Organization","@id":"https:\/\/tuzlainfo.ba\/#organization","name":"TuzlaInfo.ba","url":"https:\/\/tuzlainfo.ba\/","logo":{"@type":"ImageObject","inLanguage":"bs-BA","@id":"https:\/\/tuzlainfo.ba\/#\/schema\/logo\/image\/","url":"https:\/\/tuzlainfo.ba\/wp-content\/uploads\/2021\/03\/logo-ver-3-1.png","contentUrl":"https:\/\/tuzlainfo.ba\/wp-content\/uploads\/2021\/03\/logo-ver-3-1.png","width":350,"height":95,"caption":"TuzlaInfo.ba"},"image":{"@id":"https:\/\/tuzlainfo.ba\/#\/schema\/logo\/image\/"},"sameAs":["https:\/\/www.facebook.com\/tuzlainfo.ba\/"]},{"@type":"Person","@id":"https:\/\/tuzlainfo.ba\/#\/schema\/person\/46cad4c57790cbc50781edd14870825a","name":"Tuzla Info","image":{"@type":"ImageObject","inLanguage":"bs-BA","@id":"https:\/\/tuzlainfo.ba\/#\/schema\/person\/image\/","url":"https:\/\/tuzlainfo.ba\/wp-content\/litespeed\/avatar\/b6c453a6c38e3654f2e4416c643fc25c.jpg?ver=1777051911","contentUrl":"https:\/\/tuzlainfo.ba\/wp-content\/litespeed\/avatar\/b6c453a6c38e3654f2e4416c643fc25c.jpg?ver=1777051911","caption":"Tuzla Info"}}]}},"_links":{"self":[{"href":"https:\/\/tuzlainfo.ba\/index.php\/wp-json\/wp\/v2\/posts\/255619"}],"collection":[{"href":"https:\/\/tuzlainfo.ba\/index.php\/wp-json\/wp\/v2\/posts"}],"about":[{"href":"https:\/\/tuzlainfo.ba\/index.php\/wp-json\/wp\/v2\/types\/post"}],"author":[{"embeddable":true,"href":"https:\/\/tuzlainfo.ba\/index.php\/wp-json\/wp\/v2\/users\/4"}],"replies":[{"embeddable":true,"href":"https:\/\/tuzlainfo.ba\/index.php\/wp-json\/wp\/v2\/comments?post=255619"}],"version-history":[{"count":1,"href":"https:\/\/tuzlainfo.ba\/index.php\/wp-json\/wp\/v2\/posts\/255619\/revisions"}],"predecessor-version":[{"id":255621,"href":"https:\/\/tuzlainfo.ba\/index.php\/wp-json\/wp\/v2\/posts\/255619\/revisions\/255621"}],"wp:featuredmedia":[{"embeddable":true,"href":"https:\/\/tuzlainfo.ba\/index.php\/wp-json\/wp\/v2\/media\/255620"}],"wp:attachment":[{"href":"https:\/\/tuzlainfo.ba\/index.php\/wp-json\/wp\/v2\/media?parent=255619"}],"wp:term":[{"taxonomy":"category","embeddable":true,"href":"https:\/\/tuzlainfo.ba\/index.php\/wp-json\/wp\/v2\/categories?post=255619"},{"taxonomy":"post_tag","embeddable":true,"href":"https:\/\/tuzlainfo.ba\/index.php\/wp-json\/wp\/v2\/tags?post=255619"}],"curies":[{"name":"wp","href":"https:\/\/api.w.org\/{rel}","templated":true}]}}