{"id":255417,"date":"2024-11-15T14:30:09","date_gmt":"2024-11-15T13:30:09","guid":{"rendered":"https:\/\/tuzlainfo.ba\/?p=255417"},"modified":"2024-11-15T12:14:24","modified_gmt":"2024-11-15T11:14:24","slug":"osudjeni-zlocinac-fikret-abdic-vise-nije-nacelnik-velike-kladuse","status":"publish","type":"post","link":"https:\/\/tuzlainfo.ba\/index.php\/bosna-i-hercegovina\/item\/255417-osudjeni-zlocinac-fikret-abdic-vise-nije-nacelnik-velike-kladuse\/","title":{"rendered":"Osu\u0111eni zlo\u010dinac Fikret Abdi\u0107 vi\u0161e nije na\u010delnik Velike Kladu\u0161e"},"content":{"rendered":"<p>U zgradi Op\u0107ine Velika Kladu\u0161a danas je odr\u017eana primopredaja du\u017enosti izme\u0111u dosada\u0161njeg na\u010delnika Fikreta Abdi\u0107a i novoizabranog na\u010delnika te op\u0107ine Borisa Horvata.<\/p>\n<p>Ovim je ozvani\u010den po\u010detak Horvatovog mandata, koji je na oktobarskim lokalnim izborima osvojio povjerenje gotovo 8.000 gra\u0111ana.<\/p>\n<p>Prilikom predaje du\u017enosti, odlaze\u0107i na\u010delnik Abdi\u0107 osvrnuo se na aktivnosti iz proteklog perioda, posebno na rad vezan za za\u0161titu imovine Agrokomerca i aktivnosti Udru\u017eenja za za\u0161titu dioni\u010dara i radnika ove nekada privredne perjanice.<\/p>\n<p>Tako\u0111er, novom na\u010delniku predani su pisani izvje\u0161taji svih slu\u017ebi op\u0107inskog organa uprave o ura\u0111enom tokom njegovog mandata.<\/p>\n<p>Zahvaljuju\u0107i gra\u0111anima na ukazanom povjerenju, Boris Horvat je istaknuo kako \u0107e njegovi prvi koraci biti usmjereni na ja\u010danje saradnje s vi\u0161im nivoima vlasti i stvaranje povoljnijeg ambijenta za gra\u0111ane.<\/p>\n<p>&#8220;Prvi koraci \u0107e biti sastanak s Vladom Unsko-sanskog kantona i sa svim na\u010delnicima i gradona\u010delnicima. Potrudit \u0107emo se da napravimo bolji ambijent, da op\u0107ina bude servis gra\u0111ana i to \u0107emo u\u010diniti&#8221; poru\u010dio je Horvat.<\/p>\n<p>Novi na\u010delnik je naglasio da \u0107e prioriteti njegovog mandata biti rje\u0161avanje problema i realizacija projekata koji su od interesa za gra\u0111ane, uz poseban fokus na pobolj\u0161anje uslova \u017eivota svih stanovnika Velike Kladu\u0161e.<\/p>\n","protected":false},"excerpt":{"rendered":"<p>U zgradi Op\u0107ine Velika Kladu\u0161a danas je odr\u017eana primopredaja du\u017enosti izme\u0111u dosada\u0161njeg na\u010delnika Fikreta Abdi\u0107a&hellip;<\/p>\n","protected":false},"author":3,"featured_media":255419,"comment_status":"closed","ping_status":"closed","sticky":false,"template":"","format":"standard","meta":{"_acf_changed":false,"footnotes":""},"categories":[291],"tags":[2802],"acf":[],"yoast_head":"<!-- This site is optimized with the Yoast SEO plugin v23.5 - https:\/\/yoast.com\/wordpress\/plugins\/seo\/ -->\n<title>Osu\u0111eni zlo\u010dinac Fikret Abdi\u0107 vi\u0161e nije na\u010delnik Velike Kladu\u0161e - TuzlaInfo.ba<\/title>\n<meta name=\"robots\" content=\"index, follow, max-snippet:-1, max-image-preview:large, max-video-preview:-1\" \/>\n<link rel=\"canonical\" href=\"https:\/\/tuzlainfo.ba\/index.php\/bosna-i-hercegovina\/item\/255417-osudjeni-zlocinac-fikret-abdic-vise-nije-nacelnik-velike-kladuse\/\" \/>\n<meta property=\"og:locale\" content=\"bs_BA\" \/>\n<meta property=\"og:type\" content=\"article\" \/>\n<meta property=\"og:title\" content=\"Osu\u0111eni zlo\u010dinac Fikret Abdi\u0107 vi\u0161e nije na\u010delnik Velike Kladu\u0161e - TuzlaInfo.ba\" \/>\n<meta property=\"og:description\" content=\"U zgradi Op\u0107ine Velika Kladu\u0161a danas je odr\u017eana primopredaja du\u017enosti izme\u0111u dosada\u0161njeg na\u010delnika Fikreta Abdi\u0107a&hellip;\" \/>\n<meta property=\"og:url\" content=\"https:\/\/tuzlainfo.ba\/index.php\/bosna-i-hercegovina\/item\/255417-osudjeni-zlocinac-fikret-abdic-vise-nije-nacelnik-velike-kladuse\/\" \/>\n<meta property=\"og:site_name\" content=\"TuzlaInfo.ba\" \/>\n<meta property=\"article:publisher\" content=\"https:\/\/www.facebook.com\/tuzlainfo.ba\/\" \/>\n<meta property=\"article:published_time\" content=\"2024-11-15T13:30:09+00:00\" \/>\n<meta property=\"article:modified_time\" content=\"2024-11-15T11:14:24+00:00\" \/>\n<meta property=\"og:image\" content=\"https:\/\/tuzlainfo.ba\/wp-content\/uploads\/2024\/11\/1511_fikret_abdic.jpg\" \/>\n\t<meta property=\"og:image:width\" content=\"871\" \/>\n\t<meta property=\"og:image:height\" content=\"540\" \/>\n\t<meta property=\"og:image:type\" content=\"image\/jpeg\" \/>\n<meta name=\"author\" content=\"admin2\" \/>\n<meta name=\"twitter:card\" content=\"summary_large_image\" \/>\n<meta name=\"twitter:label1\" content=\"Written by\" \/>\n\t<meta name=\"twitter:data1\" content=\"admin2\" \/>\n\t<meta name=\"twitter:label2\" content=\"Est. reading time\" \/>\n\t<meta name=\"twitter:data2\" content=\"2 minute\" \/>\n<script type=\"application\/ld+json\" class=\"yoast-schema-graph\">{\"@context\":\"https:\/\/schema.org\",\"@graph\":[{\"@type\":\"Article\",\"@id\":\"https:\/\/tuzlainfo.ba\/index.php\/bosna-i-hercegovina\/item\/255417-osudjeni-zlocinac-fikret-abdic-vise-nije-nacelnik-velike-kladuse\/#article\",\"isPartOf\":{\"@id\":\"https:\/\/tuzlainfo.ba\/index.php\/bosna-i-hercegovina\/item\/255417-osudjeni-zlocinac-fikret-abdic-vise-nije-nacelnik-velike-kladuse\/\"},\"author\":{\"name\":\"admin2\",\"@id\":\"https:\/\/tuzlainfo.ba\/#\/schema\/person\/f4ebe4fff27e68efb65fa7e18f8af372\"},\"headline\":\"Osu\u0111eni zlo\u010dinac Fikret Abdi\u0107 vi\u0161e nije na\u010delnik Velike Kladu\u0161e\",\"datePublished\":\"2024-11-15T13:30:09+00:00\",\"dateModified\":\"2024-11-15T11:14:24+00:00\",\"mainEntityOfPage\":{\"@id\":\"https:\/\/tuzlainfo.ba\/index.php\/bosna-i-hercegovina\/item\/255417-osudjeni-zlocinac-fikret-abdic-vise-nije-nacelnik-velike-kladuse\/\"},\"wordCount\":239,\"publisher\":{\"@id\":\"https:\/\/tuzlainfo.ba\/#organization\"},\"image\":{\"@id\":\"https:\/\/tuzlainfo.ba\/index.php\/bosna-i-hercegovina\/item\/255417-osudjeni-zlocinac-fikret-abdic-vise-nije-nacelnik-velike-kladuse\/#primaryimage\"},\"thumbnailUrl\":\"https:\/\/tuzlainfo.ba\/wp-content\/uploads\/2024\/11\/1511_fikret_abdic.jpg\",\"keywords\":[\"fikret abdic\"],\"articleSection\":[\"Bosna i Hercegovina\"],\"inLanguage\":\"bs-BA\"},{\"@type\":\"WebPage\",\"@id\":\"https:\/\/tuzlainfo.ba\/index.php\/bosna-i-hercegovina\/item\/255417-osudjeni-zlocinac-fikret-abdic-vise-nije-nacelnik-velike-kladuse\/\",\"url\":\"https:\/\/tuzlainfo.ba\/index.php\/bosna-i-hercegovina\/item\/255417-osudjeni-zlocinac-fikret-abdic-vise-nije-nacelnik-velike-kladuse\/\",\"name\":\"Osu\u0111eni zlo\u010dinac Fikret Abdi\u0107 vi\u0161e nije na\u010delnik Velike Kladu\u0161e - TuzlaInfo.ba\",\"isPartOf\":{\"@id\":\"https:\/\/tuzlainfo.ba\/#website\"},\"primaryImageOfPage\":{\"@id\":\"https:\/\/tuzlainfo.ba\/index.php\/bosna-i-hercegovina\/item\/255417-osudjeni-zlocinac-fikret-abdic-vise-nije-nacelnik-velike-kladuse\/#primaryimage\"},\"image\":{\"@id\":\"https:\/\/tuzlainfo.ba\/index.php\/bosna-i-hercegovina\/item\/255417-osudjeni-zlocinac-fikret-abdic-vise-nije-nacelnik-velike-kladuse\/#primaryimage\"},\"thumbnailUrl\":\"https:\/\/tuzlainfo.ba\/wp-content\/uploads\/2024\/11\/1511_fikret_abdic.jpg\",\"datePublished\":\"2024-11-15T13:30:09+00:00\",\"dateModified\":\"2024-11-15T11:14:24+00:00\",\"breadcrumb\":{\"@id\":\"https:\/\/tuzlainfo.ba\/index.php\/bosna-i-hercegovina\/item\/255417-osudjeni-zlocinac-fikret-abdic-vise-nije-nacelnik-velike-kladuse\/#breadcrumb\"},\"inLanguage\":\"bs-BA\",\"potentialAction\":[{\"@type\":\"ReadAction\",\"target\":[\"https:\/\/tuzlainfo.ba\/index.php\/bosna-i-hercegovina\/item\/255417-osudjeni-zlocinac-fikret-abdic-vise-nije-nacelnik-velike-kladuse\/\"]}]},{\"@type\":\"ImageObject\",\"inLanguage\":\"bs-BA\",\"@id\":\"https:\/\/tuzlainfo.ba\/index.php\/bosna-i-hercegovina\/item\/255417-osudjeni-zlocinac-fikret-abdic-vise-nije-nacelnik-velike-kladuse\/#primaryimage\",\"url\":\"https:\/\/tuzlainfo.ba\/wp-content\/uploads\/2024\/11\/1511_fikret_abdic.jpg\",\"contentUrl\":\"https:\/\/tuzlainfo.ba\/wp-content\/uploads\/2024\/11\/1511_fikret_abdic.jpg\",\"width\":871,\"height\":540},{\"@type\":\"BreadcrumbList\",\"@id\":\"https:\/\/tuzlainfo.ba\/index.php\/bosna-i-hercegovina\/item\/255417-osudjeni-zlocinac-fikret-abdic-vise-nije-nacelnik-velike-kladuse\/#breadcrumb\",\"itemListElement\":[{\"@type\":\"ListItem\",\"position\":1,\"name\":\"Home\",\"item\":\"https:\/\/tuzlainfo.ba\/\"},{\"@type\":\"ListItem\",\"position\":2,\"name\":\"Osu\u0111eni zlo\u010dinac Fikret Abdi\u0107 vi\u0161e nije na\u010delnik Velike Kladu\u0161e\"}]},{\"@type\":\"WebSite\",\"@id\":\"https:\/\/tuzlainfo.ba\/#website\",\"url\":\"https:\/\/tuzlainfo.ba\/\",\"name\":\"TuzlaInfo.ba\",\"description\":\"Tuzla info, gradski informator - Tuzla na dlanu\",\"publisher\":{\"@id\":\"https:\/\/tuzlainfo.ba\/#organization\"},\"potentialAction\":[{\"@type\":\"SearchAction\",\"target\":{\"@type\":\"EntryPoint\",\"urlTemplate\":\"https:\/\/tuzlainfo.ba\/?s={search_term_string}\"},\"query-input\":{\"@type\":\"PropertyValueSpecification\",\"valueRequired\":true,\"valueName\":\"search_term_string\"}}],\"inLanguage\":\"bs-BA\"},{\"@type\":\"Organization\",\"@id\":\"https:\/\/tuzlainfo.ba\/#organization\",\"name\":\"TuzlaInfo.ba\",\"url\":\"https:\/\/tuzlainfo.ba\/\",\"logo\":{\"@type\":\"ImageObject\",\"inLanguage\":\"bs-BA\",\"@id\":\"https:\/\/tuzlainfo.ba\/#\/schema\/logo\/image\/\",\"url\":\"https:\/\/tuzlainfo.ba\/wp-content\/uploads\/2021\/03\/logo-ver-3-1.png\",\"contentUrl\":\"https:\/\/tuzlainfo.ba\/wp-content\/uploads\/2021\/03\/logo-ver-3-1.png\",\"width\":350,\"height\":95,\"caption\":\"TuzlaInfo.ba\"},\"image\":{\"@id\":\"https:\/\/tuzlainfo.ba\/#\/schema\/logo\/image\/\"},\"sameAs\":[\"https:\/\/www.facebook.com\/tuzlainfo.ba\/\"]},{\"@type\":\"Person\",\"@id\":\"https:\/\/tuzlainfo.ba\/#\/schema\/person\/f4ebe4fff27e68efb65fa7e18f8af372\",\"name\":\"admin2\",\"image\":{\"@type\":\"ImageObject\",\"inLanguage\":\"bs-BA\",\"@id\":\"https:\/\/tuzlainfo.ba\/#\/schema\/person\/image\/\",\"url\":\"https:\/\/tuzlainfo.ba\/wp-content\/litespeed\/avatar\/8219eeb9a43cff2d096e773737736f62.jpg?ver=1777309398\",\"contentUrl\":\"https:\/\/tuzlainfo.ba\/wp-content\/litespeed\/avatar\/8219eeb9a43cff2d096e773737736f62.jpg?ver=1777309398\",\"caption\":\"admin2\"},\"description\":\"Tuzlainfo.ba pratite na dru\u0161tvenim mre\u017eama: Facebook, Instagram i Youtube. Svoje pri\u010de, upite i fotografije \u0161aljite na na\u0161u e-mail adresu.\",\"sameAs\":[\"admin\"]}]}<\/script>\n<!-- \/ Yoast SEO plugin. -->","yoast_head_json":{"title":"Osu\u0111eni zlo\u010dinac Fikret Abdi\u0107 vi\u0161e nije na\u010delnik Velike Kladu\u0161e - TuzlaInfo.ba","robots":{"index":"index","follow":"follow","max-snippet":"max-snippet:-1","max-image-preview":"max-image-preview:large","max-video-preview":"max-video-preview:-1"},"canonical":"https:\/\/tuzlainfo.ba\/index.php\/bosna-i-hercegovina\/item\/255417-osudjeni-zlocinac-fikret-abdic-vise-nije-nacelnik-velike-kladuse\/","og_locale":"bs_BA","og_type":"article","og_title":"Osu\u0111eni zlo\u010dinac Fikret Abdi\u0107 vi\u0161e nije na\u010delnik Velike Kladu\u0161e - TuzlaInfo.ba","og_description":"U zgradi Op\u0107ine Velika Kladu\u0161a danas je odr\u017eana primopredaja du\u017enosti izme\u0111u dosada\u0161njeg na\u010delnika Fikreta Abdi\u0107a&hellip;","og_url":"https:\/\/tuzlainfo.ba\/index.php\/bosna-i-hercegovina\/item\/255417-osudjeni-zlocinac-fikret-abdic-vise-nije-nacelnik-velike-kladuse\/","og_site_name":"TuzlaInfo.ba","article_publisher":"https:\/\/www.facebook.com\/tuzlainfo.ba\/","article_published_time":"2024-11-15T13:30:09+00:00","article_modified_time":"2024-11-15T11:14:24+00:00","og_image":[{"width":871,"height":540,"url":"https:\/\/tuzlainfo.ba\/wp-content\/uploads\/2024\/11\/1511_fikret_abdic.jpg","type":"image\/jpeg"}],"author":"admin2","twitter_card":"summary_large_image","twitter_misc":{"Written by":"admin2","Est. reading time":"2 minute"},"schema":{"@context":"https:\/\/schema.org","@graph":[{"@type":"Article","@id":"https:\/\/tuzlainfo.ba\/index.php\/bosna-i-hercegovina\/item\/255417-osudjeni-zlocinac-fikret-abdic-vise-nije-nacelnik-velike-kladuse\/#article","isPartOf":{"@id":"https:\/\/tuzlainfo.ba\/index.php\/bosna-i-hercegovina\/item\/255417-osudjeni-zlocinac-fikret-abdic-vise-nije-nacelnik-velike-kladuse\/"},"author":{"name":"admin2","@id":"https:\/\/tuzlainfo.ba\/#\/schema\/person\/f4ebe4fff27e68efb65fa7e18f8af372"},"headline":"Osu\u0111eni zlo\u010dinac Fikret Abdi\u0107 vi\u0161e nije na\u010delnik Velike Kladu\u0161e","datePublished":"2024-11-15T13:30:09+00:00","dateModified":"2024-11-15T11:14:24+00:00","mainEntityOfPage":{"@id":"https:\/\/tuzlainfo.ba\/index.php\/bosna-i-hercegovina\/item\/255417-osudjeni-zlocinac-fikret-abdic-vise-nije-nacelnik-velike-kladuse\/"},"wordCount":239,"publisher":{"@id":"https:\/\/tuzlainfo.ba\/#organization"},"image":{"@id":"https:\/\/tuzlainfo.ba\/index.php\/bosna-i-hercegovina\/item\/255417-osudjeni-zlocinac-fikret-abdic-vise-nije-nacelnik-velike-kladuse\/#primaryimage"},"thumbnailUrl":"https:\/\/tuzlainfo.ba\/wp-content\/uploads\/2024\/11\/1511_fikret_abdic.jpg","keywords":["fikret abdic"],"articleSection":["Bosna i Hercegovina"],"inLanguage":"bs-BA"},{"@type":"WebPage","@id":"https:\/\/tuzlainfo.ba\/index.php\/bosna-i-hercegovina\/item\/255417-osudjeni-zlocinac-fikret-abdic-vise-nije-nacelnik-velike-kladuse\/","url":"https:\/\/tuzlainfo.ba\/index.php\/bosna-i-hercegovina\/item\/255417-osudjeni-zlocinac-fikret-abdic-vise-nije-nacelnik-velike-kladuse\/","name":"Osu\u0111eni zlo\u010dinac Fikret Abdi\u0107 vi\u0161e nije na\u010delnik Velike Kladu\u0161e - TuzlaInfo.ba","isPartOf":{"@id":"https:\/\/tuzlainfo.ba\/#website"},"primaryImageOfPage":{"@id":"https:\/\/tuzlainfo.ba\/index.php\/bosna-i-hercegovina\/item\/255417-osudjeni-zlocinac-fikret-abdic-vise-nije-nacelnik-velike-kladuse\/#primaryimage"},"image":{"@id":"https:\/\/tuzlainfo.ba\/index.php\/bosna-i-hercegovina\/item\/255417-osudjeni-zlocinac-fikret-abdic-vise-nije-nacelnik-velike-kladuse\/#primaryimage"},"thumbnailUrl":"https:\/\/tuzlainfo.ba\/wp-content\/uploads\/2024\/11\/1511_fikret_abdic.jpg","datePublished":"2024-11-15T13:30:09+00:00","dateModified":"2024-11-15T11:14:24+00:00","breadcrumb":{"@id":"https:\/\/tuzlainfo.ba\/index.php\/bosna-i-hercegovina\/item\/255417-osudjeni-zlocinac-fikret-abdic-vise-nije-nacelnik-velike-kladuse\/#breadcrumb"},"inLanguage":"bs-BA","potentialAction":[{"@type":"ReadAction","target":["https:\/\/tuzlainfo.ba\/index.php\/bosna-i-hercegovina\/item\/255417-osudjeni-zlocinac-fikret-abdic-vise-nije-nacelnik-velike-kladuse\/"]}]},{"@type":"ImageObject","inLanguage":"bs-BA","@id":"https:\/\/tuzlainfo.ba\/index.php\/bosna-i-hercegovina\/item\/255417-osudjeni-zlocinac-fikret-abdic-vise-nije-nacelnik-velike-kladuse\/#primaryimage","url":"https:\/\/tuzlainfo.ba\/wp-content\/uploads\/2024\/11\/1511_fikret_abdic.jpg","contentUrl":"https:\/\/tuzlainfo.ba\/wp-content\/uploads\/2024\/11\/1511_fikret_abdic.jpg","width":871,"height":540},{"@type":"BreadcrumbList","@id":"https:\/\/tuzlainfo.ba\/index.php\/bosna-i-hercegovina\/item\/255417-osudjeni-zlocinac-fikret-abdic-vise-nije-nacelnik-velike-kladuse\/#breadcrumb","itemListElement":[{"@type":"ListItem","position":1,"name":"Home","item":"https:\/\/tuzlainfo.ba\/"},{"@type":"ListItem","position":2,"name":"Osu\u0111eni zlo\u010dinac Fikret Abdi\u0107 vi\u0161e nije na\u010delnik Velike Kladu\u0161e"}]},{"@type":"WebSite","@id":"https:\/\/tuzlainfo.ba\/#website","url":"https:\/\/tuzlainfo.ba\/","name":"TuzlaInfo.ba","description":"Tuzla info, gradski informator - Tuzla na dlanu","publisher":{"@id":"https:\/\/tuzlainfo.ba\/#organization"},"potentialAction":[{"@type":"SearchAction","target":{"@type":"EntryPoint","urlTemplate":"https:\/\/tuzlainfo.ba\/?s={search_term_string}"},"query-input":{"@type":"PropertyValueSpecification","valueRequired":true,"valueName":"search_term_string"}}],"inLanguage":"bs-BA"},{"@type":"Organization","@id":"https:\/\/tuzlainfo.ba\/#organization","name":"TuzlaInfo.ba","url":"https:\/\/tuzlainfo.ba\/","logo":{"@type":"ImageObject","inLanguage":"bs-BA","@id":"https:\/\/tuzlainfo.ba\/#\/schema\/logo\/image\/","url":"https:\/\/tuzlainfo.ba\/wp-content\/uploads\/2021\/03\/logo-ver-3-1.png","contentUrl":"https:\/\/tuzlainfo.ba\/wp-content\/uploads\/2021\/03\/logo-ver-3-1.png","width":350,"height":95,"caption":"TuzlaInfo.ba"},"image":{"@id":"https:\/\/tuzlainfo.ba\/#\/schema\/logo\/image\/"},"sameAs":["https:\/\/www.facebook.com\/tuzlainfo.ba\/"]},{"@type":"Person","@id":"https:\/\/tuzlainfo.ba\/#\/schema\/person\/f4ebe4fff27e68efb65fa7e18f8af372","name":"admin2","image":{"@type":"ImageObject","inLanguage":"bs-BA","@id":"https:\/\/tuzlainfo.ba\/#\/schema\/person\/image\/","url":"https:\/\/tuzlainfo.ba\/wp-content\/litespeed\/avatar\/8219eeb9a43cff2d096e773737736f62.jpg?ver=1777309398","contentUrl":"https:\/\/tuzlainfo.ba\/wp-content\/litespeed\/avatar\/8219eeb9a43cff2d096e773737736f62.jpg?ver=1777309398","caption":"admin2"},"description":"Tuzlainfo.ba pratite na dru\u0161tvenim mre\u017eama: Facebook, Instagram i Youtube. Svoje pri\u010de, upite i fotografije \u0161aljite na na\u0161u e-mail adresu.","sameAs":["admin"]}]}},"_links":{"self":[{"href":"https:\/\/tuzlainfo.ba\/index.php\/wp-json\/wp\/v2\/posts\/255417"}],"collection":[{"href":"https:\/\/tuzlainfo.ba\/index.php\/wp-json\/wp\/v2\/posts"}],"about":[{"href":"https:\/\/tuzlainfo.ba\/index.php\/wp-json\/wp\/v2\/types\/post"}],"author":[{"embeddable":true,"href":"https:\/\/tuzlainfo.ba\/index.php\/wp-json\/wp\/v2\/users\/3"}],"replies":[{"embeddable":true,"href":"https:\/\/tuzlainfo.ba\/index.php\/wp-json\/wp\/v2\/comments?post=255417"}],"version-history":[{"count":1,"href":"https:\/\/tuzlainfo.ba\/index.php\/wp-json\/wp\/v2\/posts\/255417\/revisions"}],"predecessor-version":[{"id":255420,"href":"https:\/\/tuzlainfo.ba\/index.php\/wp-json\/wp\/v2\/posts\/255417\/revisions\/255420"}],"wp:featuredmedia":[{"embeddable":true,"href":"https:\/\/tuzlainfo.ba\/index.php\/wp-json\/wp\/v2\/media\/255419"}],"wp:attachment":[{"href":"https:\/\/tuzlainfo.ba\/index.php\/wp-json\/wp\/v2\/media?parent=255417"}],"wp:term":[{"taxonomy":"category","embeddable":true,"href":"https:\/\/tuzlainfo.ba\/index.php\/wp-json\/wp\/v2\/categories?post=255417"},{"taxonomy":"post_tag","embeddable":true,"href":"https:\/\/tuzlainfo.ba\/index.php\/wp-json\/wp\/v2\/tags?post=255417"}],"curies":[{"name":"wp","href":"https:\/\/api.w.org\/{rel}","templated":true}]}}