{"id":255244,"date":"2024-11-14T10:07:19","date_gmt":"2024-11-14T09:07:19","guid":{"rendered":"https:\/\/tuzlainfo.ba\/?p=255244"},"modified":"2024-11-14T08:54:48","modified_gmt":"2024-11-14T07:54:48","slug":"borba-protiv-nasilja-u-porodici-tuzlanski-kanton-radi-na-jacanju-zastite-zrtava","status":"publish","type":"post","link":"https:\/\/tuzlainfo.ba\/index.php\/novosti\/item\/255244-borba-protiv-nasilja-u-porodici-tuzlanski-kanton-radi-na-jacanju-zastite-zrtava\/","title":{"rendered":"Borba protiv nasilja u porodici: Tuzlanski kanton radi na ja\u010danju za\u0161tite \u017ertava"},"content":{"rendered":"<p>U Skup\u0161tini Tuzlanskog kantona danas je odr\u017ean sastanak Koordinacionog tima za pra\u0107enje realizacije Akcionog plana za prevenciju i borbu protiv nasilja u porodici u Tuzlanskom kantonu za period 2024-2025. godina s predstavnicima lokalnih zajednica. Razgovarano je o formiranju multidisciplinarnih timova u op\u0107inama i gradovima u Tuzlanskom kantonu, a \u010dije djelovanje je predvi\u0111eno Akcionim planom odnosno Rezolucijom o prevenciji i borbi protiv svih oblika nasilja nad \u017eenama Skup\u0161tine Tuzlanskog kantona ali i federalnim Zakonom o za\u0161titi od nasilja u porodici.<\/p>\n<p>Na dana\u0161enjem sastanku su razmijenjene informacije o stanju na terenu kada je u pitanju djelovanje sistema za\u0161tite u slu\u010dajevima nasilja u porodici odnosno primjena Protokola o postupanju u slu\u010dajevima nasilja u porodici.<br \/>\nIstaknuto je da su me\u0111uinstitucionalna saradnja odnosno zajedni\u010dko i usagla\u0161eno djelovanje kantonalnog Koordinacionog tima i lokalnih multidisciplinarnih timova izuzetno zna\u010dajni za pobolj\u0161anje sistemske prevencije nasilja u porodici, unapre\u0111enje sistema sveobuhvatne i efikasne za\u0161tite \u017ertava nasilja u porodici i unapre\u0111enje istra\u017enih i pravosudnih radnji u slu\u010dajevima nasilja u porodici.<br \/>\nOcijenjeno je da je, u tom kontekstu, dana\u0161nji sastanak bio izuzetno koristan te dogovoreno da Koordinacioni tim za pra\u0107enje realizacije Akcionog plana za prevenciju i borbu protiv nasilja u porodici u Tuzlanskom kantonu za period 2024-2025. godina uputi inicijativu svim na\u010delnicima i gradona\u010delnicima lokalnih zajednica u kojima jo\u0161 uvijek nisu formirani multidisciplinarni timovi da to u\u010dine.<\/p>\n<p>Dana\u0161njem sastanku su, osim \u010dlanova Koordinacionog tima i predstavnika op\u0107ina odnosno gradova \u010celi\u0107a, Kladnja, Srebrenika, \u017divinica, Teo\u010daka, Tuzle, Kalesije, Doboj Istoka i Sapne, prisustvovale i predstavnice Misije OSCE-a u Bosni i Hercegovini, Ured u Tuzli, te predsjednice Komisije za pravdu, ljudska prava i gra\u0111anske slobode i Komisije za jednakopravnost spolova Skup\u0161tine Tuzlanskog kantona. Svi prisutni su, svako u okviru svojih nadle\u017enosti, izrazili spremnost za nastavak podr\u0161ke u realizaciji Akcionog plana za prevenciju i borbu protiv nasilja u porodici u Tuzlanskom kantonu za period 2024-2025. godina.<\/p>\n","protected":false},"excerpt":{"rendered":"<p>U Skup\u0161tini Tuzlanskog kantona danas je odr\u017ean sastanak Koordinacionog tima za pra\u0107enje realizacije Akcionog plana&hellip;<\/p>\n","protected":false},"author":4,"featured_media":255245,"comment_status":"closed","ping_status":"closed","sticky":false,"template":"","format":"standard","meta":{"_acf_changed":false,"footnotes":""},"categories":[12],"tags":[11474,1015,527],"acf":[],"yoast_head":"<!-- This site is optimized with the Yoast SEO plugin v23.5 - https:\/\/yoast.com\/wordpress\/plugins\/seo\/ -->\n<title>Borba protiv nasilja u porodici: Tuzlanski kanton radi na ja\u010danju za\u0161tite \u017ertava - TuzlaInfo.ba<\/title>\n<meta name=\"robots\" content=\"index, follow, max-snippet:-1, max-image-preview:large, max-video-preview:-1\" \/>\n<link rel=\"canonical\" href=\"https:\/\/tuzlainfo.ba\/index.php\/novosti\/item\/255244-borba-protiv-nasilja-u-porodici-tuzlanski-kanton-radi-na-jacanju-zastite-zrtava\/\" \/>\n<meta property=\"og:locale\" content=\"bs_BA\" \/>\n<meta property=\"og:type\" content=\"article\" \/>\n<meta property=\"og:title\" content=\"Borba protiv nasilja u porodici: Tuzlanski kanton radi na ja\u010danju za\u0161tite \u017ertava - TuzlaInfo.ba\" \/>\n<meta property=\"og:description\" content=\"U Skup\u0161tini Tuzlanskog kantona danas je odr\u017ean sastanak Koordinacionog tima za pra\u0107enje realizacije Akcionog plana&hellip;\" \/>\n<meta property=\"og:url\" content=\"https:\/\/tuzlainfo.ba\/index.php\/novosti\/item\/255244-borba-protiv-nasilja-u-porodici-tuzlanski-kanton-radi-na-jacanju-zastite-zrtava\/\" \/>\n<meta property=\"og:site_name\" content=\"TuzlaInfo.ba\" \/>\n<meta property=\"article:publisher\" content=\"https:\/\/www.facebook.com\/tuzlainfo.ba\/\" \/>\n<meta property=\"article:published_time\" content=\"2024-11-14T09:07:19+00:00\" \/>\n<meta property=\"article:modified_time\" content=\"2024-11-14T07:54:48+00:00\" \/>\n<meta property=\"og:image\" content=\"https:\/\/tuzlainfo.ba\/wp-content\/uploads\/2024\/11\/Sastanak-Koordinacionog-tima_1-scaled.jpg\" \/>\n\t<meta property=\"og:image:width\" content=\"2560\" \/>\n\t<meta property=\"og:image:height\" content=\"1558\" \/>\n\t<meta property=\"og:image:type\" content=\"image\/jpeg\" \/>\n<meta name=\"author\" content=\"Tuzla Info\" \/>\n<meta name=\"twitter:card\" content=\"summary_large_image\" \/>\n<meta name=\"twitter:label1\" content=\"Written by\" \/>\n\t<meta name=\"twitter:data1\" content=\"Tuzla Info\" \/>\n\t<meta name=\"twitter:label2\" content=\"Est. reading time\" \/>\n\t<meta name=\"twitter:data2\" content=\"2 minute\" \/>\n<script type=\"application\/ld+json\" class=\"yoast-schema-graph\">{\"@context\":\"https:\/\/schema.org\",\"@graph\":[{\"@type\":\"Article\",\"@id\":\"https:\/\/tuzlainfo.ba\/index.php\/novosti\/item\/255244-borba-protiv-nasilja-u-porodici-tuzlanski-kanton-radi-na-jacanju-zastite-zrtava\/#article\",\"isPartOf\":{\"@id\":\"https:\/\/tuzlainfo.ba\/index.php\/novosti\/item\/255244-borba-protiv-nasilja-u-porodici-tuzlanski-kanton-radi-na-jacanju-zastite-zrtava\/\"},\"author\":{\"name\":\"Tuzla Info\",\"@id\":\"https:\/\/tuzlainfo.ba\/#\/schema\/person\/46cad4c57790cbc50781edd14870825a\"},\"headline\":\"Borba protiv nasilja u porodici: Tuzlanski kanton radi na ja\u010danju za\u0161tite \u017ertava\",\"datePublished\":\"2024-11-14T09:07:19+00:00\",\"dateModified\":\"2024-11-14T07:54:48+00:00\",\"mainEntityOfPage\":{\"@id\":\"https:\/\/tuzlainfo.ba\/index.php\/novosti\/item\/255244-borba-protiv-nasilja-u-porodici-tuzlanski-kanton-radi-na-jacanju-zastite-zrtava\/\"},\"wordCount\":348,\"publisher\":{\"@id\":\"https:\/\/tuzlainfo.ba\/#organization\"},\"image\":{\"@id\":\"https:\/\/tuzlainfo.ba\/index.php\/novosti\/item\/255244-borba-protiv-nasilja-u-porodici-tuzlanski-kanton-radi-na-jacanju-zastite-zrtava\/#primaryimage\"},\"thumbnailUrl\":\"https:\/\/tuzlainfo.ba\/wp-content\/uploads\/2024\/11\/Sastanak-Koordinacionog-tima_1-scaled.jpg\",\"keywords\":[\"borba protiv nasilja\",\"nasilje u porodici\",\"tk\"],\"articleSection\":[\"Novosti\"],\"inLanguage\":\"bs-BA\"},{\"@type\":\"WebPage\",\"@id\":\"https:\/\/tuzlainfo.ba\/index.php\/novosti\/item\/255244-borba-protiv-nasilja-u-porodici-tuzlanski-kanton-radi-na-jacanju-zastite-zrtava\/\",\"url\":\"https:\/\/tuzlainfo.ba\/index.php\/novosti\/item\/255244-borba-protiv-nasilja-u-porodici-tuzlanski-kanton-radi-na-jacanju-zastite-zrtava\/\",\"name\":\"Borba protiv nasilja u porodici: Tuzlanski kanton radi na ja\u010danju za\u0161tite \u017ertava - TuzlaInfo.ba\",\"isPartOf\":{\"@id\":\"https:\/\/tuzlainfo.ba\/#website\"},\"primaryImageOfPage\":{\"@id\":\"https:\/\/tuzlainfo.ba\/index.php\/novosti\/item\/255244-borba-protiv-nasilja-u-porodici-tuzlanski-kanton-radi-na-jacanju-zastite-zrtava\/#primaryimage\"},\"image\":{\"@id\":\"https:\/\/tuzlainfo.ba\/index.php\/novosti\/item\/255244-borba-protiv-nasilja-u-porodici-tuzlanski-kanton-radi-na-jacanju-zastite-zrtava\/#primaryimage\"},\"thumbnailUrl\":\"https:\/\/tuzlainfo.ba\/wp-content\/uploads\/2024\/11\/Sastanak-Koordinacionog-tima_1-scaled.jpg\",\"datePublished\":\"2024-11-14T09:07:19+00:00\",\"dateModified\":\"2024-11-14T07:54:48+00:00\",\"breadcrumb\":{\"@id\":\"https:\/\/tuzlainfo.ba\/index.php\/novosti\/item\/255244-borba-protiv-nasilja-u-porodici-tuzlanski-kanton-radi-na-jacanju-zastite-zrtava\/#breadcrumb\"},\"inLanguage\":\"bs-BA\",\"potentialAction\":[{\"@type\":\"ReadAction\",\"target\":[\"https:\/\/tuzlainfo.ba\/index.php\/novosti\/item\/255244-borba-protiv-nasilja-u-porodici-tuzlanski-kanton-radi-na-jacanju-zastite-zrtava\/\"]}]},{\"@type\":\"ImageObject\",\"inLanguage\":\"bs-BA\",\"@id\":\"https:\/\/tuzlainfo.ba\/index.php\/novosti\/item\/255244-borba-protiv-nasilja-u-porodici-tuzlanski-kanton-radi-na-jacanju-zastite-zrtava\/#primaryimage\",\"url\":\"https:\/\/tuzlainfo.ba\/wp-content\/uploads\/2024\/11\/Sastanak-Koordinacionog-tima_1-scaled.jpg\",\"contentUrl\":\"https:\/\/tuzlainfo.ba\/wp-content\/uploads\/2024\/11\/Sastanak-Koordinacionog-tima_1-scaled.jpg\",\"width\":2560,\"height\":1558},{\"@type\":\"BreadcrumbList\",\"@id\":\"https:\/\/tuzlainfo.ba\/index.php\/novosti\/item\/255244-borba-protiv-nasilja-u-porodici-tuzlanski-kanton-radi-na-jacanju-zastite-zrtava\/#breadcrumb\",\"itemListElement\":[{\"@type\":\"ListItem\",\"position\":1,\"name\":\"Home\",\"item\":\"https:\/\/tuzlainfo.ba\/\"},{\"@type\":\"ListItem\",\"position\":2,\"name\":\"Borba protiv nasilja u porodici: Tuzlanski kanton radi na ja\u010danju za\u0161tite \u017ertava\"}]},{\"@type\":\"WebSite\",\"@id\":\"https:\/\/tuzlainfo.ba\/#website\",\"url\":\"https:\/\/tuzlainfo.ba\/\",\"name\":\"TuzlaInfo.ba\",\"description\":\"Tuzla info, gradski informator - Tuzla na dlanu\",\"publisher\":{\"@id\":\"https:\/\/tuzlainfo.ba\/#organization\"},\"potentialAction\":[{\"@type\":\"SearchAction\",\"target\":{\"@type\":\"EntryPoint\",\"urlTemplate\":\"https:\/\/tuzlainfo.ba\/?s={search_term_string}\"},\"query-input\":{\"@type\":\"PropertyValueSpecification\",\"valueRequired\":true,\"valueName\":\"search_term_string\"}}],\"inLanguage\":\"bs-BA\"},{\"@type\":\"Organization\",\"@id\":\"https:\/\/tuzlainfo.ba\/#organization\",\"name\":\"TuzlaInfo.ba\",\"url\":\"https:\/\/tuzlainfo.ba\/\",\"logo\":{\"@type\":\"ImageObject\",\"inLanguage\":\"bs-BA\",\"@id\":\"https:\/\/tuzlainfo.ba\/#\/schema\/logo\/image\/\",\"url\":\"https:\/\/tuzlainfo.ba\/wp-content\/uploads\/2021\/03\/logo-ver-3-1.png\",\"contentUrl\":\"https:\/\/tuzlainfo.ba\/wp-content\/uploads\/2021\/03\/logo-ver-3-1.png\",\"width\":350,\"height\":95,\"caption\":\"TuzlaInfo.ba\"},\"image\":{\"@id\":\"https:\/\/tuzlainfo.ba\/#\/schema\/logo\/image\/\"},\"sameAs\":[\"https:\/\/www.facebook.com\/tuzlainfo.ba\/\"]},{\"@type\":\"Person\",\"@id\":\"https:\/\/tuzlainfo.ba\/#\/schema\/person\/46cad4c57790cbc50781edd14870825a\",\"name\":\"Tuzla Info\",\"image\":{\"@type\":\"ImageObject\",\"inLanguage\":\"bs-BA\",\"@id\":\"https:\/\/tuzlainfo.ba\/#\/schema\/person\/image\/\",\"url\":\"https:\/\/tuzlainfo.ba\/wp-content\/litespeed\/avatar\/b6c453a6c38e3654f2e4416c643fc25c.jpg?ver=1777051911\",\"contentUrl\":\"https:\/\/tuzlainfo.ba\/wp-content\/litespeed\/avatar\/b6c453a6c38e3654f2e4416c643fc25c.jpg?ver=1777051911\",\"caption\":\"Tuzla Info\"}}]}<\/script>\n<!-- \/ Yoast SEO plugin. -->","yoast_head_json":{"title":"Borba protiv nasilja u porodici: Tuzlanski kanton radi na ja\u010danju za\u0161tite \u017ertava - TuzlaInfo.ba","robots":{"index":"index","follow":"follow","max-snippet":"max-snippet:-1","max-image-preview":"max-image-preview:large","max-video-preview":"max-video-preview:-1"},"canonical":"https:\/\/tuzlainfo.ba\/index.php\/novosti\/item\/255244-borba-protiv-nasilja-u-porodici-tuzlanski-kanton-radi-na-jacanju-zastite-zrtava\/","og_locale":"bs_BA","og_type":"article","og_title":"Borba protiv nasilja u porodici: Tuzlanski kanton radi na ja\u010danju za\u0161tite \u017ertava - TuzlaInfo.ba","og_description":"U Skup\u0161tini Tuzlanskog kantona danas je odr\u017ean sastanak Koordinacionog tima za pra\u0107enje realizacije Akcionog plana&hellip;","og_url":"https:\/\/tuzlainfo.ba\/index.php\/novosti\/item\/255244-borba-protiv-nasilja-u-porodici-tuzlanski-kanton-radi-na-jacanju-zastite-zrtava\/","og_site_name":"TuzlaInfo.ba","article_publisher":"https:\/\/www.facebook.com\/tuzlainfo.ba\/","article_published_time":"2024-11-14T09:07:19+00:00","article_modified_time":"2024-11-14T07:54:48+00:00","og_image":[{"width":2560,"height":1558,"url":"https:\/\/tuzlainfo.ba\/wp-content\/uploads\/2024\/11\/Sastanak-Koordinacionog-tima_1-scaled.jpg","type":"image\/jpeg"}],"author":"Tuzla Info","twitter_card":"summary_large_image","twitter_misc":{"Written by":"Tuzla Info","Est. reading time":"2 minute"},"schema":{"@context":"https:\/\/schema.org","@graph":[{"@type":"Article","@id":"https:\/\/tuzlainfo.ba\/index.php\/novosti\/item\/255244-borba-protiv-nasilja-u-porodici-tuzlanski-kanton-radi-na-jacanju-zastite-zrtava\/#article","isPartOf":{"@id":"https:\/\/tuzlainfo.ba\/index.php\/novosti\/item\/255244-borba-protiv-nasilja-u-porodici-tuzlanski-kanton-radi-na-jacanju-zastite-zrtava\/"},"author":{"name":"Tuzla Info","@id":"https:\/\/tuzlainfo.ba\/#\/schema\/person\/46cad4c57790cbc50781edd14870825a"},"headline":"Borba protiv nasilja u porodici: Tuzlanski kanton radi na ja\u010danju za\u0161tite \u017ertava","datePublished":"2024-11-14T09:07:19+00:00","dateModified":"2024-11-14T07:54:48+00:00","mainEntityOfPage":{"@id":"https:\/\/tuzlainfo.ba\/index.php\/novosti\/item\/255244-borba-protiv-nasilja-u-porodici-tuzlanski-kanton-radi-na-jacanju-zastite-zrtava\/"},"wordCount":348,"publisher":{"@id":"https:\/\/tuzlainfo.ba\/#organization"},"image":{"@id":"https:\/\/tuzlainfo.ba\/index.php\/novosti\/item\/255244-borba-protiv-nasilja-u-porodici-tuzlanski-kanton-radi-na-jacanju-zastite-zrtava\/#primaryimage"},"thumbnailUrl":"https:\/\/tuzlainfo.ba\/wp-content\/uploads\/2024\/11\/Sastanak-Koordinacionog-tima_1-scaled.jpg","keywords":["borba protiv nasilja","nasilje u porodici","tk"],"articleSection":["Novosti"],"inLanguage":"bs-BA"},{"@type":"WebPage","@id":"https:\/\/tuzlainfo.ba\/index.php\/novosti\/item\/255244-borba-protiv-nasilja-u-porodici-tuzlanski-kanton-radi-na-jacanju-zastite-zrtava\/","url":"https:\/\/tuzlainfo.ba\/index.php\/novosti\/item\/255244-borba-protiv-nasilja-u-porodici-tuzlanski-kanton-radi-na-jacanju-zastite-zrtava\/","name":"Borba protiv nasilja u porodici: Tuzlanski kanton radi na ja\u010danju za\u0161tite \u017ertava - TuzlaInfo.ba","isPartOf":{"@id":"https:\/\/tuzlainfo.ba\/#website"},"primaryImageOfPage":{"@id":"https:\/\/tuzlainfo.ba\/index.php\/novosti\/item\/255244-borba-protiv-nasilja-u-porodici-tuzlanski-kanton-radi-na-jacanju-zastite-zrtava\/#primaryimage"},"image":{"@id":"https:\/\/tuzlainfo.ba\/index.php\/novosti\/item\/255244-borba-protiv-nasilja-u-porodici-tuzlanski-kanton-radi-na-jacanju-zastite-zrtava\/#primaryimage"},"thumbnailUrl":"https:\/\/tuzlainfo.ba\/wp-content\/uploads\/2024\/11\/Sastanak-Koordinacionog-tima_1-scaled.jpg","datePublished":"2024-11-14T09:07:19+00:00","dateModified":"2024-11-14T07:54:48+00:00","breadcrumb":{"@id":"https:\/\/tuzlainfo.ba\/index.php\/novosti\/item\/255244-borba-protiv-nasilja-u-porodici-tuzlanski-kanton-radi-na-jacanju-zastite-zrtava\/#breadcrumb"},"inLanguage":"bs-BA","potentialAction":[{"@type":"ReadAction","target":["https:\/\/tuzlainfo.ba\/index.php\/novosti\/item\/255244-borba-protiv-nasilja-u-porodici-tuzlanski-kanton-radi-na-jacanju-zastite-zrtava\/"]}]},{"@type":"ImageObject","inLanguage":"bs-BA","@id":"https:\/\/tuzlainfo.ba\/index.php\/novosti\/item\/255244-borba-protiv-nasilja-u-porodici-tuzlanski-kanton-radi-na-jacanju-zastite-zrtava\/#primaryimage","url":"https:\/\/tuzlainfo.ba\/wp-content\/uploads\/2024\/11\/Sastanak-Koordinacionog-tima_1-scaled.jpg","contentUrl":"https:\/\/tuzlainfo.ba\/wp-content\/uploads\/2024\/11\/Sastanak-Koordinacionog-tima_1-scaled.jpg","width":2560,"height":1558},{"@type":"BreadcrumbList","@id":"https:\/\/tuzlainfo.ba\/index.php\/novosti\/item\/255244-borba-protiv-nasilja-u-porodici-tuzlanski-kanton-radi-na-jacanju-zastite-zrtava\/#breadcrumb","itemListElement":[{"@type":"ListItem","position":1,"name":"Home","item":"https:\/\/tuzlainfo.ba\/"},{"@type":"ListItem","position":2,"name":"Borba protiv nasilja u porodici: Tuzlanski kanton radi na ja\u010danju za\u0161tite \u017ertava"}]},{"@type":"WebSite","@id":"https:\/\/tuzlainfo.ba\/#website","url":"https:\/\/tuzlainfo.ba\/","name":"TuzlaInfo.ba","description":"Tuzla info, gradski informator - Tuzla na dlanu","publisher":{"@id":"https:\/\/tuzlainfo.ba\/#organization"},"potentialAction":[{"@type":"SearchAction","target":{"@type":"EntryPoint","urlTemplate":"https:\/\/tuzlainfo.ba\/?s={search_term_string}"},"query-input":{"@type":"PropertyValueSpecification","valueRequired":true,"valueName":"search_term_string"}}],"inLanguage":"bs-BA"},{"@type":"Organization","@id":"https:\/\/tuzlainfo.ba\/#organization","name":"TuzlaInfo.ba","url":"https:\/\/tuzlainfo.ba\/","logo":{"@type":"ImageObject","inLanguage":"bs-BA","@id":"https:\/\/tuzlainfo.ba\/#\/schema\/logo\/image\/","url":"https:\/\/tuzlainfo.ba\/wp-content\/uploads\/2021\/03\/logo-ver-3-1.png","contentUrl":"https:\/\/tuzlainfo.ba\/wp-content\/uploads\/2021\/03\/logo-ver-3-1.png","width":350,"height":95,"caption":"TuzlaInfo.ba"},"image":{"@id":"https:\/\/tuzlainfo.ba\/#\/schema\/logo\/image\/"},"sameAs":["https:\/\/www.facebook.com\/tuzlainfo.ba\/"]},{"@type":"Person","@id":"https:\/\/tuzlainfo.ba\/#\/schema\/person\/46cad4c57790cbc50781edd14870825a","name":"Tuzla Info","image":{"@type":"ImageObject","inLanguage":"bs-BA","@id":"https:\/\/tuzlainfo.ba\/#\/schema\/person\/image\/","url":"https:\/\/tuzlainfo.ba\/wp-content\/litespeed\/avatar\/b6c453a6c38e3654f2e4416c643fc25c.jpg?ver=1777051911","contentUrl":"https:\/\/tuzlainfo.ba\/wp-content\/litespeed\/avatar\/b6c453a6c38e3654f2e4416c643fc25c.jpg?ver=1777051911","caption":"Tuzla Info"}}]}},"_links":{"self":[{"href":"https:\/\/tuzlainfo.ba\/index.php\/wp-json\/wp\/v2\/posts\/255244"}],"collection":[{"href":"https:\/\/tuzlainfo.ba\/index.php\/wp-json\/wp\/v2\/posts"}],"about":[{"href":"https:\/\/tuzlainfo.ba\/index.php\/wp-json\/wp\/v2\/types\/post"}],"author":[{"embeddable":true,"href":"https:\/\/tuzlainfo.ba\/index.php\/wp-json\/wp\/v2\/users\/4"}],"replies":[{"embeddable":true,"href":"https:\/\/tuzlainfo.ba\/index.php\/wp-json\/wp\/v2\/comments?post=255244"}],"version-history":[{"count":1,"href":"https:\/\/tuzlainfo.ba\/index.php\/wp-json\/wp\/v2\/posts\/255244\/revisions"}],"predecessor-version":[{"id":255246,"href":"https:\/\/tuzlainfo.ba\/index.php\/wp-json\/wp\/v2\/posts\/255244\/revisions\/255246"}],"wp:featuredmedia":[{"embeddable":true,"href":"https:\/\/tuzlainfo.ba\/index.php\/wp-json\/wp\/v2\/media\/255245"}],"wp:attachment":[{"href":"https:\/\/tuzlainfo.ba\/index.php\/wp-json\/wp\/v2\/media?parent=255244"}],"wp:term":[{"taxonomy":"category","embeddable":true,"href":"https:\/\/tuzlainfo.ba\/index.php\/wp-json\/wp\/v2\/categories?post=255244"},{"taxonomy":"post_tag","embeddable":true,"href":"https:\/\/tuzlainfo.ba\/index.php\/wp-json\/wp\/v2\/tags?post=255244"}],"curies":[{"name":"wp","href":"https:\/\/api.w.org\/{rel}","templated":true}]}}