{"id":255220,"date":"2024-11-13T16:30:17","date_gmt":"2024-11-13T15:30:17","guid":{"rendered":"https:\/\/tuzlainfo.ba\/?p=255220"},"modified":"2024-11-13T11:46:00","modified_gmt":"2024-11-13T10:46:00","slug":"odrzana-sjednica-predsjednistva-sda-doneseno-11-zakljucaka","status":"publish","type":"post","link":"https:\/\/tuzlainfo.ba\/index.php\/bosna-i-hercegovina\/item\/255220-odrzana-sjednica-predsjednistva-sda-doneseno-11-zakljucaka\/","title":{"rendered":"Odr\u017eana sjednica Predsjedni\u0161tva SDA: doneseno 11 zaklju\u010daka"},"content":{"rendered":"<p>U Sarajevu je odr\u017eana sjednica Predsjedni\u0161tva SDA nakon koje su saop\u0107eni zaklju\u010dci.<\/p>\n<p>Zaklju\u010dke prenosimo u cjelosti:<\/p>\n<p>1. Predsjedni\u0161tvo SDA ocjenjuje da je Stranka na proteklim Lokalnim izborima ostvarila dobar izborni rezultat, \u010dime je potvrdila status najsna\u017enije politi\u010dke organizacije u Bosni i Hercegovini. Uz to, SDA je i najbr\u017ee rastu\u0107a stranka, \u0161to potvr\u0111uje linearni rast broja glasova od oko 27 posto u FBiH, a u pojedinim kantonima i preko 40 posto.<\/p>\n<p>Sa 35 na\u010delnika i 588 izabranih vije\u0107nika, SDA je ubjedljivo najja\u010da stranka. U FBiH SDA je osvojila duplo vi\u0161e glasova od prve naredne stranke, te 56.000 glasova vi\u0161e u odnosu na stranke Trojke zajedno.<\/p>\n<p>Rastu\u0107a podr\u0161ka gra\u0111ana potvr\u0111uje ispravnost politika koje vodi SDA, a posebno zadovoljstvo iskazujemo kadrovskim podmla\u0111ivanjem Stranke.<\/p>\n<p>2. Predsjedni\u0161tvo SDA \u010destita novoizabranom predsjedniku SAD Donaldu Trumpu, kao i novoizabranim senatorima i kongresmenima. Uvjereni smo da \u0107e SAD, kao dokazani prijatelj i saveznik nastaviti da pru\u017eaju podr\u0161ku teritorijalnom integritetu, suverenitetu i stabilnosti Bosne i Hercegovine.<\/p>\n<p>Iskazujemo nadu da \u0107e biti ispunjena i obe\u0107anja novoizabranog ameri\u010dkog predsjednika o zaustavljanju razaraju\u0107ih ratova i stradanja nevinih ljudi, te da \u0107e se u nadolaze\u0107em vremenu stanje diljem svijeta stabilizirati.<\/p>\n<p>3. Predsjedni\u0161tvo SDA upozorava na realizaciju Deklaracije svesrpskog sabora iz juna 2024. godine, te zahtjeva od institucija Bosne i Hercegovine, a posebno predstavnika Trojke, da se odlu\u010dnije suprotstave takvim nastojanjima. Rije\u010d je o projektu nastavka agresije protiv BiH, koji ima za cilj da 49 posto bh. teritorije institucionalno, identitetski i kulturolo\u0161ki pripoji Srbiji.<\/p>\n<p>U tu svrhu se provode brojne aktivnosti na politi\u010dkom, dru\u0161tvenom, kulturnom, sportskom i medijskom planu. S tim ciljem se donose neustavni zakoni, u primjenu poku\u0161avaju uvesti grb, zastava i himna Srbije, Zakonom o sprovo\u0111enju odluka Komisije za za\u0161titu nacionalnih spomenika se poku\u0161ava brisati ime Bosne i Hercegovine, kao i preispitivati odluka dr\u017eavne komisije od strane entitetskih organa, uskla\u0111uju se nastavni planovi, osigurava prisustvo srbijanske policije u entitetu RS, najavljuje se odlazak mladih na slu\u017eenje vojnog roka u Srbiju, te se u op\u0107em narativu ovaj entitet poku\u0161ava prikazati kao isklju\u010divo srpski. SDA \u0107e se, kao i ranije, efikasno suprotstaviti ovakvim politikama i sve neustavne i antidr\u017eavne zakone osporiti apelacijama pred Ustavnim sudom BiH, ali i poduzimati sve druge zakonom dozvoljene radnje kako bi se zaustavio napad na dr\u017eavu.<\/p>\n<p>4. Predsjedni\u0161tvo SDA zahtjeva od aktuelne vladaju\u0107e ve\u0107ine da u skladu sa zakonskim rokovima pristupi utvr\u0111ivanju fiskalnog okvira i izradi bud\u017eeta institucija Bosne i Hercegovine za 2025. godinu, te da osigura zna\u010dajno pove\u0107anje sredstava namijenjenih za opremanje i obu\u010davanje Oru\u017eanih snaga Bosne i Hercegovine.<\/p>\n<p>Susjedne zemlje se intenzivno i ubrzano naoru\u017eavaju, te ponovo aktiviraju obavezno slu\u017eenje vojnog roka.<\/p>\n<p>Uzev\u0161i u obzir te procese, kao i op\u0107u situaciju u svijetu, Bosna i Hercegovine mora imati adekvatan odgovor. To je i obaveza u skladu sa Aneksom 1 b. Dejtonskog mirovnog sporazuma i Sporazuma o subregionalnoj kontroli naoru\u017eanja koji je potpisan 1998. godine izme\u0111u tada\u0161nje Savezne Republike Jugoslavije, Republike Hrvatske i Bosne i Hercegovine.<\/p>\n<p>5. Predsjedni\u0161tvo SDA nagla\u0161ava da je \u010dvrsto opredjeljeno za \u010dlanstvo Bosne i Hercegovine u Evropskoj uniji, te da \u0107e SDA u Parlamentarnoj skup\u0161tini BiH dati podr\u0161ku svim zakonima i drugim dokumentima koji ubrzavaju evropski put na\u0161e zemlje. Me\u0111utim, nedopustivim i \u0161tetnim smatramo popu\u0161tanje Trojke prema zahtjevima Milorada Dodika, koji se nastoje predstaviti kao kompromisi, kao \u0161to je bio slu\u010daj sa odbijenim prijedlogom Plana rasta, te namjerom da se u Plan integrisanja uvrsti neustavni Zakon o tehni\u010dkim propisima RS-a i Dodikovoj stranci prepusti pozicija glavnog pregovara\u010da.<\/p>\n<p>Pristajanje na diktat samo jedne strane nije kompromis, ve\u0107 lo\u0161a, neodgovorna i po interese dr\u017eave \u0161tetna politika. Ohrabruju stavovi Evropske komisije, koja sa gotovo identi\u010dnom argumentacijom koju ima i SDA odbija da prihvati nepotpune i \u0161tetne dokumente.<\/p>\n<p>6. Predsjedni\u0161tvo SDA je ocijenilo da su politike stranaka Trojke \u0161tetne za dr\u017eavu i gra\u0111ane, najlo\u0161ije i najneuspje\u0161nije u postdejtonskom periodu, te da je neuspjeh posebno vidljiv u Federaciji BiH. Glavne politi\u010dke procese vodi HDZ, kojem je prepu\u0161tena kontrola nad nizom bitnih oblasti. Iako su bud\u017eet FBiH naslijedili sa zna\u010dajnim suficitom, te stotinama miliona maraka na ra\u010dunima javnih preduze\u0107a, nametnuta Vlada Nermina Nik\u0161i\u0107a i Trojka su za samo godinu i po Federaciju doveli na rub ekonomskog kolapsa.<\/p>\n<p>Svi bitni ekonomski parametri, a naro\u010dito industrijska proizvodnja i izvoz, su u padu, dok s druge strane rastu deficit u bud\u017eetu, zadu\u017eenja koja su dosegla skoro milijardu KM, gubici i dug javnih preduze\u0107a, cijene hrane, struje i telekom usluga.<\/p>\n<p>S obzirom na konstantni rast cijena, od Vlade FBiH zahtjevamo da osigura pove\u0107anje penzija, te \u0161to hitniju isplatu obe\u0107ane jednokratne pomo\u0107i penzionerima, koje su doveli u posebno te\u017eak polo\u017eaj. Tako\u0111er, od Vlade tra\u017eimo da u parlamentarnu proceduru kona\u010dno uputi set fiskalnih zakona kojima bi se osigurala minimalna pla\u0107a u iznosu od 1.000 KM.<\/p>\n<p>7. Poplave koje su pogodile Jablanicu, Konjic i niz op\u0107ina u SBK, te \u0161umski po\u017eari koji su tokom cijelog ljeta harali diljem BiH, pokazali su nespremnost vlasti da odgovore na posljedice elementarnih nepogoda. Od vlasti u BiH, a posebno od Vlade FBiH, tra\u017eimo da ubrzaju obnovu stambenih objekata i infrastrukture, a prioritetno \u017eeljezni\u010dke pruge u Jablanici, te da upoznaju javnost sa rokom u kojem \u0107e sanacija \u017eeljezni\u010dke pruge biti okon\u010dana. Tako\u0111er tra\u017eimo da odustanu od rastro\u0161nosti, tro\u0161enja bud\u017eetskog novca za politi\u010dke i li\u010dne ciljeve i nabavke skupocjenih automobila, te da sredstva u bud\u017eetu za 2025. usmjere na opremanje i ja\u010danje Civilne za\u0161tite i nabavku letjelica za ga\u0161enje po\u017eara.<\/p>\n<p>Podsje\u0107amo javnost da je prethodna Vlade FBiH bila osigurala sredstva za nabavku letjelica za ga\u0161enje po\u017eara, ali da je Nik\u0161i\u0107eva vlada ta sredstva potro\u0161ila u druge svrhe.<\/p>\n<p>Predsjedni\u0161tvo SDA tra\u017ei od na\u010delnika op\u0107ina i gradona\u010delnika iz SDA da u bud\u017eete za 2025. godinu uvrste i pomo\u0107 za nastradale u poplavama u HNK i SBK.<\/p>\n<p>8. Predsjedni\u0161tvo SDA odbacuje kao potpuno neistinite tvrdnje prisutne u javnom prostoru po kojima SDA podriva OHR i tra\u017ei njegovo ukidanje. Takve tvrdnje koje dolaze iz me\u0111unarodnih i doma\u0107ih krugova su lo\u0161a propaganda sa ciljem odvla\u010denja pa\u017enje od vlastitih gre\u0161aka i neuspjeha.<\/p>\n<p>SDA nikada nije tra\u017eila ukidanje OHR-a, ve\u0107 naprotiv, podr\u017eava njegov rad u svim segmentima koji zna\u010de dosljedno provo\u0111enje Dejtonskog mirovnog sporazuma, te za\u0161titu i ja\u010danje dr\u017eave Bosne i Hercegovine. Podr\u0161kom smatramo i ukazivanje na gre\u0161ke koje je Visoki predstavnik napravio pod pritiskom doma\u0107ih i stranih faktora, kao \u0161to su izmjene Ustava FBiH i Izbornog zakona na dan izbora, suspenzija Ustava FBiH na jedan dan kako bi se poni\u0161tila politi\u010dka volja Bo\u0161njaka, te podrivanje presude Evropskog suda za ljudska prava po apelaciji Slavena Kova\u010devi\u0107a, uz istovremeno ignorisanje djelovanja vlasti u entitetu RS koje intenziviraju aparthejd i diskriminaciju nesrpskog stanovni\u0161tva.<\/p>\n<p>OHR mora ostati u Bosni i Hercegovini sve dok ne budu ispunjeni svi uslovi iz Programa 5+2, ali i ispravno i principijelno provoditi mandat po kojem je du\u017ean da djeluje Visoki predstavnik.<\/p>\n<p>9. Predsjedni\u0161tvo SDA odbacuje i drugu propagandisti\u010dku neistinu da je SDA protiv Suda BiH i da podriva rad bh. pravosu\u0111a.<\/p>\n<p>SDA poma\u017ee rad bh. pravosu\u0111a svojom spremno\u0161\u0107u da podr\u017ei svaku reformu koja bi osigurala nezavisno i nepristrasno djelovanje pravosudnih institucija, ali i svojom odlu\u010dno\u0161\u0107u da kritikuje o\u010digledne devijacije, zloupotrebe i politi\u010dku instrumentalizaciju, kojima svjedo\u010di cjelokupna javnost. Ne mogu se zatvarati o\u010di pred brojnim aferama koje su u protekloj deceniji pratile rad pravosu\u0111a, rezultirale smjenama, suspenzijama i hap\u0161enjima visokopozicioniranih kadrova u pravosu\u0111u.<\/p>\n<p>Poseban problem predstavlja poku\u0161aj dijela bh. pravosu\u0111a da izjedna\u010di strane u sukobu iz 90-ih godina, provode\u0107i selektivnu pravdu. Izostanak podizanja optu\u017enica za opsadu Gora\u017eda i Sarajeva, ignoriranje Liste A koju je Ha\u0161ki tribunal dostavio Tu\u017eila\u0161tvu BiH, uz istovremeno svakodnevno podizanje optu\u017enica i izricanje presuda komandantima Armije RBiH, je nedopustiv pristup i jasno ukazuje na postojanje dvostrukih standarda.<\/p>\n<p>Na to, kao i na procesuiranje korupcije i drugih te\u0161kih krivi\u010dnih djela gotovo isklju\u010divo na podru\u010djima na kojima Bo\u0161njaci \u010dine ve\u0107inu, SDA ne\u0107e \u0161utjeti.<\/p>\n<p>10. Predsjedni\u0161tvo SDA ocjenuje veoma dobrim rad kantonalnih vlada predvo\u0111enih kadrovima SDA, \u0161to rezultira stabilnim ekonomskim i finansijskim stanjem u ovim kantonima, unato\u010d izostanku predvi\u0111enih nov\u010danih transakcija sa nivoa Federacije. Odgovorno djelovanje u interesu gra\u0111ana u tim kantonima, koji imaju dvostruko i trostruko manje bud\u017eete na pribli\u017ean broj stanovnika, jo\u0161 je uo\u010dljivije kada se uporedi sa Trojkinom vladom u Kantonu Sarajevo. Nesposobnost Vlade Kantona Sarajevo je ve\u0107 kulminirala. Kantonalni bud\u017eet je deficitu, dug je prema\u0161io pola milijarde KM, plate i naknade kasne, a novac predvi\u0111en za policiju, borce, socijalnu za\u0161titu i implementiranje Zakona o Srebrenici, preusmjerava se na isplate pla\u0107a.<\/p>\n<p>11. Predsjedni\u0161tvo SDA zahtjeva od Vije\u0107a ministara BiH da odmah imenuje upravlja\u010dku strukturu u Nacionalnoj i univerzitetskoj biblioteci BiH (NUBBiH) i da osiguraju neopdhodna sredstva za funkcioniranje jedne od najva\u017enijih kulturno-akademskih institucija.<\/p>\n<p>Posebnu odgovornost za obustavljanje rada NUBBiH snose ministri Trojke, koji ne poduzimaju ni\u0161ta da problem rije\u0161e na nivou Vije\u0107a ministar BiH.<\/p>\n<p>Trojka je svojim ne\u010dinjenjem onemogu\u0107ila publiciranje knjiga na bosanskom jeziku, \u0161to \u0107e neminovno prisiliti na\u0161e akademske radnike, profesore i istra\u017eiva\u010de da svoja djela izdaju u susjednim zemljama, \u010dime se podriva bosanskohercegova\u010dka akademska autonomija i identitet.<\/p>\n<p>Ovo je samo jedan od mnogih koraka u kontinuiranom uru\u0161avanju dr\u017eavnosti Bosne i Hercegovine kojima svojom servilno\u0161\u0107u doprinosi Trojka. Kroz ove i sli\u010dne poteze iz dana u dan se prepu\u0161taju njene klju\u010dne institucije spregu SNSD\/HDZ, te posredno susjednim zemljama.<\/p>\n","protected":false},"excerpt":{"rendered":"<p>U Sarajevu je odr\u017eana sjednica Predsjedni\u0161tva SDA nakon koje su saop\u0107eni zaklju\u010dci. Zaklju\u010dke prenosimo u&hellip;<\/p>\n","protected":false},"author":3,"featured_media":172022,"comment_status":"closed","ping_status":"closed","sticky":false,"template":"","format":"standard","meta":{"_acf_changed":false,"footnotes":""},"categories":[291,1],"tags":[3509],"acf":[],"yoast_head":"<!-- This site is optimized with the Yoast SEO plugin v23.5 - https:\/\/yoast.com\/wordpress\/plugins\/seo\/ -->\n<title>Odr\u017eana sjednica Predsjedni\u0161tva SDA: doneseno 11 zaklju\u010daka - TuzlaInfo.ba<\/title>\n<meta name=\"robots\" content=\"index, follow, max-snippet:-1, max-image-preview:large, max-video-preview:-1\" \/>\n<link rel=\"canonical\" href=\"https:\/\/tuzlainfo.ba\/index.php\/bosna-i-hercegovina\/item\/255220-odrzana-sjednica-predsjednistva-sda-doneseno-11-zakljucaka\/\" \/>\n<meta property=\"og:locale\" content=\"bs_BA\" \/>\n<meta property=\"og:type\" content=\"article\" \/>\n<meta property=\"og:title\" content=\"Odr\u017eana sjednica Predsjedni\u0161tva SDA: doneseno 11 zaklju\u010daka - TuzlaInfo.ba\" \/>\n<meta property=\"og:description\" content=\"U Sarajevu je odr\u017eana sjednica Predsjedni\u0161tva SDA nakon koje su saop\u0107eni zaklju\u010dci. Zaklju\u010dke prenosimo u&hellip;\" \/>\n<meta property=\"og:url\" content=\"https:\/\/tuzlainfo.ba\/index.php\/bosna-i-hercegovina\/item\/255220-odrzana-sjednica-predsjednistva-sda-doneseno-11-zakljucaka\/\" \/>\n<meta property=\"og:site_name\" content=\"TuzlaInfo.ba\" \/>\n<meta property=\"article:publisher\" content=\"https:\/\/www.facebook.com\/tuzlainfo.ba\/\" \/>\n<meta property=\"article:published_time\" content=\"2024-11-13T15:30:17+00:00\" \/>\n<meta property=\"article:modified_time\" content=\"2024-11-13T10:46:00+00:00\" \/>\n<meta property=\"og:image\" content=\"https:\/\/tuzlainfo.ba\/wp-content\/uploads\/2022\/05\/1305_bakir_izetbegovic.jpg\" \/>\n\t<meta property=\"og:image:width\" content=\"1000\" \/>\n\t<meta property=\"og:image:height\" content=\"666\" \/>\n\t<meta property=\"og:image:type\" content=\"image\/jpeg\" \/>\n<meta name=\"author\" content=\"admin2\" \/>\n<meta name=\"twitter:card\" content=\"summary_large_image\" \/>\n<meta name=\"twitter:label1\" content=\"Written by\" \/>\n\t<meta name=\"twitter:data1\" content=\"admin2\" \/>\n\t<meta name=\"twitter:label2\" content=\"Est. reading time\" \/>\n\t<meta name=\"twitter:data2\" content=\"9 minuta\" \/>\n<script type=\"application\/ld+json\" class=\"yoast-schema-graph\">{\"@context\":\"https:\/\/schema.org\",\"@graph\":[{\"@type\":\"Article\",\"@id\":\"https:\/\/tuzlainfo.ba\/index.php\/bosna-i-hercegovina\/item\/255220-odrzana-sjednica-predsjednistva-sda-doneseno-11-zakljucaka\/#article\",\"isPartOf\":{\"@id\":\"https:\/\/tuzlainfo.ba\/index.php\/bosna-i-hercegovina\/item\/255220-odrzana-sjednica-predsjednistva-sda-doneseno-11-zakljucaka\/\"},\"author\":{\"name\":\"admin2\",\"@id\":\"https:\/\/tuzlainfo.ba\/#\/schema\/person\/f4ebe4fff27e68efb65fa7e18f8af372\"},\"headline\":\"Odr\u017eana sjednica Predsjedni\u0161tva SDA: doneseno 11 zaklju\u010daka\",\"datePublished\":\"2024-11-13T15:30:17+00:00\",\"dateModified\":\"2024-11-13T10:46:00+00:00\",\"mainEntityOfPage\":{\"@id\":\"https:\/\/tuzlainfo.ba\/index.php\/bosna-i-hercegovina\/item\/255220-odrzana-sjednica-predsjednistva-sda-doneseno-11-zakljucaka\/\"},\"wordCount\":1697,\"publisher\":{\"@id\":\"https:\/\/tuzlainfo.ba\/#organization\"},\"image\":{\"@id\":\"https:\/\/tuzlainfo.ba\/index.php\/bosna-i-hercegovina\/item\/255220-odrzana-sjednica-predsjednistva-sda-doneseno-11-zakljucaka\/#primaryimage\"},\"thumbnailUrl\":\"https:\/\/tuzlainfo.ba\/wp-content\/uploads\/2022\/05\/1305_bakir_izetbegovic.jpg\",\"keywords\":[\"SDA bih\"],\"articleSection\":[\"Bosna i Hercegovina\",\"Uncategorized\"],\"inLanguage\":\"bs-BA\"},{\"@type\":\"WebPage\",\"@id\":\"https:\/\/tuzlainfo.ba\/index.php\/bosna-i-hercegovina\/item\/255220-odrzana-sjednica-predsjednistva-sda-doneseno-11-zakljucaka\/\",\"url\":\"https:\/\/tuzlainfo.ba\/index.php\/bosna-i-hercegovina\/item\/255220-odrzana-sjednica-predsjednistva-sda-doneseno-11-zakljucaka\/\",\"name\":\"Odr\u017eana sjednica Predsjedni\u0161tva SDA: doneseno 11 zaklju\u010daka - TuzlaInfo.ba\",\"isPartOf\":{\"@id\":\"https:\/\/tuzlainfo.ba\/#website\"},\"primaryImageOfPage\":{\"@id\":\"https:\/\/tuzlainfo.ba\/index.php\/bosna-i-hercegovina\/item\/255220-odrzana-sjednica-predsjednistva-sda-doneseno-11-zakljucaka\/#primaryimage\"},\"image\":{\"@id\":\"https:\/\/tuzlainfo.ba\/index.php\/bosna-i-hercegovina\/item\/255220-odrzana-sjednica-predsjednistva-sda-doneseno-11-zakljucaka\/#primaryimage\"},\"thumbnailUrl\":\"https:\/\/tuzlainfo.ba\/wp-content\/uploads\/2022\/05\/1305_bakir_izetbegovic.jpg\",\"datePublished\":\"2024-11-13T15:30:17+00:00\",\"dateModified\":\"2024-11-13T10:46:00+00:00\",\"breadcrumb\":{\"@id\":\"https:\/\/tuzlainfo.ba\/index.php\/bosna-i-hercegovina\/item\/255220-odrzana-sjednica-predsjednistva-sda-doneseno-11-zakljucaka\/#breadcrumb\"},\"inLanguage\":\"bs-BA\",\"potentialAction\":[{\"@type\":\"ReadAction\",\"target\":[\"https:\/\/tuzlainfo.ba\/index.php\/bosna-i-hercegovina\/item\/255220-odrzana-sjednica-predsjednistva-sda-doneseno-11-zakljucaka\/\"]}]},{\"@type\":\"ImageObject\",\"inLanguage\":\"bs-BA\",\"@id\":\"https:\/\/tuzlainfo.ba\/index.php\/bosna-i-hercegovina\/item\/255220-odrzana-sjednica-predsjednistva-sda-doneseno-11-zakljucaka\/#primaryimage\",\"url\":\"https:\/\/tuzlainfo.ba\/wp-content\/uploads\/2022\/05\/1305_bakir_izetbegovic.jpg\",\"contentUrl\":\"https:\/\/tuzlainfo.ba\/wp-content\/uploads\/2022\/05\/1305_bakir_izetbegovic.jpg\",\"width\":1000,\"height\":666},{\"@type\":\"BreadcrumbList\",\"@id\":\"https:\/\/tuzlainfo.ba\/index.php\/bosna-i-hercegovina\/item\/255220-odrzana-sjednica-predsjednistva-sda-doneseno-11-zakljucaka\/#breadcrumb\",\"itemListElement\":[{\"@type\":\"ListItem\",\"position\":1,\"name\":\"Home\",\"item\":\"https:\/\/tuzlainfo.ba\/\"},{\"@type\":\"ListItem\",\"position\":2,\"name\":\"Odr\u017eana sjednica Predsjedni\u0161tva SDA: doneseno 11 zaklju\u010daka\"}]},{\"@type\":\"WebSite\",\"@id\":\"https:\/\/tuzlainfo.ba\/#website\",\"url\":\"https:\/\/tuzlainfo.ba\/\",\"name\":\"TuzlaInfo.ba\",\"description\":\"Tuzla info, gradski informator - Tuzla na dlanu\",\"publisher\":{\"@id\":\"https:\/\/tuzlainfo.ba\/#organization\"},\"potentialAction\":[{\"@type\":\"SearchAction\",\"target\":{\"@type\":\"EntryPoint\",\"urlTemplate\":\"https:\/\/tuzlainfo.ba\/?s={search_term_string}\"},\"query-input\":{\"@type\":\"PropertyValueSpecification\",\"valueRequired\":true,\"valueName\":\"search_term_string\"}}],\"inLanguage\":\"bs-BA\"},{\"@type\":\"Organization\",\"@id\":\"https:\/\/tuzlainfo.ba\/#organization\",\"name\":\"TuzlaInfo.ba\",\"url\":\"https:\/\/tuzlainfo.ba\/\",\"logo\":{\"@type\":\"ImageObject\",\"inLanguage\":\"bs-BA\",\"@id\":\"https:\/\/tuzlainfo.ba\/#\/schema\/logo\/image\/\",\"url\":\"https:\/\/tuzlainfo.ba\/wp-content\/uploads\/2021\/03\/logo-ver-3-1.png\",\"contentUrl\":\"https:\/\/tuzlainfo.ba\/wp-content\/uploads\/2021\/03\/logo-ver-3-1.png\",\"width\":350,\"height\":95,\"caption\":\"TuzlaInfo.ba\"},\"image\":{\"@id\":\"https:\/\/tuzlainfo.ba\/#\/schema\/logo\/image\/\"},\"sameAs\":[\"https:\/\/www.facebook.com\/tuzlainfo.ba\/\"]},{\"@type\":\"Person\",\"@id\":\"https:\/\/tuzlainfo.ba\/#\/schema\/person\/f4ebe4fff27e68efb65fa7e18f8af372\",\"name\":\"admin2\",\"image\":{\"@type\":\"ImageObject\",\"inLanguage\":\"bs-BA\",\"@id\":\"https:\/\/tuzlainfo.ba\/#\/schema\/person\/image\/\",\"url\":\"https:\/\/tuzlainfo.ba\/wp-content\/litespeed\/avatar\/8219eeb9a43cff2d096e773737736f62.jpg?ver=1777309398\",\"contentUrl\":\"https:\/\/tuzlainfo.ba\/wp-content\/litespeed\/avatar\/8219eeb9a43cff2d096e773737736f62.jpg?ver=1777309398\",\"caption\":\"admin2\"},\"description\":\"Tuzlainfo.ba pratite na dru\u0161tvenim mre\u017eama: Facebook, Instagram i Youtube. Svoje pri\u010de, upite i fotografije \u0161aljite na na\u0161u e-mail adresu.\",\"sameAs\":[\"admin\"]}]}<\/script>\n<!-- \/ Yoast SEO plugin. -->","yoast_head_json":{"title":"Odr\u017eana sjednica Predsjedni\u0161tva SDA: doneseno 11 zaklju\u010daka - TuzlaInfo.ba","robots":{"index":"index","follow":"follow","max-snippet":"max-snippet:-1","max-image-preview":"max-image-preview:large","max-video-preview":"max-video-preview:-1"},"canonical":"https:\/\/tuzlainfo.ba\/index.php\/bosna-i-hercegovina\/item\/255220-odrzana-sjednica-predsjednistva-sda-doneseno-11-zakljucaka\/","og_locale":"bs_BA","og_type":"article","og_title":"Odr\u017eana sjednica Predsjedni\u0161tva SDA: doneseno 11 zaklju\u010daka - TuzlaInfo.ba","og_description":"U Sarajevu je odr\u017eana sjednica Predsjedni\u0161tva SDA nakon koje su saop\u0107eni zaklju\u010dci. Zaklju\u010dke prenosimo u&hellip;","og_url":"https:\/\/tuzlainfo.ba\/index.php\/bosna-i-hercegovina\/item\/255220-odrzana-sjednica-predsjednistva-sda-doneseno-11-zakljucaka\/","og_site_name":"TuzlaInfo.ba","article_publisher":"https:\/\/www.facebook.com\/tuzlainfo.ba\/","article_published_time":"2024-11-13T15:30:17+00:00","article_modified_time":"2024-11-13T10:46:00+00:00","og_image":[{"width":1000,"height":666,"url":"https:\/\/tuzlainfo.ba\/wp-content\/uploads\/2022\/05\/1305_bakir_izetbegovic.jpg","type":"image\/jpeg"}],"author":"admin2","twitter_card":"summary_large_image","twitter_misc":{"Written by":"admin2","Est. reading time":"9 minuta"},"schema":{"@context":"https:\/\/schema.org","@graph":[{"@type":"Article","@id":"https:\/\/tuzlainfo.ba\/index.php\/bosna-i-hercegovina\/item\/255220-odrzana-sjednica-predsjednistva-sda-doneseno-11-zakljucaka\/#article","isPartOf":{"@id":"https:\/\/tuzlainfo.ba\/index.php\/bosna-i-hercegovina\/item\/255220-odrzana-sjednica-predsjednistva-sda-doneseno-11-zakljucaka\/"},"author":{"name":"admin2","@id":"https:\/\/tuzlainfo.ba\/#\/schema\/person\/f4ebe4fff27e68efb65fa7e18f8af372"},"headline":"Odr\u017eana sjednica Predsjedni\u0161tva SDA: doneseno 11 zaklju\u010daka","datePublished":"2024-11-13T15:30:17+00:00","dateModified":"2024-11-13T10:46:00+00:00","mainEntityOfPage":{"@id":"https:\/\/tuzlainfo.ba\/index.php\/bosna-i-hercegovina\/item\/255220-odrzana-sjednica-predsjednistva-sda-doneseno-11-zakljucaka\/"},"wordCount":1697,"publisher":{"@id":"https:\/\/tuzlainfo.ba\/#organization"},"image":{"@id":"https:\/\/tuzlainfo.ba\/index.php\/bosna-i-hercegovina\/item\/255220-odrzana-sjednica-predsjednistva-sda-doneseno-11-zakljucaka\/#primaryimage"},"thumbnailUrl":"https:\/\/tuzlainfo.ba\/wp-content\/uploads\/2022\/05\/1305_bakir_izetbegovic.jpg","keywords":["SDA bih"],"articleSection":["Bosna i Hercegovina","Uncategorized"],"inLanguage":"bs-BA"},{"@type":"WebPage","@id":"https:\/\/tuzlainfo.ba\/index.php\/bosna-i-hercegovina\/item\/255220-odrzana-sjednica-predsjednistva-sda-doneseno-11-zakljucaka\/","url":"https:\/\/tuzlainfo.ba\/index.php\/bosna-i-hercegovina\/item\/255220-odrzana-sjednica-predsjednistva-sda-doneseno-11-zakljucaka\/","name":"Odr\u017eana sjednica Predsjedni\u0161tva SDA: doneseno 11 zaklju\u010daka - TuzlaInfo.ba","isPartOf":{"@id":"https:\/\/tuzlainfo.ba\/#website"},"primaryImageOfPage":{"@id":"https:\/\/tuzlainfo.ba\/index.php\/bosna-i-hercegovina\/item\/255220-odrzana-sjednica-predsjednistva-sda-doneseno-11-zakljucaka\/#primaryimage"},"image":{"@id":"https:\/\/tuzlainfo.ba\/index.php\/bosna-i-hercegovina\/item\/255220-odrzana-sjednica-predsjednistva-sda-doneseno-11-zakljucaka\/#primaryimage"},"thumbnailUrl":"https:\/\/tuzlainfo.ba\/wp-content\/uploads\/2022\/05\/1305_bakir_izetbegovic.jpg","datePublished":"2024-11-13T15:30:17+00:00","dateModified":"2024-11-13T10:46:00+00:00","breadcrumb":{"@id":"https:\/\/tuzlainfo.ba\/index.php\/bosna-i-hercegovina\/item\/255220-odrzana-sjednica-predsjednistva-sda-doneseno-11-zakljucaka\/#breadcrumb"},"inLanguage":"bs-BA","potentialAction":[{"@type":"ReadAction","target":["https:\/\/tuzlainfo.ba\/index.php\/bosna-i-hercegovina\/item\/255220-odrzana-sjednica-predsjednistva-sda-doneseno-11-zakljucaka\/"]}]},{"@type":"ImageObject","inLanguage":"bs-BA","@id":"https:\/\/tuzlainfo.ba\/index.php\/bosna-i-hercegovina\/item\/255220-odrzana-sjednica-predsjednistva-sda-doneseno-11-zakljucaka\/#primaryimage","url":"https:\/\/tuzlainfo.ba\/wp-content\/uploads\/2022\/05\/1305_bakir_izetbegovic.jpg","contentUrl":"https:\/\/tuzlainfo.ba\/wp-content\/uploads\/2022\/05\/1305_bakir_izetbegovic.jpg","width":1000,"height":666},{"@type":"BreadcrumbList","@id":"https:\/\/tuzlainfo.ba\/index.php\/bosna-i-hercegovina\/item\/255220-odrzana-sjednica-predsjednistva-sda-doneseno-11-zakljucaka\/#breadcrumb","itemListElement":[{"@type":"ListItem","position":1,"name":"Home","item":"https:\/\/tuzlainfo.ba\/"},{"@type":"ListItem","position":2,"name":"Odr\u017eana sjednica Predsjedni\u0161tva SDA: doneseno 11 zaklju\u010daka"}]},{"@type":"WebSite","@id":"https:\/\/tuzlainfo.ba\/#website","url":"https:\/\/tuzlainfo.ba\/","name":"TuzlaInfo.ba","description":"Tuzla info, gradski informator - Tuzla na dlanu","publisher":{"@id":"https:\/\/tuzlainfo.ba\/#organization"},"potentialAction":[{"@type":"SearchAction","target":{"@type":"EntryPoint","urlTemplate":"https:\/\/tuzlainfo.ba\/?s={search_term_string}"},"query-input":{"@type":"PropertyValueSpecification","valueRequired":true,"valueName":"search_term_string"}}],"inLanguage":"bs-BA"},{"@type":"Organization","@id":"https:\/\/tuzlainfo.ba\/#organization","name":"TuzlaInfo.ba","url":"https:\/\/tuzlainfo.ba\/","logo":{"@type":"ImageObject","inLanguage":"bs-BA","@id":"https:\/\/tuzlainfo.ba\/#\/schema\/logo\/image\/","url":"https:\/\/tuzlainfo.ba\/wp-content\/uploads\/2021\/03\/logo-ver-3-1.png","contentUrl":"https:\/\/tuzlainfo.ba\/wp-content\/uploads\/2021\/03\/logo-ver-3-1.png","width":350,"height":95,"caption":"TuzlaInfo.ba"},"image":{"@id":"https:\/\/tuzlainfo.ba\/#\/schema\/logo\/image\/"},"sameAs":["https:\/\/www.facebook.com\/tuzlainfo.ba\/"]},{"@type":"Person","@id":"https:\/\/tuzlainfo.ba\/#\/schema\/person\/f4ebe4fff27e68efb65fa7e18f8af372","name":"admin2","image":{"@type":"ImageObject","inLanguage":"bs-BA","@id":"https:\/\/tuzlainfo.ba\/#\/schema\/person\/image\/","url":"https:\/\/tuzlainfo.ba\/wp-content\/litespeed\/avatar\/8219eeb9a43cff2d096e773737736f62.jpg?ver=1777309398","contentUrl":"https:\/\/tuzlainfo.ba\/wp-content\/litespeed\/avatar\/8219eeb9a43cff2d096e773737736f62.jpg?ver=1777309398","caption":"admin2"},"description":"Tuzlainfo.ba pratite na dru\u0161tvenim mre\u017eama: Facebook, Instagram i Youtube. Svoje pri\u010de, upite i fotografije \u0161aljite na na\u0161u e-mail adresu.","sameAs":["admin"]}]}},"_links":{"self":[{"href":"https:\/\/tuzlainfo.ba\/index.php\/wp-json\/wp\/v2\/posts\/255220"}],"collection":[{"href":"https:\/\/tuzlainfo.ba\/index.php\/wp-json\/wp\/v2\/posts"}],"about":[{"href":"https:\/\/tuzlainfo.ba\/index.php\/wp-json\/wp\/v2\/types\/post"}],"author":[{"embeddable":true,"href":"https:\/\/tuzlainfo.ba\/index.php\/wp-json\/wp\/v2\/users\/3"}],"replies":[{"embeddable":true,"href":"https:\/\/tuzlainfo.ba\/index.php\/wp-json\/wp\/v2\/comments?post=255220"}],"version-history":[{"count":1,"href":"https:\/\/tuzlainfo.ba\/index.php\/wp-json\/wp\/v2\/posts\/255220\/revisions"}],"predecessor-version":[{"id":255221,"href":"https:\/\/tuzlainfo.ba\/index.php\/wp-json\/wp\/v2\/posts\/255220\/revisions\/255221"}],"wp:featuredmedia":[{"embeddable":true,"href":"https:\/\/tuzlainfo.ba\/index.php\/wp-json\/wp\/v2\/media\/172022"}],"wp:attachment":[{"href":"https:\/\/tuzlainfo.ba\/index.php\/wp-json\/wp\/v2\/media?parent=255220"}],"wp:term":[{"taxonomy":"category","embeddable":true,"href":"https:\/\/tuzlainfo.ba\/index.php\/wp-json\/wp\/v2\/categories?post=255220"},{"taxonomy":"post_tag","embeddable":true,"href":"https:\/\/tuzlainfo.ba\/index.php\/wp-json\/wp\/v2\/tags?post=255220"}],"curies":[{"name":"wp","href":"https:\/\/api.w.org\/{rel}","templated":true}]}}