{"id":255061,"date":"2024-11-11T15:30:38","date_gmt":"2024-11-11T14:30:38","guid":{"rendered":"https:\/\/tuzlainfo.ba\/?p=255061"},"modified":"2024-11-11T10:57:33","modified_gmt":"2024-11-11T09:57:33","slug":"sud-bih-andrija-bjelosevic-oslobodjen-optuzbe","status":"publish","type":"post","link":"https:\/\/tuzlainfo.ba\/index.php\/bosna-i-hercegovina\/item\/255061-sud-bih-andrija-bjelosevic-oslobodjen-optuzbe\/","title":{"rendered":"Sud BiH: Andrija Bjelo\u0161evi\u0107 oslobo\u0111en optu\u017ebe"},"content":{"rendered":"<p>Sud Bosne i Hercegovine je prvostepenom presudom oslobodio Andriju Bjelo\u0161evi\u0107a optu\u017ebe za ratni zlo\u010din protiv civilnog stanovni\u0161tva u Derventi.<\/p>\n<p>Bjelo\u0161evi\u0107 je oslobo\u0111en optu\u017ebe da je od novembra 1992. do aprila 1993. u svojstvu na\u010delnika Centra slu\u017ebi bezbjednosti Doboj, najmanje \u010detiri puta silovao \u017eensku osobu bo\u0161nja\u010dke nacionalnosti u ugostiteljskom objektu \u201c\u017daba\u201d u Derventi.<\/p>\n<p>Sudsko vije\u0107e, kako je navedeno u obrazlo\u017eenju presude, nije van razumne sumnje moglo utvrditi da je Bjelo\u0161evi\u0107 po\u010dinio radnje opisane u optu\u017enici.<\/p>\n<p>Rje\u0161enjem Suda, Bjelo\u0161evi\u0107 je oslobo\u0111en nadoknade sudskih tro\u0161kova, dok se o\u0161te\u0107ena AB1 sa imovinsko pravnim zahtjevom upu\u0107uje na parnicu.<\/p>\n<p>U odvojenom predmetu je Bjelo\u0161evi\u0107 prije nekoliko mjeseci nepravosna\u017eno oslobo\u0111en za zlo\u010din protiv \u010dovje\u010dnosti na podru\u010dju Doboja i Tesli\u0107a.<\/p>\n<p>Su\u0111enje u ovom predmetu po\u010delo je u novembru 2022. Na dana\u0161nju presudu je dozvoljena \u017ealba.<\/p>\n","protected":false},"excerpt":{"rendered":"<p>Sud Bosne i Hercegovine je prvostepenom presudom oslobodio Andriju Bjelo\u0161evi\u0107a optu\u017ebe za ratni zlo\u010din protiv&hellip;<\/p>\n","protected":false},"author":3,"featured_media":80057,"comment_status":"closed","ping_status":"closed","sticky":false,"template":"","format":"standard","meta":{"_acf_changed":false,"footnotes":""},"categories":[291],"tags":[11459,726],"acf":[],"yoast_head":"<!-- This site is optimized with the Yoast SEO plugin v23.5 - https:\/\/yoast.com\/wordpress\/plugins\/seo\/ -->\n<title>Sud BiH: Andrija Bjelo\u0161evi\u0107 oslobo\u0111en optu\u017ebe - TuzlaInfo.ba<\/title>\n<meta name=\"robots\" content=\"index, follow, max-snippet:-1, max-image-preview:large, max-video-preview:-1\" \/>\n<link rel=\"canonical\" href=\"https:\/\/tuzlainfo.ba\/index.php\/bosna-i-hercegovina\/item\/255061-sud-bih-andrija-bjelosevic-oslobodjen-optuzbe\/\" \/>\n<meta property=\"og:locale\" content=\"bs_BA\" \/>\n<meta property=\"og:type\" content=\"article\" \/>\n<meta property=\"og:title\" content=\"Sud BiH: Andrija Bjelo\u0161evi\u0107 oslobo\u0111en optu\u017ebe - TuzlaInfo.ba\" \/>\n<meta property=\"og:description\" content=\"Sud Bosne i Hercegovine je prvostepenom presudom oslobodio Andriju Bjelo\u0161evi\u0107a optu\u017ebe za ratni zlo\u010din protiv&hellip;\" \/>\n<meta property=\"og:url\" content=\"https:\/\/tuzlainfo.ba\/index.php\/bosna-i-hercegovina\/item\/255061-sud-bih-andrija-bjelosevic-oslobodjen-optuzbe\/\" \/>\n<meta property=\"og:site_name\" content=\"TuzlaInfo.ba\" \/>\n<meta property=\"article:publisher\" content=\"https:\/\/www.facebook.com\/tuzlainfo.ba\/\" \/>\n<meta property=\"article:published_time\" content=\"2024-11-11T14:30:38+00:00\" \/>\n<meta property=\"article:modified_time\" content=\"2024-11-11T09:57:33+00:00\" \/>\n<meta property=\"og:image\" content=\"https:\/\/tuzlainfo.ba\/wp-content\/uploads\/2020\/06\/sadrzaj_2020_20200101_0101_2020_sud_bih.jpg\" \/>\n\t<meta property=\"og:image:width\" content=\"770\" \/>\n\t<meta property=\"og:image:height\" content=\"462\" \/>\n\t<meta property=\"og:image:type\" content=\"image\/jpeg\" \/>\n<meta name=\"author\" content=\"admin2\" \/>\n<meta name=\"twitter:card\" content=\"summary_large_image\" \/>\n<meta name=\"twitter:label1\" content=\"Written by\" \/>\n\t<meta name=\"twitter:data1\" content=\"admin2\" \/>\n\t<meta name=\"twitter:label2\" content=\"Est. reading time\" \/>\n\t<meta name=\"twitter:data2\" content=\"1 minuta\" \/>\n<script type=\"application\/ld+json\" class=\"yoast-schema-graph\">{\"@context\":\"https:\/\/schema.org\",\"@graph\":[{\"@type\":\"Article\",\"@id\":\"https:\/\/tuzlainfo.ba\/index.php\/bosna-i-hercegovina\/item\/255061-sud-bih-andrija-bjelosevic-oslobodjen-optuzbe\/#article\",\"isPartOf\":{\"@id\":\"https:\/\/tuzlainfo.ba\/index.php\/bosna-i-hercegovina\/item\/255061-sud-bih-andrija-bjelosevic-oslobodjen-optuzbe\/\"},\"author\":{\"name\":\"admin2\",\"@id\":\"https:\/\/tuzlainfo.ba\/#\/schema\/person\/f4ebe4fff27e68efb65fa7e18f8af372\"},\"headline\":\"Sud BiH: Andrija Bjelo\u0161evi\u0107 oslobo\u0111en optu\u017ebe\",\"datePublished\":\"2024-11-11T14:30:38+00:00\",\"dateModified\":\"2024-11-11T09:57:33+00:00\",\"mainEntityOfPage\":{\"@id\":\"https:\/\/tuzlainfo.ba\/index.php\/bosna-i-hercegovina\/item\/255061-sud-bih-andrija-bjelosevic-oslobodjen-optuzbe\/\"},\"wordCount\":167,\"publisher\":{\"@id\":\"https:\/\/tuzlainfo.ba\/#organization\"},\"image\":{\"@id\":\"https:\/\/tuzlainfo.ba\/index.php\/bosna-i-hercegovina\/item\/255061-sud-bih-andrija-bjelosevic-oslobodjen-optuzbe\/#primaryimage\"},\"thumbnailUrl\":\"https:\/\/tuzlainfo.ba\/wp-content\/uploads\/2020\/06\/sadrzaj_2020_20200101_0101_2020_sud_bih.jpg\",\"keywords\":[\"andrija bjelo\u0161evi\u0107\",\"sud bih\"],\"articleSection\":[\"Bosna i Hercegovina\"],\"inLanguage\":\"bs-BA\"},{\"@type\":\"WebPage\",\"@id\":\"https:\/\/tuzlainfo.ba\/index.php\/bosna-i-hercegovina\/item\/255061-sud-bih-andrija-bjelosevic-oslobodjen-optuzbe\/\",\"url\":\"https:\/\/tuzlainfo.ba\/index.php\/bosna-i-hercegovina\/item\/255061-sud-bih-andrija-bjelosevic-oslobodjen-optuzbe\/\",\"name\":\"Sud BiH: Andrija Bjelo\u0161evi\u0107 oslobo\u0111en optu\u017ebe - TuzlaInfo.ba\",\"isPartOf\":{\"@id\":\"https:\/\/tuzlainfo.ba\/#website\"},\"primaryImageOfPage\":{\"@id\":\"https:\/\/tuzlainfo.ba\/index.php\/bosna-i-hercegovina\/item\/255061-sud-bih-andrija-bjelosevic-oslobodjen-optuzbe\/#primaryimage\"},\"image\":{\"@id\":\"https:\/\/tuzlainfo.ba\/index.php\/bosna-i-hercegovina\/item\/255061-sud-bih-andrija-bjelosevic-oslobodjen-optuzbe\/#primaryimage\"},\"thumbnailUrl\":\"https:\/\/tuzlainfo.ba\/wp-content\/uploads\/2020\/06\/sadrzaj_2020_20200101_0101_2020_sud_bih.jpg\",\"datePublished\":\"2024-11-11T14:30:38+00:00\",\"dateModified\":\"2024-11-11T09:57:33+00:00\",\"breadcrumb\":{\"@id\":\"https:\/\/tuzlainfo.ba\/index.php\/bosna-i-hercegovina\/item\/255061-sud-bih-andrija-bjelosevic-oslobodjen-optuzbe\/#breadcrumb\"},\"inLanguage\":\"bs-BA\",\"potentialAction\":[{\"@type\":\"ReadAction\",\"target\":[\"https:\/\/tuzlainfo.ba\/index.php\/bosna-i-hercegovina\/item\/255061-sud-bih-andrija-bjelosevic-oslobodjen-optuzbe\/\"]}]},{\"@type\":\"ImageObject\",\"inLanguage\":\"bs-BA\",\"@id\":\"https:\/\/tuzlainfo.ba\/index.php\/bosna-i-hercegovina\/item\/255061-sud-bih-andrija-bjelosevic-oslobodjen-optuzbe\/#primaryimage\",\"url\":\"https:\/\/tuzlainfo.ba\/wp-content\/uploads\/2020\/06\/sadrzaj_2020_20200101_0101_2020_sud_bih.jpg\",\"contentUrl\":\"https:\/\/tuzlainfo.ba\/wp-content\/uploads\/2020\/06\/sadrzaj_2020_20200101_0101_2020_sud_bih.jpg\",\"width\":770,\"height\":462,\"caption\":\"0101 2020 sud bih\"},{\"@type\":\"BreadcrumbList\",\"@id\":\"https:\/\/tuzlainfo.ba\/index.php\/bosna-i-hercegovina\/item\/255061-sud-bih-andrija-bjelosevic-oslobodjen-optuzbe\/#breadcrumb\",\"itemListElement\":[{\"@type\":\"ListItem\",\"position\":1,\"name\":\"Home\",\"item\":\"https:\/\/tuzlainfo.ba\/\"},{\"@type\":\"ListItem\",\"position\":2,\"name\":\"Sud BiH: Andrija Bjelo\u0161evi\u0107 oslobo\u0111en optu\u017ebe\"}]},{\"@type\":\"WebSite\",\"@id\":\"https:\/\/tuzlainfo.ba\/#website\",\"url\":\"https:\/\/tuzlainfo.ba\/\",\"name\":\"TuzlaInfo.ba\",\"description\":\"Tuzla info, gradski informator - Tuzla na dlanu\",\"publisher\":{\"@id\":\"https:\/\/tuzlainfo.ba\/#organization\"},\"potentialAction\":[{\"@type\":\"SearchAction\",\"target\":{\"@type\":\"EntryPoint\",\"urlTemplate\":\"https:\/\/tuzlainfo.ba\/?s={search_term_string}\"},\"query-input\":{\"@type\":\"PropertyValueSpecification\",\"valueRequired\":true,\"valueName\":\"search_term_string\"}}],\"inLanguage\":\"bs-BA\"},{\"@type\":\"Organization\",\"@id\":\"https:\/\/tuzlainfo.ba\/#organization\",\"name\":\"TuzlaInfo.ba\",\"url\":\"https:\/\/tuzlainfo.ba\/\",\"logo\":{\"@type\":\"ImageObject\",\"inLanguage\":\"bs-BA\",\"@id\":\"https:\/\/tuzlainfo.ba\/#\/schema\/logo\/image\/\",\"url\":\"https:\/\/tuzlainfo.ba\/wp-content\/uploads\/2021\/03\/logo-ver-3-1.png\",\"contentUrl\":\"https:\/\/tuzlainfo.ba\/wp-content\/uploads\/2021\/03\/logo-ver-3-1.png\",\"width\":350,\"height\":95,\"caption\":\"TuzlaInfo.ba\"},\"image\":{\"@id\":\"https:\/\/tuzlainfo.ba\/#\/schema\/logo\/image\/\"},\"sameAs\":[\"https:\/\/www.facebook.com\/tuzlainfo.ba\/\"]},{\"@type\":\"Person\",\"@id\":\"https:\/\/tuzlainfo.ba\/#\/schema\/person\/f4ebe4fff27e68efb65fa7e18f8af372\",\"name\":\"admin2\",\"image\":{\"@type\":\"ImageObject\",\"inLanguage\":\"bs-BA\",\"@id\":\"https:\/\/tuzlainfo.ba\/#\/schema\/person\/image\/\",\"url\":\"https:\/\/tuzlainfo.ba\/wp-content\/litespeed\/avatar\/8219eeb9a43cff2d096e773737736f62.jpg?ver=1777309398\",\"contentUrl\":\"https:\/\/tuzlainfo.ba\/wp-content\/litespeed\/avatar\/8219eeb9a43cff2d096e773737736f62.jpg?ver=1777309398\",\"caption\":\"admin2\"},\"description\":\"Tuzlainfo.ba pratite na dru\u0161tvenim mre\u017eama: Facebook, Instagram i Youtube. Svoje pri\u010de, upite i fotografije \u0161aljite na na\u0161u e-mail adresu.\",\"sameAs\":[\"admin\"]}]}<\/script>\n<!-- \/ Yoast SEO plugin. -->","yoast_head_json":{"title":"Sud BiH: Andrija Bjelo\u0161evi\u0107 oslobo\u0111en optu\u017ebe - TuzlaInfo.ba","robots":{"index":"index","follow":"follow","max-snippet":"max-snippet:-1","max-image-preview":"max-image-preview:large","max-video-preview":"max-video-preview:-1"},"canonical":"https:\/\/tuzlainfo.ba\/index.php\/bosna-i-hercegovina\/item\/255061-sud-bih-andrija-bjelosevic-oslobodjen-optuzbe\/","og_locale":"bs_BA","og_type":"article","og_title":"Sud BiH: Andrija Bjelo\u0161evi\u0107 oslobo\u0111en optu\u017ebe - TuzlaInfo.ba","og_description":"Sud Bosne i Hercegovine je prvostepenom presudom oslobodio Andriju Bjelo\u0161evi\u0107a optu\u017ebe za ratni zlo\u010din protiv&hellip;","og_url":"https:\/\/tuzlainfo.ba\/index.php\/bosna-i-hercegovina\/item\/255061-sud-bih-andrija-bjelosevic-oslobodjen-optuzbe\/","og_site_name":"TuzlaInfo.ba","article_publisher":"https:\/\/www.facebook.com\/tuzlainfo.ba\/","article_published_time":"2024-11-11T14:30:38+00:00","article_modified_time":"2024-11-11T09:57:33+00:00","og_image":[{"width":770,"height":462,"url":"https:\/\/tuzlainfo.ba\/wp-content\/uploads\/2020\/06\/sadrzaj_2020_20200101_0101_2020_sud_bih.jpg","type":"image\/jpeg"}],"author":"admin2","twitter_card":"summary_large_image","twitter_misc":{"Written by":"admin2","Est. reading time":"1 minuta"},"schema":{"@context":"https:\/\/schema.org","@graph":[{"@type":"Article","@id":"https:\/\/tuzlainfo.ba\/index.php\/bosna-i-hercegovina\/item\/255061-sud-bih-andrija-bjelosevic-oslobodjen-optuzbe\/#article","isPartOf":{"@id":"https:\/\/tuzlainfo.ba\/index.php\/bosna-i-hercegovina\/item\/255061-sud-bih-andrija-bjelosevic-oslobodjen-optuzbe\/"},"author":{"name":"admin2","@id":"https:\/\/tuzlainfo.ba\/#\/schema\/person\/f4ebe4fff27e68efb65fa7e18f8af372"},"headline":"Sud BiH: Andrija Bjelo\u0161evi\u0107 oslobo\u0111en optu\u017ebe","datePublished":"2024-11-11T14:30:38+00:00","dateModified":"2024-11-11T09:57:33+00:00","mainEntityOfPage":{"@id":"https:\/\/tuzlainfo.ba\/index.php\/bosna-i-hercegovina\/item\/255061-sud-bih-andrija-bjelosevic-oslobodjen-optuzbe\/"},"wordCount":167,"publisher":{"@id":"https:\/\/tuzlainfo.ba\/#organization"},"image":{"@id":"https:\/\/tuzlainfo.ba\/index.php\/bosna-i-hercegovina\/item\/255061-sud-bih-andrija-bjelosevic-oslobodjen-optuzbe\/#primaryimage"},"thumbnailUrl":"https:\/\/tuzlainfo.ba\/wp-content\/uploads\/2020\/06\/sadrzaj_2020_20200101_0101_2020_sud_bih.jpg","keywords":["andrija bjelo\u0161evi\u0107","sud bih"],"articleSection":["Bosna i Hercegovina"],"inLanguage":"bs-BA"},{"@type":"WebPage","@id":"https:\/\/tuzlainfo.ba\/index.php\/bosna-i-hercegovina\/item\/255061-sud-bih-andrija-bjelosevic-oslobodjen-optuzbe\/","url":"https:\/\/tuzlainfo.ba\/index.php\/bosna-i-hercegovina\/item\/255061-sud-bih-andrija-bjelosevic-oslobodjen-optuzbe\/","name":"Sud BiH: Andrija Bjelo\u0161evi\u0107 oslobo\u0111en optu\u017ebe - TuzlaInfo.ba","isPartOf":{"@id":"https:\/\/tuzlainfo.ba\/#website"},"primaryImageOfPage":{"@id":"https:\/\/tuzlainfo.ba\/index.php\/bosna-i-hercegovina\/item\/255061-sud-bih-andrija-bjelosevic-oslobodjen-optuzbe\/#primaryimage"},"image":{"@id":"https:\/\/tuzlainfo.ba\/index.php\/bosna-i-hercegovina\/item\/255061-sud-bih-andrija-bjelosevic-oslobodjen-optuzbe\/#primaryimage"},"thumbnailUrl":"https:\/\/tuzlainfo.ba\/wp-content\/uploads\/2020\/06\/sadrzaj_2020_20200101_0101_2020_sud_bih.jpg","datePublished":"2024-11-11T14:30:38+00:00","dateModified":"2024-11-11T09:57:33+00:00","breadcrumb":{"@id":"https:\/\/tuzlainfo.ba\/index.php\/bosna-i-hercegovina\/item\/255061-sud-bih-andrija-bjelosevic-oslobodjen-optuzbe\/#breadcrumb"},"inLanguage":"bs-BA","potentialAction":[{"@type":"ReadAction","target":["https:\/\/tuzlainfo.ba\/index.php\/bosna-i-hercegovina\/item\/255061-sud-bih-andrija-bjelosevic-oslobodjen-optuzbe\/"]}]},{"@type":"ImageObject","inLanguage":"bs-BA","@id":"https:\/\/tuzlainfo.ba\/index.php\/bosna-i-hercegovina\/item\/255061-sud-bih-andrija-bjelosevic-oslobodjen-optuzbe\/#primaryimage","url":"https:\/\/tuzlainfo.ba\/wp-content\/uploads\/2020\/06\/sadrzaj_2020_20200101_0101_2020_sud_bih.jpg","contentUrl":"https:\/\/tuzlainfo.ba\/wp-content\/uploads\/2020\/06\/sadrzaj_2020_20200101_0101_2020_sud_bih.jpg","width":770,"height":462,"caption":"0101 2020 sud bih"},{"@type":"BreadcrumbList","@id":"https:\/\/tuzlainfo.ba\/index.php\/bosna-i-hercegovina\/item\/255061-sud-bih-andrija-bjelosevic-oslobodjen-optuzbe\/#breadcrumb","itemListElement":[{"@type":"ListItem","position":1,"name":"Home","item":"https:\/\/tuzlainfo.ba\/"},{"@type":"ListItem","position":2,"name":"Sud BiH: Andrija Bjelo\u0161evi\u0107 oslobo\u0111en optu\u017ebe"}]},{"@type":"WebSite","@id":"https:\/\/tuzlainfo.ba\/#website","url":"https:\/\/tuzlainfo.ba\/","name":"TuzlaInfo.ba","description":"Tuzla info, gradski informator - Tuzla na dlanu","publisher":{"@id":"https:\/\/tuzlainfo.ba\/#organization"},"potentialAction":[{"@type":"SearchAction","target":{"@type":"EntryPoint","urlTemplate":"https:\/\/tuzlainfo.ba\/?s={search_term_string}"},"query-input":{"@type":"PropertyValueSpecification","valueRequired":true,"valueName":"search_term_string"}}],"inLanguage":"bs-BA"},{"@type":"Organization","@id":"https:\/\/tuzlainfo.ba\/#organization","name":"TuzlaInfo.ba","url":"https:\/\/tuzlainfo.ba\/","logo":{"@type":"ImageObject","inLanguage":"bs-BA","@id":"https:\/\/tuzlainfo.ba\/#\/schema\/logo\/image\/","url":"https:\/\/tuzlainfo.ba\/wp-content\/uploads\/2021\/03\/logo-ver-3-1.png","contentUrl":"https:\/\/tuzlainfo.ba\/wp-content\/uploads\/2021\/03\/logo-ver-3-1.png","width":350,"height":95,"caption":"TuzlaInfo.ba"},"image":{"@id":"https:\/\/tuzlainfo.ba\/#\/schema\/logo\/image\/"},"sameAs":["https:\/\/www.facebook.com\/tuzlainfo.ba\/"]},{"@type":"Person","@id":"https:\/\/tuzlainfo.ba\/#\/schema\/person\/f4ebe4fff27e68efb65fa7e18f8af372","name":"admin2","image":{"@type":"ImageObject","inLanguage":"bs-BA","@id":"https:\/\/tuzlainfo.ba\/#\/schema\/person\/image\/","url":"https:\/\/tuzlainfo.ba\/wp-content\/litespeed\/avatar\/8219eeb9a43cff2d096e773737736f62.jpg?ver=1777309398","contentUrl":"https:\/\/tuzlainfo.ba\/wp-content\/litespeed\/avatar\/8219eeb9a43cff2d096e773737736f62.jpg?ver=1777309398","caption":"admin2"},"description":"Tuzlainfo.ba pratite na dru\u0161tvenim mre\u017eama: Facebook, Instagram i Youtube. Svoje pri\u010de, upite i fotografije \u0161aljite na na\u0161u e-mail adresu.","sameAs":["admin"]}]}},"_links":{"self":[{"href":"https:\/\/tuzlainfo.ba\/index.php\/wp-json\/wp\/v2\/posts\/255061"}],"collection":[{"href":"https:\/\/tuzlainfo.ba\/index.php\/wp-json\/wp\/v2\/posts"}],"about":[{"href":"https:\/\/tuzlainfo.ba\/index.php\/wp-json\/wp\/v2\/types\/post"}],"author":[{"embeddable":true,"href":"https:\/\/tuzlainfo.ba\/index.php\/wp-json\/wp\/v2\/users\/3"}],"replies":[{"embeddable":true,"href":"https:\/\/tuzlainfo.ba\/index.php\/wp-json\/wp\/v2\/comments?post=255061"}],"version-history":[{"count":1,"href":"https:\/\/tuzlainfo.ba\/index.php\/wp-json\/wp\/v2\/posts\/255061\/revisions"}],"predecessor-version":[{"id":255062,"href":"https:\/\/tuzlainfo.ba\/index.php\/wp-json\/wp\/v2\/posts\/255061\/revisions\/255062"}],"wp:featuredmedia":[{"embeddable":true,"href":"https:\/\/tuzlainfo.ba\/index.php\/wp-json\/wp\/v2\/media\/80057"}],"wp:attachment":[{"href":"https:\/\/tuzlainfo.ba\/index.php\/wp-json\/wp\/v2\/media?parent=255061"}],"wp:term":[{"taxonomy":"category","embeddable":true,"href":"https:\/\/tuzlainfo.ba\/index.php\/wp-json\/wp\/v2\/categories?post=255061"},{"taxonomy":"post_tag","embeddable":true,"href":"https:\/\/tuzlainfo.ba\/index.php\/wp-json\/wp\/v2\/tags?post=255061"}],"curies":[{"name":"wp","href":"https:\/\/api.w.org\/{rel}","templated":true}]}}