{"id":255001,"date":"2024-11-10T21:51:24","date_gmt":"2024-11-10T20:51:24","guid":{"rendered":"https:\/\/tuzlainfo.ba\/?p=255001"},"modified":"2024-11-10T21:51:24","modified_gmt":"2024-11-10T20:51:24","slug":"rukometni-zamjevi-prekinuli-niz-poraza-u-dramaticnoj-zavrsnici-pobijedili-grcku","status":"publish","type":"post","link":"https:\/\/tuzlainfo.ba\/index.php\/bosna-i-hercegovina\/item\/255001-rukometni-zamjevi-prekinuli-niz-poraza-u-dramaticnoj-zavrsnici-pobijedili-grcku\/","title":{"rendered":"Rukometni Zamjevi prekinuli niz poraza, u dramati\u010dnoj zavr\u0161nici pobijedili Gr\u010dku"},"content":{"rendered":"<p><strong>U 2.kolu kvalifikacija za Evropsko prvenstvo, rukometa\u0161i Bosne i Hercegovine su \u00a0u Cazinu, nakon dramati\u010dne zavr\u0161nice, \u00a0savladali selekciju Gr\u010dke 23-22 i zabilje\u017eili prvu pobjedu nakon devet uzastopnih poraza.<\/strong><\/p>\n<p>Nakon po\u010detnog vodstva Gr\u010dke, BiH je bila znatno bolji rival. Prednost je konstantno rasla do maksimalnih \u010detiri gola razlike (7:3). Do odlaska na odmor je u jo\u0161 nekoliko navrata bilo \u010detiri razlike za BiH, ali su se Grci vratili u zavr\u0161nici prvog poluvremena pa se na odmor oti\u0161lo s rezultatom 13:11 za BiH.<\/p>\n<p>Po\u010detak drugog poluvremena pripao je selekciji Gr\u010dke koja se potpuno vratila u igru te je \u010dak do\u0161la i do vodstva. Ipak, na\u0161a selekcija je smogla snage i do kraja ipak do\u0161la do pobjede nakon velike drame u zavr\u0161nici.<\/p>\n<p>Kvalifikacije se nastavljaju u martu kada \u0107e na\u0161a selekcija odigrati dvome\u010d protiv Gruzije.<\/p>\n<p>BiH sada ima dva boda u kvalifikacijama kao i Gr\u010dka, dok Island ima \u010detiri boda. Selekcija Gruzija je bez bodova.<\/p>\n","protected":false},"excerpt":{"rendered":"<p>U 2.kolu kvalifikacija za Evropsko prvenstvo, rukometa\u0161i Bosne i Hercegovine su \u00a0u Cazinu, nakon dramati\u010dne&hellip;<\/p>\n","protected":false},"author":2,"featured_media":255002,"comment_status":"closed","ping_status":"closed","sticky":false,"template":"","format":"standard","meta":{"_acf_changed":false,"footnotes":""},"categories":[291,304],"tags":[1048,915],"acf":[],"yoast_head":"<!-- This site is optimized with the Yoast SEO plugin v23.5 - https:\/\/yoast.com\/wordpress\/plugins\/seo\/ -->\n<title>Rukometni Zamjevi prekinuli niz poraza, u dramati\u010dnoj zavr\u0161nici pobijedili Gr\u010dku - TuzlaInfo.ba<\/title>\n<meta name=\"robots\" content=\"index, follow, max-snippet:-1, max-image-preview:large, max-video-preview:-1\" \/>\n<link rel=\"canonical\" href=\"https:\/\/tuzlainfo.ba\/index.php\/bosna-i-hercegovina\/item\/255001-rukometni-zamjevi-prekinuli-niz-poraza-u-dramaticnoj-zavrsnici-pobijedili-grcku\/\" \/>\n<meta property=\"og:locale\" content=\"bs_BA\" \/>\n<meta property=\"og:type\" content=\"article\" \/>\n<meta property=\"og:title\" content=\"Rukometni Zamjevi prekinuli niz poraza, u dramati\u010dnoj zavr\u0161nici pobijedili Gr\u010dku - TuzlaInfo.ba\" \/>\n<meta property=\"og:description\" content=\"U 2.kolu kvalifikacija za Evropsko prvenstvo, rukometa\u0161i Bosne i Hercegovine su \u00a0u Cazinu, nakon dramati\u010dne&hellip;\" \/>\n<meta property=\"og:url\" content=\"https:\/\/tuzlainfo.ba\/index.php\/bosna-i-hercegovina\/item\/255001-rukometni-zamjevi-prekinuli-niz-poraza-u-dramaticnoj-zavrsnici-pobijedili-grcku\/\" \/>\n<meta property=\"og:site_name\" content=\"TuzlaInfo.ba\" \/>\n<meta property=\"article:publisher\" content=\"https:\/\/www.facebook.com\/tuzlainfo.ba\/\" \/>\n<meta property=\"article:published_time\" content=\"2024-11-10T20:51:24+00:00\" \/>\n<meta property=\"og:image\" content=\"https:\/\/tuzlainfo.ba\/wp-content\/uploads\/2024\/11\/1011_rukometna_reprezentacija.jpg\" \/>\n\t<meta property=\"og:image:width\" content=\"800\" \/>\n\t<meta property=\"og:image:height\" content=\"450\" \/>\n\t<meta property=\"og:image:type\" content=\"image\/jpeg\" \/>\n<meta name=\"author\" content=\"nedim\" \/>\n<meta name=\"twitter:card\" content=\"summary_large_image\" \/>\n<meta name=\"twitter:label1\" content=\"Written by\" \/>\n\t<meta name=\"twitter:data1\" content=\"nedim\" \/>\n\t<meta name=\"twitter:label2\" content=\"Est. reading time\" \/>\n\t<meta name=\"twitter:data2\" content=\"2 minute\" \/>\n<script type=\"application\/ld+json\" class=\"yoast-schema-graph\">{\"@context\":\"https:\/\/schema.org\",\"@graph\":[{\"@type\":\"Article\",\"@id\":\"https:\/\/tuzlainfo.ba\/index.php\/bosna-i-hercegovina\/item\/255001-rukometni-zamjevi-prekinuli-niz-poraza-u-dramaticnoj-zavrsnici-pobijedili-grcku\/#article\",\"isPartOf\":{\"@id\":\"https:\/\/tuzlainfo.ba\/index.php\/bosna-i-hercegovina\/item\/255001-rukometni-zamjevi-prekinuli-niz-poraza-u-dramaticnoj-zavrsnici-pobijedili-grcku\/\"},\"author\":{\"name\":\"nedim\",\"@id\":\"https:\/\/tuzlainfo.ba\/#\/schema\/person\/f434e20dc27ea133923aab08451b7f7f\"},\"headline\":\"Rukometni Zamjevi prekinuli niz poraza, u dramati\u010dnoj zavr\u0161nici pobijedili Gr\u010dku\",\"datePublished\":\"2024-11-10T20:51:24+00:00\",\"dateModified\":\"2024-11-10T20:51:24+00:00\",\"mainEntityOfPage\":{\"@id\":\"https:\/\/tuzlainfo.ba\/index.php\/bosna-i-hercegovina\/item\/255001-rukometni-zamjevi-prekinuli-niz-poraza-u-dramaticnoj-zavrsnici-pobijedili-grcku\/\"},\"wordCount\":180,\"publisher\":{\"@id\":\"https:\/\/tuzlainfo.ba\/#organization\"},\"image\":{\"@id\":\"https:\/\/tuzlainfo.ba\/index.php\/bosna-i-hercegovina\/item\/255001-rukometni-zamjevi-prekinuli-niz-poraza-u-dramaticnoj-zavrsnici-pobijedili-grcku\/#primaryimage\"},\"thumbnailUrl\":\"https:\/\/tuzlainfo.ba\/wp-content\/uploads\/2024\/11\/1011_rukometna_reprezentacija.jpg\",\"keywords\":[\"rukometna reprezentacija bih\",\"sport\"],\"articleSection\":[\"Bosna i Hercegovina\",\"Istaknuto\"],\"inLanguage\":\"bs-BA\"},{\"@type\":\"WebPage\",\"@id\":\"https:\/\/tuzlainfo.ba\/index.php\/bosna-i-hercegovina\/item\/255001-rukometni-zamjevi-prekinuli-niz-poraza-u-dramaticnoj-zavrsnici-pobijedili-grcku\/\",\"url\":\"https:\/\/tuzlainfo.ba\/index.php\/bosna-i-hercegovina\/item\/255001-rukometni-zamjevi-prekinuli-niz-poraza-u-dramaticnoj-zavrsnici-pobijedili-grcku\/\",\"name\":\"Rukometni Zamjevi prekinuli niz poraza, u dramati\u010dnoj zavr\u0161nici pobijedili Gr\u010dku - TuzlaInfo.ba\",\"isPartOf\":{\"@id\":\"https:\/\/tuzlainfo.ba\/#website\"},\"primaryImageOfPage\":{\"@id\":\"https:\/\/tuzlainfo.ba\/index.php\/bosna-i-hercegovina\/item\/255001-rukometni-zamjevi-prekinuli-niz-poraza-u-dramaticnoj-zavrsnici-pobijedili-grcku\/#primaryimage\"},\"image\":{\"@id\":\"https:\/\/tuzlainfo.ba\/index.php\/bosna-i-hercegovina\/item\/255001-rukometni-zamjevi-prekinuli-niz-poraza-u-dramaticnoj-zavrsnici-pobijedili-grcku\/#primaryimage\"},\"thumbnailUrl\":\"https:\/\/tuzlainfo.ba\/wp-content\/uploads\/2024\/11\/1011_rukometna_reprezentacija.jpg\",\"datePublished\":\"2024-11-10T20:51:24+00:00\",\"dateModified\":\"2024-11-10T20:51:24+00:00\",\"breadcrumb\":{\"@id\":\"https:\/\/tuzlainfo.ba\/index.php\/bosna-i-hercegovina\/item\/255001-rukometni-zamjevi-prekinuli-niz-poraza-u-dramaticnoj-zavrsnici-pobijedili-grcku\/#breadcrumb\"},\"inLanguage\":\"bs-BA\",\"potentialAction\":[{\"@type\":\"ReadAction\",\"target\":[\"https:\/\/tuzlainfo.ba\/index.php\/bosna-i-hercegovina\/item\/255001-rukometni-zamjevi-prekinuli-niz-poraza-u-dramaticnoj-zavrsnici-pobijedili-grcku\/\"]}]},{\"@type\":\"ImageObject\",\"inLanguage\":\"bs-BA\",\"@id\":\"https:\/\/tuzlainfo.ba\/index.php\/bosna-i-hercegovina\/item\/255001-rukometni-zamjevi-prekinuli-niz-poraza-u-dramaticnoj-zavrsnici-pobijedili-grcku\/#primaryimage\",\"url\":\"https:\/\/tuzlainfo.ba\/wp-content\/uploads\/2024\/11\/1011_rukometna_reprezentacija.jpg\",\"contentUrl\":\"https:\/\/tuzlainfo.ba\/wp-content\/uploads\/2024\/11\/1011_rukometna_reprezentacija.jpg\",\"width\":800,\"height\":450},{\"@type\":\"BreadcrumbList\",\"@id\":\"https:\/\/tuzlainfo.ba\/index.php\/bosna-i-hercegovina\/item\/255001-rukometni-zamjevi-prekinuli-niz-poraza-u-dramaticnoj-zavrsnici-pobijedili-grcku\/#breadcrumb\",\"itemListElement\":[{\"@type\":\"ListItem\",\"position\":1,\"name\":\"Home\",\"item\":\"https:\/\/tuzlainfo.ba\/\"},{\"@type\":\"ListItem\",\"position\":2,\"name\":\"Rukometni Zamjevi prekinuli niz poraza, u dramati\u010dnoj zavr\u0161nici pobijedili Gr\u010dku\"}]},{\"@type\":\"WebSite\",\"@id\":\"https:\/\/tuzlainfo.ba\/#website\",\"url\":\"https:\/\/tuzlainfo.ba\/\",\"name\":\"TuzlaInfo.ba\",\"description\":\"Tuzla info, gradski informator - Tuzla na dlanu\",\"publisher\":{\"@id\":\"https:\/\/tuzlainfo.ba\/#organization\"},\"potentialAction\":[{\"@type\":\"SearchAction\",\"target\":{\"@type\":\"EntryPoint\",\"urlTemplate\":\"https:\/\/tuzlainfo.ba\/?s={search_term_string}\"},\"query-input\":{\"@type\":\"PropertyValueSpecification\",\"valueRequired\":true,\"valueName\":\"search_term_string\"}}],\"inLanguage\":\"bs-BA\"},{\"@type\":\"Organization\",\"@id\":\"https:\/\/tuzlainfo.ba\/#organization\",\"name\":\"TuzlaInfo.ba\",\"url\":\"https:\/\/tuzlainfo.ba\/\",\"logo\":{\"@type\":\"ImageObject\",\"inLanguage\":\"bs-BA\",\"@id\":\"https:\/\/tuzlainfo.ba\/#\/schema\/logo\/image\/\",\"url\":\"https:\/\/tuzlainfo.ba\/wp-content\/uploads\/2021\/03\/logo-ver-3-1.png\",\"contentUrl\":\"https:\/\/tuzlainfo.ba\/wp-content\/uploads\/2021\/03\/logo-ver-3-1.png\",\"width\":350,\"height\":95,\"caption\":\"TuzlaInfo.ba\"},\"image\":{\"@id\":\"https:\/\/tuzlainfo.ba\/#\/schema\/logo\/image\/\"},\"sameAs\":[\"https:\/\/www.facebook.com\/tuzlainfo.ba\/\"]},{\"@type\":\"Person\",\"@id\":\"https:\/\/tuzlainfo.ba\/#\/schema\/person\/f434e20dc27ea133923aab08451b7f7f\",\"name\":\"nedim\",\"image\":{\"@type\":\"ImageObject\",\"inLanguage\":\"bs-BA\",\"@id\":\"https:\/\/tuzlainfo.ba\/#\/schema\/person\/image\/\",\"url\":\"https:\/\/tuzlainfo.ba\/wp-content\/litespeed\/avatar\/aabad687af24844af817603ac1cbdc4f.jpg?ver=1777306975\",\"contentUrl\":\"https:\/\/tuzlainfo.ba\/wp-content\/litespeed\/avatar\/aabad687af24844af817603ac1cbdc4f.jpg?ver=1777306975\",\"caption\":\"nedim\"},\"description\":\"Tuzlainfo.ba pratite na dru\u0161tvenim mre\u017eama: Facebook, Instagram i Youtube. Svoje pri\u010de, upite i fotografije \u0161aljite na na\u0161u e-mail adresu.\"}]}<\/script>\n<!-- \/ Yoast SEO plugin. -->","yoast_head_json":{"title":"Rukometni Zamjevi prekinuli niz poraza, u dramati\u010dnoj zavr\u0161nici pobijedili Gr\u010dku - TuzlaInfo.ba","robots":{"index":"index","follow":"follow","max-snippet":"max-snippet:-1","max-image-preview":"max-image-preview:large","max-video-preview":"max-video-preview:-1"},"canonical":"https:\/\/tuzlainfo.ba\/index.php\/bosna-i-hercegovina\/item\/255001-rukometni-zamjevi-prekinuli-niz-poraza-u-dramaticnoj-zavrsnici-pobijedili-grcku\/","og_locale":"bs_BA","og_type":"article","og_title":"Rukometni Zamjevi prekinuli niz poraza, u dramati\u010dnoj zavr\u0161nici pobijedili Gr\u010dku - TuzlaInfo.ba","og_description":"U 2.kolu kvalifikacija za Evropsko prvenstvo, rukometa\u0161i Bosne i Hercegovine su \u00a0u Cazinu, nakon dramati\u010dne&hellip;","og_url":"https:\/\/tuzlainfo.ba\/index.php\/bosna-i-hercegovina\/item\/255001-rukometni-zamjevi-prekinuli-niz-poraza-u-dramaticnoj-zavrsnici-pobijedili-grcku\/","og_site_name":"TuzlaInfo.ba","article_publisher":"https:\/\/www.facebook.com\/tuzlainfo.ba\/","article_published_time":"2024-11-10T20:51:24+00:00","og_image":[{"width":800,"height":450,"url":"https:\/\/tuzlainfo.ba\/wp-content\/uploads\/2024\/11\/1011_rukometna_reprezentacija.jpg","type":"image\/jpeg"}],"author":"nedim","twitter_card":"summary_large_image","twitter_misc":{"Written by":"nedim","Est. reading time":"2 minute"},"schema":{"@context":"https:\/\/schema.org","@graph":[{"@type":"Article","@id":"https:\/\/tuzlainfo.ba\/index.php\/bosna-i-hercegovina\/item\/255001-rukometni-zamjevi-prekinuli-niz-poraza-u-dramaticnoj-zavrsnici-pobijedili-grcku\/#article","isPartOf":{"@id":"https:\/\/tuzlainfo.ba\/index.php\/bosna-i-hercegovina\/item\/255001-rukometni-zamjevi-prekinuli-niz-poraza-u-dramaticnoj-zavrsnici-pobijedili-grcku\/"},"author":{"name":"nedim","@id":"https:\/\/tuzlainfo.ba\/#\/schema\/person\/f434e20dc27ea133923aab08451b7f7f"},"headline":"Rukometni Zamjevi prekinuli niz poraza, u dramati\u010dnoj zavr\u0161nici pobijedili Gr\u010dku","datePublished":"2024-11-10T20:51:24+00:00","dateModified":"2024-11-10T20:51:24+00:00","mainEntityOfPage":{"@id":"https:\/\/tuzlainfo.ba\/index.php\/bosna-i-hercegovina\/item\/255001-rukometni-zamjevi-prekinuli-niz-poraza-u-dramaticnoj-zavrsnici-pobijedili-grcku\/"},"wordCount":180,"publisher":{"@id":"https:\/\/tuzlainfo.ba\/#organization"},"image":{"@id":"https:\/\/tuzlainfo.ba\/index.php\/bosna-i-hercegovina\/item\/255001-rukometni-zamjevi-prekinuli-niz-poraza-u-dramaticnoj-zavrsnici-pobijedili-grcku\/#primaryimage"},"thumbnailUrl":"https:\/\/tuzlainfo.ba\/wp-content\/uploads\/2024\/11\/1011_rukometna_reprezentacija.jpg","keywords":["rukometna reprezentacija bih","sport"],"articleSection":["Bosna i Hercegovina","Istaknuto"],"inLanguage":"bs-BA"},{"@type":"WebPage","@id":"https:\/\/tuzlainfo.ba\/index.php\/bosna-i-hercegovina\/item\/255001-rukometni-zamjevi-prekinuli-niz-poraza-u-dramaticnoj-zavrsnici-pobijedili-grcku\/","url":"https:\/\/tuzlainfo.ba\/index.php\/bosna-i-hercegovina\/item\/255001-rukometni-zamjevi-prekinuli-niz-poraza-u-dramaticnoj-zavrsnici-pobijedili-grcku\/","name":"Rukometni Zamjevi prekinuli niz poraza, u dramati\u010dnoj zavr\u0161nici pobijedili Gr\u010dku - TuzlaInfo.ba","isPartOf":{"@id":"https:\/\/tuzlainfo.ba\/#website"},"primaryImageOfPage":{"@id":"https:\/\/tuzlainfo.ba\/index.php\/bosna-i-hercegovina\/item\/255001-rukometni-zamjevi-prekinuli-niz-poraza-u-dramaticnoj-zavrsnici-pobijedili-grcku\/#primaryimage"},"image":{"@id":"https:\/\/tuzlainfo.ba\/index.php\/bosna-i-hercegovina\/item\/255001-rukometni-zamjevi-prekinuli-niz-poraza-u-dramaticnoj-zavrsnici-pobijedili-grcku\/#primaryimage"},"thumbnailUrl":"https:\/\/tuzlainfo.ba\/wp-content\/uploads\/2024\/11\/1011_rukometna_reprezentacija.jpg","datePublished":"2024-11-10T20:51:24+00:00","dateModified":"2024-11-10T20:51:24+00:00","breadcrumb":{"@id":"https:\/\/tuzlainfo.ba\/index.php\/bosna-i-hercegovina\/item\/255001-rukometni-zamjevi-prekinuli-niz-poraza-u-dramaticnoj-zavrsnici-pobijedili-grcku\/#breadcrumb"},"inLanguage":"bs-BA","potentialAction":[{"@type":"ReadAction","target":["https:\/\/tuzlainfo.ba\/index.php\/bosna-i-hercegovina\/item\/255001-rukometni-zamjevi-prekinuli-niz-poraza-u-dramaticnoj-zavrsnici-pobijedili-grcku\/"]}]},{"@type":"ImageObject","inLanguage":"bs-BA","@id":"https:\/\/tuzlainfo.ba\/index.php\/bosna-i-hercegovina\/item\/255001-rukometni-zamjevi-prekinuli-niz-poraza-u-dramaticnoj-zavrsnici-pobijedili-grcku\/#primaryimage","url":"https:\/\/tuzlainfo.ba\/wp-content\/uploads\/2024\/11\/1011_rukometna_reprezentacija.jpg","contentUrl":"https:\/\/tuzlainfo.ba\/wp-content\/uploads\/2024\/11\/1011_rukometna_reprezentacija.jpg","width":800,"height":450},{"@type":"BreadcrumbList","@id":"https:\/\/tuzlainfo.ba\/index.php\/bosna-i-hercegovina\/item\/255001-rukometni-zamjevi-prekinuli-niz-poraza-u-dramaticnoj-zavrsnici-pobijedili-grcku\/#breadcrumb","itemListElement":[{"@type":"ListItem","position":1,"name":"Home","item":"https:\/\/tuzlainfo.ba\/"},{"@type":"ListItem","position":2,"name":"Rukometni Zamjevi prekinuli niz poraza, u dramati\u010dnoj zavr\u0161nici pobijedili Gr\u010dku"}]},{"@type":"WebSite","@id":"https:\/\/tuzlainfo.ba\/#website","url":"https:\/\/tuzlainfo.ba\/","name":"TuzlaInfo.ba","description":"Tuzla info, gradski informator - Tuzla na dlanu","publisher":{"@id":"https:\/\/tuzlainfo.ba\/#organization"},"potentialAction":[{"@type":"SearchAction","target":{"@type":"EntryPoint","urlTemplate":"https:\/\/tuzlainfo.ba\/?s={search_term_string}"},"query-input":{"@type":"PropertyValueSpecification","valueRequired":true,"valueName":"search_term_string"}}],"inLanguage":"bs-BA"},{"@type":"Organization","@id":"https:\/\/tuzlainfo.ba\/#organization","name":"TuzlaInfo.ba","url":"https:\/\/tuzlainfo.ba\/","logo":{"@type":"ImageObject","inLanguage":"bs-BA","@id":"https:\/\/tuzlainfo.ba\/#\/schema\/logo\/image\/","url":"https:\/\/tuzlainfo.ba\/wp-content\/uploads\/2021\/03\/logo-ver-3-1.png","contentUrl":"https:\/\/tuzlainfo.ba\/wp-content\/uploads\/2021\/03\/logo-ver-3-1.png","width":350,"height":95,"caption":"TuzlaInfo.ba"},"image":{"@id":"https:\/\/tuzlainfo.ba\/#\/schema\/logo\/image\/"},"sameAs":["https:\/\/www.facebook.com\/tuzlainfo.ba\/"]},{"@type":"Person","@id":"https:\/\/tuzlainfo.ba\/#\/schema\/person\/f434e20dc27ea133923aab08451b7f7f","name":"nedim","image":{"@type":"ImageObject","inLanguage":"bs-BA","@id":"https:\/\/tuzlainfo.ba\/#\/schema\/person\/image\/","url":"https:\/\/tuzlainfo.ba\/wp-content\/litespeed\/avatar\/aabad687af24844af817603ac1cbdc4f.jpg?ver=1777306975","contentUrl":"https:\/\/tuzlainfo.ba\/wp-content\/litespeed\/avatar\/aabad687af24844af817603ac1cbdc4f.jpg?ver=1777306975","caption":"nedim"},"description":"Tuzlainfo.ba pratite na dru\u0161tvenim mre\u017eama: Facebook, Instagram i Youtube. Svoje pri\u010de, upite i fotografije \u0161aljite na na\u0161u e-mail adresu."}]}},"_links":{"self":[{"href":"https:\/\/tuzlainfo.ba\/index.php\/wp-json\/wp\/v2\/posts\/255001"}],"collection":[{"href":"https:\/\/tuzlainfo.ba\/index.php\/wp-json\/wp\/v2\/posts"}],"about":[{"href":"https:\/\/tuzlainfo.ba\/index.php\/wp-json\/wp\/v2\/types\/post"}],"author":[{"embeddable":true,"href":"https:\/\/tuzlainfo.ba\/index.php\/wp-json\/wp\/v2\/users\/2"}],"replies":[{"embeddable":true,"href":"https:\/\/tuzlainfo.ba\/index.php\/wp-json\/wp\/v2\/comments?post=255001"}],"version-history":[{"count":1,"href":"https:\/\/tuzlainfo.ba\/index.php\/wp-json\/wp\/v2\/posts\/255001\/revisions"}],"predecessor-version":[{"id":255003,"href":"https:\/\/tuzlainfo.ba\/index.php\/wp-json\/wp\/v2\/posts\/255001\/revisions\/255003"}],"wp:featuredmedia":[{"embeddable":true,"href":"https:\/\/tuzlainfo.ba\/index.php\/wp-json\/wp\/v2\/media\/255002"}],"wp:attachment":[{"href":"https:\/\/tuzlainfo.ba\/index.php\/wp-json\/wp\/v2\/media?parent=255001"}],"wp:term":[{"taxonomy":"category","embeddable":true,"href":"https:\/\/tuzlainfo.ba\/index.php\/wp-json\/wp\/v2\/categories?post=255001"},{"taxonomy":"post_tag","embeddable":true,"href":"https:\/\/tuzlainfo.ba\/index.php\/wp-json\/wp\/v2\/tags?post=255001"}],"curies":[{"name":"wp","href":"https:\/\/api.w.org\/{rel}","templated":true}]}}