{"id":254900,"date":"2024-11-08T22:54:56","date_gmt":"2024-11-08T21:54:56","guid":{"rendered":"https:\/\/tuzlainfo.ba\/?p=254900"},"modified":"2024-11-11T07:49:04","modified_gmt":"2024-11-11T06:49:04","slug":"sud-presudio-ali-hoce-li-alen-kameric-biti-vracen-na-direktorsku-poziciju-ukc-a","status":"publish","type":"post","link":"https:\/\/tuzlainfo.ba\/index.php\/novosti\/item\/254900-sud-presudio-ali-hoce-li-alen-kameric-biti-vracen-na-direktorsku-poziciju-ukc-a\/","title":{"rendered":"Sud presudio, ali&#8230;: Ho\u0107e li Alen Kameri\u0107 biti vra\u0107en na direktorsku poziciju UKC-a?"},"content":{"rendered":"<p>Kantonalni sud u Tuzli donio je drugostepenu presudu kojom Alen Kameri\u0107, biv\u0161i direktor UKC-a Tuzla, mora biti vra\u0107en na ovu poziciju sa koje je nakon imenovanja na mandatni period od \u010detiri godine, poslije pet mjeseci nezakonito smijenjen. S druge strane, 21. novembra isti\u010de i rok do implementacije odluke Ustavnog suda FBiH kojom je nare\u0111eno da osniva\u010di UKC-a Tuzla moraju biti upisani u sudski registar, pi\u0161e Federalna.ba.<\/p>\n<p>Podsjetimo, ovom presudom je utvr\u0111eno i da je Vlada Tuzlanskog kantona imenovanjem privremenog Upravnog odbora UKC Tuzla, povrijedila prava Vlade Federacije BiH. Iako je ova presuda donesena u maju ove godine do danas konkretno nije ura\u0111eno ni\u0161ta.<\/p>\n<p>Alen Kameri\u0107 je kao kadar Pokreta demokratske akcije u decembru 2021. godine imenovan na poziciju direktora UKC-a Tuzla, da bi pet mjeseci poslije, dolaskom SDA na vlast u Tuzlanskom kantonu bio razrije\u0161en te du\u017enosti, nakon \u010dega je podnio tu\u017ebu. Kameri\u0107 je tu\u017eio UKC za nezakonitu smjenu, a Kantonalni sud je presudio u njegovu korist.<\/p>\n<p>\u201cNadam se da \u0107e menad\u017ement Klini\u010dkog centra Tuzla postupiti po toj odluci. Meni je to li\u010dno samo moralna satisfakcija za sve ovo \u0161to sam pro\u0161ao zadnje tri godine i dokaz da sam nezakonito smijenjen s funkcije koju sam obavljao\u201d, ka\u017ee Kameri\u0107.<\/p>\n<p>Tako je Kantonalni sud u Tuzli potvrdio prvostepenu presudu u kojoj je nare\u0111eno da Univerzitski klini\u010dki centar Tuzla, na mjesto direktora vrati Alena Kameri\u0107a, te da mu se obavljanje du\u017enosti omogu\u0107i do isteka mandata ili prestanka mandata na zakonit na\u010din. Tako\u0111er, Sud je naredio da se Kameri\u0107u isplate sve zaostale pla\u0107e i doprinosi. Rok za implementaciju presude je trideset dana. Predsjednik Upravnog odbora UKC-a Tuzla Emir Softi\u0107 isti\u010de da \u0107e izvr\u0161iti dodatnu pravnu analizu presude i mogu\u0107nost ulaganja vanrednih pravnih lijekova.<\/p>\n<p>\u201cPresudu u potpunosti po\u0161tujemo, ne mo\u017eemo komentarisati njen sadr\u017eaj i nemamo namjeru. Imamo namjeru da je po\u0161tujemo i da je izvr\u0161avamo u skladu s propisima i mogu\u0107nostima\u201d, poru\u010duje Emir Softi\u0107, predsjednik Upravnog odbora UKC-a Tuzla.<\/p>\n<p>No, tu nije kraj presudama sa kojima se suo\u010dava UKC Tuzla. Nakon apelacije federalnog premijera Nermina Nik\u0161i\u0107a u vezi sa imenovanjem privremenog Upravnog odbora UKC-a Tuzla, presudom Ustavnog suda FBiH je utvr\u0111eno da je Vlada Tuzlanskog kantona povrijedila prava Federalne vlade. Pored toga, na osnovu Zakona o zdravstvenoj za\u0161titi Federacije pored TK svoj udio u UKC-u ima i Federacija BiH, \u0161to je definisano Statutom. Ugovor kojim bi se regulisala me\u0111usobna prava i obaveze Federacije i Vlade Tuzlanskog kantona ni do danas nije potpisan, \u0161to je tako\u0111er nalo\u017eeno presudom. Rok za implementaciju presude isti\u010de 21. novembra.<\/p>\n<p>\u201cMoramo izvr\u0161iti i tu analizu i nakon toga \u0107emo i\u0107i u pravcu da se izvr\u0161avaju svi oni akti suda koje je potrebno izvr\u0161iti. Vidjet \u0107emo na koji na\u010din \u0107e se do isteka ovog roka i ho\u0107e li se mo\u0107i implementirati ta presuda\u201d, ka\u017ee Softi\u0107.<\/p>\n<p>Ukoliko se ne postupi po presudi Ustavnog suda FBiH u zadanom roku, to \u0107e imati nesagledive posljedice. A u slu\u010daju neizvr\u0161enja presude i nemogu\u0107nosti daljnjeg funkcionisanja UKC-a Tuzla najvi\u0161e \u0161tete bilo bi po zdravstvene osiguranike, ali i obrazovanje budu\u0107i da je ova zdravstvena ustanova nastavno-nau\u010dna baza za Medicinski, Farmaceutski i Edukacijsko-rehabilitacijski fakultet, te Visoku zdravstvenu i Srednju medicinsku \u0161kolu, pi\u0161e federalna.ba.<\/p>\n","protected":false},"excerpt":{"rendered":"<p>Kantonalni sud u Tuzli donio je drugostepenu presudu kojom Alen Kameri\u0107, biv\u0161i direktor UKC-a Tuzla, mora biti vra\u0107en na ovu poziciju sa koje je nakon imenovanja na mandatni period od \u010detiri godine, poslije pet mjeseci nezakonito smijenjen. S druge strane, 21. novembra isti\u010de i rok do implementacije odluke Ustavnog suda FBiH kojom je nare\u0111eno da [&hellip;]<\/p>\n","protected":false},"author":2,"featured_media":140680,"comment_status":"closed","ping_status":"closed","sticky":false,"template":"","format":"standard","meta":{"footnotes":""},"categories":[304,12,306],"tags":[1450,458],"class_list":["post-254900","post","type-post","status-publish","format-standard","has-post-thumbnail","hentry","category-istaknuto","category-novosti","category-preporucujemo","tag-alen-kameric","tag-ukc-tuzla"],"yoast_head":"<!-- This site is optimized with the Yoast SEO plugin v28.4 - https:\/\/yoast.com\/product\/yoast-seo-wordpress\/ -->\n<title>Sud presudio, ali...: Ho\u0107e li Alen Kameri\u0107 biti vra\u0107en na direktorsku poziciju UKC-a?<\/title>\n<meta name=\"robots\" content=\"index, follow, max-snippet:-1, max-image-preview:large, max-video-preview:-1\" \/>\n<link rel=\"canonical\" href=\"https:\/\/tuzlainfo.ba\/index.php\/novosti\/item\/254900-sud-presudio-ali-hoce-li-alen-kameric-biti-vracen-na-direktorsku-poziciju-ukc-a\/\" \/>\n<meta property=\"og:locale\" content=\"bs_BA\" \/>\n<meta property=\"og:type\" content=\"article\" \/>\n<meta property=\"og:title\" content=\"Sud presudio, ali...: Ho\u0107e li Alen Kameri\u0107 biti vra\u0107en na direktorsku poziciju UKC-a?\" \/>\n<meta property=\"og:description\" content=\"Kantonalni sud u Tuzli donio je drugostepenu presudu kojom Alen Kameri\u0107, biv\u0161i direktor UKC-a Tuzla, mora biti vra\u0107en na ovu poziciju sa koje je nakon imenovanja na mandatni period od \u010detiri godine, poslije pet mjeseci nezakonito smijenjen. S druge strane, 21. novembra isti\u010de i rok do implementacije odluke Ustavnog suda FBiH kojom je nare\u0111eno da [&hellip;]\" \/>\n<meta property=\"og:url\" content=\"https:\/\/tuzlainfo.ba\/index.php\/novosti\/item\/254900-sud-presudio-ali-hoce-li-alen-kameric-biti-vracen-na-direktorsku-poziciju-ukc-a\/\" \/>\n<meta property=\"og:site_name\" content=\"TuzlaInfo.ba\" \/>\n<meta property=\"article:publisher\" content=\"https:\/\/www.facebook.com\/tuzlainfo.ba\/\" \/>\n<meta property=\"article:published_time\" content=\"2024-11-08T21:54:56+00:00\" \/>\n<meta property=\"article:modified_time\" content=\"2024-11-11T06:49:04+00:00\" \/>\n<meta property=\"og:image\" content=\"https:\/\/tuzlainfo.ba\/wp-content\/uploads\/2021\/07\/0107_alen-kameric.jpg\" \/>\n\t<meta property=\"og:image:width\" content=\"1462\" \/>\n\t<meta property=\"og:image:height\" content=\"817\" \/>\n\t<meta property=\"og:image:type\" content=\"image\/jpeg\" \/>\n<meta name=\"author\" content=\"nedim\" \/>\n<meta name=\"twitter:card\" content=\"summary_large_image\" \/>\n<meta name=\"twitter:label1\" content=\"Written by\" \/>\n\t<meta name=\"twitter:data1\" content=\"nedim\" \/>\n\t<meta name=\"twitter:label2\" content=\"Est. reading time\" \/>\n\t<meta name=\"twitter:data2\" content=\"4 minute\" \/>\n<script type=\"application\/ld+json\" class=\"yoast-schema-graph\">{\"@context\":\"https:\\\/\\\/schema.org\",\"@graph\":[{\"@type\":\"Article\",\"@id\":\"https:\\\/\\\/tuzlainfo.ba\\\/index.php\\\/novosti\\\/item\\\/254900-sud-presudio-ali-hoce-li-alen-kameric-biti-vracen-na-direktorsku-poziciju-ukc-a\\\/#article\",\"isPartOf\":{\"@id\":\"https:\\\/\\\/tuzlainfo.ba\\\/index.php\\\/novosti\\\/item\\\/254900-sud-presudio-ali-hoce-li-alen-kameric-biti-vracen-na-direktorsku-poziciju-ukc-a\\\/\"},\"author\":{\"name\":\"nedim\",\"@id\":\"https:\\\/\\\/tuzlainfo.ba\\\/#\\\/schema\\\/person\\\/f434e20dc27ea133923aab08451b7f7f\"},\"headline\":\"Sud presudio, ali&#8230;: Ho\u0107e li Alen Kameri\u0107 biti vra\u0107en na direktorsku poziciju UKC-a?\",\"datePublished\":\"2024-11-08T21:54:56+00:00\",\"dateModified\":\"2024-11-11T06:49:04+00:00\",\"mainEntityOfPage\":{\"@id\":\"https:\\\/\\\/tuzlainfo.ba\\\/index.php\\\/novosti\\\/item\\\/254900-sud-presudio-ali-hoce-li-alen-kameric-biti-vracen-na-direktorsku-poziciju-ukc-a\\\/\"},\"wordCount\":589,\"publisher\":{\"@id\":\"https:\\\/\\\/tuzlainfo.ba\\\/#organization\"},\"image\":{\"@id\":\"https:\\\/\\\/tuzlainfo.ba\\\/index.php\\\/novosti\\\/item\\\/254900-sud-presudio-ali-hoce-li-alen-kameric-biti-vracen-na-direktorsku-poziciju-ukc-a\\\/#primaryimage\"},\"thumbnailUrl\":\"https:\\\/\\\/tuzlainfo.ba\\\/wp-content\\\/uploads\\\/2021\\\/07\\\/0107_alen-kameric.jpg\",\"keywords\":[\"alen kameri\u0107\",\"ukc tuzla\"],\"articleSection\":[\"Istaknuto\",\"Novosti\",\"Preporu\u010dujemo\"],\"inLanguage\":\"bs-BA\",\"copyrightYear\":\"2024\",\"copyrightHolder\":{\"@id\":\"https:\\\/\\\/tuzlainfo.ba\\\/#organization\"}},{\"@type\":\"WebPage\",\"@id\":\"https:\\\/\\\/tuzlainfo.ba\\\/index.php\\\/novosti\\\/item\\\/254900-sud-presudio-ali-hoce-li-alen-kameric-biti-vracen-na-direktorsku-poziciju-ukc-a\\\/\",\"url\":\"https:\\\/\\\/tuzlainfo.ba\\\/index.php\\\/novosti\\\/item\\\/254900-sud-presudio-ali-hoce-li-alen-kameric-biti-vracen-na-direktorsku-poziciju-ukc-a\\\/\",\"name\":\"Sud presudio, ali...: Ho\u0107e li Alen Kameri\u0107 biti vra\u0107en na direktorsku poziciju UKC-a?\",\"isPartOf\":{\"@id\":\"https:\\\/\\\/tuzlainfo.ba\\\/#website\"},\"primaryImageOfPage\":{\"@id\":\"https:\\\/\\\/tuzlainfo.ba\\\/index.php\\\/novosti\\\/item\\\/254900-sud-presudio-ali-hoce-li-alen-kameric-biti-vracen-na-direktorsku-poziciju-ukc-a\\\/#primaryimage\"},\"image\":{\"@id\":\"https:\\\/\\\/tuzlainfo.ba\\\/index.php\\\/novosti\\\/item\\\/254900-sud-presudio-ali-hoce-li-alen-kameric-biti-vracen-na-direktorsku-poziciju-ukc-a\\\/#primaryimage\"},\"thumbnailUrl\":\"https:\\\/\\\/tuzlainfo.ba\\\/wp-content\\\/uploads\\\/2021\\\/07\\\/0107_alen-kameric.jpg\",\"datePublished\":\"2024-11-08T21:54:56+00:00\",\"dateModified\":\"2024-11-11T06:49:04+00:00\",\"breadcrumb\":{\"@id\":\"https:\\\/\\\/tuzlainfo.ba\\\/index.php\\\/novosti\\\/item\\\/254900-sud-presudio-ali-hoce-li-alen-kameric-biti-vracen-na-direktorsku-poziciju-ukc-a\\\/#breadcrumb\"},\"inLanguage\":\"bs-BA\",\"potentialAction\":[{\"@type\":\"ReadAction\",\"target\":[\"https:\\\/\\\/tuzlainfo.ba\\\/index.php\\\/novosti\\\/item\\\/254900-sud-presudio-ali-hoce-li-alen-kameric-biti-vracen-na-direktorsku-poziciju-ukc-a\\\/\"]}]},{\"@type\":\"ImageObject\",\"inLanguage\":\"bs-BA\",\"@id\":\"https:\\\/\\\/tuzlainfo.ba\\\/index.php\\\/novosti\\\/item\\\/254900-sud-presudio-ali-hoce-li-alen-kameric-biti-vracen-na-direktorsku-poziciju-ukc-a\\\/#primaryimage\",\"url\":\"https:\\\/\\\/tuzlainfo.ba\\\/wp-content\\\/uploads\\\/2021\\\/07\\\/0107_alen-kameric.jpg\",\"contentUrl\":\"https:\\\/\\\/tuzlainfo.ba\\\/wp-content\\\/uploads\\\/2021\\\/07\\\/0107_alen-kameric.jpg\",\"width\":1462,\"height\":817},{\"@type\":\"BreadcrumbList\",\"@id\":\"https:\\\/\\\/tuzlainfo.ba\\\/index.php\\\/novosti\\\/item\\\/254900-sud-presudio-ali-hoce-li-alen-kameric-biti-vracen-na-direktorsku-poziciju-ukc-a\\\/#breadcrumb\",\"itemListElement\":[{\"@type\":\"ListItem\",\"position\":1,\"name\":\"Home\",\"item\":\"https:\\\/\\\/tuzlainfo.ba\\\/\"},{\"@type\":\"ListItem\",\"position\":2,\"name\":\"Sud presudio, ali&#8230;: Ho\u0107e li Alen Kameri\u0107 biti vra\u0107en na direktorsku poziciju UKC-a?\"}]},{\"@type\":\"WebSite\",\"@id\":\"https:\\\/\\\/tuzlainfo.ba\\\/#website\",\"url\":\"https:\\\/\\\/tuzlainfo.ba\\\/\",\"name\":\"TuzlaInfo.ba\",\"description\":\"Tuzla info, gradski informator - Tuzla na dlanu\",\"publisher\":{\"@id\":\"https:\\\/\\\/tuzlainfo.ba\\\/#organization\"},\"potentialAction\":[{\"@type\":\"SearchAction\",\"target\":{\"@type\":\"EntryPoint\",\"urlTemplate\":\"https:\\\/\\\/tuzlainfo.ba\\\/?s={search_term_string}\"},\"query-input\":{\"@type\":\"PropertyValueSpecification\",\"valueRequired\":true,\"valueName\":\"search_term_string\"}}],\"inLanguage\":\"bs-BA\"},{\"@type\":\"Organization\",\"@id\":\"https:\\\/\\\/tuzlainfo.ba\\\/#organization\",\"name\":\"TuzlaInfo.ba\",\"url\":\"https:\\\/\\\/tuzlainfo.ba\\\/\",\"logo\":{\"@type\":\"ImageObject\",\"inLanguage\":\"bs-BA\",\"@id\":\"https:\\\/\\\/tuzlainfo.ba\\\/#\\\/schema\\\/logo\\\/image\\\/\",\"url\":\"https:\\\/\\\/tuzlainfo.ba\\\/wp-content\\\/uploads\\\/2021\\\/03\\\/logo-ver-3-1.png\",\"contentUrl\":\"https:\\\/\\\/tuzlainfo.ba\\\/wp-content\\\/uploads\\\/2021\\\/03\\\/logo-ver-3-1.png\",\"width\":350,\"height\":95,\"caption\":\"TuzlaInfo.ba\"},\"image\":{\"@id\":\"https:\\\/\\\/tuzlainfo.ba\\\/#\\\/schema\\\/logo\\\/image\\\/\"},\"sameAs\":[\"https:\\\/\\\/www.facebook.com\\\/tuzlainfo.ba\\\/\"]},{\"@type\":\"Person\",\"@id\":\"https:\\\/\\\/tuzlainfo.ba\\\/#\\\/schema\\\/person\\\/f434e20dc27ea133923aab08451b7f7f\",\"name\":\"nedim\",\"image\":{\"@type\":\"ImageObject\",\"inLanguage\":\"bs-BA\",\"@id\":\"https:\\\/\\\/secure.gravatar.com\\\/avatar\\\/5b928a2e7e70a54208d2eb6c1edcb75a5350d6ae97d5f0a701203d456823f6f3?s=96&d=mm&r=g\",\"url\":\"https:\\\/\\\/secure.gravatar.com\\\/avatar\\\/5b928a2e7e70a54208d2eb6c1edcb75a5350d6ae97d5f0a701203d456823f6f3?s=96&d=mm&r=g\",\"contentUrl\":\"https:\\\/\\\/secure.gravatar.com\\\/avatar\\\/5b928a2e7e70a54208d2eb6c1edcb75a5350d6ae97d5f0a701203d456823f6f3?s=96&d=mm&r=g\",\"caption\":\"nedim\"},\"description\":\"Tuzlainfo.ba pratite na dru\u0161tvenim mre\u017eama: Facebook, Instagram i Youtube. Svoje pri\u010de, upite i fotografije \u0161aljite na na\u0161u e-mail adresu.\"}]}<\/script>\n<!-- \/ Yoast SEO plugin. -->","yoast_head_json":{"title":"Sud presudio, ali...: Ho\u0107e li Alen Kameri\u0107 biti vra\u0107en na direktorsku poziciju UKC-a?","robots":{"index":"index","follow":"follow","max-snippet":"max-snippet:-1","max-image-preview":"max-image-preview:large","max-video-preview":"max-video-preview:-1"},"canonical":"https:\/\/tuzlainfo.ba\/index.php\/novosti\/item\/254900-sud-presudio-ali-hoce-li-alen-kameric-biti-vracen-na-direktorsku-poziciju-ukc-a\/","og_locale":"bs_BA","og_type":"article","og_title":"Sud presudio, ali...: Ho\u0107e li Alen Kameri\u0107 biti vra\u0107en na direktorsku poziciju UKC-a?","og_description":"Kantonalni sud u Tuzli donio je drugostepenu presudu kojom Alen Kameri\u0107, biv\u0161i direktor UKC-a Tuzla, mora biti vra\u0107en na ovu poziciju sa koje je nakon imenovanja na mandatni period od \u010detiri godine, poslije pet mjeseci nezakonito smijenjen. S druge strane, 21. novembra isti\u010de i rok do implementacije odluke Ustavnog suda FBiH kojom je nare\u0111eno da [&hellip;]","og_url":"https:\/\/tuzlainfo.ba\/index.php\/novosti\/item\/254900-sud-presudio-ali-hoce-li-alen-kameric-biti-vracen-na-direktorsku-poziciju-ukc-a\/","og_site_name":"TuzlaInfo.ba","article_publisher":"https:\/\/www.facebook.com\/tuzlainfo.ba\/","article_published_time":"2024-11-08T21:54:56+00:00","article_modified_time":"2024-11-11T06:49:04+00:00","og_image":[{"width":1462,"height":817,"url":"https:\/\/tuzlainfo.ba\/wp-content\/uploads\/2021\/07\/0107_alen-kameric.jpg","type":"image\/jpeg"}],"author":"nedim","twitter_card":"summary_large_image","twitter_misc":{"Written by":"nedim","Est. reading time":"4 minute"},"schema":{"@context":"https:\/\/schema.org","@graph":[{"@type":"Article","@id":"https:\/\/tuzlainfo.ba\/index.php\/novosti\/item\/254900-sud-presudio-ali-hoce-li-alen-kameric-biti-vracen-na-direktorsku-poziciju-ukc-a\/#article","isPartOf":{"@id":"https:\/\/tuzlainfo.ba\/index.php\/novosti\/item\/254900-sud-presudio-ali-hoce-li-alen-kameric-biti-vracen-na-direktorsku-poziciju-ukc-a\/"},"author":{"name":"nedim","@id":"https:\/\/tuzlainfo.ba\/#\/schema\/person\/f434e20dc27ea133923aab08451b7f7f"},"headline":"Sud presudio, ali&#8230;: Ho\u0107e li Alen Kameri\u0107 biti vra\u0107en na direktorsku poziciju UKC-a?","datePublished":"2024-11-08T21:54:56+00:00","dateModified":"2024-11-11T06:49:04+00:00","mainEntityOfPage":{"@id":"https:\/\/tuzlainfo.ba\/index.php\/novosti\/item\/254900-sud-presudio-ali-hoce-li-alen-kameric-biti-vracen-na-direktorsku-poziciju-ukc-a\/"},"wordCount":589,"publisher":{"@id":"https:\/\/tuzlainfo.ba\/#organization"},"image":{"@id":"https:\/\/tuzlainfo.ba\/index.php\/novosti\/item\/254900-sud-presudio-ali-hoce-li-alen-kameric-biti-vracen-na-direktorsku-poziciju-ukc-a\/#primaryimage"},"thumbnailUrl":"https:\/\/tuzlainfo.ba\/wp-content\/uploads\/2021\/07\/0107_alen-kameric.jpg","keywords":["alen kameri\u0107","ukc tuzla"],"articleSection":["Istaknuto","Novosti","Preporu\u010dujemo"],"inLanguage":"bs-BA","copyrightYear":"2024","copyrightHolder":{"@id":"https:\/\/tuzlainfo.ba\/#organization"}},{"@type":"WebPage","@id":"https:\/\/tuzlainfo.ba\/index.php\/novosti\/item\/254900-sud-presudio-ali-hoce-li-alen-kameric-biti-vracen-na-direktorsku-poziciju-ukc-a\/","url":"https:\/\/tuzlainfo.ba\/index.php\/novosti\/item\/254900-sud-presudio-ali-hoce-li-alen-kameric-biti-vracen-na-direktorsku-poziciju-ukc-a\/","name":"Sud presudio, ali...: Ho\u0107e li Alen Kameri\u0107 biti vra\u0107en na direktorsku poziciju UKC-a?","isPartOf":{"@id":"https:\/\/tuzlainfo.ba\/#website"},"primaryImageOfPage":{"@id":"https:\/\/tuzlainfo.ba\/index.php\/novosti\/item\/254900-sud-presudio-ali-hoce-li-alen-kameric-biti-vracen-na-direktorsku-poziciju-ukc-a\/#primaryimage"},"image":{"@id":"https:\/\/tuzlainfo.ba\/index.php\/novosti\/item\/254900-sud-presudio-ali-hoce-li-alen-kameric-biti-vracen-na-direktorsku-poziciju-ukc-a\/#primaryimage"},"thumbnailUrl":"https:\/\/tuzlainfo.ba\/wp-content\/uploads\/2021\/07\/0107_alen-kameric.jpg","datePublished":"2024-11-08T21:54:56+00:00","dateModified":"2024-11-11T06:49:04+00:00","breadcrumb":{"@id":"https:\/\/tuzlainfo.ba\/index.php\/novosti\/item\/254900-sud-presudio-ali-hoce-li-alen-kameric-biti-vracen-na-direktorsku-poziciju-ukc-a\/#breadcrumb"},"inLanguage":"bs-BA","potentialAction":[{"@type":"ReadAction","target":["https:\/\/tuzlainfo.ba\/index.php\/novosti\/item\/254900-sud-presudio-ali-hoce-li-alen-kameric-biti-vracen-na-direktorsku-poziciju-ukc-a\/"]}]},{"@type":"ImageObject","inLanguage":"bs-BA","@id":"https:\/\/tuzlainfo.ba\/index.php\/novosti\/item\/254900-sud-presudio-ali-hoce-li-alen-kameric-biti-vracen-na-direktorsku-poziciju-ukc-a\/#primaryimage","url":"https:\/\/tuzlainfo.ba\/wp-content\/uploads\/2021\/07\/0107_alen-kameric.jpg","contentUrl":"https:\/\/tuzlainfo.ba\/wp-content\/uploads\/2021\/07\/0107_alen-kameric.jpg","width":1462,"height":817},{"@type":"BreadcrumbList","@id":"https:\/\/tuzlainfo.ba\/index.php\/novosti\/item\/254900-sud-presudio-ali-hoce-li-alen-kameric-biti-vracen-na-direktorsku-poziciju-ukc-a\/#breadcrumb","itemListElement":[{"@type":"ListItem","position":1,"name":"Home","item":"https:\/\/tuzlainfo.ba\/"},{"@type":"ListItem","position":2,"name":"Sud presudio, ali&#8230;: Ho\u0107e li Alen Kameri\u0107 biti vra\u0107en na direktorsku poziciju UKC-a?"}]},{"@type":"WebSite","@id":"https:\/\/tuzlainfo.ba\/#website","url":"https:\/\/tuzlainfo.ba\/","name":"TuzlaInfo.ba","description":"Tuzla info, gradski informator - Tuzla na dlanu","publisher":{"@id":"https:\/\/tuzlainfo.ba\/#organization"},"potentialAction":[{"@type":"SearchAction","target":{"@type":"EntryPoint","urlTemplate":"https:\/\/tuzlainfo.ba\/?s={search_term_string}"},"query-input":{"@type":"PropertyValueSpecification","valueRequired":true,"valueName":"search_term_string"}}],"inLanguage":"bs-BA"},{"@type":"Organization","@id":"https:\/\/tuzlainfo.ba\/#organization","name":"TuzlaInfo.ba","url":"https:\/\/tuzlainfo.ba\/","logo":{"@type":"ImageObject","inLanguage":"bs-BA","@id":"https:\/\/tuzlainfo.ba\/#\/schema\/logo\/image\/","url":"https:\/\/tuzlainfo.ba\/wp-content\/uploads\/2021\/03\/logo-ver-3-1.png","contentUrl":"https:\/\/tuzlainfo.ba\/wp-content\/uploads\/2021\/03\/logo-ver-3-1.png","width":350,"height":95,"caption":"TuzlaInfo.ba"},"image":{"@id":"https:\/\/tuzlainfo.ba\/#\/schema\/logo\/image\/"},"sameAs":["https:\/\/www.facebook.com\/tuzlainfo.ba\/"]},{"@type":"Person","@id":"https:\/\/tuzlainfo.ba\/#\/schema\/person\/f434e20dc27ea133923aab08451b7f7f","name":"nedim","image":{"@type":"ImageObject","inLanguage":"bs-BA","@id":"https:\/\/secure.gravatar.com\/avatar\/5b928a2e7e70a54208d2eb6c1edcb75a5350d6ae97d5f0a701203d456823f6f3?s=96&d=mm&r=g","url":"https:\/\/secure.gravatar.com\/avatar\/5b928a2e7e70a54208d2eb6c1edcb75a5350d6ae97d5f0a701203d456823f6f3?s=96&d=mm&r=g","contentUrl":"https:\/\/secure.gravatar.com\/avatar\/5b928a2e7e70a54208d2eb6c1edcb75a5350d6ae97d5f0a701203d456823f6f3?s=96&d=mm&r=g","caption":"nedim"},"description":"Tuzlainfo.ba pratite na dru\u0161tvenim mre\u017eama: Facebook, Instagram i Youtube. Svoje pri\u010de, upite i fotografije \u0161aljite na na\u0161u e-mail adresu."}]}},"_links":{"self":[{"href":"https:\/\/tuzlainfo.ba\/index.php\/wp-json\/wp\/v2\/posts\/254900","targetHints":{"allow":["GET"]}}],"collection":[{"href":"https:\/\/tuzlainfo.ba\/index.php\/wp-json\/wp\/v2\/posts"}],"about":[{"href":"https:\/\/tuzlainfo.ba\/index.php\/wp-json\/wp\/v2\/types\/post"}],"author":[{"embeddable":true,"href":"https:\/\/tuzlainfo.ba\/index.php\/wp-json\/wp\/v2\/users\/2"}],"replies":[{"embeddable":true,"href":"https:\/\/tuzlainfo.ba\/index.php\/wp-json\/wp\/v2\/comments?post=254900"}],"version-history":[{"count":1,"href":"https:\/\/tuzlainfo.ba\/index.php\/wp-json\/wp\/v2\/posts\/254900\/revisions"}],"predecessor-version":[{"id":254901,"href":"https:\/\/tuzlainfo.ba\/index.php\/wp-json\/wp\/v2\/posts\/254900\/revisions\/254901"}],"wp:featuredmedia":[{"embeddable":true,"href":"https:\/\/tuzlainfo.ba\/index.php\/wp-json\/wp\/v2\/media\/140680"}],"wp:attachment":[{"href":"https:\/\/tuzlainfo.ba\/index.php\/wp-json\/wp\/v2\/media?parent=254900"}],"wp:term":[{"taxonomy":"category","embeddable":true,"href":"https:\/\/tuzlainfo.ba\/index.php\/wp-json\/wp\/v2\/categories?post=254900"},{"taxonomy":"post_tag","embeddable":true,"href":"https:\/\/tuzlainfo.ba\/index.php\/wp-json\/wp\/v2\/tags?post=254900"}],"curies":[{"name":"wp","href":"https:\/\/api.w.org\/{rel}","templated":true}]}}