{"id":254874,"date":"2024-11-08T14:02:10","date_gmt":"2024-11-08T13:02:10","guid":{"rendered":"https:\/\/tuzlainfo.ba\/?p=254874"},"modified":"2024-11-08T22:56:37","modified_gmt":"2024-11-08T21:56:37","slug":"sutkinji-opcinskog-suda-u-tuzli-potvrdjena-sankcija-smanjenje-plate","status":"publish","type":"post","link":"https:\/\/tuzlainfo.ba\/index.php\/novosti\/item\/254874-sutkinji-opcinskog-suda-u-tuzli-potvrdjena-sankcija-smanjenje-plate\/","title":{"rendered":"Sutkinji Op\u0107inskog suda u Tuzli potvr\u0111ena sankcija smanjenje plate"},"content":{"rendered":"<p>Visoko sudsko i tu\u017eila\u010dko vije\u0107e (VSTV) potvrdilo je drugostepenu odluku kojom je Ru\u017eici Juki\u0107, sutkinji Op\u0107inskog suda u Tuzli, izre\u010dena sankcija smanjenje plate za deset posto na period od tri mjeseca zbog disciplinskog prekr\u0161aja \u201cpona\u0161anje u sudu i izvan suda koje \u0161teti ugledu sudijske du\u017enosti\u201d.<\/p>\n<p>Vije\u0107e je kao neosnovane odbilo \u017ealbe Ureda disciplinskog tu\u017eioca i sutkinje Juki\u0107, te potvrdilo odluku Drugostepene diciplinske komisije.<\/p>\n<p>U svojoj odluci Vije\u0107e je navelo kako smatra da je izre\u010dena disciplinska mjera adekvatna i primjerena prirodi i te\u017eini po\u010dinjenog prekr\u0161aja, njegovim posljedicama, okolnostima i utvr\u0111enom stepenu disciplinske odgovornosti sutkinje Juki\u0107. U odluci se navodi i da \u0107e se ovom mjerom ostvariti svrha i ciljevi disciplinskog sankcionisanja.<\/p>\n<p>Prvostepena disciplinska komisija je ranije u obnovljenom postupku ponovno proglasila Juki\u0107 odgovornom da je putem dru\u0161tvene mre\u017ee Facebook iznosila vlastite pretpostavke o nacionalnosti sudija i tu\u017eilaca koji su sankcionisani smanjenjem plate, da je sa slu\u017ebenog e-maila iznosila detalje uredniku portala The Bosnia Times, dok je bila \u010dlanica VSTV-a, kao i da se na neprimjeren na\u010din putem e-maila obra\u0107ala \u010dlanovima Vije\u0107a.<\/p>\n<p>Kako se navodi u odluci u koju je tada Detektor imao uvid, razvoj savremenih sredstava komunikacije, kao \u0161to su dru\u0161tvene mre\u017ee, i njihovo kori\u0161tenje od strane sudija nu\u017eno je dovelo i do novih izazova u vezi s primjenom ograni\u010denja slobode izra\u017eavanja za sudije.<\/p>\n<p>Prema odluci, nosiocima pravosudnih funkcija ne mo\u017ee biti zabranjeno kori\u0161tenje dru\u0161tvenih mre\u017ea, me\u0111utim ograni\u010denje slobode izra\u017eavanja svakako va\u017ei i za kori\u0161tenje dru\u0161tvenih mre\u017ea od strane sudija, koji moraju voditi ra\u010duna da ne dovedu u pitanje povjerenje javnosti u nepristrasnost i nezavisnost pravosu\u0111a.<\/p>\n<p>\u201cOva komisija smatra da je tu\u017eena svjesno na dru\u0161tvenoj mre\u017ei javno objavila i iznijela vlastite pretpostavke o nacionalnoj pripadnosti sudija i tu\u017eilaca koji su privremeno udaljeni od vr\u0161enja du\u017enosti i za koje je tu\u017eilac podnio prijedlog o obustavi pla\u0107e, kao i o pristrasnosti UDT-a zbog nacionalnosti sudija i tu\u017eilaca, \u010dime je naru\u0161ila dignitet sudijskog polo\u017eaja\u201d, navodi se u odluci.<\/p>\n<p>Osvr\u0107u\u0107i se na e-mail korespondencije, Prvostepena komisija je cijenila da je Juki\u0107 svoje nezadovoljstvo radom VSTV-a i glavnih tu\u017eilaca i sudija izrazila na na\u010din koji ne prili\u010di ugledu i \u010dasti sudijske funkcije.<\/p>\n<p>Komisija je tada navela kako smatra da je dokazano da elektronska korespondencija poti\u010de od tu\u017eene, te je nesporno da se radi o autenti\u010dnoj komunikaciji koju je obavljala \u2013 prvo sa svoje slu\u017ebene elektronske adrese, a zatim s privatne \u2013 sve do momenta kada je po\u010dela da sumnja u identitet i motive osobe s kojom se dopisivala i tek tada prekinula komunikaciju.<\/p>\n<p>\u201cPrema ocjeni Komisije, sloboda izra\u017eavanja tu\u017eene \u2013 na na\u010din opisan u ta\u010dkama odluke \u2013 nije slu\u017eila zakonitom i legitimnom cilju, za\u0161titi nepristrasnosti i nezavisnosti pravosu\u0111a, odnosno unapre\u0111enju njegovog rada, niti je bila nu\u017ena u demokratskom dru\u0161tvu, s obzirom da je tu\u017eena iznijela negativne komentare i sudove koji nisu bili zasnovani na \u010dinjeni\u010dnom osnovu i nisu bili dati u dobroj vjeri\u201d, navodi se u prvostepenoj odluci, koju je potvrdila i Drugostepena disciplinska komisija.<\/p>\n<p>VSTV je pro\u0161le godine potvrdio odluku Drugostepene disciplinske komisije kojom je Juki\u0107 smanjena plata za deset posto na period od tri mjeseca zbog prekr\u0161aja \u201cpona\u0161anje u sudu ili izvan suda koje \u0161teti ugledu sudijske funkcije\u201d. Istu odluku je prethodno donijela i Prvostepena disciplinska komisija.<\/p>\n<p>Ustavni sud BiH je potom u januaru usvojio apelaciju sutkinje Juki\u0107, ukinuo disciplinsku sankciju VSTV-a te nalo\u017eio da se po hitnom postupku donese nova odluka, te je u ponovljenom postupku ona ka\u017enjena smanjenjem plate.<\/p>\n<p>Kona\u010dna odluka VSTV-a, kao i odluke Prvostepene i Drugostepene disciplinske komisije, objavljena je u anonimiziranom obliku, ali na osnovu broja disciplinskog predmeta i \u010dinjeni\u010dnog opisa, Detektor mo\u017ee potvrditi da je rije\u010d o odluci koja se odnosi na Juki\u0107.<\/p>\n","protected":false},"excerpt":{"rendered":"<p>Visoko sudsko i tu\u017eila\u010dko vije\u0107e (VSTV) potvrdilo je drugostepenu odluku kojom je Ru\u017eici Juki\u0107, sutkinji&hellip;<\/p>\n","protected":false},"author":4,"featured_media":84605,"comment_status":"closed","ping_status":"closed","sticky":false,"template":"","format":"standard","meta":{"_acf_changed":false,"footnotes":""},"categories":[304,12,306],"tags":[1484,9605],"acf":[],"yoast_head":"<!-- This site is optimized with the Yoast SEO plugin v23.5 - https:\/\/yoast.com\/wordpress\/plugins\/seo\/ -->\n<title>Sutkinji Op\u0107inskog suda u Tuzli potvr\u0111ena sankcija smanjenje plate - TuzlaInfo.ba<\/title>\n<meta name=\"robots\" content=\"index, follow, max-snippet:-1, max-image-preview:large, max-video-preview:-1\" \/>\n<link rel=\"canonical\" href=\"https:\/\/tuzlainfo.ba\/index.php\/novosti\/item\/254874-sutkinji-opcinskog-suda-u-tuzli-potvrdjena-sankcija-smanjenje-plate\/\" \/>\n<meta property=\"og:locale\" content=\"bs_BA\" \/>\n<meta property=\"og:type\" content=\"article\" \/>\n<meta property=\"og:title\" content=\"Sutkinji Op\u0107inskog suda u Tuzli potvr\u0111ena sankcija smanjenje plate - TuzlaInfo.ba\" \/>\n<meta property=\"og:description\" content=\"Visoko sudsko i tu\u017eila\u010dko vije\u0107e (VSTV) potvrdilo je drugostepenu odluku kojom je Ru\u017eici Juki\u0107, sutkinji&hellip;\" \/>\n<meta property=\"og:url\" content=\"https:\/\/tuzlainfo.ba\/index.php\/novosti\/item\/254874-sutkinji-opcinskog-suda-u-tuzli-potvrdjena-sankcija-smanjenje-plate\/\" \/>\n<meta property=\"og:site_name\" content=\"TuzlaInfo.ba\" \/>\n<meta property=\"article:publisher\" content=\"https:\/\/www.facebook.com\/tuzlainfo.ba\/\" \/>\n<meta property=\"article:published_time\" content=\"2024-11-08T13:02:10+00:00\" \/>\n<meta property=\"article:modified_time\" content=\"2024-11-08T21:56:37+00:00\" \/>\n<meta property=\"og:image\" content=\"https:\/\/tuzlainfo.ba\/wp-content\/uploads\/2020\/12\/sadrzaj_2020_20200101_01012020_opcinskicud_novi.jpg\" \/>\n\t<meta property=\"og:image:width\" content=\"770\" \/>\n\t<meta property=\"og:image:height\" content=\"501\" \/>\n\t<meta property=\"og:image:type\" content=\"image\/jpeg\" \/>\n<meta name=\"author\" content=\"Tuzla Info\" \/>\n<meta name=\"twitter:card\" content=\"summary_large_image\" \/>\n<meta name=\"twitter:label1\" content=\"Written by\" \/>\n\t<meta name=\"twitter:data1\" content=\"Tuzla Info\" \/>\n\t<meta name=\"twitter:label2\" content=\"Est. reading time\" \/>\n\t<meta name=\"twitter:data2\" content=\"4 minute\" \/>\n<script type=\"application\/ld+json\" class=\"yoast-schema-graph\">{\"@context\":\"https:\/\/schema.org\",\"@graph\":[{\"@type\":\"Article\",\"@id\":\"https:\/\/tuzlainfo.ba\/index.php\/novosti\/item\/254874-sutkinji-opcinskog-suda-u-tuzli-potvrdjena-sankcija-smanjenje-plate\/#article\",\"isPartOf\":{\"@id\":\"https:\/\/tuzlainfo.ba\/index.php\/novosti\/item\/254874-sutkinji-opcinskog-suda-u-tuzli-potvrdjena-sankcija-smanjenje-plate\/\"},\"author\":{\"name\":\"Tuzla Info\",\"@id\":\"https:\/\/tuzlainfo.ba\/#\/schema\/person\/46cad4c57790cbc50781edd14870825a\"},\"headline\":\"Sutkinji Op\u0107inskog suda u Tuzli potvr\u0111ena sankcija smanjenje plate\",\"datePublished\":\"2024-11-08T13:02:10+00:00\",\"dateModified\":\"2024-11-08T21:56:37+00:00\",\"mainEntityOfPage\":{\"@id\":\"https:\/\/tuzlainfo.ba\/index.php\/novosti\/item\/254874-sutkinji-opcinskog-suda-u-tuzli-potvrdjena-sankcija-smanjenje-plate\/\"},\"wordCount\":686,\"publisher\":{\"@id\":\"https:\/\/tuzlainfo.ba\/#organization\"},\"image\":{\"@id\":\"https:\/\/tuzlainfo.ba\/index.php\/novosti\/item\/254874-sutkinji-opcinskog-suda-u-tuzli-potvrdjena-sankcija-smanjenje-plate\/#primaryimage\"},\"thumbnailUrl\":\"https:\/\/tuzlainfo.ba\/wp-content\/uploads\/2020\/12\/sadrzaj_2020_20200101_01012020_opcinskicud_novi.jpg\",\"keywords\":[\"op\u0107inski sud tuzla\",\"ru\u017eica juki\u0107\"],\"articleSection\":[\"Istaknuto\",\"Novosti\",\"Preporu\u010dujemo\"],\"inLanguage\":\"bs-BA\"},{\"@type\":\"WebPage\",\"@id\":\"https:\/\/tuzlainfo.ba\/index.php\/novosti\/item\/254874-sutkinji-opcinskog-suda-u-tuzli-potvrdjena-sankcija-smanjenje-plate\/\",\"url\":\"https:\/\/tuzlainfo.ba\/index.php\/novosti\/item\/254874-sutkinji-opcinskog-suda-u-tuzli-potvrdjena-sankcija-smanjenje-plate\/\",\"name\":\"Sutkinji Op\u0107inskog suda u Tuzli potvr\u0111ena sankcija smanjenje plate - TuzlaInfo.ba\",\"isPartOf\":{\"@id\":\"https:\/\/tuzlainfo.ba\/#website\"},\"primaryImageOfPage\":{\"@id\":\"https:\/\/tuzlainfo.ba\/index.php\/novosti\/item\/254874-sutkinji-opcinskog-suda-u-tuzli-potvrdjena-sankcija-smanjenje-plate\/#primaryimage\"},\"image\":{\"@id\":\"https:\/\/tuzlainfo.ba\/index.php\/novosti\/item\/254874-sutkinji-opcinskog-suda-u-tuzli-potvrdjena-sankcija-smanjenje-plate\/#primaryimage\"},\"thumbnailUrl\":\"https:\/\/tuzlainfo.ba\/wp-content\/uploads\/2020\/12\/sadrzaj_2020_20200101_01012020_opcinskicud_novi.jpg\",\"datePublished\":\"2024-11-08T13:02:10+00:00\",\"dateModified\":\"2024-11-08T21:56:37+00:00\",\"breadcrumb\":{\"@id\":\"https:\/\/tuzlainfo.ba\/index.php\/novosti\/item\/254874-sutkinji-opcinskog-suda-u-tuzli-potvrdjena-sankcija-smanjenje-plate\/#breadcrumb\"},\"inLanguage\":\"bs-BA\",\"potentialAction\":[{\"@type\":\"ReadAction\",\"target\":[\"https:\/\/tuzlainfo.ba\/index.php\/novosti\/item\/254874-sutkinji-opcinskog-suda-u-tuzli-potvrdjena-sankcija-smanjenje-plate\/\"]}]},{\"@type\":\"ImageObject\",\"inLanguage\":\"bs-BA\",\"@id\":\"https:\/\/tuzlainfo.ba\/index.php\/novosti\/item\/254874-sutkinji-opcinskog-suda-u-tuzli-potvrdjena-sankcija-smanjenje-plate\/#primaryimage\",\"url\":\"https:\/\/tuzlainfo.ba\/wp-content\/uploads\/2020\/12\/sadrzaj_2020_20200101_01012020_opcinskicud_novi.jpg\",\"contentUrl\":\"https:\/\/tuzlainfo.ba\/wp-content\/uploads\/2020\/12\/sadrzaj_2020_20200101_01012020_opcinskicud_novi.jpg\",\"width\":770,\"height\":501,\"caption\":\"01012020 opcinskicud novi\"},{\"@type\":\"BreadcrumbList\",\"@id\":\"https:\/\/tuzlainfo.ba\/index.php\/novosti\/item\/254874-sutkinji-opcinskog-suda-u-tuzli-potvrdjena-sankcija-smanjenje-plate\/#breadcrumb\",\"itemListElement\":[{\"@type\":\"ListItem\",\"position\":1,\"name\":\"Home\",\"item\":\"https:\/\/tuzlainfo.ba\/\"},{\"@type\":\"ListItem\",\"position\":2,\"name\":\"Sutkinji Op\u0107inskog suda u Tuzli potvr\u0111ena sankcija smanjenje plate\"}]},{\"@type\":\"WebSite\",\"@id\":\"https:\/\/tuzlainfo.ba\/#website\",\"url\":\"https:\/\/tuzlainfo.ba\/\",\"name\":\"TuzlaInfo.ba\",\"description\":\"Tuzla info, gradski informator - Tuzla na dlanu\",\"publisher\":{\"@id\":\"https:\/\/tuzlainfo.ba\/#organization\"},\"potentialAction\":[{\"@type\":\"SearchAction\",\"target\":{\"@type\":\"EntryPoint\",\"urlTemplate\":\"https:\/\/tuzlainfo.ba\/?s={search_term_string}\"},\"query-input\":{\"@type\":\"PropertyValueSpecification\",\"valueRequired\":true,\"valueName\":\"search_term_string\"}}],\"inLanguage\":\"bs-BA\"},{\"@type\":\"Organization\",\"@id\":\"https:\/\/tuzlainfo.ba\/#organization\",\"name\":\"TuzlaInfo.ba\",\"url\":\"https:\/\/tuzlainfo.ba\/\",\"logo\":{\"@type\":\"ImageObject\",\"inLanguage\":\"bs-BA\",\"@id\":\"https:\/\/tuzlainfo.ba\/#\/schema\/logo\/image\/\",\"url\":\"https:\/\/tuzlainfo.ba\/wp-content\/uploads\/2021\/03\/logo-ver-3-1.png\",\"contentUrl\":\"https:\/\/tuzlainfo.ba\/wp-content\/uploads\/2021\/03\/logo-ver-3-1.png\",\"width\":350,\"height\":95,\"caption\":\"TuzlaInfo.ba\"},\"image\":{\"@id\":\"https:\/\/tuzlainfo.ba\/#\/schema\/logo\/image\/\"},\"sameAs\":[\"https:\/\/www.facebook.com\/tuzlainfo.ba\/\"]},{\"@type\":\"Person\",\"@id\":\"https:\/\/tuzlainfo.ba\/#\/schema\/person\/46cad4c57790cbc50781edd14870825a\",\"name\":\"Tuzla Info\",\"image\":{\"@type\":\"ImageObject\",\"inLanguage\":\"bs-BA\",\"@id\":\"https:\/\/tuzlainfo.ba\/#\/schema\/person\/image\/\",\"url\":\"https:\/\/tuzlainfo.ba\/wp-content\/litespeed\/avatar\/b6c453a6c38e3654f2e4416c643fc25c.jpg?ver=1777051911\",\"contentUrl\":\"https:\/\/tuzlainfo.ba\/wp-content\/litespeed\/avatar\/b6c453a6c38e3654f2e4416c643fc25c.jpg?ver=1777051911\",\"caption\":\"Tuzla Info\"}}]}<\/script>\n<!-- \/ Yoast SEO plugin. -->","yoast_head_json":{"title":"Sutkinji Op\u0107inskog suda u Tuzli potvr\u0111ena sankcija smanjenje plate - TuzlaInfo.ba","robots":{"index":"index","follow":"follow","max-snippet":"max-snippet:-1","max-image-preview":"max-image-preview:large","max-video-preview":"max-video-preview:-1"},"canonical":"https:\/\/tuzlainfo.ba\/index.php\/novosti\/item\/254874-sutkinji-opcinskog-suda-u-tuzli-potvrdjena-sankcija-smanjenje-plate\/","og_locale":"bs_BA","og_type":"article","og_title":"Sutkinji Op\u0107inskog suda u Tuzli potvr\u0111ena sankcija smanjenje plate - TuzlaInfo.ba","og_description":"Visoko sudsko i tu\u017eila\u010dko vije\u0107e (VSTV) potvrdilo je drugostepenu odluku kojom je Ru\u017eici Juki\u0107, sutkinji&hellip;","og_url":"https:\/\/tuzlainfo.ba\/index.php\/novosti\/item\/254874-sutkinji-opcinskog-suda-u-tuzli-potvrdjena-sankcija-smanjenje-plate\/","og_site_name":"TuzlaInfo.ba","article_publisher":"https:\/\/www.facebook.com\/tuzlainfo.ba\/","article_published_time":"2024-11-08T13:02:10+00:00","article_modified_time":"2024-11-08T21:56:37+00:00","og_image":[{"width":770,"height":501,"url":"https:\/\/tuzlainfo.ba\/wp-content\/uploads\/2020\/12\/sadrzaj_2020_20200101_01012020_opcinskicud_novi.jpg","type":"image\/jpeg"}],"author":"Tuzla Info","twitter_card":"summary_large_image","twitter_misc":{"Written by":"Tuzla Info","Est. reading time":"4 minute"},"schema":{"@context":"https:\/\/schema.org","@graph":[{"@type":"Article","@id":"https:\/\/tuzlainfo.ba\/index.php\/novosti\/item\/254874-sutkinji-opcinskog-suda-u-tuzli-potvrdjena-sankcija-smanjenje-plate\/#article","isPartOf":{"@id":"https:\/\/tuzlainfo.ba\/index.php\/novosti\/item\/254874-sutkinji-opcinskog-suda-u-tuzli-potvrdjena-sankcija-smanjenje-plate\/"},"author":{"name":"Tuzla Info","@id":"https:\/\/tuzlainfo.ba\/#\/schema\/person\/46cad4c57790cbc50781edd14870825a"},"headline":"Sutkinji Op\u0107inskog suda u Tuzli potvr\u0111ena sankcija smanjenje plate","datePublished":"2024-11-08T13:02:10+00:00","dateModified":"2024-11-08T21:56:37+00:00","mainEntityOfPage":{"@id":"https:\/\/tuzlainfo.ba\/index.php\/novosti\/item\/254874-sutkinji-opcinskog-suda-u-tuzli-potvrdjena-sankcija-smanjenje-plate\/"},"wordCount":686,"publisher":{"@id":"https:\/\/tuzlainfo.ba\/#organization"},"image":{"@id":"https:\/\/tuzlainfo.ba\/index.php\/novosti\/item\/254874-sutkinji-opcinskog-suda-u-tuzli-potvrdjena-sankcija-smanjenje-plate\/#primaryimage"},"thumbnailUrl":"https:\/\/tuzlainfo.ba\/wp-content\/uploads\/2020\/12\/sadrzaj_2020_20200101_01012020_opcinskicud_novi.jpg","keywords":["op\u0107inski sud tuzla","ru\u017eica juki\u0107"],"articleSection":["Istaknuto","Novosti","Preporu\u010dujemo"],"inLanguage":"bs-BA"},{"@type":"WebPage","@id":"https:\/\/tuzlainfo.ba\/index.php\/novosti\/item\/254874-sutkinji-opcinskog-suda-u-tuzli-potvrdjena-sankcija-smanjenje-plate\/","url":"https:\/\/tuzlainfo.ba\/index.php\/novosti\/item\/254874-sutkinji-opcinskog-suda-u-tuzli-potvrdjena-sankcija-smanjenje-plate\/","name":"Sutkinji Op\u0107inskog suda u Tuzli potvr\u0111ena sankcija smanjenje plate - TuzlaInfo.ba","isPartOf":{"@id":"https:\/\/tuzlainfo.ba\/#website"},"primaryImageOfPage":{"@id":"https:\/\/tuzlainfo.ba\/index.php\/novosti\/item\/254874-sutkinji-opcinskog-suda-u-tuzli-potvrdjena-sankcija-smanjenje-plate\/#primaryimage"},"image":{"@id":"https:\/\/tuzlainfo.ba\/index.php\/novosti\/item\/254874-sutkinji-opcinskog-suda-u-tuzli-potvrdjena-sankcija-smanjenje-plate\/#primaryimage"},"thumbnailUrl":"https:\/\/tuzlainfo.ba\/wp-content\/uploads\/2020\/12\/sadrzaj_2020_20200101_01012020_opcinskicud_novi.jpg","datePublished":"2024-11-08T13:02:10+00:00","dateModified":"2024-11-08T21:56:37+00:00","breadcrumb":{"@id":"https:\/\/tuzlainfo.ba\/index.php\/novosti\/item\/254874-sutkinji-opcinskog-suda-u-tuzli-potvrdjena-sankcija-smanjenje-plate\/#breadcrumb"},"inLanguage":"bs-BA","potentialAction":[{"@type":"ReadAction","target":["https:\/\/tuzlainfo.ba\/index.php\/novosti\/item\/254874-sutkinji-opcinskog-suda-u-tuzli-potvrdjena-sankcija-smanjenje-plate\/"]}]},{"@type":"ImageObject","inLanguage":"bs-BA","@id":"https:\/\/tuzlainfo.ba\/index.php\/novosti\/item\/254874-sutkinji-opcinskog-suda-u-tuzli-potvrdjena-sankcija-smanjenje-plate\/#primaryimage","url":"https:\/\/tuzlainfo.ba\/wp-content\/uploads\/2020\/12\/sadrzaj_2020_20200101_01012020_opcinskicud_novi.jpg","contentUrl":"https:\/\/tuzlainfo.ba\/wp-content\/uploads\/2020\/12\/sadrzaj_2020_20200101_01012020_opcinskicud_novi.jpg","width":770,"height":501,"caption":"01012020 opcinskicud novi"},{"@type":"BreadcrumbList","@id":"https:\/\/tuzlainfo.ba\/index.php\/novosti\/item\/254874-sutkinji-opcinskog-suda-u-tuzli-potvrdjena-sankcija-smanjenje-plate\/#breadcrumb","itemListElement":[{"@type":"ListItem","position":1,"name":"Home","item":"https:\/\/tuzlainfo.ba\/"},{"@type":"ListItem","position":2,"name":"Sutkinji Op\u0107inskog suda u Tuzli potvr\u0111ena sankcija smanjenje plate"}]},{"@type":"WebSite","@id":"https:\/\/tuzlainfo.ba\/#website","url":"https:\/\/tuzlainfo.ba\/","name":"TuzlaInfo.ba","description":"Tuzla info, gradski informator - Tuzla na dlanu","publisher":{"@id":"https:\/\/tuzlainfo.ba\/#organization"},"potentialAction":[{"@type":"SearchAction","target":{"@type":"EntryPoint","urlTemplate":"https:\/\/tuzlainfo.ba\/?s={search_term_string}"},"query-input":{"@type":"PropertyValueSpecification","valueRequired":true,"valueName":"search_term_string"}}],"inLanguage":"bs-BA"},{"@type":"Organization","@id":"https:\/\/tuzlainfo.ba\/#organization","name":"TuzlaInfo.ba","url":"https:\/\/tuzlainfo.ba\/","logo":{"@type":"ImageObject","inLanguage":"bs-BA","@id":"https:\/\/tuzlainfo.ba\/#\/schema\/logo\/image\/","url":"https:\/\/tuzlainfo.ba\/wp-content\/uploads\/2021\/03\/logo-ver-3-1.png","contentUrl":"https:\/\/tuzlainfo.ba\/wp-content\/uploads\/2021\/03\/logo-ver-3-1.png","width":350,"height":95,"caption":"TuzlaInfo.ba"},"image":{"@id":"https:\/\/tuzlainfo.ba\/#\/schema\/logo\/image\/"},"sameAs":["https:\/\/www.facebook.com\/tuzlainfo.ba\/"]},{"@type":"Person","@id":"https:\/\/tuzlainfo.ba\/#\/schema\/person\/46cad4c57790cbc50781edd14870825a","name":"Tuzla Info","image":{"@type":"ImageObject","inLanguage":"bs-BA","@id":"https:\/\/tuzlainfo.ba\/#\/schema\/person\/image\/","url":"https:\/\/tuzlainfo.ba\/wp-content\/litespeed\/avatar\/b6c453a6c38e3654f2e4416c643fc25c.jpg?ver=1777051911","contentUrl":"https:\/\/tuzlainfo.ba\/wp-content\/litespeed\/avatar\/b6c453a6c38e3654f2e4416c643fc25c.jpg?ver=1777051911","caption":"Tuzla Info"}}]}},"_links":{"self":[{"href":"https:\/\/tuzlainfo.ba\/index.php\/wp-json\/wp\/v2\/posts\/254874"}],"collection":[{"href":"https:\/\/tuzlainfo.ba\/index.php\/wp-json\/wp\/v2\/posts"}],"about":[{"href":"https:\/\/tuzlainfo.ba\/index.php\/wp-json\/wp\/v2\/types\/post"}],"author":[{"embeddable":true,"href":"https:\/\/tuzlainfo.ba\/index.php\/wp-json\/wp\/v2\/users\/4"}],"replies":[{"embeddable":true,"href":"https:\/\/tuzlainfo.ba\/index.php\/wp-json\/wp\/v2\/comments?post=254874"}],"version-history":[{"count":1,"href":"https:\/\/tuzlainfo.ba\/index.php\/wp-json\/wp\/v2\/posts\/254874\/revisions"}],"predecessor-version":[{"id":254875,"href":"https:\/\/tuzlainfo.ba\/index.php\/wp-json\/wp\/v2\/posts\/254874\/revisions\/254875"}],"wp:featuredmedia":[{"embeddable":true,"href":"https:\/\/tuzlainfo.ba\/index.php\/wp-json\/wp\/v2\/media\/84605"}],"wp:attachment":[{"href":"https:\/\/tuzlainfo.ba\/index.php\/wp-json\/wp\/v2\/media?parent=254874"}],"wp:term":[{"taxonomy":"category","embeddable":true,"href":"https:\/\/tuzlainfo.ba\/index.php\/wp-json\/wp\/v2\/categories?post=254874"},{"taxonomy":"post_tag","embeddable":true,"href":"https:\/\/tuzlainfo.ba\/index.php\/wp-json\/wp\/v2\/tags?post=254874"}],"curies":[{"name":"wp","href":"https:\/\/api.w.org\/{rel}","templated":true}]}}