{"id":254825,"date":"2024-11-08T11:05:20","date_gmt":"2024-11-08T10:05:20","guid":{"rendered":"https:\/\/tuzlainfo.ba\/?p=254825"},"modified":"2024-11-08T09:07:50","modified_gmt":"2024-11-08T08:07:50","slug":"resorno-federalno-ministarstvo-osiguralo-novac-za-sigurnu-kucu-u-tuzli","status":"publish","type":"post","link":"https:\/\/tuzlainfo.ba\/index.php\/istaknuto\/item\/254825-resorno-federalno-ministarstvo-osiguralo-novac-za-sigurnu-kucu-u-tuzli\/","title":{"rendered":"Resorno federalno ministarstvo osiguralo novac za Sigurnu ku\u0107u u Tuzli"},"content":{"rendered":"<div class=\"xdj266r x11i5rnm xat24cr x1mh8g0r x1vvkbs x126k92a\">\n<p dir=\"auto\">Federalno ministarstvo rada i socijalne politike, na \u010delu s Adnanom Deli\u0107em, osiguralo je 2,5 miliona KM za sufinansiranje kapitalnih projekata u neprofitnom sektoru.<\/p>\n<p dir=\"auto\"><strong> Me\u0111u 25 podr\u017eanih inicijativa je i organizacija Vive \u017dene Tuzla, koja \u0107e iskoristiti donaciju za unapre\u0111enje kvalitete Sigurne ku\u0107e u Tuzli.<\/strong><\/p>\n<p dir=\"auto\">Ova podr\u0161ka \u0107e zna\u010dajno doprinijeti boljoj za\u0161titi korisnica, omogu\u0107avaju\u0107i im sigurnije i kvalitetnije usluge, re\u010deno je iz UG Vive \u017eene.<\/p>\n<\/div>\n<div class=\"x11i5rnm xat24cr x1mh8g0r x1vvkbs xtlvy1s x126k92a\">\n<p dir=\"auto\">\u00a0Ovo je prvi put da je Vlada Federacije BiH izdvojila sredstva za infrastrukturne projekte u neprofitnom sektoru, s ciljem pobolj\u0161anja usluga socijalne za\u0161tite u lokalnim zajednicama.<\/p>\n<\/div>\n","protected":false},"excerpt":{"rendered":"<p>Federalno ministarstvo rada i socijalne politike, na \u010delu s Adnanom Deli\u0107em, osiguralo je 2,5 miliona&hellip;<\/p>\n","protected":false},"author":4,"featured_media":254826,"comment_status":"closed","ping_status":"closed","sticky":false,"template":"","format":"standard","meta":{"_acf_changed":false,"footnotes":""},"categories":[304,12],"tags":[532,6041,42],"acf":[],"yoast_head":"<!-- This site is optimized with the Yoast SEO plugin v23.5 - https:\/\/yoast.com\/wordpress\/plugins\/seo\/ -->\n<title>Resorno federalno ministarstvo osiguralo novac za Sigurnu ku\u0107u u Tuzli - TuzlaInfo.ba<\/title>\n<meta name=\"robots\" content=\"index, follow, max-snippet:-1, max-image-preview:large, max-video-preview:-1\" \/>\n<link rel=\"canonical\" href=\"https:\/\/tuzlainfo.ba\/index.php\/istaknuto\/item\/254825-resorno-federalno-ministarstvo-osiguralo-novac-za-sigurnu-kucu-u-tuzli\/\" \/>\n<meta property=\"og:locale\" content=\"bs_BA\" \/>\n<meta property=\"og:type\" content=\"article\" \/>\n<meta property=\"og:title\" content=\"Resorno federalno ministarstvo osiguralo novac za Sigurnu ku\u0107u u Tuzli - TuzlaInfo.ba\" \/>\n<meta property=\"og:description\" content=\"Federalno ministarstvo rada i socijalne politike, na \u010delu s Adnanom Deli\u0107em, osiguralo je 2,5 miliona&hellip;\" \/>\n<meta property=\"og:url\" content=\"https:\/\/tuzlainfo.ba\/index.php\/istaknuto\/item\/254825-resorno-federalno-ministarstvo-osiguralo-novac-za-sigurnu-kucu-u-tuzli\/\" \/>\n<meta property=\"og:site_name\" content=\"TuzlaInfo.ba\" \/>\n<meta property=\"article:publisher\" content=\"https:\/\/www.facebook.com\/tuzlainfo.ba\/\" \/>\n<meta property=\"article:published_time\" content=\"2024-11-08T10:05:20+00:00\" \/>\n<meta property=\"article:modified_time\" content=\"2024-11-08T08:07:50+00:00\" \/>\n<meta property=\"og:image\" content=\"https:\/\/tuzlainfo.ba\/wp-content\/uploads\/2024\/11\/sigurna-kuca-tuzla.jpg\" \/>\n\t<meta property=\"og:image:width\" content=\"1600\" \/>\n\t<meta property=\"og:image:height\" content=\"1067\" \/>\n\t<meta property=\"og:image:type\" content=\"image\/jpeg\" \/>\n<meta name=\"author\" content=\"Tuzla Info\" \/>\n<meta name=\"twitter:card\" content=\"summary_large_image\" \/>\n<meta name=\"twitter:label1\" content=\"Written by\" \/>\n\t<meta name=\"twitter:data1\" content=\"Tuzla Info\" \/>\n\t<meta name=\"twitter:label2\" content=\"Est. reading time\" \/>\n\t<meta name=\"twitter:data2\" content=\"1 minuta\" \/>\n<script type=\"application\/ld+json\" class=\"yoast-schema-graph\">{\"@context\":\"https:\/\/schema.org\",\"@graph\":[{\"@type\":\"Article\",\"@id\":\"https:\/\/tuzlainfo.ba\/index.php\/istaknuto\/item\/254825-resorno-federalno-ministarstvo-osiguralo-novac-za-sigurnu-kucu-u-tuzli\/#article\",\"isPartOf\":{\"@id\":\"https:\/\/tuzlainfo.ba\/index.php\/istaknuto\/item\/254825-resorno-federalno-ministarstvo-osiguralo-novac-za-sigurnu-kucu-u-tuzli\/\"},\"author\":{\"name\":\"Tuzla Info\",\"@id\":\"https:\/\/tuzlainfo.ba\/#\/schema\/person\/46cad4c57790cbc50781edd14870825a\"},\"headline\":\"Resorno federalno ministarstvo osiguralo novac za Sigurnu ku\u0107u u Tuzli\",\"datePublished\":\"2024-11-08T10:05:20+00:00\",\"dateModified\":\"2024-11-08T08:07:50+00:00\",\"mainEntityOfPage\":{\"@id\":\"https:\/\/tuzlainfo.ba\/index.php\/istaknuto\/item\/254825-resorno-federalno-ministarstvo-osiguralo-novac-za-sigurnu-kucu-u-tuzli\/\"},\"wordCount\":112,\"publisher\":{\"@id\":\"https:\/\/tuzlainfo.ba\/#organization\"},\"image\":{\"@id\":\"https:\/\/tuzlainfo.ba\/index.php\/istaknuto\/item\/254825-resorno-federalno-ministarstvo-osiguralo-novac-za-sigurnu-kucu-u-tuzli\/#primaryimage\"},\"thumbnailUrl\":\"https:\/\/tuzlainfo.ba\/wp-content\/uploads\/2024\/11\/sigurna-kuca-tuzla.jpg\",\"keywords\":[\"fbih\",\"Sigurna ku\u0107a\",\"tuzla\"],\"articleSection\":[\"Istaknuto\",\"Novosti\"],\"inLanguage\":\"bs-BA\"},{\"@type\":\"WebPage\",\"@id\":\"https:\/\/tuzlainfo.ba\/index.php\/istaknuto\/item\/254825-resorno-federalno-ministarstvo-osiguralo-novac-za-sigurnu-kucu-u-tuzli\/\",\"url\":\"https:\/\/tuzlainfo.ba\/index.php\/istaknuto\/item\/254825-resorno-federalno-ministarstvo-osiguralo-novac-za-sigurnu-kucu-u-tuzli\/\",\"name\":\"Resorno federalno ministarstvo osiguralo novac za Sigurnu ku\u0107u u Tuzli - TuzlaInfo.ba\",\"isPartOf\":{\"@id\":\"https:\/\/tuzlainfo.ba\/#website\"},\"primaryImageOfPage\":{\"@id\":\"https:\/\/tuzlainfo.ba\/index.php\/istaknuto\/item\/254825-resorno-federalno-ministarstvo-osiguralo-novac-za-sigurnu-kucu-u-tuzli\/#primaryimage\"},\"image\":{\"@id\":\"https:\/\/tuzlainfo.ba\/index.php\/istaknuto\/item\/254825-resorno-federalno-ministarstvo-osiguralo-novac-za-sigurnu-kucu-u-tuzli\/#primaryimage\"},\"thumbnailUrl\":\"https:\/\/tuzlainfo.ba\/wp-content\/uploads\/2024\/11\/sigurna-kuca-tuzla.jpg\",\"datePublished\":\"2024-11-08T10:05:20+00:00\",\"dateModified\":\"2024-11-08T08:07:50+00:00\",\"breadcrumb\":{\"@id\":\"https:\/\/tuzlainfo.ba\/index.php\/istaknuto\/item\/254825-resorno-federalno-ministarstvo-osiguralo-novac-za-sigurnu-kucu-u-tuzli\/#breadcrumb\"},\"inLanguage\":\"bs-BA\",\"potentialAction\":[{\"@type\":\"ReadAction\",\"target\":[\"https:\/\/tuzlainfo.ba\/index.php\/istaknuto\/item\/254825-resorno-federalno-ministarstvo-osiguralo-novac-za-sigurnu-kucu-u-tuzli\/\"]}]},{\"@type\":\"ImageObject\",\"inLanguage\":\"bs-BA\",\"@id\":\"https:\/\/tuzlainfo.ba\/index.php\/istaknuto\/item\/254825-resorno-federalno-ministarstvo-osiguralo-novac-za-sigurnu-kucu-u-tuzli\/#primaryimage\",\"url\":\"https:\/\/tuzlainfo.ba\/wp-content\/uploads\/2024\/11\/sigurna-kuca-tuzla.jpg\",\"contentUrl\":\"https:\/\/tuzlainfo.ba\/wp-content\/uploads\/2024\/11\/sigurna-kuca-tuzla.jpg\",\"width\":1600,\"height\":1067},{\"@type\":\"BreadcrumbList\",\"@id\":\"https:\/\/tuzlainfo.ba\/index.php\/istaknuto\/item\/254825-resorno-federalno-ministarstvo-osiguralo-novac-za-sigurnu-kucu-u-tuzli\/#breadcrumb\",\"itemListElement\":[{\"@type\":\"ListItem\",\"position\":1,\"name\":\"Home\",\"item\":\"https:\/\/tuzlainfo.ba\/\"},{\"@type\":\"ListItem\",\"position\":2,\"name\":\"Resorno federalno ministarstvo osiguralo novac za Sigurnu ku\u0107u u Tuzli\"}]},{\"@type\":\"WebSite\",\"@id\":\"https:\/\/tuzlainfo.ba\/#website\",\"url\":\"https:\/\/tuzlainfo.ba\/\",\"name\":\"TuzlaInfo.ba\",\"description\":\"Tuzla info, gradski informator - Tuzla na dlanu\",\"publisher\":{\"@id\":\"https:\/\/tuzlainfo.ba\/#organization\"},\"potentialAction\":[{\"@type\":\"SearchAction\",\"target\":{\"@type\":\"EntryPoint\",\"urlTemplate\":\"https:\/\/tuzlainfo.ba\/?s={search_term_string}\"},\"query-input\":{\"@type\":\"PropertyValueSpecification\",\"valueRequired\":true,\"valueName\":\"search_term_string\"}}],\"inLanguage\":\"bs-BA\"},{\"@type\":\"Organization\",\"@id\":\"https:\/\/tuzlainfo.ba\/#organization\",\"name\":\"TuzlaInfo.ba\",\"url\":\"https:\/\/tuzlainfo.ba\/\",\"logo\":{\"@type\":\"ImageObject\",\"inLanguage\":\"bs-BA\",\"@id\":\"https:\/\/tuzlainfo.ba\/#\/schema\/logo\/image\/\",\"url\":\"https:\/\/tuzlainfo.ba\/wp-content\/uploads\/2021\/03\/logo-ver-3-1.png\",\"contentUrl\":\"https:\/\/tuzlainfo.ba\/wp-content\/uploads\/2021\/03\/logo-ver-3-1.png\",\"width\":350,\"height\":95,\"caption\":\"TuzlaInfo.ba\"},\"image\":{\"@id\":\"https:\/\/tuzlainfo.ba\/#\/schema\/logo\/image\/\"},\"sameAs\":[\"https:\/\/www.facebook.com\/tuzlainfo.ba\/\"]},{\"@type\":\"Person\",\"@id\":\"https:\/\/tuzlainfo.ba\/#\/schema\/person\/46cad4c57790cbc50781edd14870825a\",\"name\":\"Tuzla Info\",\"image\":{\"@type\":\"ImageObject\",\"inLanguage\":\"bs-BA\",\"@id\":\"https:\/\/tuzlainfo.ba\/#\/schema\/person\/image\/\",\"url\":\"https:\/\/tuzlainfo.ba\/wp-content\/litespeed\/avatar\/b6c453a6c38e3654f2e4416c643fc25c.jpg?ver=1777656712\",\"contentUrl\":\"https:\/\/tuzlainfo.ba\/wp-content\/litespeed\/avatar\/b6c453a6c38e3654f2e4416c643fc25c.jpg?ver=1777656712\",\"caption\":\"Tuzla Info\"}}]}<\/script>\n<!-- \/ Yoast SEO plugin. -->","yoast_head_json":{"title":"Resorno federalno ministarstvo osiguralo novac za Sigurnu ku\u0107u u Tuzli - TuzlaInfo.ba","robots":{"index":"index","follow":"follow","max-snippet":"max-snippet:-1","max-image-preview":"max-image-preview:large","max-video-preview":"max-video-preview:-1"},"canonical":"https:\/\/tuzlainfo.ba\/index.php\/istaknuto\/item\/254825-resorno-federalno-ministarstvo-osiguralo-novac-za-sigurnu-kucu-u-tuzli\/","og_locale":"bs_BA","og_type":"article","og_title":"Resorno federalno ministarstvo osiguralo novac za Sigurnu ku\u0107u u Tuzli - TuzlaInfo.ba","og_description":"Federalno ministarstvo rada i socijalne politike, na \u010delu s Adnanom Deli\u0107em, osiguralo je 2,5 miliona&hellip;","og_url":"https:\/\/tuzlainfo.ba\/index.php\/istaknuto\/item\/254825-resorno-federalno-ministarstvo-osiguralo-novac-za-sigurnu-kucu-u-tuzli\/","og_site_name":"TuzlaInfo.ba","article_publisher":"https:\/\/www.facebook.com\/tuzlainfo.ba\/","article_published_time":"2024-11-08T10:05:20+00:00","article_modified_time":"2024-11-08T08:07:50+00:00","og_image":[{"width":1600,"height":1067,"url":"https:\/\/tuzlainfo.ba\/wp-content\/uploads\/2024\/11\/sigurna-kuca-tuzla.jpg","type":"image\/jpeg"}],"author":"Tuzla Info","twitter_card":"summary_large_image","twitter_misc":{"Written by":"Tuzla Info","Est. reading time":"1 minuta"},"schema":{"@context":"https:\/\/schema.org","@graph":[{"@type":"Article","@id":"https:\/\/tuzlainfo.ba\/index.php\/istaknuto\/item\/254825-resorno-federalno-ministarstvo-osiguralo-novac-za-sigurnu-kucu-u-tuzli\/#article","isPartOf":{"@id":"https:\/\/tuzlainfo.ba\/index.php\/istaknuto\/item\/254825-resorno-federalno-ministarstvo-osiguralo-novac-za-sigurnu-kucu-u-tuzli\/"},"author":{"name":"Tuzla Info","@id":"https:\/\/tuzlainfo.ba\/#\/schema\/person\/46cad4c57790cbc50781edd14870825a"},"headline":"Resorno federalno ministarstvo osiguralo novac za Sigurnu ku\u0107u u Tuzli","datePublished":"2024-11-08T10:05:20+00:00","dateModified":"2024-11-08T08:07:50+00:00","mainEntityOfPage":{"@id":"https:\/\/tuzlainfo.ba\/index.php\/istaknuto\/item\/254825-resorno-federalno-ministarstvo-osiguralo-novac-za-sigurnu-kucu-u-tuzli\/"},"wordCount":112,"publisher":{"@id":"https:\/\/tuzlainfo.ba\/#organization"},"image":{"@id":"https:\/\/tuzlainfo.ba\/index.php\/istaknuto\/item\/254825-resorno-federalno-ministarstvo-osiguralo-novac-za-sigurnu-kucu-u-tuzli\/#primaryimage"},"thumbnailUrl":"https:\/\/tuzlainfo.ba\/wp-content\/uploads\/2024\/11\/sigurna-kuca-tuzla.jpg","keywords":["fbih","Sigurna ku\u0107a","tuzla"],"articleSection":["Istaknuto","Novosti"],"inLanguage":"bs-BA"},{"@type":"WebPage","@id":"https:\/\/tuzlainfo.ba\/index.php\/istaknuto\/item\/254825-resorno-federalno-ministarstvo-osiguralo-novac-za-sigurnu-kucu-u-tuzli\/","url":"https:\/\/tuzlainfo.ba\/index.php\/istaknuto\/item\/254825-resorno-federalno-ministarstvo-osiguralo-novac-za-sigurnu-kucu-u-tuzli\/","name":"Resorno federalno ministarstvo osiguralo novac za Sigurnu ku\u0107u u Tuzli - TuzlaInfo.ba","isPartOf":{"@id":"https:\/\/tuzlainfo.ba\/#website"},"primaryImageOfPage":{"@id":"https:\/\/tuzlainfo.ba\/index.php\/istaknuto\/item\/254825-resorno-federalno-ministarstvo-osiguralo-novac-za-sigurnu-kucu-u-tuzli\/#primaryimage"},"image":{"@id":"https:\/\/tuzlainfo.ba\/index.php\/istaknuto\/item\/254825-resorno-federalno-ministarstvo-osiguralo-novac-za-sigurnu-kucu-u-tuzli\/#primaryimage"},"thumbnailUrl":"https:\/\/tuzlainfo.ba\/wp-content\/uploads\/2024\/11\/sigurna-kuca-tuzla.jpg","datePublished":"2024-11-08T10:05:20+00:00","dateModified":"2024-11-08T08:07:50+00:00","breadcrumb":{"@id":"https:\/\/tuzlainfo.ba\/index.php\/istaknuto\/item\/254825-resorno-federalno-ministarstvo-osiguralo-novac-za-sigurnu-kucu-u-tuzli\/#breadcrumb"},"inLanguage":"bs-BA","potentialAction":[{"@type":"ReadAction","target":["https:\/\/tuzlainfo.ba\/index.php\/istaknuto\/item\/254825-resorno-federalno-ministarstvo-osiguralo-novac-za-sigurnu-kucu-u-tuzli\/"]}]},{"@type":"ImageObject","inLanguage":"bs-BA","@id":"https:\/\/tuzlainfo.ba\/index.php\/istaknuto\/item\/254825-resorno-federalno-ministarstvo-osiguralo-novac-za-sigurnu-kucu-u-tuzli\/#primaryimage","url":"https:\/\/tuzlainfo.ba\/wp-content\/uploads\/2024\/11\/sigurna-kuca-tuzla.jpg","contentUrl":"https:\/\/tuzlainfo.ba\/wp-content\/uploads\/2024\/11\/sigurna-kuca-tuzla.jpg","width":1600,"height":1067},{"@type":"BreadcrumbList","@id":"https:\/\/tuzlainfo.ba\/index.php\/istaknuto\/item\/254825-resorno-federalno-ministarstvo-osiguralo-novac-za-sigurnu-kucu-u-tuzli\/#breadcrumb","itemListElement":[{"@type":"ListItem","position":1,"name":"Home","item":"https:\/\/tuzlainfo.ba\/"},{"@type":"ListItem","position":2,"name":"Resorno federalno ministarstvo osiguralo novac za Sigurnu ku\u0107u u Tuzli"}]},{"@type":"WebSite","@id":"https:\/\/tuzlainfo.ba\/#website","url":"https:\/\/tuzlainfo.ba\/","name":"TuzlaInfo.ba","description":"Tuzla info, gradski informator - Tuzla na dlanu","publisher":{"@id":"https:\/\/tuzlainfo.ba\/#organization"},"potentialAction":[{"@type":"SearchAction","target":{"@type":"EntryPoint","urlTemplate":"https:\/\/tuzlainfo.ba\/?s={search_term_string}"},"query-input":{"@type":"PropertyValueSpecification","valueRequired":true,"valueName":"search_term_string"}}],"inLanguage":"bs-BA"},{"@type":"Organization","@id":"https:\/\/tuzlainfo.ba\/#organization","name":"TuzlaInfo.ba","url":"https:\/\/tuzlainfo.ba\/","logo":{"@type":"ImageObject","inLanguage":"bs-BA","@id":"https:\/\/tuzlainfo.ba\/#\/schema\/logo\/image\/","url":"https:\/\/tuzlainfo.ba\/wp-content\/uploads\/2021\/03\/logo-ver-3-1.png","contentUrl":"https:\/\/tuzlainfo.ba\/wp-content\/uploads\/2021\/03\/logo-ver-3-1.png","width":350,"height":95,"caption":"TuzlaInfo.ba"},"image":{"@id":"https:\/\/tuzlainfo.ba\/#\/schema\/logo\/image\/"},"sameAs":["https:\/\/www.facebook.com\/tuzlainfo.ba\/"]},{"@type":"Person","@id":"https:\/\/tuzlainfo.ba\/#\/schema\/person\/46cad4c57790cbc50781edd14870825a","name":"Tuzla Info","image":{"@type":"ImageObject","inLanguage":"bs-BA","@id":"https:\/\/tuzlainfo.ba\/#\/schema\/person\/image\/","url":"https:\/\/tuzlainfo.ba\/wp-content\/litespeed\/avatar\/b6c453a6c38e3654f2e4416c643fc25c.jpg?ver=1777656712","contentUrl":"https:\/\/tuzlainfo.ba\/wp-content\/litespeed\/avatar\/b6c453a6c38e3654f2e4416c643fc25c.jpg?ver=1777656712","caption":"Tuzla Info"}}]}},"_links":{"self":[{"href":"https:\/\/tuzlainfo.ba\/index.php\/wp-json\/wp\/v2\/posts\/254825"}],"collection":[{"href":"https:\/\/tuzlainfo.ba\/index.php\/wp-json\/wp\/v2\/posts"}],"about":[{"href":"https:\/\/tuzlainfo.ba\/index.php\/wp-json\/wp\/v2\/types\/post"}],"author":[{"embeddable":true,"href":"https:\/\/tuzlainfo.ba\/index.php\/wp-json\/wp\/v2\/users\/4"}],"replies":[{"embeddable":true,"href":"https:\/\/tuzlainfo.ba\/index.php\/wp-json\/wp\/v2\/comments?post=254825"}],"version-history":[{"count":1,"href":"https:\/\/tuzlainfo.ba\/index.php\/wp-json\/wp\/v2\/posts\/254825\/revisions"}],"predecessor-version":[{"id":254827,"href":"https:\/\/tuzlainfo.ba\/index.php\/wp-json\/wp\/v2\/posts\/254825\/revisions\/254827"}],"wp:featuredmedia":[{"embeddable":true,"href":"https:\/\/tuzlainfo.ba\/index.php\/wp-json\/wp\/v2\/media\/254826"}],"wp:attachment":[{"href":"https:\/\/tuzlainfo.ba\/index.php\/wp-json\/wp\/v2\/media?parent=254825"}],"wp:term":[{"taxonomy":"category","embeddable":true,"href":"https:\/\/tuzlainfo.ba\/index.php\/wp-json\/wp\/v2\/categories?post=254825"},{"taxonomy":"post_tag","embeddable":true,"href":"https:\/\/tuzlainfo.ba\/index.php\/wp-json\/wp\/v2\/tags?post=254825"}],"curies":[{"name":"wp","href":"https:\/\/api.w.org\/{rel}","templated":true}]}}