{"id":254758,"date":"2024-11-07T16:21:56","date_gmt":"2024-11-07T15:21:56","guid":{"rendered":"https:\/\/tuzlainfo.ba\/?p=254758"},"modified":"2024-11-07T16:21:56","modified_gmt":"2024-11-07T15:21:56","slug":"elektrotehnicka-skola-u-tuzli-od-danas-proizvodi-vlastitu-elektricnu-energiju","status":"publish","type":"post","link":"https:\/\/tuzlainfo.ba\/index.php\/istaknuto\/item\/254758-elektrotehnicka-skola-u-tuzli-od-danas-proizvodi-vlastitu-elektricnu-energiju\/","title":{"rendered":"Elektrotehni\u010dka \u0161kola u Tuzli od danas proizvodi vlastitu elektri\u010dnu energiju"},"content":{"rendered":"<p>Pojedinosti o solarnoj elektrani snage 10 kWh na krovu Elektrotehni\u010dke \u0161kole u Tuzli, postavljenoj kako bi u\u010denicima tek uvedenog zanimanja &#8220;monter fotonaponskih sistema&#8221; pribli\u017eili predmet izu\u010davanja ali i za proizvodnju struje za potrebe \u0161kole, predstavljene su danas javnosti.<\/p>\n<p>Solarna elektrana dio je projekta koji zajedno realiziraju Ministarstvo obrazovanja i nauke Tuzlanskog kantona, \u0160vicarski Caritas, Centar za ekologiju i energiju iz Tuzle te profesori i menad\u017ement Elektrotehni\u010dke \u0161kole u Tuzli.<\/p>\n<p>&#8211; Vlada Tuzlanskog kantona je opredijeljena da solarne panele instalira na svim ustanovama obrazovanja. U vezi sa tim mi smo donijeli nekoliko zaklju\u010daka i trenutno radimo sa na\u0161im doma\u0107im i me\u0111unarodnim partnerima koji imaju zna\u010dajna iskustva u ovoj oblasti a naravno kada se steknu uslovi i Vlada TK \u0107e se, prije svega kroz Ministarstvo prostornog ure\u0111enja i za\u0161tite okolice sa svojim resursima, uklju\u010diti u ovaj program a zna\u010dajno je da sve ustanove imaju i solarne panele kako bismo napravili u\u0161tede energije &#8211; kazao je ministar obrazovanja i nauke Ahmed Omerovi\u0107.<\/p>\n<p>Novim nastavnim planom i programom u koji je uvr\u0161teno novo zanimanje za koje \u0107e se u\u010denici obrazovati u sklopu Elektrotehni\u010dke \u0161kole u Tuzli i Mje\u0161ovite srednje \u0161kole u \u017divinicama na\u010dinjen je, prema mi\u0161ljenju ministra Omerovi\u0107a, zna\u010dajan iskorak.<\/p>\n<p>U Elektrotehni\u010dkoj \u0161koli u Tuzli postavljanje solarnih panela do\u017eivljavaju kao ostvarenje vizije jer su, prema rije\u010dima direktorice Admire Uzuni\u0107, opredijeljeni za odr\u017eivi razvoj i energijsku efikasnost.<\/p>\n<p>&#8211; Potrebno je naglasiti da osim energijske u\u0161tede koju \u0107emo imati na na\u0161im ra\u010dunima, solarne elektrane predstavljaju obrazovni resurs koji je jako zna\u010dajan za na\u0161e u\u010denike gdje \u0107e mo\u0107i da u okviru formalnog vida, u\u010denici shvate koliko su zna\u010dajni obnovljivi izvori energije &#8211; poja\u0161njava direktorica Uzuni\u0107.<\/p>\n<p>Profesorica Jasmina Omerdi\u0107 nagla\u0161ava da ideja za instalaciju fotonaponske elektrane traje ovdje ve\u0107 godinama.<\/p>\n<p>&#8211; Posebna prednost postojanja solarne elektrane na krovu na\u0161e \u0161kole je u tome da mi kona\u010dno mo\u017eemo prakti\u010dno u\u010denicima pokazati funkcionalnu\u00a0elektranu koja \u0107e dio energije obezbje\u0111ivati za rad na\u0161e \u0161kole. Radili smo mi to i do sada ali to je bilo samo na u\u010dilima. Sada imamo pravu funkcionalnu elektranu &#8211; kazala je Omerdi\u0107.<\/p>\n<p>Upravo zahvaljuju\u0107i entuzijastima ove \u0161kole, prema rije\u010dima predstavnika \u0161vicarskog Caritas-a Fuada Imamovi\u0107a, sve je ura\u0111eno brzo i dobro.<\/p>\n<p>&#8211; Zajedno sa Ministarstvom obrazovanja i nauke TK odlu\u010dili smo da na ovom objektu instaliramo jedan mali kapacitet koji \u0107e koristiti kako za proizvodnju struje potrebne za sami objekat, s druge strane kao u\u010dilo za u\u010denike. Mi smo samo dotakli kapacitet krova na ovom objektu. On ima puno vi\u0161e potencijala u budu\u0107nosti i nadamo se da \u0107e cijeli krov ove \u0161kole biti pokriven solarnim sistemima &#8211; kazao je Imamovi\u0107.<\/p>\n<p>Istog je mi\u0161ljenja i direktorica Centra za ekologiju i energiju D\u017eemila Agi\u0107.<\/p>\n<p>&#8211; Da bi u\u010denici znali kako stvarno izgleda jedan sistem trebao nam je fotonaponski sistem na krovu \u0161kole i zahvaljuju\u0107i podr\u0161ci \u0160vicarskog Caritasa uspjeli smo ga postaviti i evo on \u0107e od danas po\u010deti raditi. To je prvih 10 kWh ali moj san je da se cijeli krov Elektrotehni\u010dke \u0161kole pokrije panelima i ja se nadam da \u0107e to i biti &#8211; kazala je direktorica Centra koji je u saradnji sa \u0161vicarskim partnerima omogu\u0107io i razmjenu u\u010dila za novo osnovano zanimanje u srednjim \u0161kolama TK.<\/p>\n<p>Ovom su prilikom \u0161koli uru\u010deni i priru\u010dnici za \u0161kolsku biblioteku, neophodni za edukaciju u\u010denika koji se obrazuju za zanimanje &#8220;monter fotonaponskih sistema&#8221;, saop\u0107eno je iz TK.<\/p>\n","protected":false},"excerpt":{"rendered":"<p>Pojedinosti o solarnoj elektrani snage 10 kWh na krovu Elektrotehni\u010dke \u0161kole u Tuzli, postavljenoj kako&hellip;<\/p>\n","protected":false},"author":4,"featured_media":254759,"comment_status":"closed","ping_status":"closed","sticky":false,"template":"","format":"standard","meta":{"_acf_changed":false,"footnotes":""},"categories":[304,12],"tags":[],"acf":[],"yoast_head":"<!-- This site is optimized with the Yoast SEO plugin v23.5 - https:\/\/yoast.com\/wordpress\/plugins\/seo\/ -->\n<title>Elektrotehni\u010dka \u0161kola u Tuzli od danas proizvodi vlastitu elektri\u010dnu energiju - TuzlaInfo.ba<\/title>\n<meta name=\"robots\" content=\"index, follow, max-snippet:-1, max-image-preview:large, max-video-preview:-1\" \/>\n<link rel=\"canonical\" href=\"https:\/\/tuzlainfo.ba\/index.php\/istaknuto\/item\/254758-elektrotehnicka-skola-u-tuzli-od-danas-proizvodi-vlastitu-elektricnu-energiju\/\" \/>\n<meta property=\"og:locale\" content=\"bs_BA\" \/>\n<meta property=\"og:type\" content=\"article\" \/>\n<meta property=\"og:title\" content=\"Elektrotehni\u010dka \u0161kola u Tuzli od danas proizvodi vlastitu elektri\u010dnu energiju - TuzlaInfo.ba\" \/>\n<meta property=\"og:description\" content=\"Pojedinosti o solarnoj elektrani snage 10 kWh na krovu Elektrotehni\u010dke \u0161kole u Tuzli, postavljenoj kako&hellip;\" \/>\n<meta property=\"og:url\" content=\"https:\/\/tuzlainfo.ba\/index.php\/istaknuto\/item\/254758-elektrotehnicka-skola-u-tuzli-od-danas-proizvodi-vlastitu-elektricnu-energiju\/\" \/>\n<meta property=\"og:site_name\" content=\"TuzlaInfo.ba\" \/>\n<meta property=\"article:publisher\" content=\"https:\/\/www.facebook.com\/tuzlainfo.ba\/\" \/>\n<meta property=\"article:published_time\" content=\"2024-11-07T15:21:56+00:00\" \/>\n<meta property=\"og:image\" content=\"https:\/\/tuzlainfo.ba\/wp-content\/uploads\/2024\/11\/elektrotehnicka-skola-solarne-elektrane.jpg\" \/>\n\t<meta property=\"og:image:width\" content=\"1024\" \/>\n\t<meta property=\"og:image:height\" content=\"768\" \/>\n\t<meta property=\"og:image:type\" content=\"image\/jpeg\" \/>\n<meta name=\"author\" content=\"Tuzla Info\" \/>\n<meta name=\"twitter:card\" content=\"summary_large_image\" \/>\n<meta name=\"twitter:label1\" content=\"Written by\" \/>\n\t<meta name=\"twitter:data1\" content=\"Tuzla Info\" \/>\n\t<meta name=\"twitter:label2\" content=\"Est. reading time\" \/>\n\t<meta name=\"twitter:data2\" content=\"4 minute\" \/>\n<script type=\"application\/ld+json\" class=\"yoast-schema-graph\">{\"@context\":\"https:\/\/schema.org\",\"@graph\":[{\"@type\":\"Article\",\"@id\":\"https:\/\/tuzlainfo.ba\/index.php\/istaknuto\/item\/254758-elektrotehnicka-skola-u-tuzli-od-danas-proizvodi-vlastitu-elektricnu-energiju\/#article\",\"isPartOf\":{\"@id\":\"https:\/\/tuzlainfo.ba\/index.php\/istaknuto\/item\/254758-elektrotehnicka-skola-u-tuzli-od-danas-proizvodi-vlastitu-elektricnu-energiju\/\"},\"author\":{\"name\":\"Tuzla Info\",\"@id\":\"https:\/\/tuzlainfo.ba\/#\/schema\/person\/46cad4c57790cbc50781edd14870825a\"},\"headline\":\"Elektrotehni\u010dka \u0161kola u Tuzli od danas proizvodi vlastitu elektri\u010dnu energiju\",\"datePublished\":\"2024-11-07T15:21:56+00:00\",\"dateModified\":\"2024-11-07T15:21:56+00:00\",\"mainEntityOfPage\":{\"@id\":\"https:\/\/tuzlainfo.ba\/index.php\/istaknuto\/item\/254758-elektrotehnicka-skola-u-tuzli-od-danas-proizvodi-vlastitu-elektricnu-energiju\/\"},\"wordCount\":625,\"publisher\":{\"@id\":\"https:\/\/tuzlainfo.ba\/#organization\"},\"image\":{\"@id\":\"https:\/\/tuzlainfo.ba\/index.php\/istaknuto\/item\/254758-elektrotehnicka-skola-u-tuzli-od-danas-proizvodi-vlastitu-elektricnu-energiju\/#primaryimage\"},\"thumbnailUrl\":\"https:\/\/tuzlainfo.ba\/wp-content\/uploads\/2024\/11\/elektrotehnicka-skola-solarne-elektrane.jpg\",\"articleSection\":[\"Istaknuto\",\"Novosti\"],\"inLanguage\":\"bs-BA\"},{\"@type\":\"WebPage\",\"@id\":\"https:\/\/tuzlainfo.ba\/index.php\/istaknuto\/item\/254758-elektrotehnicka-skola-u-tuzli-od-danas-proizvodi-vlastitu-elektricnu-energiju\/\",\"url\":\"https:\/\/tuzlainfo.ba\/index.php\/istaknuto\/item\/254758-elektrotehnicka-skola-u-tuzli-od-danas-proizvodi-vlastitu-elektricnu-energiju\/\",\"name\":\"Elektrotehni\u010dka \u0161kola u Tuzli od danas proizvodi vlastitu elektri\u010dnu energiju - TuzlaInfo.ba\",\"isPartOf\":{\"@id\":\"https:\/\/tuzlainfo.ba\/#website\"},\"primaryImageOfPage\":{\"@id\":\"https:\/\/tuzlainfo.ba\/index.php\/istaknuto\/item\/254758-elektrotehnicka-skola-u-tuzli-od-danas-proizvodi-vlastitu-elektricnu-energiju\/#primaryimage\"},\"image\":{\"@id\":\"https:\/\/tuzlainfo.ba\/index.php\/istaknuto\/item\/254758-elektrotehnicka-skola-u-tuzli-od-danas-proizvodi-vlastitu-elektricnu-energiju\/#primaryimage\"},\"thumbnailUrl\":\"https:\/\/tuzlainfo.ba\/wp-content\/uploads\/2024\/11\/elektrotehnicka-skola-solarne-elektrane.jpg\",\"datePublished\":\"2024-11-07T15:21:56+00:00\",\"dateModified\":\"2024-11-07T15:21:56+00:00\",\"breadcrumb\":{\"@id\":\"https:\/\/tuzlainfo.ba\/index.php\/istaknuto\/item\/254758-elektrotehnicka-skola-u-tuzli-od-danas-proizvodi-vlastitu-elektricnu-energiju\/#breadcrumb\"},\"inLanguage\":\"bs-BA\",\"potentialAction\":[{\"@type\":\"ReadAction\",\"target\":[\"https:\/\/tuzlainfo.ba\/index.php\/istaknuto\/item\/254758-elektrotehnicka-skola-u-tuzli-od-danas-proizvodi-vlastitu-elektricnu-energiju\/\"]}]},{\"@type\":\"ImageObject\",\"inLanguage\":\"bs-BA\",\"@id\":\"https:\/\/tuzlainfo.ba\/index.php\/istaknuto\/item\/254758-elektrotehnicka-skola-u-tuzli-od-danas-proizvodi-vlastitu-elektricnu-energiju\/#primaryimage\",\"url\":\"https:\/\/tuzlainfo.ba\/wp-content\/uploads\/2024\/11\/elektrotehnicka-skola-solarne-elektrane.jpg\",\"contentUrl\":\"https:\/\/tuzlainfo.ba\/wp-content\/uploads\/2024\/11\/elektrotehnicka-skola-solarne-elektrane.jpg\",\"width\":1024,\"height\":768},{\"@type\":\"BreadcrumbList\",\"@id\":\"https:\/\/tuzlainfo.ba\/index.php\/istaknuto\/item\/254758-elektrotehnicka-skola-u-tuzli-od-danas-proizvodi-vlastitu-elektricnu-energiju\/#breadcrumb\",\"itemListElement\":[{\"@type\":\"ListItem\",\"position\":1,\"name\":\"Home\",\"item\":\"https:\/\/tuzlainfo.ba\/\"},{\"@type\":\"ListItem\",\"position\":2,\"name\":\"Elektrotehni\u010dka \u0161kola u Tuzli od danas proizvodi vlastitu elektri\u010dnu energiju\"}]},{\"@type\":\"WebSite\",\"@id\":\"https:\/\/tuzlainfo.ba\/#website\",\"url\":\"https:\/\/tuzlainfo.ba\/\",\"name\":\"TuzlaInfo.ba\",\"description\":\"Tuzla info, gradski informator - Tuzla na dlanu\",\"publisher\":{\"@id\":\"https:\/\/tuzlainfo.ba\/#organization\"},\"potentialAction\":[{\"@type\":\"SearchAction\",\"target\":{\"@type\":\"EntryPoint\",\"urlTemplate\":\"https:\/\/tuzlainfo.ba\/?s={search_term_string}\"},\"query-input\":{\"@type\":\"PropertyValueSpecification\",\"valueRequired\":true,\"valueName\":\"search_term_string\"}}],\"inLanguage\":\"bs-BA\"},{\"@type\":\"Organization\",\"@id\":\"https:\/\/tuzlainfo.ba\/#organization\",\"name\":\"TuzlaInfo.ba\",\"url\":\"https:\/\/tuzlainfo.ba\/\",\"logo\":{\"@type\":\"ImageObject\",\"inLanguage\":\"bs-BA\",\"@id\":\"https:\/\/tuzlainfo.ba\/#\/schema\/logo\/image\/\",\"url\":\"https:\/\/tuzlainfo.ba\/wp-content\/uploads\/2021\/03\/logo-ver-3-1.png\",\"contentUrl\":\"https:\/\/tuzlainfo.ba\/wp-content\/uploads\/2021\/03\/logo-ver-3-1.png\",\"width\":350,\"height\":95,\"caption\":\"TuzlaInfo.ba\"},\"image\":{\"@id\":\"https:\/\/tuzlainfo.ba\/#\/schema\/logo\/image\/\"},\"sameAs\":[\"https:\/\/www.facebook.com\/tuzlainfo.ba\/\"]},{\"@type\":\"Person\",\"@id\":\"https:\/\/tuzlainfo.ba\/#\/schema\/person\/46cad4c57790cbc50781edd14870825a\",\"name\":\"Tuzla Info\",\"image\":{\"@type\":\"ImageObject\",\"inLanguage\":\"bs-BA\",\"@id\":\"https:\/\/tuzlainfo.ba\/#\/schema\/person\/image\/\",\"url\":\"https:\/\/tuzlainfo.ba\/wp-content\/litespeed\/avatar\/b6c453a6c38e3654f2e4416c643fc25c.jpg?ver=1777051911\",\"contentUrl\":\"https:\/\/tuzlainfo.ba\/wp-content\/litespeed\/avatar\/b6c453a6c38e3654f2e4416c643fc25c.jpg?ver=1777051911\",\"caption\":\"Tuzla Info\"}}]}<\/script>\n<!-- \/ Yoast SEO plugin. -->","yoast_head_json":{"title":"Elektrotehni\u010dka \u0161kola u Tuzli od danas proizvodi vlastitu elektri\u010dnu energiju - TuzlaInfo.ba","robots":{"index":"index","follow":"follow","max-snippet":"max-snippet:-1","max-image-preview":"max-image-preview:large","max-video-preview":"max-video-preview:-1"},"canonical":"https:\/\/tuzlainfo.ba\/index.php\/istaknuto\/item\/254758-elektrotehnicka-skola-u-tuzli-od-danas-proizvodi-vlastitu-elektricnu-energiju\/","og_locale":"bs_BA","og_type":"article","og_title":"Elektrotehni\u010dka \u0161kola u Tuzli od danas proizvodi vlastitu elektri\u010dnu energiju - TuzlaInfo.ba","og_description":"Pojedinosti o solarnoj elektrani snage 10 kWh na krovu Elektrotehni\u010dke \u0161kole u Tuzli, postavljenoj kako&hellip;","og_url":"https:\/\/tuzlainfo.ba\/index.php\/istaknuto\/item\/254758-elektrotehnicka-skola-u-tuzli-od-danas-proizvodi-vlastitu-elektricnu-energiju\/","og_site_name":"TuzlaInfo.ba","article_publisher":"https:\/\/www.facebook.com\/tuzlainfo.ba\/","article_published_time":"2024-11-07T15:21:56+00:00","og_image":[{"width":1024,"height":768,"url":"https:\/\/tuzlainfo.ba\/wp-content\/uploads\/2024\/11\/elektrotehnicka-skola-solarne-elektrane.jpg","type":"image\/jpeg"}],"author":"Tuzla Info","twitter_card":"summary_large_image","twitter_misc":{"Written by":"Tuzla Info","Est. reading time":"4 minute"},"schema":{"@context":"https:\/\/schema.org","@graph":[{"@type":"Article","@id":"https:\/\/tuzlainfo.ba\/index.php\/istaknuto\/item\/254758-elektrotehnicka-skola-u-tuzli-od-danas-proizvodi-vlastitu-elektricnu-energiju\/#article","isPartOf":{"@id":"https:\/\/tuzlainfo.ba\/index.php\/istaknuto\/item\/254758-elektrotehnicka-skola-u-tuzli-od-danas-proizvodi-vlastitu-elektricnu-energiju\/"},"author":{"name":"Tuzla Info","@id":"https:\/\/tuzlainfo.ba\/#\/schema\/person\/46cad4c57790cbc50781edd14870825a"},"headline":"Elektrotehni\u010dka \u0161kola u Tuzli od danas proizvodi vlastitu elektri\u010dnu energiju","datePublished":"2024-11-07T15:21:56+00:00","dateModified":"2024-11-07T15:21:56+00:00","mainEntityOfPage":{"@id":"https:\/\/tuzlainfo.ba\/index.php\/istaknuto\/item\/254758-elektrotehnicka-skola-u-tuzli-od-danas-proizvodi-vlastitu-elektricnu-energiju\/"},"wordCount":625,"publisher":{"@id":"https:\/\/tuzlainfo.ba\/#organization"},"image":{"@id":"https:\/\/tuzlainfo.ba\/index.php\/istaknuto\/item\/254758-elektrotehnicka-skola-u-tuzli-od-danas-proizvodi-vlastitu-elektricnu-energiju\/#primaryimage"},"thumbnailUrl":"https:\/\/tuzlainfo.ba\/wp-content\/uploads\/2024\/11\/elektrotehnicka-skola-solarne-elektrane.jpg","articleSection":["Istaknuto","Novosti"],"inLanguage":"bs-BA"},{"@type":"WebPage","@id":"https:\/\/tuzlainfo.ba\/index.php\/istaknuto\/item\/254758-elektrotehnicka-skola-u-tuzli-od-danas-proizvodi-vlastitu-elektricnu-energiju\/","url":"https:\/\/tuzlainfo.ba\/index.php\/istaknuto\/item\/254758-elektrotehnicka-skola-u-tuzli-od-danas-proizvodi-vlastitu-elektricnu-energiju\/","name":"Elektrotehni\u010dka \u0161kola u Tuzli od danas proizvodi vlastitu elektri\u010dnu energiju - TuzlaInfo.ba","isPartOf":{"@id":"https:\/\/tuzlainfo.ba\/#website"},"primaryImageOfPage":{"@id":"https:\/\/tuzlainfo.ba\/index.php\/istaknuto\/item\/254758-elektrotehnicka-skola-u-tuzli-od-danas-proizvodi-vlastitu-elektricnu-energiju\/#primaryimage"},"image":{"@id":"https:\/\/tuzlainfo.ba\/index.php\/istaknuto\/item\/254758-elektrotehnicka-skola-u-tuzli-od-danas-proizvodi-vlastitu-elektricnu-energiju\/#primaryimage"},"thumbnailUrl":"https:\/\/tuzlainfo.ba\/wp-content\/uploads\/2024\/11\/elektrotehnicka-skola-solarne-elektrane.jpg","datePublished":"2024-11-07T15:21:56+00:00","dateModified":"2024-11-07T15:21:56+00:00","breadcrumb":{"@id":"https:\/\/tuzlainfo.ba\/index.php\/istaknuto\/item\/254758-elektrotehnicka-skola-u-tuzli-od-danas-proizvodi-vlastitu-elektricnu-energiju\/#breadcrumb"},"inLanguage":"bs-BA","potentialAction":[{"@type":"ReadAction","target":["https:\/\/tuzlainfo.ba\/index.php\/istaknuto\/item\/254758-elektrotehnicka-skola-u-tuzli-od-danas-proizvodi-vlastitu-elektricnu-energiju\/"]}]},{"@type":"ImageObject","inLanguage":"bs-BA","@id":"https:\/\/tuzlainfo.ba\/index.php\/istaknuto\/item\/254758-elektrotehnicka-skola-u-tuzli-od-danas-proizvodi-vlastitu-elektricnu-energiju\/#primaryimage","url":"https:\/\/tuzlainfo.ba\/wp-content\/uploads\/2024\/11\/elektrotehnicka-skola-solarne-elektrane.jpg","contentUrl":"https:\/\/tuzlainfo.ba\/wp-content\/uploads\/2024\/11\/elektrotehnicka-skola-solarne-elektrane.jpg","width":1024,"height":768},{"@type":"BreadcrumbList","@id":"https:\/\/tuzlainfo.ba\/index.php\/istaknuto\/item\/254758-elektrotehnicka-skola-u-tuzli-od-danas-proizvodi-vlastitu-elektricnu-energiju\/#breadcrumb","itemListElement":[{"@type":"ListItem","position":1,"name":"Home","item":"https:\/\/tuzlainfo.ba\/"},{"@type":"ListItem","position":2,"name":"Elektrotehni\u010dka \u0161kola u Tuzli od danas proizvodi vlastitu elektri\u010dnu energiju"}]},{"@type":"WebSite","@id":"https:\/\/tuzlainfo.ba\/#website","url":"https:\/\/tuzlainfo.ba\/","name":"TuzlaInfo.ba","description":"Tuzla info, gradski informator - Tuzla na dlanu","publisher":{"@id":"https:\/\/tuzlainfo.ba\/#organization"},"potentialAction":[{"@type":"SearchAction","target":{"@type":"EntryPoint","urlTemplate":"https:\/\/tuzlainfo.ba\/?s={search_term_string}"},"query-input":{"@type":"PropertyValueSpecification","valueRequired":true,"valueName":"search_term_string"}}],"inLanguage":"bs-BA"},{"@type":"Organization","@id":"https:\/\/tuzlainfo.ba\/#organization","name":"TuzlaInfo.ba","url":"https:\/\/tuzlainfo.ba\/","logo":{"@type":"ImageObject","inLanguage":"bs-BA","@id":"https:\/\/tuzlainfo.ba\/#\/schema\/logo\/image\/","url":"https:\/\/tuzlainfo.ba\/wp-content\/uploads\/2021\/03\/logo-ver-3-1.png","contentUrl":"https:\/\/tuzlainfo.ba\/wp-content\/uploads\/2021\/03\/logo-ver-3-1.png","width":350,"height":95,"caption":"TuzlaInfo.ba"},"image":{"@id":"https:\/\/tuzlainfo.ba\/#\/schema\/logo\/image\/"},"sameAs":["https:\/\/www.facebook.com\/tuzlainfo.ba\/"]},{"@type":"Person","@id":"https:\/\/tuzlainfo.ba\/#\/schema\/person\/46cad4c57790cbc50781edd14870825a","name":"Tuzla Info","image":{"@type":"ImageObject","inLanguage":"bs-BA","@id":"https:\/\/tuzlainfo.ba\/#\/schema\/person\/image\/","url":"https:\/\/tuzlainfo.ba\/wp-content\/litespeed\/avatar\/b6c453a6c38e3654f2e4416c643fc25c.jpg?ver=1777051911","contentUrl":"https:\/\/tuzlainfo.ba\/wp-content\/litespeed\/avatar\/b6c453a6c38e3654f2e4416c643fc25c.jpg?ver=1777051911","caption":"Tuzla Info"}}]}},"_links":{"self":[{"href":"https:\/\/tuzlainfo.ba\/index.php\/wp-json\/wp\/v2\/posts\/254758"}],"collection":[{"href":"https:\/\/tuzlainfo.ba\/index.php\/wp-json\/wp\/v2\/posts"}],"about":[{"href":"https:\/\/tuzlainfo.ba\/index.php\/wp-json\/wp\/v2\/types\/post"}],"author":[{"embeddable":true,"href":"https:\/\/tuzlainfo.ba\/index.php\/wp-json\/wp\/v2\/users\/4"}],"replies":[{"embeddable":true,"href":"https:\/\/tuzlainfo.ba\/index.php\/wp-json\/wp\/v2\/comments?post=254758"}],"version-history":[{"count":1,"href":"https:\/\/tuzlainfo.ba\/index.php\/wp-json\/wp\/v2\/posts\/254758\/revisions"}],"predecessor-version":[{"id":254760,"href":"https:\/\/tuzlainfo.ba\/index.php\/wp-json\/wp\/v2\/posts\/254758\/revisions\/254760"}],"wp:featuredmedia":[{"embeddable":true,"href":"https:\/\/tuzlainfo.ba\/index.php\/wp-json\/wp\/v2\/media\/254759"}],"wp:attachment":[{"href":"https:\/\/tuzlainfo.ba\/index.php\/wp-json\/wp\/v2\/media?parent=254758"}],"wp:term":[{"taxonomy":"category","embeddable":true,"href":"https:\/\/tuzlainfo.ba\/index.php\/wp-json\/wp\/v2\/categories?post=254758"},{"taxonomy":"post_tag","embeddable":true,"href":"https:\/\/tuzlainfo.ba\/index.php\/wp-json\/wp\/v2\/tags?post=254758"}],"curies":[{"name":"wp","href":"https:\/\/api.w.org\/{rel}","templated":true}]}}