{"id":254714,"date":"2024-11-07T09:00:58","date_gmt":"2024-11-07T08:00:58","guid":{"rendered":"https:\/\/tuzlainfo.ba\/?p=254714"},"modified":"2024-11-07T08:58:57","modified_gmt":"2024-11-07T07:58:57","slug":"elektrotehnicka-skola-u-tuzli-dobija-solarnu-elektranu-proizvodit-ce-struju-i-sluziti-za-edukaciju","status":"publish","type":"post","link":"https:\/\/tuzlainfo.ba\/index.php\/novosti\/item\/254714-elektrotehnicka-skola-u-tuzli-dobija-solarnu-elektranu-proizvodit-ce-struju-i-sluziti-za-edukaciju\/","title":{"rendered":"Elektrotehni\u010dka \u0161kola u Tuzli dobija solarnu elektranu, proizvodit \u0107e struju i slu\u017eiti za edukaciju"},"content":{"rendered":"<p><b>Danas \u0107e <\/b>javnosti \u0107e biti prezentirani zavr\u0161ni radovi postavljanja solarne elektrane snage\u00a0<strong>10 kWh u Elektrotehni\u010dkoj \u0161koli u Tuzli.<\/strong><\/p>\n<p>Solarna elektrana dio je projekta koji se realizira u partnerstvu Ministarstva obrazovanja i nauke TK, \u0160vicarskog Caritasa i Centra za ekologiju i energiju iz Tuzle. Solarna elektrana \u0107e imati dvostruku ulogu, proizvodit \u0107e elektri\u010dnu energiju za potrebe \u0161kole i biti u\u010dilo za u\u010denike Elektrotehni\u010dke \u0161kole.<\/p>\n<p>&#8211; Dok svi pri\u010daju o energetskoj tranziciji Elektrotehni\u010dka \u0161kola poduzima konkretne mjere. Ove \u0161kolske godine uvela novo zanimanje i upisala prvu generaciju \u201eInstalatera fotonaponskih sistema- elektroni\u010dara\u201c. Prije toga je organizirala intenzivnu edukaciju uposlenika, opremila u\u010dionicu za izvo\u0111enije prakti\u010dne nastave, obezbijedila alat i neophodne instrumente. Me\u0111utim, za kvalitetnu edukaciju joj je falilo da ima i solarnu elektranu na krovu \u0161kole\u00a0 \u0161to je uspjela i obezbijediti &#8211; naveli su iz Centra za ekologiju\u00a0 i energiju Tuzla.<\/p>\n<p>Ovom prilikom \u0107e \u0161koli biti uru\u010deni i priru\u010dnici za \u0161kolsku biblioteku, neophodni za edukaciju u\u010denika koji se obrazuju za zanimanje \u201emonter fotonaponskih sistema\u201c.<\/p>\n<p style=\"font-weight: 400;\">\n<p>&nbsp;<\/p>\n","protected":false},"excerpt":{"rendered":"<p>Danas \u0107e javnosti \u0107e biti prezentirani zavr\u0161ni radovi postavljanja solarne elektrane snage\u00a010 kWh u Elektrotehni\u010dkoj&hellip;<\/p>\n","protected":false},"author":2,"featured_media":234748,"comment_status":"closed","ping_status":"closed","sticky":false,"template":"","format":"standard","meta":{"_acf_changed":false,"footnotes":""},"categories":[304,12],"tags":[3149,3883,42],"acf":[],"yoast_head":"<!-- This site is optimized with the Yoast SEO plugin v23.5 - https:\/\/yoast.com\/wordpress\/plugins\/seo\/ -->\n<title>Elektrotehni\u010dka \u0161kola u Tuzli dobija solarnu elektranu, proizvodit \u0107e struju i slu\u017eiti za edukaciju - TuzlaInfo.ba<\/title>\n<meta name=\"robots\" content=\"index, follow, max-snippet:-1, max-image-preview:large, max-video-preview:-1\" \/>\n<link rel=\"canonical\" href=\"https:\/\/tuzlainfo.ba\/index.php\/novosti\/item\/254714-elektrotehnicka-skola-u-tuzli-dobija-solarnu-elektranu-proizvodit-ce-struju-i-sluziti-za-edukaciju\/\" \/>\n<meta property=\"og:locale\" content=\"bs_BA\" \/>\n<meta property=\"og:type\" content=\"article\" \/>\n<meta property=\"og:title\" content=\"Elektrotehni\u010dka \u0161kola u Tuzli dobija solarnu elektranu, proizvodit \u0107e struju i slu\u017eiti za edukaciju - TuzlaInfo.ba\" \/>\n<meta property=\"og:description\" content=\"Danas \u0107e javnosti \u0107e biti prezentirani zavr\u0161ni radovi postavljanja solarne elektrane snage\u00a010 kWh u Elektrotehni\u010dkoj&hellip;\" \/>\n<meta property=\"og:url\" content=\"https:\/\/tuzlainfo.ba\/index.php\/novosti\/item\/254714-elektrotehnicka-skola-u-tuzli-dobija-solarnu-elektranu-proizvodit-ce-struju-i-sluziti-za-edukaciju\/\" \/>\n<meta property=\"og:site_name\" content=\"TuzlaInfo.ba\" \/>\n<meta property=\"article:publisher\" content=\"https:\/\/www.facebook.com\/tuzlainfo.ba\/\" \/>\n<meta property=\"article:published_time\" content=\"2024-11-07T08:00:58+00:00\" \/>\n<meta property=\"article:modified_time\" content=\"2024-11-07T07:58:57+00:00\" \/>\n<meta property=\"og:image\" content=\"https:\/\/tuzlainfo.ba\/wp-content\/uploads\/2024\/04\/elektrotehnicka-skola-tuzla.jpg\" \/>\n\t<meta property=\"og:image:width\" content=\"960\" \/>\n\t<meta property=\"og:image:height\" content=\"720\" \/>\n\t<meta property=\"og:image:type\" content=\"image\/jpeg\" \/>\n<meta name=\"author\" content=\"nedim\" \/>\n<meta name=\"twitter:card\" content=\"summary_large_image\" \/>\n<meta name=\"twitter:label1\" content=\"Written by\" \/>\n\t<meta name=\"twitter:data1\" content=\"nedim\" \/>\n\t<meta name=\"twitter:label2\" content=\"Est. reading time\" \/>\n\t<meta name=\"twitter:data2\" content=\"2 minute\" \/>\n<script type=\"application\/ld+json\" class=\"yoast-schema-graph\">{\"@context\":\"https:\/\/schema.org\",\"@graph\":[{\"@type\":\"Article\",\"@id\":\"https:\/\/tuzlainfo.ba\/index.php\/novosti\/item\/254714-elektrotehnicka-skola-u-tuzli-dobija-solarnu-elektranu-proizvodit-ce-struju-i-sluziti-za-edukaciju\/#article\",\"isPartOf\":{\"@id\":\"https:\/\/tuzlainfo.ba\/index.php\/novosti\/item\/254714-elektrotehnicka-skola-u-tuzli-dobija-solarnu-elektranu-proizvodit-ce-struju-i-sluziti-za-edukaciju\/\"},\"author\":{\"name\":\"nedim\",\"@id\":\"https:\/\/tuzlainfo.ba\/#\/schema\/person\/f434e20dc27ea133923aab08451b7f7f\"},\"headline\":\"Elektrotehni\u010dka \u0161kola u Tuzli dobija solarnu elektranu, proizvodit \u0107e struju i slu\u017eiti za edukaciju\",\"datePublished\":\"2024-11-07T08:00:58+00:00\",\"dateModified\":\"2024-11-07T07:58:57+00:00\",\"mainEntityOfPage\":{\"@id\":\"https:\/\/tuzlainfo.ba\/index.php\/novosti\/item\/254714-elektrotehnicka-skola-u-tuzli-dobija-solarnu-elektranu-proizvodit-ce-struju-i-sluziti-za-edukaciju\/\"},\"wordCount\":193,\"publisher\":{\"@id\":\"https:\/\/tuzlainfo.ba\/#organization\"},\"image\":{\"@id\":\"https:\/\/tuzlainfo.ba\/index.php\/novosti\/item\/254714-elektrotehnicka-skola-u-tuzli-dobija-solarnu-elektranu-proizvodit-ce-struju-i-sluziti-za-edukaciju\/#primaryimage\"},\"thumbnailUrl\":\"https:\/\/tuzlainfo.ba\/wp-content\/uploads\/2024\/04\/elektrotehnicka-skola-tuzla.jpg\",\"keywords\":[\"Elektrotehni\u010dka \u0161kola\",\"solarna elektrana\",\"tuzla\"],\"articleSection\":[\"Istaknuto\",\"Novosti\"],\"inLanguage\":\"bs-BA\"},{\"@type\":\"WebPage\",\"@id\":\"https:\/\/tuzlainfo.ba\/index.php\/novosti\/item\/254714-elektrotehnicka-skola-u-tuzli-dobija-solarnu-elektranu-proizvodit-ce-struju-i-sluziti-za-edukaciju\/\",\"url\":\"https:\/\/tuzlainfo.ba\/index.php\/novosti\/item\/254714-elektrotehnicka-skola-u-tuzli-dobija-solarnu-elektranu-proizvodit-ce-struju-i-sluziti-za-edukaciju\/\",\"name\":\"Elektrotehni\u010dka \u0161kola u Tuzli dobija solarnu elektranu, proizvodit \u0107e struju i slu\u017eiti za edukaciju - TuzlaInfo.ba\",\"isPartOf\":{\"@id\":\"https:\/\/tuzlainfo.ba\/#website\"},\"primaryImageOfPage\":{\"@id\":\"https:\/\/tuzlainfo.ba\/index.php\/novosti\/item\/254714-elektrotehnicka-skola-u-tuzli-dobija-solarnu-elektranu-proizvodit-ce-struju-i-sluziti-za-edukaciju\/#primaryimage\"},\"image\":{\"@id\":\"https:\/\/tuzlainfo.ba\/index.php\/novosti\/item\/254714-elektrotehnicka-skola-u-tuzli-dobija-solarnu-elektranu-proizvodit-ce-struju-i-sluziti-za-edukaciju\/#primaryimage\"},\"thumbnailUrl\":\"https:\/\/tuzlainfo.ba\/wp-content\/uploads\/2024\/04\/elektrotehnicka-skola-tuzla.jpg\",\"datePublished\":\"2024-11-07T08:00:58+00:00\",\"dateModified\":\"2024-11-07T07:58:57+00:00\",\"breadcrumb\":{\"@id\":\"https:\/\/tuzlainfo.ba\/index.php\/novosti\/item\/254714-elektrotehnicka-skola-u-tuzli-dobija-solarnu-elektranu-proizvodit-ce-struju-i-sluziti-za-edukaciju\/#breadcrumb\"},\"inLanguage\":\"bs-BA\",\"potentialAction\":[{\"@type\":\"ReadAction\",\"target\":[\"https:\/\/tuzlainfo.ba\/index.php\/novosti\/item\/254714-elektrotehnicka-skola-u-tuzli-dobija-solarnu-elektranu-proizvodit-ce-struju-i-sluziti-za-edukaciju\/\"]}]},{\"@type\":\"ImageObject\",\"inLanguage\":\"bs-BA\",\"@id\":\"https:\/\/tuzlainfo.ba\/index.php\/novosti\/item\/254714-elektrotehnicka-skola-u-tuzli-dobija-solarnu-elektranu-proizvodit-ce-struju-i-sluziti-za-edukaciju\/#primaryimage\",\"url\":\"https:\/\/tuzlainfo.ba\/wp-content\/uploads\/2024\/04\/elektrotehnicka-skola-tuzla.jpg\",\"contentUrl\":\"https:\/\/tuzlainfo.ba\/wp-content\/uploads\/2024\/04\/elektrotehnicka-skola-tuzla.jpg\",\"width\":960,\"height\":720},{\"@type\":\"BreadcrumbList\",\"@id\":\"https:\/\/tuzlainfo.ba\/index.php\/novosti\/item\/254714-elektrotehnicka-skola-u-tuzli-dobija-solarnu-elektranu-proizvodit-ce-struju-i-sluziti-za-edukaciju\/#breadcrumb\",\"itemListElement\":[{\"@type\":\"ListItem\",\"position\":1,\"name\":\"Home\",\"item\":\"https:\/\/tuzlainfo.ba\/\"},{\"@type\":\"ListItem\",\"position\":2,\"name\":\"Elektrotehni\u010dka \u0161kola u Tuzli dobija solarnu elektranu, proizvodit \u0107e struju i slu\u017eiti za edukaciju\"}]},{\"@type\":\"WebSite\",\"@id\":\"https:\/\/tuzlainfo.ba\/#website\",\"url\":\"https:\/\/tuzlainfo.ba\/\",\"name\":\"TuzlaInfo.ba\",\"description\":\"Tuzla info, gradski informator - Tuzla na dlanu\",\"publisher\":{\"@id\":\"https:\/\/tuzlainfo.ba\/#organization\"},\"potentialAction\":[{\"@type\":\"SearchAction\",\"target\":{\"@type\":\"EntryPoint\",\"urlTemplate\":\"https:\/\/tuzlainfo.ba\/?s={search_term_string}\"},\"query-input\":{\"@type\":\"PropertyValueSpecification\",\"valueRequired\":true,\"valueName\":\"search_term_string\"}}],\"inLanguage\":\"bs-BA\"},{\"@type\":\"Organization\",\"@id\":\"https:\/\/tuzlainfo.ba\/#organization\",\"name\":\"TuzlaInfo.ba\",\"url\":\"https:\/\/tuzlainfo.ba\/\",\"logo\":{\"@type\":\"ImageObject\",\"inLanguage\":\"bs-BA\",\"@id\":\"https:\/\/tuzlainfo.ba\/#\/schema\/logo\/image\/\",\"url\":\"https:\/\/tuzlainfo.ba\/wp-content\/uploads\/2021\/03\/logo-ver-3-1.png\",\"contentUrl\":\"https:\/\/tuzlainfo.ba\/wp-content\/uploads\/2021\/03\/logo-ver-3-1.png\",\"width\":350,\"height\":95,\"caption\":\"TuzlaInfo.ba\"},\"image\":{\"@id\":\"https:\/\/tuzlainfo.ba\/#\/schema\/logo\/image\/\"},\"sameAs\":[\"https:\/\/www.facebook.com\/tuzlainfo.ba\/\"]},{\"@type\":\"Person\",\"@id\":\"https:\/\/tuzlainfo.ba\/#\/schema\/person\/f434e20dc27ea133923aab08451b7f7f\",\"name\":\"nedim\",\"image\":{\"@type\":\"ImageObject\",\"inLanguage\":\"bs-BA\",\"@id\":\"https:\/\/tuzlainfo.ba\/#\/schema\/person\/image\/\",\"url\":\"https:\/\/tuzlainfo.ba\/wp-content\/litespeed\/avatar\/aabad687af24844af817603ac1cbdc4f.jpg?ver=1777306975\",\"contentUrl\":\"https:\/\/tuzlainfo.ba\/wp-content\/litespeed\/avatar\/aabad687af24844af817603ac1cbdc4f.jpg?ver=1777306975\",\"caption\":\"nedim\"},\"description\":\"Tuzlainfo.ba pratite na dru\u0161tvenim mre\u017eama: Facebook, Instagram i Youtube. Svoje pri\u010de, upite i fotografije \u0161aljite na na\u0161u e-mail adresu.\"}]}<\/script>\n<!-- \/ Yoast SEO plugin. -->","yoast_head_json":{"title":"Elektrotehni\u010dka \u0161kola u Tuzli dobija solarnu elektranu, proizvodit \u0107e struju i slu\u017eiti za edukaciju - TuzlaInfo.ba","robots":{"index":"index","follow":"follow","max-snippet":"max-snippet:-1","max-image-preview":"max-image-preview:large","max-video-preview":"max-video-preview:-1"},"canonical":"https:\/\/tuzlainfo.ba\/index.php\/novosti\/item\/254714-elektrotehnicka-skola-u-tuzli-dobija-solarnu-elektranu-proizvodit-ce-struju-i-sluziti-za-edukaciju\/","og_locale":"bs_BA","og_type":"article","og_title":"Elektrotehni\u010dka \u0161kola u Tuzli dobija solarnu elektranu, proizvodit \u0107e struju i slu\u017eiti za edukaciju - TuzlaInfo.ba","og_description":"Danas \u0107e javnosti \u0107e biti prezentirani zavr\u0161ni radovi postavljanja solarne elektrane snage\u00a010 kWh u Elektrotehni\u010dkoj&hellip;","og_url":"https:\/\/tuzlainfo.ba\/index.php\/novosti\/item\/254714-elektrotehnicka-skola-u-tuzli-dobija-solarnu-elektranu-proizvodit-ce-struju-i-sluziti-za-edukaciju\/","og_site_name":"TuzlaInfo.ba","article_publisher":"https:\/\/www.facebook.com\/tuzlainfo.ba\/","article_published_time":"2024-11-07T08:00:58+00:00","article_modified_time":"2024-11-07T07:58:57+00:00","og_image":[{"width":960,"height":720,"url":"https:\/\/tuzlainfo.ba\/wp-content\/uploads\/2024\/04\/elektrotehnicka-skola-tuzla.jpg","type":"image\/jpeg"}],"author":"nedim","twitter_card":"summary_large_image","twitter_misc":{"Written by":"nedim","Est. reading time":"2 minute"},"schema":{"@context":"https:\/\/schema.org","@graph":[{"@type":"Article","@id":"https:\/\/tuzlainfo.ba\/index.php\/novosti\/item\/254714-elektrotehnicka-skola-u-tuzli-dobija-solarnu-elektranu-proizvodit-ce-struju-i-sluziti-za-edukaciju\/#article","isPartOf":{"@id":"https:\/\/tuzlainfo.ba\/index.php\/novosti\/item\/254714-elektrotehnicka-skola-u-tuzli-dobija-solarnu-elektranu-proizvodit-ce-struju-i-sluziti-za-edukaciju\/"},"author":{"name":"nedim","@id":"https:\/\/tuzlainfo.ba\/#\/schema\/person\/f434e20dc27ea133923aab08451b7f7f"},"headline":"Elektrotehni\u010dka \u0161kola u Tuzli dobija solarnu elektranu, proizvodit \u0107e struju i slu\u017eiti za edukaciju","datePublished":"2024-11-07T08:00:58+00:00","dateModified":"2024-11-07T07:58:57+00:00","mainEntityOfPage":{"@id":"https:\/\/tuzlainfo.ba\/index.php\/novosti\/item\/254714-elektrotehnicka-skola-u-tuzli-dobija-solarnu-elektranu-proizvodit-ce-struju-i-sluziti-za-edukaciju\/"},"wordCount":193,"publisher":{"@id":"https:\/\/tuzlainfo.ba\/#organization"},"image":{"@id":"https:\/\/tuzlainfo.ba\/index.php\/novosti\/item\/254714-elektrotehnicka-skola-u-tuzli-dobija-solarnu-elektranu-proizvodit-ce-struju-i-sluziti-za-edukaciju\/#primaryimage"},"thumbnailUrl":"https:\/\/tuzlainfo.ba\/wp-content\/uploads\/2024\/04\/elektrotehnicka-skola-tuzla.jpg","keywords":["Elektrotehni\u010dka \u0161kola","solarna elektrana","tuzla"],"articleSection":["Istaknuto","Novosti"],"inLanguage":"bs-BA"},{"@type":"WebPage","@id":"https:\/\/tuzlainfo.ba\/index.php\/novosti\/item\/254714-elektrotehnicka-skola-u-tuzli-dobija-solarnu-elektranu-proizvodit-ce-struju-i-sluziti-za-edukaciju\/","url":"https:\/\/tuzlainfo.ba\/index.php\/novosti\/item\/254714-elektrotehnicka-skola-u-tuzli-dobija-solarnu-elektranu-proizvodit-ce-struju-i-sluziti-za-edukaciju\/","name":"Elektrotehni\u010dka \u0161kola u Tuzli dobija solarnu elektranu, proizvodit \u0107e struju i slu\u017eiti za edukaciju - TuzlaInfo.ba","isPartOf":{"@id":"https:\/\/tuzlainfo.ba\/#website"},"primaryImageOfPage":{"@id":"https:\/\/tuzlainfo.ba\/index.php\/novosti\/item\/254714-elektrotehnicka-skola-u-tuzli-dobija-solarnu-elektranu-proizvodit-ce-struju-i-sluziti-za-edukaciju\/#primaryimage"},"image":{"@id":"https:\/\/tuzlainfo.ba\/index.php\/novosti\/item\/254714-elektrotehnicka-skola-u-tuzli-dobija-solarnu-elektranu-proizvodit-ce-struju-i-sluziti-za-edukaciju\/#primaryimage"},"thumbnailUrl":"https:\/\/tuzlainfo.ba\/wp-content\/uploads\/2024\/04\/elektrotehnicka-skola-tuzla.jpg","datePublished":"2024-11-07T08:00:58+00:00","dateModified":"2024-11-07T07:58:57+00:00","breadcrumb":{"@id":"https:\/\/tuzlainfo.ba\/index.php\/novosti\/item\/254714-elektrotehnicka-skola-u-tuzli-dobija-solarnu-elektranu-proizvodit-ce-struju-i-sluziti-za-edukaciju\/#breadcrumb"},"inLanguage":"bs-BA","potentialAction":[{"@type":"ReadAction","target":["https:\/\/tuzlainfo.ba\/index.php\/novosti\/item\/254714-elektrotehnicka-skola-u-tuzli-dobija-solarnu-elektranu-proizvodit-ce-struju-i-sluziti-za-edukaciju\/"]}]},{"@type":"ImageObject","inLanguage":"bs-BA","@id":"https:\/\/tuzlainfo.ba\/index.php\/novosti\/item\/254714-elektrotehnicka-skola-u-tuzli-dobija-solarnu-elektranu-proizvodit-ce-struju-i-sluziti-za-edukaciju\/#primaryimage","url":"https:\/\/tuzlainfo.ba\/wp-content\/uploads\/2024\/04\/elektrotehnicka-skola-tuzla.jpg","contentUrl":"https:\/\/tuzlainfo.ba\/wp-content\/uploads\/2024\/04\/elektrotehnicka-skola-tuzla.jpg","width":960,"height":720},{"@type":"BreadcrumbList","@id":"https:\/\/tuzlainfo.ba\/index.php\/novosti\/item\/254714-elektrotehnicka-skola-u-tuzli-dobija-solarnu-elektranu-proizvodit-ce-struju-i-sluziti-za-edukaciju\/#breadcrumb","itemListElement":[{"@type":"ListItem","position":1,"name":"Home","item":"https:\/\/tuzlainfo.ba\/"},{"@type":"ListItem","position":2,"name":"Elektrotehni\u010dka \u0161kola u Tuzli dobija solarnu elektranu, proizvodit \u0107e struju i slu\u017eiti za edukaciju"}]},{"@type":"WebSite","@id":"https:\/\/tuzlainfo.ba\/#website","url":"https:\/\/tuzlainfo.ba\/","name":"TuzlaInfo.ba","description":"Tuzla info, gradski informator - Tuzla na dlanu","publisher":{"@id":"https:\/\/tuzlainfo.ba\/#organization"},"potentialAction":[{"@type":"SearchAction","target":{"@type":"EntryPoint","urlTemplate":"https:\/\/tuzlainfo.ba\/?s={search_term_string}"},"query-input":{"@type":"PropertyValueSpecification","valueRequired":true,"valueName":"search_term_string"}}],"inLanguage":"bs-BA"},{"@type":"Organization","@id":"https:\/\/tuzlainfo.ba\/#organization","name":"TuzlaInfo.ba","url":"https:\/\/tuzlainfo.ba\/","logo":{"@type":"ImageObject","inLanguage":"bs-BA","@id":"https:\/\/tuzlainfo.ba\/#\/schema\/logo\/image\/","url":"https:\/\/tuzlainfo.ba\/wp-content\/uploads\/2021\/03\/logo-ver-3-1.png","contentUrl":"https:\/\/tuzlainfo.ba\/wp-content\/uploads\/2021\/03\/logo-ver-3-1.png","width":350,"height":95,"caption":"TuzlaInfo.ba"},"image":{"@id":"https:\/\/tuzlainfo.ba\/#\/schema\/logo\/image\/"},"sameAs":["https:\/\/www.facebook.com\/tuzlainfo.ba\/"]},{"@type":"Person","@id":"https:\/\/tuzlainfo.ba\/#\/schema\/person\/f434e20dc27ea133923aab08451b7f7f","name":"nedim","image":{"@type":"ImageObject","inLanguage":"bs-BA","@id":"https:\/\/tuzlainfo.ba\/#\/schema\/person\/image\/","url":"https:\/\/tuzlainfo.ba\/wp-content\/litespeed\/avatar\/aabad687af24844af817603ac1cbdc4f.jpg?ver=1777306975","contentUrl":"https:\/\/tuzlainfo.ba\/wp-content\/litespeed\/avatar\/aabad687af24844af817603ac1cbdc4f.jpg?ver=1777306975","caption":"nedim"},"description":"Tuzlainfo.ba pratite na dru\u0161tvenim mre\u017eama: Facebook, Instagram i Youtube. Svoje pri\u010de, upite i fotografije \u0161aljite na na\u0161u e-mail adresu."}]}},"_links":{"self":[{"href":"https:\/\/tuzlainfo.ba\/index.php\/wp-json\/wp\/v2\/posts\/254714"}],"collection":[{"href":"https:\/\/tuzlainfo.ba\/index.php\/wp-json\/wp\/v2\/posts"}],"about":[{"href":"https:\/\/tuzlainfo.ba\/index.php\/wp-json\/wp\/v2\/types\/post"}],"author":[{"embeddable":true,"href":"https:\/\/tuzlainfo.ba\/index.php\/wp-json\/wp\/v2\/users\/2"}],"replies":[{"embeddable":true,"href":"https:\/\/tuzlainfo.ba\/index.php\/wp-json\/wp\/v2\/comments?post=254714"}],"version-history":[{"count":1,"href":"https:\/\/tuzlainfo.ba\/index.php\/wp-json\/wp\/v2\/posts\/254714\/revisions"}],"predecessor-version":[{"id":254715,"href":"https:\/\/tuzlainfo.ba\/index.php\/wp-json\/wp\/v2\/posts\/254714\/revisions\/254715"}],"wp:featuredmedia":[{"embeddable":true,"href":"https:\/\/tuzlainfo.ba\/index.php\/wp-json\/wp\/v2\/media\/234748"}],"wp:attachment":[{"href":"https:\/\/tuzlainfo.ba\/index.php\/wp-json\/wp\/v2\/media?parent=254714"}],"wp:term":[{"taxonomy":"category","embeddable":true,"href":"https:\/\/tuzlainfo.ba\/index.php\/wp-json\/wp\/v2\/categories?post=254714"},{"taxonomy":"post_tag","embeddable":true,"href":"https:\/\/tuzlainfo.ba\/index.php\/wp-json\/wp\/v2\/tags?post=254714"}],"curies":[{"name":"wp","href":"https:\/\/api.w.org\/{rel}","templated":true}]}}