{"id":254533,"date":"2024-11-05T13:01:05","date_gmt":"2024-11-05T12:01:05","guid":{"rendered":"https:\/\/tuzlainfo.ba\/?p=254533"},"modified":"2024-11-05T13:01:05","modified_gmt":"2024-11-05T12:01:05","slug":"jp-epbih-raspisan-oglas-za-prijem-radnika-u-termoelektrani-tuzla","status":"publish","type":"post","link":"https:\/\/tuzlainfo.ba\/index.php\/clanci\/berza-rada\/item\/254533-jp-epbih-raspisan-oglas-za-prijem-radnika-u-termoelektrani-tuzla\/","title":{"rendered":"JP EPBiH: Raspisan oglas za prijem radnika u Termoelektrani Tuzla"},"content":{"rendered":"<p>JP Elektroprivreda BiH dd Sarajevo \u2013 Podru\u017enica Elektrodistribucija Tuzla raspisuje oglas za zapo\u0161ljavanje novih radnika na neodre\u0111eno i odre\u0111eno vrijeme.<\/p>\n<p>Tekst oglasa mo\u017eete prona\u0107i na linku ispod:<\/p>\n<p><a href=\"http:\/\/szztk.ba\/posao\/jp-elektroprivreda-bih-dd-sarajevo-podruznica-elektrodistribucija-tuzla-oglas-za-zaposljavanje-novih-radnika-na-neodredjeno-i-odredjeno-vrijeme\/\">DOKUMENT<\/a><\/p>\n","protected":false},"excerpt":{"rendered":"<p>JP Elektroprivreda BiH dd Sarajevo \u2013 Podru\u017enica Elektrodistribucija Tuzla raspisuje oglas za zapo\u0161ljavanje novih radnika&hellip;<\/p>\n","protected":false},"author":4,"featured_media":161520,"comment_status":"closed","ping_status":"closed","sticky":false,"template":"","format":"standard","meta":{"_acf_changed":false,"footnotes":""},"categories":[17,304],"tags":[587,3403],"acf":[],"yoast_head":"<!-- This site is optimized with the Yoast SEO plugin v23.5 - https:\/\/yoast.com\/wordpress\/plugins\/seo\/ -->\n<title>JP EPBiH: Raspisan oglas za prijem radnika u Termoelektrani Tuzla - TuzlaInfo.ba<\/title>\n<meta name=\"robots\" content=\"index, follow, max-snippet:-1, max-image-preview:large, max-video-preview:-1\" \/>\n<link rel=\"canonical\" href=\"https:\/\/tuzlainfo.ba\/index.php\/clanci\/berza-rada\/item\/254533-jp-epbih-raspisan-oglas-za-prijem-radnika-u-termoelektrani-tuzla\/\" \/>\n<meta property=\"og:locale\" content=\"bs_BA\" \/>\n<meta property=\"og:type\" content=\"article\" \/>\n<meta property=\"og:title\" content=\"JP EPBiH: Raspisan oglas za prijem radnika u Termoelektrani Tuzla - TuzlaInfo.ba\" \/>\n<meta property=\"og:description\" content=\"JP Elektroprivreda BiH dd Sarajevo \u2013 Podru\u017enica Elektrodistribucija Tuzla raspisuje oglas za zapo\u0161ljavanje novih radnika&hellip;\" \/>\n<meta property=\"og:url\" content=\"https:\/\/tuzlainfo.ba\/index.php\/clanci\/berza-rada\/item\/254533-jp-epbih-raspisan-oglas-za-prijem-radnika-u-termoelektrani-tuzla\/\" \/>\n<meta property=\"og:site_name\" content=\"TuzlaInfo.ba\" \/>\n<meta property=\"article:publisher\" content=\"https:\/\/www.facebook.com\/tuzlainfo.ba\/\" \/>\n<meta property=\"article:published_time\" content=\"2024-11-05T12:01:05+00:00\" \/>\n<meta property=\"og:image\" content=\"https:\/\/tuzlainfo.ba\/wp-content\/uploads\/2022\/01\/1901_termoelektrana_ugalj.jpg\" \/>\n\t<meta property=\"og:image:width\" content=\"1200\" \/>\n\t<meta property=\"og:image:height\" content=\"800\" \/>\n\t<meta property=\"og:image:type\" content=\"image\/jpeg\" \/>\n<meta name=\"author\" content=\"Tuzla Info\" \/>\n<meta name=\"twitter:card\" content=\"summary_large_image\" \/>\n<meta name=\"twitter:label1\" content=\"Written by\" \/>\n\t<meta name=\"twitter:data1\" content=\"Tuzla Info\" \/>\n\t<meta name=\"twitter:label2\" content=\"Est. reading time\" \/>\n\t<meta name=\"twitter:data2\" content=\"1 minuta\" \/>\n<script type=\"application\/ld+json\" class=\"yoast-schema-graph\">{\"@context\":\"https:\/\/schema.org\",\"@graph\":[{\"@type\":\"Article\",\"@id\":\"https:\/\/tuzlainfo.ba\/index.php\/clanci\/berza-rada\/item\/254533-jp-epbih-raspisan-oglas-za-prijem-radnika-u-termoelektrani-tuzla\/#article\",\"isPartOf\":{\"@id\":\"https:\/\/tuzlainfo.ba\/index.php\/clanci\/berza-rada\/item\/254533-jp-epbih-raspisan-oglas-za-prijem-radnika-u-termoelektrani-tuzla\/\"},\"author\":{\"name\":\"Tuzla Info\",\"@id\":\"https:\/\/tuzlainfo.ba\/#\/schema\/person\/46cad4c57790cbc50781edd14870825a\"},\"headline\":\"JP EPBiH: Raspisan oglas za prijem radnika u Termoelektrani Tuzla\",\"datePublished\":\"2024-11-05T12:01:05+00:00\",\"dateModified\":\"2024-11-05T12:01:05+00:00\",\"mainEntityOfPage\":{\"@id\":\"https:\/\/tuzlainfo.ba\/index.php\/clanci\/berza-rada\/item\/254533-jp-epbih-raspisan-oglas-za-prijem-radnika-u-termoelektrani-tuzla\/\"},\"wordCount\":43,\"publisher\":{\"@id\":\"https:\/\/tuzlainfo.ba\/#organization\"},\"image\":{\"@id\":\"https:\/\/tuzlainfo.ba\/index.php\/clanci\/berza-rada\/item\/254533-jp-epbih-raspisan-oglas-za-prijem-radnika-u-termoelektrani-tuzla\/#primaryimage\"},\"thumbnailUrl\":\"https:\/\/tuzlainfo.ba\/wp-content\/uploads\/2022\/01\/1901_termoelektrana_ugalj.jpg\",\"keywords\":[\"berza rada\",\"termoelektrana tuzla\"],\"articleSection\":[\"Berza rada\",\"Istaknuto\"],\"inLanguage\":\"bs-BA\"},{\"@type\":\"WebPage\",\"@id\":\"https:\/\/tuzlainfo.ba\/index.php\/clanci\/berza-rada\/item\/254533-jp-epbih-raspisan-oglas-za-prijem-radnika-u-termoelektrani-tuzla\/\",\"url\":\"https:\/\/tuzlainfo.ba\/index.php\/clanci\/berza-rada\/item\/254533-jp-epbih-raspisan-oglas-za-prijem-radnika-u-termoelektrani-tuzla\/\",\"name\":\"JP EPBiH: Raspisan oglas za prijem radnika u Termoelektrani Tuzla - TuzlaInfo.ba\",\"isPartOf\":{\"@id\":\"https:\/\/tuzlainfo.ba\/#website\"},\"primaryImageOfPage\":{\"@id\":\"https:\/\/tuzlainfo.ba\/index.php\/clanci\/berza-rada\/item\/254533-jp-epbih-raspisan-oglas-za-prijem-radnika-u-termoelektrani-tuzla\/#primaryimage\"},\"image\":{\"@id\":\"https:\/\/tuzlainfo.ba\/index.php\/clanci\/berza-rada\/item\/254533-jp-epbih-raspisan-oglas-za-prijem-radnika-u-termoelektrani-tuzla\/#primaryimage\"},\"thumbnailUrl\":\"https:\/\/tuzlainfo.ba\/wp-content\/uploads\/2022\/01\/1901_termoelektrana_ugalj.jpg\",\"datePublished\":\"2024-11-05T12:01:05+00:00\",\"dateModified\":\"2024-11-05T12:01:05+00:00\",\"breadcrumb\":{\"@id\":\"https:\/\/tuzlainfo.ba\/index.php\/clanci\/berza-rada\/item\/254533-jp-epbih-raspisan-oglas-za-prijem-radnika-u-termoelektrani-tuzla\/#breadcrumb\"},\"inLanguage\":\"bs-BA\",\"potentialAction\":[{\"@type\":\"ReadAction\",\"target\":[\"https:\/\/tuzlainfo.ba\/index.php\/clanci\/berza-rada\/item\/254533-jp-epbih-raspisan-oglas-za-prijem-radnika-u-termoelektrani-tuzla\/\"]}]},{\"@type\":\"ImageObject\",\"inLanguage\":\"bs-BA\",\"@id\":\"https:\/\/tuzlainfo.ba\/index.php\/clanci\/berza-rada\/item\/254533-jp-epbih-raspisan-oglas-za-prijem-radnika-u-termoelektrani-tuzla\/#primaryimage\",\"url\":\"https:\/\/tuzlainfo.ba\/wp-content\/uploads\/2022\/01\/1901_termoelektrana_ugalj.jpg\",\"contentUrl\":\"https:\/\/tuzlainfo.ba\/wp-content\/uploads\/2022\/01\/1901_termoelektrana_ugalj.jpg\",\"width\":1200,\"height\":800,\"caption\":\"Termoelektrana Tuzla \/ Foto: EP BiH\"},{\"@type\":\"BreadcrumbList\",\"@id\":\"https:\/\/tuzlainfo.ba\/index.php\/clanci\/berza-rada\/item\/254533-jp-epbih-raspisan-oglas-za-prijem-radnika-u-termoelektrani-tuzla\/#breadcrumb\",\"itemListElement\":[{\"@type\":\"ListItem\",\"position\":1,\"name\":\"Home\",\"item\":\"https:\/\/tuzlainfo.ba\/\"},{\"@type\":\"ListItem\",\"position\":2,\"name\":\"JP EPBiH: Raspisan oglas za prijem radnika u Termoelektrani Tuzla\"}]},{\"@type\":\"WebSite\",\"@id\":\"https:\/\/tuzlainfo.ba\/#website\",\"url\":\"https:\/\/tuzlainfo.ba\/\",\"name\":\"TuzlaInfo.ba\",\"description\":\"Tuzla info, gradski informator - Tuzla na dlanu\",\"publisher\":{\"@id\":\"https:\/\/tuzlainfo.ba\/#organization\"},\"potentialAction\":[{\"@type\":\"SearchAction\",\"target\":{\"@type\":\"EntryPoint\",\"urlTemplate\":\"https:\/\/tuzlainfo.ba\/?s={search_term_string}\"},\"query-input\":{\"@type\":\"PropertyValueSpecification\",\"valueRequired\":true,\"valueName\":\"search_term_string\"}}],\"inLanguage\":\"bs-BA\"},{\"@type\":\"Organization\",\"@id\":\"https:\/\/tuzlainfo.ba\/#organization\",\"name\":\"TuzlaInfo.ba\",\"url\":\"https:\/\/tuzlainfo.ba\/\",\"logo\":{\"@type\":\"ImageObject\",\"inLanguage\":\"bs-BA\",\"@id\":\"https:\/\/tuzlainfo.ba\/#\/schema\/logo\/image\/\",\"url\":\"https:\/\/tuzlainfo.ba\/wp-content\/uploads\/2021\/03\/logo-ver-3-1.png\",\"contentUrl\":\"https:\/\/tuzlainfo.ba\/wp-content\/uploads\/2021\/03\/logo-ver-3-1.png\",\"width\":350,\"height\":95,\"caption\":\"TuzlaInfo.ba\"},\"image\":{\"@id\":\"https:\/\/tuzlainfo.ba\/#\/schema\/logo\/image\/\"},\"sameAs\":[\"https:\/\/www.facebook.com\/tuzlainfo.ba\/\"]},{\"@type\":\"Person\",\"@id\":\"https:\/\/tuzlainfo.ba\/#\/schema\/person\/46cad4c57790cbc50781edd14870825a\",\"name\":\"Tuzla Info\",\"image\":{\"@type\":\"ImageObject\",\"inLanguage\":\"bs-BA\",\"@id\":\"https:\/\/tuzlainfo.ba\/#\/schema\/person\/image\/\",\"url\":\"https:\/\/tuzlainfo.ba\/wp-content\/litespeed\/avatar\/b6c453a6c38e3654f2e4416c643fc25c.jpg?ver=1777051911\",\"contentUrl\":\"https:\/\/tuzlainfo.ba\/wp-content\/litespeed\/avatar\/b6c453a6c38e3654f2e4416c643fc25c.jpg?ver=1777051911\",\"caption\":\"Tuzla Info\"}}]}<\/script>\n<!-- \/ Yoast SEO plugin. -->","yoast_head_json":{"title":"JP EPBiH: Raspisan oglas za prijem radnika u Termoelektrani Tuzla - TuzlaInfo.ba","robots":{"index":"index","follow":"follow","max-snippet":"max-snippet:-1","max-image-preview":"max-image-preview:large","max-video-preview":"max-video-preview:-1"},"canonical":"https:\/\/tuzlainfo.ba\/index.php\/clanci\/berza-rada\/item\/254533-jp-epbih-raspisan-oglas-za-prijem-radnika-u-termoelektrani-tuzla\/","og_locale":"bs_BA","og_type":"article","og_title":"JP EPBiH: Raspisan oglas za prijem radnika u Termoelektrani Tuzla - TuzlaInfo.ba","og_description":"JP Elektroprivreda BiH dd Sarajevo \u2013 Podru\u017enica Elektrodistribucija Tuzla raspisuje oglas za zapo\u0161ljavanje novih radnika&hellip;","og_url":"https:\/\/tuzlainfo.ba\/index.php\/clanci\/berza-rada\/item\/254533-jp-epbih-raspisan-oglas-za-prijem-radnika-u-termoelektrani-tuzla\/","og_site_name":"TuzlaInfo.ba","article_publisher":"https:\/\/www.facebook.com\/tuzlainfo.ba\/","article_published_time":"2024-11-05T12:01:05+00:00","og_image":[{"width":1200,"height":800,"url":"https:\/\/tuzlainfo.ba\/wp-content\/uploads\/2022\/01\/1901_termoelektrana_ugalj.jpg","type":"image\/jpeg"}],"author":"Tuzla Info","twitter_card":"summary_large_image","twitter_misc":{"Written by":"Tuzla Info","Est. reading time":"1 minuta"},"schema":{"@context":"https:\/\/schema.org","@graph":[{"@type":"Article","@id":"https:\/\/tuzlainfo.ba\/index.php\/clanci\/berza-rada\/item\/254533-jp-epbih-raspisan-oglas-za-prijem-radnika-u-termoelektrani-tuzla\/#article","isPartOf":{"@id":"https:\/\/tuzlainfo.ba\/index.php\/clanci\/berza-rada\/item\/254533-jp-epbih-raspisan-oglas-za-prijem-radnika-u-termoelektrani-tuzla\/"},"author":{"name":"Tuzla Info","@id":"https:\/\/tuzlainfo.ba\/#\/schema\/person\/46cad4c57790cbc50781edd14870825a"},"headline":"JP EPBiH: Raspisan oglas za prijem radnika u Termoelektrani Tuzla","datePublished":"2024-11-05T12:01:05+00:00","dateModified":"2024-11-05T12:01:05+00:00","mainEntityOfPage":{"@id":"https:\/\/tuzlainfo.ba\/index.php\/clanci\/berza-rada\/item\/254533-jp-epbih-raspisan-oglas-za-prijem-radnika-u-termoelektrani-tuzla\/"},"wordCount":43,"publisher":{"@id":"https:\/\/tuzlainfo.ba\/#organization"},"image":{"@id":"https:\/\/tuzlainfo.ba\/index.php\/clanci\/berza-rada\/item\/254533-jp-epbih-raspisan-oglas-za-prijem-radnika-u-termoelektrani-tuzla\/#primaryimage"},"thumbnailUrl":"https:\/\/tuzlainfo.ba\/wp-content\/uploads\/2022\/01\/1901_termoelektrana_ugalj.jpg","keywords":["berza rada","termoelektrana tuzla"],"articleSection":["Berza rada","Istaknuto"],"inLanguage":"bs-BA"},{"@type":"WebPage","@id":"https:\/\/tuzlainfo.ba\/index.php\/clanci\/berza-rada\/item\/254533-jp-epbih-raspisan-oglas-za-prijem-radnika-u-termoelektrani-tuzla\/","url":"https:\/\/tuzlainfo.ba\/index.php\/clanci\/berza-rada\/item\/254533-jp-epbih-raspisan-oglas-za-prijem-radnika-u-termoelektrani-tuzla\/","name":"JP EPBiH: Raspisan oglas za prijem radnika u Termoelektrani Tuzla - TuzlaInfo.ba","isPartOf":{"@id":"https:\/\/tuzlainfo.ba\/#website"},"primaryImageOfPage":{"@id":"https:\/\/tuzlainfo.ba\/index.php\/clanci\/berza-rada\/item\/254533-jp-epbih-raspisan-oglas-za-prijem-radnika-u-termoelektrani-tuzla\/#primaryimage"},"image":{"@id":"https:\/\/tuzlainfo.ba\/index.php\/clanci\/berza-rada\/item\/254533-jp-epbih-raspisan-oglas-za-prijem-radnika-u-termoelektrani-tuzla\/#primaryimage"},"thumbnailUrl":"https:\/\/tuzlainfo.ba\/wp-content\/uploads\/2022\/01\/1901_termoelektrana_ugalj.jpg","datePublished":"2024-11-05T12:01:05+00:00","dateModified":"2024-11-05T12:01:05+00:00","breadcrumb":{"@id":"https:\/\/tuzlainfo.ba\/index.php\/clanci\/berza-rada\/item\/254533-jp-epbih-raspisan-oglas-za-prijem-radnika-u-termoelektrani-tuzla\/#breadcrumb"},"inLanguage":"bs-BA","potentialAction":[{"@type":"ReadAction","target":["https:\/\/tuzlainfo.ba\/index.php\/clanci\/berza-rada\/item\/254533-jp-epbih-raspisan-oglas-za-prijem-radnika-u-termoelektrani-tuzla\/"]}]},{"@type":"ImageObject","inLanguage":"bs-BA","@id":"https:\/\/tuzlainfo.ba\/index.php\/clanci\/berza-rada\/item\/254533-jp-epbih-raspisan-oglas-za-prijem-radnika-u-termoelektrani-tuzla\/#primaryimage","url":"https:\/\/tuzlainfo.ba\/wp-content\/uploads\/2022\/01\/1901_termoelektrana_ugalj.jpg","contentUrl":"https:\/\/tuzlainfo.ba\/wp-content\/uploads\/2022\/01\/1901_termoelektrana_ugalj.jpg","width":1200,"height":800,"caption":"Termoelektrana Tuzla \/ Foto: EP BiH"},{"@type":"BreadcrumbList","@id":"https:\/\/tuzlainfo.ba\/index.php\/clanci\/berza-rada\/item\/254533-jp-epbih-raspisan-oglas-za-prijem-radnika-u-termoelektrani-tuzla\/#breadcrumb","itemListElement":[{"@type":"ListItem","position":1,"name":"Home","item":"https:\/\/tuzlainfo.ba\/"},{"@type":"ListItem","position":2,"name":"JP EPBiH: Raspisan oglas za prijem radnika u Termoelektrani Tuzla"}]},{"@type":"WebSite","@id":"https:\/\/tuzlainfo.ba\/#website","url":"https:\/\/tuzlainfo.ba\/","name":"TuzlaInfo.ba","description":"Tuzla info, gradski informator - Tuzla na dlanu","publisher":{"@id":"https:\/\/tuzlainfo.ba\/#organization"},"potentialAction":[{"@type":"SearchAction","target":{"@type":"EntryPoint","urlTemplate":"https:\/\/tuzlainfo.ba\/?s={search_term_string}"},"query-input":{"@type":"PropertyValueSpecification","valueRequired":true,"valueName":"search_term_string"}}],"inLanguage":"bs-BA"},{"@type":"Organization","@id":"https:\/\/tuzlainfo.ba\/#organization","name":"TuzlaInfo.ba","url":"https:\/\/tuzlainfo.ba\/","logo":{"@type":"ImageObject","inLanguage":"bs-BA","@id":"https:\/\/tuzlainfo.ba\/#\/schema\/logo\/image\/","url":"https:\/\/tuzlainfo.ba\/wp-content\/uploads\/2021\/03\/logo-ver-3-1.png","contentUrl":"https:\/\/tuzlainfo.ba\/wp-content\/uploads\/2021\/03\/logo-ver-3-1.png","width":350,"height":95,"caption":"TuzlaInfo.ba"},"image":{"@id":"https:\/\/tuzlainfo.ba\/#\/schema\/logo\/image\/"},"sameAs":["https:\/\/www.facebook.com\/tuzlainfo.ba\/"]},{"@type":"Person","@id":"https:\/\/tuzlainfo.ba\/#\/schema\/person\/46cad4c57790cbc50781edd14870825a","name":"Tuzla Info","image":{"@type":"ImageObject","inLanguage":"bs-BA","@id":"https:\/\/tuzlainfo.ba\/#\/schema\/person\/image\/","url":"https:\/\/tuzlainfo.ba\/wp-content\/litespeed\/avatar\/b6c453a6c38e3654f2e4416c643fc25c.jpg?ver=1777051911","contentUrl":"https:\/\/tuzlainfo.ba\/wp-content\/litespeed\/avatar\/b6c453a6c38e3654f2e4416c643fc25c.jpg?ver=1777051911","caption":"Tuzla Info"}}]}},"_links":{"self":[{"href":"https:\/\/tuzlainfo.ba\/index.php\/wp-json\/wp\/v2\/posts\/254533"}],"collection":[{"href":"https:\/\/tuzlainfo.ba\/index.php\/wp-json\/wp\/v2\/posts"}],"about":[{"href":"https:\/\/tuzlainfo.ba\/index.php\/wp-json\/wp\/v2\/types\/post"}],"author":[{"embeddable":true,"href":"https:\/\/tuzlainfo.ba\/index.php\/wp-json\/wp\/v2\/users\/4"}],"replies":[{"embeddable":true,"href":"https:\/\/tuzlainfo.ba\/index.php\/wp-json\/wp\/v2\/comments?post=254533"}],"version-history":[{"count":1,"href":"https:\/\/tuzlainfo.ba\/index.php\/wp-json\/wp\/v2\/posts\/254533\/revisions"}],"predecessor-version":[{"id":254534,"href":"https:\/\/tuzlainfo.ba\/index.php\/wp-json\/wp\/v2\/posts\/254533\/revisions\/254534"}],"wp:featuredmedia":[{"embeddable":true,"href":"https:\/\/tuzlainfo.ba\/index.php\/wp-json\/wp\/v2\/media\/161520"}],"wp:attachment":[{"href":"https:\/\/tuzlainfo.ba\/index.php\/wp-json\/wp\/v2\/media?parent=254533"}],"wp:term":[{"taxonomy":"category","embeddable":true,"href":"https:\/\/tuzlainfo.ba\/index.php\/wp-json\/wp\/v2\/categories?post=254533"},{"taxonomy":"post_tag","embeddable":true,"href":"https:\/\/tuzlainfo.ba\/index.php\/wp-json\/wp\/v2\/tags?post=254533"}],"curies":[{"name":"wp","href":"https:\/\/api.w.org\/{rel}","templated":true}]}}