{"id":254419,"date":"2024-11-04T14:30:55","date_gmt":"2024-11-04T13:30:55","guid":{"rendered":"https:\/\/tuzlainfo.ba\/?p=254419"},"modified":"2024-11-04T10:10:44","modified_gmt":"2024-11-04T09:10:44","slug":"protest-u-beogradu-demonstranti-zatrazili-ostavke-zbog-tragedije-u-novom-sadu","status":"publish","type":"post","link":"https:\/\/tuzlainfo.ba\/index.php\/clanci\/sa-svih-strana\/item\/254419-protest-u-beogradu-demonstranti-zatrazili-ostavke-zbog-tragedije-u-novom-sadu\/","title":{"rendered":"Protest u Beogradu: Demonstranti zatra\u017eili ostavke zbog tragedije u Novom Sadu"},"content":{"rendered":"<p>Veliki broj gra\u0111ana koji se okupio u nedjelju u Beogradu zatra\u017eio je ostavku Gorana Vesi\u0107a, ministra gra\u0111evinarstva, saobra\u0107aja i infrastrukture Srbije, nakon uru\u0161avanja nadstre\u0161nice na \u017deljezni\u010dkoj stanici u Novom Sadu, pri \u010demu je poginulo 14 ljudi, a troje te\u0161ko povrije\u0111eno, javlja Anadolija.<\/p>\n<p>Gra\u0111ani su se okupili na platou ispred stare \u017eeljezni\u010dke stanice Beogradu nakon \u010dega su se uputili do zgrade Ministarstva gra\u0111evinarstva Srbije gdje su ruke obojene crvenom farbom pokazivali policajcima koji im nisu dali da pri\u0111u zgradi. Odatle su se vratili do zgrade Vlade Srbije ispred koje su ostavili crvene otiske dlanova kako bi vlastima simboli\u010dno poru\u010dili vlasti da su im \u201ckrvave ruke\u201d.<\/p>\n<p>Nosili su parole \u201cZlo\u010din, a ne tragedija\u201d, \u201cKorupcija ubija\u201d, \u201cZa odgovorne, u ogledala pogledajte\u201d, a uzvikivali su \u201cOstavke\u201d.<\/p>\n<p>Protest na Savskom trgu po\u010deo je minutom \u0161utnje za stradale u Novom Sadu i \u010ditanjem imena 14 ljudi koji su poginuli kada se obru\u0161ila nadstre\u0161nica u Novom Sadu.<\/p>\n<p>Organizatori smatraju da je smrt ljudi koji su stradali u Novom Sadu direktna posljedica korupcije, nesavjesti, propusta prilikom kontrole kvaliteta i izvo\u0111enja radova, statike i ostalih stvari koje bi mo\u017eda mogle da sprije\u010de stradanje. Najavili su da \u0107e ukoliko Vesi\u0107 ne podnese ostavku u utorak biti u Novom Sadu.<\/p>\n<p>Poziv na protest objavljen je na Instagram stranici neformalne grupe \u201cSvi\u0106e\u201d, a aktivista Nikola Risti\u0107 koji je jedan od organizatora odveden je u Policijsku stanicu Savski vijenac te je tokom protesta pu\u0161ten.<\/p>\n<p>Prilikom uru\u0161avanja nadstre\u0161nice na \u017deljezni\u010dkoj stanici u Novom Sadu u petak je stradalo 14 osoba, a najmla\u0111a \u017ertva imala je samo \u0161est godina.<\/p>\n<p>Tri osobe u te\u0161kom stanju koje su povrije\u0111ene pri uru\u0161avanju hospitalizovane su u Klini\u010dkom centru Vojvodine u Novom Sadu.<\/p>\n","protected":false},"excerpt":{"rendered":"<p>Veliki broj gra\u0111ana koji se okupio u nedjelju u Beogradu zatra\u017eio je ostavku Gorana Vesi\u0107a, ministra gra\u0111evinarstva, saobra\u0107aja i infrastrukture Srbije, nakon uru\u0161avanja nadstre\u0161nice na \u017deljezni\u010dkoj stanici u Novom Sadu, pri \u010demu je poginulo 14 ljudi, a troje te\u0161ko povrije\u0111eno, javlja Anadolija. Gra\u0111ani su se okupili na platou ispred stare \u017eeljezni\u010dke stanice Beogradu nakon \u010dega [&hellip;]<\/p>\n","protected":false},"author":3,"featured_media":254264,"comment_status":"closed","ping_status":"closed","sticky":false,"template":"","format":"standard","meta":{"footnotes":""},"categories":[16],"tags":[1171,6130,1717],"class_list":["post-254419","post","type-post","status-publish","format-standard","has-post-thumbnail","hentry","category-sa-svih-strana","tag-beograd","tag-novi-sad","tag-protest"],"yoast_head":"<!-- This site is optimized with the Yoast SEO plugin v28.3 - https:\/\/yoast.com\/product\/yoast-seo-wordpress\/ -->\n<title>Protest u Beogradu: Demonstranti zatra\u017eili ostavke zbog tragedije u Novom Sadu<\/title>\n<meta name=\"robots\" content=\"index, follow, max-snippet:-1, max-image-preview:large, max-video-preview:-1\" \/>\n<link rel=\"canonical\" href=\"https:\/\/tuzlainfo.ba\/index.php\/clanci\/sa-svih-strana\/item\/254419-protest-u-beogradu-demonstranti-zatrazili-ostavke-zbog-tragedije-u-novom-sadu\/\" \/>\n<meta property=\"og:locale\" content=\"bs_BA\" \/>\n<meta property=\"og:type\" content=\"article\" \/>\n<meta property=\"og:title\" content=\"Protest u Beogradu: Demonstranti zatra\u017eili ostavke zbog tragedije u Novom Sadu\" \/>\n<meta property=\"og:description\" content=\"Veliki broj gra\u0111ana koji se okupio u nedjelju u Beogradu zatra\u017eio je ostavku Gorana Vesi\u0107a, ministra gra\u0111evinarstva, saobra\u0107aja i infrastrukture Srbije, nakon uru\u0161avanja nadstre\u0161nice na \u017deljezni\u010dkoj stanici u Novom Sadu, pri \u010demu je poginulo 14 ljudi, a troje te\u0161ko povrije\u0111eno, javlja Anadolija. Gra\u0111ani su se okupili na platou ispred stare \u017eeljezni\u010dke stanice Beogradu nakon \u010dega [&hellip;]\" \/>\n<meta property=\"og:url\" content=\"https:\/\/tuzlainfo.ba\/index.php\/clanci\/sa-svih-strana\/item\/254419-protest-u-beogradu-demonstranti-zatrazili-ostavke-zbog-tragedije-u-novom-sadu\/\" \/>\n<meta property=\"og:site_name\" content=\"TuzlaInfo.ba\" \/>\n<meta property=\"article:publisher\" content=\"https:\/\/www.facebook.com\/tuzlainfo.ba\/\" \/>\n<meta property=\"article:published_time\" content=\"2024-11-04T13:30:55+00:00\" \/>\n<meta property=\"og:image\" content=\"https:\/\/tuzlainfo.ba\/wp-content\/uploads\/2024\/11\/IMG_3757.jpeg\" \/>\n\t<meta property=\"og:image:width\" content=\"1200\" \/>\n\t<meta property=\"og:image:height\" content=\"768\" \/>\n\t<meta property=\"og:image:type\" content=\"image\/jpeg\" \/>\n<meta name=\"author\" content=\"admin2\" \/>\n<meta name=\"twitter:card\" content=\"summary_large_image\" \/>\n<meta name=\"twitter:label1\" content=\"Written by\" \/>\n\t<meta name=\"twitter:data1\" content=\"admin2\" \/>\n\t<meta name=\"twitter:label2\" content=\"Est. reading time\" \/>\n\t<meta name=\"twitter:data2\" content=\"2 minute\" \/>\n<script type=\"application\/ld+json\" class=\"yoast-schema-graph\">{\"@context\":\"https:\\\/\\\/schema.org\",\"@graph\":[{\"@type\":\"Article\",\"@id\":\"https:\\\/\\\/tuzlainfo.ba\\\/index.php\\\/clanci\\\/sa-svih-strana\\\/item\\\/254419-protest-u-beogradu-demonstranti-zatrazili-ostavke-zbog-tragedije-u-novom-sadu\\\/#article\",\"isPartOf\":{\"@id\":\"https:\\\/\\\/tuzlainfo.ba\\\/index.php\\\/clanci\\\/sa-svih-strana\\\/item\\\/254419-protest-u-beogradu-demonstranti-zatrazili-ostavke-zbog-tragedije-u-novom-sadu\\\/\"},\"author\":{\"name\":\"admin2\",\"@id\":\"https:\\\/\\\/tuzlainfo.ba\\\/#\\\/schema\\\/person\\\/f4ebe4fff27e68efb65fa7e18f8af372\"},\"headline\":\"Protest u Beogradu: Demonstranti zatra\u017eili ostavke zbog tragedije u Novom Sadu\",\"datePublished\":\"2024-11-04T13:30:55+00:00\",\"mainEntityOfPage\":{\"@id\":\"https:\\\/\\\/tuzlainfo.ba\\\/index.php\\\/clanci\\\/sa-svih-strana\\\/item\\\/254419-protest-u-beogradu-demonstranti-zatrazili-ostavke-zbog-tragedije-u-novom-sadu\\\/\"},\"wordCount\":315,\"publisher\":{\"@id\":\"https:\\\/\\\/tuzlainfo.ba\\\/#organization\"},\"image\":{\"@id\":\"https:\\\/\\\/tuzlainfo.ba\\\/index.php\\\/clanci\\\/sa-svih-strana\\\/item\\\/254419-protest-u-beogradu-demonstranti-zatrazili-ostavke-zbog-tragedije-u-novom-sadu\\\/#primaryimage\"},\"thumbnailUrl\":\"https:\\\/\\\/tuzlainfo.ba\\\/wp-content\\\/uploads\\\/2024\\\/11\\\/IMG_3757.jpeg\",\"keywords\":[\"beograd\",\"novi sad\",\"protest\"],\"articleSection\":[\"Sa svih strana\"],\"inLanguage\":\"bs-BA\",\"copyrightYear\":\"2024\",\"copyrightHolder\":{\"@id\":\"https:\\\/\\\/tuzlainfo.ba\\\/#organization\"}},{\"@type\":\"WebPage\",\"@id\":\"https:\\\/\\\/tuzlainfo.ba\\\/index.php\\\/clanci\\\/sa-svih-strana\\\/item\\\/254419-protest-u-beogradu-demonstranti-zatrazili-ostavke-zbog-tragedije-u-novom-sadu\\\/\",\"url\":\"https:\\\/\\\/tuzlainfo.ba\\\/index.php\\\/clanci\\\/sa-svih-strana\\\/item\\\/254419-protest-u-beogradu-demonstranti-zatrazili-ostavke-zbog-tragedije-u-novom-sadu\\\/\",\"name\":\"Protest u Beogradu: Demonstranti zatra\u017eili ostavke zbog tragedije u Novom Sadu\",\"isPartOf\":{\"@id\":\"https:\\\/\\\/tuzlainfo.ba\\\/#website\"},\"primaryImageOfPage\":{\"@id\":\"https:\\\/\\\/tuzlainfo.ba\\\/index.php\\\/clanci\\\/sa-svih-strana\\\/item\\\/254419-protest-u-beogradu-demonstranti-zatrazili-ostavke-zbog-tragedije-u-novom-sadu\\\/#primaryimage\"},\"image\":{\"@id\":\"https:\\\/\\\/tuzlainfo.ba\\\/index.php\\\/clanci\\\/sa-svih-strana\\\/item\\\/254419-protest-u-beogradu-demonstranti-zatrazili-ostavke-zbog-tragedije-u-novom-sadu\\\/#primaryimage\"},\"thumbnailUrl\":\"https:\\\/\\\/tuzlainfo.ba\\\/wp-content\\\/uploads\\\/2024\\\/11\\\/IMG_3757.jpeg\",\"datePublished\":\"2024-11-04T13:30:55+00:00\",\"breadcrumb\":{\"@id\":\"https:\\\/\\\/tuzlainfo.ba\\\/index.php\\\/clanci\\\/sa-svih-strana\\\/item\\\/254419-protest-u-beogradu-demonstranti-zatrazili-ostavke-zbog-tragedije-u-novom-sadu\\\/#breadcrumb\"},\"inLanguage\":\"bs-BA\",\"potentialAction\":[{\"@type\":\"ReadAction\",\"target\":[\"https:\\\/\\\/tuzlainfo.ba\\\/index.php\\\/clanci\\\/sa-svih-strana\\\/item\\\/254419-protest-u-beogradu-demonstranti-zatrazili-ostavke-zbog-tragedije-u-novom-sadu\\\/\"]}]},{\"@type\":\"ImageObject\",\"inLanguage\":\"bs-BA\",\"@id\":\"https:\\\/\\\/tuzlainfo.ba\\\/index.php\\\/clanci\\\/sa-svih-strana\\\/item\\\/254419-protest-u-beogradu-demonstranti-zatrazili-ostavke-zbog-tragedije-u-novom-sadu\\\/#primaryimage\",\"url\":\"https:\\\/\\\/tuzlainfo.ba\\\/wp-content\\\/uploads\\\/2024\\\/11\\\/IMG_3757.jpeg\",\"contentUrl\":\"https:\\\/\\\/tuzlainfo.ba\\\/wp-content\\\/uploads\\\/2024\\\/11\\\/IMG_3757.jpeg\",\"width\":1200,\"height\":768},{\"@type\":\"BreadcrumbList\",\"@id\":\"https:\\\/\\\/tuzlainfo.ba\\\/index.php\\\/clanci\\\/sa-svih-strana\\\/item\\\/254419-protest-u-beogradu-demonstranti-zatrazili-ostavke-zbog-tragedije-u-novom-sadu\\\/#breadcrumb\",\"itemListElement\":[{\"@type\":\"ListItem\",\"position\":1,\"name\":\"Home\",\"item\":\"https:\\\/\\\/tuzlainfo.ba\\\/\"},{\"@type\":\"ListItem\",\"position\":2,\"name\":\"Protest u Beogradu: Demonstranti zatra\u017eili ostavke zbog tragedije u Novom Sadu\"}]},{\"@type\":\"WebSite\",\"@id\":\"https:\\\/\\\/tuzlainfo.ba\\\/#website\",\"url\":\"https:\\\/\\\/tuzlainfo.ba\\\/\",\"name\":\"TuzlaInfo.ba\",\"description\":\"Tuzla info, gradski informator - Tuzla na dlanu\",\"publisher\":{\"@id\":\"https:\\\/\\\/tuzlainfo.ba\\\/#organization\"},\"potentialAction\":[{\"@type\":\"SearchAction\",\"target\":{\"@type\":\"EntryPoint\",\"urlTemplate\":\"https:\\\/\\\/tuzlainfo.ba\\\/?s={search_term_string}\"},\"query-input\":{\"@type\":\"PropertyValueSpecification\",\"valueRequired\":true,\"valueName\":\"search_term_string\"}}],\"inLanguage\":\"bs-BA\"},{\"@type\":\"Organization\",\"@id\":\"https:\\\/\\\/tuzlainfo.ba\\\/#organization\",\"name\":\"TuzlaInfo.ba\",\"url\":\"https:\\\/\\\/tuzlainfo.ba\\\/\",\"logo\":{\"@type\":\"ImageObject\",\"inLanguage\":\"bs-BA\",\"@id\":\"https:\\\/\\\/tuzlainfo.ba\\\/#\\\/schema\\\/logo\\\/image\\\/\",\"url\":\"https:\\\/\\\/tuzlainfo.ba\\\/wp-content\\\/uploads\\\/2021\\\/03\\\/logo-ver-3-1.png\",\"contentUrl\":\"https:\\\/\\\/tuzlainfo.ba\\\/wp-content\\\/uploads\\\/2021\\\/03\\\/logo-ver-3-1.png\",\"width\":350,\"height\":95,\"caption\":\"TuzlaInfo.ba\"},\"image\":{\"@id\":\"https:\\\/\\\/tuzlainfo.ba\\\/#\\\/schema\\\/logo\\\/image\\\/\"},\"sameAs\":[\"https:\\\/\\\/www.facebook.com\\\/tuzlainfo.ba\\\/\"]},{\"@type\":\"Person\",\"@id\":\"https:\\\/\\\/tuzlainfo.ba\\\/#\\\/schema\\\/person\\\/f4ebe4fff27e68efb65fa7e18f8af372\",\"name\":\"admin2\",\"image\":{\"@type\":\"ImageObject\",\"inLanguage\":\"bs-BA\",\"@id\":\"https:\\\/\\\/secure.gravatar.com\\\/avatar\\\/6474d9b45292367fa11d981175d83642ccdae059a6b7eabe5fed313d54ead5cb?s=96&d=mm&r=g\",\"url\":\"https:\\\/\\\/secure.gravatar.com\\\/avatar\\\/6474d9b45292367fa11d981175d83642ccdae059a6b7eabe5fed313d54ead5cb?s=96&d=mm&r=g\",\"contentUrl\":\"https:\\\/\\\/secure.gravatar.com\\\/avatar\\\/6474d9b45292367fa11d981175d83642ccdae059a6b7eabe5fed313d54ead5cb?s=96&d=mm&r=g\",\"caption\":\"admin2\"},\"description\":\"Tuzlainfo.ba pratite na dru\u0161tvenim mre\u017eama: Facebook, Instagram i Youtube. Svoje pri\u010de, upite i fotografije \u0161aljite na na\u0161u e-mail adresu.\",\"sameAs\":[\"admin\"]}]}<\/script>\n<!-- \/ Yoast SEO plugin. -->","yoast_head_json":{"title":"Protest u Beogradu: Demonstranti zatra\u017eili ostavke zbog tragedije u Novom Sadu","robots":{"index":"index","follow":"follow","max-snippet":"max-snippet:-1","max-image-preview":"max-image-preview:large","max-video-preview":"max-video-preview:-1"},"canonical":"https:\/\/tuzlainfo.ba\/index.php\/clanci\/sa-svih-strana\/item\/254419-protest-u-beogradu-demonstranti-zatrazili-ostavke-zbog-tragedije-u-novom-sadu\/","og_locale":"bs_BA","og_type":"article","og_title":"Protest u Beogradu: Demonstranti zatra\u017eili ostavke zbog tragedije u Novom Sadu","og_description":"Veliki broj gra\u0111ana koji se okupio u nedjelju u Beogradu zatra\u017eio je ostavku Gorana Vesi\u0107a, ministra gra\u0111evinarstva, saobra\u0107aja i infrastrukture Srbije, nakon uru\u0161avanja nadstre\u0161nice na \u017deljezni\u010dkoj stanici u Novom Sadu, pri \u010demu je poginulo 14 ljudi, a troje te\u0161ko povrije\u0111eno, javlja Anadolija. Gra\u0111ani su se okupili na platou ispred stare \u017eeljezni\u010dke stanice Beogradu nakon \u010dega [&hellip;]","og_url":"https:\/\/tuzlainfo.ba\/index.php\/clanci\/sa-svih-strana\/item\/254419-protest-u-beogradu-demonstranti-zatrazili-ostavke-zbog-tragedije-u-novom-sadu\/","og_site_name":"TuzlaInfo.ba","article_publisher":"https:\/\/www.facebook.com\/tuzlainfo.ba\/","article_published_time":"2024-11-04T13:30:55+00:00","og_image":[{"width":1200,"height":768,"url":"https:\/\/tuzlainfo.ba\/wp-content\/uploads\/2024\/11\/IMG_3757.jpeg","type":"image\/jpeg"}],"author":"admin2","twitter_card":"summary_large_image","twitter_misc":{"Written by":"admin2","Est. reading time":"2 minute"},"schema":{"@context":"https:\/\/schema.org","@graph":[{"@type":"Article","@id":"https:\/\/tuzlainfo.ba\/index.php\/clanci\/sa-svih-strana\/item\/254419-protest-u-beogradu-demonstranti-zatrazili-ostavke-zbog-tragedije-u-novom-sadu\/#article","isPartOf":{"@id":"https:\/\/tuzlainfo.ba\/index.php\/clanci\/sa-svih-strana\/item\/254419-protest-u-beogradu-demonstranti-zatrazili-ostavke-zbog-tragedije-u-novom-sadu\/"},"author":{"name":"admin2","@id":"https:\/\/tuzlainfo.ba\/#\/schema\/person\/f4ebe4fff27e68efb65fa7e18f8af372"},"headline":"Protest u Beogradu: Demonstranti zatra\u017eili ostavke zbog tragedije u Novom Sadu","datePublished":"2024-11-04T13:30:55+00:00","mainEntityOfPage":{"@id":"https:\/\/tuzlainfo.ba\/index.php\/clanci\/sa-svih-strana\/item\/254419-protest-u-beogradu-demonstranti-zatrazili-ostavke-zbog-tragedije-u-novom-sadu\/"},"wordCount":315,"publisher":{"@id":"https:\/\/tuzlainfo.ba\/#organization"},"image":{"@id":"https:\/\/tuzlainfo.ba\/index.php\/clanci\/sa-svih-strana\/item\/254419-protest-u-beogradu-demonstranti-zatrazili-ostavke-zbog-tragedije-u-novom-sadu\/#primaryimage"},"thumbnailUrl":"https:\/\/tuzlainfo.ba\/wp-content\/uploads\/2024\/11\/IMG_3757.jpeg","keywords":["beograd","novi sad","protest"],"articleSection":["Sa svih strana"],"inLanguage":"bs-BA","copyrightYear":"2024","copyrightHolder":{"@id":"https:\/\/tuzlainfo.ba\/#organization"}},{"@type":"WebPage","@id":"https:\/\/tuzlainfo.ba\/index.php\/clanci\/sa-svih-strana\/item\/254419-protest-u-beogradu-demonstranti-zatrazili-ostavke-zbog-tragedije-u-novom-sadu\/","url":"https:\/\/tuzlainfo.ba\/index.php\/clanci\/sa-svih-strana\/item\/254419-protest-u-beogradu-demonstranti-zatrazili-ostavke-zbog-tragedije-u-novom-sadu\/","name":"Protest u Beogradu: Demonstranti zatra\u017eili ostavke zbog tragedije u Novom Sadu","isPartOf":{"@id":"https:\/\/tuzlainfo.ba\/#website"},"primaryImageOfPage":{"@id":"https:\/\/tuzlainfo.ba\/index.php\/clanci\/sa-svih-strana\/item\/254419-protest-u-beogradu-demonstranti-zatrazili-ostavke-zbog-tragedije-u-novom-sadu\/#primaryimage"},"image":{"@id":"https:\/\/tuzlainfo.ba\/index.php\/clanci\/sa-svih-strana\/item\/254419-protest-u-beogradu-demonstranti-zatrazili-ostavke-zbog-tragedije-u-novom-sadu\/#primaryimage"},"thumbnailUrl":"https:\/\/tuzlainfo.ba\/wp-content\/uploads\/2024\/11\/IMG_3757.jpeg","datePublished":"2024-11-04T13:30:55+00:00","breadcrumb":{"@id":"https:\/\/tuzlainfo.ba\/index.php\/clanci\/sa-svih-strana\/item\/254419-protest-u-beogradu-demonstranti-zatrazili-ostavke-zbog-tragedije-u-novom-sadu\/#breadcrumb"},"inLanguage":"bs-BA","potentialAction":[{"@type":"ReadAction","target":["https:\/\/tuzlainfo.ba\/index.php\/clanci\/sa-svih-strana\/item\/254419-protest-u-beogradu-demonstranti-zatrazili-ostavke-zbog-tragedije-u-novom-sadu\/"]}]},{"@type":"ImageObject","inLanguage":"bs-BA","@id":"https:\/\/tuzlainfo.ba\/index.php\/clanci\/sa-svih-strana\/item\/254419-protest-u-beogradu-demonstranti-zatrazili-ostavke-zbog-tragedije-u-novom-sadu\/#primaryimage","url":"https:\/\/tuzlainfo.ba\/wp-content\/uploads\/2024\/11\/IMG_3757.jpeg","contentUrl":"https:\/\/tuzlainfo.ba\/wp-content\/uploads\/2024\/11\/IMG_3757.jpeg","width":1200,"height":768},{"@type":"BreadcrumbList","@id":"https:\/\/tuzlainfo.ba\/index.php\/clanci\/sa-svih-strana\/item\/254419-protest-u-beogradu-demonstranti-zatrazili-ostavke-zbog-tragedije-u-novom-sadu\/#breadcrumb","itemListElement":[{"@type":"ListItem","position":1,"name":"Home","item":"https:\/\/tuzlainfo.ba\/"},{"@type":"ListItem","position":2,"name":"Protest u Beogradu: Demonstranti zatra\u017eili ostavke zbog tragedije u Novom Sadu"}]},{"@type":"WebSite","@id":"https:\/\/tuzlainfo.ba\/#website","url":"https:\/\/tuzlainfo.ba\/","name":"TuzlaInfo.ba","description":"Tuzla info, gradski informator - Tuzla na dlanu","publisher":{"@id":"https:\/\/tuzlainfo.ba\/#organization"},"potentialAction":[{"@type":"SearchAction","target":{"@type":"EntryPoint","urlTemplate":"https:\/\/tuzlainfo.ba\/?s={search_term_string}"},"query-input":{"@type":"PropertyValueSpecification","valueRequired":true,"valueName":"search_term_string"}}],"inLanguage":"bs-BA"},{"@type":"Organization","@id":"https:\/\/tuzlainfo.ba\/#organization","name":"TuzlaInfo.ba","url":"https:\/\/tuzlainfo.ba\/","logo":{"@type":"ImageObject","inLanguage":"bs-BA","@id":"https:\/\/tuzlainfo.ba\/#\/schema\/logo\/image\/","url":"https:\/\/tuzlainfo.ba\/wp-content\/uploads\/2021\/03\/logo-ver-3-1.png","contentUrl":"https:\/\/tuzlainfo.ba\/wp-content\/uploads\/2021\/03\/logo-ver-3-1.png","width":350,"height":95,"caption":"TuzlaInfo.ba"},"image":{"@id":"https:\/\/tuzlainfo.ba\/#\/schema\/logo\/image\/"},"sameAs":["https:\/\/www.facebook.com\/tuzlainfo.ba\/"]},{"@type":"Person","@id":"https:\/\/tuzlainfo.ba\/#\/schema\/person\/f4ebe4fff27e68efb65fa7e18f8af372","name":"admin2","image":{"@type":"ImageObject","inLanguage":"bs-BA","@id":"https:\/\/secure.gravatar.com\/avatar\/6474d9b45292367fa11d981175d83642ccdae059a6b7eabe5fed313d54ead5cb?s=96&d=mm&r=g","url":"https:\/\/secure.gravatar.com\/avatar\/6474d9b45292367fa11d981175d83642ccdae059a6b7eabe5fed313d54ead5cb?s=96&d=mm&r=g","contentUrl":"https:\/\/secure.gravatar.com\/avatar\/6474d9b45292367fa11d981175d83642ccdae059a6b7eabe5fed313d54ead5cb?s=96&d=mm&r=g","caption":"admin2"},"description":"Tuzlainfo.ba pratite na dru\u0161tvenim mre\u017eama: Facebook, Instagram i Youtube. Svoje pri\u010de, upite i fotografije \u0161aljite na na\u0161u e-mail adresu.","sameAs":["admin"]}]}},"_links":{"self":[{"href":"https:\/\/tuzlainfo.ba\/index.php\/wp-json\/wp\/v2\/posts\/254419","targetHints":{"allow":["GET"]}}],"collection":[{"href":"https:\/\/tuzlainfo.ba\/index.php\/wp-json\/wp\/v2\/posts"}],"about":[{"href":"https:\/\/tuzlainfo.ba\/index.php\/wp-json\/wp\/v2\/types\/post"}],"author":[{"embeddable":true,"href":"https:\/\/tuzlainfo.ba\/index.php\/wp-json\/wp\/v2\/users\/3"}],"replies":[{"embeddable":true,"href":"https:\/\/tuzlainfo.ba\/index.php\/wp-json\/wp\/v2\/comments?post=254419"}],"version-history":[{"count":1,"href":"https:\/\/tuzlainfo.ba\/index.php\/wp-json\/wp\/v2\/posts\/254419\/revisions"}],"predecessor-version":[{"id":254421,"href":"https:\/\/tuzlainfo.ba\/index.php\/wp-json\/wp\/v2\/posts\/254419\/revisions\/254421"}],"wp:featuredmedia":[{"embeddable":true,"href":"https:\/\/tuzlainfo.ba\/index.php\/wp-json\/wp\/v2\/media\/254264"}],"wp:attachment":[{"href":"https:\/\/tuzlainfo.ba\/index.php\/wp-json\/wp\/v2\/media?parent=254419"}],"wp:term":[{"taxonomy":"category","embeddable":true,"href":"https:\/\/tuzlainfo.ba\/index.php\/wp-json\/wp\/v2\/categories?post=254419"},{"taxonomy":"post_tag","embeddable":true,"href":"https:\/\/tuzlainfo.ba\/index.php\/wp-json\/wp\/v2\/tags?post=254419"}],"curies":[{"name":"wp","href":"https:\/\/api.w.org\/{rel}","templated":true}]}}