{"id":254408,"date":"2024-11-04T09:33:46","date_gmt":"2024-11-04T08:33:46","guid":{"rendered":"https:\/\/tuzlainfo.ba\/?p=254408"},"modified":"2024-11-04T09:33:46","modified_gmt":"2024-11-04T08:33:46","slug":"broj-oboljelih-od-bruceloze-u-bih-zabiljezena-23-ljudska-i-74-zivotinjska-slucaja-samo-u-zdk","status":"publish","type":"post","link":"https:\/\/tuzlainfo.ba\/index.php\/bosna-i-hercegovina\/item\/254408-broj-oboljelih-od-bruceloze-u-bih-zabiljezena-23-ljudska-i-74-zivotinjska-slucaja-samo-u-zdk\/","title":{"rendered":"Broj oboljelih od bruceloze u BiH: Zabilje\u017eena 23 ljudska i 74 \u017eivotinjska slu\u010daja samo u ZDK"},"content":{"rendered":"<p>Prema podacima Instituta za zdravlje i sigurnost hrane Zenica (INZ), u ovoj godini je na podru\u010dju Zeni\u010dko-dobojskog kantona od bruceloze oboljelo najmanje 23 osobe.<\/p>\n<p>Najvi\u0161e prijavljenih, vi\u0161e od polovine je sa podru\u010dja Zenice &#8211; 14, iz Visokog imaju prijavljena tri, iz Vare\u0161a i Kaknja po dva, te iz Maglaja i Zavidovi\u0107a po jedan slu\u010daj, saop\u0107eno je iz INZ-a.<\/p>\n<p>&#8220;U cijeloj 2023. imali smo prijavljen 61 slu\u010daj oboljelih od bruceloze. I tu je najvi\u0161e prijavljenih bilo iz Zenice &#8211; 28, slijedili su Zavidovi\u0107i &#8211; 13, Visoko i Kakanj s po sedam, a Te\u0161anj \u0161est slu\u010dajeva. Od doma\u0107ih \u017eivotinja naj\u010de\u0161\u0107e oboljevaju goveda, svinje, koze, ovce, ma\u010dke, psi i sve vrste peradi. Ljudi naj\u010de\u0161\u0107e oboljevaju zbog upotrebe nedovoljno kuhanog mlijeka ili mlije\u010dnog proizvoda ili zbog kontakta sa zara\u017eenom stokom, odnosno sekretima i ekstretima i tkivima zaklane ili ubijene \u017eivotinje&#8221;, istaknula je na\u010delnica Slu\u017ebe za epidemiologiju i higijenu u INZ-u Alis Kozica.<\/p>\n<p>Za sprje\u010davanje infekcija kod ljudi vrlo je va\u017eno striktno vr\u0161iti pasterizaciju &#8211; prokuhavanje mlijeka. Radi spre\u010davanja profesionalnih oboljenja potrebno je koristiti za\u0161titna sredstva rukavice, maske, gumene \u010dizme, gumene kecelje.<\/p>\n<p>Bruceloza (mediteranska ili malte\u0161ka groznica) je hroni\u010dna zarazna bolest od koje obolijevaju razli\u010dite vrste \u017eivotinja, ali i ljudi. Oboljenje spada u zoonoze, bolesti koje se mogu prenositi sa \u017eivotinja na ljude i obratno. Postoji vi\u0161e vrsta bruceloza, od &#8220;Brucella melitensis&#8221; najpatogenije za ljude obolijevaju ovce i koze. Postoje i vrste od kojih obolijevaju goveda, svinje, psi, od njih mogu da se zaraze ljudi, ali te\u017ee i rije\u0111e. Bruceloza je nesporno najva\u017enija zoonoza na prostoru BiH.<\/p>\n<p>Kako isti\u010du stru\u010dnjaci, klini\u010dki simptomi bolesti kod \u017eivotinja su poba\u010daj, koji je ujedno i najzna\u010dajniji simptom, ali i zaostajanje posteljice (Retentia secundina), artritis i bolovi u zglobovima, te Orchitis (upala testisa) kod mu\u0161kih \u017eivotinja.<\/p>\n<p>Do infekcije \u010dovjeka mo\u017ee do\u0107i direktnim kontaktom sa zara\u017eenim \u017eivotinjama, putem preko termi\u010dki neobra\u0111enog mlijeka i mlije\u010dnih proizvoda i rje\u0111e zrakom.<\/p>\n<p>Od posebnog zna\u010daja predstavlja rano otkrivanje i ne\u0161kodljivo uklanjanje zara\u017eenih \u017eivotinja. Svake godine u Bosni i Hercegovini (BiH), provodi se program sistematske kontrole zdravstvenog stanja prijem\u010divih \u017eivotinja, koji se ogleda u programu vakcinacije malih pre\u017eivara i laboratorijskom ispitivanju krvi goveda. Slu\u017eba za epizootiologiju Veterinarskog zavoda Zenica u sklopu Instituta za zdravlje i sigurnost hrane Zenica je jedna od ovla\u0161tenih laboratorija koja ima odobrenje od Federalnog ministarstva poljoprivrede, vodoprivrede i \u0161umarstva da vr\u0161i monitoring zaraznih bolesti na prostoru Federacije BiH.<\/p>\n<p>U sklopu godi\u0161njih kontrola monitoringa zdravstvenoga stanja, na brucelozu u laboratorijama je do sada ispitano oko 57.000 uzoraka krvi razli\u010ditih \u017eivotinjskih vrsta. Najve\u0107i broj uzoraka prikupljen je sa prostora Zeni\u010dko-dobojskog i Srednjobosanskog kantona. U laboratorijama je identifikovano i potvr\u0111eno 520 seropozitivnih \u017eivotinja. Najve\u0107i broj pozitivnih \u017eivotinja \u010dinila je populacija malih pre\u017eivara (ovce i koze) i goveda, a zabilje\u017een je i porast populacije pasa pozitivnih na navedene parametre.<\/p>\n<p>Na\u010delnik Slu\u017ebe za epizootiologiju Veterinarskog zavoda u sklopu Instituta Jasmin Dizdarevi\u0107 napominje da ga u zadnjem periodu posebno zabrinjava procentualno pove\u0107an broj pasa koji su bili sa pozitivni na brucelozu.<\/p>\n<p>&#8220;Svjedoci da u posljednjem periodu imamo pove\u0107an broj pasa bez vlasni\u010dkog nadzora u urbanim sredinama za koje ne znamo njihov epizootiolo\u0161ki status, ne znamo porijeklo, ne znamo sa kojeg teritorija dolazi i da li su bili u kontaktu sa oboljelim \u017eivotinjama. Moram napomenuti jedan projekat koji smo imali upravo kod ove populacije \u017eivotinja, odnosno kod pasa bez vlasni\u010dkog nadzora, gdje smo ispitivali parazitolo\u0161ki status i kontaminiranost tla na rejonima Grada Zenice gdje smo uzorke uzimali sa razli\u010ditih dijelova sa \u0161kolskih igrali\u0161ta, mjesta ispod mostova itd. gdje smo ustanovili da te vrste \u017eivotinja su bile zara\u017eene i sa deset razli\u010ditih vrsta parazita od kojih su \u010dak pet vrsta imali mogu\u0107nost da zaraze i ljude i po ljude ostave ozbiljne posljedice po zdravlje, pa \u010dak i trajni invaliditet kao \u0161to je slijepilo&#8221;, isti\u010de Dizdarevi\u0107.<\/p>\n<p>Prema zvani\u010dnim podacima kantonalne inspekcije, tokom ove godine bilo je pozitivno pet goveda, 47 ovaca, 19 koza, i tri psa.<\/p>\n<p>&#8220;Bakterije, uzro\u010dnici bruceloze itekako otporne na uslove vanjske sredine, te da mogu da pre\u017eive u urinu zara\u017eenih \u017eivotinja i do \u010detiri dana, u fecesu (izmetu) do nekih deset dana, u puteru do dva mjeseca, u sladoledu \u010dak do pet godina. Brucele su termolabilne bakterije i temperature od sedamdeset stepeni u principu kroz tri do pet minuta uni\u0161tavaju ovog uzro\u010dnika&#8221;, zaklju\u010dio je Dizdarevi\u0107.<\/p>\n","protected":false},"excerpt":{"rendered":"<p>Prema podacima Instituta za zdravlje i sigurnost hrane Zenica (INZ), u ovoj godini je na podru\u010dju Zeni\u010dko-dobojskog kantona od bruceloze oboljelo najmanje 23 osobe. Najvi\u0161e prijavljenih, vi\u0161e od polovine je sa podru\u010dja Zenice &#8211; 14, iz Visokog imaju prijavljena tri, iz Vare\u0161a i Kaknja po dva, te iz Maglaja i Zavidovi\u0107a po jedan slu\u010daj, saop\u0107eno [&hellip;]<\/p>\n","protected":false},"author":3,"featured_media":63501,"comment_status":"closed","ping_status":"closed","sticky":false,"template":"","format":"standard","meta":{"footnotes":""},"categories":[291],"tags":[7524],"class_list":["post-254408","post","type-post","status-publish","format-standard","has-post-thumbnail","hentry","category-bosna-i-hercegovina","tag-bruceloza"],"yoast_head":"<!-- This site is optimized with the Yoast SEO plugin v28.4 - https:\/\/yoast.com\/product\/yoast-seo-wordpress\/ -->\n<title>Broj oboljelih od bruceloze u BiH: Zabilje\u017eena 23 ljudska i 74 \u017eivotinjska slu\u010daja samo u ZDK<\/title>\n<meta name=\"robots\" content=\"index, follow, max-snippet:-1, max-image-preview:large, max-video-preview:-1\" \/>\n<link rel=\"canonical\" href=\"https:\/\/tuzlainfo.ba\/index.php\/bosna-i-hercegovina\/item\/254408-broj-oboljelih-od-bruceloze-u-bih-zabiljezena-23-ljudska-i-74-zivotinjska-slucaja-samo-u-zdk\/\" \/>\n<meta property=\"og:locale\" content=\"bs_BA\" \/>\n<meta property=\"og:type\" content=\"article\" \/>\n<meta property=\"og:title\" content=\"Broj oboljelih od bruceloze u BiH: Zabilje\u017eena 23 ljudska i 74 \u017eivotinjska slu\u010daja samo u ZDK\" \/>\n<meta property=\"og:description\" content=\"Prema podacima Instituta za zdravlje i sigurnost hrane Zenica (INZ), u ovoj godini je na podru\u010dju Zeni\u010dko-dobojskog kantona od bruceloze oboljelo najmanje 23 osobe. Najvi\u0161e prijavljenih, vi\u0161e od polovine je sa podru\u010dja Zenice &#8211; 14, iz Visokog imaju prijavljena tri, iz Vare\u0161a i Kaknja po dva, te iz Maglaja i Zavidovi\u0107a po jedan slu\u010daj, saop\u0107eno [&hellip;]\" \/>\n<meta property=\"og:url\" content=\"https:\/\/tuzlainfo.ba\/index.php\/bosna-i-hercegovina\/item\/254408-broj-oboljelih-od-bruceloze-u-bih-zabiljezena-23-ljudska-i-74-zivotinjska-slucaja-samo-u-zdk\/\" \/>\n<meta property=\"og:site_name\" content=\"TuzlaInfo.ba\" \/>\n<meta property=\"article:publisher\" content=\"https:\/\/www.facebook.com\/tuzlainfo.ba\/\" \/>\n<meta property=\"article:published_time\" content=\"2024-11-04T08:33:46+00:00\" \/>\n<meta property=\"og:image\" content=\"https:\/\/tuzlainfo.ba\/wp-content\/uploads\/2018\/08\/sadrzaj_2018_20180801_1808_stoka.jpg\" \/>\n\t<meta property=\"og:image:width\" content=\"770\" \/>\n\t<meta property=\"og:image:height\" content=\"578\" \/>\n\t<meta property=\"og:image:type\" content=\"image\/jpeg\" \/>\n<meta name=\"author\" content=\"admin2\" \/>\n<meta name=\"twitter:card\" content=\"summary_large_image\" \/>\n<meta name=\"twitter:label1\" content=\"Written by\" \/>\n\t<meta name=\"twitter:data1\" content=\"admin2\" \/>\n\t<meta name=\"twitter:label2\" content=\"Est. reading time\" \/>\n\t<meta name=\"twitter:data2\" content=\"4 minute\" \/>\n<script type=\"application\/ld+json\" class=\"yoast-schema-graph\">{\"@context\":\"https:\\\/\\\/schema.org\",\"@graph\":[{\"@type\":\"Article\",\"@id\":\"https:\\\/\\\/tuzlainfo.ba\\\/index.php\\\/bosna-i-hercegovina\\\/item\\\/254408-broj-oboljelih-od-bruceloze-u-bih-zabiljezena-23-ljudska-i-74-zivotinjska-slucaja-samo-u-zdk\\\/#article\",\"isPartOf\":{\"@id\":\"https:\\\/\\\/tuzlainfo.ba\\\/index.php\\\/bosna-i-hercegovina\\\/item\\\/254408-broj-oboljelih-od-bruceloze-u-bih-zabiljezena-23-ljudska-i-74-zivotinjska-slucaja-samo-u-zdk\\\/\"},\"author\":{\"name\":\"admin2\",\"@id\":\"https:\\\/\\\/tuzlainfo.ba\\\/#\\\/schema\\\/person\\\/f4ebe4fff27e68efb65fa7e18f8af372\"},\"headline\":\"Broj oboljelih od bruceloze u BiH: Zabilje\u017eena 23 ljudska i 74 \u017eivotinjska slu\u010daja samo u ZDK\",\"datePublished\":\"2024-11-04T08:33:46+00:00\",\"mainEntityOfPage\":{\"@id\":\"https:\\\/\\\/tuzlainfo.ba\\\/index.php\\\/bosna-i-hercegovina\\\/item\\\/254408-broj-oboljelih-od-bruceloze-u-bih-zabiljezena-23-ljudska-i-74-zivotinjska-slucaja-samo-u-zdk\\\/\"},\"wordCount\":789,\"publisher\":{\"@id\":\"https:\\\/\\\/tuzlainfo.ba\\\/#organization\"},\"image\":{\"@id\":\"https:\\\/\\\/tuzlainfo.ba\\\/index.php\\\/bosna-i-hercegovina\\\/item\\\/254408-broj-oboljelih-od-bruceloze-u-bih-zabiljezena-23-ljudska-i-74-zivotinjska-slucaja-samo-u-zdk\\\/#primaryimage\"},\"thumbnailUrl\":\"https:\\\/\\\/tuzlainfo.ba\\\/wp-content\\\/uploads\\\/2018\\\/08\\\/sadrzaj_2018_20180801_1808_stoka.jpg\",\"keywords\":[\"bruceloza\"],\"articleSection\":[\"Bosna i Hercegovina\"],\"inLanguage\":\"bs-BA\",\"copyrightYear\":\"2024\",\"copyrightHolder\":{\"@id\":\"https:\\\/\\\/tuzlainfo.ba\\\/#organization\"}},{\"@type\":\"WebPage\",\"@id\":\"https:\\\/\\\/tuzlainfo.ba\\\/index.php\\\/bosna-i-hercegovina\\\/item\\\/254408-broj-oboljelih-od-bruceloze-u-bih-zabiljezena-23-ljudska-i-74-zivotinjska-slucaja-samo-u-zdk\\\/\",\"url\":\"https:\\\/\\\/tuzlainfo.ba\\\/index.php\\\/bosna-i-hercegovina\\\/item\\\/254408-broj-oboljelih-od-bruceloze-u-bih-zabiljezena-23-ljudska-i-74-zivotinjska-slucaja-samo-u-zdk\\\/\",\"name\":\"Broj oboljelih od bruceloze u BiH: Zabilje\u017eena 23 ljudska i 74 \u017eivotinjska slu\u010daja samo u ZDK\",\"isPartOf\":{\"@id\":\"https:\\\/\\\/tuzlainfo.ba\\\/#website\"},\"primaryImageOfPage\":{\"@id\":\"https:\\\/\\\/tuzlainfo.ba\\\/index.php\\\/bosna-i-hercegovina\\\/item\\\/254408-broj-oboljelih-od-bruceloze-u-bih-zabiljezena-23-ljudska-i-74-zivotinjska-slucaja-samo-u-zdk\\\/#primaryimage\"},\"image\":{\"@id\":\"https:\\\/\\\/tuzlainfo.ba\\\/index.php\\\/bosna-i-hercegovina\\\/item\\\/254408-broj-oboljelih-od-bruceloze-u-bih-zabiljezena-23-ljudska-i-74-zivotinjska-slucaja-samo-u-zdk\\\/#primaryimage\"},\"thumbnailUrl\":\"https:\\\/\\\/tuzlainfo.ba\\\/wp-content\\\/uploads\\\/2018\\\/08\\\/sadrzaj_2018_20180801_1808_stoka.jpg\",\"datePublished\":\"2024-11-04T08:33:46+00:00\",\"breadcrumb\":{\"@id\":\"https:\\\/\\\/tuzlainfo.ba\\\/index.php\\\/bosna-i-hercegovina\\\/item\\\/254408-broj-oboljelih-od-bruceloze-u-bih-zabiljezena-23-ljudska-i-74-zivotinjska-slucaja-samo-u-zdk\\\/#breadcrumb\"},\"inLanguage\":\"bs-BA\",\"potentialAction\":[{\"@type\":\"ReadAction\",\"target\":[\"https:\\\/\\\/tuzlainfo.ba\\\/index.php\\\/bosna-i-hercegovina\\\/item\\\/254408-broj-oboljelih-od-bruceloze-u-bih-zabiljezena-23-ljudska-i-74-zivotinjska-slucaja-samo-u-zdk\\\/\"]}]},{\"@type\":\"ImageObject\",\"inLanguage\":\"bs-BA\",\"@id\":\"https:\\\/\\\/tuzlainfo.ba\\\/index.php\\\/bosna-i-hercegovina\\\/item\\\/254408-broj-oboljelih-od-bruceloze-u-bih-zabiljezena-23-ljudska-i-74-zivotinjska-slucaja-samo-u-zdk\\\/#primaryimage\",\"url\":\"https:\\\/\\\/tuzlainfo.ba\\\/wp-content\\\/uploads\\\/2018\\\/08\\\/sadrzaj_2018_20180801_1808_stoka.jpg\",\"contentUrl\":\"https:\\\/\\\/tuzlainfo.ba\\\/wp-content\\\/uploads\\\/2018\\\/08\\\/sadrzaj_2018_20180801_1808_stoka.jpg\",\"width\":770,\"height\":578,\"caption\":\"1808 stoka\"},{\"@type\":\"BreadcrumbList\",\"@id\":\"https:\\\/\\\/tuzlainfo.ba\\\/index.php\\\/bosna-i-hercegovina\\\/item\\\/254408-broj-oboljelih-od-bruceloze-u-bih-zabiljezena-23-ljudska-i-74-zivotinjska-slucaja-samo-u-zdk\\\/#breadcrumb\",\"itemListElement\":[{\"@type\":\"ListItem\",\"position\":1,\"name\":\"Home\",\"item\":\"https:\\\/\\\/tuzlainfo.ba\\\/\"},{\"@type\":\"ListItem\",\"position\":2,\"name\":\"Broj oboljelih od bruceloze u BiH: Zabilje\u017eena 23 ljudska i 74 \u017eivotinjska slu\u010daja samo u ZDK\"}]},{\"@type\":\"WebSite\",\"@id\":\"https:\\\/\\\/tuzlainfo.ba\\\/#website\",\"url\":\"https:\\\/\\\/tuzlainfo.ba\\\/\",\"name\":\"TuzlaInfo.ba\",\"description\":\"Tuzla info, gradski informator - Tuzla na dlanu\",\"publisher\":{\"@id\":\"https:\\\/\\\/tuzlainfo.ba\\\/#organization\"},\"potentialAction\":[{\"@type\":\"SearchAction\",\"target\":{\"@type\":\"EntryPoint\",\"urlTemplate\":\"https:\\\/\\\/tuzlainfo.ba\\\/?s={search_term_string}\"},\"query-input\":{\"@type\":\"PropertyValueSpecification\",\"valueRequired\":true,\"valueName\":\"search_term_string\"}}],\"inLanguage\":\"bs-BA\"},{\"@type\":\"Organization\",\"@id\":\"https:\\\/\\\/tuzlainfo.ba\\\/#organization\",\"name\":\"TuzlaInfo.ba\",\"url\":\"https:\\\/\\\/tuzlainfo.ba\\\/\",\"logo\":{\"@type\":\"ImageObject\",\"inLanguage\":\"bs-BA\",\"@id\":\"https:\\\/\\\/tuzlainfo.ba\\\/#\\\/schema\\\/logo\\\/image\\\/\",\"url\":\"https:\\\/\\\/tuzlainfo.ba\\\/wp-content\\\/uploads\\\/2021\\\/03\\\/logo-ver-3-1.png\",\"contentUrl\":\"https:\\\/\\\/tuzlainfo.ba\\\/wp-content\\\/uploads\\\/2021\\\/03\\\/logo-ver-3-1.png\",\"width\":350,\"height\":95,\"caption\":\"TuzlaInfo.ba\"},\"image\":{\"@id\":\"https:\\\/\\\/tuzlainfo.ba\\\/#\\\/schema\\\/logo\\\/image\\\/\"},\"sameAs\":[\"https:\\\/\\\/www.facebook.com\\\/tuzlainfo.ba\\\/\"]},{\"@type\":\"Person\",\"@id\":\"https:\\\/\\\/tuzlainfo.ba\\\/#\\\/schema\\\/person\\\/f4ebe4fff27e68efb65fa7e18f8af372\",\"name\":\"admin2\",\"image\":{\"@type\":\"ImageObject\",\"inLanguage\":\"bs-BA\",\"@id\":\"https:\\\/\\\/secure.gravatar.com\\\/avatar\\\/6474d9b45292367fa11d981175d83642ccdae059a6b7eabe5fed313d54ead5cb?s=96&d=mm&r=g\",\"url\":\"https:\\\/\\\/secure.gravatar.com\\\/avatar\\\/6474d9b45292367fa11d981175d83642ccdae059a6b7eabe5fed313d54ead5cb?s=96&d=mm&r=g\",\"contentUrl\":\"https:\\\/\\\/secure.gravatar.com\\\/avatar\\\/6474d9b45292367fa11d981175d83642ccdae059a6b7eabe5fed313d54ead5cb?s=96&d=mm&r=g\",\"caption\":\"admin2\"},\"description\":\"Tuzlainfo.ba pratite na dru\u0161tvenim mre\u017eama: Facebook, Instagram i Youtube. Svoje pri\u010de, upite i fotografije \u0161aljite na na\u0161u e-mail adresu.\",\"sameAs\":[\"admin\"]}]}<\/script>\n<!-- \/ Yoast SEO plugin. -->","yoast_head_json":{"title":"Broj oboljelih od bruceloze u BiH: Zabilje\u017eena 23 ljudska i 74 \u017eivotinjska slu\u010daja samo u ZDK","robots":{"index":"index","follow":"follow","max-snippet":"max-snippet:-1","max-image-preview":"max-image-preview:large","max-video-preview":"max-video-preview:-1"},"canonical":"https:\/\/tuzlainfo.ba\/index.php\/bosna-i-hercegovina\/item\/254408-broj-oboljelih-od-bruceloze-u-bih-zabiljezena-23-ljudska-i-74-zivotinjska-slucaja-samo-u-zdk\/","og_locale":"bs_BA","og_type":"article","og_title":"Broj oboljelih od bruceloze u BiH: Zabilje\u017eena 23 ljudska i 74 \u017eivotinjska slu\u010daja samo u ZDK","og_description":"Prema podacima Instituta za zdravlje i sigurnost hrane Zenica (INZ), u ovoj godini je na podru\u010dju Zeni\u010dko-dobojskog kantona od bruceloze oboljelo najmanje 23 osobe. Najvi\u0161e prijavljenih, vi\u0161e od polovine je sa podru\u010dja Zenice &#8211; 14, iz Visokog imaju prijavljena tri, iz Vare\u0161a i Kaknja po dva, te iz Maglaja i Zavidovi\u0107a po jedan slu\u010daj, saop\u0107eno [&hellip;]","og_url":"https:\/\/tuzlainfo.ba\/index.php\/bosna-i-hercegovina\/item\/254408-broj-oboljelih-od-bruceloze-u-bih-zabiljezena-23-ljudska-i-74-zivotinjska-slucaja-samo-u-zdk\/","og_site_name":"TuzlaInfo.ba","article_publisher":"https:\/\/www.facebook.com\/tuzlainfo.ba\/","article_published_time":"2024-11-04T08:33:46+00:00","og_image":[{"width":770,"height":578,"url":"https:\/\/tuzlainfo.ba\/wp-content\/uploads\/2018\/08\/sadrzaj_2018_20180801_1808_stoka.jpg","type":"image\/jpeg"}],"author":"admin2","twitter_card":"summary_large_image","twitter_misc":{"Written by":"admin2","Est. reading time":"4 minute"},"schema":{"@context":"https:\/\/schema.org","@graph":[{"@type":"Article","@id":"https:\/\/tuzlainfo.ba\/index.php\/bosna-i-hercegovina\/item\/254408-broj-oboljelih-od-bruceloze-u-bih-zabiljezena-23-ljudska-i-74-zivotinjska-slucaja-samo-u-zdk\/#article","isPartOf":{"@id":"https:\/\/tuzlainfo.ba\/index.php\/bosna-i-hercegovina\/item\/254408-broj-oboljelih-od-bruceloze-u-bih-zabiljezena-23-ljudska-i-74-zivotinjska-slucaja-samo-u-zdk\/"},"author":{"name":"admin2","@id":"https:\/\/tuzlainfo.ba\/#\/schema\/person\/f4ebe4fff27e68efb65fa7e18f8af372"},"headline":"Broj oboljelih od bruceloze u BiH: Zabilje\u017eena 23 ljudska i 74 \u017eivotinjska slu\u010daja samo u ZDK","datePublished":"2024-11-04T08:33:46+00:00","mainEntityOfPage":{"@id":"https:\/\/tuzlainfo.ba\/index.php\/bosna-i-hercegovina\/item\/254408-broj-oboljelih-od-bruceloze-u-bih-zabiljezena-23-ljudska-i-74-zivotinjska-slucaja-samo-u-zdk\/"},"wordCount":789,"publisher":{"@id":"https:\/\/tuzlainfo.ba\/#organization"},"image":{"@id":"https:\/\/tuzlainfo.ba\/index.php\/bosna-i-hercegovina\/item\/254408-broj-oboljelih-od-bruceloze-u-bih-zabiljezena-23-ljudska-i-74-zivotinjska-slucaja-samo-u-zdk\/#primaryimage"},"thumbnailUrl":"https:\/\/tuzlainfo.ba\/wp-content\/uploads\/2018\/08\/sadrzaj_2018_20180801_1808_stoka.jpg","keywords":["bruceloza"],"articleSection":["Bosna i Hercegovina"],"inLanguage":"bs-BA","copyrightYear":"2024","copyrightHolder":{"@id":"https:\/\/tuzlainfo.ba\/#organization"}},{"@type":"WebPage","@id":"https:\/\/tuzlainfo.ba\/index.php\/bosna-i-hercegovina\/item\/254408-broj-oboljelih-od-bruceloze-u-bih-zabiljezena-23-ljudska-i-74-zivotinjska-slucaja-samo-u-zdk\/","url":"https:\/\/tuzlainfo.ba\/index.php\/bosna-i-hercegovina\/item\/254408-broj-oboljelih-od-bruceloze-u-bih-zabiljezena-23-ljudska-i-74-zivotinjska-slucaja-samo-u-zdk\/","name":"Broj oboljelih od bruceloze u BiH: Zabilje\u017eena 23 ljudska i 74 \u017eivotinjska slu\u010daja samo u ZDK","isPartOf":{"@id":"https:\/\/tuzlainfo.ba\/#website"},"primaryImageOfPage":{"@id":"https:\/\/tuzlainfo.ba\/index.php\/bosna-i-hercegovina\/item\/254408-broj-oboljelih-od-bruceloze-u-bih-zabiljezena-23-ljudska-i-74-zivotinjska-slucaja-samo-u-zdk\/#primaryimage"},"image":{"@id":"https:\/\/tuzlainfo.ba\/index.php\/bosna-i-hercegovina\/item\/254408-broj-oboljelih-od-bruceloze-u-bih-zabiljezena-23-ljudska-i-74-zivotinjska-slucaja-samo-u-zdk\/#primaryimage"},"thumbnailUrl":"https:\/\/tuzlainfo.ba\/wp-content\/uploads\/2018\/08\/sadrzaj_2018_20180801_1808_stoka.jpg","datePublished":"2024-11-04T08:33:46+00:00","breadcrumb":{"@id":"https:\/\/tuzlainfo.ba\/index.php\/bosna-i-hercegovina\/item\/254408-broj-oboljelih-od-bruceloze-u-bih-zabiljezena-23-ljudska-i-74-zivotinjska-slucaja-samo-u-zdk\/#breadcrumb"},"inLanguage":"bs-BA","potentialAction":[{"@type":"ReadAction","target":["https:\/\/tuzlainfo.ba\/index.php\/bosna-i-hercegovina\/item\/254408-broj-oboljelih-od-bruceloze-u-bih-zabiljezena-23-ljudska-i-74-zivotinjska-slucaja-samo-u-zdk\/"]}]},{"@type":"ImageObject","inLanguage":"bs-BA","@id":"https:\/\/tuzlainfo.ba\/index.php\/bosna-i-hercegovina\/item\/254408-broj-oboljelih-od-bruceloze-u-bih-zabiljezena-23-ljudska-i-74-zivotinjska-slucaja-samo-u-zdk\/#primaryimage","url":"https:\/\/tuzlainfo.ba\/wp-content\/uploads\/2018\/08\/sadrzaj_2018_20180801_1808_stoka.jpg","contentUrl":"https:\/\/tuzlainfo.ba\/wp-content\/uploads\/2018\/08\/sadrzaj_2018_20180801_1808_stoka.jpg","width":770,"height":578,"caption":"1808 stoka"},{"@type":"BreadcrumbList","@id":"https:\/\/tuzlainfo.ba\/index.php\/bosna-i-hercegovina\/item\/254408-broj-oboljelih-od-bruceloze-u-bih-zabiljezena-23-ljudska-i-74-zivotinjska-slucaja-samo-u-zdk\/#breadcrumb","itemListElement":[{"@type":"ListItem","position":1,"name":"Home","item":"https:\/\/tuzlainfo.ba\/"},{"@type":"ListItem","position":2,"name":"Broj oboljelih od bruceloze u BiH: Zabilje\u017eena 23 ljudska i 74 \u017eivotinjska slu\u010daja samo u ZDK"}]},{"@type":"WebSite","@id":"https:\/\/tuzlainfo.ba\/#website","url":"https:\/\/tuzlainfo.ba\/","name":"TuzlaInfo.ba","description":"Tuzla info, gradski informator - Tuzla na dlanu","publisher":{"@id":"https:\/\/tuzlainfo.ba\/#organization"},"potentialAction":[{"@type":"SearchAction","target":{"@type":"EntryPoint","urlTemplate":"https:\/\/tuzlainfo.ba\/?s={search_term_string}"},"query-input":{"@type":"PropertyValueSpecification","valueRequired":true,"valueName":"search_term_string"}}],"inLanguage":"bs-BA"},{"@type":"Organization","@id":"https:\/\/tuzlainfo.ba\/#organization","name":"TuzlaInfo.ba","url":"https:\/\/tuzlainfo.ba\/","logo":{"@type":"ImageObject","inLanguage":"bs-BA","@id":"https:\/\/tuzlainfo.ba\/#\/schema\/logo\/image\/","url":"https:\/\/tuzlainfo.ba\/wp-content\/uploads\/2021\/03\/logo-ver-3-1.png","contentUrl":"https:\/\/tuzlainfo.ba\/wp-content\/uploads\/2021\/03\/logo-ver-3-1.png","width":350,"height":95,"caption":"TuzlaInfo.ba"},"image":{"@id":"https:\/\/tuzlainfo.ba\/#\/schema\/logo\/image\/"},"sameAs":["https:\/\/www.facebook.com\/tuzlainfo.ba\/"]},{"@type":"Person","@id":"https:\/\/tuzlainfo.ba\/#\/schema\/person\/f4ebe4fff27e68efb65fa7e18f8af372","name":"admin2","image":{"@type":"ImageObject","inLanguage":"bs-BA","@id":"https:\/\/secure.gravatar.com\/avatar\/6474d9b45292367fa11d981175d83642ccdae059a6b7eabe5fed313d54ead5cb?s=96&d=mm&r=g","url":"https:\/\/secure.gravatar.com\/avatar\/6474d9b45292367fa11d981175d83642ccdae059a6b7eabe5fed313d54ead5cb?s=96&d=mm&r=g","contentUrl":"https:\/\/secure.gravatar.com\/avatar\/6474d9b45292367fa11d981175d83642ccdae059a6b7eabe5fed313d54ead5cb?s=96&d=mm&r=g","caption":"admin2"},"description":"Tuzlainfo.ba pratite na dru\u0161tvenim mre\u017eama: Facebook, Instagram i Youtube. Svoje pri\u010de, upite i fotografije \u0161aljite na na\u0161u e-mail adresu.","sameAs":["admin"]}]}},"_links":{"self":[{"href":"https:\/\/tuzlainfo.ba\/index.php\/wp-json\/wp\/v2\/posts\/254408","targetHints":{"allow":["GET"]}}],"collection":[{"href":"https:\/\/tuzlainfo.ba\/index.php\/wp-json\/wp\/v2\/posts"}],"about":[{"href":"https:\/\/tuzlainfo.ba\/index.php\/wp-json\/wp\/v2\/types\/post"}],"author":[{"embeddable":true,"href":"https:\/\/tuzlainfo.ba\/index.php\/wp-json\/wp\/v2\/users\/3"}],"replies":[{"embeddable":true,"href":"https:\/\/tuzlainfo.ba\/index.php\/wp-json\/wp\/v2\/comments?post=254408"}],"version-history":[{"count":1,"href":"https:\/\/tuzlainfo.ba\/index.php\/wp-json\/wp\/v2\/posts\/254408\/revisions"}],"predecessor-version":[{"id":254409,"href":"https:\/\/tuzlainfo.ba\/index.php\/wp-json\/wp\/v2\/posts\/254408\/revisions\/254409"}],"wp:featuredmedia":[{"embeddable":true,"href":"https:\/\/tuzlainfo.ba\/index.php\/wp-json\/wp\/v2\/media\/63501"}],"wp:attachment":[{"href":"https:\/\/tuzlainfo.ba\/index.php\/wp-json\/wp\/v2\/media?parent=254408"}],"wp:term":[{"taxonomy":"category","embeddable":true,"href":"https:\/\/tuzlainfo.ba\/index.php\/wp-json\/wp\/v2\/categories?post=254408"},{"taxonomy":"post_tag","embeddable":true,"href":"https:\/\/tuzlainfo.ba\/index.php\/wp-json\/wp\/v2\/tags?post=254408"}],"curies":[{"name":"wp","href":"https:\/\/api.w.org\/{rel}","templated":true}]}}