{"id":254269,"date":"2024-11-01T20:42:44","date_gmt":"2024-11-01T19:42:44","guid":{"rendered":"https:\/\/tuzlainfo.ba\/?p=254269"},"modified":"2024-11-01T20:42:44","modified_gmt":"2024-11-01T19:42:44","slug":"vucic-o-nesreci-u-novom-sadu-nevjerovatno-je-da-tu-nadstresnicu-nismo-renovirali","status":"publish","type":"post","link":"https:\/\/tuzlainfo.ba\/index.php\/clanci\/sa-svih-strana\/item\/254269-vucic-o-nesreci-u-novom-sadu-nevjerovatno-je-da-tu-nadstresnicu-nismo-renovirali\/","title":{"rendered":"Vu\u010di\u0107 o nesre\u0107i u Novom Sadu: &#8220;Nevjerovatno je da tu nadstre\u0161nicu nismo renovirali&#8221;"},"content":{"rendered":"<p>Srbijanski predsjednik je najavio opse\u017enu istragu u kojoj \u0107e se utvrditi odgovornost i krivica za nesre\u0107u na \u017deljezni\u010dkoj stanici u Novom Sadu, u kojoj je stradalo 14 osoba.<\/p>\n<div id=\"text\" class=\"break-words mt-3 text-lg lg:text-xl space-y-4 mb-3 leading-6 md:leading-8 dark:text-gray-200\">\n<p>Srbijanski predsjednik Aleksandar Vu\u010di\u0107 obratio se naciji govore\u0107i o nesre\u0107i koja se danas desila na \u017deljezni\u010dkoj stanici u Novom Sadu.<\/p>\n<p>&#8220;Prema posljednjim informacijama, a nadamo se i kona\u010dnim, 14 lica je preminulo od toga pet lica jo\u0161 nismo uspjeli da saznamo identitet, osam lica su dr\u017eavljani Republike Srbije a jedno lice Sjeverne Makedonije&#8221;, rekao je Aleksandar Vu\u010di\u0107<\/p>\n<p>Vu\u010di\u0107 se posebno zahvalio spasiocima koji su bili anga\u017eirani u akciji spa\u0161avanja unesre\u0107enih pri \u010demu je anga\u017eirano gotovo 80 specijaliziranih spasilaca.<\/p>\n<p>&#8220;Ho\u0107u posebno da se zahvalim spasiocima, ljudima koji su se mu\u010dili i borili cijeli dan. Cijela Srbija je stala. Cijela Srbija je zanijemila. U jednom trenuku kad su spasioci uspjeli da izvuku \u017eenu, ljekari su bili spremni da joj sijeku ruku jer je bila pritje\u0161njena sa nekoliko tona betona. Pa su uspjeli da je izvuku i vidio sam suze u o\u010dima na\u0161ih spasioca&#8221;, dodao je Vu\u010di\u0107.<\/p>\n<p>Komentari\u0161u\u0107i odgovornost i krivicu onih zbog kojih je do\u0161lo do ove nesre\u0107e, predsjednik Srbije i najavio sna\u017enu podr\u0161ku provo\u0111enju istrage.<\/p>\n<p>&#8220;Znam samo da je gotovo nevjerovatno da 60 godina tu nadstre\u0161nicu nismo renovirali, kad smo sve renovirali samo tu nadstre\u0161nicu nismo renovirali. Ne znam, neko \u0107e da pru\u017ei odgovore. Odgovorni su oni \u010dija je du\u017enost bila infrastuktura, \u017eeljeznica i saobra\u0107ajna infrastruktura&#8221;, zaklju\u010dio je Vu\u010di\u0107<\/p>\n<\/div>\n<div class=\"lg:max-w-2xl lg:mx-auto mt-3 text-lg md:text-xl mb-3 leading-6 md:leading-8 dark:text-gray-200\">\n<p>Srbijanski predsjednik je dodao i to da jo\u0161 uvijek nije poznat identitet djevoj\u010dice stare \u0161est godina, a koja je stradala u nesre\u0107i. Pri \u010demu je zamolio porodice stradalih i bli\u017enjih da prime iskreno sau\u010de\u0161\u0107e.<\/p>\n<\/div>\n","protected":false},"excerpt":{"rendered":"<p>Srbijanski predsjednik je najavio opse\u017enu istragu u kojoj \u0107e se utvrditi odgovornost i krivica za nesre\u0107u na \u017deljezni\u010dkoj stanici u Novom Sadu, u kojoj je stradalo 14 osoba. Srbijanski predsjednik Aleksandar Vu\u010di\u0107 obratio se naciji govore\u0107i o nesre\u0107i koja se danas desila na \u017deljezni\u010dkoj stanici u Novom Sadu. &#8220;Prema posljednjim informacijama, a nadamo se i [&hellip;]<\/p>\n","protected":false},"author":2,"featured_media":146559,"comment_status":"closed","ping_status":"closed","sticky":false,"template":"","format":"standard","meta":{"footnotes":""},"categories":[16],"tags":[638,11391],"class_list":["post-254269","post","type-post","status-publish","format-standard","has-post-thumbnail","hentry","category-sa-svih-strana","tag-aleksandar-vucic","tag-nesreca-u-novom-sadu"],"yoast_head":"<!-- This site is optimized with the Yoast SEO plugin v28.3 - https:\/\/yoast.com\/product\/yoast-seo-wordpress\/ -->\n<title>Vu\u010di\u0107 o nesre\u0107i u Novom Sadu: &quot;Nevjerovatno je da tu nadstre\u0161nicu nismo renovirali&quot;<\/title>\n<meta name=\"robots\" content=\"index, follow, max-snippet:-1, max-image-preview:large, max-video-preview:-1\" \/>\n<link rel=\"canonical\" href=\"https:\/\/tuzlainfo.ba\/index.php\/clanci\/sa-svih-strana\/item\/254269-vucic-o-nesreci-u-novom-sadu-nevjerovatno-je-da-tu-nadstresnicu-nismo-renovirali\/\" \/>\n<meta property=\"og:locale\" content=\"bs_BA\" \/>\n<meta property=\"og:type\" content=\"article\" \/>\n<meta property=\"og:title\" content=\"Vu\u010di\u0107 o nesre\u0107i u Novom Sadu: &quot;Nevjerovatno je da tu nadstre\u0161nicu nismo renovirali&quot;\" \/>\n<meta property=\"og:description\" content=\"Srbijanski predsjednik je najavio opse\u017enu istragu u kojoj \u0107e se utvrditi odgovornost i krivica za nesre\u0107u na \u017deljezni\u010dkoj stanici u Novom Sadu, u kojoj je stradalo 14 osoba. Srbijanski predsjednik Aleksandar Vu\u010di\u0107 obratio se naciji govore\u0107i o nesre\u0107i koja se danas desila na \u017deljezni\u010dkoj stanici u Novom Sadu. &#8220;Prema posljednjim informacijama, a nadamo se i [&hellip;]\" \/>\n<meta property=\"og:url\" content=\"https:\/\/tuzlainfo.ba\/index.php\/clanci\/sa-svih-strana\/item\/254269-vucic-o-nesreci-u-novom-sadu-nevjerovatno-je-da-tu-nadstresnicu-nismo-renovirali\/\" \/>\n<meta property=\"og:site_name\" content=\"TuzlaInfo.ba\" \/>\n<meta property=\"article:publisher\" content=\"https:\/\/www.facebook.com\/tuzlainfo.ba\/\" \/>\n<meta property=\"article:published_time\" content=\"2024-11-01T19:42:44+00:00\" \/>\n<meta property=\"og:image\" content=\"https:\/\/tuzlainfo.ba\/wp-content\/uploads\/2021\/09\/0109_aleksandar_vucic.jpg\" \/>\n\t<meta property=\"og:image:width\" content=\"1200\" \/>\n\t<meta property=\"og:image:height\" content=\"800\" \/>\n\t<meta property=\"og:image:type\" content=\"image\/jpeg\" \/>\n<meta name=\"author\" content=\"nedim\" \/>\n<meta name=\"twitter:card\" content=\"summary_large_image\" \/>\n<meta name=\"twitter:label1\" content=\"Written by\" \/>\n\t<meta name=\"twitter:data1\" content=\"nedim\" \/>\n\t<meta name=\"twitter:label2\" content=\"Est. reading time\" \/>\n\t<meta name=\"twitter:data2\" content=\"2 minute\" \/>\n<script type=\"application\/ld+json\" class=\"yoast-schema-graph\">{\"@context\":\"https:\\\/\\\/schema.org\",\"@graph\":[{\"@type\":\"Article\",\"@id\":\"https:\\\/\\\/tuzlainfo.ba\\\/index.php\\\/clanci\\\/sa-svih-strana\\\/item\\\/254269-vucic-o-nesreci-u-novom-sadu-nevjerovatno-je-da-tu-nadstresnicu-nismo-renovirali\\\/#article\",\"isPartOf\":{\"@id\":\"https:\\\/\\\/tuzlainfo.ba\\\/index.php\\\/clanci\\\/sa-svih-strana\\\/item\\\/254269-vucic-o-nesreci-u-novom-sadu-nevjerovatno-je-da-tu-nadstresnicu-nismo-renovirali\\\/\"},\"author\":{\"name\":\"nedim\",\"@id\":\"https:\\\/\\\/tuzlainfo.ba\\\/#\\\/schema\\\/person\\\/f434e20dc27ea133923aab08451b7f7f\"},\"headline\":\"Vu\u010di\u0107 o nesre\u0107i u Novom Sadu: &#8220;Nevjerovatno je da tu nadstre\u0161nicu nismo renovirali&#8221;\",\"datePublished\":\"2024-11-01T19:42:44+00:00\",\"mainEntityOfPage\":{\"@id\":\"https:\\\/\\\/tuzlainfo.ba\\\/index.php\\\/clanci\\\/sa-svih-strana\\\/item\\\/254269-vucic-o-nesreci-u-novom-sadu-nevjerovatno-je-da-tu-nadstresnicu-nismo-renovirali\\\/\"},\"wordCount\":322,\"publisher\":{\"@id\":\"https:\\\/\\\/tuzlainfo.ba\\\/#organization\"},\"image\":{\"@id\":\"https:\\\/\\\/tuzlainfo.ba\\\/index.php\\\/clanci\\\/sa-svih-strana\\\/item\\\/254269-vucic-o-nesreci-u-novom-sadu-nevjerovatno-je-da-tu-nadstresnicu-nismo-renovirali\\\/#primaryimage\"},\"thumbnailUrl\":\"https:\\\/\\\/tuzlainfo.ba\\\/wp-content\\\/uploads\\\/2021\\\/09\\\/0109_aleksandar_vucic.jpg\",\"keywords\":[\"aleksandar vu\u010di\u0107\",\"nesreca u novom sadu\"],\"articleSection\":[\"Sa svih strana\"],\"inLanguage\":\"bs-BA\",\"copyrightYear\":\"2024\",\"copyrightHolder\":{\"@id\":\"https:\\\/\\\/tuzlainfo.ba\\\/#organization\"}},{\"@type\":\"WebPage\",\"@id\":\"https:\\\/\\\/tuzlainfo.ba\\\/index.php\\\/clanci\\\/sa-svih-strana\\\/item\\\/254269-vucic-o-nesreci-u-novom-sadu-nevjerovatno-je-da-tu-nadstresnicu-nismo-renovirali\\\/\",\"url\":\"https:\\\/\\\/tuzlainfo.ba\\\/index.php\\\/clanci\\\/sa-svih-strana\\\/item\\\/254269-vucic-o-nesreci-u-novom-sadu-nevjerovatno-je-da-tu-nadstresnicu-nismo-renovirali\\\/\",\"name\":\"Vu\u010di\u0107 o nesre\u0107i u Novom Sadu: \\\"Nevjerovatno je da tu nadstre\u0161nicu nismo renovirali\\\"\",\"isPartOf\":{\"@id\":\"https:\\\/\\\/tuzlainfo.ba\\\/#website\"},\"primaryImageOfPage\":{\"@id\":\"https:\\\/\\\/tuzlainfo.ba\\\/index.php\\\/clanci\\\/sa-svih-strana\\\/item\\\/254269-vucic-o-nesreci-u-novom-sadu-nevjerovatno-je-da-tu-nadstresnicu-nismo-renovirali\\\/#primaryimage\"},\"image\":{\"@id\":\"https:\\\/\\\/tuzlainfo.ba\\\/index.php\\\/clanci\\\/sa-svih-strana\\\/item\\\/254269-vucic-o-nesreci-u-novom-sadu-nevjerovatno-je-da-tu-nadstresnicu-nismo-renovirali\\\/#primaryimage\"},\"thumbnailUrl\":\"https:\\\/\\\/tuzlainfo.ba\\\/wp-content\\\/uploads\\\/2021\\\/09\\\/0109_aleksandar_vucic.jpg\",\"datePublished\":\"2024-11-01T19:42:44+00:00\",\"breadcrumb\":{\"@id\":\"https:\\\/\\\/tuzlainfo.ba\\\/index.php\\\/clanci\\\/sa-svih-strana\\\/item\\\/254269-vucic-o-nesreci-u-novom-sadu-nevjerovatno-je-da-tu-nadstresnicu-nismo-renovirali\\\/#breadcrumb\"},\"inLanguage\":\"bs-BA\",\"potentialAction\":[{\"@type\":\"ReadAction\",\"target\":[\"https:\\\/\\\/tuzlainfo.ba\\\/index.php\\\/clanci\\\/sa-svih-strana\\\/item\\\/254269-vucic-o-nesreci-u-novom-sadu-nevjerovatno-je-da-tu-nadstresnicu-nismo-renovirali\\\/\"]}]},{\"@type\":\"ImageObject\",\"inLanguage\":\"bs-BA\",\"@id\":\"https:\\\/\\\/tuzlainfo.ba\\\/index.php\\\/clanci\\\/sa-svih-strana\\\/item\\\/254269-vucic-o-nesreci-u-novom-sadu-nevjerovatno-je-da-tu-nadstresnicu-nismo-renovirali\\\/#primaryimage\",\"url\":\"https:\\\/\\\/tuzlainfo.ba\\\/wp-content\\\/uploads\\\/2021\\\/09\\\/0109_aleksandar_vucic.jpg\",\"contentUrl\":\"https:\\\/\\\/tuzlainfo.ba\\\/wp-content\\\/uploads\\\/2021\\\/09\\\/0109_aleksandar_vucic.jpg\",\"width\":1200,\"height\":800},{\"@type\":\"BreadcrumbList\",\"@id\":\"https:\\\/\\\/tuzlainfo.ba\\\/index.php\\\/clanci\\\/sa-svih-strana\\\/item\\\/254269-vucic-o-nesreci-u-novom-sadu-nevjerovatno-je-da-tu-nadstresnicu-nismo-renovirali\\\/#breadcrumb\",\"itemListElement\":[{\"@type\":\"ListItem\",\"position\":1,\"name\":\"Home\",\"item\":\"https:\\\/\\\/tuzlainfo.ba\\\/\"},{\"@type\":\"ListItem\",\"position\":2,\"name\":\"Vu\u010di\u0107 o nesre\u0107i u Novom Sadu: &#8220;Nevjerovatno je da tu nadstre\u0161nicu nismo renovirali&#8221;\"}]},{\"@type\":\"WebSite\",\"@id\":\"https:\\\/\\\/tuzlainfo.ba\\\/#website\",\"url\":\"https:\\\/\\\/tuzlainfo.ba\\\/\",\"name\":\"TuzlaInfo.ba\",\"description\":\"Tuzla info, gradski informator - Tuzla na dlanu\",\"publisher\":{\"@id\":\"https:\\\/\\\/tuzlainfo.ba\\\/#organization\"},\"potentialAction\":[{\"@type\":\"SearchAction\",\"target\":{\"@type\":\"EntryPoint\",\"urlTemplate\":\"https:\\\/\\\/tuzlainfo.ba\\\/?s={search_term_string}\"},\"query-input\":{\"@type\":\"PropertyValueSpecification\",\"valueRequired\":true,\"valueName\":\"search_term_string\"}}],\"inLanguage\":\"bs-BA\"},{\"@type\":\"Organization\",\"@id\":\"https:\\\/\\\/tuzlainfo.ba\\\/#organization\",\"name\":\"TuzlaInfo.ba\",\"url\":\"https:\\\/\\\/tuzlainfo.ba\\\/\",\"logo\":{\"@type\":\"ImageObject\",\"inLanguage\":\"bs-BA\",\"@id\":\"https:\\\/\\\/tuzlainfo.ba\\\/#\\\/schema\\\/logo\\\/image\\\/\",\"url\":\"https:\\\/\\\/tuzlainfo.ba\\\/wp-content\\\/uploads\\\/2021\\\/03\\\/logo-ver-3-1.png\",\"contentUrl\":\"https:\\\/\\\/tuzlainfo.ba\\\/wp-content\\\/uploads\\\/2021\\\/03\\\/logo-ver-3-1.png\",\"width\":350,\"height\":95,\"caption\":\"TuzlaInfo.ba\"},\"image\":{\"@id\":\"https:\\\/\\\/tuzlainfo.ba\\\/#\\\/schema\\\/logo\\\/image\\\/\"},\"sameAs\":[\"https:\\\/\\\/www.facebook.com\\\/tuzlainfo.ba\\\/\"]},{\"@type\":\"Person\",\"@id\":\"https:\\\/\\\/tuzlainfo.ba\\\/#\\\/schema\\\/person\\\/f434e20dc27ea133923aab08451b7f7f\",\"name\":\"nedim\",\"image\":{\"@type\":\"ImageObject\",\"inLanguage\":\"bs-BA\",\"@id\":\"https:\\\/\\\/secure.gravatar.com\\\/avatar\\\/5b928a2e7e70a54208d2eb6c1edcb75a5350d6ae97d5f0a701203d456823f6f3?s=96&d=mm&r=g\",\"url\":\"https:\\\/\\\/secure.gravatar.com\\\/avatar\\\/5b928a2e7e70a54208d2eb6c1edcb75a5350d6ae97d5f0a701203d456823f6f3?s=96&d=mm&r=g\",\"contentUrl\":\"https:\\\/\\\/secure.gravatar.com\\\/avatar\\\/5b928a2e7e70a54208d2eb6c1edcb75a5350d6ae97d5f0a701203d456823f6f3?s=96&d=mm&r=g\",\"caption\":\"nedim\"},\"description\":\"Tuzlainfo.ba pratite na dru\u0161tvenim mre\u017eama: Facebook, Instagram i Youtube. Svoje pri\u010de, upite i fotografije \u0161aljite na na\u0161u e-mail adresu.\"}]}<\/script>\n<!-- \/ Yoast SEO plugin. -->","yoast_head_json":{"title":"Vu\u010di\u0107 o nesre\u0107i u Novom Sadu: \"Nevjerovatno je da tu nadstre\u0161nicu nismo renovirali\"","robots":{"index":"index","follow":"follow","max-snippet":"max-snippet:-1","max-image-preview":"max-image-preview:large","max-video-preview":"max-video-preview:-1"},"canonical":"https:\/\/tuzlainfo.ba\/index.php\/clanci\/sa-svih-strana\/item\/254269-vucic-o-nesreci-u-novom-sadu-nevjerovatno-je-da-tu-nadstresnicu-nismo-renovirali\/","og_locale":"bs_BA","og_type":"article","og_title":"Vu\u010di\u0107 o nesre\u0107i u Novom Sadu: \"Nevjerovatno je da tu nadstre\u0161nicu nismo renovirali\"","og_description":"Srbijanski predsjednik je najavio opse\u017enu istragu u kojoj \u0107e se utvrditi odgovornost i krivica za nesre\u0107u na \u017deljezni\u010dkoj stanici u Novom Sadu, u kojoj je stradalo 14 osoba. Srbijanski predsjednik Aleksandar Vu\u010di\u0107 obratio se naciji govore\u0107i o nesre\u0107i koja se danas desila na \u017deljezni\u010dkoj stanici u Novom Sadu. &#8220;Prema posljednjim informacijama, a nadamo se i [&hellip;]","og_url":"https:\/\/tuzlainfo.ba\/index.php\/clanci\/sa-svih-strana\/item\/254269-vucic-o-nesreci-u-novom-sadu-nevjerovatno-je-da-tu-nadstresnicu-nismo-renovirali\/","og_site_name":"TuzlaInfo.ba","article_publisher":"https:\/\/www.facebook.com\/tuzlainfo.ba\/","article_published_time":"2024-11-01T19:42:44+00:00","og_image":[{"width":1200,"height":800,"url":"https:\/\/tuzlainfo.ba\/wp-content\/uploads\/2021\/09\/0109_aleksandar_vucic.jpg","type":"image\/jpeg"}],"author":"nedim","twitter_card":"summary_large_image","twitter_misc":{"Written by":"nedim","Est. reading time":"2 minute"},"schema":{"@context":"https:\/\/schema.org","@graph":[{"@type":"Article","@id":"https:\/\/tuzlainfo.ba\/index.php\/clanci\/sa-svih-strana\/item\/254269-vucic-o-nesreci-u-novom-sadu-nevjerovatno-je-da-tu-nadstresnicu-nismo-renovirali\/#article","isPartOf":{"@id":"https:\/\/tuzlainfo.ba\/index.php\/clanci\/sa-svih-strana\/item\/254269-vucic-o-nesreci-u-novom-sadu-nevjerovatno-je-da-tu-nadstresnicu-nismo-renovirali\/"},"author":{"name":"nedim","@id":"https:\/\/tuzlainfo.ba\/#\/schema\/person\/f434e20dc27ea133923aab08451b7f7f"},"headline":"Vu\u010di\u0107 o nesre\u0107i u Novom Sadu: &#8220;Nevjerovatno je da tu nadstre\u0161nicu nismo renovirali&#8221;","datePublished":"2024-11-01T19:42:44+00:00","mainEntityOfPage":{"@id":"https:\/\/tuzlainfo.ba\/index.php\/clanci\/sa-svih-strana\/item\/254269-vucic-o-nesreci-u-novom-sadu-nevjerovatno-je-da-tu-nadstresnicu-nismo-renovirali\/"},"wordCount":322,"publisher":{"@id":"https:\/\/tuzlainfo.ba\/#organization"},"image":{"@id":"https:\/\/tuzlainfo.ba\/index.php\/clanci\/sa-svih-strana\/item\/254269-vucic-o-nesreci-u-novom-sadu-nevjerovatno-je-da-tu-nadstresnicu-nismo-renovirali\/#primaryimage"},"thumbnailUrl":"https:\/\/tuzlainfo.ba\/wp-content\/uploads\/2021\/09\/0109_aleksandar_vucic.jpg","keywords":["aleksandar vu\u010di\u0107","nesreca u novom sadu"],"articleSection":["Sa svih strana"],"inLanguage":"bs-BA","copyrightYear":"2024","copyrightHolder":{"@id":"https:\/\/tuzlainfo.ba\/#organization"}},{"@type":"WebPage","@id":"https:\/\/tuzlainfo.ba\/index.php\/clanci\/sa-svih-strana\/item\/254269-vucic-o-nesreci-u-novom-sadu-nevjerovatno-je-da-tu-nadstresnicu-nismo-renovirali\/","url":"https:\/\/tuzlainfo.ba\/index.php\/clanci\/sa-svih-strana\/item\/254269-vucic-o-nesreci-u-novom-sadu-nevjerovatno-je-da-tu-nadstresnicu-nismo-renovirali\/","name":"Vu\u010di\u0107 o nesre\u0107i u Novom Sadu: \"Nevjerovatno je da tu nadstre\u0161nicu nismo renovirali\"","isPartOf":{"@id":"https:\/\/tuzlainfo.ba\/#website"},"primaryImageOfPage":{"@id":"https:\/\/tuzlainfo.ba\/index.php\/clanci\/sa-svih-strana\/item\/254269-vucic-o-nesreci-u-novom-sadu-nevjerovatno-je-da-tu-nadstresnicu-nismo-renovirali\/#primaryimage"},"image":{"@id":"https:\/\/tuzlainfo.ba\/index.php\/clanci\/sa-svih-strana\/item\/254269-vucic-o-nesreci-u-novom-sadu-nevjerovatno-je-da-tu-nadstresnicu-nismo-renovirali\/#primaryimage"},"thumbnailUrl":"https:\/\/tuzlainfo.ba\/wp-content\/uploads\/2021\/09\/0109_aleksandar_vucic.jpg","datePublished":"2024-11-01T19:42:44+00:00","breadcrumb":{"@id":"https:\/\/tuzlainfo.ba\/index.php\/clanci\/sa-svih-strana\/item\/254269-vucic-o-nesreci-u-novom-sadu-nevjerovatno-je-da-tu-nadstresnicu-nismo-renovirali\/#breadcrumb"},"inLanguage":"bs-BA","potentialAction":[{"@type":"ReadAction","target":["https:\/\/tuzlainfo.ba\/index.php\/clanci\/sa-svih-strana\/item\/254269-vucic-o-nesreci-u-novom-sadu-nevjerovatno-je-da-tu-nadstresnicu-nismo-renovirali\/"]}]},{"@type":"ImageObject","inLanguage":"bs-BA","@id":"https:\/\/tuzlainfo.ba\/index.php\/clanci\/sa-svih-strana\/item\/254269-vucic-o-nesreci-u-novom-sadu-nevjerovatno-je-da-tu-nadstresnicu-nismo-renovirali\/#primaryimage","url":"https:\/\/tuzlainfo.ba\/wp-content\/uploads\/2021\/09\/0109_aleksandar_vucic.jpg","contentUrl":"https:\/\/tuzlainfo.ba\/wp-content\/uploads\/2021\/09\/0109_aleksandar_vucic.jpg","width":1200,"height":800},{"@type":"BreadcrumbList","@id":"https:\/\/tuzlainfo.ba\/index.php\/clanci\/sa-svih-strana\/item\/254269-vucic-o-nesreci-u-novom-sadu-nevjerovatno-je-da-tu-nadstresnicu-nismo-renovirali\/#breadcrumb","itemListElement":[{"@type":"ListItem","position":1,"name":"Home","item":"https:\/\/tuzlainfo.ba\/"},{"@type":"ListItem","position":2,"name":"Vu\u010di\u0107 o nesre\u0107i u Novom Sadu: &#8220;Nevjerovatno je da tu nadstre\u0161nicu nismo renovirali&#8221;"}]},{"@type":"WebSite","@id":"https:\/\/tuzlainfo.ba\/#website","url":"https:\/\/tuzlainfo.ba\/","name":"TuzlaInfo.ba","description":"Tuzla info, gradski informator - Tuzla na dlanu","publisher":{"@id":"https:\/\/tuzlainfo.ba\/#organization"},"potentialAction":[{"@type":"SearchAction","target":{"@type":"EntryPoint","urlTemplate":"https:\/\/tuzlainfo.ba\/?s={search_term_string}"},"query-input":{"@type":"PropertyValueSpecification","valueRequired":true,"valueName":"search_term_string"}}],"inLanguage":"bs-BA"},{"@type":"Organization","@id":"https:\/\/tuzlainfo.ba\/#organization","name":"TuzlaInfo.ba","url":"https:\/\/tuzlainfo.ba\/","logo":{"@type":"ImageObject","inLanguage":"bs-BA","@id":"https:\/\/tuzlainfo.ba\/#\/schema\/logo\/image\/","url":"https:\/\/tuzlainfo.ba\/wp-content\/uploads\/2021\/03\/logo-ver-3-1.png","contentUrl":"https:\/\/tuzlainfo.ba\/wp-content\/uploads\/2021\/03\/logo-ver-3-1.png","width":350,"height":95,"caption":"TuzlaInfo.ba"},"image":{"@id":"https:\/\/tuzlainfo.ba\/#\/schema\/logo\/image\/"},"sameAs":["https:\/\/www.facebook.com\/tuzlainfo.ba\/"]},{"@type":"Person","@id":"https:\/\/tuzlainfo.ba\/#\/schema\/person\/f434e20dc27ea133923aab08451b7f7f","name":"nedim","image":{"@type":"ImageObject","inLanguage":"bs-BA","@id":"https:\/\/secure.gravatar.com\/avatar\/5b928a2e7e70a54208d2eb6c1edcb75a5350d6ae97d5f0a701203d456823f6f3?s=96&d=mm&r=g","url":"https:\/\/secure.gravatar.com\/avatar\/5b928a2e7e70a54208d2eb6c1edcb75a5350d6ae97d5f0a701203d456823f6f3?s=96&d=mm&r=g","contentUrl":"https:\/\/secure.gravatar.com\/avatar\/5b928a2e7e70a54208d2eb6c1edcb75a5350d6ae97d5f0a701203d456823f6f3?s=96&d=mm&r=g","caption":"nedim"},"description":"Tuzlainfo.ba pratite na dru\u0161tvenim mre\u017eama: Facebook, Instagram i Youtube. Svoje pri\u010de, upite i fotografije \u0161aljite na na\u0161u e-mail adresu."}]}},"_links":{"self":[{"href":"https:\/\/tuzlainfo.ba\/index.php\/wp-json\/wp\/v2\/posts\/254269","targetHints":{"allow":["GET"]}}],"collection":[{"href":"https:\/\/tuzlainfo.ba\/index.php\/wp-json\/wp\/v2\/posts"}],"about":[{"href":"https:\/\/tuzlainfo.ba\/index.php\/wp-json\/wp\/v2\/types\/post"}],"author":[{"embeddable":true,"href":"https:\/\/tuzlainfo.ba\/index.php\/wp-json\/wp\/v2\/users\/2"}],"replies":[{"embeddable":true,"href":"https:\/\/tuzlainfo.ba\/index.php\/wp-json\/wp\/v2\/comments?post=254269"}],"version-history":[{"count":1,"href":"https:\/\/tuzlainfo.ba\/index.php\/wp-json\/wp\/v2\/posts\/254269\/revisions"}],"predecessor-version":[{"id":254270,"href":"https:\/\/tuzlainfo.ba\/index.php\/wp-json\/wp\/v2\/posts\/254269\/revisions\/254270"}],"wp:featuredmedia":[{"embeddable":true,"href":"https:\/\/tuzlainfo.ba\/index.php\/wp-json\/wp\/v2\/media\/146559"}],"wp:attachment":[{"href":"https:\/\/tuzlainfo.ba\/index.php\/wp-json\/wp\/v2\/media?parent=254269"}],"wp:term":[{"taxonomy":"category","embeddable":true,"href":"https:\/\/tuzlainfo.ba\/index.php\/wp-json\/wp\/v2\/categories?post=254269"},{"taxonomy":"post_tag","embeddable":true,"href":"https:\/\/tuzlainfo.ba\/index.php\/wp-json\/wp\/v2\/tags?post=254269"}],"curies":[{"name":"wp","href":"https:\/\/api.w.org\/{rel}","templated":true}]}}