{"id":254263,"date":"2024-11-01T18:33:16","date_gmt":"2024-11-01T17:33:16","guid":{"rendered":"https:\/\/tuzlainfo.ba\/?p=254263"},"modified":"2024-11-01T18:33:16","modified_gmt":"2024-11-01T17:33:16","slug":"stravicna-nesreca-izvuceno-trinaesto-tijelo-iz-rusevina-u-novom-sadu","status":"publish","type":"post","link":"https:\/\/tuzlainfo.ba\/index.php\/clanci\/sa-svih-strana\/item\/254263-stravicna-nesreca-izvuceno-trinaesto-tijelo-iz-rusevina-u-novom-sadu\/","title":{"rendered":"Stravi\u010dna nesre\u0107a: Izvu\u010deno trinaesto tijelo iz ru\u0161evina u Novom Sadu"},"content":{"rendered":"<p><strong>Jo\u0161 pet tijela je izvu\u010deno ispod ru\u0161evina stare nadstre\u0161nice na \u017eeljezni\u010dkoj stanici u Novom Sadu, \u010dime je broj poginulih pove\u0107an na 1e. Ta\u010dan broj povrije\u0111enih jo\u0161 nije utvr\u0111en.\u00a0Me\u0111u nastradalima u padu nadstre\u0161nice su dvije maloljetne osobe, od kojih je jedno \u0161estogodi\u0161nje dijete, rekao je ministar unutra\u0161njih poslova Srbije Ivica Da\u010di\u0107.<\/strong><\/p>\n<p>Ministar unutra\u0161njih poslova Ivica Da\u010di\u0107 izjavio je ve\u010deras da je &#8220;izvu\u010deno i 13. tijelo u nesre\u0107i koja se desila u Novom Sadu&#8221; i dodao da &#8220;ne o\u010dekuju da \u0107e biti prona\u0111eno jo\u0161 \u017ertava&#8221;.<\/p>\n<p><em><strong>&#8220;Kada smo imali osam \u017ertava, znali smo da ispod ru\u0161evina ima jo\u0161 pet osoba za koje nismo mogli da ustanovimo da li su \u017eivi ili mrtvi&#8221;, rekao je Da\u010di\u0107 novinarima.<\/strong><\/em><\/p>\n<p>Oni, kako ka\u017ee, nisu davali znake \u017eivota, a te\u017eina povreda nije dozvoljavala da se ikome uka\u017ee pomo\u0107.<\/p>\n<p><em><strong>&#8220;Smrt je nastupila na licu mjesta&#8221;, dodao je ministar.<\/strong><\/em><\/p>\n<div class=\"container\" data-v-15649696=\"\">\n<div id=\"header-cont\" data-v-15649696=\"\"><a id=\"header-logo\" class=\"router-link-active\" title=\"Naslovna\" href=\"https:\/\/www.bhrt.ba\/\" data-v-15649696=\"\"><img decoding=\"async\" src=\"https:\/\/www.bhrt.ba\/img\/header-logo.svg\" data-v-15649696=\"\" \/><\/a><\/div>\n<div id=\"header-menu\" class=\"navbar-toggle sb-toggle-right\" data-v-15649696=\"\"><img decoding=\"async\" id=\"header-menu-icon\" src=\"https:\/\/www.bhrt.ba\/img\/header-menu-icon.svg\" \/><\/div>\n<\/div>\n<div class=\"container-fluid\">\n<div class=\"container halfCont\">\n<div id=\"contentPage\">\n<h3>01.11.2024, 18:20:00<\/h3>\n<h1>Izvu\u010deno trinaesto tijelo iz ru\u0161evina u Novom Sadu, ministar ka\u017ee da ne o\u010dekuju vi\u0161e \u017ertava<\/h1>\n<p><img decoding=\"async\" src=\"https:\/\/www.bhrt.ba\/uploads\/2024\/11\/Novi%20Sad%20nesreca%20zeljeznicka%20stanica%20(1).jpg\" alt=\"Izvu\u010deno trinaesto tijelo iz ru\u0161evina u Novom Sadu, ministar ka\u017ee da ne o\u010dekuju vi\u0161e \u017ertava\" \/><\/p>\n<div class=\"google-auto-placed\"><ins class=\"adsbygoogle adsbygoogle-noablate\" data-ad-format=\"auto\" data-ad-client=\"ca-pub-3214641752580198\" data-adsbygoogle-status=\"done\" data-ad-status=\"filled\"><\/p>\n<div id=\"aswift_1_host\"><iframe id=\"aswift_1\" tabindex=\"0\" title=\"Advertisement\" src=\"https:\/\/googleads.g.doubleclick.net\/pagead\/ads?client=ca-pub-3214641752580198&amp;output=html&amp;h=200&amp;adk=1856633491&amp;adf=1805667498&amp;pi=t.aa~a.609955045~rp.4&amp;w=247&amp;abgtt=9&amp;fwrn=6&amp;fwrnh=100&amp;lmt=1727439824&amp;rafmt=1&amp;to=qs&amp;pwprc=8678400940&amp;format=247x200&amp;url=https%3A%2F%2Fwww.bhrt.ba%2F%25C4%258Detrnaestogodi%25C5%25A1njakinja-izvu%25C4%258Dena-iz-ru%25C5%25A1evina-u-novom-sadu-dan-%25C5%25BEalosti-i-u-republici-srpskoj&amp;fwr=0&amp;pra=3&amp;rpe=1&amp;resp_fmts=3&amp;sfro=1&amp;wgl=1&amp;fa=40&amp;dt=1730481971824&amp;bpp=1&amp;bdt=384&amp;idt=10&amp;shv=r20241030&amp;mjsv=m202410280101&amp;ptt=9&amp;saldr=aa&amp;abxe=1&amp;cookie=ID%3D1956895eb66ed081%3AT%3D1730481964%3ART%3D1730481964%3AS%3DALNI_Mafi-lXHWPUmeCwEpNwt0gCO1uQxQ&amp;gpic=UID%3D00000f4bf6852721%3AT%3D1730481964%3ART%3D1730481964%3AS%3DALNI_MY5Q29u6sSr5qXJPhZd_b2QafpZfw&amp;eo_id_str=ID%3Db683e5666673c26d%3AT%3D1730481964%3ART%3D1730481964%3AS%3DAA-AfjahzikvtOEhSr6CaFnBO1V-&amp;nras=1&amp;correlator=7864995659718&amp;frm=20&amp;pv=2&amp;u_tz=60&amp;u_his=7&amp;u_h=812&amp;u_w=375&amp;u_ah=812&amp;u_aw=375&amp;u_cd=24&amp;u_sd=3&amp;adx=64&amp;ady=567&amp;biw=375&amp;bih=634&amp;scr_x=0&amp;scr_y=14&amp;eid=44759876%2C44759927%2C31088038%2C95343681%2C95344189%2C95345471%2C95345789%2C95345963&amp;oid=2&amp;pvsid=4308698846863446&amp;tmod=920387367&amp;uas=0&amp;nvt=1&amp;ref=https%3A%2F%2Fwww.bhrt.ba%2F&amp;fc=896&amp;brdim=0%2C0%2C0%2C0%2C375%2C0%2C375%2C812%2C375%2C634&amp;vis=1&amp;rsz=%7C%7Cs%7C&amp;abl=NS&amp;fu=128&amp;bc=31&amp;bz=1&amp;ifi=2&amp;uci=a!2&amp;fsb=1&amp;dtd=18\" name=\"aswift_1\" width=\"247\" height=\"317\" frameborder=\"0\" marginwidth=\"0\" marginheight=\"0\" scrolling=\"no\" sandbox=\"allow-forms allow-popups allow-popups-to-escape-sandbox allow-same-origin allow-scripts allow-top-navigation-by-user-activation\" data-google-container-id=\"a!2\" aria-label=\"Advertisement\" data-google-query-id=\"COqd89nTu4kDFaQTdgYdUwAeXA\" data-load-complete=\"true\" data-mce-fragment=\"1\"><\/iframe><\/div>\n<p><\/ins><\/div>\n<div class=\"mt-3\">\n<p><em><strong>Izvor: Srna\/BHRT (S. T.)<\/strong><\/em><\/p>\n<p><strong>Jo\u0161 pet tijela je izvu\u010deno ispod ru\u0161evina stare nadstre\u0161nice na \u017eeljezni\u010dkoj stanici u Novom Sadu, \u010dime je broj poginulih pove\u0107an na 1e. Ta\u010dan broj povrije\u0111enih jo\u0161 nije utvr\u0111en.\u00a0Me\u0111u nastradalima u padu nadstre\u0161nice su dvije maloljetne osobe, od kojih je jedno \u0161estogodi\u0161nje dijete, rekao je ministar unutra\u0161njih poslova Srbije Ivica Da\u010di\u0107.<\/strong><\/p>\n<p><strong><iframe title=\"Ivica Da\u010di\u0107 - Akcija spasavanja nastavlja, ispod ru\u0161evina vjerovatno ima jo\u0161 tijela\" src=\"https:\/\/www.youtube.com\/embed\/nzws1KlHWHE\" width=\"866\" height=\"487\" frameborder=\"0\" sandbox=\"allow-scripts allow-same-origin\" allowfullscreen=\"allowfullscreen\" data-mce-fragment=\"1\"><\/iframe><\/strong><\/p>\n<p>Ministar unutra\u0161njih poslova Ivica Da\u010di\u0107 izjavio je ve\u010deras da je &#8220;izvu\u010deno i 13. tijelo u nesre\u0107i koja se desila u Novom Sadu&#8221; i dodao da &#8220;ne o\u010dekuju da \u0107e biti prona\u0111eno jo\u0161 \u017ertava&#8221;.<\/p>\n<p><em><strong>&#8220;Kada smo imali osam \u017ertava, znali smo da ispod ru\u0161evina ima jo\u0161 pet osoba za koje nismo mogli da ustanovimo da li su \u017eivi ili mrtvi&#8221;, rekao je Da\u010di\u0107 novinarima.<\/strong><\/em><\/p>\n<p>Oni, kako ka\u017ee, nisu davali znake \u017eivota, a te\u017eina povreda nije dozvoljavala da se ikome uka\u017ee pomo\u0107.<\/p>\n<p><em><strong>&#8220;Smrt je nastupila na licu mjesta&#8221;, dodao je ministar.<\/strong><\/em><\/p>\n<div class=\"galleryContainer\">\n<div class=\"galleryBorder\">On je naveo da su tri osobe pre\u017eivjele nesre\u0107u i da se nalaze u bolnici.<\/div>\n<\/div>\n<p><em><strong>&#8220;Spa\u0161ene su i \u017eena i djevojka koje su bile zarobljene ispod ru\u0161evina, sa mla\u0111om smo imali samo glasovni kontakt. Ovo je te\u017eak posao, prisutno je blizu 80 spasilaca iz Sektora za vanredne situacije MUP-a, ali i mehanizacija vi\u0161e javno-komunalnih preduze\u0107a&#8221;, rekao je Da\u010di\u0107.<\/strong><\/em><\/p>\n<p>On je dodao da se utvr\u0111uju uzroci nesre\u0107e.<\/p>\n<p><em><strong>&#8220;Dr\u017eavni organi se time bave i oni \u0107e sagledati odgovornost svakoga&#8221;, rekao je Da\u010di\u0107.\u00a0<\/strong><\/em><\/p>\n<p>V.d. direktora Klini\u010dkog centra Vojvodine Vesna Turkulov izjavila je da su tri osobe u vrlo te\u0161kom stanju dovezene u Urgentni centar, od njih dvije \u017eenske koje su izvu\u010dene iz ru\u0161evina i nalaze se u operacionoj sali.<\/p>\n<p><em><strong>&#8220;Dvije izvu\u010dene iz ru\u0161evina \u017eenske osobe su u vrlo te\u0161kom stanju. Prva je reanimirana u ambulanti, a po stabilizaciji je odvedena na dijagnostiku, koja je u toku, rije\u010d je o vrlo te\u0161kim povredama. Druga je intubirana do\u0161la u Klini\u010dki centar i u operacionoj je sali&#8221;, isti\u010de Turkulov.<\/strong><\/em><\/p>\n<p>Prema njenim rije\u010dima, prvi pacijent koji je izvu\u010den je, tako\u0111e, u te\u0161kom stanju.<\/p>\n<p><em><strong>&#8220;Tri osobe su u vrlo te\u0161kom stanju, dvije su u operacionoj sali. Rije\u010d je o te\u0161kim povredama, po \u017eivot opasnim&#8221;, navodi Turkolov, dodaju\u0107i da su kolege iz drugih zdravstvenih ustanova ponudili pomo\u0107.<\/strong><\/em><\/p>\n<p>Turkolov, tako\u0111e, dodaje da zasad imaju dovoljno krvi za transfuziju, ali da \u0107e sigurno biti potrebno jo\u0161, po\u0161to je rije\u010d o te\u0161kim politraumama.<\/p>\n<p>Na mjesto nesre\u0107e odmah je stiglo sedam vozila Hitne pomo\u0107i, dok vatrogasne ekipe poku\u0161avaju da do\u0111u do ljudi ispod ru\u0161evina. Nadstre\u0161nica koja je pala, bila je izgra\u0111ena 1964. godine, uru\u0161ila se ne\u0161to prije 12 sati.<\/p>\n<p>Gradona\u010delnik Novog Sada Milan \u0110uri\u0107 proglasio je danas trodnevnu \u017ealost na teritoriji tog grada, povodom te\u0161ke nesre\u0107e izazvane uru\u0161avanjem nadstre\u0161nice objekta \u017deljezni\u010dke stanice. Dani \u017ealosti po\u010de\u010de od 2. novembra, saop\u0161tila je gradska uprava.<\/p>\n<p>U cijeloj Srbiji je sutra Dan \u017ealosti zbog nesre\u0107e izazvane uru\u0161avanjem konstrukcije \u017deljezni\u010dke stanice u Novom Sadu. Dan \u017ealosti bi\u0107e sutra progla\u0161en i u Republici Srpskoj.<\/p>\n<\/div>\n<\/div>\n<\/div>\n<\/div>\n","protected":false},"excerpt":{"rendered":"<p>Jo\u0161 pet tijela je izvu\u010deno ispod ru\u0161evina stare nadstre\u0161nice na \u017eeljezni\u010dkoj stanici u Novom Sadu, \u010dime je broj poginulih pove\u0107an na 1e. Ta\u010dan broj povrije\u0111enih jo\u0161 nije utvr\u0111en.\u00a0Me\u0111u nastradalima u padu nadstre\u0161nice su dvije maloljetne osobe, od kojih je jedno \u0161estogodi\u0161nje dijete, rekao je ministar unutra\u0161njih poslova Srbije Ivica Da\u010di\u0107. Ministar unutra\u0161njih poslova Ivica Da\u010di\u0107 [&hellip;]<\/p>\n","protected":false},"author":2,"featured_media":254264,"comment_status":"closed","ping_status":"closed","sticky":false,"template":"","format":"standard","meta":{"footnotes":""},"categories":[16],"tags":[11391,309],"class_list":["post-254263","post","type-post","status-publish","format-standard","has-post-thumbnail","hentry","category-sa-svih-strana","tag-nesreca-u-novom-sadu","tag-srbija"],"yoast_head":"<!-- This site is optimized with the Yoast SEO plugin v28.3 - https:\/\/yoast.com\/product\/yoast-seo-wordpress\/ -->\n<title>Stravi\u010dna nesre\u0107a: Izvu\u010deno trinaesto tijelo iz ru\u0161evina u Novom Sadu<\/title>\n<meta name=\"robots\" content=\"index, follow, max-snippet:-1, max-image-preview:large, max-video-preview:-1\" \/>\n<link rel=\"canonical\" href=\"https:\/\/tuzlainfo.ba\/index.php\/clanci\/sa-svih-strana\/item\/254263-stravicna-nesreca-izvuceno-trinaesto-tijelo-iz-rusevina-u-novom-sadu\/\" \/>\n<meta property=\"og:locale\" content=\"bs_BA\" \/>\n<meta property=\"og:type\" content=\"article\" \/>\n<meta property=\"og:title\" content=\"Stravi\u010dna nesre\u0107a: Izvu\u010deno trinaesto tijelo iz ru\u0161evina u Novom Sadu\" \/>\n<meta property=\"og:description\" content=\"Jo\u0161 pet tijela je izvu\u010deno ispod ru\u0161evina stare nadstre\u0161nice na \u017eeljezni\u010dkoj stanici u Novom Sadu, \u010dime je broj poginulih pove\u0107an na 1e. Ta\u010dan broj povrije\u0111enih jo\u0161 nije utvr\u0111en.\u00a0Me\u0111u nastradalima u padu nadstre\u0161nice su dvije maloljetne osobe, od kojih je jedno \u0161estogodi\u0161nje dijete, rekao je ministar unutra\u0161njih poslova Srbije Ivica Da\u010di\u0107. Ministar unutra\u0161njih poslova Ivica Da\u010di\u0107 [&hellip;]\" \/>\n<meta property=\"og:url\" content=\"https:\/\/tuzlainfo.ba\/index.php\/clanci\/sa-svih-strana\/item\/254263-stravicna-nesreca-izvuceno-trinaesto-tijelo-iz-rusevina-u-novom-sadu\/\" \/>\n<meta property=\"og:site_name\" content=\"TuzlaInfo.ba\" \/>\n<meta property=\"article:publisher\" content=\"https:\/\/www.facebook.com\/tuzlainfo.ba\/\" \/>\n<meta property=\"article:published_time\" content=\"2024-11-01T17:33:16+00:00\" \/>\n<meta property=\"og:image\" content=\"https:\/\/tuzlainfo.ba\/wp-content\/uploads\/2024\/11\/IMG_3757.jpeg\" \/>\n\t<meta property=\"og:image:width\" content=\"1200\" \/>\n\t<meta property=\"og:image:height\" content=\"768\" \/>\n\t<meta property=\"og:image:type\" content=\"image\/jpeg\" \/>\n<meta name=\"author\" content=\"nedim\" \/>\n<meta name=\"twitter:card\" content=\"summary_large_image\" \/>\n<meta name=\"twitter:label1\" content=\"Written by\" \/>\n\t<meta name=\"twitter:data1\" content=\"nedim\" \/>\n\t<meta name=\"twitter:label2\" content=\"Est. reading time\" \/>\n\t<meta name=\"twitter:data2\" content=\"5 minuta\" \/>\n<script type=\"application\/ld+json\" class=\"yoast-schema-graph\">{\"@context\":\"https:\\\/\\\/schema.org\",\"@graph\":[{\"@type\":\"Article\",\"@id\":\"https:\\\/\\\/tuzlainfo.ba\\\/index.php\\\/clanci\\\/sa-svih-strana\\\/item\\\/254263-stravicna-nesreca-izvuceno-trinaesto-tijelo-iz-rusevina-u-novom-sadu\\\/#article\",\"isPartOf\":{\"@id\":\"https:\\\/\\\/tuzlainfo.ba\\\/index.php\\\/clanci\\\/sa-svih-strana\\\/item\\\/254263-stravicna-nesreca-izvuceno-trinaesto-tijelo-iz-rusevina-u-novom-sadu\\\/\"},\"author\":{\"name\":\"nedim\",\"@id\":\"https:\\\/\\\/tuzlainfo.ba\\\/#\\\/schema\\\/person\\\/f434e20dc27ea133923aab08451b7f7f\"},\"headline\":\"Stravi\u010dna nesre\u0107a: Izvu\u010deno trinaesto tijelo iz ru\u0161evina u Novom Sadu\",\"datePublished\":\"2024-11-01T17:33:16+00:00\",\"mainEntityOfPage\":{\"@id\":\"https:\\\/\\\/tuzlainfo.ba\\\/index.php\\\/clanci\\\/sa-svih-strana\\\/item\\\/254263-stravicna-nesreca-izvuceno-trinaesto-tijelo-iz-rusevina-u-novom-sadu\\\/\"},\"wordCount\":746,\"publisher\":{\"@id\":\"https:\\\/\\\/tuzlainfo.ba\\\/#organization\"},\"image\":{\"@id\":\"https:\\\/\\\/tuzlainfo.ba\\\/index.php\\\/clanci\\\/sa-svih-strana\\\/item\\\/254263-stravicna-nesreca-izvuceno-trinaesto-tijelo-iz-rusevina-u-novom-sadu\\\/#primaryimage\"},\"thumbnailUrl\":\"https:\\\/\\\/tuzlainfo.ba\\\/wp-content\\\/uploads\\\/2024\\\/11\\\/IMG_3757.jpeg\",\"keywords\":[\"nesreca u novom sadu\",\"srbija\"],\"articleSection\":[\"Sa svih strana\"],\"inLanguage\":\"bs-BA\",\"copyrightYear\":\"2024\",\"copyrightHolder\":{\"@id\":\"https:\\\/\\\/tuzlainfo.ba\\\/#organization\"}},{\"@type\":\"WebPage\",\"@id\":\"https:\\\/\\\/tuzlainfo.ba\\\/index.php\\\/clanci\\\/sa-svih-strana\\\/item\\\/254263-stravicna-nesreca-izvuceno-trinaesto-tijelo-iz-rusevina-u-novom-sadu\\\/\",\"url\":\"https:\\\/\\\/tuzlainfo.ba\\\/index.php\\\/clanci\\\/sa-svih-strana\\\/item\\\/254263-stravicna-nesreca-izvuceno-trinaesto-tijelo-iz-rusevina-u-novom-sadu\\\/\",\"name\":\"Stravi\u010dna nesre\u0107a: Izvu\u010deno trinaesto tijelo iz ru\u0161evina u Novom Sadu\",\"isPartOf\":{\"@id\":\"https:\\\/\\\/tuzlainfo.ba\\\/#website\"},\"primaryImageOfPage\":{\"@id\":\"https:\\\/\\\/tuzlainfo.ba\\\/index.php\\\/clanci\\\/sa-svih-strana\\\/item\\\/254263-stravicna-nesreca-izvuceno-trinaesto-tijelo-iz-rusevina-u-novom-sadu\\\/#primaryimage\"},\"image\":{\"@id\":\"https:\\\/\\\/tuzlainfo.ba\\\/index.php\\\/clanci\\\/sa-svih-strana\\\/item\\\/254263-stravicna-nesreca-izvuceno-trinaesto-tijelo-iz-rusevina-u-novom-sadu\\\/#primaryimage\"},\"thumbnailUrl\":\"https:\\\/\\\/tuzlainfo.ba\\\/wp-content\\\/uploads\\\/2024\\\/11\\\/IMG_3757.jpeg\",\"datePublished\":\"2024-11-01T17:33:16+00:00\",\"breadcrumb\":{\"@id\":\"https:\\\/\\\/tuzlainfo.ba\\\/index.php\\\/clanci\\\/sa-svih-strana\\\/item\\\/254263-stravicna-nesreca-izvuceno-trinaesto-tijelo-iz-rusevina-u-novom-sadu\\\/#breadcrumb\"},\"inLanguage\":\"bs-BA\",\"potentialAction\":[{\"@type\":\"ReadAction\",\"target\":[\"https:\\\/\\\/tuzlainfo.ba\\\/index.php\\\/clanci\\\/sa-svih-strana\\\/item\\\/254263-stravicna-nesreca-izvuceno-trinaesto-tijelo-iz-rusevina-u-novom-sadu\\\/\"]}]},{\"@type\":\"ImageObject\",\"inLanguage\":\"bs-BA\",\"@id\":\"https:\\\/\\\/tuzlainfo.ba\\\/index.php\\\/clanci\\\/sa-svih-strana\\\/item\\\/254263-stravicna-nesreca-izvuceno-trinaesto-tijelo-iz-rusevina-u-novom-sadu\\\/#primaryimage\",\"url\":\"https:\\\/\\\/tuzlainfo.ba\\\/wp-content\\\/uploads\\\/2024\\\/11\\\/IMG_3757.jpeg\",\"contentUrl\":\"https:\\\/\\\/tuzlainfo.ba\\\/wp-content\\\/uploads\\\/2024\\\/11\\\/IMG_3757.jpeg\",\"width\":1200,\"height\":768},{\"@type\":\"BreadcrumbList\",\"@id\":\"https:\\\/\\\/tuzlainfo.ba\\\/index.php\\\/clanci\\\/sa-svih-strana\\\/item\\\/254263-stravicna-nesreca-izvuceno-trinaesto-tijelo-iz-rusevina-u-novom-sadu\\\/#breadcrumb\",\"itemListElement\":[{\"@type\":\"ListItem\",\"position\":1,\"name\":\"Home\",\"item\":\"https:\\\/\\\/tuzlainfo.ba\\\/\"},{\"@type\":\"ListItem\",\"position\":2,\"name\":\"Stravi\u010dna nesre\u0107a: Izvu\u010deno trinaesto tijelo iz ru\u0161evina u Novom Sadu\"}]},{\"@type\":\"WebSite\",\"@id\":\"https:\\\/\\\/tuzlainfo.ba\\\/#website\",\"url\":\"https:\\\/\\\/tuzlainfo.ba\\\/\",\"name\":\"TuzlaInfo.ba\",\"description\":\"Tuzla info, gradski informator - Tuzla na dlanu\",\"publisher\":{\"@id\":\"https:\\\/\\\/tuzlainfo.ba\\\/#organization\"},\"potentialAction\":[{\"@type\":\"SearchAction\",\"target\":{\"@type\":\"EntryPoint\",\"urlTemplate\":\"https:\\\/\\\/tuzlainfo.ba\\\/?s={search_term_string}\"},\"query-input\":{\"@type\":\"PropertyValueSpecification\",\"valueRequired\":true,\"valueName\":\"search_term_string\"}}],\"inLanguage\":\"bs-BA\"},{\"@type\":\"Organization\",\"@id\":\"https:\\\/\\\/tuzlainfo.ba\\\/#organization\",\"name\":\"TuzlaInfo.ba\",\"url\":\"https:\\\/\\\/tuzlainfo.ba\\\/\",\"logo\":{\"@type\":\"ImageObject\",\"inLanguage\":\"bs-BA\",\"@id\":\"https:\\\/\\\/tuzlainfo.ba\\\/#\\\/schema\\\/logo\\\/image\\\/\",\"url\":\"https:\\\/\\\/tuzlainfo.ba\\\/wp-content\\\/uploads\\\/2021\\\/03\\\/logo-ver-3-1.png\",\"contentUrl\":\"https:\\\/\\\/tuzlainfo.ba\\\/wp-content\\\/uploads\\\/2021\\\/03\\\/logo-ver-3-1.png\",\"width\":350,\"height\":95,\"caption\":\"TuzlaInfo.ba\"},\"image\":{\"@id\":\"https:\\\/\\\/tuzlainfo.ba\\\/#\\\/schema\\\/logo\\\/image\\\/\"},\"sameAs\":[\"https:\\\/\\\/www.facebook.com\\\/tuzlainfo.ba\\\/\"]},{\"@type\":\"Person\",\"@id\":\"https:\\\/\\\/tuzlainfo.ba\\\/#\\\/schema\\\/person\\\/f434e20dc27ea133923aab08451b7f7f\",\"name\":\"nedim\",\"image\":{\"@type\":\"ImageObject\",\"inLanguage\":\"bs-BA\",\"@id\":\"https:\\\/\\\/secure.gravatar.com\\\/avatar\\\/5b928a2e7e70a54208d2eb6c1edcb75a5350d6ae97d5f0a701203d456823f6f3?s=96&d=mm&r=g\",\"url\":\"https:\\\/\\\/secure.gravatar.com\\\/avatar\\\/5b928a2e7e70a54208d2eb6c1edcb75a5350d6ae97d5f0a701203d456823f6f3?s=96&d=mm&r=g\",\"contentUrl\":\"https:\\\/\\\/secure.gravatar.com\\\/avatar\\\/5b928a2e7e70a54208d2eb6c1edcb75a5350d6ae97d5f0a701203d456823f6f3?s=96&d=mm&r=g\",\"caption\":\"nedim\"},\"description\":\"Tuzlainfo.ba pratite na dru\u0161tvenim mre\u017eama: Facebook, Instagram i Youtube. Svoje pri\u010de, upite i fotografije \u0161aljite na na\u0161u e-mail adresu.\"}]}<\/script>\n<!-- \/ Yoast SEO plugin. -->","yoast_head_json":{"title":"Stravi\u010dna nesre\u0107a: Izvu\u010deno trinaesto tijelo iz ru\u0161evina u Novom Sadu","robots":{"index":"index","follow":"follow","max-snippet":"max-snippet:-1","max-image-preview":"max-image-preview:large","max-video-preview":"max-video-preview:-1"},"canonical":"https:\/\/tuzlainfo.ba\/index.php\/clanci\/sa-svih-strana\/item\/254263-stravicna-nesreca-izvuceno-trinaesto-tijelo-iz-rusevina-u-novom-sadu\/","og_locale":"bs_BA","og_type":"article","og_title":"Stravi\u010dna nesre\u0107a: Izvu\u010deno trinaesto tijelo iz ru\u0161evina u Novom Sadu","og_description":"Jo\u0161 pet tijela je izvu\u010deno ispod ru\u0161evina stare nadstre\u0161nice na \u017eeljezni\u010dkoj stanici u Novom Sadu, \u010dime je broj poginulih pove\u0107an na 1e. Ta\u010dan broj povrije\u0111enih jo\u0161 nije utvr\u0111en.\u00a0Me\u0111u nastradalima u padu nadstre\u0161nice su dvije maloljetne osobe, od kojih je jedno \u0161estogodi\u0161nje dijete, rekao je ministar unutra\u0161njih poslova Srbije Ivica Da\u010di\u0107. Ministar unutra\u0161njih poslova Ivica Da\u010di\u0107 [&hellip;]","og_url":"https:\/\/tuzlainfo.ba\/index.php\/clanci\/sa-svih-strana\/item\/254263-stravicna-nesreca-izvuceno-trinaesto-tijelo-iz-rusevina-u-novom-sadu\/","og_site_name":"TuzlaInfo.ba","article_publisher":"https:\/\/www.facebook.com\/tuzlainfo.ba\/","article_published_time":"2024-11-01T17:33:16+00:00","og_image":[{"width":1200,"height":768,"url":"https:\/\/tuzlainfo.ba\/wp-content\/uploads\/2024\/11\/IMG_3757.jpeg","type":"image\/jpeg"}],"author":"nedim","twitter_card":"summary_large_image","twitter_misc":{"Written by":"nedim","Est. reading time":"5 minuta"},"schema":{"@context":"https:\/\/schema.org","@graph":[{"@type":"Article","@id":"https:\/\/tuzlainfo.ba\/index.php\/clanci\/sa-svih-strana\/item\/254263-stravicna-nesreca-izvuceno-trinaesto-tijelo-iz-rusevina-u-novom-sadu\/#article","isPartOf":{"@id":"https:\/\/tuzlainfo.ba\/index.php\/clanci\/sa-svih-strana\/item\/254263-stravicna-nesreca-izvuceno-trinaesto-tijelo-iz-rusevina-u-novom-sadu\/"},"author":{"name":"nedim","@id":"https:\/\/tuzlainfo.ba\/#\/schema\/person\/f434e20dc27ea133923aab08451b7f7f"},"headline":"Stravi\u010dna nesre\u0107a: Izvu\u010deno trinaesto tijelo iz ru\u0161evina u Novom Sadu","datePublished":"2024-11-01T17:33:16+00:00","mainEntityOfPage":{"@id":"https:\/\/tuzlainfo.ba\/index.php\/clanci\/sa-svih-strana\/item\/254263-stravicna-nesreca-izvuceno-trinaesto-tijelo-iz-rusevina-u-novom-sadu\/"},"wordCount":746,"publisher":{"@id":"https:\/\/tuzlainfo.ba\/#organization"},"image":{"@id":"https:\/\/tuzlainfo.ba\/index.php\/clanci\/sa-svih-strana\/item\/254263-stravicna-nesreca-izvuceno-trinaesto-tijelo-iz-rusevina-u-novom-sadu\/#primaryimage"},"thumbnailUrl":"https:\/\/tuzlainfo.ba\/wp-content\/uploads\/2024\/11\/IMG_3757.jpeg","keywords":["nesreca u novom sadu","srbija"],"articleSection":["Sa svih strana"],"inLanguage":"bs-BA","copyrightYear":"2024","copyrightHolder":{"@id":"https:\/\/tuzlainfo.ba\/#organization"}},{"@type":"WebPage","@id":"https:\/\/tuzlainfo.ba\/index.php\/clanci\/sa-svih-strana\/item\/254263-stravicna-nesreca-izvuceno-trinaesto-tijelo-iz-rusevina-u-novom-sadu\/","url":"https:\/\/tuzlainfo.ba\/index.php\/clanci\/sa-svih-strana\/item\/254263-stravicna-nesreca-izvuceno-trinaesto-tijelo-iz-rusevina-u-novom-sadu\/","name":"Stravi\u010dna nesre\u0107a: Izvu\u010deno trinaesto tijelo iz ru\u0161evina u Novom Sadu","isPartOf":{"@id":"https:\/\/tuzlainfo.ba\/#website"},"primaryImageOfPage":{"@id":"https:\/\/tuzlainfo.ba\/index.php\/clanci\/sa-svih-strana\/item\/254263-stravicna-nesreca-izvuceno-trinaesto-tijelo-iz-rusevina-u-novom-sadu\/#primaryimage"},"image":{"@id":"https:\/\/tuzlainfo.ba\/index.php\/clanci\/sa-svih-strana\/item\/254263-stravicna-nesreca-izvuceno-trinaesto-tijelo-iz-rusevina-u-novom-sadu\/#primaryimage"},"thumbnailUrl":"https:\/\/tuzlainfo.ba\/wp-content\/uploads\/2024\/11\/IMG_3757.jpeg","datePublished":"2024-11-01T17:33:16+00:00","breadcrumb":{"@id":"https:\/\/tuzlainfo.ba\/index.php\/clanci\/sa-svih-strana\/item\/254263-stravicna-nesreca-izvuceno-trinaesto-tijelo-iz-rusevina-u-novom-sadu\/#breadcrumb"},"inLanguage":"bs-BA","potentialAction":[{"@type":"ReadAction","target":["https:\/\/tuzlainfo.ba\/index.php\/clanci\/sa-svih-strana\/item\/254263-stravicna-nesreca-izvuceno-trinaesto-tijelo-iz-rusevina-u-novom-sadu\/"]}]},{"@type":"ImageObject","inLanguage":"bs-BA","@id":"https:\/\/tuzlainfo.ba\/index.php\/clanci\/sa-svih-strana\/item\/254263-stravicna-nesreca-izvuceno-trinaesto-tijelo-iz-rusevina-u-novom-sadu\/#primaryimage","url":"https:\/\/tuzlainfo.ba\/wp-content\/uploads\/2024\/11\/IMG_3757.jpeg","contentUrl":"https:\/\/tuzlainfo.ba\/wp-content\/uploads\/2024\/11\/IMG_3757.jpeg","width":1200,"height":768},{"@type":"BreadcrumbList","@id":"https:\/\/tuzlainfo.ba\/index.php\/clanci\/sa-svih-strana\/item\/254263-stravicna-nesreca-izvuceno-trinaesto-tijelo-iz-rusevina-u-novom-sadu\/#breadcrumb","itemListElement":[{"@type":"ListItem","position":1,"name":"Home","item":"https:\/\/tuzlainfo.ba\/"},{"@type":"ListItem","position":2,"name":"Stravi\u010dna nesre\u0107a: Izvu\u010deno trinaesto tijelo iz ru\u0161evina u Novom Sadu"}]},{"@type":"WebSite","@id":"https:\/\/tuzlainfo.ba\/#website","url":"https:\/\/tuzlainfo.ba\/","name":"TuzlaInfo.ba","description":"Tuzla info, gradski informator - Tuzla na dlanu","publisher":{"@id":"https:\/\/tuzlainfo.ba\/#organization"},"potentialAction":[{"@type":"SearchAction","target":{"@type":"EntryPoint","urlTemplate":"https:\/\/tuzlainfo.ba\/?s={search_term_string}"},"query-input":{"@type":"PropertyValueSpecification","valueRequired":true,"valueName":"search_term_string"}}],"inLanguage":"bs-BA"},{"@type":"Organization","@id":"https:\/\/tuzlainfo.ba\/#organization","name":"TuzlaInfo.ba","url":"https:\/\/tuzlainfo.ba\/","logo":{"@type":"ImageObject","inLanguage":"bs-BA","@id":"https:\/\/tuzlainfo.ba\/#\/schema\/logo\/image\/","url":"https:\/\/tuzlainfo.ba\/wp-content\/uploads\/2021\/03\/logo-ver-3-1.png","contentUrl":"https:\/\/tuzlainfo.ba\/wp-content\/uploads\/2021\/03\/logo-ver-3-1.png","width":350,"height":95,"caption":"TuzlaInfo.ba"},"image":{"@id":"https:\/\/tuzlainfo.ba\/#\/schema\/logo\/image\/"},"sameAs":["https:\/\/www.facebook.com\/tuzlainfo.ba\/"]},{"@type":"Person","@id":"https:\/\/tuzlainfo.ba\/#\/schema\/person\/f434e20dc27ea133923aab08451b7f7f","name":"nedim","image":{"@type":"ImageObject","inLanguage":"bs-BA","@id":"https:\/\/secure.gravatar.com\/avatar\/5b928a2e7e70a54208d2eb6c1edcb75a5350d6ae97d5f0a701203d456823f6f3?s=96&d=mm&r=g","url":"https:\/\/secure.gravatar.com\/avatar\/5b928a2e7e70a54208d2eb6c1edcb75a5350d6ae97d5f0a701203d456823f6f3?s=96&d=mm&r=g","contentUrl":"https:\/\/secure.gravatar.com\/avatar\/5b928a2e7e70a54208d2eb6c1edcb75a5350d6ae97d5f0a701203d456823f6f3?s=96&d=mm&r=g","caption":"nedim"},"description":"Tuzlainfo.ba pratite na dru\u0161tvenim mre\u017eama: Facebook, Instagram i Youtube. Svoje pri\u010de, upite i fotografije \u0161aljite na na\u0161u e-mail adresu."}]}},"_links":{"self":[{"href":"https:\/\/tuzlainfo.ba\/index.php\/wp-json\/wp\/v2\/posts\/254263","targetHints":{"allow":["GET"]}}],"collection":[{"href":"https:\/\/tuzlainfo.ba\/index.php\/wp-json\/wp\/v2\/posts"}],"about":[{"href":"https:\/\/tuzlainfo.ba\/index.php\/wp-json\/wp\/v2\/types\/post"}],"author":[{"embeddable":true,"href":"https:\/\/tuzlainfo.ba\/index.php\/wp-json\/wp\/v2\/users\/2"}],"replies":[{"embeddable":true,"href":"https:\/\/tuzlainfo.ba\/index.php\/wp-json\/wp\/v2\/comments?post=254263"}],"version-history":[{"count":1,"href":"https:\/\/tuzlainfo.ba\/index.php\/wp-json\/wp\/v2\/posts\/254263\/revisions"}],"predecessor-version":[{"id":254265,"href":"https:\/\/tuzlainfo.ba\/index.php\/wp-json\/wp\/v2\/posts\/254263\/revisions\/254265"}],"wp:featuredmedia":[{"embeddable":true,"href":"https:\/\/tuzlainfo.ba\/index.php\/wp-json\/wp\/v2\/media\/254264"}],"wp:attachment":[{"href":"https:\/\/tuzlainfo.ba\/index.php\/wp-json\/wp\/v2\/media?parent=254263"}],"wp:term":[{"taxonomy":"category","embeddable":true,"href":"https:\/\/tuzlainfo.ba\/index.php\/wp-json\/wp\/v2\/categories?post=254263"},{"taxonomy":"post_tag","embeddable":true,"href":"https:\/\/tuzlainfo.ba\/index.php\/wp-json\/wp\/v2\/tags?post=254263"}],"curies":[{"name":"wp","href":"https:\/\/api.w.org\/{rel}","templated":true}]}}