{"id":254052,"date":"2024-10-30T16:29:17","date_gmt":"2024-10-30T15:29:17","guid":{"rendered":"https:\/\/tuzlainfo.ba\/?p=254052"},"modified":"2024-10-30T14:50:53","modified_gmt":"2024-10-30T13:50:53","slug":"sda-u-budzetu-bih-za-2025-godinu-moraju-se-znacajno-povecati-sredstva-za-odbranu","status":"publish","type":"post","link":"https:\/\/tuzlainfo.ba\/index.php\/bosna-i-hercegovina\/item\/254052-sda-u-budzetu-bih-za-2025-godinu-moraju-se-znacajno-povecati-sredstva-za-odbranu\/","title":{"rendered":"SDA: U bud\u017eetu BiH za 2025. godinu moraju se zna\u010dajno pove\u0107ati sredstva za odbranu"},"content":{"rendered":"<p>Stranka demokratske akcije (SDA) zahtijeva od aktuelne vladaju\u0107e ve\u0107ine da u skladu sa zakonskim rokovima pristupi utvr\u0111ivanju fiskalnog okvira i izradi bud\u017eeta institucija Bosne i Hercegovine za 2025. godinu, te da osigura zna\u010dajno pove\u0107anje sredstava namijenjenih za opremanje i obu\u010davanje Oru\u017eanih snaga Bosne i Hercegovine.<\/p>\n<p>&#8211; Niko nema prava da zatvara o\u010di pred procesima koji se odvijaju u susjednim dr\u017eavama, koje se intenzivno i ubrzano naoru\u017eavaju i ponovo aktiviraju, ili to namjeravaju uraditi, obavezno slu\u017eenje vojnog roka \u2013 obrazla\u017eu iz SDA.<\/p>\n<p>Uzev\u0161i u obzir te procese, dodaju, kao i op\u0107u situaciju u svijetu, Bosna i Hercegovine mora imati adekvatan odgovor.<\/p>\n<p>Podsje\u0107aju da je to i obaveza u skladu sa Aneksom 1 b. Dejtonskog mirovnog sporazuma i Sporazuma o subregionalnoj kontroli naoru\u017eanja koji je potpisan 1998. godine izme\u0111u tada\u0161nje Savezne Republike Jugoslavije, Republike Hrvatske i Bosne i Hercegovine.<\/p>\n<p>Disbalans u naoru\u017eavanju, smatraju u SDA, sasvim izvjesno \u0107e imati politi\u010dke posljedice i dodatno ohrabriti politike koje djeluju protiv Bosne i Hercegovine, te mo\u017ee predstavljati potencijalne veoma ozbiljne sigurnosne izazove.<\/p>\n<p>&#8211; Uz to, Oru\u017eane snage BiH moraju dobiti sredstva koja \u0107e im omogu\u0107iti opremu i obu\u010davanje i za u\u010de\u0161\u0107e u me\u0111unarodnim mirovnih misijama, te posebno za potrebe pomo\u0107i civilnom stanovni\u0161tvu u vanrednim okolnostima izazvanim prirodnim nepogodama i katastrofama, kao \u0161to su poplave, po\u017eari i zemljotresi \u2013 navodi se u saop\u0107enju SDA.<\/p>\n","protected":false},"excerpt":{"rendered":"<p>Stranka demokratske akcije (SDA) zahtijeva od aktuelne vladaju\u0107e ve\u0107ine da u skladu sa zakonskim rokovima&hellip;<\/p>\n","protected":false},"author":3,"featured_media":185353,"comment_status":"closed","ping_status":"closed","sticky":false,"template":"","format":"standard","meta":{"_acf_changed":false,"footnotes":""},"categories":[291],"tags":[3509],"acf":[],"yoast_head":"<!-- This site is optimized with the Yoast SEO plugin v23.5 - https:\/\/yoast.com\/wordpress\/plugins\/seo\/ -->\n<title>SDA: U bud\u017eetu BiH za 2025. godinu moraju se zna\u010dajno pove\u0107ati sredstva za odbranu - TuzlaInfo.ba<\/title>\n<meta name=\"robots\" content=\"index, follow, max-snippet:-1, max-image-preview:large, max-video-preview:-1\" \/>\n<link rel=\"canonical\" href=\"https:\/\/tuzlainfo.ba\/index.php\/bosna-i-hercegovina\/item\/254052-sda-u-budzetu-bih-za-2025-godinu-moraju-se-znacajno-povecati-sredstva-za-odbranu\/\" \/>\n<meta property=\"og:locale\" content=\"bs_BA\" \/>\n<meta property=\"og:type\" content=\"article\" \/>\n<meta property=\"og:title\" content=\"SDA: U bud\u017eetu BiH za 2025. godinu moraju se zna\u010dajno pove\u0107ati sredstva za odbranu - TuzlaInfo.ba\" \/>\n<meta property=\"og:description\" content=\"Stranka demokratske akcije (SDA) zahtijeva od aktuelne vladaju\u0107e ve\u0107ine da u skladu sa zakonskim rokovima&hellip;\" \/>\n<meta property=\"og:url\" content=\"https:\/\/tuzlainfo.ba\/index.php\/bosna-i-hercegovina\/item\/254052-sda-u-budzetu-bih-za-2025-godinu-moraju-se-znacajno-povecati-sredstva-za-odbranu\/\" \/>\n<meta property=\"og:site_name\" content=\"TuzlaInfo.ba\" \/>\n<meta property=\"article:publisher\" content=\"https:\/\/www.facebook.com\/tuzlainfo.ba\/\" \/>\n<meta property=\"article:published_time\" content=\"2024-10-30T15:29:17+00:00\" \/>\n<meta property=\"article:modified_time\" content=\"2024-10-30T13:50:53+00:00\" \/>\n<meta property=\"og:image\" content=\"https:\/\/tuzlainfo.ba\/wp-content\/uploads\/2022\/09\/2909_sda_tuzla3.jpg\" \/>\n\t<meta property=\"og:image:width\" content=\"1600\" \/>\n\t<meta property=\"og:image:height\" content=\"1066\" \/>\n\t<meta property=\"og:image:type\" content=\"image\/jpeg\" \/>\n<meta name=\"author\" content=\"admin2\" \/>\n<meta name=\"twitter:card\" content=\"summary_large_image\" \/>\n<meta name=\"twitter:label1\" content=\"Written by\" \/>\n\t<meta name=\"twitter:data1\" content=\"admin2\" \/>\n\t<meta name=\"twitter:label2\" content=\"Est. reading time\" \/>\n\t<meta name=\"twitter:data2\" content=\"2 minute\" \/>\n<script type=\"application\/ld+json\" class=\"yoast-schema-graph\">{\"@context\":\"https:\/\/schema.org\",\"@graph\":[{\"@type\":\"Article\",\"@id\":\"https:\/\/tuzlainfo.ba\/index.php\/bosna-i-hercegovina\/item\/254052-sda-u-budzetu-bih-za-2025-godinu-moraju-se-znacajno-povecati-sredstva-za-odbranu\/#article\",\"isPartOf\":{\"@id\":\"https:\/\/tuzlainfo.ba\/index.php\/bosna-i-hercegovina\/item\/254052-sda-u-budzetu-bih-za-2025-godinu-moraju-se-znacajno-povecati-sredstva-za-odbranu\/\"},\"author\":{\"name\":\"admin2\",\"@id\":\"https:\/\/tuzlainfo.ba\/#\/schema\/person\/f4ebe4fff27e68efb65fa7e18f8af372\"},\"headline\":\"SDA: U bud\u017eetu BiH za 2025. godinu moraju se zna\u010dajno pove\u0107ati sredstva za odbranu\",\"datePublished\":\"2024-10-30T15:29:17+00:00\",\"dateModified\":\"2024-10-30T13:50:53+00:00\",\"mainEntityOfPage\":{\"@id\":\"https:\/\/tuzlainfo.ba\/index.php\/bosna-i-hercegovina\/item\/254052-sda-u-budzetu-bih-za-2025-godinu-moraju-se-znacajno-povecati-sredstva-za-odbranu\/\"},\"wordCount\":261,\"publisher\":{\"@id\":\"https:\/\/tuzlainfo.ba\/#organization\"},\"image\":{\"@id\":\"https:\/\/tuzlainfo.ba\/index.php\/bosna-i-hercegovina\/item\/254052-sda-u-budzetu-bih-za-2025-godinu-moraju-se-znacajno-povecati-sredstva-za-odbranu\/#primaryimage\"},\"thumbnailUrl\":\"https:\/\/tuzlainfo.ba\/wp-content\/uploads\/2022\/09\/2909_sda_tuzla3.jpg\",\"keywords\":[\"SDA bih\"],\"articleSection\":[\"Bosna i Hercegovina\"],\"inLanguage\":\"bs-BA\"},{\"@type\":\"WebPage\",\"@id\":\"https:\/\/tuzlainfo.ba\/index.php\/bosna-i-hercegovina\/item\/254052-sda-u-budzetu-bih-za-2025-godinu-moraju-se-znacajno-povecati-sredstva-za-odbranu\/\",\"url\":\"https:\/\/tuzlainfo.ba\/index.php\/bosna-i-hercegovina\/item\/254052-sda-u-budzetu-bih-za-2025-godinu-moraju-se-znacajno-povecati-sredstva-za-odbranu\/\",\"name\":\"SDA: U bud\u017eetu BiH za 2025. godinu moraju se zna\u010dajno pove\u0107ati sredstva za odbranu - TuzlaInfo.ba\",\"isPartOf\":{\"@id\":\"https:\/\/tuzlainfo.ba\/#website\"},\"primaryImageOfPage\":{\"@id\":\"https:\/\/tuzlainfo.ba\/index.php\/bosna-i-hercegovina\/item\/254052-sda-u-budzetu-bih-za-2025-godinu-moraju-se-znacajno-povecati-sredstva-za-odbranu\/#primaryimage\"},\"image\":{\"@id\":\"https:\/\/tuzlainfo.ba\/index.php\/bosna-i-hercegovina\/item\/254052-sda-u-budzetu-bih-za-2025-godinu-moraju-se-znacajno-povecati-sredstva-za-odbranu\/#primaryimage\"},\"thumbnailUrl\":\"https:\/\/tuzlainfo.ba\/wp-content\/uploads\/2022\/09\/2909_sda_tuzla3.jpg\",\"datePublished\":\"2024-10-30T15:29:17+00:00\",\"dateModified\":\"2024-10-30T13:50:53+00:00\",\"breadcrumb\":{\"@id\":\"https:\/\/tuzlainfo.ba\/index.php\/bosna-i-hercegovina\/item\/254052-sda-u-budzetu-bih-za-2025-godinu-moraju-se-znacajno-povecati-sredstva-za-odbranu\/#breadcrumb\"},\"inLanguage\":\"bs-BA\",\"potentialAction\":[{\"@type\":\"ReadAction\",\"target\":[\"https:\/\/tuzlainfo.ba\/index.php\/bosna-i-hercegovina\/item\/254052-sda-u-budzetu-bih-za-2025-godinu-moraju-se-znacajno-povecati-sredstva-za-odbranu\/\"]}]},{\"@type\":\"ImageObject\",\"inLanguage\":\"bs-BA\",\"@id\":\"https:\/\/tuzlainfo.ba\/index.php\/bosna-i-hercegovina\/item\/254052-sda-u-budzetu-bih-za-2025-godinu-moraju-se-znacajno-povecati-sredstva-za-odbranu\/#primaryimage\",\"url\":\"https:\/\/tuzlainfo.ba\/wp-content\/uploads\/2022\/09\/2909_sda_tuzla3.jpg\",\"contentUrl\":\"https:\/\/tuzlainfo.ba\/wp-content\/uploads\/2022\/09\/2909_sda_tuzla3.jpg\",\"width\":1600,\"height\":1066},{\"@type\":\"BreadcrumbList\",\"@id\":\"https:\/\/tuzlainfo.ba\/index.php\/bosna-i-hercegovina\/item\/254052-sda-u-budzetu-bih-za-2025-godinu-moraju-se-znacajno-povecati-sredstva-za-odbranu\/#breadcrumb\",\"itemListElement\":[{\"@type\":\"ListItem\",\"position\":1,\"name\":\"Home\",\"item\":\"https:\/\/tuzlainfo.ba\/\"},{\"@type\":\"ListItem\",\"position\":2,\"name\":\"SDA: U bud\u017eetu BiH za 2025. godinu moraju se zna\u010dajno pove\u0107ati sredstva za odbranu\"}]},{\"@type\":\"WebSite\",\"@id\":\"https:\/\/tuzlainfo.ba\/#website\",\"url\":\"https:\/\/tuzlainfo.ba\/\",\"name\":\"TuzlaInfo.ba\",\"description\":\"Tuzla info, gradski informator - Tuzla na dlanu\",\"publisher\":{\"@id\":\"https:\/\/tuzlainfo.ba\/#organization\"},\"potentialAction\":[{\"@type\":\"SearchAction\",\"target\":{\"@type\":\"EntryPoint\",\"urlTemplate\":\"https:\/\/tuzlainfo.ba\/?s={search_term_string}\"},\"query-input\":{\"@type\":\"PropertyValueSpecification\",\"valueRequired\":true,\"valueName\":\"search_term_string\"}}],\"inLanguage\":\"bs-BA\"},{\"@type\":\"Organization\",\"@id\":\"https:\/\/tuzlainfo.ba\/#organization\",\"name\":\"TuzlaInfo.ba\",\"url\":\"https:\/\/tuzlainfo.ba\/\",\"logo\":{\"@type\":\"ImageObject\",\"inLanguage\":\"bs-BA\",\"@id\":\"https:\/\/tuzlainfo.ba\/#\/schema\/logo\/image\/\",\"url\":\"https:\/\/tuzlainfo.ba\/wp-content\/uploads\/2021\/03\/logo-ver-3-1.png\",\"contentUrl\":\"https:\/\/tuzlainfo.ba\/wp-content\/uploads\/2021\/03\/logo-ver-3-1.png\",\"width\":350,\"height\":95,\"caption\":\"TuzlaInfo.ba\"},\"image\":{\"@id\":\"https:\/\/tuzlainfo.ba\/#\/schema\/logo\/image\/\"},\"sameAs\":[\"https:\/\/www.facebook.com\/tuzlainfo.ba\/\"]},{\"@type\":\"Person\",\"@id\":\"https:\/\/tuzlainfo.ba\/#\/schema\/person\/f4ebe4fff27e68efb65fa7e18f8af372\",\"name\":\"admin2\",\"image\":{\"@type\":\"ImageObject\",\"inLanguage\":\"bs-BA\",\"@id\":\"https:\/\/tuzlainfo.ba\/#\/schema\/person\/image\/\",\"url\":\"https:\/\/tuzlainfo.ba\/wp-content\/litespeed\/avatar\/8219eeb9a43cff2d096e773737736f62.jpg?ver=1777309398\",\"contentUrl\":\"https:\/\/tuzlainfo.ba\/wp-content\/litespeed\/avatar\/8219eeb9a43cff2d096e773737736f62.jpg?ver=1777309398\",\"caption\":\"admin2\"},\"description\":\"Tuzlainfo.ba pratite na dru\u0161tvenim mre\u017eama: Facebook, Instagram i Youtube. Svoje pri\u010de, upite i fotografije \u0161aljite na na\u0161u e-mail adresu.\",\"sameAs\":[\"admin\"]}]}<\/script>\n<!-- \/ Yoast SEO plugin. -->","yoast_head_json":{"title":"SDA: U bud\u017eetu BiH za 2025. godinu moraju se zna\u010dajno pove\u0107ati sredstva za odbranu - TuzlaInfo.ba","robots":{"index":"index","follow":"follow","max-snippet":"max-snippet:-1","max-image-preview":"max-image-preview:large","max-video-preview":"max-video-preview:-1"},"canonical":"https:\/\/tuzlainfo.ba\/index.php\/bosna-i-hercegovina\/item\/254052-sda-u-budzetu-bih-za-2025-godinu-moraju-se-znacajno-povecati-sredstva-za-odbranu\/","og_locale":"bs_BA","og_type":"article","og_title":"SDA: U bud\u017eetu BiH za 2025. godinu moraju se zna\u010dajno pove\u0107ati sredstva za odbranu - TuzlaInfo.ba","og_description":"Stranka demokratske akcije (SDA) zahtijeva od aktuelne vladaju\u0107e ve\u0107ine da u skladu sa zakonskim rokovima&hellip;","og_url":"https:\/\/tuzlainfo.ba\/index.php\/bosna-i-hercegovina\/item\/254052-sda-u-budzetu-bih-za-2025-godinu-moraju-se-znacajno-povecati-sredstva-za-odbranu\/","og_site_name":"TuzlaInfo.ba","article_publisher":"https:\/\/www.facebook.com\/tuzlainfo.ba\/","article_published_time":"2024-10-30T15:29:17+00:00","article_modified_time":"2024-10-30T13:50:53+00:00","og_image":[{"width":1600,"height":1066,"url":"https:\/\/tuzlainfo.ba\/wp-content\/uploads\/2022\/09\/2909_sda_tuzla3.jpg","type":"image\/jpeg"}],"author":"admin2","twitter_card":"summary_large_image","twitter_misc":{"Written by":"admin2","Est. reading time":"2 minute"},"schema":{"@context":"https:\/\/schema.org","@graph":[{"@type":"Article","@id":"https:\/\/tuzlainfo.ba\/index.php\/bosna-i-hercegovina\/item\/254052-sda-u-budzetu-bih-za-2025-godinu-moraju-se-znacajno-povecati-sredstva-za-odbranu\/#article","isPartOf":{"@id":"https:\/\/tuzlainfo.ba\/index.php\/bosna-i-hercegovina\/item\/254052-sda-u-budzetu-bih-za-2025-godinu-moraju-se-znacajno-povecati-sredstva-za-odbranu\/"},"author":{"name":"admin2","@id":"https:\/\/tuzlainfo.ba\/#\/schema\/person\/f4ebe4fff27e68efb65fa7e18f8af372"},"headline":"SDA: U bud\u017eetu BiH za 2025. godinu moraju se zna\u010dajno pove\u0107ati sredstva za odbranu","datePublished":"2024-10-30T15:29:17+00:00","dateModified":"2024-10-30T13:50:53+00:00","mainEntityOfPage":{"@id":"https:\/\/tuzlainfo.ba\/index.php\/bosna-i-hercegovina\/item\/254052-sda-u-budzetu-bih-za-2025-godinu-moraju-se-znacajno-povecati-sredstva-za-odbranu\/"},"wordCount":261,"publisher":{"@id":"https:\/\/tuzlainfo.ba\/#organization"},"image":{"@id":"https:\/\/tuzlainfo.ba\/index.php\/bosna-i-hercegovina\/item\/254052-sda-u-budzetu-bih-za-2025-godinu-moraju-se-znacajno-povecati-sredstva-za-odbranu\/#primaryimage"},"thumbnailUrl":"https:\/\/tuzlainfo.ba\/wp-content\/uploads\/2022\/09\/2909_sda_tuzla3.jpg","keywords":["SDA bih"],"articleSection":["Bosna i Hercegovina"],"inLanguage":"bs-BA"},{"@type":"WebPage","@id":"https:\/\/tuzlainfo.ba\/index.php\/bosna-i-hercegovina\/item\/254052-sda-u-budzetu-bih-za-2025-godinu-moraju-se-znacajno-povecati-sredstva-za-odbranu\/","url":"https:\/\/tuzlainfo.ba\/index.php\/bosna-i-hercegovina\/item\/254052-sda-u-budzetu-bih-za-2025-godinu-moraju-se-znacajno-povecati-sredstva-za-odbranu\/","name":"SDA: U bud\u017eetu BiH za 2025. godinu moraju se zna\u010dajno pove\u0107ati sredstva za odbranu - TuzlaInfo.ba","isPartOf":{"@id":"https:\/\/tuzlainfo.ba\/#website"},"primaryImageOfPage":{"@id":"https:\/\/tuzlainfo.ba\/index.php\/bosna-i-hercegovina\/item\/254052-sda-u-budzetu-bih-za-2025-godinu-moraju-se-znacajno-povecati-sredstva-za-odbranu\/#primaryimage"},"image":{"@id":"https:\/\/tuzlainfo.ba\/index.php\/bosna-i-hercegovina\/item\/254052-sda-u-budzetu-bih-za-2025-godinu-moraju-se-znacajno-povecati-sredstva-za-odbranu\/#primaryimage"},"thumbnailUrl":"https:\/\/tuzlainfo.ba\/wp-content\/uploads\/2022\/09\/2909_sda_tuzla3.jpg","datePublished":"2024-10-30T15:29:17+00:00","dateModified":"2024-10-30T13:50:53+00:00","breadcrumb":{"@id":"https:\/\/tuzlainfo.ba\/index.php\/bosna-i-hercegovina\/item\/254052-sda-u-budzetu-bih-za-2025-godinu-moraju-se-znacajno-povecati-sredstva-za-odbranu\/#breadcrumb"},"inLanguage":"bs-BA","potentialAction":[{"@type":"ReadAction","target":["https:\/\/tuzlainfo.ba\/index.php\/bosna-i-hercegovina\/item\/254052-sda-u-budzetu-bih-za-2025-godinu-moraju-se-znacajno-povecati-sredstva-za-odbranu\/"]}]},{"@type":"ImageObject","inLanguage":"bs-BA","@id":"https:\/\/tuzlainfo.ba\/index.php\/bosna-i-hercegovina\/item\/254052-sda-u-budzetu-bih-za-2025-godinu-moraju-se-znacajno-povecati-sredstva-za-odbranu\/#primaryimage","url":"https:\/\/tuzlainfo.ba\/wp-content\/uploads\/2022\/09\/2909_sda_tuzla3.jpg","contentUrl":"https:\/\/tuzlainfo.ba\/wp-content\/uploads\/2022\/09\/2909_sda_tuzla3.jpg","width":1600,"height":1066},{"@type":"BreadcrumbList","@id":"https:\/\/tuzlainfo.ba\/index.php\/bosna-i-hercegovina\/item\/254052-sda-u-budzetu-bih-za-2025-godinu-moraju-se-znacajno-povecati-sredstva-za-odbranu\/#breadcrumb","itemListElement":[{"@type":"ListItem","position":1,"name":"Home","item":"https:\/\/tuzlainfo.ba\/"},{"@type":"ListItem","position":2,"name":"SDA: U bud\u017eetu BiH za 2025. godinu moraju se zna\u010dajno pove\u0107ati sredstva za odbranu"}]},{"@type":"WebSite","@id":"https:\/\/tuzlainfo.ba\/#website","url":"https:\/\/tuzlainfo.ba\/","name":"TuzlaInfo.ba","description":"Tuzla info, gradski informator - Tuzla na dlanu","publisher":{"@id":"https:\/\/tuzlainfo.ba\/#organization"},"potentialAction":[{"@type":"SearchAction","target":{"@type":"EntryPoint","urlTemplate":"https:\/\/tuzlainfo.ba\/?s={search_term_string}"},"query-input":{"@type":"PropertyValueSpecification","valueRequired":true,"valueName":"search_term_string"}}],"inLanguage":"bs-BA"},{"@type":"Organization","@id":"https:\/\/tuzlainfo.ba\/#organization","name":"TuzlaInfo.ba","url":"https:\/\/tuzlainfo.ba\/","logo":{"@type":"ImageObject","inLanguage":"bs-BA","@id":"https:\/\/tuzlainfo.ba\/#\/schema\/logo\/image\/","url":"https:\/\/tuzlainfo.ba\/wp-content\/uploads\/2021\/03\/logo-ver-3-1.png","contentUrl":"https:\/\/tuzlainfo.ba\/wp-content\/uploads\/2021\/03\/logo-ver-3-1.png","width":350,"height":95,"caption":"TuzlaInfo.ba"},"image":{"@id":"https:\/\/tuzlainfo.ba\/#\/schema\/logo\/image\/"},"sameAs":["https:\/\/www.facebook.com\/tuzlainfo.ba\/"]},{"@type":"Person","@id":"https:\/\/tuzlainfo.ba\/#\/schema\/person\/f4ebe4fff27e68efb65fa7e18f8af372","name":"admin2","image":{"@type":"ImageObject","inLanguage":"bs-BA","@id":"https:\/\/tuzlainfo.ba\/#\/schema\/person\/image\/","url":"https:\/\/tuzlainfo.ba\/wp-content\/litespeed\/avatar\/8219eeb9a43cff2d096e773737736f62.jpg?ver=1777309398","contentUrl":"https:\/\/tuzlainfo.ba\/wp-content\/litespeed\/avatar\/8219eeb9a43cff2d096e773737736f62.jpg?ver=1777309398","caption":"admin2"},"description":"Tuzlainfo.ba pratite na dru\u0161tvenim mre\u017eama: Facebook, Instagram i Youtube. Svoje pri\u010de, upite i fotografije \u0161aljite na na\u0161u e-mail adresu.","sameAs":["admin"]}]}},"_links":{"self":[{"href":"https:\/\/tuzlainfo.ba\/index.php\/wp-json\/wp\/v2\/posts\/254052"}],"collection":[{"href":"https:\/\/tuzlainfo.ba\/index.php\/wp-json\/wp\/v2\/posts"}],"about":[{"href":"https:\/\/tuzlainfo.ba\/index.php\/wp-json\/wp\/v2\/types\/post"}],"author":[{"embeddable":true,"href":"https:\/\/tuzlainfo.ba\/index.php\/wp-json\/wp\/v2\/users\/3"}],"replies":[{"embeddable":true,"href":"https:\/\/tuzlainfo.ba\/index.php\/wp-json\/wp\/v2\/comments?post=254052"}],"version-history":[{"count":1,"href":"https:\/\/tuzlainfo.ba\/index.php\/wp-json\/wp\/v2\/posts\/254052\/revisions"}],"predecessor-version":[{"id":254062,"href":"https:\/\/tuzlainfo.ba\/index.php\/wp-json\/wp\/v2\/posts\/254052\/revisions\/254062"}],"wp:featuredmedia":[{"embeddable":true,"href":"https:\/\/tuzlainfo.ba\/index.php\/wp-json\/wp\/v2\/media\/185353"}],"wp:attachment":[{"href":"https:\/\/tuzlainfo.ba\/index.php\/wp-json\/wp\/v2\/media?parent=254052"}],"wp:term":[{"taxonomy":"category","embeddable":true,"href":"https:\/\/tuzlainfo.ba\/index.php\/wp-json\/wp\/v2\/categories?post=254052"},{"taxonomy":"post_tag","embeddable":true,"href":"https:\/\/tuzlainfo.ba\/index.php\/wp-json\/wp\/v2\/tags?post=254052"}],"curies":[{"name":"wp","href":"https:\/\/api.w.org\/{rel}","templated":true}]}}