{"id":254043,"date":"2024-10-30T15:04:07","date_gmt":"2024-10-30T14:04:07","guid":{"rendered":"https:\/\/tuzlainfo.ba\/?p=254043"},"modified":"2024-10-30T14:22:36","modified_gmt":"2024-10-30T13:22:36","slug":"u-tuzlanskom-kantonu-pocinje-vakcinacija-protiv-sezonske-gripe","status":"publish","type":"post","link":"https:\/\/tuzlainfo.ba\/index.php\/istaknuto\/item\/254043-u-tuzlanskom-kantonu-pocinje-vakcinacija-protiv-sezonske-gripe\/","title":{"rendered":"U Tuzlanskom kantonu po\u010dinje vakcinacija protiv sezonske gripe"},"content":{"rendered":"<p>Gripa je zarazna bolest respiratornog sistema prouzrokovana virusom Influenza. Javlja se sezonski, uglavnom u hladnom periodu godine. Bolest se \u0161iri kaplji\u010dnim putem. Svake godine u svijetu od gripe oboli ne\u0161to vi\u0161e od 600 miliona ljudi, a u Bosni i Hercegovini ne\u0161to vi\u0161e od 50 hiljada.<\/p>\n<p>Jedna od karakteristika virusa gripe je njegova sposobnost mutacije, tj. stalnog mijenjanja. Time nastaju sojevi koji nisu osjetljivi na za\u0161titu stvorenu u na\u0161em organizmu pri prethodnom kontaktu. To je razlog za\u0161to od gripe mo\u017eemo ponovo oboliti, tj. za\u0161to nemamo trajni imunitet, kao i razlog potrebe za vakcinacijom svake godine.<\/p>\n<p>Vakcinacija protiv gripe je najzna\u010dajnija preventivna aktivnost u sprje\u010davanju i smanjenju obolijevanja, bolni\u010dkog lije\u010denja, komplikacija i smrtnog ishoda kod oboljelih od gripe.<\/p>\n<p><strong>Zavod za javno zdravstvo Tuzlanskog kantona je u saradnji sa Ministarstvom zdravstva Tuzlanskog kantona i Zavodom zdravstvenog osiguranja Tuzlanskog kantona nabavio \u010detverovalentnu vakcinu Vaxigrip za potrebe stanovni\u0161tva Tuzlanskog kantona. Vakcine \u0107e biti distribuirane zdravstvenim ustanovama na podru\u010dju Tuzlanskog kantona kako bi Slu\u017ebe za porodi\u010dnu medicinu zapo\u010dele sa vakcinacijom stanovni\u0161tva.<\/strong><\/p>\n<p>Ove godine Zavod za javno zdravstvo \u0107e organizovati dane otvorenih vrata za vakcinaciju stanovni\u0161tva u prostorijama na\u0161e ustanove. <strong>Vakcinacija \u0107e se u Zavodu obavljati u periodu od 04.11. do 08.11.2024.godine u terminu od 12:00 do 15:00 h za zdravstvene radnike, osobe starije \u017eivotne dobi i hroni\u010dne bolesnike.<\/strong><\/p>\n<p>Ovom prilikom pozivamo stanovni\u0161tvo Tuzlanskog kantona da se odazove vakcinaciji protiv sezonske gripe i na taj na\u010din smanji mogu\u0107nost obolijevanja od ove zarazne bolesti.<\/p>\n","protected":false},"excerpt":{"rendered":"<p>Gripa je zarazna bolest respiratornog sistema prouzrokovana virusom Influenza. Javlja se sezonski, uglavnom u hladnom&hellip;<\/p>\n","protected":false},"author":4,"featured_media":87497,"comment_status":"closed","ping_status":"closed","sticky":false,"template":"","format":"standard","meta":{"_acf_changed":false,"footnotes":""},"categories":[304,12],"tags":[307,2051],"acf":[],"yoast_head":"<!-- This site is optimized with the Yoast SEO plugin v23.5 - https:\/\/yoast.com\/wordpress\/plugins\/seo\/ -->\n<title>U Tuzlanskom kantonu po\u010dinje vakcinacija protiv sezonske gripe - TuzlaInfo.ba<\/title>\n<meta name=\"robots\" content=\"index, follow, max-snippet:-1, max-image-preview:large, max-video-preview:-1\" \/>\n<link rel=\"canonical\" href=\"https:\/\/tuzlainfo.ba\/index.php\/istaknuto\/item\/254043-u-tuzlanskom-kantonu-pocinje-vakcinacija-protiv-sezonske-gripe\/\" \/>\n<meta property=\"og:locale\" content=\"bs_BA\" \/>\n<meta property=\"og:type\" content=\"article\" \/>\n<meta property=\"og:title\" content=\"U Tuzlanskom kantonu po\u010dinje vakcinacija protiv sezonske gripe - TuzlaInfo.ba\" \/>\n<meta property=\"og:description\" content=\"Gripa je zarazna bolest respiratornog sistema prouzrokovana virusom Influenza. Javlja se sezonski, uglavnom u hladnom&hellip;\" \/>\n<meta property=\"og:url\" content=\"https:\/\/tuzlainfo.ba\/index.php\/istaknuto\/item\/254043-u-tuzlanskom-kantonu-pocinje-vakcinacija-protiv-sezonske-gripe\/\" \/>\n<meta property=\"og:site_name\" content=\"TuzlaInfo.ba\" \/>\n<meta property=\"article:publisher\" content=\"https:\/\/www.facebook.com\/tuzlainfo.ba\/\" \/>\n<meta property=\"article:published_time\" content=\"2024-10-30T14:04:07+00:00\" \/>\n<meta property=\"article:modified_time\" content=\"2024-10-30T13:22:36+00:00\" \/>\n<meta property=\"og:image\" content=\"https:\/\/tuzlainfo.ba\/wp-content\/uploads\/2021\/03\/sadrzaj_2021_20210301_1903_vakcina2.jpg\" \/>\n\t<meta property=\"og:image:width\" content=\"770\" \/>\n\t<meta property=\"og:image:height\" content=\"495\" \/>\n\t<meta property=\"og:image:type\" content=\"image\/jpeg\" \/>\n<meta name=\"author\" content=\"Tuzla Info\" \/>\n<meta name=\"twitter:card\" content=\"summary_large_image\" \/>\n<meta name=\"twitter:label1\" content=\"Written by\" \/>\n\t<meta name=\"twitter:data1\" content=\"Tuzla Info\" \/>\n\t<meta name=\"twitter:label2\" content=\"Est. reading time\" \/>\n\t<meta name=\"twitter:data2\" content=\"2 minute\" \/>\n<script type=\"application\/ld+json\" class=\"yoast-schema-graph\">{\"@context\":\"https:\/\/schema.org\",\"@graph\":[{\"@type\":\"Article\",\"@id\":\"https:\/\/tuzlainfo.ba\/index.php\/istaknuto\/item\/254043-u-tuzlanskom-kantonu-pocinje-vakcinacija-protiv-sezonske-gripe\/#article\",\"isPartOf\":{\"@id\":\"https:\/\/tuzlainfo.ba\/index.php\/istaknuto\/item\/254043-u-tuzlanskom-kantonu-pocinje-vakcinacija-protiv-sezonske-gripe\/\"},\"author\":{\"name\":\"Tuzla Info\",\"@id\":\"https:\/\/tuzlainfo.ba\/#\/schema\/person\/46cad4c57790cbc50781edd14870825a\"},\"headline\":\"U Tuzlanskom kantonu po\u010dinje vakcinacija protiv sezonske gripe\",\"datePublished\":\"2024-10-30T14:04:07+00:00\",\"dateModified\":\"2024-10-30T13:22:36+00:00\",\"mainEntityOfPage\":{\"@id\":\"https:\/\/tuzlainfo.ba\/index.php\/istaknuto\/item\/254043-u-tuzlanskom-kantonu-pocinje-vakcinacija-protiv-sezonske-gripe\/\"},\"wordCount\":266,\"publisher\":{\"@id\":\"https:\/\/tuzlainfo.ba\/#organization\"},\"image\":{\"@id\":\"https:\/\/tuzlainfo.ba\/index.php\/istaknuto\/item\/254043-u-tuzlanskom-kantonu-pocinje-vakcinacija-protiv-sezonske-gripe\/#primaryimage\"},\"thumbnailUrl\":\"https:\/\/tuzlainfo.ba\/wp-content\/uploads\/2021\/03\/sadrzaj_2021_20210301_1903_vakcina2.jpg\",\"keywords\":[\"vakcine\",\"zzjz tk\"],\"articleSection\":[\"Istaknuto\",\"Novosti\"],\"inLanguage\":\"bs-BA\"},{\"@type\":\"WebPage\",\"@id\":\"https:\/\/tuzlainfo.ba\/index.php\/istaknuto\/item\/254043-u-tuzlanskom-kantonu-pocinje-vakcinacija-protiv-sezonske-gripe\/\",\"url\":\"https:\/\/tuzlainfo.ba\/index.php\/istaknuto\/item\/254043-u-tuzlanskom-kantonu-pocinje-vakcinacija-protiv-sezonske-gripe\/\",\"name\":\"U Tuzlanskom kantonu po\u010dinje vakcinacija protiv sezonske gripe - TuzlaInfo.ba\",\"isPartOf\":{\"@id\":\"https:\/\/tuzlainfo.ba\/#website\"},\"primaryImageOfPage\":{\"@id\":\"https:\/\/tuzlainfo.ba\/index.php\/istaknuto\/item\/254043-u-tuzlanskom-kantonu-pocinje-vakcinacija-protiv-sezonske-gripe\/#primaryimage\"},\"image\":{\"@id\":\"https:\/\/tuzlainfo.ba\/index.php\/istaknuto\/item\/254043-u-tuzlanskom-kantonu-pocinje-vakcinacija-protiv-sezonske-gripe\/#primaryimage\"},\"thumbnailUrl\":\"https:\/\/tuzlainfo.ba\/wp-content\/uploads\/2021\/03\/sadrzaj_2021_20210301_1903_vakcina2.jpg\",\"datePublished\":\"2024-10-30T14:04:07+00:00\",\"dateModified\":\"2024-10-30T13:22:36+00:00\",\"breadcrumb\":{\"@id\":\"https:\/\/tuzlainfo.ba\/index.php\/istaknuto\/item\/254043-u-tuzlanskom-kantonu-pocinje-vakcinacija-protiv-sezonske-gripe\/#breadcrumb\"},\"inLanguage\":\"bs-BA\",\"potentialAction\":[{\"@type\":\"ReadAction\",\"target\":[\"https:\/\/tuzlainfo.ba\/index.php\/istaknuto\/item\/254043-u-tuzlanskom-kantonu-pocinje-vakcinacija-protiv-sezonske-gripe\/\"]}]},{\"@type\":\"ImageObject\",\"inLanguage\":\"bs-BA\",\"@id\":\"https:\/\/tuzlainfo.ba\/index.php\/istaknuto\/item\/254043-u-tuzlanskom-kantonu-pocinje-vakcinacija-protiv-sezonske-gripe\/#primaryimage\",\"url\":\"https:\/\/tuzlainfo.ba\/wp-content\/uploads\/2021\/03\/sadrzaj_2021_20210301_1903_vakcina2.jpg\",\"contentUrl\":\"https:\/\/tuzlainfo.ba\/wp-content\/uploads\/2021\/03\/sadrzaj_2021_20210301_1903_vakcina2.jpg\",\"width\":770,\"height\":495,\"caption\":\"1903 vakcina2\"},{\"@type\":\"BreadcrumbList\",\"@id\":\"https:\/\/tuzlainfo.ba\/index.php\/istaknuto\/item\/254043-u-tuzlanskom-kantonu-pocinje-vakcinacija-protiv-sezonske-gripe\/#breadcrumb\",\"itemListElement\":[{\"@type\":\"ListItem\",\"position\":1,\"name\":\"Home\",\"item\":\"https:\/\/tuzlainfo.ba\/\"},{\"@type\":\"ListItem\",\"position\":2,\"name\":\"U Tuzlanskom kantonu po\u010dinje vakcinacija protiv sezonske gripe\"}]},{\"@type\":\"WebSite\",\"@id\":\"https:\/\/tuzlainfo.ba\/#website\",\"url\":\"https:\/\/tuzlainfo.ba\/\",\"name\":\"TuzlaInfo.ba\",\"description\":\"Tuzla info, gradski informator - Tuzla na dlanu\",\"publisher\":{\"@id\":\"https:\/\/tuzlainfo.ba\/#organization\"},\"potentialAction\":[{\"@type\":\"SearchAction\",\"target\":{\"@type\":\"EntryPoint\",\"urlTemplate\":\"https:\/\/tuzlainfo.ba\/?s={search_term_string}\"},\"query-input\":{\"@type\":\"PropertyValueSpecification\",\"valueRequired\":true,\"valueName\":\"search_term_string\"}}],\"inLanguage\":\"bs-BA\"},{\"@type\":\"Organization\",\"@id\":\"https:\/\/tuzlainfo.ba\/#organization\",\"name\":\"TuzlaInfo.ba\",\"url\":\"https:\/\/tuzlainfo.ba\/\",\"logo\":{\"@type\":\"ImageObject\",\"inLanguage\":\"bs-BA\",\"@id\":\"https:\/\/tuzlainfo.ba\/#\/schema\/logo\/image\/\",\"url\":\"https:\/\/tuzlainfo.ba\/wp-content\/uploads\/2021\/03\/logo-ver-3-1.png\",\"contentUrl\":\"https:\/\/tuzlainfo.ba\/wp-content\/uploads\/2021\/03\/logo-ver-3-1.png\",\"width\":350,\"height\":95,\"caption\":\"TuzlaInfo.ba\"},\"image\":{\"@id\":\"https:\/\/tuzlainfo.ba\/#\/schema\/logo\/image\/\"},\"sameAs\":[\"https:\/\/www.facebook.com\/tuzlainfo.ba\/\"]},{\"@type\":\"Person\",\"@id\":\"https:\/\/tuzlainfo.ba\/#\/schema\/person\/46cad4c57790cbc50781edd14870825a\",\"name\":\"Tuzla Info\",\"image\":{\"@type\":\"ImageObject\",\"inLanguage\":\"bs-BA\",\"@id\":\"https:\/\/tuzlainfo.ba\/#\/schema\/person\/image\/\",\"url\":\"https:\/\/tuzlainfo.ba\/wp-content\/litespeed\/avatar\/b6c453a6c38e3654f2e4416c643fc25c.jpg?ver=1777051911\",\"contentUrl\":\"https:\/\/tuzlainfo.ba\/wp-content\/litespeed\/avatar\/b6c453a6c38e3654f2e4416c643fc25c.jpg?ver=1777051911\",\"caption\":\"Tuzla Info\"}}]}<\/script>\n<!-- \/ Yoast SEO plugin. -->","yoast_head_json":{"title":"U Tuzlanskom kantonu po\u010dinje vakcinacija protiv sezonske gripe - TuzlaInfo.ba","robots":{"index":"index","follow":"follow","max-snippet":"max-snippet:-1","max-image-preview":"max-image-preview:large","max-video-preview":"max-video-preview:-1"},"canonical":"https:\/\/tuzlainfo.ba\/index.php\/istaknuto\/item\/254043-u-tuzlanskom-kantonu-pocinje-vakcinacija-protiv-sezonske-gripe\/","og_locale":"bs_BA","og_type":"article","og_title":"U Tuzlanskom kantonu po\u010dinje vakcinacija protiv sezonske gripe - TuzlaInfo.ba","og_description":"Gripa je zarazna bolest respiratornog sistema prouzrokovana virusom Influenza. Javlja se sezonski, uglavnom u hladnom&hellip;","og_url":"https:\/\/tuzlainfo.ba\/index.php\/istaknuto\/item\/254043-u-tuzlanskom-kantonu-pocinje-vakcinacija-protiv-sezonske-gripe\/","og_site_name":"TuzlaInfo.ba","article_publisher":"https:\/\/www.facebook.com\/tuzlainfo.ba\/","article_published_time":"2024-10-30T14:04:07+00:00","article_modified_time":"2024-10-30T13:22:36+00:00","og_image":[{"width":770,"height":495,"url":"https:\/\/tuzlainfo.ba\/wp-content\/uploads\/2021\/03\/sadrzaj_2021_20210301_1903_vakcina2.jpg","type":"image\/jpeg"}],"author":"Tuzla Info","twitter_card":"summary_large_image","twitter_misc":{"Written by":"Tuzla Info","Est. reading time":"2 minute"},"schema":{"@context":"https:\/\/schema.org","@graph":[{"@type":"Article","@id":"https:\/\/tuzlainfo.ba\/index.php\/istaknuto\/item\/254043-u-tuzlanskom-kantonu-pocinje-vakcinacija-protiv-sezonske-gripe\/#article","isPartOf":{"@id":"https:\/\/tuzlainfo.ba\/index.php\/istaknuto\/item\/254043-u-tuzlanskom-kantonu-pocinje-vakcinacija-protiv-sezonske-gripe\/"},"author":{"name":"Tuzla Info","@id":"https:\/\/tuzlainfo.ba\/#\/schema\/person\/46cad4c57790cbc50781edd14870825a"},"headline":"U Tuzlanskom kantonu po\u010dinje vakcinacija protiv sezonske gripe","datePublished":"2024-10-30T14:04:07+00:00","dateModified":"2024-10-30T13:22:36+00:00","mainEntityOfPage":{"@id":"https:\/\/tuzlainfo.ba\/index.php\/istaknuto\/item\/254043-u-tuzlanskom-kantonu-pocinje-vakcinacija-protiv-sezonske-gripe\/"},"wordCount":266,"publisher":{"@id":"https:\/\/tuzlainfo.ba\/#organization"},"image":{"@id":"https:\/\/tuzlainfo.ba\/index.php\/istaknuto\/item\/254043-u-tuzlanskom-kantonu-pocinje-vakcinacija-protiv-sezonske-gripe\/#primaryimage"},"thumbnailUrl":"https:\/\/tuzlainfo.ba\/wp-content\/uploads\/2021\/03\/sadrzaj_2021_20210301_1903_vakcina2.jpg","keywords":["vakcine","zzjz tk"],"articleSection":["Istaknuto","Novosti"],"inLanguage":"bs-BA"},{"@type":"WebPage","@id":"https:\/\/tuzlainfo.ba\/index.php\/istaknuto\/item\/254043-u-tuzlanskom-kantonu-pocinje-vakcinacija-protiv-sezonske-gripe\/","url":"https:\/\/tuzlainfo.ba\/index.php\/istaknuto\/item\/254043-u-tuzlanskom-kantonu-pocinje-vakcinacija-protiv-sezonske-gripe\/","name":"U Tuzlanskom kantonu po\u010dinje vakcinacija protiv sezonske gripe - TuzlaInfo.ba","isPartOf":{"@id":"https:\/\/tuzlainfo.ba\/#website"},"primaryImageOfPage":{"@id":"https:\/\/tuzlainfo.ba\/index.php\/istaknuto\/item\/254043-u-tuzlanskom-kantonu-pocinje-vakcinacija-protiv-sezonske-gripe\/#primaryimage"},"image":{"@id":"https:\/\/tuzlainfo.ba\/index.php\/istaknuto\/item\/254043-u-tuzlanskom-kantonu-pocinje-vakcinacija-protiv-sezonske-gripe\/#primaryimage"},"thumbnailUrl":"https:\/\/tuzlainfo.ba\/wp-content\/uploads\/2021\/03\/sadrzaj_2021_20210301_1903_vakcina2.jpg","datePublished":"2024-10-30T14:04:07+00:00","dateModified":"2024-10-30T13:22:36+00:00","breadcrumb":{"@id":"https:\/\/tuzlainfo.ba\/index.php\/istaknuto\/item\/254043-u-tuzlanskom-kantonu-pocinje-vakcinacija-protiv-sezonske-gripe\/#breadcrumb"},"inLanguage":"bs-BA","potentialAction":[{"@type":"ReadAction","target":["https:\/\/tuzlainfo.ba\/index.php\/istaknuto\/item\/254043-u-tuzlanskom-kantonu-pocinje-vakcinacija-protiv-sezonske-gripe\/"]}]},{"@type":"ImageObject","inLanguage":"bs-BA","@id":"https:\/\/tuzlainfo.ba\/index.php\/istaknuto\/item\/254043-u-tuzlanskom-kantonu-pocinje-vakcinacija-protiv-sezonske-gripe\/#primaryimage","url":"https:\/\/tuzlainfo.ba\/wp-content\/uploads\/2021\/03\/sadrzaj_2021_20210301_1903_vakcina2.jpg","contentUrl":"https:\/\/tuzlainfo.ba\/wp-content\/uploads\/2021\/03\/sadrzaj_2021_20210301_1903_vakcina2.jpg","width":770,"height":495,"caption":"1903 vakcina2"},{"@type":"BreadcrumbList","@id":"https:\/\/tuzlainfo.ba\/index.php\/istaknuto\/item\/254043-u-tuzlanskom-kantonu-pocinje-vakcinacija-protiv-sezonske-gripe\/#breadcrumb","itemListElement":[{"@type":"ListItem","position":1,"name":"Home","item":"https:\/\/tuzlainfo.ba\/"},{"@type":"ListItem","position":2,"name":"U Tuzlanskom kantonu po\u010dinje vakcinacija protiv sezonske gripe"}]},{"@type":"WebSite","@id":"https:\/\/tuzlainfo.ba\/#website","url":"https:\/\/tuzlainfo.ba\/","name":"TuzlaInfo.ba","description":"Tuzla info, gradski informator - Tuzla na dlanu","publisher":{"@id":"https:\/\/tuzlainfo.ba\/#organization"},"potentialAction":[{"@type":"SearchAction","target":{"@type":"EntryPoint","urlTemplate":"https:\/\/tuzlainfo.ba\/?s={search_term_string}"},"query-input":{"@type":"PropertyValueSpecification","valueRequired":true,"valueName":"search_term_string"}}],"inLanguage":"bs-BA"},{"@type":"Organization","@id":"https:\/\/tuzlainfo.ba\/#organization","name":"TuzlaInfo.ba","url":"https:\/\/tuzlainfo.ba\/","logo":{"@type":"ImageObject","inLanguage":"bs-BA","@id":"https:\/\/tuzlainfo.ba\/#\/schema\/logo\/image\/","url":"https:\/\/tuzlainfo.ba\/wp-content\/uploads\/2021\/03\/logo-ver-3-1.png","contentUrl":"https:\/\/tuzlainfo.ba\/wp-content\/uploads\/2021\/03\/logo-ver-3-1.png","width":350,"height":95,"caption":"TuzlaInfo.ba"},"image":{"@id":"https:\/\/tuzlainfo.ba\/#\/schema\/logo\/image\/"},"sameAs":["https:\/\/www.facebook.com\/tuzlainfo.ba\/"]},{"@type":"Person","@id":"https:\/\/tuzlainfo.ba\/#\/schema\/person\/46cad4c57790cbc50781edd14870825a","name":"Tuzla Info","image":{"@type":"ImageObject","inLanguage":"bs-BA","@id":"https:\/\/tuzlainfo.ba\/#\/schema\/person\/image\/","url":"https:\/\/tuzlainfo.ba\/wp-content\/litespeed\/avatar\/b6c453a6c38e3654f2e4416c643fc25c.jpg?ver=1777051911","contentUrl":"https:\/\/tuzlainfo.ba\/wp-content\/litespeed\/avatar\/b6c453a6c38e3654f2e4416c643fc25c.jpg?ver=1777051911","caption":"Tuzla Info"}}]}},"_links":{"self":[{"href":"https:\/\/tuzlainfo.ba\/index.php\/wp-json\/wp\/v2\/posts\/254043"}],"collection":[{"href":"https:\/\/tuzlainfo.ba\/index.php\/wp-json\/wp\/v2\/posts"}],"about":[{"href":"https:\/\/tuzlainfo.ba\/index.php\/wp-json\/wp\/v2\/types\/post"}],"author":[{"embeddable":true,"href":"https:\/\/tuzlainfo.ba\/index.php\/wp-json\/wp\/v2\/users\/4"}],"replies":[{"embeddable":true,"href":"https:\/\/tuzlainfo.ba\/index.php\/wp-json\/wp\/v2\/comments?post=254043"}],"version-history":[{"count":1,"href":"https:\/\/tuzlainfo.ba\/index.php\/wp-json\/wp\/v2\/posts\/254043\/revisions"}],"predecessor-version":[{"id":254050,"href":"https:\/\/tuzlainfo.ba\/index.php\/wp-json\/wp\/v2\/posts\/254043\/revisions\/254050"}],"wp:featuredmedia":[{"embeddable":true,"href":"https:\/\/tuzlainfo.ba\/index.php\/wp-json\/wp\/v2\/media\/87497"}],"wp:attachment":[{"href":"https:\/\/tuzlainfo.ba\/index.php\/wp-json\/wp\/v2\/media?parent=254043"}],"wp:term":[{"taxonomy":"category","embeddable":true,"href":"https:\/\/tuzlainfo.ba\/index.php\/wp-json\/wp\/v2\/categories?post=254043"},{"taxonomy":"post_tag","embeddable":true,"href":"https:\/\/tuzlainfo.ba\/index.php\/wp-json\/wp\/v2\/tags?post=254043"}],"curies":[{"name":"wp","href":"https:\/\/api.w.org\/{rel}","templated":true}]}}