{"id":253966,"date":"2024-10-29T19:13:04","date_gmt":"2024-10-29T18:13:04","guid":{"rendered":"https:\/\/tuzlainfo.ba\/?p=253966"},"modified":"2024-10-29T19:13:04","modified_gmt":"2024-10-29T18:13:04","slug":"advokat-osumnjicenih-za-terorizam-u-bos-krupi-pronadjen-novac-ima-porijeklo-culi-ste-za-sergiju","status":"publish","type":"post","link":"https:\/\/tuzlainfo.ba\/index.php\/bosna-i-hercegovina\/item\/253966-advokat-osumnjicenih-za-terorizam-u-bos-krupi-pronadjen-novac-ima-porijeklo-culi-ste-za-sergiju\/","title":{"rendered":"Advokat osumnji\u010denih za terorizam u Bos. Krupi: &#8220;&#8221;Prona\u0111en novac ima porijeklo, \u010duli ste za sergiju&#8221;"},"content":{"rendered":"<p>Advokat osumnji\u010denih za terorizam povodom stravi\u010dnog slu\u010daja u Bosanskoj Krupi Rusmir Karkin za\u00a0<a href=\"https:\/\/n1info.ba\/vijesti\/rusmir-karkin-o-detaljima-sudjenja-osumnjicenim-za-terorizam-pronadjen-novac-koji-ima-porijeklo-culi-ste-za-sergiju\/\">N1<\/a>\u00a0govorio je o detaljima istrage, ali i odluci Suda BiH za provo\u0111enje mjera zabrane.<\/p>\n<p>Nakon odr\u017eanog ro\u010di\u0161ta Karkin je kazao da je do kasno trajalo ju\u010der saslu\u0161anje osumnji\u010denih.<\/p>\n<p>\u201cJu\u010der smo imali intenzivne radove. Ju\u010der su do kasno trajala saslu\u0161anja. Sadr\u017eaj prijave ne mogu kazati, sve u cilju i u interesu za\u0161tite istrage, kao i interese mojih klijenata. Ovaj prijedlog je na odre\u0111en na\u010din zajedni\u010dki dogovor Tu\u017eila\u0161tva BiH i odbrane\u201d, kazao je.<\/p>\n<p>Potom je dodao:<\/p>\n<p>\u201cNakon ju\u010dera\u0161njeg sastanka, Tu\u017eila\u0161tvo BiH do\u0161lo do odre\u0111enih saznanja koji ubla\u017eaju teoriju Tu\u017eila\u0161tva BiH da su to \u0161to se sada tvrdi. Sam ju\u010dera\u0161nji dan dao rezultat da \u0107e se predmet zavr\u0161iti rje\u0161enjem o nesprovo\u0111enju istrage. Povod svega je gnusni \u010din ubistva policajca. Kao gra\u0111anin imam interes da se postupak zavr\u0161i kako bi se prona\u0161li krivci koji su radikalizirali ovog maloljetnika. Pustit \u0107emo da se ova istraga zavr\u0161i. Ne mo\u017ee se zavr\u0161iti za nekoliko dana\u201d.<\/p>\n<p>Izme\u0111u ostalog, kazao je da je istina da je prona\u0111ena odre\u0111ena koli\u010dina novca, ali novac koji ima porijeklo.<\/p>\n<p>\u201cTa\u010dna je okolnost da je maloljetnik poha\u0111ao \u010dasove sufare u ovoj \u0161koli. To je po meni jedina poveznica. Prona\u0111ena je odre\u0111ena koli\u010dina novca koja ima porijekla. Ljudi od kojih je to oduzeto \u0107e i dokazati. Zna se porijeklo novca. Termin sergija. Sve je na dobrovoljnoj bazi. Vrlo lako \u0107emo dokazati porijeklo novca.<\/p>\n<p>Pojavile su se odre\u0111ene informacije koje su povezane sa maloljetnikom koji je izvr\u0161io ubistvo. SIPA je du\u017ena da provjeri svaku od informaciju. Upitan je na\u010din na koji se to radi\u201d, zaklju\u010dio je Karkin.<\/p>\n","protected":false},"excerpt":{"rendered":"<p>Advokat osumnji\u010denih za terorizam povodom stravi\u010dnog slu\u010daja u Bosanskoj Krupi Rusmir Karkin za\u00a0N1\u00a0govorio je o&hellip;<\/p>\n","protected":false},"author":2,"featured_media":253967,"comment_status":"closed","ping_status":"closed","sticky":false,"template":"","format":"standard","meta":{"_acf_changed":false,"footnotes":""},"categories":[291],"tags":[11289,11362],"acf":[],"yoast_head":"<!-- This site is optimized with the Yoast SEO plugin v23.5 - https:\/\/yoast.com\/wordpress\/plugins\/seo\/ -->\n<title>Advokat osumnji\u010denih za terorizam u Bos. Krupi: &quot;&quot;Prona\u0111en novac ima porijeklo, \u010duli ste za sergiju&quot; - TuzlaInfo.ba<\/title>\n<meta name=\"robots\" content=\"index, follow, max-snippet:-1, max-image-preview:large, max-video-preview:-1\" \/>\n<link rel=\"canonical\" href=\"https:\/\/tuzlainfo.ba\/index.php\/bosna-i-hercegovina\/item\/253966-advokat-osumnjicenih-za-terorizam-u-bos-krupi-pronadjen-novac-ima-porijeklo-culi-ste-za-sergiju\/\" \/>\n<meta property=\"og:locale\" content=\"bs_BA\" \/>\n<meta property=\"og:type\" content=\"article\" \/>\n<meta property=\"og:title\" content=\"Advokat osumnji\u010denih za terorizam u Bos. Krupi: &quot;&quot;Prona\u0111en novac ima porijeklo, \u010duli ste za sergiju&quot; - TuzlaInfo.ba\" \/>\n<meta property=\"og:description\" content=\"Advokat osumnji\u010denih za terorizam povodom stravi\u010dnog slu\u010daja u Bosanskoj Krupi Rusmir Karkin za\u00a0N1\u00a0govorio je o&hellip;\" \/>\n<meta property=\"og:url\" content=\"https:\/\/tuzlainfo.ba\/index.php\/bosna-i-hercegovina\/item\/253966-advokat-osumnjicenih-za-terorizam-u-bos-krupi-pronadjen-novac-ima-porijeklo-culi-ste-za-sergiju\/\" \/>\n<meta property=\"og:site_name\" content=\"TuzlaInfo.ba\" \/>\n<meta property=\"article:publisher\" content=\"https:\/\/www.facebook.com\/tuzlainfo.ba\/\" \/>\n<meta property=\"article:published_time\" content=\"2024-10-29T18:13:04+00:00\" \/>\n<meta property=\"og:image\" content=\"https:\/\/tuzlainfo.ba\/wp-content\/uploads\/2024\/10\/2910_rusmir_karkin.jpg\" \/>\n\t<meta property=\"og:image:width\" content=\"900\" \/>\n\t<meta property=\"og:image:height\" content=\"506\" \/>\n\t<meta property=\"og:image:type\" content=\"image\/jpeg\" \/>\n<meta name=\"author\" content=\"nedim\" \/>\n<meta name=\"twitter:card\" content=\"summary_large_image\" \/>\n<meta name=\"twitter:label1\" content=\"Written by\" \/>\n\t<meta name=\"twitter:data1\" content=\"nedim\" \/>\n\t<meta name=\"twitter:label2\" content=\"Est. reading time\" \/>\n\t<meta name=\"twitter:data2\" content=\"2 minute\" \/>\n<script type=\"application\/ld+json\" class=\"yoast-schema-graph\">{\"@context\":\"https:\/\/schema.org\",\"@graph\":[{\"@type\":\"Article\",\"@id\":\"https:\/\/tuzlainfo.ba\/index.php\/bosna-i-hercegovina\/item\/253966-advokat-osumnjicenih-za-terorizam-u-bos-krupi-pronadjen-novac-ima-porijeklo-culi-ste-za-sergiju\/#article\",\"isPartOf\":{\"@id\":\"https:\/\/tuzlainfo.ba\/index.php\/bosna-i-hercegovina\/item\/253966-advokat-osumnjicenih-za-terorizam-u-bos-krupi-pronadjen-novac-ima-porijeklo-culi-ste-za-sergiju\/\"},\"author\":{\"name\":\"nedim\",\"@id\":\"https:\/\/tuzlainfo.ba\/#\/schema\/person\/f434e20dc27ea133923aab08451b7f7f\"},\"headline\":\"Advokat osumnji\u010denih za terorizam u Bos. Krupi: &#8220;&#8221;Prona\u0111en novac ima porijeklo, \u010duli ste za sergiju&#8221;\",\"datePublished\":\"2024-10-29T18:13:04+00:00\",\"dateModified\":\"2024-10-29T18:13:04+00:00\",\"mainEntityOfPage\":{\"@id\":\"https:\/\/tuzlainfo.ba\/index.php\/bosna-i-hercegovina\/item\/253966-advokat-osumnjicenih-za-terorizam-u-bos-krupi-pronadjen-novac-ima-porijeklo-culi-ste-za-sergiju\/\"},\"wordCount\":336,\"publisher\":{\"@id\":\"https:\/\/tuzlainfo.ba\/#organization\"},\"image\":{\"@id\":\"https:\/\/tuzlainfo.ba\/index.php\/bosna-i-hercegovina\/item\/253966-advokat-osumnjicenih-za-terorizam-u-bos-krupi-pronadjen-novac-ima-porijeklo-culi-ste-za-sergiju\/#primaryimage\"},\"thumbnailUrl\":\"https:\/\/tuzlainfo.ba\/wp-content\/uploads\/2024\/10\/2910_rusmir_karkin.jpg\",\"keywords\":[\"bosanski petrovac\",\"rusmir karkin\"],\"articleSection\":[\"Bosna i Hercegovina\"],\"inLanguage\":\"bs-BA\"},{\"@type\":\"WebPage\",\"@id\":\"https:\/\/tuzlainfo.ba\/index.php\/bosna-i-hercegovina\/item\/253966-advokat-osumnjicenih-za-terorizam-u-bos-krupi-pronadjen-novac-ima-porijeklo-culi-ste-za-sergiju\/\",\"url\":\"https:\/\/tuzlainfo.ba\/index.php\/bosna-i-hercegovina\/item\/253966-advokat-osumnjicenih-za-terorizam-u-bos-krupi-pronadjen-novac-ima-porijeklo-culi-ste-za-sergiju\/\",\"name\":\"Advokat osumnji\u010denih za terorizam u Bos. Krupi: \\\"\\\"Prona\u0111en novac ima porijeklo, \u010duli ste za sergiju\\\" - TuzlaInfo.ba\",\"isPartOf\":{\"@id\":\"https:\/\/tuzlainfo.ba\/#website\"},\"primaryImageOfPage\":{\"@id\":\"https:\/\/tuzlainfo.ba\/index.php\/bosna-i-hercegovina\/item\/253966-advokat-osumnjicenih-za-terorizam-u-bos-krupi-pronadjen-novac-ima-porijeklo-culi-ste-za-sergiju\/#primaryimage\"},\"image\":{\"@id\":\"https:\/\/tuzlainfo.ba\/index.php\/bosna-i-hercegovina\/item\/253966-advokat-osumnjicenih-za-terorizam-u-bos-krupi-pronadjen-novac-ima-porijeklo-culi-ste-za-sergiju\/#primaryimage\"},\"thumbnailUrl\":\"https:\/\/tuzlainfo.ba\/wp-content\/uploads\/2024\/10\/2910_rusmir_karkin.jpg\",\"datePublished\":\"2024-10-29T18:13:04+00:00\",\"dateModified\":\"2024-10-29T18:13:04+00:00\",\"breadcrumb\":{\"@id\":\"https:\/\/tuzlainfo.ba\/index.php\/bosna-i-hercegovina\/item\/253966-advokat-osumnjicenih-za-terorizam-u-bos-krupi-pronadjen-novac-ima-porijeklo-culi-ste-za-sergiju\/#breadcrumb\"},\"inLanguage\":\"bs-BA\",\"potentialAction\":[{\"@type\":\"ReadAction\",\"target\":[\"https:\/\/tuzlainfo.ba\/index.php\/bosna-i-hercegovina\/item\/253966-advokat-osumnjicenih-za-terorizam-u-bos-krupi-pronadjen-novac-ima-porijeklo-culi-ste-za-sergiju\/\"]}]},{\"@type\":\"ImageObject\",\"inLanguage\":\"bs-BA\",\"@id\":\"https:\/\/tuzlainfo.ba\/index.php\/bosna-i-hercegovina\/item\/253966-advokat-osumnjicenih-za-terorizam-u-bos-krupi-pronadjen-novac-ima-porijeklo-culi-ste-za-sergiju\/#primaryimage\",\"url\":\"https:\/\/tuzlainfo.ba\/wp-content\/uploads\/2024\/10\/2910_rusmir_karkin.jpg\",\"contentUrl\":\"https:\/\/tuzlainfo.ba\/wp-content\/uploads\/2024\/10\/2910_rusmir_karkin.jpg\",\"width\":900,\"height\":506,\"caption\":\"Rusmir Karkin \/ N1\"},{\"@type\":\"BreadcrumbList\",\"@id\":\"https:\/\/tuzlainfo.ba\/index.php\/bosna-i-hercegovina\/item\/253966-advokat-osumnjicenih-za-terorizam-u-bos-krupi-pronadjen-novac-ima-porijeklo-culi-ste-za-sergiju\/#breadcrumb\",\"itemListElement\":[{\"@type\":\"ListItem\",\"position\":1,\"name\":\"Home\",\"item\":\"https:\/\/tuzlainfo.ba\/\"},{\"@type\":\"ListItem\",\"position\":2,\"name\":\"Advokat osumnji\u010denih za terorizam u Bos. Krupi: &#8220;&#8221;Prona\u0111en novac ima porijeklo, \u010duli ste za sergiju&#8221;\"}]},{\"@type\":\"WebSite\",\"@id\":\"https:\/\/tuzlainfo.ba\/#website\",\"url\":\"https:\/\/tuzlainfo.ba\/\",\"name\":\"TuzlaInfo.ba\",\"description\":\"Tuzla info, gradski informator - Tuzla na dlanu\",\"publisher\":{\"@id\":\"https:\/\/tuzlainfo.ba\/#organization\"},\"potentialAction\":[{\"@type\":\"SearchAction\",\"target\":{\"@type\":\"EntryPoint\",\"urlTemplate\":\"https:\/\/tuzlainfo.ba\/?s={search_term_string}\"},\"query-input\":{\"@type\":\"PropertyValueSpecification\",\"valueRequired\":true,\"valueName\":\"search_term_string\"}}],\"inLanguage\":\"bs-BA\"},{\"@type\":\"Organization\",\"@id\":\"https:\/\/tuzlainfo.ba\/#organization\",\"name\":\"TuzlaInfo.ba\",\"url\":\"https:\/\/tuzlainfo.ba\/\",\"logo\":{\"@type\":\"ImageObject\",\"inLanguage\":\"bs-BA\",\"@id\":\"https:\/\/tuzlainfo.ba\/#\/schema\/logo\/image\/\",\"url\":\"https:\/\/tuzlainfo.ba\/wp-content\/uploads\/2021\/03\/logo-ver-3-1.png\",\"contentUrl\":\"https:\/\/tuzlainfo.ba\/wp-content\/uploads\/2021\/03\/logo-ver-3-1.png\",\"width\":350,\"height\":95,\"caption\":\"TuzlaInfo.ba\"},\"image\":{\"@id\":\"https:\/\/tuzlainfo.ba\/#\/schema\/logo\/image\/\"},\"sameAs\":[\"https:\/\/www.facebook.com\/tuzlainfo.ba\/\"]},{\"@type\":\"Person\",\"@id\":\"https:\/\/tuzlainfo.ba\/#\/schema\/person\/f434e20dc27ea133923aab08451b7f7f\",\"name\":\"nedim\",\"image\":{\"@type\":\"ImageObject\",\"inLanguage\":\"bs-BA\",\"@id\":\"https:\/\/tuzlainfo.ba\/#\/schema\/person\/image\/\",\"url\":\"https:\/\/tuzlainfo.ba\/wp-content\/litespeed\/avatar\/aabad687af24844af817603ac1cbdc4f.jpg?ver=1777306975\",\"contentUrl\":\"https:\/\/tuzlainfo.ba\/wp-content\/litespeed\/avatar\/aabad687af24844af817603ac1cbdc4f.jpg?ver=1777306975\",\"caption\":\"nedim\"},\"description\":\"Tuzlainfo.ba pratite na dru\u0161tvenim mre\u017eama: Facebook, Instagram i Youtube. Svoje pri\u010de, upite i fotografije \u0161aljite na na\u0161u e-mail adresu.\"}]}<\/script>\n<!-- \/ Yoast SEO plugin. -->","yoast_head_json":{"title":"Advokat osumnji\u010denih za terorizam u Bos. Krupi: \"\"Prona\u0111en novac ima porijeklo, \u010duli ste za sergiju\" - TuzlaInfo.ba","robots":{"index":"index","follow":"follow","max-snippet":"max-snippet:-1","max-image-preview":"max-image-preview:large","max-video-preview":"max-video-preview:-1"},"canonical":"https:\/\/tuzlainfo.ba\/index.php\/bosna-i-hercegovina\/item\/253966-advokat-osumnjicenih-za-terorizam-u-bos-krupi-pronadjen-novac-ima-porijeklo-culi-ste-za-sergiju\/","og_locale":"bs_BA","og_type":"article","og_title":"Advokat osumnji\u010denih za terorizam u Bos. Krupi: \"\"Prona\u0111en novac ima porijeklo, \u010duli ste za sergiju\" - TuzlaInfo.ba","og_description":"Advokat osumnji\u010denih za terorizam povodom stravi\u010dnog slu\u010daja u Bosanskoj Krupi Rusmir Karkin za\u00a0N1\u00a0govorio je o&hellip;","og_url":"https:\/\/tuzlainfo.ba\/index.php\/bosna-i-hercegovina\/item\/253966-advokat-osumnjicenih-za-terorizam-u-bos-krupi-pronadjen-novac-ima-porijeklo-culi-ste-za-sergiju\/","og_site_name":"TuzlaInfo.ba","article_publisher":"https:\/\/www.facebook.com\/tuzlainfo.ba\/","article_published_time":"2024-10-29T18:13:04+00:00","og_image":[{"width":900,"height":506,"url":"https:\/\/tuzlainfo.ba\/wp-content\/uploads\/2024\/10\/2910_rusmir_karkin.jpg","type":"image\/jpeg"}],"author":"nedim","twitter_card":"summary_large_image","twitter_misc":{"Written by":"nedim","Est. reading time":"2 minute"},"schema":{"@context":"https:\/\/schema.org","@graph":[{"@type":"Article","@id":"https:\/\/tuzlainfo.ba\/index.php\/bosna-i-hercegovina\/item\/253966-advokat-osumnjicenih-za-terorizam-u-bos-krupi-pronadjen-novac-ima-porijeklo-culi-ste-za-sergiju\/#article","isPartOf":{"@id":"https:\/\/tuzlainfo.ba\/index.php\/bosna-i-hercegovina\/item\/253966-advokat-osumnjicenih-za-terorizam-u-bos-krupi-pronadjen-novac-ima-porijeklo-culi-ste-za-sergiju\/"},"author":{"name":"nedim","@id":"https:\/\/tuzlainfo.ba\/#\/schema\/person\/f434e20dc27ea133923aab08451b7f7f"},"headline":"Advokat osumnji\u010denih za terorizam u Bos. Krupi: &#8220;&#8221;Prona\u0111en novac ima porijeklo, \u010duli ste za sergiju&#8221;","datePublished":"2024-10-29T18:13:04+00:00","dateModified":"2024-10-29T18:13:04+00:00","mainEntityOfPage":{"@id":"https:\/\/tuzlainfo.ba\/index.php\/bosna-i-hercegovina\/item\/253966-advokat-osumnjicenih-za-terorizam-u-bos-krupi-pronadjen-novac-ima-porijeklo-culi-ste-za-sergiju\/"},"wordCount":336,"publisher":{"@id":"https:\/\/tuzlainfo.ba\/#organization"},"image":{"@id":"https:\/\/tuzlainfo.ba\/index.php\/bosna-i-hercegovina\/item\/253966-advokat-osumnjicenih-za-terorizam-u-bos-krupi-pronadjen-novac-ima-porijeklo-culi-ste-za-sergiju\/#primaryimage"},"thumbnailUrl":"https:\/\/tuzlainfo.ba\/wp-content\/uploads\/2024\/10\/2910_rusmir_karkin.jpg","keywords":["bosanski petrovac","rusmir karkin"],"articleSection":["Bosna i Hercegovina"],"inLanguage":"bs-BA"},{"@type":"WebPage","@id":"https:\/\/tuzlainfo.ba\/index.php\/bosna-i-hercegovina\/item\/253966-advokat-osumnjicenih-za-terorizam-u-bos-krupi-pronadjen-novac-ima-porijeklo-culi-ste-za-sergiju\/","url":"https:\/\/tuzlainfo.ba\/index.php\/bosna-i-hercegovina\/item\/253966-advokat-osumnjicenih-za-terorizam-u-bos-krupi-pronadjen-novac-ima-porijeklo-culi-ste-za-sergiju\/","name":"Advokat osumnji\u010denih za terorizam u Bos. Krupi: \"\"Prona\u0111en novac ima porijeklo, \u010duli ste za sergiju\" - TuzlaInfo.ba","isPartOf":{"@id":"https:\/\/tuzlainfo.ba\/#website"},"primaryImageOfPage":{"@id":"https:\/\/tuzlainfo.ba\/index.php\/bosna-i-hercegovina\/item\/253966-advokat-osumnjicenih-za-terorizam-u-bos-krupi-pronadjen-novac-ima-porijeklo-culi-ste-za-sergiju\/#primaryimage"},"image":{"@id":"https:\/\/tuzlainfo.ba\/index.php\/bosna-i-hercegovina\/item\/253966-advokat-osumnjicenih-za-terorizam-u-bos-krupi-pronadjen-novac-ima-porijeklo-culi-ste-za-sergiju\/#primaryimage"},"thumbnailUrl":"https:\/\/tuzlainfo.ba\/wp-content\/uploads\/2024\/10\/2910_rusmir_karkin.jpg","datePublished":"2024-10-29T18:13:04+00:00","dateModified":"2024-10-29T18:13:04+00:00","breadcrumb":{"@id":"https:\/\/tuzlainfo.ba\/index.php\/bosna-i-hercegovina\/item\/253966-advokat-osumnjicenih-za-terorizam-u-bos-krupi-pronadjen-novac-ima-porijeklo-culi-ste-za-sergiju\/#breadcrumb"},"inLanguage":"bs-BA","potentialAction":[{"@type":"ReadAction","target":["https:\/\/tuzlainfo.ba\/index.php\/bosna-i-hercegovina\/item\/253966-advokat-osumnjicenih-za-terorizam-u-bos-krupi-pronadjen-novac-ima-porijeklo-culi-ste-za-sergiju\/"]}]},{"@type":"ImageObject","inLanguage":"bs-BA","@id":"https:\/\/tuzlainfo.ba\/index.php\/bosna-i-hercegovina\/item\/253966-advokat-osumnjicenih-za-terorizam-u-bos-krupi-pronadjen-novac-ima-porijeklo-culi-ste-za-sergiju\/#primaryimage","url":"https:\/\/tuzlainfo.ba\/wp-content\/uploads\/2024\/10\/2910_rusmir_karkin.jpg","contentUrl":"https:\/\/tuzlainfo.ba\/wp-content\/uploads\/2024\/10\/2910_rusmir_karkin.jpg","width":900,"height":506,"caption":"Rusmir Karkin \/ N1"},{"@type":"BreadcrumbList","@id":"https:\/\/tuzlainfo.ba\/index.php\/bosna-i-hercegovina\/item\/253966-advokat-osumnjicenih-za-terorizam-u-bos-krupi-pronadjen-novac-ima-porijeklo-culi-ste-za-sergiju\/#breadcrumb","itemListElement":[{"@type":"ListItem","position":1,"name":"Home","item":"https:\/\/tuzlainfo.ba\/"},{"@type":"ListItem","position":2,"name":"Advokat osumnji\u010denih za terorizam u Bos. Krupi: &#8220;&#8221;Prona\u0111en novac ima porijeklo, \u010duli ste za sergiju&#8221;"}]},{"@type":"WebSite","@id":"https:\/\/tuzlainfo.ba\/#website","url":"https:\/\/tuzlainfo.ba\/","name":"TuzlaInfo.ba","description":"Tuzla info, gradski informator - Tuzla na dlanu","publisher":{"@id":"https:\/\/tuzlainfo.ba\/#organization"},"potentialAction":[{"@type":"SearchAction","target":{"@type":"EntryPoint","urlTemplate":"https:\/\/tuzlainfo.ba\/?s={search_term_string}"},"query-input":{"@type":"PropertyValueSpecification","valueRequired":true,"valueName":"search_term_string"}}],"inLanguage":"bs-BA"},{"@type":"Organization","@id":"https:\/\/tuzlainfo.ba\/#organization","name":"TuzlaInfo.ba","url":"https:\/\/tuzlainfo.ba\/","logo":{"@type":"ImageObject","inLanguage":"bs-BA","@id":"https:\/\/tuzlainfo.ba\/#\/schema\/logo\/image\/","url":"https:\/\/tuzlainfo.ba\/wp-content\/uploads\/2021\/03\/logo-ver-3-1.png","contentUrl":"https:\/\/tuzlainfo.ba\/wp-content\/uploads\/2021\/03\/logo-ver-3-1.png","width":350,"height":95,"caption":"TuzlaInfo.ba"},"image":{"@id":"https:\/\/tuzlainfo.ba\/#\/schema\/logo\/image\/"},"sameAs":["https:\/\/www.facebook.com\/tuzlainfo.ba\/"]},{"@type":"Person","@id":"https:\/\/tuzlainfo.ba\/#\/schema\/person\/f434e20dc27ea133923aab08451b7f7f","name":"nedim","image":{"@type":"ImageObject","inLanguage":"bs-BA","@id":"https:\/\/tuzlainfo.ba\/#\/schema\/person\/image\/","url":"https:\/\/tuzlainfo.ba\/wp-content\/litespeed\/avatar\/aabad687af24844af817603ac1cbdc4f.jpg?ver=1777306975","contentUrl":"https:\/\/tuzlainfo.ba\/wp-content\/litespeed\/avatar\/aabad687af24844af817603ac1cbdc4f.jpg?ver=1777306975","caption":"nedim"},"description":"Tuzlainfo.ba pratite na dru\u0161tvenim mre\u017eama: Facebook, Instagram i Youtube. Svoje pri\u010de, upite i fotografije \u0161aljite na na\u0161u e-mail adresu."}]}},"_links":{"self":[{"href":"https:\/\/tuzlainfo.ba\/index.php\/wp-json\/wp\/v2\/posts\/253966"}],"collection":[{"href":"https:\/\/tuzlainfo.ba\/index.php\/wp-json\/wp\/v2\/posts"}],"about":[{"href":"https:\/\/tuzlainfo.ba\/index.php\/wp-json\/wp\/v2\/types\/post"}],"author":[{"embeddable":true,"href":"https:\/\/tuzlainfo.ba\/index.php\/wp-json\/wp\/v2\/users\/2"}],"replies":[{"embeddable":true,"href":"https:\/\/tuzlainfo.ba\/index.php\/wp-json\/wp\/v2\/comments?post=253966"}],"version-history":[{"count":1,"href":"https:\/\/tuzlainfo.ba\/index.php\/wp-json\/wp\/v2\/posts\/253966\/revisions"}],"predecessor-version":[{"id":253968,"href":"https:\/\/tuzlainfo.ba\/index.php\/wp-json\/wp\/v2\/posts\/253966\/revisions\/253968"}],"wp:featuredmedia":[{"embeddable":true,"href":"https:\/\/tuzlainfo.ba\/index.php\/wp-json\/wp\/v2\/media\/253967"}],"wp:attachment":[{"href":"https:\/\/tuzlainfo.ba\/index.php\/wp-json\/wp\/v2\/media?parent=253966"}],"wp:term":[{"taxonomy":"category","embeddable":true,"href":"https:\/\/tuzlainfo.ba\/index.php\/wp-json\/wp\/v2\/categories?post=253966"},{"taxonomy":"post_tag","embeddable":true,"href":"https:\/\/tuzlainfo.ba\/index.php\/wp-json\/wp\/v2\/tags?post=253966"}],"curies":[{"name":"wp","href":"https:\/\/api.w.org\/{rel}","templated":true}]}}