{"id":253918,"date":"2024-10-29T12:13:47","date_gmt":"2024-10-29T11:13:47","guid":{"rendered":"https:\/\/tuzlainfo.ba\/?p=253918"},"modified":"2024-10-29T12:13:47","modified_gmt":"2024-10-29T11:13:47","slug":"dom-naroda-psbih-covic-slagao-bosnjake-sporni-zakon-drzi-na-dnevnom-redu","status":"publish","type":"post","link":"https:\/\/tuzlainfo.ba\/index.php\/bosna-i-hercegovina\/item\/253918-dom-naroda-psbih-covic-slagao-bosnjake-sporni-zakon-drzi-na-dnevnom-redu\/","title":{"rendered":"Dom naroda PSBiH: \u010covi\u0107 slagao Bo\u0161njake, sporni zakon dr\u017ei na dnevnom redu"},"content":{"rendered":"<p>U Sarajevu je sa zaka\u0161njenjem po\u010dela u martu prekinuta sjednica Doma naroda Parlamentarne skup\u0161tine Bosne i Hercegovine.\u00a0Podsjetimo, sjednica zapo\u010deta u martu je prekinuta jer su je, prenose Vijesti.ba, napustili delegati iz Kluba bo\u0161nja\u010dkog naroda nakon \u0161to je u dnevni red uvr\u0161teno razmatranje zahtjeva delegata iz Kluba srpskog naroda\u00a0<strong>\u017delimira Ne\u0161kovi\u0107a<\/strong>\u00a0da se neustavni Prijedlog zakona o Ustavnom sudu BiH razmatra po hitnom postupku.<\/p>\n<p>Delegati iz Kluba bo\u0161nja\u010dkog naroda odlu\u010dili su da ne prisustvuju sjednicama dok se s dnevnog reda ne skine prijedlog ovog zakona, za koji su kazali da je protivan Ustavu BiH.<\/p>\n<div class=\"teads-adCall\"><\/div>\n<p>Delegat \u017delimir Ne\u0161kovi\u0107 je 15. oktobra izjavio da povla\u010di Prijedlog zakona o Ustavnom sudu BiH, nakon \u010dega je zakazan nastavak sjednice.<\/p>\n<p>No, uo\u010di samog po\u010detka sjednice uo\u010dljivo je bilo ka\u0161njenje delegate iz Kluba bo\u0161nja\u010dkog naroda. Delegat<strong>\u00a0\u0160efik D\u017eaferovi\u0107<\/strong>\u00a0(SDA) rekao je da je Ne\u0161kovi\u0107ev prijedlog jo\u0161 uvijek na Dnevnom redu te upitao za\u0161to to nije u\u010dinjeno.<\/p>\n<div><\/div>\n<p>Odgovorio je predsjedavaju\u0107i Doma\u00a0<strong>Dragan \u010covi\u0107<\/strong>\u00a0(HDZ BIH) rekav\u0161i da Kolegij nije na\u0161ao mogu\u0107nost da se sa ve\u0107 usvojenog dnevnog rada povu\u010de ova ta\u010dka.<\/p>\n<p>Ponovo je replicirao D\u017eaferovi\u0107, rekao je da se odreba koja se ti\u010de povla\u010denja s dnevnog reda odnosi na redovnu sjednicu, te da je rije\u010d o hitnoj procedure kada se radi o Prijedlogu zakona kojeg je podnio Ne\u0161kovi\u0107.<\/p>\n<p>\u201cI Kolegij je tako trebao da tuma\u010di poslovnik i mogao je da bri\u0161e ta\u010dku sa dnevnog reda\u201d, rekao je D\u017eaferovi\u0107.<\/p>\n<p>Delegat\u00a0<strong>D\u017eenan \u0110onlagi\u0107<\/strong>\u00a0je naveo da su dva \u010dlana Kolegija insistirala da ova ta\u010dka ostane na dnevnom redu.<\/p>\n<p><strong><em>\u201cPotpuno ista situacija se desila u Predstavni\u010dlkom domu. Na usvojenom dnevnom redu je, prenose Vijesti.ba, bila ta\u010dka o finansiranju insitucija BIH, koje je predlo\u017eio Predrag Ko\u017eul. Mjesec poslije je povukao zakon iz procedure, a nakon toga je Predstavni\u010dki dom odr\u017eao sjednicu na kojoj na dnevnom redu nije bilo Prijedlog Zakona o finansiranju institucija BIH\u201d,<\/em><\/strong>\u00a0rekao je \u0110onlagi\u0107.<\/p>\n<p>\u010clan Kolegija\u00a0<strong>Kemal Ademovi\u0107<\/strong>\u00a0prenio je informacije sa sjednice Kolegija.<\/p>\n<p><strong><em>\u201cJa sam tra\u017eio da se skine ova ta\u010dka s dnevnog reda. Onda je krenulo tuma\u010denje Poslovnika. Ovdje se ne uva\u017eavaju nikakvi argumenti, nego se uvela praksa preglasavanja \u201cja\u010di, tla\u010di\u201d. Ako je to taj evropski put da se preglasavanjem ide naprijed, \u010destitam!\u201d,<\/em><\/strong>\u00a0rekao je Ademovi\u0107, prenose Vijesti.ba.<\/p>\n<p>Prekinuo ga je \u010covi\u0107 rije\u010dima:\u00a0<strong><em>Mo\u017eemo li se vratiti na su\u0161tinu, na \u0161to je Ademovi\u0107 odgovorio: Ja sam uvijek u su\u0161tini.<\/em><\/strong><\/p>\n<p><strong><em>\u201cMene je \u010covi\u0107 zvao da sjednemo i vidimo kako iza\u0107i iz ove krize. Sjeli smo sa Klubom Bo\u0161njaka i dogovorili se. Me\u0111utim, nakon toga je Ne\u0161kovi\u0107 povukao prijeldog zakona i po automatizmu nije trebao biti u dnevnom redu\u201d,<\/em><\/strong>\u00a0rekao je Ademovi\u0107.<\/p>\n<p>\u010covi\u0107 je potom ponudio da se na hitnoj sjednici promijene Poslovnik.<\/p>\n<p>Nakon toga je D\u017eaferovi\u0107 rekao da je potrebno prona\u0107i formalno rje\u0161enje, ako nikome nije sporno \u0161to je Prijedlog zakona povu\u010den.<\/p>\n<p><strong><em>&#8220;Ja u ime Kluba bo\u0161nja\u010dkog naroda nudim izlaz iz ovog naroda i to u skladu s Poslovnikom&#8221;<\/em><\/strong>, rekao je D\u017eaferovi\u0107 i zatra\u017eio da Dom naroda donese zaklju\u010dak da se Prijedlog zakona smatra povu\u010denim i da se skida sa dnevnog reda.<\/p>\n<p>\u010covi\u0107 je na to poru\u010dio da se o tome ne\u0107e glasati sada, jer je dnevni red ve\u0107 usvojen.\/SB\/<\/p>\n","protected":false},"excerpt":{"rendered":"<p>U Sarajevu je sa zaka\u0161njenjem po\u010dela u martu prekinuta sjednica Doma naroda Parlamentarne skup\u0161tine Bosne&hellip;<\/p>\n","protected":false},"author":2,"featured_media":200768,"comment_status":"closed","ping_status":"closed","sticky":false,"template":"","format":"standard","meta":{"_acf_changed":false,"footnotes":""},"categories":[291],"tags":[4735],"acf":[],"yoast_head":"<!-- This site is optimized with the Yoast SEO plugin v23.5 - https:\/\/yoast.com\/wordpress\/plugins\/seo\/ -->\n<title>Dom naroda PSBiH: \u010covi\u0107 slagao Bo\u0161njake, sporni zakon dr\u017ei na dnevnom redu - TuzlaInfo.ba<\/title>\n<meta name=\"robots\" content=\"index, follow, max-snippet:-1, max-image-preview:large, max-video-preview:-1\" \/>\n<link rel=\"canonical\" href=\"https:\/\/tuzlainfo.ba\/index.php\/bosna-i-hercegovina\/item\/253918-dom-naroda-psbih-covic-slagao-bosnjake-sporni-zakon-drzi-na-dnevnom-redu\/\" \/>\n<meta property=\"og:locale\" content=\"bs_BA\" \/>\n<meta property=\"og:type\" content=\"article\" \/>\n<meta property=\"og:title\" content=\"Dom naroda PSBiH: \u010covi\u0107 slagao Bo\u0161njake, sporni zakon dr\u017ei na dnevnom redu - TuzlaInfo.ba\" \/>\n<meta property=\"og:description\" content=\"U Sarajevu je sa zaka\u0161njenjem po\u010dela u martu prekinuta sjednica Doma naroda Parlamentarne skup\u0161tine Bosne&hellip;\" \/>\n<meta property=\"og:url\" content=\"https:\/\/tuzlainfo.ba\/index.php\/bosna-i-hercegovina\/item\/253918-dom-naroda-psbih-covic-slagao-bosnjake-sporni-zakon-drzi-na-dnevnom-redu\/\" \/>\n<meta property=\"og:site_name\" content=\"TuzlaInfo.ba\" \/>\n<meta property=\"article:publisher\" content=\"https:\/\/www.facebook.com\/tuzlainfo.ba\/\" \/>\n<meta property=\"article:published_time\" content=\"2024-10-29T11:13:47+00:00\" \/>\n<meta property=\"og:image\" content=\"https:\/\/tuzlainfo.ba\/wp-content\/uploads\/2023\/03\/2803_dom-naroda_psbih.jpeg\" \/>\n\t<meta property=\"og:image:width\" content=\"1297\" \/>\n\t<meta property=\"og:image:height\" content=\"730\" \/>\n\t<meta property=\"og:image:type\" content=\"image\/jpeg\" \/>\n<meta name=\"author\" content=\"nedim\" \/>\n<meta name=\"twitter:card\" content=\"summary_large_image\" \/>\n<meta name=\"twitter:label1\" content=\"Written by\" \/>\n\t<meta name=\"twitter:data1\" content=\"nedim\" \/>\n\t<meta name=\"twitter:label2\" content=\"Est. reading time\" \/>\n\t<meta name=\"twitter:data2\" content=\"4 minute\" \/>\n<script type=\"application\/ld+json\" class=\"yoast-schema-graph\">{\"@context\":\"https:\/\/schema.org\",\"@graph\":[{\"@type\":\"Article\",\"@id\":\"https:\/\/tuzlainfo.ba\/index.php\/bosna-i-hercegovina\/item\/253918-dom-naroda-psbih-covic-slagao-bosnjake-sporni-zakon-drzi-na-dnevnom-redu\/#article\",\"isPartOf\":{\"@id\":\"https:\/\/tuzlainfo.ba\/index.php\/bosna-i-hercegovina\/item\/253918-dom-naroda-psbih-covic-slagao-bosnjake-sporni-zakon-drzi-na-dnevnom-redu\/\"},\"author\":{\"name\":\"nedim\",\"@id\":\"https:\/\/tuzlainfo.ba\/#\/schema\/person\/f434e20dc27ea133923aab08451b7f7f\"},\"headline\":\"Dom naroda PSBiH: \u010covi\u0107 slagao Bo\u0161njake, sporni zakon dr\u017ei na dnevnom redu\",\"datePublished\":\"2024-10-29T11:13:47+00:00\",\"dateModified\":\"2024-10-29T11:13:47+00:00\",\"mainEntityOfPage\":{\"@id\":\"https:\/\/tuzlainfo.ba\/index.php\/bosna-i-hercegovina\/item\/253918-dom-naroda-psbih-covic-slagao-bosnjake-sporni-zakon-drzi-na-dnevnom-redu\/\"},\"wordCount\":603,\"publisher\":{\"@id\":\"https:\/\/tuzlainfo.ba\/#organization\"},\"image\":{\"@id\":\"https:\/\/tuzlainfo.ba\/index.php\/bosna-i-hercegovina\/item\/253918-dom-naroda-psbih-covic-slagao-bosnjake-sporni-zakon-drzi-na-dnevnom-redu\/#primaryimage\"},\"thumbnailUrl\":\"https:\/\/tuzlainfo.ba\/wp-content\/uploads\/2023\/03\/2803_dom-naroda_psbih.jpeg\",\"keywords\":[\"dom naroda bih\"],\"articleSection\":[\"Bosna i Hercegovina\"],\"inLanguage\":\"bs-BA\"},{\"@type\":\"WebPage\",\"@id\":\"https:\/\/tuzlainfo.ba\/index.php\/bosna-i-hercegovina\/item\/253918-dom-naroda-psbih-covic-slagao-bosnjake-sporni-zakon-drzi-na-dnevnom-redu\/\",\"url\":\"https:\/\/tuzlainfo.ba\/index.php\/bosna-i-hercegovina\/item\/253918-dom-naroda-psbih-covic-slagao-bosnjake-sporni-zakon-drzi-na-dnevnom-redu\/\",\"name\":\"Dom naroda PSBiH: \u010covi\u0107 slagao Bo\u0161njake, sporni zakon dr\u017ei na dnevnom redu - TuzlaInfo.ba\",\"isPartOf\":{\"@id\":\"https:\/\/tuzlainfo.ba\/#website\"},\"primaryImageOfPage\":{\"@id\":\"https:\/\/tuzlainfo.ba\/index.php\/bosna-i-hercegovina\/item\/253918-dom-naroda-psbih-covic-slagao-bosnjake-sporni-zakon-drzi-na-dnevnom-redu\/#primaryimage\"},\"image\":{\"@id\":\"https:\/\/tuzlainfo.ba\/index.php\/bosna-i-hercegovina\/item\/253918-dom-naroda-psbih-covic-slagao-bosnjake-sporni-zakon-drzi-na-dnevnom-redu\/#primaryimage\"},\"thumbnailUrl\":\"https:\/\/tuzlainfo.ba\/wp-content\/uploads\/2023\/03\/2803_dom-naroda_psbih.jpeg\",\"datePublished\":\"2024-10-29T11:13:47+00:00\",\"dateModified\":\"2024-10-29T11:13:47+00:00\",\"breadcrumb\":{\"@id\":\"https:\/\/tuzlainfo.ba\/index.php\/bosna-i-hercegovina\/item\/253918-dom-naroda-psbih-covic-slagao-bosnjake-sporni-zakon-drzi-na-dnevnom-redu\/#breadcrumb\"},\"inLanguage\":\"bs-BA\",\"potentialAction\":[{\"@type\":\"ReadAction\",\"target\":[\"https:\/\/tuzlainfo.ba\/index.php\/bosna-i-hercegovina\/item\/253918-dom-naroda-psbih-covic-slagao-bosnjake-sporni-zakon-drzi-na-dnevnom-redu\/\"]}]},{\"@type\":\"ImageObject\",\"inLanguage\":\"bs-BA\",\"@id\":\"https:\/\/tuzlainfo.ba\/index.php\/bosna-i-hercegovina\/item\/253918-dom-naroda-psbih-covic-slagao-bosnjake-sporni-zakon-drzi-na-dnevnom-redu\/#primaryimage\",\"url\":\"https:\/\/tuzlainfo.ba\/wp-content\/uploads\/2023\/03\/2803_dom-naroda_psbih.jpeg\",\"contentUrl\":\"https:\/\/tuzlainfo.ba\/wp-content\/uploads\/2023\/03\/2803_dom-naroda_psbih.jpeg\",\"width\":1297,\"height\":730},{\"@type\":\"BreadcrumbList\",\"@id\":\"https:\/\/tuzlainfo.ba\/index.php\/bosna-i-hercegovina\/item\/253918-dom-naroda-psbih-covic-slagao-bosnjake-sporni-zakon-drzi-na-dnevnom-redu\/#breadcrumb\",\"itemListElement\":[{\"@type\":\"ListItem\",\"position\":1,\"name\":\"Home\",\"item\":\"https:\/\/tuzlainfo.ba\/\"},{\"@type\":\"ListItem\",\"position\":2,\"name\":\"Dom naroda PSBiH: \u010covi\u0107 slagao Bo\u0161njake, sporni zakon dr\u017ei na dnevnom redu\"}]},{\"@type\":\"WebSite\",\"@id\":\"https:\/\/tuzlainfo.ba\/#website\",\"url\":\"https:\/\/tuzlainfo.ba\/\",\"name\":\"TuzlaInfo.ba\",\"description\":\"Tuzla info, gradski informator - Tuzla na dlanu\",\"publisher\":{\"@id\":\"https:\/\/tuzlainfo.ba\/#organization\"},\"potentialAction\":[{\"@type\":\"SearchAction\",\"target\":{\"@type\":\"EntryPoint\",\"urlTemplate\":\"https:\/\/tuzlainfo.ba\/?s={search_term_string}\"},\"query-input\":{\"@type\":\"PropertyValueSpecification\",\"valueRequired\":true,\"valueName\":\"search_term_string\"}}],\"inLanguage\":\"bs-BA\"},{\"@type\":\"Organization\",\"@id\":\"https:\/\/tuzlainfo.ba\/#organization\",\"name\":\"TuzlaInfo.ba\",\"url\":\"https:\/\/tuzlainfo.ba\/\",\"logo\":{\"@type\":\"ImageObject\",\"inLanguage\":\"bs-BA\",\"@id\":\"https:\/\/tuzlainfo.ba\/#\/schema\/logo\/image\/\",\"url\":\"https:\/\/tuzlainfo.ba\/wp-content\/uploads\/2021\/03\/logo-ver-3-1.png\",\"contentUrl\":\"https:\/\/tuzlainfo.ba\/wp-content\/uploads\/2021\/03\/logo-ver-3-1.png\",\"width\":350,\"height\":95,\"caption\":\"TuzlaInfo.ba\"},\"image\":{\"@id\":\"https:\/\/tuzlainfo.ba\/#\/schema\/logo\/image\/\"},\"sameAs\":[\"https:\/\/www.facebook.com\/tuzlainfo.ba\/\"]},{\"@type\":\"Person\",\"@id\":\"https:\/\/tuzlainfo.ba\/#\/schema\/person\/f434e20dc27ea133923aab08451b7f7f\",\"name\":\"nedim\",\"image\":{\"@type\":\"ImageObject\",\"inLanguage\":\"bs-BA\",\"@id\":\"https:\/\/tuzlainfo.ba\/#\/schema\/person\/image\/\",\"url\":\"https:\/\/tuzlainfo.ba\/wp-content\/litespeed\/avatar\/aabad687af24844af817603ac1cbdc4f.jpg?ver=1776702173\",\"contentUrl\":\"https:\/\/tuzlainfo.ba\/wp-content\/litespeed\/avatar\/aabad687af24844af817603ac1cbdc4f.jpg?ver=1776702173\",\"caption\":\"nedim\"},\"description\":\"Tuzlainfo.ba pratite na dru\u0161tvenim mre\u017eama: Facebook, Instagram i Youtube. Svoje pri\u010de, upite i fotografije \u0161aljite na na\u0161u e-mail adresu.\"}]}<\/script>\n<!-- \/ Yoast SEO plugin. -->","yoast_head_json":{"title":"Dom naroda PSBiH: \u010covi\u0107 slagao Bo\u0161njake, sporni zakon dr\u017ei na dnevnom redu - TuzlaInfo.ba","robots":{"index":"index","follow":"follow","max-snippet":"max-snippet:-1","max-image-preview":"max-image-preview:large","max-video-preview":"max-video-preview:-1"},"canonical":"https:\/\/tuzlainfo.ba\/index.php\/bosna-i-hercegovina\/item\/253918-dom-naroda-psbih-covic-slagao-bosnjake-sporni-zakon-drzi-na-dnevnom-redu\/","og_locale":"bs_BA","og_type":"article","og_title":"Dom naroda PSBiH: \u010covi\u0107 slagao Bo\u0161njake, sporni zakon dr\u017ei na dnevnom redu - TuzlaInfo.ba","og_description":"U Sarajevu je sa zaka\u0161njenjem po\u010dela u martu prekinuta sjednica Doma naroda Parlamentarne skup\u0161tine Bosne&hellip;","og_url":"https:\/\/tuzlainfo.ba\/index.php\/bosna-i-hercegovina\/item\/253918-dom-naroda-psbih-covic-slagao-bosnjake-sporni-zakon-drzi-na-dnevnom-redu\/","og_site_name":"TuzlaInfo.ba","article_publisher":"https:\/\/www.facebook.com\/tuzlainfo.ba\/","article_published_time":"2024-10-29T11:13:47+00:00","og_image":[{"width":1297,"height":730,"url":"https:\/\/tuzlainfo.ba\/wp-content\/uploads\/2023\/03\/2803_dom-naroda_psbih.jpeg","type":"image\/jpeg"}],"author":"nedim","twitter_card":"summary_large_image","twitter_misc":{"Written by":"nedim","Est. reading time":"4 minute"},"schema":{"@context":"https:\/\/schema.org","@graph":[{"@type":"Article","@id":"https:\/\/tuzlainfo.ba\/index.php\/bosna-i-hercegovina\/item\/253918-dom-naroda-psbih-covic-slagao-bosnjake-sporni-zakon-drzi-na-dnevnom-redu\/#article","isPartOf":{"@id":"https:\/\/tuzlainfo.ba\/index.php\/bosna-i-hercegovina\/item\/253918-dom-naroda-psbih-covic-slagao-bosnjake-sporni-zakon-drzi-na-dnevnom-redu\/"},"author":{"name":"nedim","@id":"https:\/\/tuzlainfo.ba\/#\/schema\/person\/f434e20dc27ea133923aab08451b7f7f"},"headline":"Dom naroda PSBiH: \u010covi\u0107 slagao Bo\u0161njake, sporni zakon dr\u017ei na dnevnom redu","datePublished":"2024-10-29T11:13:47+00:00","dateModified":"2024-10-29T11:13:47+00:00","mainEntityOfPage":{"@id":"https:\/\/tuzlainfo.ba\/index.php\/bosna-i-hercegovina\/item\/253918-dom-naroda-psbih-covic-slagao-bosnjake-sporni-zakon-drzi-na-dnevnom-redu\/"},"wordCount":603,"publisher":{"@id":"https:\/\/tuzlainfo.ba\/#organization"},"image":{"@id":"https:\/\/tuzlainfo.ba\/index.php\/bosna-i-hercegovina\/item\/253918-dom-naroda-psbih-covic-slagao-bosnjake-sporni-zakon-drzi-na-dnevnom-redu\/#primaryimage"},"thumbnailUrl":"https:\/\/tuzlainfo.ba\/wp-content\/uploads\/2023\/03\/2803_dom-naroda_psbih.jpeg","keywords":["dom naroda bih"],"articleSection":["Bosna i Hercegovina"],"inLanguage":"bs-BA"},{"@type":"WebPage","@id":"https:\/\/tuzlainfo.ba\/index.php\/bosna-i-hercegovina\/item\/253918-dom-naroda-psbih-covic-slagao-bosnjake-sporni-zakon-drzi-na-dnevnom-redu\/","url":"https:\/\/tuzlainfo.ba\/index.php\/bosna-i-hercegovina\/item\/253918-dom-naroda-psbih-covic-slagao-bosnjake-sporni-zakon-drzi-na-dnevnom-redu\/","name":"Dom naroda PSBiH: \u010covi\u0107 slagao Bo\u0161njake, sporni zakon dr\u017ei na dnevnom redu - TuzlaInfo.ba","isPartOf":{"@id":"https:\/\/tuzlainfo.ba\/#website"},"primaryImageOfPage":{"@id":"https:\/\/tuzlainfo.ba\/index.php\/bosna-i-hercegovina\/item\/253918-dom-naroda-psbih-covic-slagao-bosnjake-sporni-zakon-drzi-na-dnevnom-redu\/#primaryimage"},"image":{"@id":"https:\/\/tuzlainfo.ba\/index.php\/bosna-i-hercegovina\/item\/253918-dom-naroda-psbih-covic-slagao-bosnjake-sporni-zakon-drzi-na-dnevnom-redu\/#primaryimage"},"thumbnailUrl":"https:\/\/tuzlainfo.ba\/wp-content\/uploads\/2023\/03\/2803_dom-naroda_psbih.jpeg","datePublished":"2024-10-29T11:13:47+00:00","dateModified":"2024-10-29T11:13:47+00:00","breadcrumb":{"@id":"https:\/\/tuzlainfo.ba\/index.php\/bosna-i-hercegovina\/item\/253918-dom-naroda-psbih-covic-slagao-bosnjake-sporni-zakon-drzi-na-dnevnom-redu\/#breadcrumb"},"inLanguage":"bs-BA","potentialAction":[{"@type":"ReadAction","target":["https:\/\/tuzlainfo.ba\/index.php\/bosna-i-hercegovina\/item\/253918-dom-naroda-psbih-covic-slagao-bosnjake-sporni-zakon-drzi-na-dnevnom-redu\/"]}]},{"@type":"ImageObject","inLanguage":"bs-BA","@id":"https:\/\/tuzlainfo.ba\/index.php\/bosna-i-hercegovina\/item\/253918-dom-naroda-psbih-covic-slagao-bosnjake-sporni-zakon-drzi-na-dnevnom-redu\/#primaryimage","url":"https:\/\/tuzlainfo.ba\/wp-content\/uploads\/2023\/03\/2803_dom-naroda_psbih.jpeg","contentUrl":"https:\/\/tuzlainfo.ba\/wp-content\/uploads\/2023\/03\/2803_dom-naroda_psbih.jpeg","width":1297,"height":730},{"@type":"BreadcrumbList","@id":"https:\/\/tuzlainfo.ba\/index.php\/bosna-i-hercegovina\/item\/253918-dom-naroda-psbih-covic-slagao-bosnjake-sporni-zakon-drzi-na-dnevnom-redu\/#breadcrumb","itemListElement":[{"@type":"ListItem","position":1,"name":"Home","item":"https:\/\/tuzlainfo.ba\/"},{"@type":"ListItem","position":2,"name":"Dom naroda PSBiH: \u010covi\u0107 slagao Bo\u0161njake, sporni zakon dr\u017ei na dnevnom redu"}]},{"@type":"WebSite","@id":"https:\/\/tuzlainfo.ba\/#website","url":"https:\/\/tuzlainfo.ba\/","name":"TuzlaInfo.ba","description":"Tuzla info, gradski informator - Tuzla na dlanu","publisher":{"@id":"https:\/\/tuzlainfo.ba\/#organization"},"potentialAction":[{"@type":"SearchAction","target":{"@type":"EntryPoint","urlTemplate":"https:\/\/tuzlainfo.ba\/?s={search_term_string}"},"query-input":{"@type":"PropertyValueSpecification","valueRequired":true,"valueName":"search_term_string"}}],"inLanguage":"bs-BA"},{"@type":"Organization","@id":"https:\/\/tuzlainfo.ba\/#organization","name":"TuzlaInfo.ba","url":"https:\/\/tuzlainfo.ba\/","logo":{"@type":"ImageObject","inLanguage":"bs-BA","@id":"https:\/\/tuzlainfo.ba\/#\/schema\/logo\/image\/","url":"https:\/\/tuzlainfo.ba\/wp-content\/uploads\/2021\/03\/logo-ver-3-1.png","contentUrl":"https:\/\/tuzlainfo.ba\/wp-content\/uploads\/2021\/03\/logo-ver-3-1.png","width":350,"height":95,"caption":"TuzlaInfo.ba"},"image":{"@id":"https:\/\/tuzlainfo.ba\/#\/schema\/logo\/image\/"},"sameAs":["https:\/\/www.facebook.com\/tuzlainfo.ba\/"]},{"@type":"Person","@id":"https:\/\/tuzlainfo.ba\/#\/schema\/person\/f434e20dc27ea133923aab08451b7f7f","name":"nedim","image":{"@type":"ImageObject","inLanguage":"bs-BA","@id":"https:\/\/tuzlainfo.ba\/#\/schema\/person\/image\/","url":"https:\/\/tuzlainfo.ba\/wp-content\/litespeed\/avatar\/aabad687af24844af817603ac1cbdc4f.jpg?ver=1776702173","contentUrl":"https:\/\/tuzlainfo.ba\/wp-content\/litespeed\/avatar\/aabad687af24844af817603ac1cbdc4f.jpg?ver=1776702173","caption":"nedim"},"description":"Tuzlainfo.ba pratite na dru\u0161tvenim mre\u017eama: Facebook, Instagram i Youtube. Svoje pri\u010de, upite i fotografije \u0161aljite na na\u0161u e-mail adresu."}]}},"_links":{"self":[{"href":"https:\/\/tuzlainfo.ba\/index.php\/wp-json\/wp\/v2\/posts\/253918"}],"collection":[{"href":"https:\/\/tuzlainfo.ba\/index.php\/wp-json\/wp\/v2\/posts"}],"about":[{"href":"https:\/\/tuzlainfo.ba\/index.php\/wp-json\/wp\/v2\/types\/post"}],"author":[{"embeddable":true,"href":"https:\/\/tuzlainfo.ba\/index.php\/wp-json\/wp\/v2\/users\/2"}],"replies":[{"embeddable":true,"href":"https:\/\/tuzlainfo.ba\/index.php\/wp-json\/wp\/v2\/comments?post=253918"}],"version-history":[{"count":1,"href":"https:\/\/tuzlainfo.ba\/index.php\/wp-json\/wp\/v2\/posts\/253918\/revisions"}],"predecessor-version":[{"id":253919,"href":"https:\/\/tuzlainfo.ba\/index.php\/wp-json\/wp\/v2\/posts\/253918\/revisions\/253919"}],"wp:featuredmedia":[{"embeddable":true,"href":"https:\/\/tuzlainfo.ba\/index.php\/wp-json\/wp\/v2\/media\/200768"}],"wp:attachment":[{"href":"https:\/\/tuzlainfo.ba\/index.php\/wp-json\/wp\/v2\/media?parent=253918"}],"wp:term":[{"taxonomy":"category","embeddable":true,"href":"https:\/\/tuzlainfo.ba\/index.php\/wp-json\/wp\/v2\/categories?post=253918"},{"taxonomy":"post_tag","embeddable":true,"href":"https:\/\/tuzlainfo.ba\/index.php\/wp-json\/wp\/v2\/tags?post=253918"}],"curies":[{"name":"wp","href":"https:\/\/api.w.org\/{rel}","templated":true}]}}