{"id":253851,"date":"2024-10-28T19:00:22","date_gmt":"2024-10-28T18:00:22","guid":{"rendered":"https:\/\/tuzlainfo.ba\/?p=253851"},"modified":"2024-10-28T18:58:21","modified_gmt":"2024-10-28T17:58:21","slug":"tk-objavljena-rang-lista-mladih-koji-su-ostvarili-pravo-na-subvencioniranje-kamata-za-stambeno-zbrinjavanje","status":"publish","type":"post","link":"https:\/\/tuzlainfo.ba\/index.php\/novosti\/item\/253851-tk-objavljena-rang-lista-mladih-koji-su-ostvarili-pravo-na-subvencioniranje-kamata-za-stambeno-zbrinjavanje\/","title":{"rendered":"TK: Objavljena rang lista mladih koji su ostvarili pravo na subvencioniranje kamata za stambeno zbrinjavanje"},"content":{"rendered":"<p>Ministarstvo za kulturu, sport i mlade Tuzlanskog kantona objavilo je rang listu korisnika koji su ostvarili pravo za subvencioniranje kamata na kredite za stambeno zbrinjavanje.<\/p>\n<p>&#8220;Na osnovu \u010dlana 23. stav (2) Zakona o ministarstvima i drugim organima uprave Tuzlanskog kantona-pre\u010di\u0161\u0107eni tekst (\u201eSlu\u017ebene novine Tuzlanskog kantona\u201c, broj: 10\/18) i \u010dlana 10. stav (4) Odluke o utvr\u0111ivanju uslova, kriterija i postupaka za raspodjelu sredstava sa potro\u0161a\u010dke jedinice 32010004-Podr\u0161ka mladima u 2024. godini (\u201eSlu\u017ebene novine Tuzlanskog kantona\u201c, broj: 6\/24), Komisija za razmatranje prijava po Javnom pozivu za odabir korisnika sredstava sa<br \/>\npotro\u0161a\u010dke jedinice 32010004-Podr\u0161ka mladima u 2024. godini za subvencioniranje kamata na<br \/>\nkredite za stambeno zbrinjavanje mladih objavljuje:<\/p>\n<p>PRELIMINARNA RANG LISTA KORISNIKA SREDSTAVA SA POZICIJE \u201ePODR\u0160KA MLADIMA\u201c ZA 2024. GODINU ZA SUBVENCIONIRANJE KAMATA NA KREDITE ZA STAMBENO ZBRINJAVANJE MLADIH<\/p>\n<p>Lista je dostupna <a href=\"https:\/\/www.vladatk.kim.ba\/media\/dokumenti\/PRELIMINARNA%20RANG%20LISTA%20KORISNIKA%20SREDSTAVA.pdf\">OVDJE<\/a><\/p>\n","protected":false},"excerpt":{"rendered":"<p>Ministarstvo za kulturu, sport i mlade Tuzlanskog kantona objavilo je rang listu korisnika koji su&hellip;<\/p>\n","protected":false},"author":4,"featured_media":168570,"comment_status":"closed","ping_status":"closed","sticky":false,"template":"","format":"standard","meta":{"_acf_changed":false,"footnotes":""},"categories":[304,12],"tags":[7224,336],"acf":[],"yoast_head":"<!-- This site is optimized with the Yoast SEO plugin v23.5 - https:\/\/yoast.com\/wordpress\/plugins\/seo\/ -->\n<title>TK: Objavljena rang lista mladih koji su ostvarili pravo na subvencioniranje kamata za stambeno zbrinjavanje - TuzlaInfo.ba<\/title>\n<meta name=\"robots\" content=\"index, follow, max-snippet:-1, max-image-preview:large, max-video-preview:-1\" \/>\n<link rel=\"canonical\" href=\"https:\/\/tuzlainfo.ba\/index.php\/novosti\/item\/253851-tk-objavljena-rang-lista-mladih-koji-su-ostvarili-pravo-na-subvencioniranje-kamata-za-stambeno-zbrinjavanje\/\" \/>\n<meta property=\"og:locale\" content=\"bs_BA\" \/>\n<meta property=\"og:type\" content=\"article\" \/>\n<meta property=\"og:title\" content=\"TK: Objavljena rang lista mladih koji su ostvarili pravo na subvencioniranje kamata za stambeno zbrinjavanje - TuzlaInfo.ba\" \/>\n<meta property=\"og:description\" content=\"Ministarstvo za kulturu, sport i mlade Tuzlanskog kantona objavilo je rang listu korisnika koji su&hellip;\" \/>\n<meta property=\"og:url\" content=\"https:\/\/tuzlainfo.ba\/index.php\/novosti\/item\/253851-tk-objavljena-rang-lista-mladih-koji-su-ostvarili-pravo-na-subvencioniranje-kamata-za-stambeno-zbrinjavanje\/\" \/>\n<meta property=\"og:site_name\" content=\"TuzlaInfo.ba\" \/>\n<meta property=\"article:publisher\" content=\"https:\/\/www.facebook.com\/tuzlainfo.ba\/\" \/>\n<meta property=\"article:published_time\" content=\"2024-10-28T18:00:22+00:00\" \/>\n<meta property=\"article:modified_time\" content=\"2024-10-28T17:58:21+00:00\" \/>\n<meta property=\"og:image\" content=\"https:\/\/tuzlainfo.ba\/wp-content\/uploads\/2022\/04\/0504-stan_kljucevi_stambeno-pitanje.jpg\" \/>\n\t<meta property=\"og:image:width\" content=\"800\" \/>\n\t<meta property=\"og:image:height\" content=\"600\" \/>\n\t<meta property=\"og:image:type\" content=\"image\/jpeg\" \/>\n<meta name=\"author\" content=\"Tuzla Info\" \/>\n<meta name=\"twitter:card\" content=\"summary_large_image\" \/>\n<meta name=\"twitter:label1\" content=\"Written by\" \/>\n\t<meta name=\"twitter:data1\" content=\"Tuzla Info\" \/>\n\t<meta name=\"twitter:label2\" content=\"Est. reading time\" \/>\n\t<meta name=\"twitter:data2\" content=\"1 minuta\" \/>\n<script type=\"application\/ld+json\" class=\"yoast-schema-graph\">{\"@context\":\"https:\/\/schema.org\",\"@graph\":[{\"@type\":\"Article\",\"@id\":\"https:\/\/tuzlainfo.ba\/index.php\/novosti\/item\/253851-tk-objavljena-rang-lista-mladih-koji-su-ostvarili-pravo-na-subvencioniranje-kamata-za-stambeno-zbrinjavanje\/#article\",\"isPartOf\":{\"@id\":\"https:\/\/tuzlainfo.ba\/index.php\/novosti\/item\/253851-tk-objavljena-rang-lista-mladih-koji-su-ostvarili-pravo-na-subvencioniranje-kamata-za-stambeno-zbrinjavanje\/\"},\"author\":{\"name\":\"Tuzla Info\",\"@id\":\"https:\/\/tuzlainfo.ba\/#\/schema\/person\/46cad4c57790cbc50781edd14870825a\"},\"headline\":\"TK: Objavljena rang lista mladih koji su ostvarili pravo na subvencioniranje kamata za stambeno zbrinjavanje\",\"datePublished\":\"2024-10-28T18:00:22+00:00\",\"dateModified\":\"2024-10-28T17:58:21+00:00\",\"mainEntityOfPage\":{\"@id\":\"https:\/\/tuzlainfo.ba\/index.php\/novosti\/item\/253851-tk-objavljena-rang-lista-mladih-koji-su-ostvarili-pravo-na-subvencioniranje-kamata-za-stambeno-zbrinjavanje\/\"},\"wordCount\":148,\"publisher\":{\"@id\":\"https:\/\/tuzlainfo.ba\/#organization\"},\"image\":{\"@id\":\"https:\/\/tuzlainfo.ba\/index.php\/novosti\/item\/253851-tk-objavljena-rang-lista-mladih-koji-su-ostvarili-pravo-na-subvencioniranje-kamata-za-stambeno-zbrinjavanje\/#primaryimage\"},\"thumbnailUrl\":\"https:\/\/tuzlainfo.ba\/wp-content\/uploads\/2022\/04\/0504-stan_kljucevi_stambeno-pitanje.jpg\",\"keywords\":[\"Stambeno zbrinjavanje mladih\",\"vlada tk\"],\"articleSection\":[\"Istaknuto\",\"Novosti\"],\"inLanguage\":\"bs-BA\"},{\"@type\":\"WebPage\",\"@id\":\"https:\/\/tuzlainfo.ba\/index.php\/novosti\/item\/253851-tk-objavljena-rang-lista-mladih-koji-su-ostvarili-pravo-na-subvencioniranje-kamata-za-stambeno-zbrinjavanje\/\",\"url\":\"https:\/\/tuzlainfo.ba\/index.php\/novosti\/item\/253851-tk-objavljena-rang-lista-mladih-koji-su-ostvarili-pravo-na-subvencioniranje-kamata-za-stambeno-zbrinjavanje\/\",\"name\":\"TK: Objavljena rang lista mladih koji su ostvarili pravo na subvencioniranje kamata za stambeno zbrinjavanje - TuzlaInfo.ba\",\"isPartOf\":{\"@id\":\"https:\/\/tuzlainfo.ba\/#website\"},\"primaryImageOfPage\":{\"@id\":\"https:\/\/tuzlainfo.ba\/index.php\/novosti\/item\/253851-tk-objavljena-rang-lista-mladih-koji-su-ostvarili-pravo-na-subvencioniranje-kamata-za-stambeno-zbrinjavanje\/#primaryimage\"},\"image\":{\"@id\":\"https:\/\/tuzlainfo.ba\/index.php\/novosti\/item\/253851-tk-objavljena-rang-lista-mladih-koji-su-ostvarili-pravo-na-subvencioniranje-kamata-za-stambeno-zbrinjavanje\/#primaryimage\"},\"thumbnailUrl\":\"https:\/\/tuzlainfo.ba\/wp-content\/uploads\/2022\/04\/0504-stan_kljucevi_stambeno-pitanje.jpg\",\"datePublished\":\"2024-10-28T18:00:22+00:00\",\"dateModified\":\"2024-10-28T17:58:21+00:00\",\"breadcrumb\":{\"@id\":\"https:\/\/tuzlainfo.ba\/index.php\/novosti\/item\/253851-tk-objavljena-rang-lista-mladih-koji-su-ostvarili-pravo-na-subvencioniranje-kamata-za-stambeno-zbrinjavanje\/#breadcrumb\"},\"inLanguage\":\"bs-BA\",\"potentialAction\":[{\"@type\":\"ReadAction\",\"target\":[\"https:\/\/tuzlainfo.ba\/index.php\/novosti\/item\/253851-tk-objavljena-rang-lista-mladih-koji-su-ostvarili-pravo-na-subvencioniranje-kamata-za-stambeno-zbrinjavanje\/\"]}]},{\"@type\":\"ImageObject\",\"inLanguage\":\"bs-BA\",\"@id\":\"https:\/\/tuzlainfo.ba\/index.php\/novosti\/item\/253851-tk-objavljena-rang-lista-mladih-koji-su-ostvarili-pravo-na-subvencioniranje-kamata-za-stambeno-zbrinjavanje\/#primaryimage\",\"url\":\"https:\/\/tuzlainfo.ba\/wp-content\/uploads\/2022\/04\/0504-stan_kljucevi_stambeno-pitanje.jpg\",\"contentUrl\":\"https:\/\/tuzlainfo.ba\/wp-content\/uploads\/2022\/04\/0504-stan_kljucevi_stambeno-pitanje.jpg\",\"width\":800,\"height\":600},{\"@type\":\"BreadcrumbList\",\"@id\":\"https:\/\/tuzlainfo.ba\/index.php\/novosti\/item\/253851-tk-objavljena-rang-lista-mladih-koji-su-ostvarili-pravo-na-subvencioniranje-kamata-za-stambeno-zbrinjavanje\/#breadcrumb\",\"itemListElement\":[{\"@type\":\"ListItem\",\"position\":1,\"name\":\"Home\",\"item\":\"https:\/\/tuzlainfo.ba\/\"},{\"@type\":\"ListItem\",\"position\":2,\"name\":\"TK: Objavljena rang lista mladih koji su ostvarili pravo na subvencioniranje kamata za stambeno zbrinjavanje\"}]},{\"@type\":\"WebSite\",\"@id\":\"https:\/\/tuzlainfo.ba\/#website\",\"url\":\"https:\/\/tuzlainfo.ba\/\",\"name\":\"TuzlaInfo.ba\",\"description\":\"Tuzla info, gradski informator - Tuzla na dlanu\",\"publisher\":{\"@id\":\"https:\/\/tuzlainfo.ba\/#organization\"},\"potentialAction\":[{\"@type\":\"SearchAction\",\"target\":{\"@type\":\"EntryPoint\",\"urlTemplate\":\"https:\/\/tuzlainfo.ba\/?s={search_term_string}\"},\"query-input\":{\"@type\":\"PropertyValueSpecification\",\"valueRequired\":true,\"valueName\":\"search_term_string\"}}],\"inLanguage\":\"bs-BA\"},{\"@type\":\"Organization\",\"@id\":\"https:\/\/tuzlainfo.ba\/#organization\",\"name\":\"TuzlaInfo.ba\",\"url\":\"https:\/\/tuzlainfo.ba\/\",\"logo\":{\"@type\":\"ImageObject\",\"inLanguage\":\"bs-BA\",\"@id\":\"https:\/\/tuzlainfo.ba\/#\/schema\/logo\/image\/\",\"url\":\"https:\/\/tuzlainfo.ba\/wp-content\/uploads\/2021\/03\/logo-ver-3-1.png\",\"contentUrl\":\"https:\/\/tuzlainfo.ba\/wp-content\/uploads\/2021\/03\/logo-ver-3-1.png\",\"width\":350,\"height\":95,\"caption\":\"TuzlaInfo.ba\"},\"image\":{\"@id\":\"https:\/\/tuzlainfo.ba\/#\/schema\/logo\/image\/\"},\"sameAs\":[\"https:\/\/www.facebook.com\/tuzlainfo.ba\/\"]},{\"@type\":\"Person\",\"@id\":\"https:\/\/tuzlainfo.ba\/#\/schema\/person\/46cad4c57790cbc50781edd14870825a\",\"name\":\"Tuzla Info\",\"image\":{\"@type\":\"ImageObject\",\"inLanguage\":\"bs-BA\",\"@id\":\"https:\/\/tuzlainfo.ba\/#\/schema\/person\/image\/\",\"url\":\"https:\/\/tuzlainfo.ba\/wp-content\/litespeed\/avatar\/b6c453a6c38e3654f2e4416c643fc25c.jpg?ver=1777051911\",\"contentUrl\":\"https:\/\/tuzlainfo.ba\/wp-content\/litespeed\/avatar\/b6c453a6c38e3654f2e4416c643fc25c.jpg?ver=1777051911\",\"caption\":\"Tuzla Info\"}}]}<\/script>\n<!-- \/ Yoast SEO plugin. -->","yoast_head_json":{"title":"TK: Objavljena rang lista mladih koji su ostvarili pravo na subvencioniranje kamata za stambeno zbrinjavanje - TuzlaInfo.ba","robots":{"index":"index","follow":"follow","max-snippet":"max-snippet:-1","max-image-preview":"max-image-preview:large","max-video-preview":"max-video-preview:-1"},"canonical":"https:\/\/tuzlainfo.ba\/index.php\/novosti\/item\/253851-tk-objavljena-rang-lista-mladih-koji-su-ostvarili-pravo-na-subvencioniranje-kamata-za-stambeno-zbrinjavanje\/","og_locale":"bs_BA","og_type":"article","og_title":"TK: Objavljena rang lista mladih koji su ostvarili pravo na subvencioniranje kamata za stambeno zbrinjavanje - TuzlaInfo.ba","og_description":"Ministarstvo za kulturu, sport i mlade Tuzlanskog kantona objavilo je rang listu korisnika koji su&hellip;","og_url":"https:\/\/tuzlainfo.ba\/index.php\/novosti\/item\/253851-tk-objavljena-rang-lista-mladih-koji-su-ostvarili-pravo-na-subvencioniranje-kamata-za-stambeno-zbrinjavanje\/","og_site_name":"TuzlaInfo.ba","article_publisher":"https:\/\/www.facebook.com\/tuzlainfo.ba\/","article_published_time":"2024-10-28T18:00:22+00:00","article_modified_time":"2024-10-28T17:58:21+00:00","og_image":[{"width":800,"height":600,"url":"https:\/\/tuzlainfo.ba\/wp-content\/uploads\/2022\/04\/0504-stan_kljucevi_stambeno-pitanje.jpg","type":"image\/jpeg"}],"author":"Tuzla Info","twitter_card":"summary_large_image","twitter_misc":{"Written by":"Tuzla Info","Est. reading time":"1 minuta"},"schema":{"@context":"https:\/\/schema.org","@graph":[{"@type":"Article","@id":"https:\/\/tuzlainfo.ba\/index.php\/novosti\/item\/253851-tk-objavljena-rang-lista-mladih-koji-su-ostvarili-pravo-na-subvencioniranje-kamata-za-stambeno-zbrinjavanje\/#article","isPartOf":{"@id":"https:\/\/tuzlainfo.ba\/index.php\/novosti\/item\/253851-tk-objavljena-rang-lista-mladih-koji-su-ostvarili-pravo-na-subvencioniranje-kamata-za-stambeno-zbrinjavanje\/"},"author":{"name":"Tuzla Info","@id":"https:\/\/tuzlainfo.ba\/#\/schema\/person\/46cad4c57790cbc50781edd14870825a"},"headline":"TK: Objavljena rang lista mladih koji su ostvarili pravo na subvencioniranje kamata za stambeno zbrinjavanje","datePublished":"2024-10-28T18:00:22+00:00","dateModified":"2024-10-28T17:58:21+00:00","mainEntityOfPage":{"@id":"https:\/\/tuzlainfo.ba\/index.php\/novosti\/item\/253851-tk-objavljena-rang-lista-mladih-koji-su-ostvarili-pravo-na-subvencioniranje-kamata-za-stambeno-zbrinjavanje\/"},"wordCount":148,"publisher":{"@id":"https:\/\/tuzlainfo.ba\/#organization"},"image":{"@id":"https:\/\/tuzlainfo.ba\/index.php\/novosti\/item\/253851-tk-objavljena-rang-lista-mladih-koji-su-ostvarili-pravo-na-subvencioniranje-kamata-za-stambeno-zbrinjavanje\/#primaryimage"},"thumbnailUrl":"https:\/\/tuzlainfo.ba\/wp-content\/uploads\/2022\/04\/0504-stan_kljucevi_stambeno-pitanje.jpg","keywords":["Stambeno zbrinjavanje mladih","vlada tk"],"articleSection":["Istaknuto","Novosti"],"inLanguage":"bs-BA"},{"@type":"WebPage","@id":"https:\/\/tuzlainfo.ba\/index.php\/novosti\/item\/253851-tk-objavljena-rang-lista-mladih-koji-su-ostvarili-pravo-na-subvencioniranje-kamata-za-stambeno-zbrinjavanje\/","url":"https:\/\/tuzlainfo.ba\/index.php\/novosti\/item\/253851-tk-objavljena-rang-lista-mladih-koji-su-ostvarili-pravo-na-subvencioniranje-kamata-za-stambeno-zbrinjavanje\/","name":"TK: Objavljena rang lista mladih koji su ostvarili pravo na subvencioniranje kamata za stambeno zbrinjavanje - TuzlaInfo.ba","isPartOf":{"@id":"https:\/\/tuzlainfo.ba\/#website"},"primaryImageOfPage":{"@id":"https:\/\/tuzlainfo.ba\/index.php\/novosti\/item\/253851-tk-objavljena-rang-lista-mladih-koji-su-ostvarili-pravo-na-subvencioniranje-kamata-za-stambeno-zbrinjavanje\/#primaryimage"},"image":{"@id":"https:\/\/tuzlainfo.ba\/index.php\/novosti\/item\/253851-tk-objavljena-rang-lista-mladih-koji-su-ostvarili-pravo-na-subvencioniranje-kamata-za-stambeno-zbrinjavanje\/#primaryimage"},"thumbnailUrl":"https:\/\/tuzlainfo.ba\/wp-content\/uploads\/2022\/04\/0504-stan_kljucevi_stambeno-pitanje.jpg","datePublished":"2024-10-28T18:00:22+00:00","dateModified":"2024-10-28T17:58:21+00:00","breadcrumb":{"@id":"https:\/\/tuzlainfo.ba\/index.php\/novosti\/item\/253851-tk-objavljena-rang-lista-mladih-koji-su-ostvarili-pravo-na-subvencioniranje-kamata-za-stambeno-zbrinjavanje\/#breadcrumb"},"inLanguage":"bs-BA","potentialAction":[{"@type":"ReadAction","target":["https:\/\/tuzlainfo.ba\/index.php\/novosti\/item\/253851-tk-objavljena-rang-lista-mladih-koji-su-ostvarili-pravo-na-subvencioniranje-kamata-za-stambeno-zbrinjavanje\/"]}]},{"@type":"ImageObject","inLanguage":"bs-BA","@id":"https:\/\/tuzlainfo.ba\/index.php\/novosti\/item\/253851-tk-objavljena-rang-lista-mladih-koji-su-ostvarili-pravo-na-subvencioniranje-kamata-za-stambeno-zbrinjavanje\/#primaryimage","url":"https:\/\/tuzlainfo.ba\/wp-content\/uploads\/2022\/04\/0504-stan_kljucevi_stambeno-pitanje.jpg","contentUrl":"https:\/\/tuzlainfo.ba\/wp-content\/uploads\/2022\/04\/0504-stan_kljucevi_stambeno-pitanje.jpg","width":800,"height":600},{"@type":"BreadcrumbList","@id":"https:\/\/tuzlainfo.ba\/index.php\/novosti\/item\/253851-tk-objavljena-rang-lista-mladih-koji-su-ostvarili-pravo-na-subvencioniranje-kamata-za-stambeno-zbrinjavanje\/#breadcrumb","itemListElement":[{"@type":"ListItem","position":1,"name":"Home","item":"https:\/\/tuzlainfo.ba\/"},{"@type":"ListItem","position":2,"name":"TK: Objavljena rang lista mladih koji su ostvarili pravo na subvencioniranje kamata za stambeno zbrinjavanje"}]},{"@type":"WebSite","@id":"https:\/\/tuzlainfo.ba\/#website","url":"https:\/\/tuzlainfo.ba\/","name":"TuzlaInfo.ba","description":"Tuzla info, gradski informator - Tuzla na dlanu","publisher":{"@id":"https:\/\/tuzlainfo.ba\/#organization"},"potentialAction":[{"@type":"SearchAction","target":{"@type":"EntryPoint","urlTemplate":"https:\/\/tuzlainfo.ba\/?s={search_term_string}"},"query-input":{"@type":"PropertyValueSpecification","valueRequired":true,"valueName":"search_term_string"}}],"inLanguage":"bs-BA"},{"@type":"Organization","@id":"https:\/\/tuzlainfo.ba\/#organization","name":"TuzlaInfo.ba","url":"https:\/\/tuzlainfo.ba\/","logo":{"@type":"ImageObject","inLanguage":"bs-BA","@id":"https:\/\/tuzlainfo.ba\/#\/schema\/logo\/image\/","url":"https:\/\/tuzlainfo.ba\/wp-content\/uploads\/2021\/03\/logo-ver-3-1.png","contentUrl":"https:\/\/tuzlainfo.ba\/wp-content\/uploads\/2021\/03\/logo-ver-3-1.png","width":350,"height":95,"caption":"TuzlaInfo.ba"},"image":{"@id":"https:\/\/tuzlainfo.ba\/#\/schema\/logo\/image\/"},"sameAs":["https:\/\/www.facebook.com\/tuzlainfo.ba\/"]},{"@type":"Person","@id":"https:\/\/tuzlainfo.ba\/#\/schema\/person\/46cad4c57790cbc50781edd14870825a","name":"Tuzla Info","image":{"@type":"ImageObject","inLanguage":"bs-BA","@id":"https:\/\/tuzlainfo.ba\/#\/schema\/person\/image\/","url":"https:\/\/tuzlainfo.ba\/wp-content\/litespeed\/avatar\/b6c453a6c38e3654f2e4416c643fc25c.jpg?ver=1777051911","contentUrl":"https:\/\/tuzlainfo.ba\/wp-content\/litespeed\/avatar\/b6c453a6c38e3654f2e4416c643fc25c.jpg?ver=1777051911","caption":"Tuzla Info"}}]}},"_links":{"self":[{"href":"https:\/\/tuzlainfo.ba\/index.php\/wp-json\/wp\/v2\/posts\/253851"}],"collection":[{"href":"https:\/\/tuzlainfo.ba\/index.php\/wp-json\/wp\/v2\/posts"}],"about":[{"href":"https:\/\/tuzlainfo.ba\/index.php\/wp-json\/wp\/v2\/types\/post"}],"author":[{"embeddable":true,"href":"https:\/\/tuzlainfo.ba\/index.php\/wp-json\/wp\/v2\/users\/4"}],"replies":[{"embeddable":true,"href":"https:\/\/tuzlainfo.ba\/index.php\/wp-json\/wp\/v2\/comments?post=253851"}],"version-history":[{"count":1,"href":"https:\/\/tuzlainfo.ba\/index.php\/wp-json\/wp\/v2\/posts\/253851\/revisions"}],"predecessor-version":[{"id":253854,"href":"https:\/\/tuzlainfo.ba\/index.php\/wp-json\/wp\/v2\/posts\/253851\/revisions\/253854"}],"wp:featuredmedia":[{"embeddable":true,"href":"https:\/\/tuzlainfo.ba\/index.php\/wp-json\/wp\/v2\/media\/168570"}],"wp:attachment":[{"href":"https:\/\/tuzlainfo.ba\/index.php\/wp-json\/wp\/v2\/media?parent=253851"}],"wp:term":[{"taxonomy":"category","embeddable":true,"href":"https:\/\/tuzlainfo.ba\/index.php\/wp-json\/wp\/v2\/categories?post=253851"},{"taxonomy":"post_tag","embeddable":true,"href":"https:\/\/tuzlainfo.ba\/index.php\/wp-json\/wp\/v2\/tags?post=253851"}],"curies":[{"name":"wp","href":"https:\/\/api.w.org\/{rel}","templated":true}]}}