{"id":253611,"date":"2024-10-25T12:30:06","date_gmt":"2024-10-25T10:30:06","guid":{"rendered":"https:\/\/tuzlainfo.ba\/?p=253611"},"modified":"2024-10-25T10:33:51","modified_gmt":"2024-10-25T08:33:51","slug":"advokat-omar-mehmedbasic-kaznjen-zbog-izjava-kojima-opravdava-femicid","status":"publish","type":"post","link":"https:\/\/tuzlainfo.ba\/index.php\/bosna-i-hercegovina\/item\/253611-advokat-omar-mehmedbasic-kaznjen-zbog-izjava-kojima-opravdava-femicid\/","title":{"rendered":"Advokat Omar Mehmedba\u0161i\u0107 ka\u017enjen zbog izjava kojima opravdava femicid"},"content":{"rendered":"<p>Regionalna advokatska komora izrekla je sankcije u vidu javne opomene i nov\u010dane kazne od 100 KM Omaru Mehmedba\u0161i\u0107u, advokatu Anela Be\u0107irovi\u0107a koji je optu\u017een za femicid po\u010dinjen u novembru pro\u0161le godine.<\/p>\n<p>Sarajevski otvoreni centar, Fondacija Cure\/CURE Foundation i \u017denska mre\u017ea podnijele su prijavu advokatskoj komori nakon spornih izjava kojima je Mehmedba\u0161i\u0107 opravdavao po\u010dinjeno nasilje ljubavlju optu\u017eenog prema \u017ertvi.<\/p>\n<p>On je, izme\u0111u ostalog, izjavio da \u0107e odbranu klijenta zasnivati na tome da je ubistvo po\u010dinjeno &#8220;kao kraj jedne ljubavne drame i da \u0107e dovesti svjedoke koji \u0107e potvrditi da je ubica volio svoju \u017ertvu.&#8221;<\/p>\n<p>Mehmedba\u0161i\u0107 je danas uputio javno izvinjenje jer je &#8220;javnim istupom povrijedio shvatanja o femicidu i da se to vi\u0161e ne\u0107e ponoviti.&#8221;<\/p>\n<p>&#8220;Nagla\u0161avamo da na ovaj na\u010din nemamo namjeru prebaciti svu odgovornost na gospodina Mehmedba\u0161i\u0107a za stanje u dru\u0161tvu, niti amnestirati organe nadle\u017ene za pru\u017eanje za\u0161tite \u017ertvi, naprotiv, nagla\u0161avamo va\u017enost pravovremenog djelovanja policije, centara za socijalni rad, tu\u017eila\u0161tva i suda. \u017delimo da skrenemo pa\u017enju da i dru\u0161tvo, naro\u010dito javne li\u010dnosti, snose dio odgovornosti i drago nam je \u0161to je Regionalna advokatska komora to prepoznala&#8221;, kazali su iz Sarajevskog Otvorenog Centra.<\/p>\n<p>Podsje\u0107amo, Anel Be\u0107urovi\u0107 je optu\u017een da je po\u010dinio krivi\u010dno djelo ubistvo nevjen\u010dane supruge Emire Maslan kao i krivi\u010dno djelo nasilni\u010dko pona\u0161anje, jer je ugrozio psihi\u010dko zdravlje svog tada 4-godi\u0161njeg sina pred kojim je ubio njegovu majku Emiru, a potom se s njim zaklju\u010dao u stanu kada je policija do\u0161la da ga hapsi. U toku je su\u0111enje optu\u017eenom Be\u0107irovi\u0107u.<\/p>\n","protected":false},"excerpt":{"rendered":"<p>Regionalna advokatska komora izrekla je sankcije u vidu javne opomene i nov\u010dane kazne od 100&hellip;<\/p>\n","protected":false},"author":3,"featured_media":83337,"comment_status":"closed","ping_status":"closed","sticky":false,"template":"","format":"standard","meta":{"_acf_changed":false,"footnotes":""},"categories":[291],"tags":[7931,11335],"acf":[],"yoast_head":"<!-- This site is optimized with the Yoast SEO plugin v23.5 - https:\/\/yoast.com\/wordpress\/plugins\/seo\/ -->\n<title>Advokat Omar Mehmedba\u0161i\u0107 ka\u017enjen zbog izjava kojima opravdava femicid - TuzlaInfo.ba<\/title>\n<meta name=\"robots\" content=\"index, follow, max-snippet:-1, max-image-preview:large, max-video-preview:-1\" \/>\n<link rel=\"canonical\" href=\"https:\/\/tuzlainfo.ba\/index.php\/bosna-i-hercegovina\/item\/253611-advokat-omar-mehmedbasic-kaznjen-zbog-izjava-kojima-opravdava-femicid\/\" \/>\n<meta property=\"og:locale\" content=\"bs_BA\" \/>\n<meta property=\"og:type\" content=\"article\" \/>\n<meta property=\"og:title\" content=\"Advokat Omar Mehmedba\u0161i\u0107 ka\u017enjen zbog izjava kojima opravdava femicid - TuzlaInfo.ba\" \/>\n<meta property=\"og:description\" content=\"Regionalna advokatska komora izrekla je sankcije u vidu javne opomene i nov\u010dane kazne od 100&hellip;\" \/>\n<meta property=\"og:url\" content=\"https:\/\/tuzlainfo.ba\/index.php\/bosna-i-hercegovina\/item\/253611-advokat-omar-mehmedbasic-kaznjen-zbog-izjava-kojima-opravdava-femicid\/\" \/>\n<meta property=\"og:site_name\" content=\"TuzlaInfo.ba\" \/>\n<meta property=\"article:publisher\" content=\"https:\/\/www.facebook.com\/tuzlainfo.ba\/\" \/>\n<meta property=\"article:published_time\" content=\"2024-10-25T10:30:06+00:00\" \/>\n<meta property=\"article:modified_time\" content=\"2024-10-25T08:33:51+00:00\" \/>\n<meta property=\"og:image\" content=\"https:\/\/tuzlainfo.ba\/wp-content\/uploads\/2020\/10\/sadrzaj_2020_20201001_1410-sudski-cekic.jpg\" \/>\n\t<meta property=\"og:image:width\" content=\"770\" \/>\n\t<meta property=\"og:image:height\" content=\"474\" \/>\n\t<meta property=\"og:image:type\" content=\"image\/jpeg\" \/>\n<meta name=\"author\" content=\"admin2\" \/>\n<meta name=\"twitter:card\" content=\"summary_large_image\" \/>\n<meta name=\"twitter:label1\" content=\"Written by\" \/>\n\t<meta name=\"twitter:data1\" content=\"admin2\" \/>\n\t<meta name=\"twitter:label2\" content=\"Est. reading time\" \/>\n\t<meta name=\"twitter:data2\" content=\"2 minute\" \/>\n<script type=\"application\/ld+json\" class=\"yoast-schema-graph\">{\"@context\":\"https:\/\/schema.org\",\"@graph\":[{\"@type\":\"Article\",\"@id\":\"https:\/\/tuzlainfo.ba\/index.php\/bosna-i-hercegovina\/item\/253611-advokat-omar-mehmedbasic-kaznjen-zbog-izjava-kojima-opravdava-femicid\/#article\",\"isPartOf\":{\"@id\":\"https:\/\/tuzlainfo.ba\/index.php\/bosna-i-hercegovina\/item\/253611-advokat-omar-mehmedbasic-kaznjen-zbog-izjava-kojima-opravdava-femicid\/\"},\"author\":{\"name\":\"admin2\",\"@id\":\"https:\/\/tuzlainfo.ba\/#\/schema\/person\/f4ebe4fff27e68efb65fa7e18f8af372\"},\"headline\":\"Advokat Omar Mehmedba\u0161i\u0107 ka\u017enjen zbog izjava kojima opravdava femicid\",\"datePublished\":\"2024-10-25T10:30:06+00:00\",\"dateModified\":\"2024-10-25T08:33:51+00:00\",\"mainEntityOfPage\":{\"@id\":\"https:\/\/tuzlainfo.ba\/index.php\/bosna-i-hercegovina\/item\/253611-advokat-omar-mehmedbasic-kaznjen-zbog-izjava-kojima-opravdava-femicid\/\"},\"wordCount\":301,\"publisher\":{\"@id\":\"https:\/\/tuzlainfo.ba\/#organization\"},\"image\":{\"@id\":\"https:\/\/tuzlainfo.ba\/index.php\/bosna-i-hercegovina\/item\/253611-advokat-omar-mehmedbasic-kaznjen-zbog-izjava-kojima-opravdava-femicid\/#primaryimage\"},\"thumbnailUrl\":\"https:\/\/tuzlainfo.ba\/wp-content\/uploads\/2020\/10\/sadrzaj_2020_20201001_1410-sudski-cekic.jpg\",\"keywords\":[\"femicid\",\"omar mehmedba\u0161i\u0107\"],\"articleSection\":[\"Bosna i Hercegovina\"],\"inLanguage\":\"bs-BA\"},{\"@type\":\"WebPage\",\"@id\":\"https:\/\/tuzlainfo.ba\/index.php\/bosna-i-hercegovina\/item\/253611-advokat-omar-mehmedbasic-kaznjen-zbog-izjava-kojima-opravdava-femicid\/\",\"url\":\"https:\/\/tuzlainfo.ba\/index.php\/bosna-i-hercegovina\/item\/253611-advokat-omar-mehmedbasic-kaznjen-zbog-izjava-kojima-opravdava-femicid\/\",\"name\":\"Advokat Omar Mehmedba\u0161i\u0107 ka\u017enjen zbog izjava kojima opravdava femicid - TuzlaInfo.ba\",\"isPartOf\":{\"@id\":\"https:\/\/tuzlainfo.ba\/#website\"},\"primaryImageOfPage\":{\"@id\":\"https:\/\/tuzlainfo.ba\/index.php\/bosna-i-hercegovina\/item\/253611-advokat-omar-mehmedbasic-kaznjen-zbog-izjava-kojima-opravdava-femicid\/#primaryimage\"},\"image\":{\"@id\":\"https:\/\/tuzlainfo.ba\/index.php\/bosna-i-hercegovina\/item\/253611-advokat-omar-mehmedbasic-kaznjen-zbog-izjava-kojima-opravdava-femicid\/#primaryimage\"},\"thumbnailUrl\":\"https:\/\/tuzlainfo.ba\/wp-content\/uploads\/2020\/10\/sadrzaj_2020_20201001_1410-sudski-cekic.jpg\",\"datePublished\":\"2024-10-25T10:30:06+00:00\",\"dateModified\":\"2024-10-25T08:33:51+00:00\",\"breadcrumb\":{\"@id\":\"https:\/\/tuzlainfo.ba\/index.php\/bosna-i-hercegovina\/item\/253611-advokat-omar-mehmedbasic-kaznjen-zbog-izjava-kojima-opravdava-femicid\/#breadcrumb\"},\"inLanguage\":\"bs-BA\",\"potentialAction\":[{\"@type\":\"ReadAction\",\"target\":[\"https:\/\/tuzlainfo.ba\/index.php\/bosna-i-hercegovina\/item\/253611-advokat-omar-mehmedbasic-kaznjen-zbog-izjava-kojima-opravdava-femicid\/\"]}]},{\"@type\":\"ImageObject\",\"inLanguage\":\"bs-BA\",\"@id\":\"https:\/\/tuzlainfo.ba\/index.php\/bosna-i-hercegovina\/item\/253611-advokat-omar-mehmedbasic-kaznjen-zbog-izjava-kojima-opravdava-femicid\/#primaryimage\",\"url\":\"https:\/\/tuzlainfo.ba\/wp-content\/uploads\/2020\/10\/sadrzaj_2020_20201001_1410-sudski-cekic.jpg\",\"contentUrl\":\"https:\/\/tuzlainfo.ba\/wp-content\/uploads\/2020\/10\/sadrzaj_2020_20201001_1410-sudski-cekic.jpg\",\"width\":770,\"height\":474,\"caption\":\"1410 sudski cekic\"},{\"@type\":\"BreadcrumbList\",\"@id\":\"https:\/\/tuzlainfo.ba\/index.php\/bosna-i-hercegovina\/item\/253611-advokat-omar-mehmedbasic-kaznjen-zbog-izjava-kojima-opravdava-femicid\/#breadcrumb\",\"itemListElement\":[{\"@type\":\"ListItem\",\"position\":1,\"name\":\"Home\",\"item\":\"https:\/\/tuzlainfo.ba\/\"},{\"@type\":\"ListItem\",\"position\":2,\"name\":\"Advokat Omar Mehmedba\u0161i\u0107 ka\u017enjen zbog izjava kojima opravdava femicid\"}]},{\"@type\":\"WebSite\",\"@id\":\"https:\/\/tuzlainfo.ba\/#website\",\"url\":\"https:\/\/tuzlainfo.ba\/\",\"name\":\"TuzlaInfo.ba\",\"description\":\"Tuzla info, gradski informator - Tuzla na dlanu\",\"publisher\":{\"@id\":\"https:\/\/tuzlainfo.ba\/#organization\"},\"potentialAction\":[{\"@type\":\"SearchAction\",\"target\":{\"@type\":\"EntryPoint\",\"urlTemplate\":\"https:\/\/tuzlainfo.ba\/?s={search_term_string}\"},\"query-input\":{\"@type\":\"PropertyValueSpecification\",\"valueRequired\":true,\"valueName\":\"search_term_string\"}}],\"inLanguage\":\"bs-BA\"},{\"@type\":\"Organization\",\"@id\":\"https:\/\/tuzlainfo.ba\/#organization\",\"name\":\"TuzlaInfo.ba\",\"url\":\"https:\/\/tuzlainfo.ba\/\",\"logo\":{\"@type\":\"ImageObject\",\"inLanguage\":\"bs-BA\",\"@id\":\"https:\/\/tuzlainfo.ba\/#\/schema\/logo\/image\/\",\"url\":\"https:\/\/tuzlainfo.ba\/wp-content\/uploads\/2021\/03\/logo-ver-3-1.png\",\"contentUrl\":\"https:\/\/tuzlainfo.ba\/wp-content\/uploads\/2021\/03\/logo-ver-3-1.png\",\"width\":350,\"height\":95,\"caption\":\"TuzlaInfo.ba\"},\"image\":{\"@id\":\"https:\/\/tuzlainfo.ba\/#\/schema\/logo\/image\/\"},\"sameAs\":[\"https:\/\/www.facebook.com\/tuzlainfo.ba\/\"]},{\"@type\":\"Person\",\"@id\":\"https:\/\/tuzlainfo.ba\/#\/schema\/person\/f4ebe4fff27e68efb65fa7e18f8af372\",\"name\":\"admin2\",\"image\":{\"@type\":\"ImageObject\",\"inLanguage\":\"bs-BA\",\"@id\":\"https:\/\/tuzlainfo.ba\/#\/schema\/person\/image\/\",\"url\":\"https:\/\/tuzlainfo.ba\/wp-content\/litespeed\/avatar\/8219eeb9a43cff2d096e773737736f62.jpg?ver=1777309398\",\"contentUrl\":\"https:\/\/tuzlainfo.ba\/wp-content\/litespeed\/avatar\/8219eeb9a43cff2d096e773737736f62.jpg?ver=1777309398\",\"caption\":\"admin2\"},\"description\":\"Tuzlainfo.ba pratite na dru\u0161tvenim mre\u017eama: Facebook, Instagram i Youtube. Svoje pri\u010de, upite i fotografije \u0161aljite na na\u0161u e-mail adresu.\",\"sameAs\":[\"admin\"]}]}<\/script>\n<!-- \/ Yoast SEO plugin. -->","yoast_head_json":{"title":"Advokat Omar Mehmedba\u0161i\u0107 ka\u017enjen zbog izjava kojima opravdava femicid - TuzlaInfo.ba","robots":{"index":"index","follow":"follow","max-snippet":"max-snippet:-1","max-image-preview":"max-image-preview:large","max-video-preview":"max-video-preview:-1"},"canonical":"https:\/\/tuzlainfo.ba\/index.php\/bosna-i-hercegovina\/item\/253611-advokat-omar-mehmedbasic-kaznjen-zbog-izjava-kojima-opravdava-femicid\/","og_locale":"bs_BA","og_type":"article","og_title":"Advokat Omar Mehmedba\u0161i\u0107 ka\u017enjen zbog izjava kojima opravdava femicid - TuzlaInfo.ba","og_description":"Regionalna advokatska komora izrekla je sankcije u vidu javne opomene i nov\u010dane kazne od 100&hellip;","og_url":"https:\/\/tuzlainfo.ba\/index.php\/bosna-i-hercegovina\/item\/253611-advokat-omar-mehmedbasic-kaznjen-zbog-izjava-kojima-opravdava-femicid\/","og_site_name":"TuzlaInfo.ba","article_publisher":"https:\/\/www.facebook.com\/tuzlainfo.ba\/","article_published_time":"2024-10-25T10:30:06+00:00","article_modified_time":"2024-10-25T08:33:51+00:00","og_image":[{"width":770,"height":474,"url":"https:\/\/tuzlainfo.ba\/wp-content\/uploads\/2020\/10\/sadrzaj_2020_20201001_1410-sudski-cekic.jpg","type":"image\/jpeg"}],"author":"admin2","twitter_card":"summary_large_image","twitter_misc":{"Written by":"admin2","Est. reading time":"2 minute"},"schema":{"@context":"https:\/\/schema.org","@graph":[{"@type":"Article","@id":"https:\/\/tuzlainfo.ba\/index.php\/bosna-i-hercegovina\/item\/253611-advokat-omar-mehmedbasic-kaznjen-zbog-izjava-kojima-opravdava-femicid\/#article","isPartOf":{"@id":"https:\/\/tuzlainfo.ba\/index.php\/bosna-i-hercegovina\/item\/253611-advokat-omar-mehmedbasic-kaznjen-zbog-izjava-kojima-opravdava-femicid\/"},"author":{"name":"admin2","@id":"https:\/\/tuzlainfo.ba\/#\/schema\/person\/f4ebe4fff27e68efb65fa7e18f8af372"},"headline":"Advokat Omar Mehmedba\u0161i\u0107 ka\u017enjen zbog izjava kojima opravdava femicid","datePublished":"2024-10-25T10:30:06+00:00","dateModified":"2024-10-25T08:33:51+00:00","mainEntityOfPage":{"@id":"https:\/\/tuzlainfo.ba\/index.php\/bosna-i-hercegovina\/item\/253611-advokat-omar-mehmedbasic-kaznjen-zbog-izjava-kojima-opravdava-femicid\/"},"wordCount":301,"publisher":{"@id":"https:\/\/tuzlainfo.ba\/#organization"},"image":{"@id":"https:\/\/tuzlainfo.ba\/index.php\/bosna-i-hercegovina\/item\/253611-advokat-omar-mehmedbasic-kaznjen-zbog-izjava-kojima-opravdava-femicid\/#primaryimage"},"thumbnailUrl":"https:\/\/tuzlainfo.ba\/wp-content\/uploads\/2020\/10\/sadrzaj_2020_20201001_1410-sudski-cekic.jpg","keywords":["femicid","omar mehmedba\u0161i\u0107"],"articleSection":["Bosna i Hercegovina"],"inLanguage":"bs-BA"},{"@type":"WebPage","@id":"https:\/\/tuzlainfo.ba\/index.php\/bosna-i-hercegovina\/item\/253611-advokat-omar-mehmedbasic-kaznjen-zbog-izjava-kojima-opravdava-femicid\/","url":"https:\/\/tuzlainfo.ba\/index.php\/bosna-i-hercegovina\/item\/253611-advokat-omar-mehmedbasic-kaznjen-zbog-izjava-kojima-opravdava-femicid\/","name":"Advokat Omar Mehmedba\u0161i\u0107 ka\u017enjen zbog izjava kojima opravdava femicid - TuzlaInfo.ba","isPartOf":{"@id":"https:\/\/tuzlainfo.ba\/#website"},"primaryImageOfPage":{"@id":"https:\/\/tuzlainfo.ba\/index.php\/bosna-i-hercegovina\/item\/253611-advokat-omar-mehmedbasic-kaznjen-zbog-izjava-kojima-opravdava-femicid\/#primaryimage"},"image":{"@id":"https:\/\/tuzlainfo.ba\/index.php\/bosna-i-hercegovina\/item\/253611-advokat-omar-mehmedbasic-kaznjen-zbog-izjava-kojima-opravdava-femicid\/#primaryimage"},"thumbnailUrl":"https:\/\/tuzlainfo.ba\/wp-content\/uploads\/2020\/10\/sadrzaj_2020_20201001_1410-sudski-cekic.jpg","datePublished":"2024-10-25T10:30:06+00:00","dateModified":"2024-10-25T08:33:51+00:00","breadcrumb":{"@id":"https:\/\/tuzlainfo.ba\/index.php\/bosna-i-hercegovina\/item\/253611-advokat-omar-mehmedbasic-kaznjen-zbog-izjava-kojima-opravdava-femicid\/#breadcrumb"},"inLanguage":"bs-BA","potentialAction":[{"@type":"ReadAction","target":["https:\/\/tuzlainfo.ba\/index.php\/bosna-i-hercegovina\/item\/253611-advokat-omar-mehmedbasic-kaznjen-zbog-izjava-kojima-opravdava-femicid\/"]}]},{"@type":"ImageObject","inLanguage":"bs-BA","@id":"https:\/\/tuzlainfo.ba\/index.php\/bosna-i-hercegovina\/item\/253611-advokat-omar-mehmedbasic-kaznjen-zbog-izjava-kojima-opravdava-femicid\/#primaryimage","url":"https:\/\/tuzlainfo.ba\/wp-content\/uploads\/2020\/10\/sadrzaj_2020_20201001_1410-sudski-cekic.jpg","contentUrl":"https:\/\/tuzlainfo.ba\/wp-content\/uploads\/2020\/10\/sadrzaj_2020_20201001_1410-sudski-cekic.jpg","width":770,"height":474,"caption":"1410 sudski cekic"},{"@type":"BreadcrumbList","@id":"https:\/\/tuzlainfo.ba\/index.php\/bosna-i-hercegovina\/item\/253611-advokat-omar-mehmedbasic-kaznjen-zbog-izjava-kojima-opravdava-femicid\/#breadcrumb","itemListElement":[{"@type":"ListItem","position":1,"name":"Home","item":"https:\/\/tuzlainfo.ba\/"},{"@type":"ListItem","position":2,"name":"Advokat Omar Mehmedba\u0161i\u0107 ka\u017enjen zbog izjava kojima opravdava femicid"}]},{"@type":"WebSite","@id":"https:\/\/tuzlainfo.ba\/#website","url":"https:\/\/tuzlainfo.ba\/","name":"TuzlaInfo.ba","description":"Tuzla info, gradski informator - Tuzla na dlanu","publisher":{"@id":"https:\/\/tuzlainfo.ba\/#organization"},"potentialAction":[{"@type":"SearchAction","target":{"@type":"EntryPoint","urlTemplate":"https:\/\/tuzlainfo.ba\/?s={search_term_string}"},"query-input":{"@type":"PropertyValueSpecification","valueRequired":true,"valueName":"search_term_string"}}],"inLanguage":"bs-BA"},{"@type":"Organization","@id":"https:\/\/tuzlainfo.ba\/#organization","name":"TuzlaInfo.ba","url":"https:\/\/tuzlainfo.ba\/","logo":{"@type":"ImageObject","inLanguage":"bs-BA","@id":"https:\/\/tuzlainfo.ba\/#\/schema\/logo\/image\/","url":"https:\/\/tuzlainfo.ba\/wp-content\/uploads\/2021\/03\/logo-ver-3-1.png","contentUrl":"https:\/\/tuzlainfo.ba\/wp-content\/uploads\/2021\/03\/logo-ver-3-1.png","width":350,"height":95,"caption":"TuzlaInfo.ba"},"image":{"@id":"https:\/\/tuzlainfo.ba\/#\/schema\/logo\/image\/"},"sameAs":["https:\/\/www.facebook.com\/tuzlainfo.ba\/"]},{"@type":"Person","@id":"https:\/\/tuzlainfo.ba\/#\/schema\/person\/f4ebe4fff27e68efb65fa7e18f8af372","name":"admin2","image":{"@type":"ImageObject","inLanguage":"bs-BA","@id":"https:\/\/tuzlainfo.ba\/#\/schema\/person\/image\/","url":"https:\/\/tuzlainfo.ba\/wp-content\/litespeed\/avatar\/8219eeb9a43cff2d096e773737736f62.jpg?ver=1777309398","contentUrl":"https:\/\/tuzlainfo.ba\/wp-content\/litespeed\/avatar\/8219eeb9a43cff2d096e773737736f62.jpg?ver=1777309398","caption":"admin2"},"description":"Tuzlainfo.ba pratite na dru\u0161tvenim mre\u017eama: Facebook, Instagram i Youtube. Svoje pri\u010de, upite i fotografije \u0161aljite na na\u0161u e-mail adresu.","sameAs":["admin"]}]}},"_links":{"self":[{"href":"https:\/\/tuzlainfo.ba\/index.php\/wp-json\/wp\/v2\/posts\/253611"}],"collection":[{"href":"https:\/\/tuzlainfo.ba\/index.php\/wp-json\/wp\/v2\/posts"}],"about":[{"href":"https:\/\/tuzlainfo.ba\/index.php\/wp-json\/wp\/v2\/types\/post"}],"author":[{"embeddable":true,"href":"https:\/\/tuzlainfo.ba\/index.php\/wp-json\/wp\/v2\/users\/3"}],"replies":[{"embeddable":true,"href":"https:\/\/tuzlainfo.ba\/index.php\/wp-json\/wp\/v2\/comments?post=253611"}],"version-history":[{"count":1,"href":"https:\/\/tuzlainfo.ba\/index.php\/wp-json\/wp\/v2\/posts\/253611\/revisions"}],"predecessor-version":[{"id":253612,"href":"https:\/\/tuzlainfo.ba\/index.php\/wp-json\/wp\/v2\/posts\/253611\/revisions\/253612"}],"wp:featuredmedia":[{"embeddable":true,"href":"https:\/\/tuzlainfo.ba\/index.php\/wp-json\/wp\/v2\/media\/83337"}],"wp:attachment":[{"href":"https:\/\/tuzlainfo.ba\/index.php\/wp-json\/wp\/v2\/media?parent=253611"}],"wp:term":[{"taxonomy":"category","embeddable":true,"href":"https:\/\/tuzlainfo.ba\/index.php\/wp-json\/wp\/v2\/categories?post=253611"},{"taxonomy":"post_tag","embeddable":true,"href":"https:\/\/tuzlainfo.ba\/index.php\/wp-json\/wp\/v2\/tags?post=253611"}],"curies":[{"name":"wp","href":"https:\/\/api.w.org\/{rel}","templated":true}]}}