{"id":253507,"date":"2024-10-24T15:04:26","date_gmt":"2024-10-24T13:04:26","guid":{"rendered":"https:\/\/tuzlainfo.ba\/?p=253507"},"modified":"2024-10-24T14:01:46","modified_gmt":"2024-10-24T12:01:46","slug":"najavljeno-novo-poskupljenje-struje-u-bih","status":"publish","type":"post","link":"https:\/\/tuzlainfo.ba\/index.php\/bosna-i-hercegovina\/item\/253507-najavljeno-novo-poskupljenje-struje-u-bih\/","title":{"rendered":"Najavljeno novo poskupljenje struje u BiH"},"content":{"rendered":"<p>Elektri\u010dna energija u cijeloj BiH poskupit \u0107e od 2026. godine, a samo je pitanje u kojem procentu. Razlog je uskla\u0111ivanje preuzetih obaveza u primjeni evropske regulative u pogledu zelene energije, prije svega, uvo\u0111enju takse na emitovanje ugljen-dioksida (CO2).<\/p>\n<p>&#8211; BiH je pristupanjem Evropskoj energetskoj zajednici preuzela obavezu da do 1.1. 2026. godine uskladi proizvodnju energije sa evropskim zakonima. Ako na\u0161i proizvo\u0111a\u010di ne budu obra\u010dunavali taksu na emisiju CO2, a koja se kre\u0107e od 60 do 100 eura po toni CO2, pla\u0107a\u0107e na ulazu u zemlju u koju izvoze. Eh, sada je pitanje da li je bolje da pla\u0107aju na na\u0161em tr\u017ei\u0161tu ili prilikom izvoza &#8211; rekao je Goran Ra\u010di\u0107, predsjednik Podru\u010dne privredne komore Banja Luka.<\/p>\n<p>Ra\u010di\u0107 je ovo rekao na dana\u0161njoj pres-konferenciji organizovanoj u o okviru koneferencije \u201eKlimatska tranzicija i promjene globalnog ekonomskog modela\u201c koju organizuje Privredna komora. Konferencija je organizovana u sklopu projekta \u201eZeleni navigator Balkana\u201c.<\/p>\n<p>&#8211; Poku\u0161avamo da na\u0111emo sredstva za uskla\u0111ivanje regulative kako ne bismo u jednoj godini napravili veliki udar na na\u0161a privredna preduze\u0107a koja bi postala nekonkurentna pla\u0107anjem takse na CO2. Smatramo da na\u0161a zemlja mora dobiti pomo\u0107 od me\u0111unarodne zajednice ka procesima koje provodi EU u pogledu energetske tranzicije i da moramo biti posebno tretirani kao mala zemlja &#8211; ocjenio je Ra\u010di\u0107.<\/p>\n<p>Na pitanje da li \u0107e preduze\u0107a koja proizode elektri\u010dnu energiju taj tro\u0161ak prebaciti na krajne potro\u0161a\u010de, Ra\u010di\u0107 je prvo podsjetio da cijenu elektri\u010dne energije odobrava regulator, ali da ERS, svaki novi tro\u0161ak koji ima, poku\u0161ava da prebaci na krajnjeg korisnika.<\/p>\n<p>&#8211; Ukoliko ne bi prebacila, samo poslovanje bi bilo pra\u0107eno gubicima. Upravo, da bi taj tro\u0161ak bio na neki na\u010din amortizovan, \u00a0poku\u0161avamo da kroz odre\u0111ene projekte EU dobijemo sredstva kako stanovni\u0161tvo i privreda ne bi snosili taj ukupan tro\u0161ak &#8211; objasnio je Ra\u010di\u0107 i dodao da \u0107e od 1.1.2026. sigurno dio novog tro\u0161ka snositi krajnji potro\u0161a\u010di u zemlji.<\/p>\n<p>Ministar gra\u0111evinarstva, ekologije i urbanizma RS Bojan Vipotnik ocjenio je da slijedi veoma izazovan period jer EU od 1. januara 2026. treba da po\u010dne sa primjenom prekograni\u010dnog uskla\u0111ivanja ugljenika.<\/p>\n<p>&#8211; O\u010dekujem da \u0107emo sa privrednicima, prije svega iz oblasti energetike i industrije, koje direktno poga\u0111a ovo uskla\u0111ivanje, posti\u0107i zajedni\u010dki dogovor kako ne bi postali nekonkurentni na tr\u017ei\u0161tu &#8211; dodao je Vipotnik.<\/p>\n","protected":false},"excerpt":{"rendered":"<p>Elektri\u010dna energija u cijeloj BiH poskupit \u0107e od 2026. godine, a samo je pitanje u&hellip;<\/p>\n","protected":false},"author":4,"featured_media":85687,"comment_status":"closed","ping_status":"closed","sticky":false,"template":"","format":"standard","meta":{"_acf_changed":false,"footnotes":""},"categories":[291,304],"tags":[1866,1880],"acf":[],"yoast_head":"<!-- This site is optimized with the Yoast SEO plugin v23.5 - https:\/\/yoast.com\/wordpress\/plugins\/seo\/ -->\n<title>Najavljeno novo poskupljenje struje u BiH - TuzlaInfo.ba<\/title>\n<meta name=\"robots\" content=\"index, follow, max-snippet:-1, max-image-preview:large, max-video-preview:-1\" \/>\n<link rel=\"canonical\" href=\"https:\/\/tuzlainfo.ba\/index.php\/bosna-i-hercegovina\/item\/253507-najavljeno-novo-poskupljenje-struje-u-bih\/\" \/>\n<meta property=\"og:locale\" content=\"bs_BA\" \/>\n<meta property=\"og:type\" content=\"article\" \/>\n<meta property=\"og:title\" content=\"Najavljeno novo poskupljenje struje u BiH - TuzlaInfo.ba\" \/>\n<meta property=\"og:description\" content=\"Elektri\u010dna energija u cijeloj BiH poskupit \u0107e od 2026. godine, a samo je pitanje u&hellip;\" \/>\n<meta property=\"og:url\" content=\"https:\/\/tuzlainfo.ba\/index.php\/bosna-i-hercegovina\/item\/253507-najavljeno-novo-poskupljenje-struje-u-bih\/\" \/>\n<meta property=\"og:site_name\" content=\"TuzlaInfo.ba\" \/>\n<meta property=\"article:publisher\" content=\"https:\/\/www.facebook.com\/tuzlainfo.ba\/\" \/>\n<meta property=\"article:published_time\" content=\"2024-10-24T13:04:26+00:00\" \/>\n<meta property=\"article:modified_time\" content=\"2024-10-24T12:01:46+00:00\" \/>\n<meta property=\"og:image\" content=\"https:\/\/tuzlainfo.ba\/wp-content\/uploads\/2021\/01\/sadrzaj_2021_20210102_1401_brojilo.jpg\" \/>\n\t<meta property=\"og:image:width\" content=\"770\" \/>\n\t<meta property=\"og:image:height\" content=\"526\" \/>\n\t<meta property=\"og:image:type\" content=\"image\/jpeg\" \/>\n<meta name=\"author\" content=\"Tuzla Info\" \/>\n<meta name=\"twitter:card\" content=\"summary_large_image\" \/>\n<meta name=\"twitter:label1\" content=\"Written by\" \/>\n\t<meta name=\"twitter:data1\" content=\"Tuzla Info\" \/>\n\t<meta name=\"twitter:label2\" content=\"Est. reading time\" \/>\n\t<meta name=\"twitter:data2\" content=\"3 minute\" \/>\n<script type=\"application\/ld+json\" class=\"yoast-schema-graph\">{\"@context\":\"https:\/\/schema.org\",\"@graph\":[{\"@type\":\"Article\",\"@id\":\"https:\/\/tuzlainfo.ba\/index.php\/bosna-i-hercegovina\/item\/253507-najavljeno-novo-poskupljenje-struje-u-bih\/#article\",\"isPartOf\":{\"@id\":\"https:\/\/tuzlainfo.ba\/index.php\/bosna-i-hercegovina\/item\/253507-najavljeno-novo-poskupljenje-struje-u-bih\/\"},\"author\":{\"name\":\"Tuzla Info\",\"@id\":\"https:\/\/tuzlainfo.ba\/#\/schema\/person\/46cad4c57790cbc50781edd14870825a\"},\"headline\":\"Najavljeno novo poskupljenje struje u BiH\",\"datePublished\":\"2024-10-24T13:04:26+00:00\",\"dateModified\":\"2024-10-24T12:01:46+00:00\",\"mainEntityOfPage\":{\"@id\":\"https:\/\/tuzlainfo.ba\/index.php\/bosna-i-hercegovina\/item\/253507-najavljeno-novo-poskupljenje-struje-u-bih\/\"},\"wordCount\":423,\"publisher\":{\"@id\":\"https:\/\/tuzlainfo.ba\/#organization\"},\"image\":{\"@id\":\"https:\/\/tuzlainfo.ba\/index.php\/bosna-i-hercegovina\/item\/253507-najavljeno-novo-poskupljenje-struje-u-bih\/#primaryimage\"},\"thumbnailUrl\":\"https:\/\/tuzlainfo.ba\/wp-content\/uploads\/2021\/01\/sadrzaj_2021_20210102_1401_brojilo.jpg\",\"keywords\":[\"poskupljenje\",\"struja\"],\"articleSection\":[\"Bosna i Hercegovina\",\"Istaknuto\"],\"inLanguage\":\"bs-BA\"},{\"@type\":\"WebPage\",\"@id\":\"https:\/\/tuzlainfo.ba\/index.php\/bosna-i-hercegovina\/item\/253507-najavljeno-novo-poskupljenje-struje-u-bih\/\",\"url\":\"https:\/\/tuzlainfo.ba\/index.php\/bosna-i-hercegovina\/item\/253507-najavljeno-novo-poskupljenje-struje-u-bih\/\",\"name\":\"Najavljeno novo poskupljenje struje u BiH - TuzlaInfo.ba\",\"isPartOf\":{\"@id\":\"https:\/\/tuzlainfo.ba\/#website\"},\"primaryImageOfPage\":{\"@id\":\"https:\/\/tuzlainfo.ba\/index.php\/bosna-i-hercegovina\/item\/253507-najavljeno-novo-poskupljenje-struje-u-bih\/#primaryimage\"},\"image\":{\"@id\":\"https:\/\/tuzlainfo.ba\/index.php\/bosna-i-hercegovina\/item\/253507-najavljeno-novo-poskupljenje-struje-u-bih\/#primaryimage\"},\"thumbnailUrl\":\"https:\/\/tuzlainfo.ba\/wp-content\/uploads\/2021\/01\/sadrzaj_2021_20210102_1401_brojilo.jpg\",\"datePublished\":\"2024-10-24T13:04:26+00:00\",\"dateModified\":\"2024-10-24T12:01:46+00:00\",\"breadcrumb\":{\"@id\":\"https:\/\/tuzlainfo.ba\/index.php\/bosna-i-hercegovina\/item\/253507-najavljeno-novo-poskupljenje-struje-u-bih\/#breadcrumb\"},\"inLanguage\":\"bs-BA\",\"potentialAction\":[{\"@type\":\"ReadAction\",\"target\":[\"https:\/\/tuzlainfo.ba\/index.php\/bosna-i-hercegovina\/item\/253507-najavljeno-novo-poskupljenje-struje-u-bih\/\"]}]},{\"@type\":\"ImageObject\",\"inLanguage\":\"bs-BA\",\"@id\":\"https:\/\/tuzlainfo.ba\/index.php\/bosna-i-hercegovina\/item\/253507-najavljeno-novo-poskupljenje-struje-u-bih\/#primaryimage\",\"url\":\"https:\/\/tuzlainfo.ba\/wp-content\/uploads\/2021\/01\/sadrzaj_2021_20210102_1401_brojilo.jpg\",\"contentUrl\":\"https:\/\/tuzlainfo.ba\/wp-content\/uploads\/2021\/01\/sadrzaj_2021_20210102_1401_brojilo.jpg\",\"width\":770,\"height\":526,\"caption\":\"1401 brojilo\"},{\"@type\":\"BreadcrumbList\",\"@id\":\"https:\/\/tuzlainfo.ba\/index.php\/bosna-i-hercegovina\/item\/253507-najavljeno-novo-poskupljenje-struje-u-bih\/#breadcrumb\",\"itemListElement\":[{\"@type\":\"ListItem\",\"position\":1,\"name\":\"Home\",\"item\":\"https:\/\/tuzlainfo.ba\/\"},{\"@type\":\"ListItem\",\"position\":2,\"name\":\"Najavljeno novo poskupljenje struje u BiH\"}]},{\"@type\":\"WebSite\",\"@id\":\"https:\/\/tuzlainfo.ba\/#website\",\"url\":\"https:\/\/tuzlainfo.ba\/\",\"name\":\"TuzlaInfo.ba\",\"description\":\"Tuzla info, gradski informator - Tuzla na dlanu\",\"publisher\":{\"@id\":\"https:\/\/tuzlainfo.ba\/#organization\"},\"potentialAction\":[{\"@type\":\"SearchAction\",\"target\":{\"@type\":\"EntryPoint\",\"urlTemplate\":\"https:\/\/tuzlainfo.ba\/?s={search_term_string}\"},\"query-input\":{\"@type\":\"PropertyValueSpecification\",\"valueRequired\":true,\"valueName\":\"search_term_string\"}}],\"inLanguage\":\"bs-BA\"},{\"@type\":\"Organization\",\"@id\":\"https:\/\/tuzlainfo.ba\/#organization\",\"name\":\"TuzlaInfo.ba\",\"url\":\"https:\/\/tuzlainfo.ba\/\",\"logo\":{\"@type\":\"ImageObject\",\"inLanguage\":\"bs-BA\",\"@id\":\"https:\/\/tuzlainfo.ba\/#\/schema\/logo\/image\/\",\"url\":\"https:\/\/tuzlainfo.ba\/wp-content\/uploads\/2021\/03\/logo-ver-3-1.png\",\"contentUrl\":\"https:\/\/tuzlainfo.ba\/wp-content\/uploads\/2021\/03\/logo-ver-3-1.png\",\"width\":350,\"height\":95,\"caption\":\"TuzlaInfo.ba\"},\"image\":{\"@id\":\"https:\/\/tuzlainfo.ba\/#\/schema\/logo\/image\/\"},\"sameAs\":[\"https:\/\/www.facebook.com\/tuzlainfo.ba\/\"]},{\"@type\":\"Person\",\"@id\":\"https:\/\/tuzlainfo.ba\/#\/schema\/person\/46cad4c57790cbc50781edd14870825a\",\"name\":\"Tuzla Info\",\"image\":{\"@type\":\"ImageObject\",\"inLanguage\":\"bs-BA\",\"@id\":\"https:\/\/tuzlainfo.ba\/#\/schema\/person\/image\/\",\"url\":\"https:\/\/tuzlainfo.ba\/wp-content\/litespeed\/avatar\/b6c453a6c38e3654f2e4416c643fc25c.jpg?ver=1777051911\",\"contentUrl\":\"https:\/\/tuzlainfo.ba\/wp-content\/litespeed\/avatar\/b6c453a6c38e3654f2e4416c643fc25c.jpg?ver=1777051911\",\"caption\":\"Tuzla Info\"}}]}<\/script>\n<!-- \/ Yoast SEO plugin. -->","yoast_head_json":{"title":"Najavljeno novo poskupljenje struje u BiH - TuzlaInfo.ba","robots":{"index":"index","follow":"follow","max-snippet":"max-snippet:-1","max-image-preview":"max-image-preview:large","max-video-preview":"max-video-preview:-1"},"canonical":"https:\/\/tuzlainfo.ba\/index.php\/bosna-i-hercegovina\/item\/253507-najavljeno-novo-poskupljenje-struje-u-bih\/","og_locale":"bs_BA","og_type":"article","og_title":"Najavljeno novo poskupljenje struje u BiH - TuzlaInfo.ba","og_description":"Elektri\u010dna energija u cijeloj BiH poskupit \u0107e od 2026. godine, a samo je pitanje u&hellip;","og_url":"https:\/\/tuzlainfo.ba\/index.php\/bosna-i-hercegovina\/item\/253507-najavljeno-novo-poskupljenje-struje-u-bih\/","og_site_name":"TuzlaInfo.ba","article_publisher":"https:\/\/www.facebook.com\/tuzlainfo.ba\/","article_published_time":"2024-10-24T13:04:26+00:00","article_modified_time":"2024-10-24T12:01:46+00:00","og_image":[{"width":770,"height":526,"url":"https:\/\/tuzlainfo.ba\/wp-content\/uploads\/2021\/01\/sadrzaj_2021_20210102_1401_brojilo.jpg","type":"image\/jpeg"}],"author":"Tuzla Info","twitter_card":"summary_large_image","twitter_misc":{"Written by":"Tuzla Info","Est. reading time":"3 minute"},"schema":{"@context":"https:\/\/schema.org","@graph":[{"@type":"Article","@id":"https:\/\/tuzlainfo.ba\/index.php\/bosna-i-hercegovina\/item\/253507-najavljeno-novo-poskupljenje-struje-u-bih\/#article","isPartOf":{"@id":"https:\/\/tuzlainfo.ba\/index.php\/bosna-i-hercegovina\/item\/253507-najavljeno-novo-poskupljenje-struje-u-bih\/"},"author":{"name":"Tuzla Info","@id":"https:\/\/tuzlainfo.ba\/#\/schema\/person\/46cad4c57790cbc50781edd14870825a"},"headline":"Najavljeno novo poskupljenje struje u BiH","datePublished":"2024-10-24T13:04:26+00:00","dateModified":"2024-10-24T12:01:46+00:00","mainEntityOfPage":{"@id":"https:\/\/tuzlainfo.ba\/index.php\/bosna-i-hercegovina\/item\/253507-najavljeno-novo-poskupljenje-struje-u-bih\/"},"wordCount":423,"publisher":{"@id":"https:\/\/tuzlainfo.ba\/#organization"},"image":{"@id":"https:\/\/tuzlainfo.ba\/index.php\/bosna-i-hercegovina\/item\/253507-najavljeno-novo-poskupljenje-struje-u-bih\/#primaryimage"},"thumbnailUrl":"https:\/\/tuzlainfo.ba\/wp-content\/uploads\/2021\/01\/sadrzaj_2021_20210102_1401_brojilo.jpg","keywords":["poskupljenje","struja"],"articleSection":["Bosna i Hercegovina","Istaknuto"],"inLanguage":"bs-BA"},{"@type":"WebPage","@id":"https:\/\/tuzlainfo.ba\/index.php\/bosna-i-hercegovina\/item\/253507-najavljeno-novo-poskupljenje-struje-u-bih\/","url":"https:\/\/tuzlainfo.ba\/index.php\/bosna-i-hercegovina\/item\/253507-najavljeno-novo-poskupljenje-struje-u-bih\/","name":"Najavljeno novo poskupljenje struje u BiH - TuzlaInfo.ba","isPartOf":{"@id":"https:\/\/tuzlainfo.ba\/#website"},"primaryImageOfPage":{"@id":"https:\/\/tuzlainfo.ba\/index.php\/bosna-i-hercegovina\/item\/253507-najavljeno-novo-poskupljenje-struje-u-bih\/#primaryimage"},"image":{"@id":"https:\/\/tuzlainfo.ba\/index.php\/bosna-i-hercegovina\/item\/253507-najavljeno-novo-poskupljenje-struje-u-bih\/#primaryimage"},"thumbnailUrl":"https:\/\/tuzlainfo.ba\/wp-content\/uploads\/2021\/01\/sadrzaj_2021_20210102_1401_brojilo.jpg","datePublished":"2024-10-24T13:04:26+00:00","dateModified":"2024-10-24T12:01:46+00:00","breadcrumb":{"@id":"https:\/\/tuzlainfo.ba\/index.php\/bosna-i-hercegovina\/item\/253507-najavljeno-novo-poskupljenje-struje-u-bih\/#breadcrumb"},"inLanguage":"bs-BA","potentialAction":[{"@type":"ReadAction","target":["https:\/\/tuzlainfo.ba\/index.php\/bosna-i-hercegovina\/item\/253507-najavljeno-novo-poskupljenje-struje-u-bih\/"]}]},{"@type":"ImageObject","inLanguage":"bs-BA","@id":"https:\/\/tuzlainfo.ba\/index.php\/bosna-i-hercegovina\/item\/253507-najavljeno-novo-poskupljenje-struje-u-bih\/#primaryimage","url":"https:\/\/tuzlainfo.ba\/wp-content\/uploads\/2021\/01\/sadrzaj_2021_20210102_1401_brojilo.jpg","contentUrl":"https:\/\/tuzlainfo.ba\/wp-content\/uploads\/2021\/01\/sadrzaj_2021_20210102_1401_brojilo.jpg","width":770,"height":526,"caption":"1401 brojilo"},{"@type":"BreadcrumbList","@id":"https:\/\/tuzlainfo.ba\/index.php\/bosna-i-hercegovina\/item\/253507-najavljeno-novo-poskupljenje-struje-u-bih\/#breadcrumb","itemListElement":[{"@type":"ListItem","position":1,"name":"Home","item":"https:\/\/tuzlainfo.ba\/"},{"@type":"ListItem","position":2,"name":"Najavljeno novo poskupljenje struje u BiH"}]},{"@type":"WebSite","@id":"https:\/\/tuzlainfo.ba\/#website","url":"https:\/\/tuzlainfo.ba\/","name":"TuzlaInfo.ba","description":"Tuzla info, gradski informator - Tuzla na dlanu","publisher":{"@id":"https:\/\/tuzlainfo.ba\/#organization"},"potentialAction":[{"@type":"SearchAction","target":{"@type":"EntryPoint","urlTemplate":"https:\/\/tuzlainfo.ba\/?s={search_term_string}"},"query-input":{"@type":"PropertyValueSpecification","valueRequired":true,"valueName":"search_term_string"}}],"inLanguage":"bs-BA"},{"@type":"Organization","@id":"https:\/\/tuzlainfo.ba\/#organization","name":"TuzlaInfo.ba","url":"https:\/\/tuzlainfo.ba\/","logo":{"@type":"ImageObject","inLanguage":"bs-BA","@id":"https:\/\/tuzlainfo.ba\/#\/schema\/logo\/image\/","url":"https:\/\/tuzlainfo.ba\/wp-content\/uploads\/2021\/03\/logo-ver-3-1.png","contentUrl":"https:\/\/tuzlainfo.ba\/wp-content\/uploads\/2021\/03\/logo-ver-3-1.png","width":350,"height":95,"caption":"TuzlaInfo.ba"},"image":{"@id":"https:\/\/tuzlainfo.ba\/#\/schema\/logo\/image\/"},"sameAs":["https:\/\/www.facebook.com\/tuzlainfo.ba\/"]},{"@type":"Person","@id":"https:\/\/tuzlainfo.ba\/#\/schema\/person\/46cad4c57790cbc50781edd14870825a","name":"Tuzla Info","image":{"@type":"ImageObject","inLanguage":"bs-BA","@id":"https:\/\/tuzlainfo.ba\/#\/schema\/person\/image\/","url":"https:\/\/tuzlainfo.ba\/wp-content\/litespeed\/avatar\/b6c453a6c38e3654f2e4416c643fc25c.jpg?ver=1777051911","contentUrl":"https:\/\/tuzlainfo.ba\/wp-content\/litespeed\/avatar\/b6c453a6c38e3654f2e4416c643fc25c.jpg?ver=1777051911","caption":"Tuzla Info"}}]}},"_links":{"self":[{"href":"https:\/\/tuzlainfo.ba\/index.php\/wp-json\/wp\/v2\/posts\/253507"}],"collection":[{"href":"https:\/\/tuzlainfo.ba\/index.php\/wp-json\/wp\/v2\/posts"}],"about":[{"href":"https:\/\/tuzlainfo.ba\/index.php\/wp-json\/wp\/v2\/types\/post"}],"author":[{"embeddable":true,"href":"https:\/\/tuzlainfo.ba\/index.php\/wp-json\/wp\/v2\/users\/4"}],"replies":[{"embeddable":true,"href":"https:\/\/tuzlainfo.ba\/index.php\/wp-json\/wp\/v2\/comments?post=253507"}],"version-history":[{"count":1,"href":"https:\/\/tuzlainfo.ba\/index.php\/wp-json\/wp\/v2\/posts\/253507\/revisions"}],"predecessor-version":[{"id":253509,"href":"https:\/\/tuzlainfo.ba\/index.php\/wp-json\/wp\/v2\/posts\/253507\/revisions\/253509"}],"wp:featuredmedia":[{"embeddable":true,"href":"https:\/\/tuzlainfo.ba\/index.php\/wp-json\/wp\/v2\/media\/85687"}],"wp:attachment":[{"href":"https:\/\/tuzlainfo.ba\/index.php\/wp-json\/wp\/v2\/media?parent=253507"}],"wp:term":[{"taxonomy":"category","embeddable":true,"href":"https:\/\/tuzlainfo.ba\/index.php\/wp-json\/wp\/v2\/categories?post=253507"},{"taxonomy":"post_tag","embeddable":true,"href":"https:\/\/tuzlainfo.ba\/index.php\/wp-json\/wp\/v2\/tags?post=253507"}],"curies":[{"name":"wp","href":"https:\/\/api.w.org\/{rel}","templated":true}]}}