{"id":253378,"date":"2024-10-23T11:30:21","date_gmt":"2024-10-23T09:30:21","guid":{"rendered":"https:\/\/tuzlainfo.ba\/?p=253378"},"modified":"2024-10-23T10:21:16","modified_gmt":"2024-10-23T08:21:16","slug":"reisul-ulemu-kavazovica-posjetio-sef-hrvatske-diplomatije-grlic-radman","status":"publish","type":"post","link":"https:\/\/tuzlainfo.ba\/index.php\/bosna-i-hercegovina\/item\/253378-reisul-ulemu-kavazovica-posjetio-sef-hrvatske-diplomatije-grlic-radman\/","title":{"rendered":"Reisul-ulemu Kavazovi\u0107a posjetio \u0161ef hrvatske diplomatije Grli\u0107 Radman"},"content":{"rendered":"<p>Reisul-ulemu Islamske zajednice u Bosni i Hercegovini Husein-ef. Kavazovi\u0107a je posjetio Gordan Grli\u0107 Radman, ministar vanjskih i evropskih poslova Republike Hrvatske.<\/p>\n<p>Na sastanku se razgovaralo o aktuelnoj situaciji u Bosni i Hercegovini i okru\u017eenju, objavila je agencija MINA.<\/p>\n<p>\u0160ef hrvatske diplomatije Grli\u0107 Radman stigao je u Sarajevo gdje \u0107e od 22. do 23. oktobra u\u010destvovati na &#8220;NATO partnerskom 360 simpoziju&#8221;.<\/p>\n<p>Danas, 23. oktobra \u0107e u\u010destvovati na panel raspravi &#8220;Zapadni Balkan \u2013 regija koja pokazuje raznovrsnost NATO partnerstva i uspjeh integracije\u201c.<\/p>\n<p>Tokom boravka u Sarajevu ministar Grli\u0107 Radman osim s reisu-l-ulemom Islamske zajednice u Bosni i Hercegovini Kavazovi\u0107em se susreo i s vrhbosanskim nadbiskupom Tomom Vuk\u0161i\u0107em, provincijalom Franjeva\u010dke provincije Bosne Srebrene fra Zdravkom Dadi\u0107em te s ministrom vanjskih poslova Bosne i Hercegovine Elmedinom Konakovi\u0107em.<\/p>\n","protected":false},"excerpt":{"rendered":"<p>Reisul-ulemu Islamske zajednice u Bosni i Hercegovini Husein-ef. Kavazovi\u0107a je posjetio Gordan Grli\u0107 Radman, ministar&hellip;<\/p>\n","protected":false},"author":3,"featured_media":253382,"comment_status":"closed","ping_status":"closed","sticky":false,"template":"","format":"standard","meta":{"_acf_changed":false,"footnotes":""},"categories":[291],"tags":[2043,1168],"acf":[],"yoast_head":"<!-- This site is optimized with the Yoast SEO plugin v23.5 - https:\/\/yoast.com\/wordpress\/plugins\/seo\/ -->\n<title>Reisul-ulemu Kavazovi\u0107a posjetio \u0161ef hrvatske diplomatije Grli\u0107 Radman - TuzlaInfo.ba<\/title>\n<meta name=\"robots\" content=\"index, follow, max-snippet:-1, max-image-preview:large, max-video-preview:-1\" \/>\n<link rel=\"canonical\" href=\"https:\/\/tuzlainfo.ba\/index.php\/bosna-i-hercegovina\/item\/253378-reisul-ulemu-kavazovica-posjetio-sef-hrvatske-diplomatije-grlic-radman\/\" \/>\n<meta property=\"og:locale\" content=\"bs_BA\" \/>\n<meta property=\"og:type\" content=\"article\" \/>\n<meta property=\"og:title\" content=\"Reisul-ulemu Kavazovi\u0107a posjetio \u0161ef hrvatske diplomatije Grli\u0107 Radman - TuzlaInfo.ba\" \/>\n<meta property=\"og:description\" content=\"Reisul-ulemu Islamske zajednice u Bosni i Hercegovini Husein-ef. Kavazovi\u0107a je posjetio Gordan Grli\u0107 Radman, ministar&hellip;\" \/>\n<meta property=\"og:url\" content=\"https:\/\/tuzlainfo.ba\/index.php\/bosna-i-hercegovina\/item\/253378-reisul-ulemu-kavazovica-posjetio-sef-hrvatske-diplomatije-grlic-radman\/\" \/>\n<meta property=\"og:site_name\" content=\"TuzlaInfo.ba\" \/>\n<meta property=\"article:publisher\" content=\"https:\/\/www.facebook.com\/tuzlainfo.ba\/\" \/>\n<meta property=\"article:published_time\" content=\"2024-10-23T09:30:21+00:00\" \/>\n<meta property=\"article:modified_time\" content=\"2024-10-23T08:21:16+00:00\" \/>\n<meta property=\"og:image\" content=\"https:\/\/tuzlainfo.ba\/wp-content\/uploads\/2024\/10\/2310_radman-reis-sastanak.webp\" \/>\n\t<meta property=\"og:image:width\" content=\"1098\" \/>\n\t<meta property=\"og:image:height\" content=\"732\" \/>\n\t<meta property=\"og:image:type\" content=\"image\/webp\" \/>\n<meta name=\"author\" content=\"admin2\" \/>\n<meta name=\"twitter:card\" content=\"summary_large_image\" \/>\n<meta name=\"twitter:label1\" content=\"Written by\" \/>\n\t<meta name=\"twitter:data1\" content=\"admin2\" \/>\n\t<meta name=\"twitter:label2\" content=\"Est. reading time\" \/>\n\t<meta name=\"twitter:data2\" content=\"1 minuta\" \/>\n<script type=\"application\/ld+json\" class=\"yoast-schema-graph\">{\"@context\":\"https:\/\/schema.org\",\"@graph\":[{\"@type\":\"Article\",\"@id\":\"https:\/\/tuzlainfo.ba\/index.php\/bosna-i-hercegovina\/item\/253378-reisul-ulemu-kavazovica-posjetio-sef-hrvatske-diplomatije-grlic-radman\/#article\",\"isPartOf\":{\"@id\":\"https:\/\/tuzlainfo.ba\/index.php\/bosna-i-hercegovina\/item\/253378-reisul-ulemu-kavazovica-posjetio-sef-hrvatske-diplomatije-grlic-radman\/\"},\"author\":{\"name\":\"admin2\",\"@id\":\"https:\/\/tuzlainfo.ba\/#\/schema\/person\/f4ebe4fff27e68efb65fa7e18f8af372\"},\"headline\":\"Reisul-ulemu Kavazovi\u0107a posjetio \u0161ef hrvatske diplomatije Grli\u0107 Radman\",\"datePublished\":\"2024-10-23T09:30:21+00:00\",\"dateModified\":\"2024-10-23T08:21:16+00:00\",\"mainEntityOfPage\":{\"@id\":\"https:\/\/tuzlainfo.ba\/index.php\/bosna-i-hercegovina\/item\/253378-reisul-ulemu-kavazovica-posjetio-sef-hrvatske-diplomatije-grlic-radman\/\"},\"wordCount\":137,\"publisher\":{\"@id\":\"https:\/\/tuzlainfo.ba\/#organization\"},\"image\":{\"@id\":\"https:\/\/tuzlainfo.ba\/index.php\/bosna-i-hercegovina\/item\/253378-reisul-ulemu-kavazovica-posjetio-sef-hrvatske-diplomatije-grlic-radman\/#primaryimage\"},\"thumbnailUrl\":\"https:\/\/tuzlainfo.ba\/wp-content\/uploads\/2024\/10\/2310_radman-reis-sastanak.webp\",\"keywords\":[\"grli\u0107-radman\",\"reis kavazovic\"],\"articleSection\":[\"Bosna i Hercegovina\"],\"inLanguage\":\"bs-BA\"},{\"@type\":\"WebPage\",\"@id\":\"https:\/\/tuzlainfo.ba\/index.php\/bosna-i-hercegovina\/item\/253378-reisul-ulemu-kavazovica-posjetio-sef-hrvatske-diplomatije-grlic-radman\/\",\"url\":\"https:\/\/tuzlainfo.ba\/index.php\/bosna-i-hercegovina\/item\/253378-reisul-ulemu-kavazovica-posjetio-sef-hrvatske-diplomatije-grlic-radman\/\",\"name\":\"Reisul-ulemu Kavazovi\u0107a posjetio \u0161ef hrvatske diplomatije Grli\u0107 Radman - TuzlaInfo.ba\",\"isPartOf\":{\"@id\":\"https:\/\/tuzlainfo.ba\/#website\"},\"primaryImageOfPage\":{\"@id\":\"https:\/\/tuzlainfo.ba\/index.php\/bosna-i-hercegovina\/item\/253378-reisul-ulemu-kavazovica-posjetio-sef-hrvatske-diplomatije-grlic-radman\/#primaryimage\"},\"image\":{\"@id\":\"https:\/\/tuzlainfo.ba\/index.php\/bosna-i-hercegovina\/item\/253378-reisul-ulemu-kavazovica-posjetio-sef-hrvatske-diplomatije-grlic-radman\/#primaryimage\"},\"thumbnailUrl\":\"https:\/\/tuzlainfo.ba\/wp-content\/uploads\/2024\/10\/2310_radman-reis-sastanak.webp\",\"datePublished\":\"2024-10-23T09:30:21+00:00\",\"dateModified\":\"2024-10-23T08:21:16+00:00\",\"breadcrumb\":{\"@id\":\"https:\/\/tuzlainfo.ba\/index.php\/bosna-i-hercegovina\/item\/253378-reisul-ulemu-kavazovica-posjetio-sef-hrvatske-diplomatije-grlic-radman\/#breadcrumb\"},\"inLanguage\":\"bs-BA\",\"potentialAction\":[{\"@type\":\"ReadAction\",\"target\":[\"https:\/\/tuzlainfo.ba\/index.php\/bosna-i-hercegovina\/item\/253378-reisul-ulemu-kavazovica-posjetio-sef-hrvatske-diplomatije-grlic-radman\/\"]}]},{\"@type\":\"ImageObject\",\"inLanguage\":\"bs-BA\",\"@id\":\"https:\/\/tuzlainfo.ba\/index.php\/bosna-i-hercegovina\/item\/253378-reisul-ulemu-kavazovica-posjetio-sef-hrvatske-diplomatije-grlic-radman\/#primaryimage\",\"url\":\"https:\/\/tuzlainfo.ba\/wp-content\/uploads\/2024\/10\/2310_radman-reis-sastanak.webp\",\"contentUrl\":\"https:\/\/tuzlainfo.ba\/wp-content\/uploads\/2024\/10\/2310_radman-reis-sastanak.webp\",\"width\":1098,\"height\":732},{\"@type\":\"BreadcrumbList\",\"@id\":\"https:\/\/tuzlainfo.ba\/index.php\/bosna-i-hercegovina\/item\/253378-reisul-ulemu-kavazovica-posjetio-sef-hrvatske-diplomatije-grlic-radman\/#breadcrumb\",\"itemListElement\":[{\"@type\":\"ListItem\",\"position\":1,\"name\":\"Home\",\"item\":\"https:\/\/tuzlainfo.ba\/\"},{\"@type\":\"ListItem\",\"position\":2,\"name\":\"Reisul-ulemu Kavazovi\u0107a posjetio \u0161ef hrvatske diplomatije Grli\u0107 Radman\"}]},{\"@type\":\"WebSite\",\"@id\":\"https:\/\/tuzlainfo.ba\/#website\",\"url\":\"https:\/\/tuzlainfo.ba\/\",\"name\":\"TuzlaInfo.ba\",\"description\":\"Tuzla info, gradski informator - Tuzla na dlanu\",\"publisher\":{\"@id\":\"https:\/\/tuzlainfo.ba\/#organization\"},\"potentialAction\":[{\"@type\":\"SearchAction\",\"target\":{\"@type\":\"EntryPoint\",\"urlTemplate\":\"https:\/\/tuzlainfo.ba\/?s={search_term_string}\"},\"query-input\":{\"@type\":\"PropertyValueSpecification\",\"valueRequired\":true,\"valueName\":\"search_term_string\"}}],\"inLanguage\":\"bs-BA\"},{\"@type\":\"Organization\",\"@id\":\"https:\/\/tuzlainfo.ba\/#organization\",\"name\":\"TuzlaInfo.ba\",\"url\":\"https:\/\/tuzlainfo.ba\/\",\"logo\":{\"@type\":\"ImageObject\",\"inLanguage\":\"bs-BA\",\"@id\":\"https:\/\/tuzlainfo.ba\/#\/schema\/logo\/image\/\",\"url\":\"https:\/\/tuzlainfo.ba\/wp-content\/uploads\/2021\/03\/logo-ver-3-1.png\",\"contentUrl\":\"https:\/\/tuzlainfo.ba\/wp-content\/uploads\/2021\/03\/logo-ver-3-1.png\",\"width\":350,\"height\":95,\"caption\":\"TuzlaInfo.ba\"},\"image\":{\"@id\":\"https:\/\/tuzlainfo.ba\/#\/schema\/logo\/image\/\"},\"sameAs\":[\"https:\/\/www.facebook.com\/tuzlainfo.ba\/\"]},{\"@type\":\"Person\",\"@id\":\"https:\/\/tuzlainfo.ba\/#\/schema\/person\/f4ebe4fff27e68efb65fa7e18f8af372\",\"name\":\"admin2\",\"image\":{\"@type\":\"ImageObject\",\"inLanguage\":\"bs-BA\",\"@id\":\"https:\/\/tuzlainfo.ba\/#\/schema\/person\/image\/\",\"url\":\"https:\/\/tuzlainfo.ba\/wp-content\/litespeed\/avatar\/8219eeb9a43cff2d096e773737736f62.jpg?ver=1776704580\",\"contentUrl\":\"https:\/\/tuzlainfo.ba\/wp-content\/litespeed\/avatar\/8219eeb9a43cff2d096e773737736f62.jpg?ver=1776704580\",\"caption\":\"admin2\"},\"description\":\"Tuzlainfo.ba pratite na dru\u0161tvenim mre\u017eama: Facebook, Instagram i Youtube. Svoje pri\u010de, upite i fotografije \u0161aljite na na\u0161u e-mail adresu.\",\"sameAs\":[\"admin\"]}]}<\/script>\n<!-- \/ Yoast SEO plugin. -->","yoast_head_json":{"title":"Reisul-ulemu Kavazovi\u0107a posjetio \u0161ef hrvatske diplomatije Grli\u0107 Radman - TuzlaInfo.ba","robots":{"index":"index","follow":"follow","max-snippet":"max-snippet:-1","max-image-preview":"max-image-preview:large","max-video-preview":"max-video-preview:-1"},"canonical":"https:\/\/tuzlainfo.ba\/index.php\/bosna-i-hercegovina\/item\/253378-reisul-ulemu-kavazovica-posjetio-sef-hrvatske-diplomatije-grlic-radman\/","og_locale":"bs_BA","og_type":"article","og_title":"Reisul-ulemu Kavazovi\u0107a posjetio \u0161ef hrvatske diplomatije Grli\u0107 Radman - TuzlaInfo.ba","og_description":"Reisul-ulemu Islamske zajednice u Bosni i Hercegovini Husein-ef. Kavazovi\u0107a je posjetio Gordan Grli\u0107 Radman, ministar&hellip;","og_url":"https:\/\/tuzlainfo.ba\/index.php\/bosna-i-hercegovina\/item\/253378-reisul-ulemu-kavazovica-posjetio-sef-hrvatske-diplomatije-grlic-radman\/","og_site_name":"TuzlaInfo.ba","article_publisher":"https:\/\/www.facebook.com\/tuzlainfo.ba\/","article_published_time":"2024-10-23T09:30:21+00:00","article_modified_time":"2024-10-23T08:21:16+00:00","og_image":[{"width":1098,"height":732,"url":"https:\/\/tuzlainfo.ba\/wp-content\/uploads\/2024\/10\/2310_radman-reis-sastanak.webp","type":"image\/webp"}],"author":"admin2","twitter_card":"summary_large_image","twitter_misc":{"Written by":"admin2","Est. reading time":"1 minuta"},"schema":{"@context":"https:\/\/schema.org","@graph":[{"@type":"Article","@id":"https:\/\/tuzlainfo.ba\/index.php\/bosna-i-hercegovina\/item\/253378-reisul-ulemu-kavazovica-posjetio-sef-hrvatske-diplomatije-grlic-radman\/#article","isPartOf":{"@id":"https:\/\/tuzlainfo.ba\/index.php\/bosna-i-hercegovina\/item\/253378-reisul-ulemu-kavazovica-posjetio-sef-hrvatske-diplomatije-grlic-radman\/"},"author":{"name":"admin2","@id":"https:\/\/tuzlainfo.ba\/#\/schema\/person\/f4ebe4fff27e68efb65fa7e18f8af372"},"headline":"Reisul-ulemu Kavazovi\u0107a posjetio \u0161ef hrvatske diplomatije Grli\u0107 Radman","datePublished":"2024-10-23T09:30:21+00:00","dateModified":"2024-10-23T08:21:16+00:00","mainEntityOfPage":{"@id":"https:\/\/tuzlainfo.ba\/index.php\/bosna-i-hercegovina\/item\/253378-reisul-ulemu-kavazovica-posjetio-sef-hrvatske-diplomatije-grlic-radman\/"},"wordCount":137,"publisher":{"@id":"https:\/\/tuzlainfo.ba\/#organization"},"image":{"@id":"https:\/\/tuzlainfo.ba\/index.php\/bosna-i-hercegovina\/item\/253378-reisul-ulemu-kavazovica-posjetio-sef-hrvatske-diplomatije-grlic-radman\/#primaryimage"},"thumbnailUrl":"https:\/\/tuzlainfo.ba\/wp-content\/uploads\/2024\/10\/2310_radman-reis-sastanak.webp","keywords":["grli\u0107-radman","reis kavazovic"],"articleSection":["Bosna i Hercegovina"],"inLanguage":"bs-BA"},{"@type":"WebPage","@id":"https:\/\/tuzlainfo.ba\/index.php\/bosna-i-hercegovina\/item\/253378-reisul-ulemu-kavazovica-posjetio-sef-hrvatske-diplomatije-grlic-radman\/","url":"https:\/\/tuzlainfo.ba\/index.php\/bosna-i-hercegovina\/item\/253378-reisul-ulemu-kavazovica-posjetio-sef-hrvatske-diplomatije-grlic-radman\/","name":"Reisul-ulemu Kavazovi\u0107a posjetio \u0161ef hrvatske diplomatije Grli\u0107 Radman - TuzlaInfo.ba","isPartOf":{"@id":"https:\/\/tuzlainfo.ba\/#website"},"primaryImageOfPage":{"@id":"https:\/\/tuzlainfo.ba\/index.php\/bosna-i-hercegovina\/item\/253378-reisul-ulemu-kavazovica-posjetio-sef-hrvatske-diplomatije-grlic-radman\/#primaryimage"},"image":{"@id":"https:\/\/tuzlainfo.ba\/index.php\/bosna-i-hercegovina\/item\/253378-reisul-ulemu-kavazovica-posjetio-sef-hrvatske-diplomatije-grlic-radman\/#primaryimage"},"thumbnailUrl":"https:\/\/tuzlainfo.ba\/wp-content\/uploads\/2024\/10\/2310_radman-reis-sastanak.webp","datePublished":"2024-10-23T09:30:21+00:00","dateModified":"2024-10-23T08:21:16+00:00","breadcrumb":{"@id":"https:\/\/tuzlainfo.ba\/index.php\/bosna-i-hercegovina\/item\/253378-reisul-ulemu-kavazovica-posjetio-sef-hrvatske-diplomatije-grlic-radman\/#breadcrumb"},"inLanguage":"bs-BA","potentialAction":[{"@type":"ReadAction","target":["https:\/\/tuzlainfo.ba\/index.php\/bosna-i-hercegovina\/item\/253378-reisul-ulemu-kavazovica-posjetio-sef-hrvatske-diplomatije-grlic-radman\/"]}]},{"@type":"ImageObject","inLanguage":"bs-BA","@id":"https:\/\/tuzlainfo.ba\/index.php\/bosna-i-hercegovina\/item\/253378-reisul-ulemu-kavazovica-posjetio-sef-hrvatske-diplomatije-grlic-radman\/#primaryimage","url":"https:\/\/tuzlainfo.ba\/wp-content\/uploads\/2024\/10\/2310_radman-reis-sastanak.webp","contentUrl":"https:\/\/tuzlainfo.ba\/wp-content\/uploads\/2024\/10\/2310_radman-reis-sastanak.webp","width":1098,"height":732},{"@type":"BreadcrumbList","@id":"https:\/\/tuzlainfo.ba\/index.php\/bosna-i-hercegovina\/item\/253378-reisul-ulemu-kavazovica-posjetio-sef-hrvatske-diplomatije-grlic-radman\/#breadcrumb","itemListElement":[{"@type":"ListItem","position":1,"name":"Home","item":"https:\/\/tuzlainfo.ba\/"},{"@type":"ListItem","position":2,"name":"Reisul-ulemu Kavazovi\u0107a posjetio \u0161ef hrvatske diplomatije Grli\u0107 Radman"}]},{"@type":"WebSite","@id":"https:\/\/tuzlainfo.ba\/#website","url":"https:\/\/tuzlainfo.ba\/","name":"TuzlaInfo.ba","description":"Tuzla info, gradski informator - Tuzla na dlanu","publisher":{"@id":"https:\/\/tuzlainfo.ba\/#organization"},"potentialAction":[{"@type":"SearchAction","target":{"@type":"EntryPoint","urlTemplate":"https:\/\/tuzlainfo.ba\/?s={search_term_string}"},"query-input":{"@type":"PropertyValueSpecification","valueRequired":true,"valueName":"search_term_string"}}],"inLanguage":"bs-BA"},{"@type":"Organization","@id":"https:\/\/tuzlainfo.ba\/#organization","name":"TuzlaInfo.ba","url":"https:\/\/tuzlainfo.ba\/","logo":{"@type":"ImageObject","inLanguage":"bs-BA","@id":"https:\/\/tuzlainfo.ba\/#\/schema\/logo\/image\/","url":"https:\/\/tuzlainfo.ba\/wp-content\/uploads\/2021\/03\/logo-ver-3-1.png","contentUrl":"https:\/\/tuzlainfo.ba\/wp-content\/uploads\/2021\/03\/logo-ver-3-1.png","width":350,"height":95,"caption":"TuzlaInfo.ba"},"image":{"@id":"https:\/\/tuzlainfo.ba\/#\/schema\/logo\/image\/"},"sameAs":["https:\/\/www.facebook.com\/tuzlainfo.ba\/"]},{"@type":"Person","@id":"https:\/\/tuzlainfo.ba\/#\/schema\/person\/f4ebe4fff27e68efb65fa7e18f8af372","name":"admin2","image":{"@type":"ImageObject","inLanguage":"bs-BA","@id":"https:\/\/tuzlainfo.ba\/#\/schema\/person\/image\/","url":"https:\/\/tuzlainfo.ba\/wp-content\/litespeed\/avatar\/8219eeb9a43cff2d096e773737736f62.jpg?ver=1776704580","contentUrl":"https:\/\/tuzlainfo.ba\/wp-content\/litespeed\/avatar\/8219eeb9a43cff2d096e773737736f62.jpg?ver=1776704580","caption":"admin2"},"description":"Tuzlainfo.ba pratite na dru\u0161tvenim mre\u017eama: Facebook, Instagram i Youtube. Svoje pri\u010de, upite i fotografije \u0161aljite na na\u0161u e-mail adresu.","sameAs":["admin"]}]}},"_links":{"self":[{"href":"https:\/\/tuzlainfo.ba\/index.php\/wp-json\/wp\/v2\/posts\/253378"}],"collection":[{"href":"https:\/\/tuzlainfo.ba\/index.php\/wp-json\/wp\/v2\/posts"}],"about":[{"href":"https:\/\/tuzlainfo.ba\/index.php\/wp-json\/wp\/v2\/types\/post"}],"author":[{"embeddable":true,"href":"https:\/\/tuzlainfo.ba\/index.php\/wp-json\/wp\/v2\/users\/3"}],"replies":[{"embeddable":true,"href":"https:\/\/tuzlainfo.ba\/index.php\/wp-json\/wp\/v2\/comments?post=253378"}],"version-history":[{"count":1,"href":"https:\/\/tuzlainfo.ba\/index.php\/wp-json\/wp\/v2\/posts\/253378\/revisions"}],"predecessor-version":[{"id":253383,"href":"https:\/\/tuzlainfo.ba\/index.php\/wp-json\/wp\/v2\/posts\/253378\/revisions\/253383"}],"wp:featuredmedia":[{"embeddable":true,"href":"https:\/\/tuzlainfo.ba\/index.php\/wp-json\/wp\/v2\/media\/253382"}],"wp:attachment":[{"href":"https:\/\/tuzlainfo.ba\/index.php\/wp-json\/wp\/v2\/media?parent=253378"}],"wp:term":[{"taxonomy":"category","embeddable":true,"href":"https:\/\/tuzlainfo.ba\/index.php\/wp-json\/wp\/v2\/categories?post=253378"},{"taxonomy":"post_tag","embeddable":true,"href":"https:\/\/tuzlainfo.ba\/index.php\/wp-json\/wp\/v2\/tags?post=253378"}],"curies":[{"name":"wp","href":"https:\/\/api.w.org\/{rel}","templated":true}]}}