{"id":253344,"date":"2024-10-22T19:55:23","date_gmt":"2024-10-22T17:55:23","guid":{"rendered":"https:\/\/tuzlainfo.ba\/?p=253344"},"modified":"2024-10-22T21:52:29","modified_gmt":"2024-10-22T19:52:29","slug":"oprez-sa-trzista-bih-se-povlaci-popularna-pasteta","status":"publish","type":"post","link":"https:\/\/tuzlainfo.ba\/index.php\/bosna-i-hercegovina\/item\/253344-oprez-sa-trzista-bih-se-povlaci-popularna-pasteta\/","title":{"rendered":"Oprez: Sa tr\u017ei\u0161ta BiH se povla\u010di jedna serija popularne pa\u0161tete"},"content":{"rendered":"<p>Sa tr\u017ei\u0161ta BiH povla\u010di se &#8220;Argeta koko\u0161ija pa\u0161teta&#8221; u pakovanju od 114 grama, serija 0300028498, \u010diji je rok upotrebe 10. septembar 2027. godine, zato \u0161to &#8220;za seriju proizvoda postoji mogu\u0107nost napuhanih doza&#8221;, te je prodaja proizvoda iz ove serije zaustavljena.<\/p>\n<p>Potro\u0161a\u010di se obavje\u0161tavaju da proizvode sa navedenim brojem serije ne konzumiraju, posebno ako prepoznaju znakove napuhanosti ambala\u017ee, objavila je Agencija za bezbjednost hrane BiH koju je kompanija &#8220;Atlantik Argeta&#8221; Sarajevo obavijestila o povla\u010denju proizvoda.<\/p>\n<p>Iz Agencije navode da u skladu sa Zakonom o hrani, ako je ambala\u017ea hrane neprikladna ili o\u0161te\u0107ena tako da su mogu\u0107e mikrobiolo\u0161ke i hemijske promjene hrane u granicama ve\u0107im od dozvoljenih, hrana se smatra neprikladnom za ljudsku upotrebu.<\/p>\n<p>U skladu sa ovim zakonom, potrebno je obezbijediti da hrana zadovoljava odredbe propisa o hrani relevantnih za njihove djelatnosti kao i nadzirati po\u0161tovanje propisa.<\/p>\n<p>Ako subjekat u poslovanju sa hranom zna ili opravdano sumnja da hrana koju je uvezao, proizveo, preradio, stavio na tr\u017ei\u0161te ili distribuisao, ne zadovolja zahtjeve zdravstvene ispravnosti, du\u017ean je odmah sprije\u010diti stavljanje hrane na tr\u017ei\u0161te, odnosno u slu\u010dajevima kada proizvod nije vi\u0161e pod njegovom neposrednom kontrolom o tome odmah obavijestiti nadle\u017ene organe, napominju iz Agencije, prenose agencije.<\/p>\n","protected":false},"excerpt":{"rendered":"<p>Sa tr\u017ei\u0161ta BiH povla\u010di se &#8220;Argeta koko\u0161ija pa\u0161teta&#8221; u pakovanju od 114 grama, serija 0300028498,&hellip;<\/p>\n","protected":false},"author":2,"featured_media":253345,"comment_status":"closed","ping_status":"closed","sticky":false,"template":"","format":"standard","meta":{"_acf_changed":false,"footnotes":""},"categories":[291,306],"tags":[5308,11309],"acf":[],"yoast_head":"<!-- This site is optimized with the Yoast SEO plugin v23.5 - https:\/\/yoast.com\/wordpress\/plugins\/seo\/ -->\n<title>Oprez: Sa tr\u017ei\u0161ta BiH se povla\u010di jedna serija popularne pa\u0161tete - TuzlaInfo.ba<\/title>\n<meta name=\"robots\" content=\"index, follow, max-snippet:-1, max-image-preview:large, max-video-preview:-1\" \/>\n<link rel=\"canonical\" href=\"https:\/\/tuzlainfo.ba\/index.php\/bosna-i-hercegovina\/item\/253344-oprez-sa-trzista-bih-se-povlaci-popularna-pasteta\/\" \/>\n<meta property=\"og:locale\" content=\"bs_BA\" \/>\n<meta property=\"og:type\" content=\"article\" \/>\n<meta property=\"og:title\" content=\"Oprez: Sa tr\u017ei\u0161ta BiH se povla\u010di jedna serija popularne pa\u0161tete - TuzlaInfo.ba\" \/>\n<meta property=\"og:description\" content=\"Sa tr\u017ei\u0161ta BiH povla\u010di se &#8220;Argeta koko\u0161ija pa\u0161teta&#8221; u pakovanju od 114 grama, serija 0300028498,&hellip;\" \/>\n<meta property=\"og:url\" content=\"https:\/\/tuzlainfo.ba\/index.php\/bosna-i-hercegovina\/item\/253344-oprez-sa-trzista-bih-se-povlaci-popularna-pasteta\/\" \/>\n<meta property=\"og:site_name\" content=\"TuzlaInfo.ba\" \/>\n<meta property=\"article:publisher\" content=\"https:\/\/www.facebook.com\/tuzlainfo.ba\/\" \/>\n<meta property=\"article:published_time\" content=\"2024-10-22T17:55:23+00:00\" \/>\n<meta property=\"article:modified_time\" content=\"2024-10-22T19:52:29+00:00\" \/>\n<meta property=\"og:image\" content=\"https:\/\/tuzlainfo.ba\/wp-content\/uploads\/2024\/10\/2210_pasteta.jpg\" \/>\n\t<meta property=\"og:image:width\" content=\"1200\" \/>\n\t<meta property=\"og:image:height\" content=\"877\" \/>\n\t<meta property=\"og:image:type\" content=\"image\/jpeg\" \/>\n<meta name=\"author\" content=\"nedim\" \/>\n<meta name=\"twitter:card\" content=\"summary_large_image\" \/>\n<meta name=\"twitter:label1\" content=\"Written by\" \/>\n\t<meta name=\"twitter:data1\" content=\"nedim\" \/>\n\t<meta name=\"twitter:label2\" content=\"Est. reading time\" \/>\n\t<meta name=\"twitter:data2\" content=\"2 minute\" \/>\n<script type=\"application\/ld+json\" class=\"yoast-schema-graph\">{\"@context\":\"https:\/\/schema.org\",\"@graph\":[{\"@type\":\"Article\",\"@id\":\"https:\/\/tuzlainfo.ba\/index.php\/bosna-i-hercegovina\/item\/253344-oprez-sa-trzista-bih-se-povlaci-popularna-pasteta\/#article\",\"isPartOf\":{\"@id\":\"https:\/\/tuzlainfo.ba\/index.php\/bosna-i-hercegovina\/item\/253344-oprez-sa-trzista-bih-se-povlaci-popularna-pasteta\/\"},\"author\":{\"name\":\"nedim\",\"@id\":\"https:\/\/tuzlainfo.ba\/#\/schema\/person\/f434e20dc27ea133923aab08451b7f7f\"},\"headline\":\"Oprez: Sa tr\u017ei\u0161ta BiH se povla\u010di jedna serija popularne pa\u0161tete\",\"datePublished\":\"2024-10-22T17:55:23+00:00\",\"dateModified\":\"2024-10-22T19:52:29+00:00\",\"mainEntityOfPage\":{\"@id\":\"https:\/\/tuzlainfo.ba\/index.php\/bosna-i-hercegovina\/item\/253344-oprez-sa-trzista-bih-se-povlaci-popularna-pasteta\/\"},\"wordCount\":230,\"publisher\":{\"@id\":\"https:\/\/tuzlainfo.ba\/#organization\"},\"image\":{\"@id\":\"https:\/\/tuzlainfo.ba\/index.php\/bosna-i-hercegovina\/item\/253344-oprez-sa-trzista-bih-se-povlaci-popularna-pasteta\/#primaryimage\"},\"thumbnailUrl\":\"https:\/\/tuzlainfo.ba\/wp-content\/uploads\/2024\/10\/2210_pasteta.jpg\",\"keywords\":[\"agencija za sigurnost hrane BiH\",\"pa\u0161teta\"],\"articleSection\":[\"Bosna i Hercegovina\",\"Preporu\u010dujemo\"],\"inLanguage\":\"bs-BA\"},{\"@type\":\"WebPage\",\"@id\":\"https:\/\/tuzlainfo.ba\/index.php\/bosna-i-hercegovina\/item\/253344-oprez-sa-trzista-bih-se-povlaci-popularna-pasteta\/\",\"url\":\"https:\/\/tuzlainfo.ba\/index.php\/bosna-i-hercegovina\/item\/253344-oprez-sa-trzista-bih-se-povlaci-popularna-pasteta\/\",\"name\":\"Oprez: Sa tr\u017ei\u0161ta BiH se povla\u010di jedna serija popularne pa\u0161tete - TuzlaInfo.ba\",\"isPartOf\":{\"@id\":\"https:\/\/tuzlainfo.ba\/#website\"},\"primaryImageOfPage\":{\"@id\":\"https:\/\/tuzlainfo.ba\/index.php\/bosna-i-hercegovina\/item\/253344-oprez-sa-trzista-bih-se-povlaci-popularna-pasteta\/#primaryimage\"},\"image\":{\"@id\":\"https:\/\/tuzlainfo.ba\/index.php\/bosna-i-hercegovina\/item\/253344-oprez-sa-trzista-bih-se-povlaci-popularna-pasteta\/#primaryimage\"},\"thumbnailUrl\":\"https:\/\/tuzlainfo.ba\/wp-content\/uploads\/2024\/10\/2210_pasteta.jpg\",\"datePublished\":\"2024-10-22T17:55:23+00:00\",\"dateModified\":\"2024-10-22T19:52:29+00:00\",\"breadcrumb\":{\"@id\":\"https:\/\/tuzlainfo.ba\/index.php\/bosna-i-hercegovina\/item\/253344-oprez-sa-trzista-bih-se-povlaci-popularna-pasteta\/#breadcrumb\"},\"inLanguage\":\"bs-BA\",\"potentialAction\":[{\"@type\":\"ReadAction\",\"target\":[\"https:\/\/tuzlainfo.ba\/index.php\/bosna-i-hercegovina\/item\/253344-oprez-sa-trzista-bih-se-povlaci-popularna-pasteta\/\"]}]},{\"@type\":\"ImageObject\",\"inLanguage\":\"bs-BA\",\"@id\":\"https:\/\/tuzlainfo.ba\/index.php\/bosna-i-hercegovina\/item\/253344-oprez-sa-trzista-bih-se-povlaci-popularna-pasteta\/#primaryimage\",\"url\":\"https:\/\/tuzlainfo.ba\/wp-content\/uploads\/2024\/10\/2210_pasteta.jpg\",\"contentUrl\":\"https:\/\/tuzlainfo.ba\/wp-content\/uploads\/2024\/10\/2210_pasteta.jpg\",\"width\":1200,\"height\":877,\"caption\":\"Foto: Ilustracija (Arhiv: Tuzlainfo.ba)\"},{\"@type\":\"BreadcrumbList\",\"@id\":\"https:\/\/tuzlainfo.ba\/index.php\/bosna-i-hercegovina\/item\/253344-oprez-sa-trzista-bih-se-povlaci-popularna-pasteta\/#breadcrumb\",\"itemListElement\":[{\"@type\":\"ListItem\",\"position\":1,\"name\":\"Home\",\"item\":\"https:\/\/tuzlainfo.ba\/\"},{\"@type\":\"ListItem\",\"position\":2,\"name\":\"Oprez: Sa tr\u017ei\u0161ta BiH se povla\u010di jedna serija popularne pa\u0161tete\"}]},{\"@type\":\"WebSite\",\"@id\":\"https:\/\/tuzlainfo.ba\/#website\",\"url\":\"https:\/\/tuzlainfo.ba\/\",\"name\":\"TuzlaInfo.ba\",\"description\":\"Tuzla info, gradski informator - Tuzla na dlanu\",\"publisher\":{\"@id\":\"https:\/\/tuzlainfo.ba\/#organization\"},\"potentialAction\":[{\"@type\":\"SearchAction\",\"target\":{\"@type\":\"EntryPoint\",\"urlTemplate\":\"https:\/\/tuzlainfo.ba\/?s={search_term_string}\"},\"query-input\":{\"@type\":\"PropertyValueSpecification\",\"valueRequired\":true,\"valueName\":\"search_term_string\"}}],\"inLanguage\":\"bs-BA\"},{\"@type\":\"Organization\",\"@id\":\"https:\/\/tuzlainfo.ba\/#organization\",\"name\":\"TuzlaInfo.ba\",\"url\":\"https:\/\/tuzlainfo.ba\/\",\"logo\":{\"@type\":\"ImageObject\",\"inLanguage\":\"bs-BA\",\"@id\":\"https:\/\/tuzlainfo.ba\/#\/schema\/logo\/image\/\",\"url\":\"https:\/\/tuzlainfo.ba\/wp-content\/uploads\/2021\/03\/logo-ver-3-1.png\",\"contentUrl\":\"https:\/\/tuzlainfo.ba\/wp-content\/uploads\/2021\/03\/logo-ver-3-1.png\",\"width\":350,\"height\":95,\"caption\":\"TuzlaInfo.ba\"},\"image\":{\"@id\":\"https:\/\/tuzlainfo.ba\/#\/schema\/logo\/image\/\"},\"sameAs\":[\"https:\/\/www.facebook.com\/tuzlainfo.ba\/\"]},{\"@type\":\"Person\",\"@id\":\"https:\/\/tuzlainfo.ba\/#\/schema\/person\/f434e20dc27ea133923aab08451b7f7f\",\"name\":\"nedim\",\"image\":{\"@type\":\"ImageObject\",\"inLanguage\":\"bs-BA\",\"@id\":\"https:\/\/tuzlainfo.ba\/#\/schema\/person\/image\/\",\"url\":\"https:\/\/tuzlainfo.ba\/wp-content\/litespeed\/avatar\/aabad687af24844af817603ac1cbdc4f.jpg?ver=1776702173\",\"contentUrl\":\"https:\/\/tuzlainfo.ba\/wp-content\/litespeed\/avatar\/aabad687af24844af817603ac1cbdc4f.jpg?ver=1776702173\",\"caption\":\"nedim\"},\"description\":\"Tuzlainfo.ba pratite na dru\u0161tvenim mre\u017eama: Facebook, Instagram i Youtube. Svoje pri\u010de, upite i fotografije \u0161aljite na na\u0161u e-mail adresu.\"}]}<\/script>\n<!-- \/ Yoast SEO plugin. -->","yoast_head_json":{"title":"Oprez: Sa tr\u017ei\u0161ta BiH se povla\u010di jedna serija popularne pa\u0161tete - TuzlaInfo.ba","robots":{"index":"index","follow":"follow","max-snippet":"max-snippet:-1","max-image-preview":"max-image-preview:large","max-video-preview":"max-video-preview:-1"},"canonical":"https:\/\/tuzlainfo.ba\/index.php\/bosna-i-hercegovina\/item\/253344-oprez-sa-trzista-bih-se-povlaci-popularna-pasteta\/","og_locale":"bs_BA","og_type":"article","og_title":"Oprez: Sa tr\u017ei\u0161ta BiH se povla\u010di jedna serija popularne pa\u0161tete - TuzlaInfo.ba","og_description":"Sa tr\u017ei\u0161ta BiH povla\u010di se &#8220;Argeta koko\u0161ija pa\u0161teta&#8221; u pakovanju od 114 grama, serija 0300028498,&hellip;","og_url":"https:\/\/tuzlainfo.ba\/index.php\/bosna-i-hercegovina\/item\/253344-oprez-sa-trzista-bih-se-povlaci-popularna-pasteta\/","og_site_name":"TuzlaInfo.ba","article_publisher":"https:\/\/www.facebook.com\/tuzlainfo.ba\/","article_published_time":"2024-10-22T17:55:23+00:00","article_modified_time":"2024-10-22T19:52:29+00:00","og_image":[{"width":1200,"height":877,"url":"https:\/\/tuzlainfo.ba\/wp-content\/uploads\/2024\/10\/2210_pasteta.jpg","type":"image\/jpeg"}],"author":"nedim","twitter_card":"summary_large_image","twitter_misc":{"Written by":"nedim","Est. reading time":"2 minute"},"schema":{"@context":"https:\/\/schema.org","@graph":[{"@type":"Article","@id":"https:\/\/tuzlainfo.ba\/index.php\/bosna-i-hercegovina\/item\/253344-oprez-sa-trzista-bih-se-povlaci-popularna-pasteta\/#article","isPartOf":{"@id":"https:\/\/tuzlainfo.ba\/index.php\/bosna-i-hercegovina\/item\/253344-oprez-sa-trzista-bih-se-povlaci-popularna-pasteta\/"},"author":{"name":"nedim","@id":"https:\/\/tuzlainfo.ba\/#\/schema\/person\/f434e20dc27ea133923aab08451b7f7f"},"headline":"Oprez: Sa tr\u017ei\u0161ta BiH se povla\u010di jedna serija popularne pa\u0161tete","datePublished":"2024-10-22T17:55:23+00:00","dateModified":"2024-10-22T19:52:29+00:00","mainEntityOfPage":{"@id":"https:\/\/tuzlainfo.ba\/index.php\/bosna-i-hercegovina\/item\/253344-oprez-sa-trzista-bih-se-povlaci-popularna-pasteta\/"},"wordCount":230,"publisher":{"@id":"https:\/\/tuzlainfo.ba\/#organization"},"image":{"@id":"https:\/\/tuzlainfo.ba\/index.php\/bosna-i-hercegovina\/item\/253344-oprez-sa-trzista-bih-se-povlaci-popularna-pasteta\/#primaryimage"},"thumbnailUrl":"https:\/\/tuzlainfo.ba\/wp-content\/uploads\/2024\/10\/2210_pasteta.jpg","keywords":["agencija za sigurnost hrane BiH","pa\u0161teta"],"articleSection":["Bosna i Hercegovina","Preporu\u010dujemo"],"inLanguage":"bs-BA"},{"@type":"WebPage","@id":"https:\/\/tuzlainfo.ba\/index.php\/bosna-i-hercegovina\/item\/253344-oprez-sa-trzista-bih-se-povlaci-popularna-pasteta\/","url":"https:\/\/tuzlainfo.ba\/index.php\/bosna-i-hercegovina\/item\/253344-oprez-sa-trzista-bih-se-povlaci-popularna-pasteta\/","name":"Oprez: Sa tr\u017ei\u0161ta BiH se povla\u010di jedna serija popularne pa\u0161tete - TuzlaInfo.ba","isPartOf":{"@id":"https:\/\/tuzlainfo.ba\/#website"},"primaryImageOfPage":{"@id":"https:\/\/tuzlainfo.ba\/index.php\/bosna-i-hercegovina\/item\/253344-oprez-sa-trzista-bih-se-povlaci-popularna-pasteta\/#primaryimage"},"image":{"@id":"https:\/\/tuzlainfo.ba\/index.php\/bosna-i-hercegovina\/item\/253344-oprez-sa-trzista-bih-se-povlaci-popularna-pasteta\/#primaryimage"},"thumbnailUrl":"https:\/\/tuzlainfo.ba\/wp-content\/uploads\/2024\/10\/2210_pasteta.jpg","datePublished":"2024-10-22T17:55:23+00:00","dateModified":"2024-10-22T19:52:29+00:00","breadcrumb":{"@id":"https:\/\/tuzlainfo.ba\/index.php\/bosna-i-hercegovina\/item\/253344-oprez-sa-trzista-bih-se-povlaci-popularna-pasteta\/#breadcrumb"},"inLanguage":"bs-BA","potentialAction":[{"@type":"ReadAction","target":["https:\/\/tuzlainfo.ba\/index.php\/bosna-i-hercegovina\/item\/253344-oprez-sa-trzista-bih-se-povlaci-popularna-pasteta\/"]}]},{"@type":"ImageObject","inLanguage":"bs-BA","@id":"https:\/\/tuzlainfo.ba\/index.php\/bosna-i-hercegovina\/item\/253344-oprez-sa-trzista-bih-se-povlaci-popularna-pasteta\/#primaryimage","url":"https:\/\/tuzlainfo.ba\/wp-content\/uploads\/2024\/10\/2210_pasteta.jpg","contentUrl":"https:\/\/tuzlainfo.ba\/wp-content\/uploads\/2024\/10\/2210_pasteta.jpg","width":1200,"height":877,"caption":"Foto: Ilustracija (Arhiv: Tuzlainfo.ba)"},{"@type":"BreadcrumbList","@id":"https:\/\/tuzlainfo.ba\/index.php\/bosna-i-hercegovina\/item\/253344-oprez-sa-trzista-bih-se-povlaci-popularna-pasteta\/#breadcrumb","itemListElement":[{"@type":"ListItem","position":1,"name":"Home","item":"https:\/\/tuzlainfo.ba\/"},{"@type":"ListItem","position":2,"name":"Oprez: Sa tr\u017ei\u0161ta BiH se povla\u010di jedna serija popularne pa\u0161tete"}]},{"@type":"WebSite","@id":"https:\/\/tuzlainfo.ba\/#website","url":"https:\/\/tuzlainfo.ba\/","name":"TuzlaInfo.ba","description":"Tuzla info, gradski informator - Tuzla na dlanu","publisher":{"@id":"https:\/\/tuzlainfo.ba\/#organization"},"potentialAction":[{"@type":"SearchAction","target":{"@type":"EntryPoint","urlTemplate":"https:\/\/tuzlainfo.ba\/?s={search_term_string}"},"query-input":{"@type":"PropertyValueSpecification","valueRequired":true,"valueName":"search_term_string"}}],"inLanguage":"bs-BA"},{"@type":"Organization","@id":"https:\/\/tuzlainfo.ba\/#organization","name":"TuzlaInfo.ba","url":"https:\/\/tuzlainfo.ba\/","logo":{"@type":"ImageObject","inLanguage":"bs-BA","@id":"https:\/\/tuzlainfo.ba\/#\/schema\/logo\/image\/","url":"https:\/\/tuzlainfo.ba\/wp-content\/uploads\/2021\/03\/logo-ver-3-1.png","contentUrl":"https:\/\/tuzlainfo.ba\/wp-content\/uploads\/2021\/03\/logo-ver-3-1.png","width":350,"height":95,"caption":"TuzlaInfo.ba"},"image":{"@id":"https:\/\/tuzlainfo.ba\/#\/schema\/logo\/image\/"},"sameAs":["https:\/\/www.facebook.com\/tuzlainfo.ba\/"]},{"@type":"Person","@id":"https:\/\/tuzlainfo.ba\/#\/schema\/person\/f434e20dc27ea133923aab08451b7f7f","name":"nedim","image":{"@type":"ImageObject","inLanguage":"bs-BA","@id":"https:\/\/tuzlainfo.ba\/#\/schema\/person\/image\/","url":"https:\/\/tuzlainfo.ba\/wp-content\/litespeed\/avatar\/aabad687af24844af817603ac1cbdc4f.jpg?ver=1776702173","contentUrl":"https:\/\/tuzlainfo.ba\/wp-content\/litespeed\/avatar\/aabad687af24844af817603ac1cbdc4f.jpg?ver=1776702173","caption":"nedim"},"description":"Tuzlainfo.ba pratite na dru\u0161tvenim mre\u017eama: Facebook, Instagram i Youtube. Svoje pri\u010de, upite i fotografije \u0161aljite na na\u0161u e-mail adresu."}]}},"_links":{"self":[{"href":"https:\/\/tuzlainfo.ba\/index.php\/wp-json\/wp\/v2\/posts\/253344"}],"collection":[{"href":"https:\/\/tuzlainfo.ba\/index.php\/wp-json\/wp\/v2\/posts"}],"about":[{"href":"https:\/\/tuzlainfo.ba\/index.php\/wp-json\/wp\/v2\/types\/post"}],"author":[{"embeddable":true,"href":"https:\/\/tuzlainfo.ba\/index.php\/wp-json\/wp\/v2\/users\/2"}],"replies":[{"embeddable":true,"href":"https:\/\/tuzlainfo.ba\/index.php\/wp-json\/wp\/v2\/comments?post=253344"}],"version-history":[{"count":3,"href":"https:\/\/tuzlainfo.ba\/index.php\/wp-json\/wp\/v2\/posts\/253344\/revisions"}],"predecessor-version":[{"id":253353,"href":"https:\/\/tuzlainfo.ba\/index.php\/wp-json\/wp\/v2\/posts\/253344\/revisions\/253353"}],"wp:featuredmedia":[{"embeddable":true,"href":"https:\/\/tuzlainfo.ba\/index.php\/wp-json\/wp\/v2\/media\/253345"}],"wp:attachment":[{"href":"https:\/\/tuzlainfo.ba\/index.php\/wp-json\/wp\/v2\/media?parent=253344"}],"wp:term":[{"taxonomy":"category","embeddable":true,"href":"https:\/\/tuzlainfo.ba\/index.php\/wp-json\/wp\/v2\/categories?post=253344"},{"taxonomy":"post_tag","embeddable":true,"href":"https:\/\/tuzlainfo.ba\/index.php\/wp-json\/wp\/v2\/tags?post=253344"}],"curies":[{"name":"wp","href":"https:\/\/api.w.org\/{rel}","templated":true}]}}