{"id":253319,"date":"2024-10-22T20:30:29","date_gmt":"2024-10-22T18:30:29","guid":{"rendered":"https:\/\/tuzlainfo.ba\/?p=253319"},"modified":"2024-10-22T19:56:14","modified_gmt":"2024-10-22T17:56:14","slug":"knjizevnica-jagoda-ilicic-nominovana-za-memorijalnu-nagradu-astrid-lindgren-za-2025-godinu","status":"publish","type":"post","link":"https:\/\/tuzlainfo.ba\/index.php\/novosti\/item\/253319-knjizevnica-jagoda-ilicic-nominovana-za-memorijalnu-nagradu-astrid-lindgren-za-2025-godinu\/","title":{"rendered":"Knji\u017eevnica Jagoda Ili\u010di\u0107 nominovana za Memorijalnu nagradu \u201eAstrid Lindgren\u201c za 2025.godinu polo"},"content":{"rendered":"<p>Od 2007 godine Nacionalna i univerzitetska biblioteka Bosne i Hercegovine, je jedino nominacijsko tijelo iz BiH za nagradu Astrid Lindgren ovla\u0161teno od strane \u0160vedskog umjetni\u010dkog vije\u0107a (Swedish Arts Council) i predla\u017ee kandidate iz na\u0161e dr\u017eave, daju\u0107i im \u0161ansu da na taj na\u010din u\u010destvuju na natjecanju za najpresti\u017eniju nagradu za dje\u010diju knji\u017eevnost u svijetu.<\/p>\n<p>Narodna i univerzitetska biblioteka \u201cDervi\u0161 Su\u0161i\u0107\u201d Tuzla predlo\u017eila je knji\u017eevnicu Jagodu Ili\u010di\u0107 za ovu presti\u017enu nagradu i na adresu ove ustanove pristiglo je pismo iz \u0160vedske u kojem se potvr\u0111uje kandidatura knji\u017eevnice Jagode Ili\u010di\u0107, za ovu presti\u017enu nagradu.<\/p>\n<ul class=\"wp-block-list\">\n<li>Zahvalna sam Biblioteci \u201cDervi\u0161 Su\u0161i\u0107\u201d Tuzla na nominaciji i velika mi je \u010dast na\u0107i se me\u0111u odabranim knji\u017eevnicima i knji\u017eevnicama koji su se na\u0161li na popisu za ovu presti\u017enu nagradu, kazala je Ili\u010di\u0107.<\/li>\n<\/ul>\n<p>Prema rije\u010dima direktorice Biblioteke Sanje Duki\u0107, knji\u017eevnica Jagoda Ili\u010di\u0107 nebrojeno je puta iskazala svoj doprinos razvoju dje\u010dije knji\u017eevnosti, svijesti o va\u017enosti \u010ditanja i interpretacije knji\u017eevnih djela, te je nizom pojedina\u010dnih aktivnosti i manifestacija uspijevala okupiti veliki broj istomi\u0161ljenika i najmla\u0111e publike.<\/p>\n<ul class=\"wp-block-list\">\n<li>U decenijama iza nas Vi\u0161e godina zaredom je na njenu inicijativu i pod njenim vodstvom u prostorijama na\u0161e biblioteke organizirana No\u0107 sa Andersenom \u2013 doga\u0111aj povodom Svjetskog dana dje\u010dije knjige. Tada su se okupljala djeca iz knji\u017eevnog kluba \u201cKnjigolina i prijatelji\u201d, te se uz igrokaze, bogat program i neizbje\u017eno \u010ditanje i pri\u010danje pri\u010da prije spavanja u biblioteci, putem video linka povezivala sa vr\u0161njacima iz drugih biblioteka u svijetu, kazala je Duki\u0107.<\/li>\n<\/ul>\n<p>Jo\u0161 jedan izuzetan program koji je u prostorije Biblioteke \u201cDervi\u0161 Su\u0161i\u0107\u201d Tuzla donijela Jagoda Ili\u010di\u0107 je manifestacija \u201cKnjigosaurijada\u201d kojom se u biblioteci, otvorenom prostoru Gradskog parka, ali i prostorijama drugih ustanova kulture, u jednom danu okupi do 400 djece iz vi\u0161e osnovnih \u0161kola u Tuzli. Jagoda Ili\u010di\u0107 dobitnica je knji\u017eevnih nagrada Zijad Dizdarevi\u0107, Nagrada Dru\u0161tva pisaca BiH, Mali princ, Kre\u0161imir \u0160ego, Stablo nasred svijeta, nagrade za najbolju pri\u010du u Bosanskoj Krupi, Vitezu, Te\u0161nju, Mostaru.<br \/>\nAutorica je i voditeljica ciklusa tv emisija za djecu pod nazivom Put kroz Liliput. Autorica je \u010ditanki za osnovnu \u0161kolu.<\/p>\n","protected":false},"excerpt":{"rendered":"<p>Od 2007 godine Nacionalna i univerzitetska biblioteka Bosne i Hercegovine, je jedino nominacijsko tijelo iz&hellip;<\/p>\n","protected":false},"author":4,"featured_media":253320,"comment_status":"closed","ping_status":"closed","sticky":false,"template":"","format":"standard","meta":{"_acf_changed":false,"footnotes":""},"categories":[12],"tags":[6608],"acf":[],"yoast_head":"<!-- This site is optimized with the Yoast SEO plugin v23.5 - https:\/\/yoast.com\/wordpress\/plugins\/seo\/ -->\n<title>Knji\u017eevnica Jagoda Ili\u010di\u0107 nominovana za Memorijalnu nagradu \u201eAstrid Lindgren\u201c za 2025.godinu polo - TuzlaInfo.ba<\/title>\n<meta name=\"robots\" content=\"index, follow, max-snippet:-1, max-image-preview:large, max-video-preview:-1\" \/>\n<link rel=\"canonical\" href=\"https:\/\/tuzlainfo.ba\/index.php\/novosti\/item\/253319-knjizevnica-jagoda-ilicic-nominovana-za-memorijalnu-nagradu-astrid-lindgren-za-2025-godinu\/\" \/>\n<meta property=\"og:locale\" content=\"bs_BA\" \/>\n<meta property=\"og:type\" content=\"article\" \/>\n<meta property=\"og:title\" content=\"Knji\u017eevnica Jagoda Ili\u010di\u0107 nominovana za Memorijalnu nagradu \u201eAstrid Lindgren\u201c za 2025.godinu polo - TuzlaInfo.ba\" \/>\n<meta property=\"og:description\" content=\"Od 2007 godine Nacionalna i univerzitetska biblioteka Bosne i Hercegovine, je jedino nominacijsko tijelo iz&hellip;\" \/>\n<meta property=\"og:url\" content=\"https:\/\/tuzlainfo.ba\/index.php\/novosti\/item\/253319-knjizevnica-jagoda-ilicic-nominovana-za-memorijalnu-nagradu-astrid-lindgren-za-2025-godinu\/\" \/>\n<meta property=\"og:site_name\" content=\"TuzlaInfo.ba\" \/>\n<meta property=\"article:publisher\" content=\"https:\/\/www.facebook.com\/tuzlainfo.ba\/\" \/>\n<meta property=\"article:published_time\" content=\"2024-10-22T18:30:29+00:00\" \/>\n<meta property=\"article:modified_time\" content=\"2024-10-22T17:56:14+00:00\" \/>\n<meta property=\"og:image\" content=\"https:\/\/tuzlainfo.ba\/wp-content\/uploads\/2024\/10\/jagoda-ilicic.jpg\" \/>\n\t<meta property=\"og:image:width\" content=\"924\" \/>\n\t<meta property=\"og:image:height\" content=\"631\" \/>\n\t<meta property=\"og:image:type\" content=\"image\/jpeg\" \/>\n<meta name=\"author\" content=\"Tuzla Info\" \/>\n<meta name=\"twitter:card\" content=\"summary_large_image\" \/>\n<meta name=\"twitter:label1\" content=\"Written by\" \/>\n\t<meta name=\"twitter:data1\" content=\"Tuzla Info\" \/>\n\t<meta name=\"twitter:label2\" content=\"Est. reading time\" \/>\n\t<meta name=\"twitter:data2\" content=\"2 minute\" \/>\n<script type=\"application\/ld+json\" class=\"yoast-schema-graph\">{\"@context\":\"https:\/\/schema.org\",\"@graph\":[{\"@type\":\"Article\",\"@id\":\"https:\/\/tuzlainfo.ba\/index.php\/novosti\/item\/253319-knjizevnica-jagoda-ilicic-nominovana-za-memorijalnu-nagradu-astrid-lindgren-za-2025-godinu\/#article\",\"isPartOf\":{\"@id\":\"https:\/\/tuzlainfo.ba\/index.php\/novosti\/item\/253319-knjizevnica-jagoda-ilicic-nominovana-za-memorijalnu-nagradu-astrid-lindgren-za-2025-godinu\/\"},\"author\":{\"name\":\"Tuzla Info\",\"@id\":\"https:\/\/tuzlainfo.ba\/#\/schema\/person\/46cad4c57790cbc50781edd14870825a\"},\"headline\":\"Knji\u017eevnica Jagoda Ili\u010di\u0107 nominovana za Memorijalnu nagradu \u201eAstrid Lindgren\u201c za 2025.godinu polo\",\"datePublished\":\"2024-10-22T18:30:29+00:00\",\"dateModified\":\"2024-10-22T17:56:14+00:00\",\"mainEntityOfPage\":{\"@id\":\"https:\/\/tuzlainfo.ba\/index.php\/novosti\/item\/253319-knjizevnica-jagoda-ilicic-nominovana-za-memorijalnu-nagradu-astrid-lindgren-za-2025-godinu\/\"},\"wordCount\":398,\"publisher\":{\"@id\":\"https:\/\/tuzlainfo.ba\/#organization\"},\"image\":{\"@id\":\"https:\/\/tuzlainfo.ba\/index.php\/novosti\/item\/253319-knjizevnica-jagoda-ilicic-nominovana-za-memorijalnu-nagradu-astrid-lindgren-za-2025-godinu\/#primaryimage\"},\"thumbnailUrl\":\"https:\/\/tuzlainfo.ba\/wp-content\/uploads\/2024\/10\/jagoda-ilicic.jpg\",\"keywords\":[\"jagoda ili\u010di\u0107\"],\"articleSection\":[\"Novosti\"],\"inLanguage\":\"bs-BA\"},{\"@type\":\"WebPage\",\"@id\":\"https:\/\/tuzlainfo.ba\/index.php\/novosti\/item\/253319-knjizevnica-jagoda-ilicic-nominovana-za-memorijalnu-nagradu-astrid-lindgren-za-2025-godinu\/\",\"url\":\"https:\/\/tuzlainfo.ba\/index.php\/novosti\/item\/253319-knjizevnica-jagoda-ilicic-nominovana-za-memorijalnu-nagradu-astrid-lindgren-za-2025-godinu\/\",\"name\":\"Knji\u017eevnica Jagoda Ili\u010di\u0107 nominovana za Memorijalnu nagradu \u201eAstrid Lindgren\u201c za 2025.godinu polo - TuzlaInfo.ba\",\"isPartOf\":{\"@id\":\"https:\/\/tuzlainfo.ba\/#website\"},\"primaryImageOfPage\":{\"@id\":\"https:\/\/tuzlainfo.ba\/index.php\/novosti\/item\/253319-knjizevnica-jagoda-ilicic-nominovana-za-memorijalnu-nagradu-astrid-lindgren-za-2025-godinu\/#primaryimage\"},\"image\":{\"@id\":\"https:\/\/tuzlainfo.ba\/index.php\/novosti\/item\/253319-knjizevnica-jagoda-ilicic-nominovana-za-memorijalnu-nagradu-astrid-lindgren-za-2025-godinu\/#primaryimage\"},\"thumbnailUrl\":\"https:\/\/tuzlainfo.ba\/wp-content\/uploads\/2024\/10\/jagoda-ilicic.jpg\",\"datePublished\":\"2024-10-22T18:30:29+00:00\",\"dateModified\":\"2024-10-22T17:56:14+00:00\",\"breadcrumb\":{\"@id\":\"https:\/\/tuzlainfo.ba\/index.php\/novosti\/item\/253319-knjizevnica-jagoda-ilicic-nominovana-za-memorijalnu-nagradu-astrid-lindgren-za-2025-godinu\/#breadcrumb\"},\"inLanguage\":\"bs-BA\",\"potentialAction\":[{\"@type\":\"ReadAction\",\"target\":[\"https:\/\/tuzlainfo.ba\/index.php\/novosti\/item\/253319-knjizevnica-jagoda-ilicic-nominovana-za-memorijalnu-nagradu-astrid-lindgren-za-2025-godinu\/\"]}]},{\"@type\":\"ImageObject\",\"inLanguage\":\"bs-BA\",\"@id\":\"https:\/\/tuzlainfo.ba\/index.php\/novosti\/item\/253319-knjizevnica-jagoda-ilicic-nominovana-za-memorijalnu-nagradu-astrid-lindgren-za-2025-godinu\/#primaryimage\",\"url\":\"https:\/\/tuzlainfo.ba\/wp-content\/uploads\/2024\/10\/jagoda-ilicic.jpg\",\"contentUrl\":\"https:\/\/tuzlainfo.ba\/wp-content\/uploads\/2024\/10\/jagoda-ilicic.jpg\",\"width\":924,\"height\":631},{\"@type\":\"BreadcrumbList\",\"@id\":\"https:\/\/tuzlainfo.ba\/index.php\/novosti\/item\/253319-knjizevnica-jagoda-ilicic-nominovana-za-memorijalnu-nagradu-astrid-lindgren-za-2025-godinu\/#breadcrumb\",\"itemListElement\":[{\"@type\":\"ListItem\",\"position\":1,\"name\":\"Home\",\"item\":\"https:\/\/tuzlainfo.ba\/\"},{\"@type\":\"ListItem\",\"position\":2,\"name\":\"Knji\u017eevnica Jagoda Ili\u010di\u0107 nominovana za Memorijalnu nagradu \u201eAstrid Lindgren\u201c za 2025.godinu polo\"}]},{\"@type\":\"WebSite\",\"@id\":\"https:\/\/tuzlainfo.ba\/#website\",\"url\":\"https:\/\/tuzlainfo.ba\/\",\"name\":\"TuzlaInfo.ba\",\"description\":\"Tuzla info, gradski informator - Tuzla na dlanu\",\"publisher\":{\"@id\":\"https:\/\/tuzlainfo.ba\/#organization\"},\"potentialAction\":[{\"@type\":\"SearchAction\",\"target\":{\"@type\":\"EntryPoint\",\"urlTemplate\":\"https:\/\/tuzlainfo.ba\/?s={search_term_string}\"},\"query-input\":{\"@type\":\"PropertyValueSpecification\",\"valueRequired\":true,\"valueName\":\"search_term_string\"}}],\"inLanguage\":\"bs-BA\"},{\"@type\":\"Organization\",\"@id\":\"https:\/\/tuzlainfo.ba\/#organization\",\"name\":\"TuzlaInfo.ba\",\"url\":\"https:\/\/tuzlainfo.ba\/\",\"logo\":{\"@type\":\"ImageObject\",\"inLanguage\":\"bs-BA\",\"@id\":\"https:\/\/tuzlainfo.ba\/#\/schema\/logo\/image\/\",\"url\":\"https:\/\/tuzlainfo.ba\/wp-content\/uploads\/2021\/03\/logo-ver-3-1.png\",\"contentUrl\":\"https:\/\/tuzlainfo.ba\/wp-content\/uploads\/2021\/03\/logo-ver-3-1.png\",\"width\":350,\"height\":95,\"caption\":\"TuzlaInfo.ba\"},\"image\":{\"@id\":\"https:\/\/tuzlainfo.ba\/#\/schema\/logo\/image\/\"},\"sameAs\":[\"https:\/\/www.facebook.com\/tuzlainfo.ba\/\"]},{\"@type\":\"Person\",\"@id\":\"https:\/\/tuzlainfo.ba\/#\/schema\/person\/46cad4c57790cbc50781edd14870825a\",\"name\":\"Tuzla Info\",\"image\":{\"@type\":\"ImageObject\",\"inLanguage\":\"bs-BA\",\"@id\":\"https:\/\/tuzlainfo.ba\/#\/schema\/person\/image\/\",\"url\":\"https:\/\/tuzlainfo.ba\/wp-content\/litespeed\/avatar\/b6c453a6c38e3654f2e4416c643fc25c.jpg?ver=1777051911\",\"contentUrl\":\"https:\/\/tuzlainfo.ba\/wp-content\/litespeed\/avatar\/b6c453a6c38e3654f2e4416c643fc25c.jpg?ver=1777051911\",\"caption\":\"Tuzla Info\"}}]}<\/script>\n<!-- \/ Yoast SEO plugin. -->","yoast_head_json":{"title":"Knji\u017eevnica Jagoda Ili\u010di\u0107 nominovana za Memorijalnu nagradu \u201eAstrid Lindgren\u201c za 2025.godinu polo - TuzlaInfo.ba","robots":{"index":"index","follow":"follow","max-snippet":"max-snippet:-1","max-image-preview":"max-image-preview:large","max-video-preview":"max-video-preview:-1"},"canonical":"https:\/\/tuzlainfo.ba\/index.php\/novosti\/item\/253319-knjizevnica-jagoda-ilicic-nominovana-za-memorijalnu-nagradu-astrid-lindgren-za-2025-godinu\/","og_locale":"bs_BA","og_type":"article","og_title":"Knji\u017eevnica Jagoda Ili\u010di\u0107 nominovana za Memorijalnu nagradu \u201eAstrid Lindgren\u201c za 2025.godinu polo - TuzlaInfo.ba","og_description":"Od 2007 godine Nacionalna i univerzitetska biblioteka Bosne i Hercegovine, je jedino nominacijsko tijelo iz&hellip;","og_url":"https:\/\/tuzlainfo.ba\/index.php\/novosti\/item\/253319-knjizevnica-jagoda-ilicic-nominovana-za-memorijalnu-nagradu-astrid-lindgren-za-2025-godinu\/","og_site_name":"TuzlaInfo.ba","article_publisher":"https:\/\/www.facebook.com\/tuzlainfo.ba\/","article_published_time":"2024-10-22T18:30:29+00:00","article_modified_time":"2024-10-22T17:56:14+00:00","og_image":[{"width":924,"height":631,"url":"https:\/\/tuzlainfo.ba\/wp-content\/uploads\/2024\/10\/jagoda-ilicic.jpg","type":"image\/jpeg"}],"author":"Tuzla Info","twitter_card":"summary_large_image","twitter_misc":{"Written by":"Tuzla Info","Est. reading time":"2 minute"},"schema":{"@context":"https:\/\/schema.org","@graph":[{"@type":"Article","@id":"https:\/\/tuzlainfo.ba\/index.php\/novosti\/item\/253319-knjizevnica-jagoda-ilicic-nominovana-za-memorijalnu-nagradu-astrid-lindgren-za-2025-godinu\/#article","isPartOf":{"@id":"https:\/\/tuzlainfo.ba\/index.php\/novosti\/item\/253319-knjizevnica-jagoda-ilicic-nominovana-za-memorijalnu-nagradu-astrid-lindgren-za-2025-godinu\/"},"author":{"name":"Tuzla Info","@id":"https:\/\/tuzlainfo.ba\/#\/schema\/person\/46cad4c57790cbc50781edd14870825a"},"headline":"Knji\u017eevnica Jagoda Ili\u010di\u0107 nominovana za Memorijalnu nagradu \u201eAstrid Lindgren\u201c za 2025.godinu polo","datePublished":"2024-10-22T18:30:29+00:00","dateModified":"2024-10-22T17:56:14+00:00","mainEntityOfPage":{"@id":"https:\/\/tuzlainfo.ba\/index.php\/novosti\/item\/253319-knjizevnica-jagoda-ilicic-nominovana-za-memorijalnu-nagradu-astrid-lindgren-za-2025-godinu\/"},"wordCount":398,"publisher":{"@id":"https:\/\/tuzlainfo.ba\/#organization"},"image":{"@id":"https:\/\/tuzlainfo.ba\/index.php\/novosti\/item\/253319-knjizevnica-jagoda-ilicic-nominovana-za-memorijalnu-nagradu-astrid-lindgren-za-2025-godinu\/#primaryimage"},"thumbnailUrl":"https:\/\/tuzlainfo.ba\/wp-content\/uploads\/2024\/10\/jagoda-ilicic.jpg","keywords":["jagoda ili\u010di\u0107"],"articleSection":["Novosti"],"inLanguage":"bs-BA"},{"@type":"WebPage","@id":"https:\/\/tuzlainfo.ba\/index.php\/novosti\/item\/253319-knjizevnica-jagoda-ilicic-nominovana-za-memorijalnu-nagradu-astrid-lindgren-za-2025-godinu\/","url":"https:\/\/tuzlainfo.ba\/index.php\/novosti\/item\/253319-knjizevnica-jagoda-ilicic-nominovana-za-memorijalnu-nagradu-astrid-lindgren-za-2025-godinu\/","name":"Knji\u017eevnica Jagoda Ili\u010di\u0107 nominovana za Memorijalnu nagradu \u201eAstrid Lindgren\u201c za 2025.godinu polo - TuzlaInfo.ba","isPartOf":{"@id":"https:\/\/tuzlainfo.ba\/#website"},"primaryImageOfPage":{"@id":"https:\/\/tuzlainfo.ba\/index.php\/novosti\/item\/253319-knjizevnica-jagoda-ilicic-nominovana-za-memorijalnu-nagradu-astrid-lindgren-za-2025-godinu\/#primaryimage"},"image":{"@id":"https:\/\/tuzlainfo.ba\/index.php\/novosti\/item\/253319-knjizevnica-jagoda-ilicic-nominovana-za-memorijalnu-nagradu-astrid-lindgren-za-2025-godinu\/#primaryimage"},"thumbnailUrl":"https:\/\/tuzlainfo.ba\/wp-content\/uploads\/2024\/10\/jagoda-ilicic.jpg","datePublished":"2024-10-22T18:30:29+00:00","dateModified":"2024-10-22T17:56:14+00:00","breadcrumb":{"@id":"https:\/\/tuzlainfo.ba\/index.php\/novosti\/item\/253319-knjizevnica-jagoda-ilicic-nominovana-za-memorijalnu-nagradu-astrid-lindgren-za-2025-godinu\/#breadcrumb"},"inLanguage":"bs-BA","potentialAction":[{"@type":"ReadAction","target":["https:\/\/tuzlainfo.ba\/index.php\/novosti\/item\/253319-knjizevnica-jagoda-ilicic-nominovana-za-memorijalnu-nagradu-astrid-lindgren-za-2025-godinu\/"]}]},{"@type":"ImageObject","inLanguage":"bs-BA","@id":"https:\/\/tuzlainfo.ba\/index.php\/novosti\/item\/253319-knjizevnica-jagoda-ilicic-nominovana-za-memorijalnu-nagradu-astrid-lindgren-za-2025-godinu\/#primaryimage","url":"https:\/\/tuzlainfo.ba\/wp-content\/uploads\/2024\/10\/jagoda-ilicic.jpg","contentUrl":"https:\/\/tuzlainfo.ba\/wp-content\/uploads\/2024\/10\/jagoda-ilicic.jpg","width":924,"height":631},{"@type":"BreadcrumbList","@id":"https:\/\/tuzlainfo.ba\/index.php\/novosti\/item\/253319-knjizevnica-jagoda-ilicic-nominovana-za-memorijalnu-nagradu-astrid-lindgren-za-2025-godinu\/#breadcrumb","itemListElement":[{"@type":"ListItem","position":1,"name":"Home","item":"https:\/\/tuzlainfo.ba\/"},{"@type":"ListItem","position":2,"name":"Knji\u017eevnica Jagoda Ili\u010di\u0107 nominovana za Memorijalnu nagradu \u201eAstrid Lindgren\u201c za 2025.godinu polo"}]},{"@type":"WebSite","@id":"https:\/\/tuzlainfo.ba\/#website","url":"https:\/\/tuzlainfo.ba\/","name":"TuzlaInfo.ba","description":"Tuzla info, gradski informator - Tuzla na dlanu","publisher":{"@id":"https:\/\/tuzlainfo.ba\/#organization"},"potentialAction":[{"@type":"SearchAction","target":{"@type":"EntryPoint","urlTemplate":"https:\/\/tuzlainfo.ba\/?s={search_term_string}"},"query-input":{"@type":"PropertyValueSpecification","valueRequired":true,"valueName":"search_term_string"}}],"inLanguage":"bs-BA"},{"@type":"Organization","@id":"https:\/\/tuzlainfo.ba\/#organization","name":"TuzlaInfo.ba","url":"https:\/\/tuzlainfo.ba\/","logo":{"@type":"ImageObject","inLanguage":"bs-BA","@id":"https:\/\/tuzlainfo.ba\/#\/schema\/logo\/image\/","url":"https:\/\/tuzlainfo.ba\/wp-content\/uploads\/2021\/03\/logo-ver-3-1.png","contentUrl":"https:\/\/tuzlainfo.ba\/wp-content\/uploads\/2021\/03\/logo-ver-3-1.png","width":350,"height":95,"caption":"TuzlaInfo.ba"},"image":{"@id":"https:\/\/tuzlainfo.ba\/#\/schema\/logo\/image\/"},"sameAs":["https:\/\/www.facebook.com\/tuzlainfo.ba\/"]},{"@type":"Person","@id":"https:\/\/tuzlainfo.ba\/#\/schema\/person\/46cad4c57790cbc50781edd14870825a","name":"Tuzla Info","image":{"@type":"ImageObject","inLanguage":"bs-BA","@id":"https:\/\/tuzlainfo.ba\/#\/schema\/person\/image\/","url":"https:\/\/tuzlainfo.ba\/wp-content\/litespeed\/avatar\/b6c453a6c38e3654f2e4416c643fc25c.jpg?ver=1777051911","contentUrl":"https:\/\/tuzlainfo.ba\/wp-content\/litespeed\/avatar\/b6c453a6c38e3654f2e4416c643fc25c.jpg?ver=1777051911","caption":"Tuzla Info"}}]}},"_links":{"self":[{"href":"https:\/\/tuzlainfo.ba\/index.php\/wp-json\/wp\/v2\/posts\/253319"}],"collection":[{"href":"https:\/\/tuzlainfo.ba\/index.php\/wp-json\/wp\/v2\/posts"}],"about":[{"href":"https:\/\/tuzlainfo.ba\/index.php\/wp-json\/wp\/v2\/types\/post"}],"author":[{"embeddable":true,"href":"https:\/\/tuzlainfo.ba\/index.php\/wp-json\/wp\/v2\/users\/4"}],"replies":[{"embeddable":true,"href":"https:\/\/tuzlainfo.ba\/index.php\/wp-json\/wp\/v2\/comments?post=253319"}],"version-history":[{"count":2,"href":"https:\/\/tuzlainfo.ba\/index.php\/wp-json\/wp\/v2\/posts\/253319\/revisions"}],"predecessor-version":[{"id":253329,"href":"https:\/\/tuzlainfo.ba\/index.php\/wp-json\/wp\/v2\/posts\/253319\/revisions\/253329"}],"wp:featuredmedia":[{"embeddable":true,"href":"https:\/\/tuzlainfo.ba\/index.php\/wp-json\/wp\/v2\/media\/253320"}],"wp:attachment":[{"href":"https:\/\/tuzlainfo.ba\/index.php\/wp-json\/wp\/v2\/media?parent=253319"}],"wp:term":[{"taxonomy":"category","embeddable":true,"href":"https:\/\/tuzlainfo.ba\/index.php\/wp-json\/wp\/v2\/categories?post=253319"},{"taxonomy":"post_tag","embeddable":true,"href":"https:\/\/tuzlainfo.ba\/index.php\/wp-json\/wp\/v2\/tags?post=253319"}],"curies":[{"name":"wp","href":"https:\/\/api.w.org\/{rel}","templated":true}]}}