{"id":253114,"date":"2024-10-20T13:05:53","date_gmt":"2024-10-20T11:05:53","guid":{"rendered":"https:\/\/tuzlainfo.ba\/?p=253114"},"modified":"2024-10-20T10:34:19","modified_gmt":"2024-10-20T08:34:19","slug":"gradjani-privremeno-zaustavili-otvaranje-kamenoloma-u-srebreniku","status":"publish","type":"post","link":"https:\/\/tuzlainfo.ba\/index.php\/novosti\/item\/253114-gradjani-privremeno-zaustavili-otvaranje-kamenoloma-u-srebreniku\/","title":{"rendered":"Gra\u0111ani privremeno zaustavili otvaranje kamenoloma u Srebreniku"},"content":{"rendered":"<p>Dok se oporavljamo od jedne katastrofe &#8211; prijeti nam druga. Mje\u0161tani naselja \u0160pionica kod Srebrenika od 2021. godine vode bitku protiv otvaranja kamenoloma na ovom podru\u010dju. Razloga je mnogo. Najbli\u017ea ku\u0107a udaljena je svega 30-ak metara, a u blizini se nalaze i bu\u0161otine vode koje bi trebale biti spojene u sistem gradskog vodovoda. Geolo\u0161ka istra\u017eivanja ve\u0107 su rezultirala padanjem kamenja u korito rijeke Bistrice, \u0161to za mje\u0161tane predstavlja ozbiljan sigurnosni, ali i ekolo\u0161ki problem. Ali ono \u0161to brine mje\u0161tane &#8211; ne brine i nadle\u017ene, pi\u0161e <a href=\"https:\/\/federalna.ba\/\"><strong>Federalna.ba<\/strong><\/a>.<\/p>\n<p>Za Adelu Mahmutovi\u0107 i njenu porodicu kamenolom bi bio ozbiljan problem, a strah je naro\u010dito porastao nakon tragedije u Jablanici. Pro\u0161le godine svjedo\u010dila je i padanju stijene u korito obli\u017enje rijeke.<\/p>\n<p>\u201eOgromna je stijena bila. Mislila sam da je zemljotres, prestra\u0161ila sam se. Djeca su se igrala u rijeci. \u0160ta da se malo ni\u017ee otkotrljala, djeca bi nam izginula. Mi tu \u017eivimo, ovo je na\u0161 dom. Ne\u0107u da idem, ovo je moje\u201c, poru\u010duje ona.<\/p>\n<p>Da su pribavljene sve potrebne saglasnosti za rad kamenoloma, mje\u0161tani \u0160pionice saznali su tek krajem 2023. Ali od borbe, ka\u017eu, ne\u0107e odustati, jer ako se kamenolom pokrene, ovdje vi\u0161e \u017eivot ne\u0107e biti mogu\u0107, a uz to biti \u0107e ugro\u017eena i izvori\u0161ta pitke vode.<\/p>\n<p>\u201eBoriti \u0107emo se, ne pla\u0161in se nikoga sem dragog Boga. Nikad ne\u0107u odustati. Ljudi, do\u0111ite da vidite gdje je ovo \u0161to on planira i za\u0161to da se jedan pojedinac bogati na ra\u010dun nas\u201c, isti\u010de mje\u0161tanin Jakov Topalovi\u0107.<\/p>\n<p>\u201eKoliko no\u0107i nisam spavao&#8230; Nije kamenolom ni po\u010deo a mislim \u0161ta kad po\u010dne. Razmi\u0161ljam o tome kako \u0107e biti i \u0161ta. Zato ka\u017eem &#8211; nema \u0161anse! Ovdje bi bilo sva\u0161ta kada bi po\u010deli da rade\u201c, dodaje mje\u0161tanin Zahir Ajanovi\u0107.<\/p>\n<p>Investitor navodi da je njegova firma prije kupovine kamenoloma od prethodnog vlasnika dobila pisane izjave mje\u0161tana kojima potvr\u0111uju da su saglasni da se vr\u0161e eksploatacija i geolo\u0161ka istra\u017eivanja kre\u010dnjaka na kamenolomu. Navodi i to da je sve ra\u0111eno u skladu s prostornim planovima Grada i Kantona, te da od ovog projekta ne\u0107e odustati.<\/p>\n<p>\u201eNikada ne bismo dozvolili da rizikujemo ljudske \u017eivote i zdravlje ljudi. Zato smo strpljivi i po\u0161tujemo zakonske procedure. Uradili smo neophodna istra\u017eivanja, uradili projekte i probavili dokumentaciju za rad kamenoloma u sladu sa zakonskim propisima, bez ugro\u017eavanja bilo \u010dije imovine i zdravlja\u201c, ka\u017ee investitor kamenoloma Adem Musi\u0107.<\/p>\n<p>Aarhus centar u Bosni i Hercegovini pru\u017eio je pomo\u0107 mje\u0161tanima i pokrenuo tri odvojena pravna postupka. Posljednji se odnosio na urbanisti\u010dku saglasnost, a Kantonalni sud u Tuzli je po\u010detkom mjeseca poni\u0161tio Odluku Ministarstva prostornog ure\u0111enja i za\u0161tite okoli\u0161a Tuzlanskog kantona, te je predmet vra\u0107en na ponovno razmatranje. O saglasnostima koje investitor spominje, ka\u017eu da su te saglasnosti date biv\u0161em vlasniku te da tada nije bilo rije\u010di o kamenolomu ovog kapaciteta.<\/p>\n<p>\u201eSada je sud nalo\u017eio da se obnovi postupak, odnosno, da se prilikom izdavanja nove urbanisti\u010dke saglasnosti ukljuci i Mjesna zajednica \u0160pionica. Kakav \u0107e biti ishod s ponovljenog postuka, ostaje neizvijesno, budu\u0107i da se Mjesna zajednica \u0160pionica strogo protivi ovom kamenolomu. Ovaj slu\u010daj je primjer kako pravda mo\u017eda jeste spora, ali je dosti\u017ena i postoji\u201c, ka\u017ee Nina Kre\u0161evljakovi\u0107, pravna savjetnica Aarhus centra u BiH.<\/p>\n<p>\u201eMoramo svi raditi po zakonu i ispuniti sve \u0161to on od nas, Gradske uprave i privatnog kapitala tra\u017ei. Naravno, uzimaju\u0107i u obzir i ono \u0161to je bitno za lokalnu zajednicu. Takav smo stav imali i imat \u0107emo i u narednom periodu\u201c, poru\u010duje Adnan Bjeli\u0107, gradona\u010delnik Srebrenika (NiP).<\/p>\n<p>Ako do\u0111e do otvaranja kamenoloma u \u0160pionici, mje\u0161tani navode da \u0107e se morati iseliti s ovog podru\u010dja. Za neke \u0107e to biti drugi put, jer su ve\u0107 tokom rata bili protjerani iz svojih domova u Podrinju, po\u0161e federalna.ba.<\/p>\n","protected":false},"excerpt":{"rendered":"<p>Dok se oporavljamo od jedne katastrofe &#8211; prijeti nam druga. Mje\u0161tani naselja \u0160pionica kod Srebrenika od 2021. godine vode bitku protiv otvaranja kamenoloma na ovom podru\u010dju. Razloga je mnogo. Najbli\u017ea ku\u0107a udaljena je svega 30-ak metara, a u blizini se nalaze i bu\u0161otine vode koje bi trebale biti spojene u sistem gradskog vodovoda. Geolo\u0161ka istra\u017eivanja [&hellip;]<\/p>\n","protected":false},"author":2,"featured_media":233752,"comment_status":"closed","ping_status":"closed","sticky":false,"template":"","format":"standard","meta":{"footnotes":""},"categories":[304,12],"tags":[9874,9873],"class_list":["post-253114","post","type-post","status-publish","format-standard","has-post-thumbnail","hentry","category-istaknuto","category-novosti","tag-kamenolom","tag-spionica"],"yoast_head":"<!-- This site is optimized with the Yoast SEO plugin v28.4 - https:\/\/yoast.com\/product\/yoast-seo-wordpress\/ -->\n<title>Gra\u0111ani privremeno zaustavili otvaranje kamenoloma u Srebreniku<\/title>\n<meta name=\"robots\" content=\"index, follow, max-snippet:-1, max-image-preview:large, max-video-preview:-1\" \/>\n<link rel=\"canonical\" href=\"https:\/\/tuzlainfo.ba\/index.php\/novosti\/item\/253114-gradjani-privremeno-zaustavili-otvaranje-kamenoloma-u-srebreniku\/\" \/>\n<meta property=\"og:locale\" content=\"bs_BA\" \/>\n<meta property=\"og:type\" content=\"article\" \/>\n<meta property=\"og:title\" content=\"Gra\u0111ani privremeno zaustavili otvaranje kamenoloma u Srebreniku\" \/>\n<meta property=\"og:description\" content=\"Dok se oporavljamo od jedne katastrofe &#8211; prijeti nam druga. Mje\u0161tani naselja \u0160pionica kod Srebrenika od 2021. godine vode bitku protiv otvaranja kamenoloma na ovom podru\u010dju. Razloga je mnogo. Najbli\u017ea ku\u0107a udaljena je svega 30-ak metara, a u blizini se nalaze i bu\u0161otine vode koje bi trebale biti spojene u sistem gradskog vodovoda. Geolo\u0161ka istra\u017eivanja [&hellip;]\" \/>\n<meta property=\"og:url\" content=\"https:\/\/tuzlainfo.ba\/index.php\/novosti\/item\/253114-gradjani-privremeno-zaustavili-otvaranje-kamenoloma-u-srebreniku\/\" \/>\n<meta property=\"og:site_name\" content=\"TuzlaInfo.ba\" \/>\n<meta property=\"article:publisher\" content=\"https:\/\/www.facebook.com\/tuzlainfo.ba\/\" \/>\n<meta property=\"article:published_time\" content=\"2024-10-20T11:05:53+00:00\" \/>\n<meta property=\"og:image\" content=\"https:\/\/tuzlainfo.ba\/wp-content\/uploads\/2024\/03\/potpec_put_kamenolom.jpg\" \/>\n\t<meta property=\"og:image:width\" content=\"1000\" \/>\n\t<meta property=\"og:image:height\" content=\"589\" \/>\n\t<meta property=\"og:image:type\" content=\"image\/jpeg\" \/>\n<meta name=\"author\" content=\"nedim\" \/>\n<meta name=\"twitter:card\" content=\"summary_large_image\" \/>\n<meta name=\"twitter:label1\" content=\"Written by\" \/>\n\t<meta name=\"twitter:data1\" content=\"nedim\" \/>\n\t<meta name=\"twitter:label2\" content=\"Est. reading time\" \/>\n\t<meta name=\"twitter:data2\" content=\"4 minute\" \/>\n<script type=\"application\/ld+json\" class=\"yoast-schema-graph\">{\"@context\":\"https:\\\/\\\/schema.org\",\"@graph\":[{\"@type\":\"Article\",\"@id\":\"https:\\\/\\\/tuzlainfo.ba\\\/index.php\\\/novosti\\\/item\\\/253114-gradjani-privremeno-zaustavili-otvaranje-kamenoloma-u-srebreniku\\\/#article\",\"isPartOf\":{\"@id\":\"https:\\\/\\\/tuzlainfo.ba\\\/index.php\\\/novosti\\\/item\\\/253114-gradjani-privremeno-zaustavili-otvaranje-kamenoloma-u-srebreniku\\\/\"},\"author\":{\"name\":\"nedim\",\"@id\":\"https:\\\/\\\/tuzlainfo.ba\\\/#\\\/schema\\\/person\\\/f434e20dc27ea133923aab08451b7f7f\"},\"headline\":\"Gra\u0111ani privremeno zaustavili otvaranje kamenoloma u Srebreniku\",\"datePublished\":\"2024-10-20T11:05:53+00:00\",\"mainEntityOfPage\":{\"@id\":\"https:\\\/\\\/tuzlainfo.ba\\\/index.php\\\/novosti\\\/item\\\/253114-gradjani-privremeno-zaustavili-otvaranje-kamenoloma-u-srebreniku\\\/\"},\"wordCount\":687,\"publisher\":{\"@id\":\"https:\\\/\\\/tuzlainfo.ba\\\/#organization\"},\"image\":{\"@id\":\"https:\\\/\\\/tuzlainfo.ba\\\/index.php\\\/novosti\\\/item\\\/253114-gradjani-privremeno-zaustavili-otvaranje-kamenoloma-u-srebreniku\\\/#primaryimage\"},\"thumbnailUrl\":\"https:\\\/\\\/tuzlainfo.ba\\\/wp-content\\\/uploads\\\/2024\\\/03\\\/potpec_put_kamenolom.jpg\",\"keywords\":[\"kamenolom\",\"\u0161pionica\"],\"articleSection\":[\"Istaknuto\",\"Novosti\"],\"inLanguage\":\"bs-BA\",\"copyrightYear\":\"2024\",\"copyrightHolder\":{\"@id\":\"https:\\\/\\\/tuzlainfo.ba\\\/#organization\"}},{\"@type\":\"WebPage\",\"@id\":\"https:\\\/\\\/tuzlainfo.ba\\\/index.php\\\/novosti\\\/item\\\/253114-gradjani-privremeno-zaustavili-otvaranje-kamenoloma-u-srebreniku\\\/\",\"url\":\"https:\\\/\\\/tuzlainfo.ba\\\/index.php\\\/novosti\\\/item\\\/253114-gradjani-privremeno-zaustavili-otvaranje-kamenoloma-u-srebreniku\\\/\",\"name\":\"Gra\u0111ani privremeno zaustavili otvaranje kamenoloma u Srebreniku\",\"isPartOf\":{\"@id\":\"https:\\\/\\\/tuzlainfo.ba\\\/#website\"},\"primaryImageOfPage\":{\"@id\":\"https:\\\/\\\/tuzlainfo.ba\\\/index.php\\\/novosti\\\/item\\\/253114-gradjani-privremeno-zaustavili-otvaranje-kamenoloma-u-srebreniku\\\/#primaryimage\"},\"image\":{\"@id\":\"https:\\\/\\\/tuzlainfo.ba\\\/index.php\\\/novosti\\\/item\\\/253114-gradjani-privremeno-zaustavili-otvaranje-kamenoloma-u-srebreniku\\\/#primaryimage\"},\"thumbnailUrl\":\"https:\\\/\\\/tuzlainfo.ba\\\/wp-content\\\/uploads\\\/2024\\\/03\\\/potpec_put_kamenolom.jpg\",\"datePublished\":\"2024-10-20T11:05:53+00:00\",\"breadcrumb\":{\"@id\":\"https:\\\/\\\/tuzlainfo.ba\\\/index.php\\\/novosti\\\/item\\\/253114-gradjani-privremeno-zaustavili-otvaranje-kamenoloma-u-srebreniku\\\/#breadcrumb\"},\"inLanguage\":\"bs-BA\",\"potentialAction\":[{\"@type\":\"ReadAction\",\"target\":[\"https:\\\/\\\/tuzlainfo.ba\\\/index.php\\\/novosti\\\/item\\\/253114-gradjani-privremeno-zaustavili-otvaranje-kamenoloma-u-srebreniku\\\/\"]}]},{\"@type\":\"ImageObject\",\"inLanguage\":\"bs-BA\",\"@id\":\"https:\\\/\\\/tuzlainfo.ba\\\/index.php\\\/novosti\\\/item\\\/253114-gradjani-privremeno-zaustavili-otvaranje-kamenoloma-u-srebreniku\\\/#primaryimage\",\"url\":\"https:\\\/\\\/tuzlainfo.ba\\\/wp-content\\\/uploads\\\/2024\\\/03\\\/potpec_put_kamenolom.jpg\",\"contentUrl\":\"https:\\\/\\\/tuzlainfo.ba\\\/wp-content\\\/uploads\\\/2024\\\/03\\\/potpec_put_kamenolom.jpg\",\"width\":1000,\"height\":589,\"caption\":\"Foto: Ilustracija\"},{\"@type\":\"BreadcrumbList\",\"@id\":\"https:\\\/\\\/tuzlainfo.ba\\\/index.php\\\/novosti\\\/item\\\/253114-gradjani-privremeno-zaustavili-otvaranje-kamenoloma-u-srebreniku\\\/#breadcrumb\",\"itemListElement\":[{\"@type\":\"ListItem\",\"position\":1,\"name\":\"Home\",\"item\":\"https:\\\/\\\/tuzlainfo.ba\\\/\"},{\"@type\":\"ListItem\",\"position\":2,\"name\":\"Gra\u0111ani privremeno zaustavili otvaranje kamenoloma u Srebreniku\"}]},{\"@type\":\"WebSite\",\"@id\":\"https:\\\/\\\/tuzlainfo.ba\\\/#website\",\"url\":\"https:\\\/\\\/tuzlainfo.ba\\\/\",\"name\":\"TuzlaInfo.ba\",\"description\":\"Tuzla info, gradski informator - Tuzla na dlanu\",\"publisher\":{\"@id\":\"https:\\\/\\\/tuzlainfo.ba\\\/#organization\"},\"potentialAction\":[{\"@type\":\"SearchAction\",\"target\":{\"@type\":\"EntryPoint\",\"urlTemplate\":\"https:\\\/\\\/tuzlainfo.ba\\\/?s={search_term_string}\"},\"query-input\":{\"@type\":\"PropertyValueSpecification\",\"valueRequired\":true,\"valueName\":\"search_term_string\"}}],\"inLanguage\":\"bs-BA\"},{\"@type\":\"Organization\",\"@id\":\"https:\\\/\\\/tuzlainfo.ba\\\/#organization\",\"name\":\"TuzlaInfo.ba\",\"url\":\"https:\\\/\\\/tuzlainfo.ba\\\/\",\"logo\":{\"@type\":\"ImageObject\",\"inLanguage\":\"bs-BA\",\"@id\":\"https:\\\/\\\/tuzlainfo.ba\\\/#\\\/schema\\\/logo\\\/image\\\/\",\"url\":\"https:\\\/\\\/tuzlainfo.ba\\\/wp-content\\\/uploads\\\/2021\\\/03\\\/logo-ver-3-1.png\",\"contentUrl\":\"https:\\\/\\\/tuzlainfo.ba\\\/wp-content\\\/uploads\\\/2021\\\/03\\\/logo-ver-3-1.png\",\"width\":350,\"height\":95,\"caption\":\"TuzlaInfo.ba\"},\"image\":{\"@id\":\"https:\\\/\\\/tuzlainfo.ba\\\/#\\\/schema\\\/logo\\\/image\\\/\"},\"sameAs\":[\"https:\\\/\\\/www.facebook.com\\\/tuzlainfo.ba\\\/\"]},{\"@type\":\"Person\",\"@id\":\"https:\\\/\\\/tuzlainfo.ba\\\/#\\\/schema\\\/person\\\/f434e20dc27ea133923aab08451b7f7f\",\"name\":\"nedim\",\"image\":{\"@type\":\"ImageObject\",\"inLanguage\":\"bs-BA\",\"@id\":\"https:\\\/\\\/secure.gravatar.com\\\/avatar\\\/5b928a2e7e70a54208d2eb6c1edcb75a5350d6ae97d5f0a701203d456823f6f3?s=96&d=mm&r=g\",\"url\":\"https:\\\/\\\/secure.gravatar.com\\\/avatar\\\/5b928a2e7e70a54208d2eb6c1edcb75a5350d6ae97d5f0a701203d456823f6f3?s=96&d=mm&r=g\",\"contentUrl\":\"https:\\\/\\\/secure.gravatar.com\\\/avatar\\\/5b928a2e7e70a54208d2eb6c1edcb75a5350d6ae97d5f0a701203d456823f6f3?s=96&d=mm&r=g\",\"caption\":\"nedim\"},\"description\":\"Tuzlainfo.ba pratite na dru\u0161tvenim mre\u017eama: Facebook, Instagram i Youtube. Svoje pri\u010de, upite i fotografije \u0161aljite na na\u0161u e-mail adresu.\"}]}<\/script>\n<!-- \/ Yoast SEO plugin. -->","yoast_head_json":{"title":"Gra\u0111ani privremeno zaustavili otvaranje kamenoloma u Srebreniku","robots":{"index":"index","follow":"follow","max-snippet":"max-snippet:-1","max-image-preview":"max-image-preview:large","max-video-preview":"max-video-preview:-1"},"canonical":"https:\/\/tuzlainfo.ba\/index.php\/novosti\/item\/253114-gradjani-privremeno-zaustavili-otvaranje-kamenoloma-u-srebreniku\/","og_locale":"bs_BA","og_type":"article","og_title":"Gra\u0111ani privremeno zaustavili otvaranje kamenoloma u Srebreniku","og_description":"Dok se oporavljamo od jedne katastrofe &#8211; prijeti nam druga. Mje\u0161tani naselja \u0160pionica kod Srebrenika od 2021. godine vode bitku protiv otvaranja kamenoloma na ovom podru\u010dju. Razloga je mnogo. Najbli\u017ea ku\u0107a udaljena je svega 30-ak metara, a u blizini se nalaze i bu\u0161otine vode koje bi trebale biti spojene u sistem gradskog vodovoda. Geolo\u0161ka istra\u017eivanja [&hellip;]","og_url":"https:\/\/tuzlainfo.ba\/index.php\/novosti\/item\/253114-gradjani-privremeno-zaustavili-otvaranje-kamenoloma-u-srebreniku\/","og_site_name":"TuzlaInfo.ba","article_publisher":"https:\/\/www.facebook.com\/tuzlainfo.ba\/","article_published_time":"2024-10-20T11:05:53+00:00","og_image":[{"width":1000,"height":589,"url":"https:\/\/tuzlainfo.ba\/wp-content\/uploads\/2024\/03\/potpec_put_kamenolom.jpg","type":"image\/jpeg"}],"author":"nedim","twitter_card":"summary_large_image","twitter_misc":{"Written by":"nedim","Est. reading time":"4 minute"},"schema":{"@context":"https:\/\/schema.org","@graph":[{"@type":"Article","@id":"https:\/\/tuzlainfo.ba\/index.php\/novosti\/item\/253114-gradjani-privremeno-zaustavili-otvaranje-kamenoloma-u-srebreniku\/#article","isPartOf":{"@id":"https:\/\/tuzlainfo.ba\/index.php\/novosti\/item\/253114-gradjani-privremeno-zaustavili-otvaranje-kamenoloma-u-srebreniku\/"},"author":{"name":"nedim","@id":"https:\/\/tuzlainfo.ba\/#\/schema\/person\/f434e20dc27ea133923aab08451b7f7f"},"headline":"Gra\u0111ani privremeno zaustavili otvaranje kamenoloma u Srebreniku","datePublished":"2024-10-20T11:05:53+00:00","mainEntityOfPage":{"@id":"https:\/\/tuzlainfo.ba\/index.php\/novosti\/item\/253114-gradjani-privremeno-zaustavili-otvaranje-kamenoloma-u-srebreniku\/"},"wordCount":687,"publisher":{"@id":"https:\/\/tuzlainfo.ba\/#organization"},"image":{"@id":"https:\/\/tuzlainfo.ba\/index.php\/novosti\/item\/253114-gradjani-privremeno-zaustavili-otvaranje-kamenoloma-u-srebreniku\/#primaryimage"},"thumbnailUrl":"https:\/\/tuzlainfo.ba\/wp-content\/uploads\/2024\/03\/potpec_put_kamenolom.jpg","keywords":["kamenolom","\u0161pionica"],"articleSection":["Istaknuto","Novosti"],"inLanguage":"bs-BA","copyrightYear":"2024","copyrightHolder":{"@id":"https:\/\/tuzlainfo.ba\/#organization"}},{"@type":"WebPage","@id":"https:\/\/tuzlainfo.ba\/index.php\/novosti\/item\/253114-gradjani-privremeno-zaustavili-otvaranje-kamenoloma-u-srebreniku\/","url":"https:\/\/tuzlainfo.ba\/index.php\/novosti\/item\/253114-gradjani-privremeno-zaustavili-otvaranje-kamenoloma-u-srebreniku\/","name":"Gra\u0111ani privremeno zaustavili otvaranje kamenoloma u Srebreniku","isPartOf":{"@id":"https:\/\/tuzlainfo.ba\/#website"},"primaryImageOfPage":{"@id":"https:\/\/tuzlainfo.ba\/index.php\/novosti\/item\/253114-gradjani-privremeno-zaustavili-otvaranje-kamenoloma-u-srebreniku\/#primaryimage"},"image":{"@id":"https:\/\/tuzlainfo.ba\/index.php\/novosti\/item\/253114-gradjani-privremeno-zaustavili-otvaranje-kamenoloma-u-srebreniku\/#primaryimage"},"thumbnailUrl":"https:\/\/tuzlainfo.ba\/wp-content\/uploads\/2024\/03\/potpec_put_kamenolom.jpg","datePublished":"2024-10-20T11:05:53+00:00","breadcrumb":{"@id":"https:\/\/tuzlainfo.ba\/index.php\/novosti\/item\/253114-gradjani-privremeno-zaustavili-otvaranje-kamenoloma-u-srebreniku\/#breadcrumb"},"inLanguage":"bs-BA","potentialAction":[{"@type":"ReadAction","target":["https:\/\/tuzlainfo.ba\/index.php\/novosti\/item\/253114-gradjani-privremeno-zaustavili-otvaranje-kamenoloma-u-srebreniku\/"]}]},{"@type":"ImageObject","inLanguage":"bs-BA","@id":"https:\/\/tuzlainfo.ba\/index.php\/novosti\/item\/253114-gradjani-privremeno-zaustavili-otvaranje-kamenoloma-u-srebreniku\/#primaryimage","url":"https:\/\/tuzlainfo.ba\/wp-content\/uploads\/2024\/03\/potpec_put_kamenolom.jpg","contentUrl":"https:\/\/tuzlainfo.ba\/wp-content\/uploads\/2024\/03\/potpec_put_kamenolom.jpg","width":1000,"height":589,"caption":"Foto: Ilustracija"},{"@type":"BreadcrumbList","@id":"https:\/\/tuzlainfo.ba\/index.php\/novosti\/item\/253114-gradjani-privremeno-zaustavili-otvaranje-kamenoloma-u-srebreniku\/#breadcrumb","itemListElement":[{"@type":"ListItem","position":1,"name":"Home","item":"https:\/\/tuzlainfo.ba\/"},{"@type":"ListItem","position":2,"name":"Gra\u0111ani privremeno zaustavili otvaranje kamenoloma u Srebreniku"}]},{"@type":"WebSite","@id":"https:\/\/tuzlainfo.ba\/#website","url":"https:\/\/tuzlainfo.ba\/","name":"TuzlaInfo.ba","description":"Tuzla info, gradski informator - Tuzla na dlanu","publisher":{"@id":"https:\/\/tuzlainfo.ba\/#organization"},"potentialAction":[{"@type":"SearchAction","target":{"@type":"EntryPoint","urlTemplate":"https:\/\/tuzlainfo.ba\/?s={search_term_string}"},"query-input":{"@type":"PropertyValueSpecification","valueRequired":true,"valueName":"search_term_string"}}],"inLanguage":"bs-BA"},{"@type":"Organization","@id":"https:\/\/tuzlainfo.ba\/#organization","name":"TuzlaInfo.ba","url":"https:\/\/tuzlainfo.ba\/","logo":{"@type":"ImageObject","inLanguage":"bs-BA","@id":"https:\/\/tuzlainfo.ba\/#\/schema\/logo\/image\/","url":"https:\/\/tuzlainfo.ba\/wp-content\/uploads\/2021\/03\/logo-ver-3-1.png","contentUrl":"https:\/\/tuzlainfo.ba\/wp-content\/uploads\/2021\/03\/logo-ver-3-1.png","width":350,"height":95,"caption":"TuzlaInfo.ba"},"image":{"@id":"https:\/\/tuzlainfo.ba\/#\/schema\/logo\/image\/"},"sameAs":["https:\/\/www.facebook.com\/tuzlainfo.ba\/"]},{"@type":"Person","@id":"https:\/\/tuzlainfo.ba\/#\/schema\/person\/f434e20dc27ea133923aab08451b7f7f","name":"nedim","image":{"@type":"ImageObject","inLanguage":"bs-BA","@id":"https:\/\/secure.gravatar.com\/avatar\/5b928a2e7e70a54208d2eb6c1edcb75a5350d6ae97d5f0a701203d456823f6f3?s=96&d=mm&r=g","url":"https:\/\/secure.gravatar.com\/avatar\/5b928a2e7e70a54208d2eb6c1edcb75a5350d6ae97d5f0a701203d456823f6f3?s=96&d=mm&r=g","contentUrl":"https:\/\/secure.gravatar.com\/avatar\/5b928a2e7e70a54208d2eb6c1edcb75a5350d6ae97d5f0a701203d456823f6f3?s=96&d=mm&r=g","caption":"nedim"},"description":"Tuzlainfo.ba pratite na dru\u0161tvenim mre\u017eama: Facebook, Instagram i Youtube. Svoje pri\u010de, upite i fotografije \u0161aljite na na\u0161u e-mail adresu."}]}},"_links":{"self":[{"href":"https:\/\/tuzlainfo.ba\/index.php\/wp-json\/wp\/v2\/posts\/253114","targetHints":{"allow":["GET"]}}],"collection":[{"href":"https:\/\/tuzlainfo.ba\/index.php\/wp-json\/wp\/v2\/posts"}],"about":[{"href":"https:\/\/tuzlainfo.ba\/index.php\/wp-json\/wp\/v2\/types\/post"}],"author":[{"embeddable":true,"href":"https:\/\/tuzlainfo.ba\/index.php\/wp-json\/wp\/v2\/users\/2"}],"replies":[{"embeddable":true,"href":"https:\/\/tuzlainfo.ba\/index.php\/wp-json\/wp\/v2\/comments?post=253114"}],"version-history":[{"count":1,"href":"https:\/\/tuzlainfo.ba\/index.php\/wp-json\/wp\/v2\/posts\/253114\/revisions"}],"predecessor-version":[{"id":253115,"href":"https:\/\/tuzlainfo.ba\/index.php\/wp-json\/wp\/v2\/posts\/253114\/revisions\/253115"}],"wp:featuredmedia":[{"embeddable":true,"href":"https:\/\/tuzlainfo.ba\/index.php\/wp-json\/wp\/v2\/media\/233752"}],"wp:attachment":[{"href":"https:\/\/tuzlainfo.ba\/index.php\/wp-json\/wp\/v2\/media?parent=253114"}],"wp:term":[{"taxonomy":"category","embeddable":true,"href":"https:\/\/tuzlainfo.ba\/index.php\/wp-json\/wp\/v2\/categories?post=253114"},{"taxonomy":"post_tag","embeddable":true,"href":"https:\/\/tuzlainfo.ba\/index.php\/wp-json\/wp\/v2\/tags?post=253114"}],"curies":[{"name":"wp","href":"https:\/\/api.w.org\/{rel}","templated":true}]}}