{"id":253086,"date":"2024-10-19T18:15:15","date_gmt":"2024-10-19T16:15:15","guid":{"rendered":"https:\/\/tuzlainfo.ba\/?p=253086"},"modified":"2024-10-19T18:15:15","modified_gmt":"2024-10-19T16:15:15","slug":"u-tuzli-odrzan-21-medjunarodni-djeciji-festival-vezeni-most","status":"publish","type":"post","link":"https:\/\/tuzlainfo.ba\/index.php\/novosti\/item\/253086-u-tuzli-odrzan-21-medjunarodni-djeciji-festival-vezeni-most\/","title":{"rendered":"U Tuzli odr\u017ean 21. Me\u0111unarodni dje\u010diji festival &#8220;Vezeni most&#8221;"},"content":{"rendered":"<p>Gradona\u010delnik Tuzle, dr. sc. Zijad Lugavi\u0107, ju\u010der je u prostorijama kina Kaleidoskop prisustvovao 21. Me\u0111unarodnom dje\u010dijem festivalu \u201eVezeni most\u201c, \u010diji je osniva\u010d istaknuti pisac za djecu \u0160imo E\u0161i\u0107.<\/p>\n<p>Tokom obra\u0107anja gradona\u010delnik Lugavi\u0107, \u010destitaju\u0107i 21 godinu organizovanja dje\u010dijeg festivala, kazao je:\u201eOvo je zaista predivan festival koji jo\u0161 jednom potvr\u0111uje da je kultura u srcu Tuzle i da je duboko utemeljena u genima svih na\u0161ih gra\u0111anki i gra\u0111ana, posebno mladih. To nam daje nadu i pokazuje da imamo svijetlu perspektivu. \u010cestitam svima koji su dio ove divne pri\u010de, a posebno \u0160imi E\u0161i\u0107u, koji je nesebi\u010dno ulo\u017eio svoje srce u ovaj projekt.\u201c<\/p>\n<p>Festival \u201eVezeni most\u201c njeguje vrijednosti bosanskohercegova\u010dke i svjetske knji\u017eevne ba\u0161tine te podsti\u010de me\u0111unarodnu kulturnu saradnju u regiji, okupljaju\u0107i brojne autore iz zemlje i regije.<\/p>\n<p>Najpresti\u017enija nagrada ovog festivla, \u201eMali princ\u201c, dodjeljuje se za najbolju dje\u010diju knjigu na ju\u017enoslovenskom govornom podru\u010dju, a ove godine nagrada \u201eMali princ\u201c za izvanredan doprinos razvoju dje\u010dije knji\u017eevnosti u Bosni i Hercegovini posthumno je dodjeljena bosanskohercegova\u010dkom knji\u017eevniku Mirsadu Be\u0107irba\u0161i\u0107u, saop\u0161teno je iz Grada Tuzle.<\/p>\n","protected":false},"excerpt":{"rendered":"<p>Gradona\u010delnik Tuzle, dr. sc. Zijad Lugavi\u0107, ju\u010der je u prostorijama kina Kaleidoskop prisustvovao 21. Me\u0111unarodnom dje\u010dijem festivalu \u201eVezeni most\u201c, \u010diji je osniva\u010d istaknuti pisac za djecu \u0160imo E\u0161i\u0107. Tokom obra\u0107anja gradona\u010delnik Lugavi\u0107, \u010destitaju\u0107i 21 godinu organizovanja dje\u010dijeg festivala, kazao je:\u201eOvo je zaista predivan festival koji jo\u0161 jednom potvr\u0111uje da je kultura u srcu Tuzle i [&hellip;]<\/p>\n","protected":false},"author":2,"featured_media":253087,"comment_status":"closed","ping_status":"closed","sticky":false,"template":"","format":"standard","meta":{"footnotes":""},"categories":[304,12],"tags":[331,1696],"class_list":["post-253086","post","type-post","status-publish","format-standard","has-post-thumbnail","hentry","category-istaknuto","category-novosti","tag-grad-tuzla","tag-vezeni-most"],"yoast_head":"<!-- This site is optimized with the Yoast SEO plugin v28.4 - https:\/\/yoast.com\/product\/yoast-seo-wordpress\/ -->\n<title>U Tuzli odr\u017ean 21. Me\u0111unarodni dje\u010diji festival &quot;Vezeni most&quot;<\/title>\n<meta name=\"robots\" content=\"index, follow, max-snippet:-1, max-image-preview:large, max-video-preview:-1\" \/>\n<link rel=\"canonical\" href=\"https:\/\/tuzlainfo.ba\/index.php\/novosti\/item\/253086-u-tuzli-odrzan-21-medjunarodni-djeciji-festival-vezeni-most\/\" \/>\n<meta property=\"og:locale\" content=\"bs_BA\" \/>\n<meta property=\"og:type\" content=\"article\" \/>\n<meta property=\"og:title\" content=\"U Tuzli odr\u017ean 21. Me\u0111unarodni dje\u010diji festival &quot;Vezeni most&quot;\" \/>\n<meta property=\"og:description\" content=\"Gradona\u010delnik Tuzle, dr. sc. Zijad Lugavi\u0107, ju\u010der je u prostorijama kina Kaleidoskop prisustvovao 21. Me\u0111unarodnom dje\u010dijem festivalu \u201eVezeni most\u201c, \u010diji je osniva\u010d istaknuti pisac za djecu \u0160imo E\u0161i\u0107. Tokom obra\u0107anja gradona\u010delnik Lugavi\u0107, \u010destitaju\u0107i 21 godinu organizovanja dje\u010dijeg festivala, kazao je:\u201eOvo je zaista predivan festival koji jo\u0161 jednom potvr\u0111uje da je kultura u srcu Tuzle i [&hellip;]\" \/>\n<meta property=\"og:url\" content=\"https:\/\/tuzlainfo.ba\/index.php\/novosti\/item\/253086-u-tuzli-odrzan-21-medjunarodni-djeciji-festival-vezeni-most\/\" \/>\n<meta property=\"og:site_name\" content=\"TuzlaInfo.ba\" \/>\n<meta property=\"article:publisher\" content=\"https:\/\/www.facebook.com\/tuzlainfo.ba\/\" \/>\n<meta property=\"article:published_time\" content=\"2024-10-19T16:15:15+00:00\" \/>\n<meta property=\"og:image\" content=\"https:\/\/tuzlainfo.ba\/wp-content\/uploads\/2024\/10\/1910_vezeni_most.jpg\" \/>\n\t<meta property=\"og:image:width\" content=\"1000\" \/>\n\t<meta property=\"og:image:height\" content=\"666\" \/>\n\t<meta property=\"og:image:type\" content=\"image\/jpeg\" \/>\n<meta name=\"author\" content=\"nedim\" \/>\n<meta name=\"twitter:card\" content=\"summary_large_image\" \/>\n<meta name=\"twitter:label1\" content=\"Written by\" \/>\n\t<meta name=\"twitter:data1\" content=\"nedim\" \/>\n\t<meta name=\"twitter:label2\" content=\"Est. reading time\" \/>\n\t<meta name=\"twitter:data2\" content=\"2 minute\" \/>\n<script type=\"application\/ld+json\" class=\"yoast-schema-graph\">{\"@context\":\"https:\\\/\\\/schema.org\",\"@graph\":[{\"@type\":\"Article\",\"@id\":\"https:\\\/\\\/tuzlainfo.ba\\\/index.php\\\/novosti\\\/item\\\/253086-u-tuzli-odrzan-21-medjunarodni-djeciji-festival-vezeni-most\\\/#article\",\"isPartOf\":{\"@id\":\"https:\\\/\\\/tuzlainfo.ba\\\/index.php\\\/novosti\\\/item\\\/253086-u-tuzli-odrzan-21-medjunarodni-djeciji-festival-vezeni-most\\\/\"},\"author\":{\"name\":\"nedim\",\"@id\":\"https:\\\/\\\/tuzlainfo.ba\\\/#\\\/schema\\\/person\\\/f434e20dc27ea133923aab08451b7f7f\"},\"headline\":\"U Tuzli odr\u017ean 21. Me\u0111unarodni dje\u010diji festival &#8220;Vezeni most&#8221;\",\"datePublished\":\"2024-10-19T16:15:15+00:00\",\"mainEntityOfPage\":{\"@id\":\"https:\\\/\\\/tuzlainfo.ba\\\/index.php\\\/novosti\\\/item\\\/253086-u-tuzli-odrzan-21-medjunarodni-djeciji-festival-vezeni-most\\\/\"},\"wordCount\":213,\"publisher\":{\"@id\":\"https:\\\/\\\/tuzlainfo.ba\\\/#organization\"},\"image\":{\"@id\":\"https:\\\/\\\/tuzlainfo.ba\\\/index.php\\\/novosti\\\/item\\\/253086-u-tuzli-odrzan-21-medjunarodni-djeciji-festival-vezeni-most\\\/#primaryimage\"},\"thumbnailUrl\":\"https:\\\/\\\/tuzlainfo.ba\\\/wp-content\\\/uploads\\\/2024\\\/10\\\/1910_vezeni_most.jpg\",\"keywords\":[\"grad tuzla\",\"vezeni most\"],\"articleSection\":[\"Istaknuto\",\"Novosti\"],\"inLanguage\":\"bs-BA\",\"copyrightYear\":\"2024\",\"copyrightHolder\":{\"@id\":\"https:\\\/\\\/tuzlainfo.ba\\\/#organization\"}},{\"@type\":\"WebPage\",\"@id\":\"https:\\\/\\\/tuzlainfo.ba\\\/index.php\\\/novosti\\\/item\\\/253086-u-tuzli-odrzan-21-medjunarodni-djeciji-festival-vezeni-most\\\/\",\"url\":\"https:\\\/\\\/tuzlainfo.ba\\\/index.php\\\/novosti\\\/item\\\/253086-u-tuzli-odrzan-21-medjunarodni-djeciji-festival-vezeni-most\\\/\",\"name\":\"U Tuzli odr\u017ean 21. Me\u0111unarodni dje\u010diji festival \\\"Vezeni most\\\"\",\"isPartOf\":{\"@id\":\"https:\\\/\\\/tuzlainfo.ba\\\/#website\"},\"primaryImageOfPage\":{\"@id\":\"https:\\\/\\\/tuzlainfo.ba\\\/index.php\\\/novosti\\\/item\\\/253086-u-tuzli-odrzan-21-medjunarodni-djeciji-festival-vezeni-most\\\/#primaryimage\"},\"image\":{\"@id\":\"https:\\\/\\\/tuzlainfo.ba\\\/index.php\\\/novosti\\\/item\\\/253086-u-tuzli-odrzan-21-medjunarodni-djeciji-festival-vezeni-most\\\/#primaryimage\"},\"thumbnailUrl\":\"https:\\\/\\\/tuzlainfo.ba\\\/wp-content\\\/uploads\\\/2024\\\/10\\\/1910_vezeni_most.jpg\",\"datePublished\":\"2024-10-19T16:15:15+00:00\",\"breadcrumb\":{\"@id\":\"https:\\\/\\\/tuzlainfo.ba\\\/index.php\\\/novosti\\\/item\\\/253086-u-tuzli-odrzan-21-medjunarodni-djeciji-festival-vezeni-most\\\/#breadcrumb\"},\"inLanguage\":\"bs-BA\",\"potentialAction\":[{\"@type\":\"ReadAction\",\"target\":[\"https:\\\/\\\/tuzlainfo.ba\\\/index.php\\\/novosti\\\/item\\\/253086-u-tuzli-odrzan-21-medjunarodni-djeciji-festival-vezeni-most\\\/\"]}]},{\"@type\":\"ImageObject\",\"inLanguage\":\"bs-BA\",\"@id\":\"https:\\\/\\\/tuzlainfo.ba\\\/index.php\\\/novosti\\\/item\\\/253086-u-tuzli-odrzan-21-medjunarodni-djeciji-festival-vezeni-most\\\/#primaryimage\",\"url\":\"https:\\\/\\\/tuzlainfo.ba\\\/wp-content\\\/uploads\\\/2024\\\/10\\\/1910_vezeni_most.jpg\",\"contentUrl\":\"https:\\\/\\\/tuzlainfo.ba\\\/wp-content\\\/uploads\\\/2024\\\/10\\\/1910_vezeni_most.jpg\",\"width\":1000,\"height\":666},{\"@type\":\"BreadcrumbList\",\"@id\":\"https:\\\/\\\/tuzlainfo.ba\\\/index.php\\\/novosti\\\/item\\\/253086-u-tuzli-odrzan-21-medjunarodni-djeciji-festival-vezeni-most\\\/#breadcrumb\",\"itemListElement\":[{\"@type\":\"ListItem\",\"position\":1,\"name\":\"Home\",\"item\":\"https:\\\/\\\/tuzlainfo.ba\\\/\"},{\"@type\":\"ListItem\",\"position\":2,\"name\":\"U Tuzli odr\u017ean 21. Me\u0111unarodni dje\u010diji festival &#8220;Vezeni most&#8221;\"}]},{\"@type\":\"WebSite\",\"@id\":\"https:\\\/\\\/tuzlainfo.ba\\\/#website\",\"url\":\"https:\\\/\\\/tuzlainfo.ba\\\/\",\"name\":\"TuzlaInfo.ba\",\"description\":\"Tuzla info, gradski informator - Tuzla na dlanu\",\"publisher\":{\"@id\":\"https:\\\/\\\/tuzlainfo.ba\\\/#organization\"},\"potentialAction\":[{\"@type\":\"SearchAction\",\"target\":{\"@type\":\"EntryPoint\",\"urlTemplate\":\"https:\\\/\\\/tuzlainfo.ba\\\/?s={search_term_string}\"},\"query-input\":{\"@type\":\"PropertyValueSpecification\",\"valueRequired\":true,\"valueName\":\"search_term_string\"}}],\"inLanguage\":\"bs-BA\"},{\"@type\":\"Organization\",\"@id\":\"https:\\\/\\\/tuzlainfo.ba\\\/#organization\",\"name\":\"TuzlaInfo.ba\",\"url\":\"https:\\\/\\\/tuzlainfo.ba\\\/\",\"logo\":{\"@type\":\"ImageObject\",\"inLanguage\":\"bs-BA\",\"@id\":\"https:\\\/\\\/tuzlainfo.ba\\\/#\\\/schema\\\/logo\\\/image\\\/\",\"url\":\"https:\\\/\\\/tuzlainfo.ba\\\/wp-content\\\/uploads\\\/2021\\\/03\\\/logo-ver-3-1.png\",\"contentUrl\":\"https:\\\/\\\/tuzlainfo.ba\\\/wp-content\\\/uploads\\\/2021\\\/03\\\/logo-ver-3-1.png\",\"width\":350,\"height\":95,\"caption\":\"TuzlaInfo.ba\"},\"image\":{\"@id\":\"https:\\\/\\\/tuzlainfo.ba\\\/#\\\/schema\\\/logo\\\/image\\\/\"},\"sameAs\":[\"https:\\\/\\\/www.facebook.com\\\/tuzlainfo.ba\\\/\"]},{\"@type\":\"Person\",\"@id\":\"https:\\\/\\\/tuzlainfo.ba\\\/#\\\/schema\\\/person\\\/f434e20dc27ea133923aab08451b7f7f\",\"name\":\"nedim\",\"image\":{\"@type\":\"ImageObject\",\"inLanguage\":\"bs-BA\",\"@id\":\"https:\\\/\\\/secure.gravatar.com\\\/avatar\\\/5b928a2e7e70a54208d2eb6c1edcb75a5350d6ae97d5f0a701203d456823f6f3?s=96&d=mm&r=g\",\"url\":\"https:\\\/\\\/secure.gravatar.com\\\/avatar\\\/5b928a2e7e70a54208d2eb6c1edcb75a5350d6ae97d5f0a701203d456823f6f3?s=96&d=mm&r=g\",\"contentUrl\":\"https:\\\/\\\/secure.gravatar.com\\\/avatar\\\/5b928a2e7e70a54208d2eb6c1edcb75a5350d6ae97d5f0a701203d456823f6f3?s=96&d=mm&r=g\",\"caption\":\"nedim\"},\"description\":\"Tuzlainfo.ba pratite na dru\u0161tvenim mre\u017eama: Facebook, Instagram i Youtube. Svoje pri\u010de, upite i fotografije \u0161aljite na na\u0161u e-mail adresu.\"}]}<\/script>\n<!-- \/ Yoast SEO plugin. -->","yoast_head_json":{"title":"U Tuzli odr\u017ean 21. Me\u0111unarodni dje\u010diji festival \"Vezeni most\"","robots":{"index":"index","follow":"follow","max-snippet":"max-snippet:-1","max-image-preview":"max-image-preview:large","max-video-preview":"max-video-preview:-1"},"canonical":"https:\/\/tuzlainfo.ba\/index.php\/novosti\/item\/253086-u-tuzli-odrzan-21-medjunarodni-djeciji-festival-vezeni-most\/","og_locale":"bs_BA","og_type":"article","og_title":"U Tuzli odr\u017ean 21. Me\u0111unarodni dje\u010diji festival \"Vezeni most\"","og_description":"Gradona\u010delnik Tuzle, dr. sc. Zijad Lugavi\u0107, ju\u010der je u prostorijama kina Kaleidoskop prisustvovao 21. Me\u0111unarodnom dje\u010dijem festivalu \u201eVezeni most\u201c, \u010diji je osniva\u010d istaknuti pisac za djecu \u0160imo E\u0161i\u0107. Tokom obra\u0107anja gradona\u010delnik Lugavi\u0107, \u010destitaju\u0107i 21 godinu organizovanja dje\u010dijeg festivala, kazao je:\u201eOvo je zaista predivan festival koji jo\u0161 jednom potvr\u0111uje da je kultura u srcu Tuzle i [&hellip;]","og_url":"https:\/\/tuzlainfo.ba\/index.php\/novosti\/item\/253086-u-tuzli-odrzan-21-medjunarodni-djeciji-festival-vezeni-most\/","og_site_name":"TuzlaInfo.ba","article_publisher":"https:\/\/www.facebook.com\/tuzlainfo.ba\/","article_published_time":"2024-10-19T16:15:15+00:00","og_image":[{"width":1000,"height":666,"url":"https:\/\/tuzlainfo.ba\/wp-content\/uploads\/2024\/10\/1910_vezeni_most.jpg","type":"image\/jpeg"}],"author":"nedim","twitter_card":"summary_large_image","twitter_misc":{"Written by":"nedim","Est. reading time":"2 minute"},"schema":{"@context":"https:\/\/schema.org","@graph":[{"@type":"Article","@id":"https:\/\/tuzlainfo.ba\/index.php\/novosti\/item\/253086-u-tuzli-odrzan-21-medjunarodni-djeciji-festival-vezeni-most\/#article","isPartOf":{"@id":"https:\/\/tuzlainfo.ba\/index.php\/novosti\/item\/253086-u-tuzli-odrzan-21-medjunarodni-djeciji-festival-vezeni-most\/"},"author":{"name":"nedim","@id":"https:\/\/tuzlainfo.ba\/#\/schema\/person\/f434e20dc27ea133923aab08451b7f7f"},"headline":"U Tuzli odr\u017ean 21. Me\u0111unarodni dje\u010diji festival &#8220;Vezeni most&#8221;","datePublished":"2024-10-19T16:15:15+00:00","mainEntityOfPage":{"@id":"https:\/\/tuzlainfo.ba\/index.php\/novosti\/item\/253086-u-tuzli-odrzan-21-medjunarodni-djeciji-festival-vezeni-most\/"},"wordCount":213,"publisher":{"@id":"https:\/\/tuzlainfo.ba\/#organization"},"image":{"@id":"https:\/\/tuzlainfo.ba\/index.php\/novosti\/item\/253086-u-tuzli-odrzan-21-medjunarodni-djeciji-festival-vezeni-most\/#primaryimage"},"thumbnailUrl":"https:\/\/tuzlainfo.ba\/wp-content\/uploads\/2024\/10\/1910_vezeni_most.jpg","keywords":["grad tuzla","vezeni most"],"articleSection":["Istaknuto","Novosti"],"inLanguage":"bs-BA","copyrightYear":"2024","copyrightHolder":{"@id":"https:\/\/tuzlainfo.ba\/#organization"}},{"@type":"WebPage","@id":"https:\/\/tuzlainfo.ba\/index.php\/novosti\/item\/253086-u-tuzli-odrzan-21-medjunarodni-djeciji-festival-vezeni-most\/","url":"https:\/\/tuzlainfo.ba\/index.php\/novosti\/item\/253086-u-tuzli-odrzan-21-medjunarodni-djeciji-festival-vezeni-most\/","name":"U Tuzli odr\u017ean 21. Me\u0111unarodni dje\u010diji festival \"Vezeni most\"","isPartOf":{"@id":"https:\/\/tuzlainfo.ba\/#website"},"primaryImageOfPage":{"@id":"https:\/\/tuzlainfo.ba\/index.php\/novosti\/item\/253086-u-tuzli-odrzan-21-medjunarodni-djeciji-festival-vezeni-most\/#primaryimage"},"image":{"@id":"https:\/\/tuzlainfo.ba\/index.php\/novosti\/item\/253086-u-tuzli-odrzan-21-medjunarodni-djeciji-festival-vezeni-most\/#primaryimage"},"thumbnailUrl":"https:\/\/tuzlainfo.ba\/wp-content\/uploads\/2024\/10\/1910_vezeni_most.jpg","datePublished":"2024-10-19T16:15:15+00:00","breadcrumb":{"@id":"https:\/\/tuzlainfo.ba\/index.php\/novosti\/item\/253086-u-tuzli-odrzan-21-medjunarodni-djeciji-festival-vezeni-most\/#breadcrumb"},"inLanguage":"bs-BA","potentialAction":[{"@type":"ReadAction","target":["https:\/\/tuzlainfo.ba\/index.php\/novosti\/item\/253086-u-tuzli-odrzan-21-medjunarodni-djeciji-festival-vezeni-most\/"]}]},{"@type":"ImageObject","inLanguage":"bs-BA","@id":"https:\/\/tuzlainfo.ba\/index.php\/novosti\/item\/253086-u-tuzli-odrzan-21-medjunarodni-djeciji-festival-vezeni-most\/#primaryimage","url":"https:\/\/tuzlainfo.ba\/wp-content\/uploads\/2024\/10\/1910_vezeni_most.jpg","contentUrl":"https:\/\/tuzlainfo.ba\/wp-content\/uploads\/2024\/10\/1910_vezeni_most.jpg","width":1000,"height":666},{"@type":"BreadcrumbList","@id":"https:\/\/tuzlainfo.ba\/index.php\/novosti\/item\/253086-u-tuzli-odrzan-21-medjunarodni-djeciji-festival-vezeni-most\/#breadcrumb","itemListElement":[{"@type":"ListItem","position":1,"name":"Home","item":"https:\/\/tuzlainfo.ba\/"},{"@type":"ListItem","position":2,"name":"U Tuzli odr\u017ean 21. Me\u0111unarodni dje\u010diji festival &#8220;Vezeni most&#8221;"}]},{"@type":"WebSite","@id":"https:\/\/tuzlainfo.ba\/#website","url":"https:\/\/tuzlainfo.ba\/","name":"TuzlaInfo.ba","description":"Tuzla info, gradski informator - Tuzla na dlanu","publisher":{"@id":"https:\/\/tuzlainfo.ba\/#organization"},"potentialAction":[{"@type":"SearchAction","target":{"@type":"EntryPoint","urlTemplate":"https:\/\/tuzlainfo.ba\/?s={search_term_string}"},"query-input":{"@type":"PropertyValueSpecification","valueRequired":true,"valueName":"search_term_string"}}],"inLanguage":"bs-BA"},{"@type":"Organization","@id":"https:\/\/tuzlainfo.ba\/#organization","name":"TuzlaInfo.ba","url":"https:\/\/tuzlainfo.ba\/","logo":{"@type":"ImageObject","inLanguage":"bs-BA","@id":"https:\/\/tuzlainfo.ba\/#\/schema\/logo\/image\/","url":"https:\/\/tuzlainfo.ba\/wp-content\/uploads\/2021\/03\/logo-ver-3-1.png","contentUrl":"https:\/\/tuzlainfo.ba\/wp-content\/uploads\/2021\/03\/logo-ver-3-1.png","width":350,"height":95,"caption":"TuzlaInfo.ba"},"image":{"@id":"https:\/\/tuzlainfo.ba\/#\/schema\/logo\/image\/"},"sameAs":["https:\/\/www.facebook.com\/tuzlainfo.ba\/"]},{"@type":"Person","@id":"https:\/\/tuzlainfo.ba\/#\/schema\/person\/f434e20dc27ea133923aab08451b7f7f","name":"nedim","image":{"@type":"ImageObject","inLanguage":"bs-BA","@id":"https:\/\/secure.gravatar.com\/avatar\/5b928a2e7e70a54208d2eb6c1edcb75a5350d6ae97d5f0a701203d456823f6f3?s=96&d=mm&r=g","url":"https:\/\/secure.gravatar.com\/avatar\/5b928a2e7e70a54208d2eb6c1edcb75a5350d6ae97d5f0a701203d456823f6f3?s=96&d=mm&r=g","contentUrl":"https:\/\/secure.gravatar.com\/avatar\/5b928a2e7e70a54208d2eb6c1edcb75a5350d6ae97d5f0a701203d456823f6f3?s=96&d=mm&r=g","caption":"nedim"},"description":"Tuzlainfo.ba pratite na dru\u0161tvenim mre\u017eama: Facebook, Instagram i Youtube. Svoje pri\u010de, upite i fotografije \u0161aljite na na\u0161u e-mail adresu."}]}},"_links":{"self":[{"href":"https:\/\/tuzlainfo.ba\/index.php\/wp-json\/wp\/v2\/posts\/253086","targetHints":{"allow":["GET"]}}],"collection":[{"href":"https:\/\/tuzlainfo.ba\/index.php\/wp-json\/wp\/v2\/posts"}],"about":[{"href":"https:\/\/tuzlainfo.ba\/index.php\/wp-json\/wp\/v2\/types\/post"}],"author":[{"embeddable":true,"href":"https:\/\/tuzlainfo.ba\/index.php\/wp-json\/wp\/v2\/users\/2"}],"replies":[{"embeddable":true,"href":"https:\/\/tuzlainfo.ba\/index.php\/wp-json\/wp\/v2\/comments?post=253086"}],"version-history":[{"count":1,"href":"https:\/\/tuzlainfo.ba\/index.php\/wp-json\/wp\/v2\/posts\/253086\/revisions"}],"predecessor-version":[{"id":253088,"href":"https:\/\/tuzlainfo.ba\/index.php\/wp-json\/wp\/v2\/posts\/253086\/revisions\/253088"}],"wp:featuredmedia":[{"embeddable":true,"href":"https:\/\/tuzlainfo.ba\/index.php\/wp-json\/wp\/v2\/media\/253087"}],"wp:attachment":[{"href":"https:\/\/tuzlainfo.ba\/index.php\/wp-json\/wp\/v2\/media?parent=253086"}],"wp:term":[{"taxonomy":"category","embeddable":true,"href":"https:\/\/tuzlainfo.ba\/index.php\/wp-json\/wp\/v2\/categories?post=253086"},{"taxonomy":"post_tag","embeddable":true,"href":"https:\/\/tuzlainfo.ba\/index.php\/wp-json\/wp\/v2\/tags?post=253086"}],"curies":[{"name":"wp","href":"https:\/\/api.w.org\/{rel}","templated":true}]}}