{"id":253044,"date":"2024-10-18T21:15:47","date_gmt":"2024-10-18T19:15:47","guid":{"rendered":"https:\/\/tuzlainfo.ba\/?p=253044"},"modified":"2024-10-18T21:15:47","modified_gmt":"2024-10-18T19:15:47","slug":"becirovic-o-izetbegovicu-ostavio-nam-je-u-amanet-da-cuvamo-domovinu-zajednistvo-i-ljudskost","status":"publish","type":"post","link":"https:\/\/tuzlainfo.ba\/index.php\/bosna-i-hercegovina\/item\/253044-becirovic-o-izetbegovicu-ostavio-nam-je-u-amanet-da-cuvamo-domovinu-zajednistvo-i-ljudskost\/","title":{"rendered":"Be\u0107irovi\u0107 o Izetbegovi\u0107u: &#8220;Ostavio nam je u amanet da \u010duvamo domovinu, zajedni\u0161tvo i ljudskost&#8221;"},"content":{"rendered":"<p>Predsjedavaju\u0107i Predsjedni\u0161tva Bosne i Hercegovine Denis Be\u0107irovi\u0107 izjavio je ve\u010deras u Sarajevu da je prvi predsjednik Predsjedni\u0161tva nezavisne Republike Bosne i Hercegovine Alija Izetbegovi\u0107 ostavio &#8220;u amanet da \u010duvamo domovinu, zajedni\u0161tvo i ljudskost&#8221;.<\/p>\n<p>Na akademiji u povodu obilje\u017eavanja 21. godi\u0161njice smrti Izetbegovi\u0107a, Be\u0107irovi\u0107 je naveo da je cilj tog skupa iskazati po\u0161tovanje prema tom velikom i zaslu\u017enom \u010dovjeku koji je ostavio neizbrisiv trag u modernoj historiji Bosne i Hercegovine.<\/p>\n<p>\u201cDr\u017eavnik, prvi predsjednik, vrhovni komandant, mislilac, filozof, borac za ljudska prava, humanista, pravnik samo su neke od rije\u010di koje opisuju lik i djelo rahmetli Alije Izetbegovi\u0107a\u201d,\u00a0istakao je Be\u0107irovi\u0107.<\/p>\n<p>Dodao je da nas je taj umni i hrabri \u010dovjek za \u017eivota rije\u010dima i djelima u\u010dio da na barbarizam ne odgovaramo barbarizmom, na mr\u017enju mr\u017enjom, a na destrukciju destrukcijom.<\/p>\n<p>Naglasio je da se Izetbegovi\u0107 nikada nije predavao pred politikama zla i mr\u017enje, te da je vjerovao i borio se za dr\u017eavu u kojoj \u0107e svi gra\u0111ani imati jednaka prava i slobode.<\/p>\n<p>\u201cNikome ne\u0107emo dozvoliti da izjedna\u010dava branitelje Bosne i Hercegovine i presu\u0111ene ratne zlo\u010dince. Ne\u0107emo to dozvoliti ni visokom predstavniku Christianu Schmidtu niti bilo kome drugom. Prihvatanje historijske la\u017ei je zlo\u010din u miru. Legalno i nelegalno, humano i zlo\u010dina\u010dko, civilizacijsko i anticivilizacijsko se ne mogu i ne smiju izjedna\u010davati\u201d,\u00a0poru\u010dio je Be\u0107irovi\u0107.<\/p>\n<p>Potcrtao je da\u00a0\u201c\u0107emo nastaviti raskrinkavati velikodr\u017eavne politike protiv kojih se borio i Izetbegovi\u0107\u201d, te dodao da su poku\u0161aj diskreditiranja prvog predsjednika i drugih li\u010dnosti zaslu\u017enih za o\u010duvanje i razvoj Bosne i Hercegovine dio opasnog projekta.<\/p>\n<p>U okviru Akademije odr\u017eana je i panel diskusija na kojoj su o diplomatiji govorili prof. dr. Mirko Pejanovi\u0107, biv\u0161i \u010dlan Predsjedni\u0161tva Republike Bosne i Hercegovine, prof. dr. Emir Had\u017eikaduni\u0107, biv\u0161i ambasador BiH u Iranu i Maleziji i Mirza Hajri\u0107, \u010dlan kabineta Alije Izetbegovi\u0107a i biv\u0161i ambasador BiH u Australiji i na Novom Zelandu.<\/p>\n","protected":false},"excerpt":{"rendered":"<p>Predsjedavaju\u0107i Predsjedni\u0161tva Bosne i Hercegovine Denis Be\u0107irovi\u0107 izjavio je ve\u010deras u Sarajevu da je prvi&hellip;<\/p>\n","protected":false},"author":2,"featured_media":211060,"comment_status":"closed","ping_status":"closed","sticky":false,"template":"","format":"standard","meta":{"_acf_changed":false,"footnotes":""},"categories":[291],"tags":[550,7513],"acf":[],"yoast_head":"<!-- This site is optimized with the Yoast SEO plugin v23.5 - https:\/\/yoast.com\/wordpress\/plugins\/seo\/ -->\n<title>Be\u0107irovi\u0107 o Izetbegovi\u0107u: &quot;Ostavio nam je u amanet da \u010duvamo domovinu, zajedni\u0161tvo i ljudskost&quot; - TuzlaInfo.ba<\/title>\n<meta name=\"robots\" content=\"index, follow, max-snippet:-1, max-image-preview:large, max-video-preview:-1\" \/>\n<link rel=\"canonical\" href=\"https:\/\/tuzlainfo.ba\/index.php\/bosna-i-hercegovina\/item\/253044-becirovic-o-izetbegovicu-ostavio-nam-je-u-amanet-da-cuvamo-domovinu-zajednistvo-i-ljudskost\/\" \/>\n<meta property=\"og:locale\" content=\"bs_BA\" \/>\n<meta property=\"og:type\" content=\"article\" \/>\n<meta property=\"og:title\" content=\"Be\u0107irovi\u0107 o Izetbegovi\u0107u: &quot;Ostavio nam je u amanet da \u010duvamo domovinu, zajedni\u0161tvo i ljudskost&quot; - TuzlaInfo.ba\" \/>\n<meta property=\"og:description\" content=\"Predsjedavaju\u0107i Predsjedni\u0161tva Bosne i Hercegovine Denis Be\u0107irovi\u0107 izjavio je ve\u010deras u Sarajevu da je prvi&hellip;\" \/>\n<meta property=\"og:url\" content=\"https:\/\/tuzlainfo.ba\/index.php\/bosna-i-hercegovina\/item\/253044-becirovic-o-izetbegovicu-ostavio-nam-je-u-amanet-da-cuvamo-domovinu-zajednistvo-i-ljudskost\/\" \/>\n<meta property=\"og:site_name\" content=\"TuzlaInfo.ba\" \/>\n<meta property=\"article:publisher\" content=\"https:\/\/www.facebook.com\/tuzlainfo.ba\/\" \/>\n<meta property=\"article:published_time\" content=\"2024-10-18T19:15:47+00:00\" \/>\n<meta property=\"og:image\" content=\"https:\/\/tuzlainfo.ba\/wp-content\/uploads\/2023\/07\/2007_denis_becirovic.jpg\" \/>\n\t<meta property=\"og:image:width\" content=\"800\" \/>\n\t<meta property=\"og:image:height\" content=\"602\" \/>\n\t<meta property=\"og:image:type\" content=\"image\/jpeg\" \/>\n<meta name=\"author\" content=\"nedim\" \/>\n<meta name=\"twitter:card\" content=\"summary_large_image\" \/>\n<meta name=\"twitter:label1\" content=\"Written by\" \/>\n\t<meta name=\"twitter:data1\" content=\"nedim\" \/>\n\t<meta name=\"twitter:label2\" content=\"Est. reading time\" \/>\n\t<meta name=\"twitter:data2\" content=\"2 minute\" \/>\n<script type=\"application\/ld+json\" class=\"yoast-schema-graph\">{\"@context\":\"https:\/\/schema.org\",\"@graph\":[{\"@type\":\"Article\",\"@id\":\"https:\/\/tuzlainfo.ba\/index.php\/bosna-i-hercegovina\/item\/253044-becirovic-o-izetbegovicu-ostavio-nam-je-u-amanet-da-cuvamo-domovinu-zajednistvo-i-ljudskost\/#article\",\"isPartOf\":{\"@id\":\"https:\/\/tuzlainfo.ba\/index.php\/bosna-i-hercegovina\/item\/253044-becirovic-o-izetbegovicu-ostavio-nam-je-u-amanet-da-cuvamo-domovinu-zajednistvo-i-ljudskost\/\"},\"author\":{\"name\":\"nedim\",\"@id\":\"https:\/\/tuzlainfo.ba\/#\/schema\/person\/f434e20dc27ea133923aab08451b7f7f\"},\"headline\":\"Be\u0107irovi\u0107 o Izetbegovi\u0107u: &#8220;Ostavio nam je u amanet da \u010duvamo domovinu, zajedni\u0161tvo i ljudskost&#8221;\",\"datePublished\":\"2024-10-18T19:15:47+00:00\",\"dateModified\":\"2024-10-18T19:15:47+00:00\",\"mainEntityOfPage\":{\"@id\":\"https:\/\/tuzlainfo.ba\/index.php\/bosna-i-hercegovina\/item\/253044-becirovic-o-izetbegovicu-ostavio-nam-je-u-amanet-da-cuvamo-domovinu-zajednistvo-i-ljudskost\/\"},\"wordCount\":362,\"publisher\":{\"@id\":\"https:\/\/tuzlainfo.ba\/#organization\"},\"image\":{\"@id\":\"https:\/\/tuzlainfo.ba\/index.php\/bosna-i-hercegovina\/item\/253044-becirovic-o-izetbegovicu-ostavio-nam-je-u-amanet-da-cuvamo-domovinu-zajednistvo-i-ljudskost\/#primaryimage\"},\"thumbnailUrl\":\"https:\/\/tuzlainfo.ba\/wp-content\/uploads\/2023\/07\/2007_denis_becirovic.jpg\",\"keywords\":[\"alija izetbegovi\u0107\",\"denis becirevic\"],\"articleSection\":[\"Bosna i Hercegovina\"],\"inLanguage\":\"bs-BA\"},{\"@type\":\"WebPage\",\"@id\":\"https:\/\/tuzlainfo.ba\/index.php\/bosna-i-hercegovina\/item\/253044-becirovic-o-izetbegovicu-ostavio-nam-je-u-amanet-da-cuvamo-domovinu-zajednistvo-i-ljudskost\/\",\"url\":\"https:\/\/tuzlainfo.ba\/index.php\/bosna-i-hercegovina\/item\/253044-becirovic-o-izetbegovicu-ostavio-nam-je-u-amanet-da-cuvamo-domovinu-zajednistvo-i-ljudskost\/\",\"name\":\"Be\u0107irovi\u0107 o Izetbegovi\u0107u: \\\"Ostavio nam je u amanet da \u010duvamo domovinu, zajedni\u0161tvo i ljudskost\\\" - TuzlaInfo.ba\",\"isPartOf\":{\"@id\":\"https:\/\/tuzlainfo.ba\/#website\"},\"primaryImageOfPage\":{\"@id\":\"https:\/\/tuzlainfo.ba\/index.php\/bosna-i-hercegovina\/item\/253044-becirovic-o-izetbegovicu-ostavio-nam-je-u-amanet-da-cuvamo-domovinu-zajednistvo-i-ljudskost\/#primaryimage\"},\"image\":{\"@id\":\"https:\/\/tuzlainfo.ba\/index.php\/bosna-i-hercegovina\/item\/253044-becirovic-o-izetbegovicu-ostavio-nam-je-u-amanet-da-cuvamo-domovinu-zajednistvo-i-ljudskost\/#primaryimage\"},\"thumbnailUrl\":\"https:\/\/tuzlainfo.ba\/wp-content\/uploads\/2023\/07\/2007_denis_becirovic.jpg\",\"datePublished\":\"2024-10-18T19:15:47+00:00\",\"dateModified\":\"2024-10-18T19:15:47+00:00\",\"breadcrumb\":{\"@id\":\"https:\/\/tuzlainfo.ba\/index.php\/bosna-i-hercegovina\/item\/253044-becirovic-o-izetbegovicu-ostavio-nam-je-u-amanet-da-cuvamo-domovinu-zajednistvo-i-ljudskost\/#breadcrumb\"},\"inLanguage\":\"bs-BA\",\"potentialAction\":[{\"@type\":\"ReadAction\",\"target\":[\"https:\/\/tuzlainfo.ba\/index.php\/bosna-i-hercegovina\/item\/253044-becirovic-o-izetbegovicu-ostavio-nam-je-u-amanet-da-cuvamo-domovinu-zajednistvo-i-ljudskost\/\"]}]},{\"@type\":\"ImageObject\",\"inLanguage\":\"bs-BA\",\"@id\":\"https:\/\/tuzlainfo.ba\/index.php\/bosna-i-hercegovina\/item\/253044-becirovic-o-izetbegovicu-ostavio-nam-je-u-amanet-da-cuvamo-domovinu-zajednistvo-i-ljudskost\/#primaryimage\",\"url\":\"https:\/\/tuzlainfo.ba\/wp-content\/uploads\/2023\/07\/2007_denis_becirovic.jpg\",\"contentUrl\":\"https:\/\/tuzlainfo.ba\/wp-content\/uploads\/2023\/07\/2007_denis_becirovic.jpg\",\"width\":800,\"height\":602},{\"@type\":\"BreadcrumbList\",\"@id\":\"https:\/\/tuzlainfo.ba\/index.php\/bosna-i-hercegovina\/item\/253044-becirovic-o-izetbegovicu-ostavio-nam-je-u-amanet-da-cuvamo-domovinu-zajednistvo-i-ljudskost\/#breadcrumb\",\"itemListElement\":[{\"@type\":\"ListItem\",\"position\":1,\"name\":\"Home\",\"item\":\"https:\/\/tuzlainfo.ba\/\"},{\"@type\":\"ListItem\",\"position\":2,\"name\":\"Be\u0107irovi\u0107 o Izetbegovi\u0107u: &#8220;Ostavio nam je u amanet da \u010duvamo domovinu, zajedni\u0161tvo i ljudskost&#8221;\"}]},{\"@type\":\"WebSite\",\"@id\":\"https:\/\/tuzlainfo.ba\/#website\",\"url\":\"https:\/\/tuzlainfo.ba\/\",\"name\":\"TuzlaInfo.ba\",\"description\":\"Tuzla info, gradski informator - Tuzla na dlanu\",\"publisher\":{\"@id\":\"https:\/\/tuzlainfo.ba\/#organization\"},\"potentialAction\":[{\"@type\":\"SearchAction\",\"target\":{\"@type\":\"EntryPoint\",\"urlTemplate\":\"https:\/\/tuzlainfo.ba\/?s={search_term_string}\"},\"query-input\":{\"@type\":\"PropertyValueSpecification\",\"valueRequired\":true,\"valueName\":\"search_term_string\"}}],\"inLanguage\":\"bs-BA\"},{\"@type\":\"Organization\",\"@id\":\"https:\/\/tuzlainfo.ba\/#organization\",\"name\":\"TuzlaInfo.ba\",\"url\":\"https:\/\/tuzlainfo.ba\/\",\"logo\":{\"@type\":\"ImageObject\",\"inLanguage\":\"bs-BA\",\"@id\":\"https:\/\/tuzlainfo.ba\/#\/schema\/logo\/image\/\",\"url\":\"https:\/\/tuzlainfo.ba\/wp-content\/uploads\/2021\/03\/logo-ver-3-1.png\",\"contentUrl\":\"https:\/\/tuzlainfo.ba\/wp-content\/uploads\/2021\/03\/logo-ver-3-1.png\",\"width\":350,\"height\":95,\"caption\":\"TuzlaInfo.ba\"},\"image\":{\"@id\":\"https:\/\/tuzlainfo.ba\/#\/schema\/logo\/image\/\"},\"sameAs\":[\"https:\/\/www.facebook.com\/tuzlainfo.ba\/\"]},{\"@type\":\"Person\",\"@id\":\"https:\/\/tuzlainfo.ba\/#\/schema\/person\/f434e20dc27ea133923aab08451b7f7f\",\"name\":\"nedim\",\"image\":{\"@type\":\"ImageObject\",\"inLanguage\":\"bs-BA\",\"@id\":\"https:\/\/tuzlainfo.ba\/#\/schema\/person\/image\/\",\"url\":\"https:\/\/tuzlainfo.ba\/wp-content\/litespeed\/avatar\/aabad687af24844af817603ac1cbdc4f.jpg?ver=1776702173\",\"contentUrl\":\"https:\/\/tuzlainfo.ba\/wp-content\/litespeed\/avatar\/aabad687af24844af817603ac1cbdc4f.jpg?ver=1776702173\",\"caption\":\"nedim\"},\"description\":\"Tuzlainfo.ba pratite na dru\u0161tvenim mre\u017eama: Facebook, Instagram i Youtube. Svoje pri\u010de, upite i fotografije \u0161aljite na na\u0161u e-mail adresu.\"}]}<\/script>\n<!-- \/ Yoast SEO plugin. -->","yoast_head_json":{"title":"Be\u0107irovi\u0107 o Izetbegovi\u0107u: \"Ostavio nam je u amanet da \u010duvamo domovinu, zajedni\u0161tvo i ljudskost\" - TuzlaInfo.ba","robots":{"index":"index","follow":"follow","max-snippet":"max-snippet:-1","max-image-preview":"max-image-preview:large","max-video-preview":"max-video-preview:-1"},"canonical":"https:\/\/tuzlainfo.ba\/index.php\/bosna-i-hercegovina\/item\/253044-becirovic-o-izetbegovicu-ostavio-nam-je-u-amanet-da-cuvamo-domovinu-zajednistvo-i-ljudskost\/","og_locale":"bs_BA","og_type":"article","og_title":"Be\u0107irovi\u0107 o Izetbegovi\u0107u: \"Ostavio nam je u amanet da \u010duvamo domovinu, zajedni\u0161tvo i ljudskost\" - TuzlaInfo.ba","og_description":"Predsjedavaju\u0107i Predsjedni\u0161tva Bosne i Hercegovine Denis Be\u0107irovi\u0107 izjavio je ve\u010deras u Sarajevu da je prvi&hellip;","og_url":"https:\/\/tuzlainfo.ba\/index.php\/bosna-i-hercegovina\/item\/253044-becirovic-o-izetbegovicu-ostavio-nam-je-u-amanet-da-cuvamo-domovinu-zajednistvo-i-ljudskost\/","og_site_name":"TuzlaInfo.ba","article_publisher":"https:\/\/www.facebook.com\/tuzlainfo.ba\/","article_published_time":"2024-10-18T19:15:47+00:00","og_image":[{"width":800,"height":602,"url":"https:\/\/tuzlainfo.ba\/wp-content\/uploads\/2023\/07\/2007_denis_becirovic.jpg","type":"image\/jpeg"}],"author":"nedim","twitter_card":"summary_large_image","twitter_misc":{"Written by":"nedim","Est. reading time":"2 minute"},"schema":{"@context":"https:\/\/schema.org","@graph":[{"@type":"Article","@id":"https:\/\/tuzlainfo.ba\/index.php\/bosna-i-hercegovina\/item\/253044-becirovic-o-izetbegovicu-ostavio-nam-je-u-amanet-da-cuvamo-domovinu-zajednistvo-i-ljudskost\/#article","isPartOf":{"@id":"https:\/\/tuzlainfo.ba\/index.php\/bosna-i-hercegovina\/item\/253044-becirovic-o-izetbegovicu-ostavio-nam-je-u-amanet-da-cuvamo-domovinu-zajednistvo-i-ljudskost\/"},"author":{"name":"nedim","@id":"https:\/\/tuzlainfo.ba\/#\/schema\/person\/f434e20dc27ea133923aab08451b7f7f"},"headline":"Be\u0107irovi\u0107 o Izetbegovi\u0107u: &#8220;Ostavio nam je u amanet da \u010duvamo domovinu, zajedni\u0161tvo i ljudskost&#8221;","datePublished":"2024-10-18T19:15:47+00:00","dateModified":"2024-10-18T19:15:47+00:00","mainEntityOfPage":{"@id":"https:\/\/tuzlainfo.ba\/index.php\/bosna-i-hercegovina\/item\/253044-becirovic-o-izetbegovicu-ostavio-nam-je-u-amanet-da-cuvamo-domovinu-zajednistvo-i-ljudskost\/"},"wordCount":362,"publisher":{"@id":"https:\/\/tuzlainfo.ba\/#organization"},"image":{"@id":"https:\/\/tuzlainfo.ba\/index.php\/bosna-i-hercegovina\/item\/253044-becirovic-o-izetbegovicu-ostavio-nam-je-u-amanet-da-cuvamo-domovinu-zajednistvo-i-ljudskost\/#primaryimage"},"thumbnailUrl":"https:\/\/tuzlainfo.ba\/wp-content\/uploads\/2023\/07\/2007_denis_becirovic.jpg","keywords":["alija izetbegovi\u0107","denis becirevic"],"articleSection":["Bosna i Hercegovina"],"inLanguage":"bs-BA"},{"@type":"WebPage","@id":"https:\/\/tuzlainfo.ba\/index.php\/bosna-i-hercegovina\/item\/253044-becirovic-o-izetbegovicu-ostavio-nam-je-u-amanet-da-cuvamo-domovinu-zajednistvo-i-ljudskost\/","url":"https:\/\/tuzlainfo.ba\/index.php\/bosna-i-hercegovina\/item\/253044-becirovic-o-izetbegovicu-ostavio-nam-je-u-amanet-da-cuvamo-domovinu-zajednistvo-i-ljudskost\/","name":"Be\u0107irovi\u0107 o Izetbegovi\u0107u: \"Ostavio nam je u amanet da \u010duvamo domovinu, zajedni\u0161tvo i ljudskost\" - TuzlaInfo.ba","isPartOf":{"@id":"https:\/\/tuzlainfo.ba\/#website"},"primaryImageOfPage":{"@id":"https:\/\/tuzlainfo.ba\/index.php\/bosna-i-hercegovina\/item\/253044-becirovic-o-izetbegovicu-ostavio-nam-je-u-amanet-da-cuvamo-domovinu-zajednistvo-i-ljudskost\/#primaryimage"},"image":{"@id":"https:\/\/tuzlainfo.ba\/index.php\/bosna-i-hercegovina\/item\/253044-becirovic-o-izetbegovicu-ostavio-nam-je-u-amanet-da-cuvamo-domovinu-zajednistvo-i-ljudskost\/#primaryimage"},"thumbnailUrl":"https:\/\/tuzlainfo.ba\/wp-content\/uploads\/2023\/07\/2007_denis_becirovic.jpg","datePublished":"2024-10-18T19:15:47+00:00","dateModified":"2024-10-18T19:15:47+00:00","breadcrumb":{"@id":"https:\/\/tuzlainfo.ba\/index.php\/bosna-i-hercegovina\/item\/253044-becirovic-o-izetbegovicu-ostavio-nam-je-u-amanet-da-cuvamo-domovinu-zajednistvo-i-ljudskost\/#breadcrumb"},"inLanguage":"bs-BA","potentialAction":[{"@type":"ReadAction","target":["https:\/\/tuzlainfo.ba\/index.php\/bosna-i-hercegovina\/item\/253044-becirovic-o-izetbegovicu-ostavio-nam-je-u-amanet-da-cuvamo-domovinu-zajednistvo-i-ljudskost\/"]}]},{"@type":"ImageObject","inLanguage":"bs-BA","@id":"https:\/\/tuzlainfo.ba\/index.php\/bosna-i-hercegovina\/item\/253044-becirovic-o-izetbegovicu-ostavio-nam-je-u-amanet-da-cuvamo-domovinu-zajednistvo-i-ljudskost\/#primaryimage","url":"https:\/\/tuzlainfo.ba\/wp-content\/uploads\/2023\/07\/2007_denis_becirovic.jpg","contentUrl":"https:\/\/tuzlainfo.ba\/wp-content\/uploads\/2023\/07\/2007_denis_becirovic.jpg","width":800,"height":602},{"@type":"BreadcrumbList","@id":"https:\/\/tuzlainfo.ba\/index.php\/bosna-i-hercegovina\/item\/253044-becirovic-o-izetbegovicu-ostavio-nam-je-u-amanet-da-cuvamo-domovinu-zajednistvo-i-ljudskost\/#breadcrumb","itemListElement":[{"@type":"ListItem","position":1,"name":"Home","item":"https:\/\/tuzlainfo.ba\/"},{"@type":"ListItem","position":2,"name":"Be\u0107irovi\u0107 o Izetbegovi\u0107u: &#8220;Ostavio nam je u amanet da \u010duvamo domovinu, zajedni\u0161tvo i ljudskost&#8221;"}]},{"@type":"WebSite","@id":"https:\/\/tuzlainfo.ba\/#website","url":"https:\/\/tuzlainfo.ba\/","name":"TuzlaInfo.ba","description":"Tuzla info, gradski informator - Tuzla na dlanu","publisher":{"@id":"https:\/\/tuzlainfo.ba\/#organization"},"potentialAction":[{"@type":"SearchAction","target":{"@type":"EntryPoint","urlTemplate":"https:\/\/tuzlainfo.ba\/?s={search_term_string}"},"query-input":{"@type":"PropertyValueSpecification","valueRequired":true,"valueName":"search_term_string"}}],"inLanguage":"bs-BA"},{"@type":"Organization","@id":"https:\/\/tuzlainfo.ba\/#organization","name":"TuzlaInfo.ba","url":"https:\/\/tuzlainfo.ba\/","logo":{"@type":"ImageObject","inLanguage":"bs-BA","@id":"https:\/\/tuzlainfo.ba\/#\/schema\/logo\/image\/","url":"https:\/\/tuzlainfo.ba\/wp-content\/uploads\/2021\/03\/logo-ver-3-1.png","contentUrl":"https:\/\/tuzlainfo.ba\/wp-content\/uploads\/2021\/03\/logo-ver-3-1.png","width":350,"height":95,"caption":"TuzlaInfo.ba"},"image":{"@id":"https:\/\/tuzlainfo.ba\/#\/schema\/logo\/image\/"},"sameAs":["https:\/\/www.facebook.com\/tuzlainfo.ba\/"]},{"@type":"Person","@id":"https:\/\/tuzlainfo.ba\/#\/schema\/person\/f434e20dc27ea133923aab08451b7f7f","name":"nedim","image":{"@type":"ImageObject","inLanguage":"bs-BA","@id":"https:\/\/tuzlainfo.ba\/#\/schema\/person\/image\/","url":"https:\/\/tuzlainfo.ba\/wp-content\/litespeed\/avatar\/aabad687af24844af817603ac1cbdc4f.jpg?ver=1776702173","contentUrl":"https:\/\/tuzlainfo.ba\/wp-content\/litespeed\/avatar\/aabad687af24844af817603ac1cbdc4f.jpg?ver=1776702173","caption":"nedim"},"description":"Tuzlainfo.ba pratite na dru\u0161tvenim mre\u017eama: Facebook, Instagram i Youtube. Svoje pri\u010de, upite i fotografije \u0161aljite na na\u0161u e-mail adresu."}]}},"_links":{"self":[{"href":"https:\/\/tuzlainfo.ba\/index.php\/wp-json\/wp\/v2\/posts\/253044"}],"collection":[{"href":"https:\/\/tuzlainfo.ba\/index.php\/wp-json\/wp\/v2\/posts"}],"about":[{"href":"https:\/\/tuzlainfo.ba\/index.php\/wp-json\/wp\/v2\/types\/post"}],"author":[{"embeddable":true,"href":"https:\/\/tuzlainfo.ba\/index.php\/wp-json\/wp\/v2\/users\/2"}],"replies":[{"embeddable":true,"href":"https:\/\/tuzlainfo.ba\/index.php\/wp-json\/wp\/v2\/comments?post=253044"}],"version-history":[{"count":1,"href":"https:\/\/tuzlainfo.ba\/index.php\/wp-json\/wp\/v2\/posts\/253044\/revisions"}],"predecessor-version":[{"id":253045,"href":"https:\/\/tuzlainfo.ba\/index.php\/wp-json\/wp\/v2\/posts\/253044\/revisions\/253045"}],"wp:featuredmedia":[{"embeddable":true,"href":"https:\/\/tuzlainfo.ba\/index.php\/wp-json\/wp\/v2\/media\/211060"}],"wp:attachment":[{"href":"https:\/\/tuzlainfo.ba\/index.php\/wp-json\/wp\/v2\/media?parent=253044"}],"wp:term":[{"taxonomy":"category","embeddable":true,"href":"https:\/\/tuzlainfo.ba\/index.php\/wp-json\/wp\/v2\/categories?post=253044"},{"taxonomy":"post_tag","embeddable":true,"href":"https:\/\/tuzlainfo.ba\/index.php\/wp-json\/wp\/v2\/tags?post=253044"}],"curies":[{"name":"wp","href":"https:\/\/api.w.org\/{rel}","templated":true}]}}