{"id":252978,"date":"2024-10-18T16:25:11","date_gmt":"2024-10-18T14:25:11","guid":{"rendered":"https:\/\/tuzlainfo.ba\/?p=252978"},"modified":"2024-10-18T10:16:31","modified_gmt":"2024-10-18T08:16:31","slug":"azem-vllasi-tesko-bosni-koja-mora-slusati-dodika-cudi-me-sutnja-zvanicnog-sarajeva","status":"publish","type":"post","link":"https:\/\/tuzlainfo.ba\/index.php\/clanci\/sa-svih-strana\/item\/252978-azem-vllasi-tesko-bosni-koja-mora-slusati-dodika-cudi-me-sutnja-zvanicnog-sarajeva\/","title":{"rendered":"Azem Vllasi: &#8220;Te\u0161ko Bosni koja mora slu\u0161ati Dodika, \u010dudi me \u0161utnja zvani\u010dnog Sarajeva&#8221;"},"content":{"rendered":"<p>Republika Kosovo \u0107e od 1. januara 2025. dozvoliti gra\u0111anima Bosne i Hercegovine ulazak s li\u010dnom kartom, objavio je kosovski premijer Albin Kurti tokom samita Berlinskog procesa.<\/p>\n<p>Ova odluka prihva\u0107ena je s odobravanjem najve\u0107eg dijela gra\u0111ana Bosne i Hercegovine, ali ne i Milorada Dodika, predsjednika bh. entiteta Republika srpska, koji je zaprijetio da ne\u0107e dopustiti da se izme\u0111u Bosne i Hercegovine i Kosova uspostavi bezvizni re\u017eim i omogu\u0107i puna sloboda kretanja gra\u0111anima dvije dr\u017eave.<\/p>\n<p>Ovim povodom se oglasio Azem Vllasi, kosovski analiti\u010dar i ugledno advokat, biv\u0161i visoki politi\u010dki zvani\u010dnik:<\/p>\n<p>&#8220;Pro\u0161lo je podosta vremena otkada su svih \u0161est \u010dlanice CEFTA-e, me\u0111u njima BiH i Kosovo potpisale Sporazum o mogu\u0107nosti putovanja gra\u0111ana ovih zemalja sa li\u010dnom kartom. Sve zemlje regije primjenjuju taj Sporazum za gra\u0111ane Kosova, izuzev BiH. Kosovo je odmah bilo spremno da ga primijeni za gra\u0111ane BiH, ali ova dr\u017eava je to odbila&#8221;, podsje\u0107a Vllasi.<\/p>\n<p>Sporazum ne va\u017ei samo za gra\u0111ane Kosova.<\/p>\n<p>&#8220;Re\u017eim slobodne komunikacije gra\u0111ana nema nikakve veze s me\u0111usobnim priznanjem izme\u0111u dr\u017eava. Republika Srbija jo\u0161 nije priznala Kosovo, ali taj re\u017eim primjenjuje. Gra\u0111ani Kosova mogu s kosovskim li\u010dnim kartama da putuju u Srbiju i obratno. Jedino u BiH se za to pita i odlu\u010duje Mile Dodik?! Boji se boljih kontakata izme\u0111u Bo\u0161njaka, koje uglavnom imenuje vjerskom odrednicom muslimani, odnosno Albanaca koje naziva \u0160iptari&#8221;, dodaje Vllasi.<\/p>\n<p>Tako pokazuje otvoreno svoju netrpeljivost i mr\u017enju.<\/p>\n<p>&#8220;Vlada Kosova je odlu\u010dila da se po ovom pitanju ne pridr\u017eava reciprociteta. Gra\u0111ani BiH, dakle, ne samo Bo\u0161njaci ve\u0107 i Srbi i drugi, mogu putovati na Kosovo kao i u druge zemlje regije za koje vazi isti grani\u010dni re\u017eim. Te\u0161ko Bosni koja mora i po ovom pitanju slu\u0161ati Dodika! Jedino se on oglasio u vezi ove odluke Vlade Kosova ponavljanjem mantre da BiH nikada ne\u0107e priznati Kosovo. Valjda misli da je on vje\u010dan koliko i BiH?! \u010cudi me sutnja slu\u017ebenog Sarajeva. \u0160utnja je \u010desto znak odobravanja. Neka za to svoju vlast pitaju gra\u0111ane BiH\u201c, razo\u010darano konstatira Vllasi.<\/p>\n<p>A \u0161to se ove odluke Vlade Kosova ti\u010de, ona pokazuje da je Kosovo ozbiljna dr\u017eava i da joj je stalo do saradnje i prijateljstva sa svima u regiji.<\/p>\n<p>&#8220;Gra\u0111ani BiH su uvijek dobrodo\u0161li na Kosovo. Prijateljstvo izme\u0111u Albanaca i Bo\u0161njaka ne\u0107e naru\u0161iti ni Dodik niti \u0161utnja slu\u017eenog Sarajeva u strahu pred njim&#8221;, zaklju\u010duje Vllasi.<\/p>\n","protected":false},"excerpt":{"rendered":"<p>Republika Kosovo \u0107e od 1. januara 2025. dozvoliti gra\u0111anima Bosne i Hercegovine ulazak s li\u010dnom&hellip;<\/p>\n","protected":false},"author":3,"featured_media":189714,"comment_status":"closed","ping_status":"closed","sticky":false,"template":"","format":"standard","meta":{"_acf_changed":false,"footnotes":""},"categories":[16],"tags":[821],"acf":[],"yoast_head":"<!-- This site is optimized with the Yoast SEO plugin v23.5 - https:\/\/yoast.com\/wordpress\/plugins\/seo\/ -->\n<title>Azem Vllasi: &quot;Te\u0161ko Bosni koja mora slu\u0161ati Dodika, \u010dudi me \u0161utnja zvani\u010dnog Sarajeva&quot; - TuzlaInfo.ba<\/title>\n<meta name=\"robots\" content=\"index, follow, max-snippet:-1, max-image-preview:large, max-video-preview:-1\" \/>\n<link rel=\"canonical\" href=\"https:\/\/tuzlainfo.ba\/index.php\/clanci\/sa-svih-strana\/item\/252978-azem-vllasi-tesko-bosni-koja-mora-slusati-dodika-cudi-me-sutnja-zvanicnog-sarajeva\/\" \/>\n<meta property=\"og:locale\" content=\"bs_BA\" \/>\n<meta property=\"og:type\" content=\"article\" \/>\n<meta property=\"og:title\" content=\"Azem Vllasi: &quot;Te\u0161ko Bosni koja mora slu\u0161ati Dodika, \u010dudi me \u0161utnja zvani\u010dnog Sarajeva&quot; - TuzlaInfo.ba\" \/>\n<meta property=\"og:description\" content=\"Republika Kosovo \u0107e od 1. januara 2025. dozvoliti gra\u0111anima Bosne i Hercegovine ulazak s li\u010dnom&hellip;\" \/>\n<meta property=\"og:url\" content=\"https:\/\/tuzlainfo.ba\/index.php\/clanci\/sa-svih-strana\/item\/252978-azem-vllasi-tesko-bosni-koja-mora-slusati-dodika-cudi-me-sutnja-zvanicnog-sarajeva\/\" \/>\n<meta property=\"og:site_name\" content=\"TuzlaInfo.ba\" \/>\n<meta property=\"article:publisher\" content=\"https:\/\/www.facebook.com\/tuzlainfo.ba\/\" \/>\n<meta property=\"article:published_time\" content=\"2024-10-18T14:25:11+00:00\" \/>\n<meta property=\"article:modified_time\" content=\"2024-10-18T08:16:31+00:00\" \/>\n<meta property=\"og:image\" content=\"https:\/\/tuzlainfo.ba\/wp-content\/uploads\/2022\/11\/1811_Tribina_BKCTK-azem_vlasi-6.jpg\" \/>\n\t<meta property=\"og:image:width\" content=\"2048\" \/>\n\t<meta property=\"og:image:height\" content=\"1152\" \/>\n\t<meta property=\"og:image:type\" content=\"image\/jpeg\" \/>\n<meta name=\"author\" content=\"admin2\" \/>\n<meta name=\"twitter:card\" content=\"summary_large_image\" \/>\n<meta name=\"twitter:label1\" content=\"Written by\" \/>\n\t<meta name=\"twitter:data1\" content=\"admin2\" \/>\n\t<meta name=\"twitter:label2\" content=\"Est. reading time\" \/>\n\t<meta name=\"twitter:data2\" content=\"3 minute\" \/>\n<script type=\"application\/ld+json\" class=\"yoast-schema-graph\">{\"@context\":\"https:\/\/schema.org\",\"@graph\":[{\"@type\":\"Article\",\"@id\":\"https:\/\/tuzlainfo.ba\/index.php\/clanci\/sa-svih-strana\/item\/252978-azem-vllasi-tesko-bosni-koja-mora-slusati-dodika-cudi-me-sutnja-zvanicnog-sarajeva\/#article\",\"isPartOf\":{\"@id\":\"https:\/\/tuzlainfo.ba\/index.php\/clanci\/sa-svih-strana\/item\/252978-azem-vllasi-tesko-bosni-koja-mora-slusati-dodika-cudi-me-sutnja-zvanicnog-sarajeva\/\"},\"author\":{\"name\":\"admin2\",\"@id\":\"https:\/\/tuzlainfo.ba\/#\/schema\/person\/f4ebe4fff27e68efb65fa7e18f8af372\"},\"headline\":\"Azem Vllasi: &#8220;Te\u0161ko Bosni koja mora slu\u0161ati Dodika, \u010dudi me \u0161utnja zvani\u010dnog Sarajeva&#8221;\",\"datePublished\":\"2024-10-18T14:25:11+00:00\",\"dateModified\":\"2024-10-18T08:16:31+00:00\",\"mainEntityOfPage\":{\"@id\":\"https:\/\/tuzlainfo.ba\/index.php\/clanci\/sa-svih-strana\/item\/252978-azem-vllasi-tesko-bosni-koja-mora-slusati-dodika-cudi-me-sutnja-zvanicnog-sarajeva\/\"},\"wordCount\":449,\"publisher\":{\"@id\":\"https:\/\/tuzlainfo.ba\/#organization\"},\"image\":{\"@id\":\"https:\/\/tuzlainfo.ba\/index.php\/clanci\/sa-svih-strana\/item\/252978-azem-vllasi-tesko-bosni-koja-mora-slusati-dodika-cudi-me-sutnja-zvanicnog-sarajeva\/#primaryimage\"},\"thumbnailUrl\":\"https:\/\/tuzlainfo.ba\/wp-content\/uploads\/2022\/11\/1811_Tribina_BKCTK-azem_vlasi-6.jpg\",\"keywords\":[\"azem vlasi\"],\"articleSection\":[\"Sa svih strana\"],\"inLanguage\":\"bs-BA\"},{\"@type\":\"WebPage\",\"@id\":\"https:\/\/tuzlainfo.ba\/index.php\/clanci\/sa-svih-strana\/item\/252978-azem-vllasi-tesko-bosni-koja-mora-slusati-dodika-cudi-me-sutnja-zvanicnog-sarajeva\/\",\"url\":\"https:\/\/tuzlainfo.ba\/index.php\/clanci\/sa-svih-strana\/item\/252978-azem-vllasi-tesko-bosni-koja-mora-slusati-dodika-cudi-me-sutnja-zvanicnog-sarajeva\/\",\"name\":\"Azem Vllasi: \\\"Te\u0161ko Bosni koja mora slu\u0161ati Dodika, \u010dudi me \u0161utnja zvani\u010dnog Sarajeva\\\" - TuzlaInfo.ba\",\"isPartOf\":{\"@id\":\"https:\/\/tuzlainfo.ba\/#website\"},\"primaryImageOfPage\":{\"@id\":\"https:\/\/tuzlainfo.ba\/index.php\/clanci\/sa-svih-strana\/item\/252978-azem-vllasi-tesko-bosni-koja-mora-slusati-dodika-cudi-me-sutnja-zvanicnog-sarajeva\/#primaryimage\"},\"image\":{\"@id\":\"https:\/\/tuzlainfo.ba\/index.php\/clanci\/sa-svih-strana\/item\/252978-azem-vllasi-tesko-bosni-koja-mora-slusati-dodika-cudi-me-sutnja-zvanicnog-sarajeva\/#primaryimage\"},\"thumbnailUrl\":\"https:\/\/tuzlainfo.ba\/wp-content\/uploads\/2022\/11\/1811_Tribina_BKCTK-azem_vlasi-6.jpg\",\"datePublished\":\"2024-10-18T14:25:11+00:00\",\"dateModified\":\"2024-10-18T08:16:31+00:00\",\"breadcrumb\":{\"@id\":\"https:\/\/tuzlainfo.ba\/index.php\/clanci\/sa-svih-strana\/item\/252978-azem-vllasi-tesko-bosni-koja-mora-slusati-dodika-cudi-me-sutnja-zvanicnog-sarajeva\/#breadcrumb\"},\"inLanguage\":\"bs-BA\",\"potentialAction\":[{\"@type\":\"ReadAction\",\"target\":[\"https:\/\/tuzlainfo.ba\/index.php\/clanci\/sa-svih-strana\/item\/252978-azem-vllasi-tesko-bosni-koja-mora-slusati-dodika-cudi-me-sutnja-zvanicnog-sarajeva\/\"]}]},{\"@type\":\"ImageObject\",\"inLanguage\":\"bs-BA\",\"@id\":\"https:\/\/tuzlainfo.ba\/index.php\/clanci\/sa-svih-strana\/item\/252978-azem-vllasi-tesko-bosni-koja-mora-slusati-dodika-cudi-me-sutnja-zvanicnog-sarajeva\/#primaryimage\",\"url\":\"https:\/\/tuzlainfo.ba\/wp-content\/uploads\/2022\/11\/1811_Tribina_BKCTK-azem_vlasi-6.jpg\",\"contentUrl\":\"https:\/\/tuzlainfo.ba\/wp-content\/uploads\/2022\/11\/1811_Tribina_BKCTK-azem_vlasi-6.jpg\",\"width\":2048,\"height\":1152},{\"@type\":\"BreadcrumbList\",\"@id\":\"https:\/\/tuzlainfo.ba\/index.php\/clanci\/sa-svih-strana\/item\/252978-azem-vllasi-tesko-bosni-koja-mora-slusati-dodika-cudi-me-sutnja-zvanicnog-sarajeva\/#breadcrumb\",\"itemListElement\":[{\"@type\":\"ListItem\",\"position\":1,\"name\":\"Home\",\"item\":\"https:\/\/tuzlainfo.ba\/\"},{\"@type\":\"ListItem\",\"position\":2,\"name\":\"Azem Vllasi: &#8220;Te\u0161ko Bosni koja mora slu\u0161ati Dodika, \u010dudi me \u0161utnja zvani\u010dnog Sarajeva&#8221;\"}]},{\"@type\":\"WebSite\",\"@id\":\"https:\/\/tuzlainfo.ba\/#website\",\"url\":\"https:\/\/tuzlainfo.ba\/\",\"name\":\"TuzlaInfo.ba\",\"description\":\"Tuzla info, gradski informator - Tuzla na dlanu\",\"publisher\":{\"@id\":\"https:\/\/tuzlainfo.ba\/#organization\"},\"potentialAction\":[{\"@type\":\"SearchAction\",\"target\":{\"@type\":\"EntryPoint\",\"urlTemplate\":\"https:\/\/tuzlainfo.ba\/?s={search_term_string}\"},\"query-input\":{\"@type\":\"PropertyValueSpecification\",\"valueRequired\":true,\"valueName\":\"search_term_string\"}}],\"inLanguage\":\"bs-BA\"},{\"@type\":\"Organization\",\"@id\":\"https:\/\/tuzlainfo.ba\/#organization\",\"name\":\"TuzlaInfo.ba\",\"url\":\"https:\/\/tuzlainfo.ba\/\",\"logo\":{\"@type\":\"ImageObject\",\"inLanguage\":\"bs-BA\",\"@id\":\"https:\/\/tuzlainfo.ba\/#\/schema\/logo\/image\/\",\"url\":\"https:\/\/tuzlainfo.ba\/wp-content\/uploads\/2021\/03\/logo-ver-3-1.png\",\"contentUrl\":\"https:\/\/tuzlainfo.ba\/wp-content\/uploads\/2021\/03\/logo-ver-3-1.png\",\"width\":350,\"height\":95,\"caption\":\"TuzlaInfo.ba\"},\"image\":{\"@id\":\"https:\/\/tuzlainfo.ba\/#\/schema\/logo\/image\/\"},\"sameAs\":[\"https:\/\/www.facebook.com\/tuzlainfo.ba\/\"]},{\"@type\":\"Person\",\"@id\":\"https:\/\/tuzlainfo.ba\/#\/schema\/person\/f4ebe4fff27e68efb65fa7e18f8af372\",\"name\":\"admin2\",\"image\":{\"@type\":\"ImageObject\",\"inLanguage\":\"bs-BA\",\"@id\":\"https:\/\/tuzlainfo.ba\/#\/schema\/person\/image\/\",\"url\":\"https:\/\/tuzlainfo.ba\/wp-content\/litespeed\/avatar\/8219eeb9a43cff2d096e773737736f62.jpg?ver=1777309398\",\"contentUrl\":\"https:\/\/tuzlainfo.ba\/wp-content\/litespeed\/avatar\/8219eeb9a43cff2d096e773737736f62.jpg?ver=1777309398\",\"caption\":\"admin2\"},\"description\":\"Tuzlainfo.ba pratite na dru\u0161tvenim mre\u017eama: Facebook, Instagram i Youtube. Svoje pri\u010de, upite i fotografije \u0161aljite na na\u0161u e-mail adresu.\",\"sameAs\":[\"admin\"]}]}<\/script>\n<!-- \/ Yoast SEO plugin. -->","yoast_head_json":{"title":"Azem Vllasi: \"Te\u0161ko Bosni koja mora slu\u0161ati Dodika, \u010dudi me \u0161utnja zvani\u010dnog Sarajeva\" - TuzlaInfo.ba","robots":{"index":"index","follow":"follow","max-snippet":"max-snippet:-1","max-image-preview":"max-image-preview:large","max-video-preview":"max-video-preview:-1"},"canonical":"https:\/\/tuzlainfo.ba\/index.php\/clanci\/sa-svih-strana\/item\/252978-azem-vllasi-tesko-bosni-koja-mora-slusati-dodika-cudi-me-sutnja-zvanicnog-sarajeva\/","og_locale":"bs_BA","og_type":"article","og_title":"Azem Vllasi: \"Te\u0161ko Bosni koja mora slu\u0161ati Dodika, \u010dudi me \u0161utnja zvani\u010dnog Sarajeva\" - TuzlaInfo.ba","og_description":"Republika Kosovo \u0107e od 1. januara 2025. dozvoliti gra\u0111anima Bosne i Hercegovine ulazak s li\u010dnom&hellip;","og_url":"https:\/\/tuzlainfo.ba\/index.php\/clanci\/sa-svih-strana\/item\/252978-azem-vllasi-tesko-bosni-koja-mora-slusati-dodika-cudi-me-sutnja-zvanicnog-sarajeva\/","og_site_name":"TuzlaInfo.ba","article_publisher":"https:\/\/www.facebook.com\/tuzlainfo.ba\/","article_published_time":"2024-10-18T14:25:11+00:00","article_modified_time":"2024-10-18T08:16:31+00:00","og_image":[{"width":2048,"height":1152,"url":"https:\/\/tuzlainfo.ba\/wp-content\/uploads\/2022\/11\/1811_Tribina_BKCTK-azem_vlasi-6.jpg","type":"image\/jpeg"}],"author":"admin2","twitter_card":"summary_large_image","twitter_misc":{"Written by":"admin2","Est. reading time":"3 minute"},"schema":{"@context":"https:\/\/schema.org","@graph":[{"@type":"Article","@id":"https:\/\/tuzlainfo.ba\/index.php\/clanci\/sa-svih-strana\/item\/252978-azem-vllasi-tesko-bosni-koja-mora-slusati-dodika-cudi-me-sutnja-zvanicnog-sarajeva\/#article","isPartOf":{"@id":"https:\/\/tuzlainfo.ba\/index.php\/clanci\/sa-svih-strana\/item\/252978-azem-vllasi-tesko-bosni-koja-mora-slusati-dodika-cudi-me-sutnja-zvanicnog-sarajeva\/"},"author":{"name":"admin2","@id":"https:\/\/tuzlainfo.ba\/#\/schema\/person\/f4ebe4fff27e68efb65fa7e18f8af372"},"headline":"Azem Vllasi: &#8220;Te\u0161ko Bosni koja mora slu\u0161ati Dodika, \u010dudi me \u0161utnja zvani\u010dnog Sarajeva&#8221;","datePublished":"2024-10-18T14:25:11+00:00","dateModified":"2024-10-18T08:16:31+00:00","mainEntityOfPage":{"@id":"https:\/\/tuzlainfo.ba\/index.php\/clanci\/sa-svih-strana\/item\/252978-azem-vllasi-tesko-bosni-koja-mora-slusati-dodika-cudi-me-sutnja-zvanicnog-sarajeva\/"},"wordCount":449,"publisher":{"@id":"https:\/\/tuzlainfo.ba\/#organization"},"image":{"@id":"https:\/\/tuzlainfo.ba\/index.php\/clanci\/sa-svih-strana\/item\/252978-azem-vllasi-tesko-bosni-koja-mora-slusati-dodika-cudi-me-sutnja-zvanicnog-sarajeva\/#primaryimage"},"thumbnailUrl":"https:\/\/tuzlainfo.ba\/wp-content\/uploads\/2022\/11\/1811_Tribina_BKCTK-azem_vlasi-6.jpg","keywords":["azem vlasi"],"articleSection":["Sa svih strana"],"inLanguage":"bs-BA"},{"@type":"WebPage","@id":"https:\/\/tuzlainfo.ba\/index.php\/clanci\/sa-svih-strana\/item\/252978-azem-vllasi-tesko-bosni-koja-mora-slusati-dodika-cudi-me-sutnja-zvanicnog-sarajeva\/","url":"https:\/\/tuzlainfo.ba\/index.php\/clanci\/sa-svih-strana\/item\/252978-azem-vllasi-tesko-bosni-koja-mora-slusati-dodika-cudi-me-sutnja-zvanicnog-sarajeva\/","name":"Azem Vllasi: \"Te\u0161ko Bosni koja mora slu\u0161ati Dodika, \u010dudi me \u0161utnja zvani\u010dnog Sarajeva\" - TuzlaInfo.ba","isPartOf":{"@id":"https:\/\/tuzlainfo.ba\/#website"},"primaryImageOfPage":{"@id":"https:\/\/tuzlainfo.ba\/index.php\/clanci\/sa-svih-strana\/item\/252978-azem-vllasi-tesko-bosni-koja-mora-slusati-dodika-cudi-me-sutnja-zvanicnog-sarajeva\/#primaryimage"},"image":{"@id":"https:\/\/tuzlainfo.ba\/index.php\/clanci\/sa-svih-strana\/item\/252978-azem-vllasi-tesko-bosni-koja-mora-slusati-dodika-cudi-me-sutnja-zvanicnog-sarajeva\/#primaryimage"},"thumbnailUrl":"https:\/\/tuzlainfo.ba\/wp-content\/uploads\/2022\/11\/1811_Tribina_BKCTK-azem_vlasi-6.jpg","datePublished":"2024-10-18T14:25:11+00:00","dateModified":"2024-10-18T08:16:31+00:00","breadcrumb":{"@id":"https:\/\/tuzlainfo.ba\/index.php\/clanci\/sa-svih-strana\/item\/252978-azem-vllasi-tesko-bosni-koja-mora-slusati-dodika-cudi-me-sutnja-zvanicnog-sarajeva\/#breadcrumb"},"inLanguage":"bs-BA","potentialAction":[{"@type":"ReadAction","target":["https:\/\/tuzlainfo.ba\/index.php\/clanci\/sa-svih-strana\/item\/252978-azem-vllasi-tesko-bosni-koja-mora-slusati-dodika-cudi-me-sutnja-zvanicnog-sarajeva\/"]}]},{"@type":"ImageObject","inLanguage":"bs-BA","@id":"https:\/\/tuzlainfo.ba\/index.php\/clanci\/sa-svih-strana\/item\/252978-azem-vllasi-tesko-bosni-koja-mora-slusati-dodika-cudi-me-sutnja-zvanicnog-sarajeva\/#primaryimage","url":"https:\/\/tuzlainfo.ba\/wp-content\/uploads\/2022\/11\/1811_Tribina_BKCTK-azem_vlasi-6.jpg","contentUrl":"https:\/\/tuzlainfo.ba\/wp-content\/uploads\/2022\/11\/1811_Tribina_BKCTK-azem_vlasi-6.jpg","width":2048,"height":1152},{"@type":"BreadcrumbList","@id":"https:\/\/tuzlainfo.ba\/index.php\/clanci\/sa-svih-strana\/item\/252978-azem-vllasi-tesko-bosni-koja-mora-slusati-dodika-cudi-me-sutnja-zvanicnog-sarajeva\/#breadcrumb","itemListElement":[{"@type":"ListItem","position":1,"name":"Home","item":"https:\/\/tuzlainfo.ba\/"},{"@type":"ListItem","position":2,"name":"Azem Vllasi: &#8220;Te\u0161ko Bosni koja mora slu\u0161ati Dodika, \u010dudi me \u0161utnja zvani\u010dnog Sarajeva&#8221;"}]},{"@type":"WebSite","@id":"https:\/\/tuzlainfo.ba\/#website","url":"https:\/\/tuzlainfo.ba\/","name":"TuzlaInfo.ba","description":"Tuzla info, gradski informator - Tuzla na dlanu","publisher":{"@id":"https:\/\/tuzlainfo.ba\/#organization"},"potentialAction":[{"@type":"SearchAction","target":{"@type":"EntryPoint","urlTemplate":"https:\/\/tuzlainfo.ba\/?s={search_term_string}"},"query-input":{"@type":"PropertyValueSpecification","valueRequired":true,"valueName":"search_term_string"}}],"inLanguage":"bs-BA"},{"@type":"Organization","@id":"https:\/\/tuzlainfo.ba\/#organization","name":"TuzlaInfo.ba","url":"https:\/\/tuzlainfo.ba\/","logo":{"@type":"ImageObject","inLanguage":"bs-BA","@id":"https:\/\/tuzlainfo.ba\/#\/schema\/logo\/image\/","url":"https:\/\/tuzlainfo.ba\/wp-content\/uploads\/2021\/03\/logo-ver-3-1.png","contentUrl":"https:\/\/tuzlainfo.ba\/wp-content\/uploads\/2021\/03\/logo-ver-3-1.png","width":350,"height":95,"caption":"TuzlaInfo.ba"},"image":{"@id":"https:\/\/tuzlainfo.ba\/#\/schema\/logo\/image\/"},"sameAs":["https:\/\/www.facebook.com\/tuzlainfo.ba\/"]},{"@type":"Person","@id":"https:\/\/tuzlainfo.ba\/#\/schema\/person\/f4ebe4fff27e68efb65fa7e18f8af372","name":"admin2","image":{"@type":"ImageObject","inLanguage":"bs-BA","@id":"https:\/\/tuzlainfo.ba\/#\/schema\/person\/image\/","url":"https:\/\/tuzlainfo.ba\/wp-content\/litespeed\/avatar\/8219eeb9a43cff2d096e773737736f62.jpg?ver=1777309398","contentUrl":"https:\/\/tuzlainfo.ba\/wp-content\/litespeed\/avatar\/8219eeb9a43cff2d096e773737736f62.jpg?ver=1777309398","caption":"admin2"},"description":"Tuzlainfo.ba pratite na dru\u0161tvenim mre\u017eama: Facebook, Instagram i Youtube. Svoje pri\u010de, upite i fotografije \u0161aljite na na\u0161u e-mail adresu.","sameAs":["admin"]}]}},"_links":{"self":[{"href":"https:\/\/tuzlainfo.ba\/index.php\/wp-json\/wp\/v2\/posts\/252978"}],"collection":[{"href":"https:\/\/tuzlainfo.ba\/index.php\/wp-json\/wp\/v2\/posts"}],"about":[{"href":"https:\/\/tuzlainfo.ba\/index.php\/wp-json\/wp\/v2\/types\/post"}],"author":[{"embeddable":true,"href":"https:\/\/tuzlainfo.ba\/index.php\/wp-json\/wp\/v2\/users\/3"}],"replies":[{"embeddable":true,"href":"https:\/\/tuzlainfo.ba\/index.php\/wp-json\/wp\/v2\/comments?post=252978"}],"version-history":[{"count":1,"href":"https:\/\/tuzlainfo.ba\/index.php\/wp-json\/wp\/v2\/posts\/252978\/revisions"}],"predecessor-version":[{"id":252979,"href":"https:\/\/tuzlainfo.ba\/index.php\/wp-json\/wp\/v2\/posts\/252978\/revisions\/252979"}],"wp:featuredmedia":[{"embeddable":true,"href":"https:\/\/tuzlainfo.ba\/index.php\/wp-json\/wp\/v2\/media\/189714"}],"wp:attachment":[{"href":"https:\/\/tuzlainfo.ba\/index.php\/wp-json\/wp\/v2\/media?parent=252978"}],"wp:term":[{"taxonomy":"category","embeddable":true,"href":"https:\/\/tuzlainfo.ba\/index.php\/wp-json\/wp\/v2\/categories?post=252978"},{"taxonomy":"post_tag","embeddable":true,"href":"https:\/\/tuzlainfo.ba\/index.php\/wp-json\/wp\/v2\/tags?post=252978"}],"curies":[{"name":"wp","href":"https:\/\/api.w.org\/{rel}","templated":true}]}}