{"id":252879,"date":"2024-10-17T13:09:15","date_gmt":"2024-10-17T11:09:15","guid":{"rendered":"https:\/\/tuzlainfo.ba\/?p=252879"},"modified":"2024-10-17T17:27:22","modified_gmt":"2024-10-17T15:27:22","slug":"u-tuzli-sve-vise-korisnika-narodne-kuhinje","status":"publish","type":"post","link":"https:\/\/tuzlainfo.ba\/index.php\/novosti\/item\/252879-u-tuzli-sve-vise-korisnika-narodne-kuhinje\/","title":{"rendered":"U Tuzli sve vi\u0161e korisnika Narodne kuhinje"},"content":{"rendered":"<p>Me\u0111unarodni dan borbe protiv siroma\u0161tva i socijalne isklju\u010denosti obilje\u017eava se 17. oktobra svake godine kako bi se podigla svijest javnosti o problemu siroma\u0161tva i marginaliziranosti velikog broja ljudi.<\/p>\n<p>Sve je ve\u0107ih broj gra\u0111ana koji su na rubu siroma\u0161tva, pla\u0107e i penzije posljednjih godina ne prate rast cijena, a najte\u017ee je starijima i osobama bez ikakvih primanja, koji bez pomo\u0107i javnih kuhinja ne bi mogli pre\u017eivjeti.<\/p>\n<p>Na podru\u010dju grada Tuzla djeluje javna kuhinja u kojoj se dnevno priprema 2.840 obroka za korisnike u Tuzli, Lukavcu, Gra\u010danici, Srebreniku i Kalesiji.<\/p>\n<p>Glavni kuhar Merhametove narodne kuhinje u Tuzli Faruk Palavri\u0107 ka\u017ee da pripremaju kompletan obrok od kuhanih jela i mesa te da imaju i svoju pekaru.<\/p>\n<p>-Pripremamo i dajemo tako\u0111er suhe obroke tokom vikend da korisnici ne budu gladni, a dajemo dupli hljeb. Pored toga pripremamo obroke za stare i nepokretne, njima se obrok nosi na ku\u0107ni prag. Nikad nikoga nismo odbili da ne dobije obrok &#8211; isti\u010de Palavri\u0107 za Fenu.<\/p>\n<p>Tako\u0111er, Me\u0111unarodni forum solidarnosti &#8220;Emmaus\u201c jo\u0161 od 2017. godine provodi projekat &#8220;Jedan obrok dnevno\u201c u koji je uklju\u010deno vi\u0161e od hiljadu korisnika kojima je obrok prijeko potreban.<\/p>\n<p>Uglavnom se radi o osobama tre\u0107e \u017eivotne dobi, koje \u017eive same u udaljenim ruralnim podru\u010djima.<\/p>\n<p>Projektna koordinatorica &#8220;Jedan obrok dnevno\u201c Aldijana Mrkanovi\u0107, povodom Me\u0111unarodnog dana borbe protiv siroma\u0161tva, ka\u017ee da zajedno s volonterima dijele obroke onima kojima su u potrebi.<\/p>\n<p>&#8211; Na\u0161 tim svakodnevno dolazi na vrata s toplim obrokom i broj korisnika ovog projekta je u stalnom porastu. Ovih dana Me\u0111unarodi forum solidarnosti &#8216;Emmaus&#8217; dostavlja obroke do Civilne za\u0161tite u Konjicu i Jablanici. Dosad smo dostavili oko pet hiljada obroka i na\u0161e ekipe svakodnevno posje\u0107uju teren i vr\u0161e distribuciju pomo\u0107i koja je nephodna gra\u0111anima poslije poplava \u2013 kazala je Mrkanovi\u0107.<\/p>\n<p>Projekat &#8220;Jedan obrok dnevno\u201c se provodi na prostoru Doboj Istoka, Doboja, Gra\u010danice, Lukavca, Srebrenika, Grada\u010dca, Tuzle, Srebrenice, Bratunca i Zvornika te u Velikoj Kladu\u0161i.<\/p>\n<p>Me\u0111unarodni dan borbe protiv siroma\u0161tva obilje\u017eava se od 17. oktobra 1987. godine. Tada se vi\u0161e od sto hiljada ljudi okupilo na pari\u0161kom Trocad\u00e9ru, gdje je 1948. potpisana Op\u0107a deklaracija o ljudskim pravima. Okupili su se kako bi iskazali solidarnost sa \u017ertvama ekstremnog siroma\u0161tva, nasilja i gladi.<\/p>\n<p>Rezolucijom\u00a047\/196 usvojenom 22. decembra 1992. Op\u0107a skup\u0161tina UN-a proglasila je 17. oktobar Me\u0111unarodnim danom borbe protiv siroma\u0161tva.<\/p>\n","protected":false},"excerpt":{"rendered":"<p>Me\u0111unarodni dan borbe protiv siroma\u0161tva i socijalne isklju\u010denosti obilje\u017eava se 17. oktobra svake godine kako bi se podigla svijest javnosti o problemu siroma\u0161tva i marginaliziranosti velikog broja ljudi. Sve je ve\u0107ih broj gra\u0111ana koji su na rubu siroma\u0161tva, pla\u0107e i penzije posljednjih godina ne prate rast cijena, a najte\u017ee je starijima i osobama bez ikakvih [&hellip;]<\/p>\n","protected":false},"author":4,"featured_media":86710,"comment_status":"closed","ping_status":"closed","sticky":false,"template":"","format":"standard","meta":{"footnotes":""},"categories":[304,12],"tags":[3627,11277],"class_list":["post-252879","post","type-post","status-publish","format-standard","has-post-thumbnail","hentry","category-istaknuto","category-novosti","tag-imaret","tag-narodna-kuhinja-tuzla"],"yoast_head":"<!-- This site is optimized with the Yoast SEO plugin v28.3 - https:\/\/yoast.com\/product\/yoast-seo-wordpress\/ -->\n<title>U Tuzli sve vi\u0161e korisnika Narodne kuhinje<\/title>\n<meta name=\"robots\" content=\"index, follow, max-snippet:-1, max-image-preview:large, max-video-preview:-1\" \/>\n<link rel=\"canonical\" href=\"https:\/\/tuzlainfo.ba\/index.php\/novosti\/item\/252879-u-tuzli-sve-vise-korisnika-narodne-kuhinje\/\" \/>\n<meta property=\"og:locale\" content=\"bs_BA\" \/>\n<meta property=\"og:type\" content=\"article\" \/>\n<meta property=\"og:title\" content=\"U Tuzli sve vi\u0161e korisnika Narodne kuhinje\" \/>\n<meta property=\"og:description\" content=\"Me\u0111unarodni dan borbe protiv siroma\u0161tva i socijalne isklju\u010denosti obilje\u017eava se 17. oktobra svake godine kako bi se podigla svijest javnosti o problemu siroma\u0161tva i marginaliziranosti velikog broja ljudi. Sve je ve\u0107ih broj gra\u0111ana koji su na rubu siroma\u0161tva, pla\u0107e i penzije posljednjih godina ne prate rast cijena, a najte\u017ee je starijima i osobama bez ikakvih [&hellip;]\" \/>\n<meta property=\"og:url\" content=\"https:\/\/tuzlainfo.ba\/index.php\/novosti\/item\/252879-u-tuzli-sve-vise-korisnika-narodne-kuhinje\/\" \/>\n<meta property=\"og:site_name\" content=\"TuzlaInfo.ba\" \/>\n<meta property=\"article:publisher\" content=\"https:\/\/www.facebook.com\/tuzlainfo.ba\/\" \/>\n<meta property=\"article:published_time\" content=\"2024-10-17T11:09:15+00:00\" \/>\n<meta property=\"article:modified_time\" content=\"2024-10-17T15:27:22+00:00\" \/>\n<meta property=\"og:image\" content=\"https:\/\/tuzlainfo.ba\/wp-content\/uploads\/2021\/02\/sadrzaj_2021_20210201_2202_narodna_kuhinja.jpg\" \/>\n\t<meta property=\"og:image:width\" content=\"770\" \/>\n\t<meta property=\"og:image:height\" content=\"453\" \/>\n\t<meta property=\"og:image:type\" content=\"image\/jpeg\" \/>\n<meta name=\"author\" content=\"Tuzla Info\" \/>\n<meta name=\"twitter:card\" content=\"summary_large_image\" \/>\n<meta name=\"twitter:label1\" content=\"Written by\" \/>\n\t<meta name=\"twitter:data1\" content=\"Tuzla Info\" \/>\n\t<meta name=\"twitter:label2\" content=\"Est. reading time\" \/>\n\t<meta name=\"twitter:data2\" content=\"3 minute\" \/>\n<script type=\"application\/ld+json\" class=\"yoast-schema-graph\">{\"@context\":\"https:\\\/\\\/schema.org\",\"@graph\":[{\"@type\":\"Article\",\"@id\":\"https:\\\/\\\/tuzlainfo.ba\\\/index.php\\\/novosti\\\/item\\\/252879-u-tuzli-sve-vise-korisnika-narodne-kuhinje\\\/#article\",\"isPartOf\":{\"@id\":\"https:\\\/\\\/tuzlainfo.ba\\\/index.php\\\/novosti\\\/item\\\/252879-u-tuzli-sve-vise-korisnika-narodne-kuhinje\\\/\"},\"author\":{\"name\":\"Tuzla Info\",\"@id\":\"https:\\\/\\\/tuzlainfo.ba\\\/#\\\/schema\\\/person\\\/46cad4c57790cbc50781edd14870825a\"},\"headline\":\"U Tuzli sve vi\u0161e korisnika Narodne kuhinje\",\"datePublished\":\"2024-10-17T11:09:15+00:00\",\"dateModified\":\"2024-10-17T15:27:22+00:00\",\"mainEntityOfPage\":{\"@id\":\"https:\\\/\\\/tuzlainfo.ba\\\/index.php\\\/novosti\\\/item\\\/252879-u-tuzli-sve-vise-korisnika-narodne-kuhinje\\\/\"},\"wordCount\":420,\"publisher\":{\"@id\":\"https:\\\/\\\/tuzlainfo.ba\\\/#organization\"},\"image\":{\"@id\":\"https:\\\/\\\/tuzlainfo.ba\\\/index.php\\\/novosti\\\/item\\\/252879-u-tuzli-sve-vise-korisnika-narodne-kuhinje\\\/#primaryimage\"},\"thumbnailUrl\":\"https:\\\/\\\/tuzlainfo.ba\\\/wp-content\\\/uploads\\\/2021\\\/02\\\/sadrzaj_2021_20210201_2202_narodna_kuhinja.jpg\",\"keywords\":[\"imaret\",\"narodna kuhinja tuzla\"],\"articleSection\":[\"Istaknuto\",\"Novosti\"],\"inLanguage\":\"bs-BA\",\"copyrightYear\":\"2024\",\"copyrightHolder\":{\"@id\":\"https:\\\/\\\/tuzlainfo.ba\\\/#organization\"}},{\"@type\":\"WebPage\",\"@id\":\"https:\\\/\\\/tuzlainfo.ba\\\/index.php\\\/novosti\\\/item\\\/252879-u-tuzli-sve-vise-korisnika-narodne-kuhinje\\\/\",\"url\":\"https:\\\/\\\/tuzlainfo.ba\\\/index.php\\\/novosti\\\/item\\\/252879-u-tuzli-sve-vise-korisnika-narodne-kuhinje\\\/\",\"name\":\"U Tuzli sve vi\u0161e korisnika Narodne kuhinje\",\"isPartOf\":{\"@id\":\"https:\\\/\\\/tuzlainfo.ba\\\/#website\"},\"primaryImageOfPage\":{\"@id\":\"https:\\\/\\\/tuzlainfo.ba\\\/index.php\\\/novosti\\\/item\\\/252879-u-tuzli-sve-vise-korisnika-narodne-kuhinje\\\/#primaryimage\"},\"image\":{\"@id\":\"https:\\\/\\\/tuzlainfo.ba\\\/index.php\\\/novosti\\\/item\\\/252879-u-tuzli-sve-vise-korisnika-narodne-kuhinje\\\/#primaryimage\"},\"thumbnailUrl\":\"https:\\\/\\\/tuzlainfo.ba\\\/wp-content\\\/uploads\\\/2021\\\/02\\\/sadrzaj_2021_20210201_2202_narodna_kuhinja.jpg\",\"datePublished\":\"2024-10-17T11:09:15+00:00\",\"dateModified\":\"2024-10-17T15:27:22+00:00\",\"breadcrumb\":{\"@id\":\"https:\\\/\\\/tuzlainfo.ba\\\/index.php\\\/novosti\\\/item\\\/252879-u-tuzli-sve-vise-korisnika-narodne-kuhinje\\\/#breadcrumb\"},\"inLanguage\":\"bs-BA\",\"potentialAction\":[{\"@type\":\"ReadAction\",\"target\":[\"https:\\\/\\\/tuzlainfo.ba\\\/index.php\\\/novosti\\\/item\\\/252879-u-tuzli-sve-vise-korisnika-narodne-kuhinje\\\/\"]}]},{\"@type\":\"ImageObject\",\"inLanguage\":\"bs-BA\",\"@id\":\"https:\\\/\\\/tuzlainfo.ba\\\/index.php\\\/novosti\\\/item\\\/252879-u-tuzli-sve-vise-korisnika-narodne-kuhinje\\\/#primaryimage\",\"url\":\"https:\\\/\\\/tuzlainfo.ba\\\/wp-content\\\/uploads\\\/2021\\\/02\\\/sadrzaj_2021_20210201_2202_narodna_kuhinja.jpg\",\"contentUrl\":\"https:\\\/\\\/tuzlainfo.ba\\\/wp-content\\\/uploads\\\/2021\\\/02\\\/sadrzaj_2021_20210201_2202_narodna_kuhinja.jpg\",\"width\":770,\"height\":453,\"caption\":\"2202 narodna kuhinja\"},{\"@type\":\"BreadcrumbList\",\"@id\":\"https:\\\/\\\/tuzlainfo.ba\\\/index.php\\\/novosti\\\/item\\\/252879-u-tuzli-sve-vise-korisnika-narodne-kuhinje\\\/#breadcrumb\",\"itemListElement\":[{\"@type\":\"ListItem\",\"position\":1,\"name\":\"Home\",\"item\":\"https:\\\/\\\/tuzlainfo.ba\\\/\"},{\"@type\":\"ListItem\",\"position\":2,\"name\":\"U Tuzli sve vi\u0161e korisnika Narodne kuhinje\"}]},{\"@type\":\"WebSite\",\"@id\":\"https:\\\/\\\/tuzlainfo.ba\\\/#website\",\"url\":\"https:\\\/\\\/tuzlainfo.ba\\\/\",\"name\":\"TuzlaInfo.ba\",\"description\":\"Tuzla info, gradski informator - Tuzla na dlanu\",\"publisher\":{\"@id\":\"https:\\\/\\\/tuzlainfo.ba\\\/#organization\"},\"potentialAction\":[{\"@type\":\"SearchAction\",\"target\":{\"@type\":\"EntryPoint\",\"urlTemplate\":\"https:\\\/\\\/tuzlainfo.ba\\\/?s={search_term_string}\"},\"query-input\":{\"@type\":\"PropertyValueSpecification\",\"valueRequired\":true,\"valueName\":\"search_term_string\"}}],\"inLanguage\":\"bs-BA\"},{\"@type\":\"Organization\",\"@id\":\"https:\\\/\\\/tuzlainfo.ba\\\/#organization\",\"name\":\"TuzlaInfo.ba\",\"url\":\"https:\\\/\\\/tuzlainfo.ba\\\/\",\"logo\":{\"@type\":\"ImageObject\",\"inLanguage\":\"bs-BA\",\"@id\":\"https:\\\/\\\/tuzlainfo.ba\\\/#\\\/schema\\\/logo\\\/image\\\/\",\"url\":\"https:\\\/\\\/tuzlainfo.ba\\\/wp-content\\\/uploads\\\/2021\\\/03\\\/logo-ver-3-1.png\",\"contentUrl\":\"https:\\\/\\\/tuzlainfo.ba\\\/wp-content\\\/uploads\\\/2021\\\/03\\\/logo-ver-3-1.png\",\"width\":350,\"height\":95,\"caption\":\"TuzlaInfo.ba\"},\"image\":{\"@id\":\"https:\\\/\\\/tuzlainfo.ba\\\/#\\\/schema\\\/logo\\\/image\\\/\"},\"sameAs\":[\"https:\\\/\\\/www.facebook.com\\\/tuzlainfo.ba\\\/\"]},{\"@type\":\"Person\",\"@id\":\"https:\\\/\\\/tuzlainfo.ba\\\/#\\\/schema\\\/person\\\/46cad4c57790cbc50781edd14870825a\",\"name\":\"Tuzla Info\",\"image\":{\"@type\":\"ImageObject\",\"inLanguage\":\"bs-BA\",\"@id\":\"https:\\\/\\\/secure.gravatar.com\\\/avatar\\\/e980921b00fa2e552723a2386544734ce6885d2b2304ccca3f45186f9ca4031d?s=96&d=mm&r=g\",\"url\":\"https:\\\/\\\/secure.gravatar.com\\\/avatar\\\/e980921b00fa2e552723a2386544734ce6885d2b2304ccca3f45186f9ca4031d?s=96&d=mm&r=g\",\"contentUrl\":\"https:\\\/\\\/secure.gravatar.com\\\/avatar\\\/e980921b00fa2e552723a2386544734ce6885d2b2304ccca3f45186f9ca4031d?s=96&d=mm&r=g\",\"caption\":\"Tuzla Info\"}}]}<\/script>\n<!-- \/ Yoast SEO plugin. -->","yoast_head_json":{"title":"U Tuzli sve vi\u0161e korisnika Narodne kuhinje","robots":{"index":"index","follow":"follow","max-snippet":"max-snippet:-1","max-image-preview":"max-image-preview:large","max-video-preview":"max-video-preview:-1"},"canonical":"https:\/\/tuzlainfo.ba\/index.php\/novosti\/item\/252879-u-tuzli-sve-vise-korisnika-narodne-kuhinje\/","og_locale":"bs_BA","og_type":"article","og_title":"U Tuzli sve vi\u0161e korisnika Narodne kuhinje","og_description":"Me\u0111unarodni dan borbe protiv siroma\u0161tva i socijalne isklju\u010denosti obilje\u017eava se 17. oktobra svake godine kako bi se podigla svijest javnosti o problemu siroma\u0161tva i marginaliziranosti velikog broja ljudi. Sve je ve\u0107ih broj gra\u0111ana koji su na rubu siroma\u0161tva, pla\u0107e i penzije posljednjih godina ne prate rast cijena, a najte\u017ee je starijima i osobama bez ikakvih [&hellip;]","og_url":"https:\/\/tuzlainfo.ba\/index.php\/novosti\/item\/252879-u-tuzli-sve-vise-korisnika-narodne-kuhinje\/","og_site_name":"TuzlaInfo.ba","article_publisher":"https:\/\/www.facebook.com\/tuzlainfo.ba\/","article_published_time":"2024-10-17T11:09:15+00:00","article_modified_time":"2024-10-17T15:27:22+00:00","og_image":[{"width":770,"height":453,"url":"https:\/\/tuzlainfo.ba\/wp-content\/uploads\/2021\/02\/sadrzaj_2021_20210201_2202_narodna_kuhinja.jpg","type":"image\/jpeg"}],"author":"Tuzla Info","twitter_card":"summary_large_image","twitter_misc":{"Written by":"Tuzla Info","Est. reading time":"3 minute"},"schema":{"@context":"https:\/\/schema.org","@graph":[{"@type":"Article","@id":"https:\/\/tuzlainfo.ba\/index.php\/novosti\/item\/252879-u-tuzli-sve-vise-korisnika-narodne-kuhinje\/#article","isPartOf":{"@id":"https:\/\/tuzlainfo.ba\/index.php\/novosti\/item\/252879-u-tuzli-sve-vise-korisnika-narodne-kuhinje\/"},"author":{"name":"Tuzla Info","@id":"https:\/\/tuzlainfo.ba\/#\/schema\/person\/46cad4c57790cbc50781edd14870825a"},"headline":"U Tuzli sve vi\u0161e korisnika Narodne kuhinje","datePublished":"2024-10-17T11:09:15+00:00","dateModified":"2024-10-17T15:27:22+00:00","mainEntityOfPage":{"@id":"https:\/\/tuzlainfo.ba\/index.php\/novosti\/item\/252879-u-tuzli-sve-vise-korisnika-narodne-kuhinje\/"},"wordCount":420,"publisher":{"@id":"https:\/\/tuzlainfo.ba\/#organization"},"image":{"@id":"https:\/\/tuzlainfo.ba\/index.php\/novosti\/item\/252879-u-tuzli-sve-vise-korisnika-narodne-kuhinje\/#primaryimage"},"thumbnailUrl":"https:\/\/tuzlainfo.ba\/wp-content\/uploads\/2021\/02\/sadrzaj_2021_20210201_2202_narodna_kuhinja.jpg","keywords":["imaret","narodna kuhinja tuzla"],"articleSection":["Istaknuto","Novosti"],"inLanguage":"bs-BA","copyrightYear":"2024","copyrightHolder":{"@id":"https:\/\/tuzlainfo.ba\/#organization"}},{"@type":"WebPage","@id":"https:\/\/tuzlainfo.ba\/index.php\/novosti\/item\/252879-u-tuzli-sve-vise-korisnika-narodne-kuhinje\/","url":"https:\/\/tuzlainfo.ba\/index.php\/novosti\/item\/252879-u-tuzli-sve-vise-korisnika-narodne-kuhinje\/","name":"U Tuzli sve vi\u0161e korisnika Narodne kuhinje","isPartOf":{"@id":"https:\/\/tuzlainfo.ba\/#website"},"primaryImageOfPage":{"@id":"https:\/\/tuzlainfo.ba\/index.php\/novosti\/item\/252879-u-tuzli-sve-vise-korisnika-narodne-kuhinje\/#primaryimage"},"image":{"@id":"https:\/\/tuzlainfo.ba\/index.php\/novosti\/item\/252879-u-tuzli-sve-vise-korisnika-narodne-kuhinje\/#primaryimage"},"thumbnailUrl":"https:\/\/tuzlainfo.ba\/wp-content\/uploads\/2021\/02\/sadrzaj_2021_20210201_2202_narodna_kuhinja.jpg","datePublished":"2024-10-17T11:09:15+00:00","dateModified":"2024-10-17T15:27:22+00:00","breadcrumb":{"@id":"https:\/\/tuzlainfo.ba\/index.php\/novosti\/item\/252879-u-tuzli-sve-vise-korisnika-narodne-kuhinje\/#breadcrumb"},"inLanguage":"bs-BA","potentialAction":[{"@type":"ReadAction","target":["https:\/\/tuzlainfo.ba\/index.php\/novosti\/item\/252879-u-tuzli-sve-vise-korisnika-narodne-kuhinje\/"]}]},{"@type":"ImageObject","inLanguage":"bs-BA","@id":"https:\/\/tuzlainfo.ba\/index.php\/novosti\/item\/252879-u-tuzli-sve-vise-korisnika-narodne-kuhinje\/#primaryimage","url":"https:\/\/tuzlainfo.ba\/wp-content\/uploads\/2021\/02\/sadrzaj_2021_20210201_2202_narodna_kuhinja.jpg","contentUrl":"https:\/\/tuzlainfo.ba\/wp-content\/uploads\/2021\/02\/sadrzaj_2021_20210201_2202_narodna_kuhinja.jpg","width":770,"height":453,"caption":"2202 narodna kuhinja"},{"@type":"BreadcrumbList","@id":"https:\/\/tuzlainfo.ba\/index.php\/novosti\/item\/252879-u-tuzli-sve-vise-korisnika-narodne-kuhinje\/#breadcrumb","itemListElement":[{"@type":"ListItem","position":1,"name":"Home","item":"https:\/\/tuzlainfo.ba\/"},{"@type":"ListItem","position":2,"name":"U Tuzli sve vi\u0161e korisnika Narodne kuhinje"}]},{"@type":"WebSite","@id":"https:\/\/tuzlainfo.ba\/#website","url":"https:\/\/tuzlainfo.ba\/","name":"TuzlaInfo.ba","description":"Tuzla info, gradski informator - Tuzla na dlanu","publisher":{"@id":"https:\/\/tuzlainfo.ba\/#organization"},"potentialAction":[{"@type":"SearchAction","target":{"@type":"EntryPoint","urlTemplate":"https:\/\/tuzlainfo.ba\/?s={search_term_string}"},"query-input":{"@type":"PropertyValueSpecification","valueRequired":true,"valueName":"search_term_string"}}],"inLanguage":"bs-BA"},{"@type":"Organization","@id":"https:\/\/tuzlainfo.ba\/#organization","name":"TuzlaInfo.ba","url":"https:\/\/tuzlainfo.ba\/","logo":{"@type":"ImageObject","inLanguage":"bs-BA","@id":"https:\/\/tuzlainfo.ba\/#\/schema\/logo\/image\/","url":"https:\/\/tuzlainfo.ba\/wp-content\/uploads\/2021\/03\/logo-ver-3-1.png","contentUrl":"https:\/\/tuzlainfo.ba\/wp-content\/uploads\/2021\/03\/logo-ver-3-1.png","width":350,"height":95,"caption":"TuzlaInfo.ba"},"image":{"@id":"https:\/\/tuzlainfo.ba\/#\/schema\/logo\/image\/"},"sameAs":["https:\/\/www.facebook.com\/tuzlainfo.ba\/"]},{"@type":"Person","@id":"https:\/\/tuzlainfo.ba\/#\/schema\/person\/46cad4c57790cbc50781edd14870825a","name":"Tuzla Info","image":{"@type":"ImageObject","inLanguage":"bs-BA","@id":"https:\/\/secure.gravatar.com\/avatar\/e980921b00fa2e552723a2386544734ce6885d2b2304ccca3f45186f9ca4031d?s=96&d=mm&r=g","url":"https:\/\/secure.gravatar.com\/avatar\/e980921b00fa2e552723a2386544734ce6885d2b2304ccca3f45186f9ca4031d?s=96&d=mm&r=g","contentUrl":"https:\/\/secure.gravatar.com\/avatar\/e980921b00fa2e552723a2386544734ce6885d2b2304ccca3f45186f9ca4031d?s=96&d=mm&r=g","caption":"Tuzla Info"}}]}},"_links":{"self":[{"href":"https:\/\/tuzlainfo.ba\/index.php\/wp-json\/wp\/v2\/posts\/252879","targetHints":{"allow":["GET"]}}],"collection":[{"href":"https:\/\/tuzlainfo.ba\/index.php\/wp-json\/wp\/v2\/posts"}],"about":[{"href":"https:\/\/tuzlainfo.ba\/index.php\/wp-json\/wp\/v2\/types\/post"}],"author":[{"embeddable":true,"href":"https:\/\/tuzlainfo.ba\/index.php\/wp-json\/wp\/v2\/users\/4"}],"replies":[{"embeddable":true,"href":"https:\/\/tuzlainfo.ba\/index.php\/wp-json\/wp\/v2\/comments?post=252879"}],"version-history":[{"count":2,"href":"https:\/\/tuzlainfo.ba\/index.php\/wp-json\/wp\/v2\/posts\/252879\/revisions"}],"predecessor-version":[{"id":252920,"href":"https:\/\/tuzlainfo.ba\/index.php\/wp-json\/wp\/v2\/posts\/252879\/revisions\/252920"}],"wp:featuredmedia":[{"embeddable":true,"href":"https:\/\/tuzlainfo.ba\/index.php\/wp-json\/wp\/v2\/media\/86710"}],"wp:attachment":[{"href":"https:\/\/tuzlainfo.ba\/index.php\/wp-json\/wp\/v2\/media?parent=252879"}],"wp:term":[{"taxonomy":"category","embeddable":true,"href":"https:\/\/tuzlainfo.ba\/index.php\/wp-json\/wp\/v2\/categories?post=252879"},{"taxonomy":"post_tag","embeddable":true,"href":"https:\/\/tuzlainfo.ba\/index.php\/wp-json\/wp\/v2\/tags?post=252879"}],"curies":[{"name":"wp","href":"https:\/\/api.w.org\/{rel}","templated":true}]}}