{"id":252735,"date":"2024-10-15T20:49:04","date_gmt":"2024-10-15T18:49:04","guid":{"rendered":"https:\/\/tuzlainfo.ba\/?p=252735"},"modified":"2024-10-15T20:49:04","modified_gmt":"2024-10-15T18:49:04","slug":"video-moze-li-azmir-husic-sa-slobodom-ponoviti-uspjeh-iz-2016-godine","status":"publish","type":"post","link":"https:\/\/tuzlainfo.ba\/index.php\/novosti\/item\/252735-video-moze-li-azmir-husic-sa-slobodom-ponoviti-uspjeh-iz-2016-godine\/","title":{"rendered":"VIDEO \/ Mo\u017ee li Azmir Husi\u0107 sa Slobodom ponoviti uspjeh iz 2016. godine?"},"content":{"rendered":"<p>Nedavno je Azmir Husi\u0107 imenovan za predsjednika FK Sloboda iz Tuzle koji nije ba\u0161 u zavidnoj situaciji kada je u pitanju stanje na tabeli gdje trenutno zauzimaju pretposljednje mjesto.<\/p>\n<p>Ni stanje unutar kluba nije zadovoljavaju\u0107e budu\u0107i da je klupski ra\u010dun blokiran, a da su dugovanja vi\u0161emilionska. No, uzimaju\u0107i u obzir situaciju kada je Husi\u0107 vodio ovaj tuzlanski klub od prije nekoliko godina, i kada je Sloboda bila u vrhu bh. fudbala i igrala evropska takmi\u010denja ne treba sumnjati, da \u0107e za Crveno -crne u narednom periodu do\u0107i bolji dani.<\/p>\n<p>Iako je Sloboda u borbi za opstanak, nova Uprava u\u010dinit \u0107e sve da crveni \u2013 crne vrati na stare staze slave.<br \/>\nHusi\u0107 je podsjetio i na prethodno iskustvo sa preuzimanjem Slobode, kada je ovaj klub 2012. godine bio u sli\u010dnoj situaciji a on preuzeo predsjedni\u010dku funkciju. U toj sezoni nije bilo uspjeha, ali ve\u0107 naredne godine stvari su krenule u pozitivnom smjeru.<\/p>\n<p>Iako je sada 2024. godina situacija u Rudarskoj dva nije mnogo bolja. No, uz ulaganja, trud i zalaganje uspjeh ne bi trebao izostati. U svim segmentima.<\/p>\n<p>Reprezentativnu pauzu stru\u010dni \u0161tab i fudbaleri Slobode koriste kako bi se \u0161to bolje pripremili za utakmice koje predstoje. U narednom periodu namjeravaju pokazati da uz dobru igru zacrtani ciljevi nisu neostvarivi.<\/p>\n<div style=\"width: 640px;\" class=\"wp-video\"><!--[if lt IE 9]><script>document.createElement('video');<\/script><![endif]-->\n<video class=\"wp-video-shortcode\" id=\"video-252735-1\" width=\"640\" height=\"360\" preload=\"metadata\" controls=\"controls\"><source type=\"video\/mp4\" src=\"https:\/\/media.federalna.ba\/storage\/2024\/oktobar\/14.10.2024\/sport%20sloboda.mp4?_=1\" \/><a href=\"https:\/\/media.federalna.ba\/storage\/2024\/oktobar\/14.10.2024\/sport%20sloboda.mp4\">https:\/\/media.federalna.ba\/storage\/2024\/oktobar\/14.10.2024\/sport%20sloboda.mp4<\/a><\/video><\/div>\n<p>U narednoj utakmici u okviru Premijer lige Bosne i Hercegovine Sloboda \u0107e na gostovanje ekipi GO\u0160K-a.<\/p>\n<p>I fudbaleri ambiciozno ulaze u nastavak Prvenstva i \u017eele, ka\u017eu nam, napraviti iskorak vrijedan pa\u017enje. Upravo taj iskorak i prekretnica o\u010dekuje se u narednom susretu.<\/p>\n<p>U proteklom periodu, odnosno dolaskom nove Uprave u klub su stigli i novi igra\u010di koji \u0107e svojim vi\u0161egodi\u0161njim iskustvom pomo\u0107i da se stanje u Slobodi stabilizuje. Me\u0111u njima su Adnan D\u017eafi\u0107, Petar Bojo, Tarik Isi\u0107, Enedin Mulali\u0107 i Ahmed Said.<\/p>\n","protected":false},"excerpt":{"rendered":"<p>Nedavno je Azmir Husi\u0107 imenovan za predsjednika FK Sloboda iz Tuzle koji nije ba\u0161 u&hellip;<\/p>\n","protected":false},"author":2,"featured_media":252736,"comment_status":"closed","ping_status":"closed","sticky":false,"template":"","format":"standard","meta":{"_acf_changed":false,"footnotes":""},"categories":[304,12],"tags":[4807,466,915],"acf":[],"yoast_head":"<!-- This site is optimized with the Yoast SEO plugin v23.5 - https:\/\/yoast.com\/wordpress\/plugins\/seo\/ -->\n<title>VIDEO \/ Mo\u017ee li Azmir Husi\u0107 sa Slobodom ponoviti uspjeh iz 2016. godine? - TuzlaInfo.ba<\/title>\n<meta name=\"robots\" content=\"index, follow, max-snippet:-1, max-image-preview:large, max-video-preview:-1\" \/>\n<link rel=\"canonical\" href=\"https:\/\/tuzlainfo.ba\/index.php\/novosti\/item\/252735-video-moze-li-azmir-husic-sa-slobodom-ponoviti-uspjeh-iz-2016-godine\/\" \/>\n<meta property=\"og:locale\" content=\"bs_BA\" \/>\n<meta property=\"og:type\" content=\"article\" \/>\n<meta property=\"og:title\" content=\"VIDEO \/ Mo\u017ee li Azmir Husi\u0107 sa Slobodom ponoviti uspjeh iz 2016. godine? - TuzlaInfo.ba\" \/>\n<meta property=\"og:description\" content=\"Nedavno je Azmir Husi\u0107 imenovan za predsjednika FK Sloboda iz Tuzle koji nije ba\u0161 u&hellip;\" \/>\n<meta property=\"og:url\" content=\"https:\/\/tuzlainfo.ba\/index.php\/novosti\/item\/252735-video-moze-li-azmir-husic-sa-slobodom-ponoviti-uspjeh-iz-2016-godine\/\" \/>\n<meta property=\"og:site_name\" content=\"TuzlaInfo.ba\" \/>\n<meta property=\"article:publisher\" content=\"https:\/\/www.facebook.com\/tuzlainfo.ba\/\" \/>\n<meta property=\"article:published_time\" content=\"2024-10-15T18:49:04+00:00\" \/>\n<meta property=\"og:image\" content=\"https:\/\/tuzlainfo.ba\/wp-content\/uploads\/2024\/10\/1510_husic.jpg\" \/>\n\t<meta property=\"og:image:width\" content=\"970\" \/>\n\t<meta property=\"og:image:height\" content=\"650\" \/>\n\t<meta property=\"og:image:type\" content=\"image\/jpeg\" \/>\n<meta name=\"author\" content=\"nedim\" \/>\n<meta name=\"twitter:card\" content=\"summary_large_image\" \/>\n<meta name=\"twitter:label1\" content=\"Written by\" \/>\n\t<meta name=\"twitter:data1\" content=\"nedim\" \/>\n\t<meta name=\"twitter:label2\" content=\"Est. reading time\" \/>\n\t<meta name=\"twitter:data2\" content=\"2 minute\" \/>\n<script type=\"application\/ld+json\" class=\"yoast-schema-graph\">{\"@context\":\"https:\/\/schema.org\",\"@graph\":[{\"@type\":\"Article\",\"@id\":\"https:\/\/tuzlainfo.ba\/index.php\/novosti\/item\/252735-video-moze-li-azmir-husic-sa-slobodom-ponoviti-uspjeh-iz-2016-godine\/#article\",\"isPartOf\":{\"@id\":\"https:\/\/tuzlainfo.ba\/index.php\/novosti\/item\/252735-video-moze-li-azmir-husic-sa-slobodom-ponoviti-uspjeh-iz-2016-godine\/\"},\"author\":{\"name\":\"nedim\",\"@id\":\"https:\/\/tuzlainfo.ba\/#\/schema\/person\/f434e20dc27ea133923aab08451b7f7f\"},\"headline\":\"VIDEO \/ Mo\u017ee li Azmir Husi\u0107 sa Slobodom ponoviti uspjeh iz 2016. godine?\",\"datePublished\":\"2024-10-15T18:49:04+00:00\",\"dateModified\":\"2024-10-15T18:49:04+00:00\",\"mainEntityOfPage\":{\"@id\":\"https:\/\/tuzlainfo.ba\/index.php\/novosti\/item\/252735-video-moze-li-azmir-husic-sa-slobodom-ponoviti-uspjeh-iz-2016-godine\/\"},\"wordCount\":328,\"publisher\":{\"@id\":\"https:\/\/tuzlainfo.ba\/#organization\"},\"image\":{\"@id\":\"https:\/\/tuzlainfo.ba\/index.php\/novosti\/item\/252735-video-moze-li-azmir-husic-sa-slobodom-ponoviti-uspjeh-iz-2016-godine\/#primaryimage\"},\"thumbnailUrl\":\"https:\/\/tuzlainfo.ba\/wp-content\/uploads\/2024\/10\/1510_husic.jpg\",\"keywords\":[\"azmir husic\",\"fk sloboda\",\"sport\"],\"articleSection\":[\"Istaknuto\",\"Novosti\"],\"inLanguage\":\"bs-BA\"},{\"@type\":\"WebPage\",\"@id\":\"https:\/\/tuzlainfo.ba\/index.php\/novosti\/item\/252735-video-moze-li-azmir-husic-sa-slobodom-ponoviti-uspjeh-iz-2016-godine\/\",\"url\":\"https:\/\/tuzlainfo.ba\/index.php\/novosti\/item\/252735-video-moze-li-azmir-husic-sa-slobodom-ponoviti-uspjeh-iz-2016-godine\/\",\"name\":\"VIDEO \/ Mo\u017ee li Azmir Husi\u0107 sa Slobodom ponoviti uspjeh iz 2016. godine? - TuzlaInfo.ba\",\"isPartOf\":{\"@id\":\"https:\/\/tuzlainfo.ba\/#website\"},\"primaryImageOfPage\":{\"@id\":\"https:\/\/tuzlainfo.ba\/index.php\/novosti\/item\/252735-video-moze-li-azmir-husic-sa-slobodom-ponoviti-uspjeh-iz-2016-godine\/#primaryimage\"},\"image\":{\"@id\":\"https:\/\/tuzlainfo.ba\/index.php\/novosti\/item\/252735-video-moze-li-azmir-husic-sa-slobodom-ponoviti-uspjeh-iz-2016-godine\/#primaryimage\"},\"thumbnailUrl\":\"https:\/\/tuzlainfo.ba\/wp-content\/uploads\/2024\/10\/1510_husic.jpg\",\"datePublished\":\"2024-10-15T18:49:04+00:00\",\"dateModified\":\"2024-10-15T18:49:04+00:00\",\"breadcrumb\":{\"@id\":\"https:\/\/tuzlainfo.ba\/index.php\/novosti\/item\/252735-video-moze-li-azmir-husic-sa-slobodom-ponoviti-uspjeh-iz-2016-godine\/#breadcrumb\"},\"inLanguage\":\"bs-BA\",\"potentialAction\":[{\"@type\":\"ReadAction\",\"target\":[\"https:\/\/tuzlainfo.ba\/index.php\/novosti\/item\/252735-video-moze-li-azmir-husic-sa-slobodom-ponoviti-uspjeh-iz-2016-godine\/\"]}]},{\"@type\":\"ImageObject\",\"inLanguage\":\"bs-BA\",\"@id\":\"https:\/\/tuzlainfo.ba\/index.php\/novosti\/item\/252735-video-moze-li-azmir-husic-sa-slobodom-ponoviti-uspjeh-iz-2016-godine\/#primaryimage\",\"url\":\"https:\/\/tuzlainfo.ba\/wp-content\/uploads\/2024\/10\/1510_husic.jpg\",\"contentUrl\":\"https:\/\/tuzlainfo.ba\/wp-content\/uploads\/2024\/10\/1510_husic.jpg\",\"width\":970,\"height\":650},{\"@type\":\"BreadcrumbList\",\"@id\":\"https:\/\/tuzlainfo.ba\/index.php\/novosti\/item\/252735-video-moze-li-azmir-husic-sa-slobodom-ponoviti-uspjeh-iz-2016-godine\/#breadcrumb\",\"itemListElement\":[{\"@type\":\"ListItem\",\"position\":1,\"name\":\"Home\",\"item\":\"https:\/\/tuzlainfo.ba\/\"},{\"@type\":\"ListItem\",\"position\":2,\"name\":\"VIDEO \/ Mo\u017ee li Azmir Husi\u0107 sa Slobodom ponoviti uspjeh iz 2016. godine?\"}]},{\"@type\":\"WebSite\",\"@id\":\"https:\/\/tuzlainfo.ba\/#website\",\"url\":\"https:\/\/tuzlainfo.ba\/\",\"name\":\"TuzlaInfo.ba\",\"description\":\"Tuzla info, gradski informator - Tuzla na dlanu\",\"publisher\":{\"@id\":\"https:\/\/tuzlainfo.ba\/#organization\"},\"potentialAction\":[{\"@type\":\"SearchAction\",\"target\":{\"@type\":\"EntryPoint\",\"urlTemplate\":\"https:\/\/tuzlainfo.ba\/?s={search_term_string}\"},\"query-input\":{\"@type\":\"PropertyValueSpecification\",\"valueRequired\":true,\"valueName\":\"search_term_string\"}}],\"inLanguage\":\"bs-BA\"},{\"@type\":\"Organization\",\"@id\":\"https:\/\/tuzlainfo.ba\/#organization\",\"name\":\"TuzlaInfo.ba\",\"url\":\"https:\/\/tuzlainfo.ba\/\",\"logo\":{\"@type\":\"ImageObject\",\"inLanguage\":\"bs-BA\",\"@id\":\"https:\/\/tuzlainfo.ba\/#\/schema\/logo\/image\/\",\"url\":\"https:\/\/tuzlainfo.ba\/wp-content\/uploads\/2021\/03\/logo-ver-3-1.png\",\"contentUrl\":\"https:\/\/tuzlainfo.ba\/wp-content\/uploads\/2021\/03\/logo-ver-3-1.png\",\"width\":350,\"height\":95,\"caption\":\"TuzlaInfo.ba\"},\"image\":{\"@id\":\"https:\/\/tuzlainfo.ba\/#\/schema\/logo\/image\/\"},\"sameAs\":[\"https:\/\/www.facebook.com\/tuzlainfo.ba\/\"]},{\"@type\":\"Person\",\"@id\":\"https:\/\/tuzlainfo.ba\/#\/schema\/person\/f434e20dc27ea133923aab08451b7f7f\",\"name\":\"nedim\",\"image\":{\"@type\":\"ImageObject\",\"inLanguage\":\"bs-BA\",\"@id\":\"https:\/\/tuzlainfo.ba\/#\/schema\/person\/image\/\",\"url\":\"https:\/\/tuzlainfo.ba\/wp-content\/litespeed\/avatar\/aabad687af24844af817603ac1cbdc4f.jpg?ver=1776702173\",\"contentUrl\":\"https:\/\/tuzlainfo.ba\/wp-content\/litespeed\/avatar\/aabad687af24844af817603ac1cbdc4f.jpg?ver=1776702173\",\"caption\":\"nedim\"},\"description\":\"Tuzlainfo.ba pratite na dru\u0161tvenim mre\u017eama: Facebook, Instagram i Youtube. Svoje pri\u010de, upite i fotografije \u0161aljite na na\u0161u e-mail adresu.\"}]}<\/script>\n<!-- \/ Yoast SEO plugin. -->","yoast_head_json":{"title":"VIDEO \/ Mo\u017ee li Azmir Husi\u0107 sa Slobodom ponoviti uspjeh iz 2016. godine? - TuzlaInfo.ba","robots":{"index":"index","follow":"follow","max-snippet":"max-snippet:-1","max-image-preview":"max-image-preview:large","max-video-preview":"max-video-preview:-1"},"canonical":"https:\/\/tuzlainfo.ba\/index.php\/novosti\/item\/252735-video-moze-li-azmir-husic-sa-slobodom-ponoviti-uspjeh-iz-2016-godine\/","og_locale":"bs_BA","og_type":"article","og_title":"VIDEO \/ Mo\u017ee li Azmir Husi\u0107 sa Slobodom ponoviti uspjeh iz 2016. godine? - TuzlaInfo.ba","og_description":"Nedavno je Azmir Husi\u0107 imenovan za predsjednika FK Sloboda iz Tuzle koji nije ba\u0161 u&hellip;","og_url":"https:\/\/tuzlainfo.ba\/index.php\/novosti\/item\/252735-video-moze-li-azmir-husic-sa-slobodom-ponoviti-uspjeh-iz-2016-godine\/","og_site_name":"TuzlaInfo.ba","article_publisher":"https:\/\/www.facebook.com\/tuzlainfo.ba\/","article_published_time":"2024-10-15T18:49:04+00:00","og_image":[{"width":970,"height":650,"url":"https:\/\/tuzlainfo.ba\/wp-content\/uploads\/2024\/10\/1510_husic.jpg","type":"image\/jpeg"}],"author":"nedim","twitter_card":"summary_large_image","twitter_misc":{"Written by":"nedim","Est. reading time":"2 minute"},"schema":{"@context":"https:\/\/schema.org","@graph":[{"@type":"Article","@id":"https:\/\/tuzlainfo.ba\/index.php\/novosti\/item\/252735-video-moze-li-azmir-husic-sa-slobodom-ponoviti-uspjeh-iz-2016-godine\/#article","isPartOf":{"@id":"https:\/\/tuzlainfo.ba\/index.php\/novosti\/item\/252735-video-moze-li-azmir-husic-sa-slobodom-ponoviti-uspjeh-iz-2016-godine\/"},"author":{"name":"nedim","@id":"https:\/\/tuzlainfo.ba\/#\/schema\/person\/f434e20dc27ea133923aab08451b7f7f"},"headline":"VIDEO \/ Mo\u017ee li Azmir Husi\u0107 sa Slobodom ponoviti uspjeh iz 2016. godine?","datePublished":"2024-10-15T18:49:04+00:00","dateModified":"2024-10-15T18:49:04+00:00","mainEntityOfPage":{"@id":"https:\/\/tuzlainfo.ba\/index.php\/novosti\/item\/252735-video-moze-li-azmir-husic-sa-slobodom-ponoviti-uspjeh-iz-2016-godine\/"},"wordCount":328,"publisher":{"@id":"https:\/\/tuzlainfo.ba\/#organization"},"image":{"@id":"https:\/\/tuzlainfo.ba\/index.php\/novosti\/item\/252735-video-moze-li-azmir-husic-sa-slobodom-ponoviti-uspjeh-iz-2016-godine\/#primaryimage"},"thumbnailUrl":"https:\/\/tuzlainfo.ba\/wp-content\/uploads\/2024\/10\/1510_husic.jpg","keywords":["azmir husic","fk sloboda","sport"],"articleSection":["Istaknuto","Novosti"],"inLanguage":"bs-BA"},{"@type":"WebPage","@id":"https:\/\/tuzlainfo.ba\/index.php\/novosti\/item\/252735-video-moze-li-azmir-husic-sa-slobodom-ponoviti-uspjeh-iz-2016-godine\/","url":"https:\/\/tuzlainfo.ba\/index.php\/novosti\/item\/252735-video-moze-li-azmir-husic-sa-slobodom-ponoviti-uspjeh-iz-2016-godine\/","name":"VIDEO \/ Mo\u017ee li Azmir Husi\u0107 sa Slobodom ponoviti uspjeh iz 2016. godine? - TuzlaInfo.ba","isPartOf":{"@id":"https:\/\/tuzlainfo.ba\/#website"},"primaryImageOfPage":{"@id":"https:\/\/tuzlainfo.ba\/index.php\/novosti\/item\/252735-video-moze-li-azmir-husic-sa-slobodom-ponoviti-uspjeh-iz-2016-godine\/#primaryimage"},"image":{"@id":"https:\/\/tuzlainfo.ba\/index.php\/novosti\/item\/252735-video-moze-li-azmir-husic-sa-slobodom-ponoviti-uspjeh-iz-2016-godine\/#primaryimage"},"thumbnailUrl":"https:\/\/tuzlainfo.ba\/wp-content\/uploads\/2024\/10\/1510_husic.jpg","datePublished":"2024-10-15T18:49:04+00:00","dateModified":"2024-10-15T18:49:04+00:00","breadcrumb":{"@id":"https:\/\/tuzlainfo.ba\/index.php\/novosti\/item\/252735-video-moze-li-azmir-husic-sa-slobodom-ponoviti-uspjeh-iz-2016-godine\/#breadcrumb"},"inLanguage":"bs-BA","potentialAction":[{"@type":"ReadAction","target":["https:\/\/tuzlainfo.ba\/index.php\/novosti\/item\/252735-video-moze-li-azmir-husic-sa-slobodom-ponoviti-uspjeh-iz-2016-godine\/"]}]},{"@type":"ImageObject","inLanguage":"bs-BA","@id":"https:\/\/tuzlainfo.ba\/index.php\/novosti\/item\/252735-video-moze-li-azmir-husic-sa-slobodom-ponoviti-uspjeh-iz-2016-godine\/#primaryimage","url":"https:\/\/tuzlainfo.ba\/wp-content\/uploads\/2024\/10\/1510_husic.jpg","contentUrl":"https:\/\/tuzlainfo.ba\/wp-content\/uploads\/2024\/10\/1510_husic.jpg","width":970,"height":650},{"@type":"BreadcrumbList","@id":"https:\/\/tuzlainfo.ba\/index.php\/novosti\/item\/252735-video-moze-li-azmir-husic-sa-slobodom-ponoviti-uspjeh-iz-2016-godine\/#breadcrumb","itemListElement":[{"@type":"ListItem","position":1,"name":"Home","item":"https:\/\/tuzlainfo.ba\/"},{"@type":"ListItem","position":2,"name":"VIDEO \/ Mo\u017ee li Azmir Husi\u0107 sa Slobodom ponoviti uspjeh iz 2016. godine?"}]},{"@type":"WebSite","@id":"https:\/\/tuzlainfo.ba\/#website","url":"https:\/\/tuzlainfo.ba\/","name":"TuzlaInfo.ba","description":"Tuzla info, gradski informator - Tuzla na dlanu","publisher":{"@id":"https:\/\/tuzlainfo.ba\/#organization"},"potentialAction":[{"@type":"SearchAction","target":{"@type":"EntryPoint","urlTemplate":"https:\/\/tuzlainfo.ba\/?s={search_term_string}"},"query-input":{"@type":"PropertyValueSpecification","valueRequired":true,"valueName":"search_term_string"}}],"inLanguage":"bs-BA"},{"@type":"Organization","@id":"https:\/\/tuzlainfo.ba\/#organization","name":"TuzlaInfo.ba","url":"https:\/\/tuzlainfo.ba\/","logo":{"@type":"ImageObject","inLanguage":"bs-BA","@id":"https:\/\/tuzlainfo.ba\/#\/schema\/logo\/image\/","url":"https:\/\/tuzlainfo.ba\/wp-content\/uploads\/2021\/03\/logo-ver-3-1.png","contentUrl":"https:\/\/tuzlainfo.ba\/wp-content\/uploads\/2021\/03\/logo-ver-3-1.png","width":350,"height":95,"caption":"TuzlaInfo.ba"},"image":{"@id":"https:\/\/tuzlainfo.ba\/#\/schema\/logo\/image\/"},"sameAs":["https:\/\/www.facebook.com\/tuzlainfo.ba\/"]},{"@type":"Person","@id":"https:\/\/tuzlainfo.ba\/#\/schema\/person\/f434e20dc27ea133923aab08451b7f7f","name":"nedim","image":{"@type":"ImageObject","inLanguage":"bs-BA","@id":"https:\/\/tuzlainfo.ba\/#\/schema\/person\/image\/","url":"https:\/\/tuzlainfo.ba\/wp-content\/litespeed\/avatar\/aabad687af24844af817603ac1cbdc4f.jpg?ver=1776702173","contentUrl":"https:\/\/tuzlainfo.ba\/wp-content\/litespeed\/avatar\/aabad687af24844af817603ac1cbdc4f.jpg?ver=1776702173","caption":"nedim"},"description":"Tuzlainfo.ba pratite na dru\u0161tvenim mre\u017eama: Facebook, Instagram i Youtube. Svoje pri\u010de, upite i fotografije \u0161aljite na na\u0161u e-mail adresu."}]}},"_links":{"self":[{"href":"https:\/\/tuzlainfo.ba\/index.php\/wp-json\/wp\/v2\/posts\/252735"}],"collection":[{"href":"https:\/\/tuzlainfo.ba\/index.php\/wp-json\/wp\/v2\/posts"}],"about":[{"href":"https:\/\/tuzlainfo.ba\/index.php\/wp-json\/wp\/v2\/types\/post"}],"author":[{"embeddable":true,"href":"https:\/\/tuzlainfo.ba\/index.php\/wp-json\/wp\/v2\/users\/2"}],"replies":[{"embeddable":true,"href":"https:\/\/tuzlainfo.ba\/index.php\/wp-json\/wp\/v2\/comments?post=252735"}],"version-history":[{"count":1,"href":"https:\/\/tuzlainfo.ba\/index.php\/wp-json\/wp\/v2\/posts\/252735\/revisions"}],"predecessor-version":[{"id":252737,"href":"https:\/\/tuzlainfo.ba\/index.php\/wp-json\/wp\/v2\/posts\/252735\/revisions\/252737"}],"wp:featuredmedia":[{"embeddable":true,"href":"https:\/\/tuzlainfo.ba\/index.php\/wp-json\/wp\/v2\/media\/252736"}],"wp:attachment":[{"href":"https:\/\/tuzlainfo.ba\/index.php\/wp-json\/wp\/v2\/media?parent=252735"}],"wp:term":[{"taxonomy":"category","embeddable":true,"href":"https:\/\/tuzlainfo.ba\/index.php\/wp-json\/wp\/v2\/categories?post=252735"},{"taxonomy":"post_tag","embeddable":true,"href":"https:\/\/tuzlainfo.ba\/index.php\/wp-json\/wp\/v2\/tags?post=252735"}],"curies":[{"name":"wp","href":"https:\/\/api.w.org\/{rel}","templated":true}]}}