{"id":251826,"date":"2024-10-06T18:44:23","date_gmt":"2024-10-06T16:44:23","guid":{"rendered":"https:\/\/tuzlainfo.ba\/?p=251826"},"modified":"2024-10-06T18:45:20","modified_gmt":"2024-10-06T16:45:20","slug":"na-terenu-clanovi-navijacke-grupe-fukare-pomazu-ugrozenom-stanovistvu-u-jablanici","status":"publish","type":"post","link":"https:\/\/tuzlainfo.ba\/index.php\/novosti\/item\/251826-na-terenu-clanovi-navijacke-grupe-fukare-pomazu-ugrozenom-stanovistvu-u-jablanici\/","title":{"rendered":"Na terenu: \u010clanovi navija\u010dke grupe &#8220;Fukare&#8221; poma\u017eu ugro\u017eenom stanovi\u0161tvu u Jablanici"},"content":{"rendered":"<p>\u010clanovi navija\u010de grupa Fukare iz Tuzle aktivno su se uklju\u010dili u pomo\u0107i ugro\u017eenom stanovni\u0161tvu u poplavama u Jablanici.<\/p>\n<p>U petak su pokrenuli humanitarnu akciju u kojoj u svom udru\u017eenju prikupljaju namirnice, sredstva za higijenu, odje\u0107u, obu\u0107u, pokriva\u010de, posteljinu, ali i novac koji \u0107e usmjeriti porodicama koje su najvi\u0161e ugro\u017eene.<\/p>\n<p>Nekoliko \u010dlanova ove grupe jutros stiglu u\u00a0 Jablanicu gdje su se stavili na raspolaganje za pomo\u0107 ekipama koje su ve\u0107 na terenu.<\/p>\n<p>\u201cNa\u0161i momci stigli na odredi\u0161te,stavili se na raspolaganje i rade punom parom.Svaka \u010dast za ekipu.\u201d \u2013 napisali su na\u00a0<a href=\"https:\/\/www.facebook.com\/FukareTuzla87\/?locale=hr_HR\" target=\"_blank\" rel=\"noopener\">svojoj FB Stranici.<\/a><\/p>\n<p>Humanitarna akcija koji realizuju\u00a0 traje do srijede uve\u010der, a donirano se se mo\u0111e donijeti u prostorije udru\u017eenja na adresi Slatina 1. (Stari tr\u017eni centar).<\/p>\n","protected":false},"excerpt":{"rendered":"<p>\u010clanovi navija\u010de grupa Fukare iz Tuzle aktivno su se uklju\u010dili u pomo\u0107i ugro\u017eenom stanovni\u0161tvu u&hellip;<\/p>\n","protected":false},"author":2,"featured_media":251827,"comment_status":"closed","ping_status":"closed","sticky":false,"template":"","format":"standard","meta":{"_acf_changed":false,"footnotes":""},"categories":[304,12],"tags":[2741,2179,1508,11190],"acf":[],"yoast_head":"<!-- This site is optimized with the Yoast SEO plugin v23.5 - https:\/\/yoast.com\/wordpress\/plugins\/seo\/ -->\n<title>Na terenu: \u010clanovi navija\u010dke grupe &quot;Fukare&quot; poma\u017eu ugro\u017eenom stanovi\u0161tvu u Jablanici - TuzlaInfo.ba<\/title>\n<meta name=\"robots\" content=\"index, follow, max-snippet:-1, max-image-preview:large, max-video-preview:-1\" \/>\n<link rel=\"canonical\" href=\"https:\/\/tuzlainfo.ba\/index.php\/novosti\/item\/251826-na-terenu-clanovi-navijacke-grupe-fukare-pomazu-ugrozenom-stanovistvu-u-jablanici\/\" \/>\n<meta property=\"og:locale\" content=\"bs_BA\" \/>\n<meta property=\"og:type\" content=\"article\" \/>\n<meta property=\"og:title\" content=\"Na terenu: \u010clanovi navija\u010dke grupe &quot;Fukare&quot; poma\u017eu ugro\u017eenom stanovi\u0161tvu u Jablanici - TuzlaInfo.ba\" \/>\n<meta property=\"og:description\" content=\"\u010clanovi navija\u010de grupa Fukare iz Tuzle aktivno su se uklju\u010dili u pomo\u0107i ugro\u017eenom stanovni\u0161tvu u&hellip;\" \/>\n<meta property=\"og:url\" content=\"https:\/\/tuzlainfo.ba\/index.php\/novosti\/item\/251826-na-terenu-clanovi-navijacke-grupe-fukare-pomazu-ugrozenom-stanovistvu-u-jablanici\/\" \/>\n<meta property=\"og:site_name\" content=\"TuzlaInfo.ba\" \/>\n<meta property=\"article:publisher\" content=\"https:\/\/www.facebook.com\/tuzlainfo.ba\/\" \/>\n<meta property=\"article:published_time\" content=\"2024-10-06T16:44:23+00:00\" \/>\n<meta property=\"article:modified_time\" content=\"2024-10-06T16:45:20+00:00\" \/>\n<meta property=\"og:image\" content=\"https:\/\/tuzlainfo.ba\/wp-content\/uploads\/2024\/10\/0610_fukare.jpg\" \/>\n\t<meta property=\"og:image:width\" content=\"1000\" \/>\n\t<meta property=\"og:image:height\" content=\"648\" \/>\n\t<meta property=\"og:image:type\" content=\"image\/jpeg\" \/>\n<meta name=\"author\" content=\"nedim\" \/>\n<meta name=\"twitter:card\" content=\"summary_large_image\" \/>\n<meta name=\"twitter:label1\" content=\"Written by\" \/>\n\t<meta name=\"twitter:data1\" content=\"nedim\" \/>\n\t<meta name=\"twitter:label2\" content=\"Est. reading time\" \/>\n\t<meta name=\"twitter:data2\" content=\"1 minuta\" \/>\n<script type=\"application\/ld+json\" class=\"yoast-schema-graph\">{\"@context\":\"https:\/\/schema.org\",\"@graph\":[{\"@type\":\"Article\",\"@id\":\"https:\/\/tuzlainfo.ba\/index.php\/novosti\/item\/251826-na-terenu-clanovi-navijacke-grupe-fukare-pomazu-ugrozenom-stanovistvu-u-jablanici\/#article\",\"isPartOf\":{\"@id\":\"https:\/\/tuzlainfo.ba\/index.php\/novosti\/item\/251826-na-terenu-clanovi-navijacke-grupe-fukare-pomazu-ugrozenom-stanovistvu-u-jablanici\/\"},\"author\":{\"name\":\"nedim\",\"@id\":\"https:\/\/tuzlainfo.ba\/#\/schema\/person\/f434e20dc27ea133923aab08451b7f7f\"},\"headline\":\"Na terenu: \u010clanovi navija\u010dke grupe &#8220;Fukare&#8221; poma\u017eu ugro\u017eenom stanovi\u0161tvu u Jablanici\",\"datePublished\":\"2024-10-06T16:44:23+00:00\",\"dateModified\":\"2024-10-06T16:45:20+00:00\",\"mainEntityOfPage\":{\"@id\":\"https:\/\/tuzlainfo.ba\/index.php\/novosti\/item\/251826-na-terenu-clanovi-navijacke-grupe-fukare-pomazu-ugrozenom-stanovistvu-u-jablanici\/\"},\"wordCount\":149,\"publisher\":{\"@id\":\"https:\/\/tuzlainfo.ba\/#organization\"},\"image\":{\"@id\":\"https:\/\/tuzlainfo.ba\/index.php\/novosti\/item\/251826-na-terenu-clanovi-navijacke-grupe-fukare-pomazu-ugrozenom-stanovistvu-u-jablanici\/#primaryimage\"},\"thumbnailUrl\":\"https:\/\/tuzlainfo.ba\/wp-content\/uploads\/2024\/10\/0610_fukare.jpg\",\"keywords\":[\"fukare\",\"jablanica\",\"poplave\",\"poplave 2024\"],\"articleSection\":[\"Istaknuto\",\"Novosti\"],\"inLanguage\":\"bs-BA\"},{\"@type\":\"WebPage\",\"@id\":\"https:\/\/tuzlainfo.ba\/index.php\/novosti\/item\/251826-na-terenu-clanovi-navijacke-grupe-fukare-pomazu-ugrozenom-stanovistvu-u-jablanici\/\",\"url\":\"https:\/\/tuzlainfo.ba\/index.php\/novosti\/item\/251826-na-terenu-clanovi-navijacke-grupe-fukare-pomazu-ugrozenom-stanovistvu-u-jablanici\/\",\"name\":\"Na terenu: \u010clanovi navija\u010dke grupe \\\"Fukare\\\" poma\u017eu ugro\u017eenom stanovi\u0161tvu u Jablanici - TuzlaInfo.ba\",\"isPartOf\":{\"@id\":\"https:\/\/tuzlainfo.ba\/#website\"},\"primaryImageOfPage\":{\"@id\":\"https:\/\/tuzlainfo.ba\/index.php\/novosti\/item\/251826-na-terenu-clanovi-navijacke-grupe-fukare-pomazu-ugrozenom-stanovistvu-u-jablanici\/#primaryimage\"},\"image\":{\"@id\":\"https:\/\/tuzlainfo.ba\/index.php\/novosti\/item\/251826-na-terenu-clanovi-navijacke-grupe-fukare-pomazu-ugrozenom-stanovistvu-u-jablanici\/#primaryimage\"},\"thumbnailUrl\":\"https:\/\/tuzlainfo.ba\/wp-content\/uploads\/2024\/10\/0610_fukare.jpg\",\"datePublished\":\"2024-10-06T16:44:23+00:00\",\"dateModified\":\"2024-10-06T16:45:20+00:00\",\"breadcrumb\":{\"@id\":\"https:\/\/tuzlainfo.ba\/index.php\/novosti\/item\/251826-na-terenu-clanovi-navijacke-grupe-fukare-pomazu-ugrozenom-stanovistvu-u-jablanici\/#breadcrumb\"},\"inLanguage\":\"bs-BA\",\"potentialAction\":[{\"@type\":\"ReadAction\",\"target\":[\"https:\/\/tuzlainfo.ba\/index.php\/novosti\/item\/251826-na-terenu-clanovi-navijacke-grupe-fukare-pomazu-ugrozenom-stanovistvu-u-jablanici\/\"]}]},{\"@type\":\"ImageObject\",\"inLanguage\":\"bs-BA\",\"@id\":\"https:\/\/tuzlainfo.ba\/index.php\/novosti\/item\/251826-na-terenu-clanovi-navijacke-grupe-fukare-pomazu-ugrozenom-stanovistvu-u-jablanici\/#primaryimage\",\"url\":\"https:\/\/tuzlainfo.ba\/wp-content\/uploads\/2024\/10\/0610_fukare.jpg\",\"contentUrl\":\"https:\/\/tuzlainfo.ba\/wp-content\/uploads\/2024\/10\/0610_fukare.jpg\",\"width\":1000,\"height\":648},{\"@type\":\"BreadcrumbList\",\"@id\":\"https:\/\/tuzlainfo.ba\/index.php\/novosti\/item\/251826-na-terenu-clanovi-navijacke-grupe-fukare-pomazu-ugrozenom-stanovistvu-u-jablanici\/#breadcrumb\",\"itemListElement\":[{\"@type\":\"ListItem\",\"position\":1,\"name\":\"Home\",\"item\":\"https:\/\/tuzlainfo.ba\/\"},{\"@type\":\"ListItem\",\"position\":2,\"name\":\"Na terenu: \u010clanovi navija\u010dke grupe &#8220;Fukare&#8221; poma\u017eu ugro\u017eenom stanovi\u0161tvu u Jablanici\"}]},{\"@type\":\"WebSite\",\"@id\":\"https:\/\/tuzlainfo.ba\/#website\",\"url\":\"https:\/\/tuzlainfo.ba\/\",\"name\":\"TuzlaInfo.ba\",\"description\":\"Tuzla info, gradski informator - Tuzla na dlanu\",\"publisher\":{\"@id\":\"https:\/\/tuzlainfo.ba\/#organization\"},\"potentialAction\":[{\"@type\":\"SearchAction\",\"target\":{\"@type\":\"EntryPoint\",\"urlTemplate\":\"https:\/\/tuzlainfo.ba\/?s={search_term_string}\"},\"query-input\":{\"@type\":\"PropertyValueSpecification\",\"valueRequired\":true,\"valueName\":\"search_term_string\"}}],\"inLanguage\":\"bs-BA\"},{\"@type\":\"Organization\",\"@id\":\"https:\/\/tuzlainfo.ba\/#organization\",\"name\":\"TuzlaInfo.ba\",\"url\":\"https:\/\/tuzlainfo.ba\/\",\"logo\":{\"@type\":\"ImageObject\",\"inLanguage\":\"bs-BA\",\"@id\":\"https:\/\/tuzlainfo.ba\/#\/schema\/logo\/image\/\",\"url\":\"https:\/\/tuzlainfo.ba\/wp-content\/uploads\/2021\/03\/logo-ver-3-1.png\",\"contentUrl\":\"https:\/\/tuzlainfo.ba\/wp-content\/uploads\/2021\/03\/logo-ver-3-1.png\",\"width\":350,\"height\":95,\"caption\":\"TuzlaInfo.ba\"},\"image\":{\"@id\":\"https:\/\/tuzlainfo.ba\/#\/schema\/logo\/image\/\"},\"sameAs\":[\"https:\/\/www.facebook.com\/tuzlainfo.ba\/\"]},{\"@type\":\"Person\",\"@id\":\"https:\/\/tuzlainfo.ba\/#\/schema\/person\/f434e20dc27ea133923aab08451b7f7f\",\"name\":\"nedim\",\"image\":{\"@type\":\"ImageObject\",\"inLanguage\":\"bs-BA\",\"@id\":\"https:\/\/tuzlainfo.ba\/#\/schema\/person\/image\/\",\"url\":\"https:\/\/tuzlainfo.ba\/wp-content\/litespeed\/avatar\/aabad687af24844af817603ac1cbdc4f.jpg?ver=1776702173\",\"contentUrl\":\"https:\/\/tuzlainfo.ba\/wp-content\/litespeed\/avatar\/aabad687af24844af817603ac1cbdc4f.jpg?ver=1776702173\",\"caption\":\"nedim\"},\"description\":\"Tuzlainfo.ba pratite na dru\u0161tvenim mre\u017eama: Facebook, Instagram i Youtube. Svoje pri\u010de, upite i fotografije \u0161aljite na na\u0161u e-mail adresu.\"}]}<\/script>\n<!-- \/ Yoast SEO plugin. -->","yoast_head_json":{"title":"Na terenu: \u010clanovi navija\u010dke grupe \"Fukare\" poma\u017eu ugro\u017eenom stanovi\u0161tvu u Jablanici - TuzlaInfo.ba","robots":{"index":"index","follow":"follow","max-snippet":"max-snippet:-1","max-image-preview":"max-image-preview:large","max-video-preview":"max-video-preview:-1"},"canonical":"https:\/\/tuzlainfo.ba\/index.php\/novosti\/item\/251826-na-terenu-clanovi-navijacke-grupe-fukare-pomazu-ugrozenom-stanovistvu-u-jablanici\/","og_locale":"bs_BA","og_type":"article","og_title":"Na terenu: \u010clanovi navija\u010dke grupe \"Fukare\" poma\u017eu ugro\u017eenom stanovi\u0161tvu u Jablanici - TuzlaInfo.ba","og_description":"\u010clanovi navija\u010de grupa Fukare iz Tuzle aktivno su se uklju\u010dili u pomo\u0107i ugro\u017eenom stanovni\u0161tvu u&hellip;","og_url":"https:\/\/tuzlainfo.ba\/index.php\/novosti\/item\/251826-na-terenu-clanovi-navijacke-grupe-fukare-pomazu-ugrozenom-stanovistvu-u-jablanici\/","og_site_name":"TuzlaInfo.ba","article_publisher":"https:\/\/www.facebook.com\/tuzlainfo.ba\/","article_published_time":"2024-10-06T16:44:23+00:00","article_modified_time":"2024-10-06T16:45:20+00:00","og_image":[{"width":1000,"height":648,"url":"https:\/\/tuzlainfo.ba\/wp-content\/uploads\/2024\/10\/0610_fukare.jpg","type":"image\/jpeg"}],"author":"nedim","twitter_card":"summary_large_image","twitter_misc":{"Written by":"nedim","Est. reading time":"1 minuta"},"schema":{"@context":"https:\/\/schema.org","@graph":[{"@type":"Article","@id":"https:\/\/tuzlainfo.ba\/index.php\/novosti\/item\/251826-na-terenu-clanovi-navijacke-grupe-fukare-pomazu-ugrozenom-stanovistvu-u-jablanici\/#article","isPartOf":{"@id":"https:\/\/tuzlainfo.ba\/index.php\/novosti\/item\/251826-na-terenu-clanovi-navijacke-grupe-fukare-pomazu-ugrozenom-stanovistvu-u-jablanici\/"},"author":{"name":"nedim","@id":"https:\/\/tuzlainfo.ba\/#\/schema\/person\/f434e20dc27ea133923aab08451b7f7f"},"headline":"Na terenu: \u010clanovi navija\u010dke grupe &#8220;Fukare&#8221; poma\u017eu ugro\u017eenom stanovi\u0161tvu u Jablanici","datePublished":"2024-10-06T16:44:23+00:00","dateModified":"2024-10-06T16:45:20+00:00","mainEntityOfPage":{"@id":"https:\/\/tuzlainfo.ba\/index.php\/novosti\/item\/251826-na-terenu-clanovi-navijacke-grupe-fukare-pomazu-ugrozenom-stanovistvu-u-jablanici\/"},"wordCount":149,"publisher":{"@id":"https:\/\/tuzlainfo.ba\/#organization"},"image":{"@id":"https:\/\/tuzlainfo.ba\/index.php\/novosti\/item\/251826-na-terenu-clanovi-navijacke-grupe-fukare-pomazu-ugrozenom-stanovistvu-u-jablanici\/#primaryimage"},"thumbnailUrl":"https:\/\/tuzlainfo.ba\/wp-content\/uploads\/2024\/10\/0610_fukare.jpg","keywords":["fukare","jablanica","poplave","poplave 2024"],"articleSection":["Istaknuto","Novosti"],"inLanguage":"bs-BA"},{"@type":"WebPage","@id":"https:\/\/tuzlainfo.ba\/index.php\/novosti\/item\/251826-na-terenu-clanovi-navijacke-grupe-fukare-pomazu-ugrozenom-stanovistvu-u-jablanici\/","url":"https:\/\/tuzlainfo.ba\/index.php\/novosti\/item\/251826-na-terenu-clanovi-navijacke-grupe-fukare-pomazu-ugrozenom-stanovistvu-u-jablanici\/","name":"Na terenu: \u010clanovi navija\u010dke grupe \"Fukare\" poma\u017eu ugro\u017eenom stanovi\u0161tvu u Jablanici - TuzlaInfo.ba","isPartOf":{"@id":"https:\/\/tuzlainfo.ba\/#website"},"primaryImageOfPage":{"@id":"https:\/\/tuzlainfo.ba\/index.php\/novosti\/item\/251826-na-terenu-clanovi-navijacke-grupe-fukare-pomazu-ugrozenom-stanovistvu-u-jablanici\/#primaryimage"},"image":{"@id":"https:\/\/tuzlainfo.ba\/index.php\/novosti\/item\/251826-na-terenu-clanovi-navijacke-grupe-fukare-pomazu-ugrozenom-stanovistvu-u-jablanici\/#primaryimage"},"thumbnailUrl":"https:\/\/tuzlainfo.ba\/wp-content\/uploads\/2024\/10\/0610_fukare.jpg","datePublished":"2024-10-06T16:44:23+00:00","dateModified":"2024-10-06T16:45:20+00:00","breadcrumb":{"@id":"https:\/\/tuzlainfo.ba\/index.php\/novosti\/item\/251826-na-terenu-clanovi-navijacke-grupe-fukare-pomazu-ugrozenom-stanovistvu-u-jablanici\/#breadcrumb"},"inLanguage":"bs-BA","potentialAction":[{"@type":"ReadAction","target":["https:\/\/tuzlainfo.ba\/index.php\/novosti\/item\/251826-na-terenu-clanovi-navijacke-grupe-fukare-pomazu-ugrozenom-stanovistvu-u-jablanici\/"]}]},{"@type":"ImageObject","inLanguage":"bs-BA","@id":"https:\/\/tuzlainfo.ba\/index.php\/novosti\/item\/251826-na-terenu-clanovi-navijacke-grupe-fukare-pomazu-ugrozenom-stanovistvu-u-jablanici\/#primaryimage","url":"https:\/\/tuzlainfo.ba\/wp-content\/uploads\/2024\/10\/0610_fukare.jpg","contentUrl":"https:\/\/tuzlainfo.ba\/wp-content\/uploads\/2024\/10\/0610_fukare.jpg","width":1000,"height":648},{"@type":"BreadcrumbList","@id":"https:\/\/tuzlainfo.ba\/index.php\/novosti\/item\/251826-na-terenu-clanovi-navijacke-grupe-fukare-pomazu-ugrozenom-stanovistvu-u-jablanici\/#breadcrumb","itemListElement":[{"@type":"ListItem","position":1,"name":"Home","item":"https:\/\/tuzlainfo.ba\/"},{"@type":"ListItem","position":2,"name":"Na terenu: \u010clanovi navija\u010dke grupe &#8220;Fukare&#8221; poma\u017eu ugro\u017eenom stanovi\u0161tvu u Jablanici"}]},{"@type":"WebSite","@id":"https:\/\/tuzlainfo.ba\/#website","url":"https:\/\/tuzlainfo.ba\/","name":"TuzlaInfo.ba","description":"Tuzla info, gradski informator - Tuzla na dlanu","publisher":{"@id":"https:\/\/tuzlainfo.ba\/#organization"},"potentialAction":[{"@type":"SearchAction","target":{"@type":"EntryPoint","urlTemplate":"https:\/\/tuzlainfo.ba\/?s={search_term_string}"},"query-input":{"@type":"PropertyValueSpecification","valueRequired":true,"valueName":"search_term_string"}}],"inLanguage":"bs-BA"},{"@type":"Organization","@id":"https:\/\/tuzlainfo.ba\/#organization","name":"TuzlaInfo.ba","url":"https:\/\/tuzlainfo.ba\/","logo":{"@type":"ImageObject","inLanguage":"bs-BA","@id":"https:\/\/tuzlainfo.ba\/#\/schema\/logo\/image\/","url":"https:\/\/tuzlainfo.ba\/wp-content\/uploads\/2021\/03\/logo-ver-3-1.png","contentUrl":"https:\/\/tuzlainfo.ba\/wp-content\/uploads\/2021\/03\/logo-ver-3-1.png","width":350,"height":95,"caption":"TuzlaInfo.ba"},"image":{"@id":"https:\/\/tuzlainfo.ba\/#\/schema\/logo\/image\/"},"sameAs":["https:\/\/www.facebook.com\/tuzlainfo.ba\/"]},{"@type":"Person","@id":"https:\/\/tuzlainfo.ba\/#\/schema\/person\/f434e20dc27ea133923aab08451b7f7f","name":"nedim","image":{"@type":"ImageObject","inLanguage":"bs-BA","@id":"https:\/\/tuzlainfo.ba\/#\/schema\/person\/image\/","url":"https:\/\/tuzlainfo.ba\/wp-content\/litespeed\/avatar\/aabad687af24844af817603ac1cbdc4f.jpg?ver=1776702173","contentUrl":"https:\/\/tuzlainfo.ba\/wp-content\/litespeed\/avatar\/aabad687af24844af817603ac1cbdc4f.jpg?ver=1776702173","caption":"nedim"},"description":"Tuzlainfo.ba pratite na dru\u0161tvenim mre\u017eama: Facebook, Instagram i Youtube. Svoje pri\u010de, upite i fotografije \u0161aljite na na\u0161u e-mail adresu."}]}},"_links":{"self":[{"href":"https:\/\/tuzlainfo.ba\/index.php\/wp-json\/wp\/v2\/posts\/251826"}],"collection":[{"href":"https:\/\/tuzlainfo.ba\/index.php\/wp-json\/wp\/v2\/posts"}],"about":[{"href":"https:\/\/tuzlainfo.ba\/index.php\/wp-json\/wp\/v2\/types\/post"}],"author":[{"embeddable":true,"href":"https:\/\/tuzlainfo.ba\/index.php\/wp-json\/wp\/v2\/users\/2"}],"replies":[{"embeddable":true,"href":"https:\/\/tuzlainfo.ba\/index.php\/wp-json\/wp\/v2\/comments?post=251826"}],"version-history":[{"count":2,"href":"https:\/\/tuzlainfo.ba\/index.php\/wp-json\/wp\/v2\/posts\/251826\/revisions"}],"predecessor-version":[{"id":251829,"href":"https:\/\/tuzlainfo.ba\/index.php\/wp-json\/wp\/v2\/posts\/251826\/revisions\/251829"}],"wp:featuredmedia":[{"embeddable":true,"href":"https:\/\/tuzlainfo.ba\/index.php\/wp-json\/wp\/v2\/media\/251827"}],"wp:attachment":[{"href":"https:\/\/tuzlainfo.ba\/index.php\/wp-json\/wp\/v2\/media?parent=251826"}],"wp:term":[{"taxonomy":"category","embeddable":true,"href":"https:\/\/tuzlainfo.ba\/index.php\/wp-json\/wp\/v2\/categories?post=251826"},{"taxonomy":"post_tag","embeddable":true,"href":"https:\/\/tuzlainfo.ba\/index.php\/wp-json\/wp\/v2\/tags?post=251826"}],"curies":[{"name":"wp","href":"https:\/\/api.w.org\/{rel}","templated":true}]}}